{"id":22573,"date":"2022-02-28T23:00:00","date_gmt":"2022-02-28T22:00:00","guid":{"rendered":"https:\/\/hijascaridad.sjdigitaldemo.ovh\/69742\/"},"modified":"2024-03-17T16:51:20","modified_gmt":"2024-03-17T15:51:20","slug":"69742","status":"publish","type":"post","link":"https:\/\/filles-de-la-charite.org\/fr\/69742\/","title":{"rendered":"Cons\u00e9cration de la chapelle de la maison de retraite \u00e0 Tarn\u00f3w, Province de Cracovie, Pologne"},"content":{"rendered":"\n<p>La mission des Filles de la Charit\u00e9 qui ont accueilli de tout leur coeur l'appel de J\u00e9sus-Christ \u00e0 aimer Dieu et son prochain, n'est pas seulement pour aider \u00e0 assurer une vie digne \u00e0 nos fr\u00e8res et s\u0153urs dans le besoin, mais aussi, surtout, de veiller \u00e0 leur saintet\u00e9. et leur relation personnelle avec Dieu.<\/p>\n\n\n\n<p>La saintet\u00e9 est une r\u00e9ponse \u00e0 l'appel de Dieu,\u00e0&nbsp; la Parole de Dieu. Alors que chacun est personnellement appel\u00e9 \u00e0 apporter cette r\u00e9ponse, les conditions ext\u00e9rieures sont d'une grande importance. La beaut\u00e9 est la pr\u00e9sence de Dieu et elle touche tout le monde, pas seulement ceux qui sont intellectuellement capables. Ainsi, en voyant les difficult\u00e9s pos\u00e9es par l\u2019exiguit\u00e9 de notre chapelle, nous avons d\u00e9cid\u00e9 de tout mettre en \u0153uvre pour y r\u00e9m\u00e9dier.<\/p>\n\n\n\n<p>Notre d\u00e9sir \u00e9tait d'atteindre l'harmonie et l\u2019espace qui aideraient \u00e0 apporter paix et tranquillit\u00e9 int\u00e9rieure. Une de nos r\u00e9sidentes a demand\u00e9 : \u00ab S\u0153ur, fais-nous un paradis. Et, il semble que la demande ait \u00e9t\u00e9 dans une certaine mesure satisfaite \"pour la gloire de Dieu et le b\u00e9n\u00e9fice du peuple\". La <strong>nouvelle chapelle<\/strong> a \u00e9t\u00e9 consacr\u00e9e le 20 janvier 2022 par Son Excellence Mgr Stanis\u0142aw Salaterski en pr\u00e9sence d'invit\u00e9s.<\/p>\n\n\n\n<figure class=\"wp-block-gallery columns-2 is-cropped wp-block-gallery-1 is-layout-flex wp-block-gallery-is-layout-flex\"><ul class=\"blocks-gallery-grid\"><li class=\"blocks-gallery-item\"><figure><img decoding=\"async\" src=\"https:\/\/filles-de-la-charite.org\/wp-content\/uploads\/2023\/06\/1-1024x490-1.jpg\" alt=\"\" data-id=\"69727\" data-full-url=\"https:\/\/www.filles-de-la-charite.org\/wp-content\/uploads\/news\/March 2022\/PL\/1.jpg\" data-link=\"https:\/\/www.filles-de-la-charite.org\/1-23\/\" class=\"wp-image-69727\"\/><\/figure><\/li><li class=\"blocks-gallery-item\"><figure><img decoding=\"async\" src=\"https:\/\/filles-de-la-charite.org\/wp-content\/uploads\/2023\/06\/2-8.jpg\" alt=\"\" data-id=\"69726\" data-full-url=\"https:\/\/filles-de-la-charite.org\/wp-content\/uploads\/2023\/06\/2-8.jpg\" data-link=\"https:\/\/www.filles-de-la-charite.org\/2-35\/\" class=\"wp-image-69726\"\/><\/figure><\/li><li class=\"blocks-gallery-item\"><figure><img decoding=\"async\" src=\"https:\/\/filles-de-la-charite.org\/wp-content\/uploads\/2023\/06\/3-9.jpg\" alt=\"\" data-id=\"69725\" data-full-url=\"https:\/\/filles-de-la-charite.org\/wp-content\/uploads\/2023\/06\/3-9.jpg\" data-link=\"https:\/\/www.filles-de-la-charite.org\/3-27\/\" class=\"wp-image-69725\"\/><\/figure><\/li><li class=\"blocks-gallery-item\"><figure><img decoding=\"async\" src=\"https:\/\/filles-de-la-charite.org\/wp-content\/uploads\/2023\/06\/4-1024x490-1.jpg\" alt=\"\" data-id=\"69724\" data-full-url=\"https:\/\/www.filles-de-la-charite.org\/wp-content\/uploads\/news\/March 2022\/PL\/4.jpg\" data-link=\"https:\/\/www.filles-de-la-charite.org\/4-33\/\" class=\"wp-image-69724\"\/><\/figure><\/li><li class=\"blocks-gallery-item\"><figure><img decoding=\"async\" src=\"https:\/\/filles-de-la-charite.org\/wp-content\/uploads\/2023\/06\/5-7.jpg\" alt=\"\" data-id=\"69723\" data-full-url=\"https:\/\/filles-de-la-charite.org\/wp-content\/uploads\/2023\/06\/5-7.jpg\" data-link=\"https:\/\/www.filles-de-la-charite.org\/5-30\/\" class=\"wp-image-69723\"\/><\/figure><\/li><li class=\"blocks-gallery-item\"><figure><img decoding=\"async\" src=\"https:\/\/filles-de-la-charite.org\/wp-content\/uploads\/2023\/06\/6-1.jpg\" alt=\"\" data-id=\"69722\" data-full-url=\"https:\/\/filles-de-la-charite.org\/wp-content\/uploads\/2023\/06\/6-1.jpg\" data-link=\"https:\/\/www.filles-de-la-charite.org\/6-19\/\" class=\"wp-image-69722\"\/><\/figure><\/li><\/ul><\/figure>\n\n\n\n<p>Cette belle chapelle a \u00e9t\u00e9 rendue possible gr\u00e2ce \u00e0 la g\u00e9n\u00e9rosit\u00e9 de nombreuses personnes qui nous ont aid\u00e9s \u00e0 r\u00e9aliser ce travail. Nous remercions nos bienfaiteurs qui ont \u00e9t\u00e9 des instruments de la Providence de Dieu.<\/p>\n\n\n\n<figure class=\"wp-block-image size-large\"><img decoding=\"async\" src=\"https:\/\/filles-de-la-charite.org\/wp-content\/uploads\/2023\/06\/7-1024x282-1.jpg\" alt=\"\" class=\"wp-image-69721\"\/><\/figure>\n\n\n\n<p>Nous remercions chacun pour ce don qui est en r\u00e9alit\u00e9 pri\u00e8re, adoration et sanctification personnelle.<\/p>\n\n\n\n<p>Sr. Joanna Sutowicz, Fdlc<\/p>\n","protected":false},"excerpt":{"rendered":"<p>La mission des Filles de la Charit\u00e9 qui ont accueilli de tout leur coeur l&rsquo;appel de J\u00e9sus-Christ \u00e0 aimer Dieu et son prochain, n&rsquo;est pas seulement pour aider \u00e0 assurer une vie digne \u00e0 nos fr\u00e8res et s\u0153urs dans le besoin, mais aussi, surtout, de veiller \u00e0 leur saintet\u00e9. et leur relation personnelle avec Dieu. [&hellip;]<\/p>\n","protected":false},"author":1,"featured_media":16349,"comment_status":"closed","ping_status":"closed","sticky":false,"template":"","format":"standard","meta":{"_acf_changed":false,"footnotes":"","_links_to":"","_links_to_target":""},"categories":[735],"tags":[],"class_list":["post-22573","post","type-post","status-publish","format-standard","has-post-thumbnail","hentry","category-cracovia-fr"],"acf":[],"yoast_head":"<!-- This site is optimized with the Yoast SEO plugin v27.5 - https:\/\/yoast.com\/product\/yoast-seo-wordpress\/ -->\n<title>Cons\u00e9cration de la chapelle de la maison de retraite \u00e0 Tarn\u00f3w, Province de Cracovie, Pologne - Filles de la Charit\u00e9<\/title>\n<meta name=\"robots\" content=\"index, follow, max-snippet:-1, max-image-preview:large, max-video-preview:-1\" \/>\n<link rel=\"canonical\" href=\"https:\/\/filles-de-la-charite.org\/fr\/69742\/\" \/>\n<meta property=\"og:locale\" content=\"fr_FR\" \/>\n<meta property=\"og:type\" content=\"article\" \/>\n<meta property=\"og:title\" content=\"Cons\u00e9cration de la chapelle de la maison de retraite \u00e0 Tarn\u00f3w, Province de Cracovie, Pologne - Filles de la Charit\u00e9\" \/>\n<meta property=\"og:description\" content=\"La mission des Filles de la Charit\u00e9 qui ont accueilli de tout leur coeur l&rsquo;appel de J\u00e9sus-Christ \u00e0 aimer Dieu et son prochain, n&rsquo;est pas seulement pour aider \u00e0 assurer une vie digne \u00e0 nos fr\u00e8res et s\u0153urs dans le besoin, mais aussi, surtout, de veiller \u00e0 leur saintet\u00e9. et leur relation personnelle avec Dieu. [&hellip;]\" \/>\n<meta property=\"og:url\" content=\"https:\/\/filles-de-la-charite.org\/fr\/69742\/\" \/>\n<meta property=\"og:site_name\" content=\"Filles de la Charit\u00e9\" \/>\n<meta property=\"article:published_time\" content=\"2022-02-28T22:00:00+00:00\" \/>\n<meta property=\"article:modified_time\" content=\"2024-03-17T15:51:20+00:00\" \/>\n<meta property=\"og:image\" content=\"https:\/\/filles-de-la-charite.org\/wp-content\/uploads\/2023\/06\/front-page3-scaled-1.jpg\" \/>\n\t<meta property=\"og:image:width\" content=\"2560\" \/>\n\t<meta property=\"og:image:height\" content=\"1440\" \/>\n\t<meta property=\"og:image:type\" content=\"image\/jpeg\" \/>\n<meta name=\"author\" content=\"admin\" \/>\n<meta name=\"twitter:card\" content=\"summary_large_image\" \/>\n<meta name=\"twitter:label1\" content=\"\u00c9crit par\" \/>\n\t<meta name=\"twitter:data1\" content=\"admin\" \/>\n\t<meta name=\"twitter:label2\" content=\"Dur\u00e9e de lecture estim\u00e9e\" \/>\n\t<meta name=\"twitter:data2\" content=\"3 minutes\" \/>\n<script type=\"application\/ld+json\" class=\"yoast-schema-graph\">{\"@context\":\"https:\\\/\\\/schema.org\",\"@graph\":[{\"@type\":\"Article\",\"@id\":\"https:\\\/\\\/filles-de-la-charite.org\\\/fr\\\/69742\\\/#article\",\"isPartOf\":{\"@id\":\"https:\\\/\\\/filles-de-la-charite.org\\\/fr\\\/69742\\\/\"},\"author\":{\"name\":\"admin\",\"@id\":\"https:\\\/\\\/filles-de-la-charite.org\\\/fr\\\/#\\\/schema\\\/person\\\/427567b2eccfc2dd7d206da186a1f438\"},\"headline\":\"Cons\u00e9cration de la chapelle de la maison de retraite \u00e0 Tarn\u00f3w, Province de Cracovie, Pologne\",\"datePublished\":\"2022-02-28T22:00:00+00:00\",\"dateModified\":\"2024-03-17T15:51:20+00:00\",\"mainEntityOfPage\":{\"@id\":\"https:\\\/\\\/filles-de-la-charite.org\\\/fr\\\/69742\\\/\"},\"wordCount\":293,\"publisher\":{\"@id\":\"https:\\\/\\\/filles-de-la-charite.org\\\/fr\\\/#organization\"},\"image\":{\"@id\":\"https:\\\/\\\/filles-de-la-charite.org\\\/fr\\\/69742\\\/#primaryimage\"},\"thumbnailUrl\":\"https:\\\/\\\/filles-de-la-charite.org\\\/wp-content\\\/uploads\\\/2023\\\/06\\\/front-page3-scaled-1.jpg\",\"articleSection\":[\"Cracovie\"],\"inLanguage\":\"fr-FR\"},{\"@type\":\"WebPage\",\"@id\":\"https:\\\/\\\/filles-de-la-charite.org\\\/fr\\\/69742\\\/\",\"url\":\"https:\\\/\\\/filles-de-la-charite.org\\\/fr\\\/69742\\\/\",\"name\":\"Cons\u00e9cration de la chapelle de la maison de retraite \u00e0 Tarn\u00f3w, Province de Cracovie, Pologne - Filles de la Charit\u00e9\",\"isPartOf\":{\"@id\":\"https:\\\/\\\/filles-de-la-charite.org\\\/fr\\\/#website\"},\"primaryImageOfPage\":{\"@id\":\"https:\\\/\\\/filles-de-la-charite.org\\\/fr\\\/69742\\\/#primaryimage\"},\"image\":{\"@id\":\"https:\\\/\\\/filles-de-la-charite.org\\\/fr\\\/69742\\\/#primaryimage\"},\"thumbnailUrl\":\"https:\\\/\\\/filles-de-la-charite.org\\\/wp-content\\\/uploads\\\/2023\\\/06\\\/front-page3-scaled-1.jpg\",\"datePublished\":\"2022-02-28T22:00:00+00:00\",\"dateModified\":\"2024-03-17T15:51:20+00:00\",\"breadcrumb\":{\"@id\":\"https:\\\/\\\/filles-de-la-charite.org\\\/fr\\\/69742\\\/#breadcrumb\"},\"inLanguage\":\"fr-FR\",\"potentialAction\":[{\"@type\":\"ReadAction\",\"target\":[\"https:\\\/\\\/filles-de-la-charite.org\\\/fr\\\/69742\\\/\"]}]},{\"@type\":\"ImageObject\",\"inLanguage\":\"fr-FR\",\"@id\":\"https:\\\/\\\/filles-de-la-charite.org\\\/fr\\\/69742\\\/#primaryimage\",\"url\":\"https:\\\/\\\/filles-de-la-charite.org\\\/wp-content\\\/uploads\\\/2023\\\/06\\\/front-page3-scaled-1.jpg\",\"contentUrl\":\"https:\\\/\\\/filles-de-la-charite.org\\\/wp-content\\\/uploads\\\/2023\\\/06\\\/front-page3-scaled-1.jpg\",\"width\":2560,\"height\":1440},{\"@type\":\"BreadcrumbList\",\"@id\":\"https:\\\/\\\/filles-de-la-charite.org\\\/fr\\\/69742\\\/#breadcrumb\",\"itemListElement\":[{\"@type\":\"ListItem\",\"position\":1,\"name\":\"Cracovie\",\"item\":\"https:\\\/\\\/filles-de-la-charite.org\\\/fr\\\/category\\\/cracovia-fr\\\/\"},{\"@type\":\"ListItem\",\"position\":2,\"name\":\"Cons\u00e9cration de la chapelle de la maison de retraite \u00e0 Tarn\u00f3w, Province de Cracovie, Pologne\"}]},{\"@type\":\"WebSite\",\"@id\":\"https:\\\/\\\/filles-de-la-charite.org\\\/fr\\\/#website\",\"url\":\"https:\\\/\\\/filles-de-la-charite.org\\\/fr\\\/\",\"name\":\"Hijas de la Caridad\",\"description\":\"L\u2019amour de J\u00e9sus nous presse \u00e0 prendre soin des personnes les plus d\u00e9munies\",\"publisher\":{\"@id\":\"https:\\\/\\\/filles-de-la-charite.org\\\/fr\\\/#organization\"},\"potentialAction\":[{\"@type\":\"SearchAction\",\"target\":{\"@type\":\"EntryPoint\",\"urlTemplate\":\"https:\\\/\\\/filles-de-la-charite.org\\\/fr\\\/?s={search_term_string}\"},\"query-input\":{\"@type\":\"PropertyValueSpecification\",\"valueRequired\":true,\"valueName\":\"search_term_string\"}}],\"inLanguage\":\"fr-FR\"},{\"@type\":\"Organization\",\"@id\":\"https:\\\/\\\/filles-de-la-charite.org\\\/fr\\\/#organization\",\"name\":\"Hijas de la Caridad\",\"url\":\"https:\\\/\\\/filles-de-la-charite.org\\\/fr\\\/\",\"logo\":{\"@type\":\"ImageObject\",\"inLanguage\":\"fr-FR\",\"@id\":\"https:\\\/\\\/filles-de-la-charite.org\\\/fr\\\/#\\\/schema\\\/logo\\\/image\\\/\",\"url\":\"https:\\\/\\\/filles-de-la-charite.org\\\/wp-content\\\/uploads\\\/2023\\\/03\\\/isotipo-Hijas-de-la-Caridad.png\",\"contentUrl\":\"https:\\\/\\\/filles-de-la-charite.org\\\/wp-content\\\/uploads\\\/2023\\\/03\\\/isotipo-Hijas-de-la-Caridad.png\",\"width\":1417,\"height\":1417,\"caption\":\"Hijas de la Caridad\"},\"image\":{\"@id\":\"https:\\\/\\\/filles-de-la-charite.org\\\/fr\\\/#\\\/schema\\\/logo\\\/image\\\/\"}},{\"@type\":\"Person\",\"@id\":\"https:\\\/\\\/filles-de-la-charite.org\\\/fr\\\/#\\\/schema\\\/person\\\/427567b2eccfc2dd7d206da186a1f438\",\"name\":\"admin\",\"image\":{\"@type\":\"ImageObject\",\"inLanguage\":\"fr-FR\",\"@id\":\"https:\\\/\\\/secure.gravatar.com\\\/avatar\\\/948b492cce32b586ac2db0eaa926ee87024f7afe218d73b397ea5ddfc5f43ea1?s=96&d=mm&r=g\",\"url\":\"https:\\\/\\\/secure.gravatar.com\\\/avatar\\\/948b492cce32b586ac2db0eaa926ee87024f7afe218d73b397ea5ddfc5f43ea1?s=96&d=mm&r=g\",\"contentUrl\":\"https:\\\/\\\/secure.gravatar.com\\\/avatar\\\/948b492cce32b586ac2db0eaa926ee87024f7afe218d73b397ea5ddfc5f43ea1?s=96&d=mm&r=g\",\"caption\":\"admin\"},\"sameAs\":[\"https:\\\/\\\/filles-de-la-charite.org\"],\"url\":\"https:\\\/\\\/filles-de-la-charite.org\\\/fr\\\/author\\\/caridad\\\/\"}]}<\/script>\n<!-- \/ Yoast SEO plugin. -->","yoast_head_json":{"title":"Cons\u00e9cration de la chapelle de la maison de retraite \u00e0 Tarn\u00f3w, Province de Cracovie, Pologne - Filles de la Charit\u00e9","robots":{"index":"index","follow":"follow","max-snippet":"max-snippet:-1","max-image-preview":"max-image-preview:large","max-video-preview":"max-video-preview:-1"},"canonical":"https:\/\/filles-de-la-charite.org\/fr\/69742\/","og_locale":"fr_FR","og_type":"article","og_title":"Cons\u00e9cration de la chapelle de la maison de retraite \u00e0 Tarn\u00f3w, Province de Cracovie, Pologne - Filles de la Charit\u00e9","og_description":"La mission des Filles de la Charit\u00e9 qui ont accueilli de tout leur coeur l&rsquo;appel de J\u00e9sus-Christ \u00e0 aimer Dieu et son prochain, n&rsquo;est pas seulement pour aider \u00e0 assurer une vie digne \u00e0 nos fr\u00e8res et s\u0153urs dans le besoin, mais aussi, surtout, de veiller \u00e0 leur saintet\u00e9. et leur relation personnelle avec Dieu. [&hellip;]","og_url":"https:\/\/filles-de-la-charite.org\/fr\/69742\/","og_site_name":"Filles de la Charit\u00e9","article_published_time":"2022-02-28T22:00:00+00:00","article_modified_time":"2024-03-17T15:51:20+00:00","og_image":[{"width":2560,"height":1440,"url":"https:\/\/filles-de-la-charite.org\/wp-content\/uploads\/2023\/06\/front-page3-scaled-1.jpg","type":"image\/jpeg"}],"author":"admin","twitter_card":"summary_large_image","twitter_misc":{"\u00c9crit par":"admin","Dur\u00e9e de lecture estim\u00e9e":"3 minutes"},"schema":{"@context":"https:\/\/schema.org","@graph":[{"@type":"Article","@id":"https:\/\/filles-de-la-charite.org\/fr\/69742\/#article","isPartOf":{"@id":"https:\/\/filles-de-la-charite.org\/fr\/69742\/"},"author":{"name":"admin","@id":"https:\/\/filles-de-la-charite.org\/fr\/#\/schema\/person\/427567b2eccfc2dd7d206da186a1f438"},"headline":"Cons\u00e9cration de la chapelle de la maison de retraite \u00e0 Tarn\u00f3w, Province de Cracovie, Pologne","datePublished":"2022-02-28T22:00:00+00:00","dateModified":"2024-03-17T15:51:20+00:00","mainEntityOfPage":{"@id":"https:\/\/filles-de-la-charite.org\/fr\/69742\/"},"wordCount":293,"publisher":{"@id":"https:\/\/filles-de-la-charite.org\/fr\/#organization"},"image":{"@id":"https:\/\/filles-de-la-charite.org\/fr\/69742\/#primaryimage"},"thumbnailUrl":"https:\/\/filles-de-la-charite.org\/wp-content\/uploads\/2023\/06\/front-page3-scaled-1.jpg","articleSection":["Cracovie"],"inLanguage":"fr-FR"},{"@type":"WebPage","@id":"https:\/\/filles-de-la-charite.org\/fr\/69742\/","url":"https:\/\/filles-de-la-charite.org\/fr\/69742\/","name":"Cons\u00e9cration de la chapelle de la maison de retraite \u00e0 Tarn\u00f3w, Province de Cracovie, Pologne - Filles de la Charit\u00e9","isPartOf":{"@id":"https:\/\/filles-de-la-charite.org\/fr\/#website"},"primaryImageOfPage":{"@id":"https:\/\/filles-de-la-charite.org\/fr\/69742\/#primaryimage"},"image":{"@id":"https:\/\/filles-de-la-charite.org\/fr\/69742\/#primaryimage"},"thumbnailUrl":"https:\/\/filles-de-la-charite.org\/wp-content\/uploads\/2023\/06\/front-page3-scaled-1.jpg","datePublished":"2022-02-28T22:00:00+00:00","dateModified":"2024-03-17T15:51:20+00:00","breadcrumb":{"@id":"https:\/\/filles-de-la-charite.org\/fr\/69742\/#breadcrumb"},"inLanguage":"fr-FR","potentialAction":[{"@type":"ReadAction","target":["https:\/\/filles-de-la-charite.org\/fr\/69742\/"]}]},{"@type":"ImageObject","inLanguage":"fr-FR","@id":"https:\/\/filles-de-la-charite.org\/fr\/69742\/#primaryimage","url":"https:\/\/filles-de-la-charite.org\/wp-content\/uploads\/2023\/06\/front-page3-scaled-1.jpg","contentUrl":"https:\/\/filles-de-la-charite.org\/wp-content\/uploads\/2023\/06\/front-page3-scaled-1.jpg","width":2560,"height":1440},{"@type":"BreadcrumbList","@id":"https:\/\/filles-de-la-charite.org\/fr\/69742\/#breadcrumb","itemListElement":[{"@type":"ListItem","position":1,"name":"Cracovie","item":"https:\/\/filles-de-la-charite.org\/fr\/category\/cracovia-fr\/"},{"@type":"ListItem","position":2,"name":"Cons\u00e9cration de la chapelle de la maison de retraite \u00e0 Tarn\u00f3w, Province de Cracovie, Pologne"}]},{"@type":"WebSite","@id":"https:\/\/filles-de-la-charite.org\/fr\/#website","url":"https:\/\/filles-de-la-charite.org\/fr\/","name":"Hijas de la Caridad","description":"L\u2019amour de J\u00e9sus nous presse \u00e0 prendre soin des personnes les plus d\u00e9munies","publisher":{"@id":"https:\/\/filles-de-la-charite.org\/fr\/#organization"},"potentialAction":[{"@type":"SearchAction","target":{"@type":"EntryPoint","urlTemplate":"https:\/\/filles-de-la-charite.org\/fr\/?s={search_term_string}"},"query-input":{"@type":"PropertyValueSpecification","valueRequired":true,"valueName":"search_term_string"}}],"inLanguage":"fr-FR"},{"@type":"Organization","@id":"https:\/\/filles-de-la-charite.org\/fr\/#organization","name":"Hijas de la Caridad","url":"https:\/\/filles-de-la-charite.org\/fr\/","logo":{"@type":"ImageObject","inLanguage":"fr-FR","@id":"https:\/\/filles-de-la-charite.org\/fr\/#\/schema\/logo\/image\/","url":"https:\/\/filles-de-la-charite.org\/wp-content\/uploads\/2023\/03\/isotipo-Hijas-de-la-Caridad.png","contentUrl":"https:\/\/filles-de-la-charite.org\/wp-content\/uploads\/2023\/03\/isotipo-Hijas-de-la-Caridad.png","width":1417,"height":1417,"caption":"Hijas de la Caridad"},"image":{"@id":"https:\/\/filles-de-la-charite.org\/fr\/#\/schema\/logo\/image\/"}},{"@type":"Person","@id":"https:\/\/filles-de-la-charite.org\/fr\/#\/schema\/person\/427567b2eccfc2dd7d206da186a1f438","name":"admin","image":{"@type":"ImageObject","inLanguage":"fr-FR","@id":"https:\/\/secure.gravatar.com\/avatar\/948b492cce32b586ac2db0eaa926ee87024f7afe218d73b397ea5ddfc5f43ea1?s=96&d=mm&r=g","url":"https:\/\/secure.gravatar.com\/avatar\/948b492cce32b586ac2db0eaa926ee87024f7afe218d73b397ea5ddfc5f43ea1?s=96&d=mm&r=g","contentUrl":"https:\/\/secure.gravatar.com\/avatar\/948b492cce32b586ac2db0eaa926ee87024f7afe218d73b397ea5ddfc5f43ea1?s=96&d=mm&r=g","caption":"admin"},"sameAs":["https:\/\/filles-de-la-charite.org"],"url":"https:\/\/filles-de-la-charite.org\/fr\/author\/caridad\/"}]}},"_links":{"self":[{"href":"https:\/\/filles-de-la-charite.org\/fr\/wp-json\/wp\/v2\/posts\/22573","targetHints":{"allow":["GET"]}}],"collection":[{"href":"https:\/\/filles-de-la-charite.org\/fr\/wp-json\/wp\/v2\/posts"}],"about":[{"href":"https:\/\/filles-de-la-charite.org\/fr\/wp-json\/wp\/v2\/types\/post"}],"author":[{"embeddable":true,"href":"https:\/\/filles-de-la-charite.org\/fr\/wp-json\/wp\/v2\/users\/1"}],"replies":[{"embeddable":true,"href":"https:\/\/filles-de-la-charite.org\/fr\/wp-json\/wp\/v2\/comments?post=22573"}],"version-history":[{"count":1,"href":"https:\/\/filles-de-la-charite.org\/fr\/wp-json\/wp\/v2\/posts\/22573\/revisions"}],"predecessor-version":[{"id":22574,"href":"https:\/\/filles-de-la-charite.org\/fr\/wp-json\/wp\/v2\/posts\/22573\/revisions\/22574"}],"wp:featuredmedia":[{"embeddable":true,"href":"https:\/\/filles-de-la-charite.org\/fr\/wp-json\/wp\/v2\/media\/16349"}],"wp:attachment":[{"href":"https:\/\/filles-de-la-charite.org\/fr\/wp-json\/wp\/v2\/media?parent=22573"}],"wp:term":[{"taxonomy":"category","embeddable":true,"href":"https:\/\/filles-de-la-charite.org\/fr\/wp-json\/wp\/v2\/categories?post=22573"},{"taxonomy":"post_tag","embeddable":true,"href":"https:\/\/filles-de-la-charite.org\/fr\/wp-json\/wp\/v2\/tags?post=22573"}],"curies":[{"name":"wp","href":"https:\/\/api.w.org\/{rel}","templated":true}]}}