{"id":22576,"date":"2022-03-18T10:37:00","date_gmt":"2022-03-18T09:37:00","guid":{"rendered":"https:\/\/hijascaridad.sjdigitaldemo.ovh\/nouvelles-de-roumanie\/"},"modified":"2024-03-17T16:51:01","modified_gmt":"2024-03-17T15:51:01","slug":"nouvelles-de-roumanie","status":"publish","type":"post","link":"https:\/\/filles-de-la-charite.org\/fr\/nouvelles-de-roumanie\/","title":{"rendered":"Nouvelles de Roumanie"},"content":{"rendered":"\n<p>Ces derni\u00e8res semaines, la vie a compl\u00e8tement chang\u00e9 depuis que les pays voisins ont commenc\u00e9 \u00e0 entrer en guerre. Dans les premiers jours, tout le monde esp\u00e9rait qu'il s'agirait d'une menace de courte dur\u00e9e, mais la multiplication des attaques et les bombardements incessants ont forc\u00e9 les gens \u00e0 fuir.<\/p>\n\n\n\n<p>Les r\u00e9fugi\u00e9s arrivent continuellement en Roumanie. Les plus ais\u00e9s se d\u00e9placent d'une ville \u00e0 l'autre dans des voitures bien approvisionn\u00e9es et ne n\u00e9cessitant pas de soins particuliers, s'arr\u00eatant juste pour une nuit de repos.<\/p>\n\n\n\n<p>La plupart des r\u00e9fugi\u00e9s arrivent en train, sans rien. Ils sont tr\u00e8s \u00e9puis\u00e9s. Lorsque les trains s'arr\u00eatent, les mots \u00ab eau \u00bb se font entendre de partout. Les enfants pleurent, ils ne comprennent pas pourquoi ils ne peuvent pas rentrer chez eux. Il y avait des enfants dont les m\u00e8res les avaient envelopp\u00e9s dans leurs propres t-shirts au lieu de couches. Ils ont froids, \u00e9puis\u00e9s et d\u00e9sesp\u00e9r\u00e9s.<\/p>\n\n\n\n<p>A Oradea, plusieurs organisations humanitaires ont uni leurs forces pour venir en aide aux r\u00e9fugi\u00e9s. De cette fa\u00e7on, chaque organisation peut apporter son aide l\u00e0 o\u00f9 elle est n\u00e9cessaire, selon ses capacit\u00e9s et ses possibilit\u00e9s.<\/p>\n\n\n\n<p>Nous, les S\u0153urs, aidons principalement \u00e0 collecter et \u00e0 trier l'aide. \u00c0 cette fin, nous avons transform\u00e9 l'une de nos maisons en centre de collecte o\u00f9, avec trois autres organisations : la SSVP, la Protection de l'enfance et la Fondation Catunul Verde, nous recevons et distribuons des dons aux n\u00e9cessiteux. Au cours des derni\u00e8res semaines, nous avons collect\u00e9 des tonnes de nourriture, de produits d\u2019entretien, de d\u00e9tergents et de v\u00eatements. Certains produits ont d\u00e9j\u00e0 \u00e9t\u00e9 distribu\u00e9s \u00e0 des fondations qui accueillent et soignent des r\u00e9fugi\u00e9s. La plus grande partie a \u00e9t\u00e9 emball\u00e9e et envoy\u00e9e en Ukraine gr\u00e2ce aux P\u00e8res Lazaristes. C'est tr\u00e8s bien de vivre la solidarit\u00e9 de la Famille Vincentienne, mais il est important de faire sentir \u00e0 nos fr\u00e8res et s\u0153urs dans le besoin qu'ils ne sont pas seuls dans leur d\u00e9tresse.<\/p>\n\n\n\n<figure class=\"wp-block-gallery columns-3 is-cropped wp-block-gallery-1 is-layout-flex wp-block-gallery-is-layout-flex\"><ul class=\"blocks-gallery-grid\"><li class=\"blocks-gallery-item\"><figure><a href=\"https:\/\/filles-de-la-charite.org\/wp-content\/uploads\/2023\/06\/Imagen1.jpg\" data-rel=\"lightbox-image-0\" data-rl_title=\"\" data-rl_caption=\"\" title=\"\"><img decoding=\"async\" src=\"https:\/\/filles-de-la-charite.org\/wp-content\/uploads\/2023\/06\/Imagen1.jpg\" alt=\"\" data-id=\"69800\" data-full-url=\"https:\/\/filles-de-la-charite.org\/wp-content\/uploads\/2023\/06\/Imagen1.jpg\" data-link=\"https:\/\/www.filles-de-la-charite.org\/imagen1-5\/\" class=\"wp-image-69800\"\/><\/a><\/figure><\/li><li class=\"blocks-gallery-item\"><figure><a href=\"https:\/\/filles-de-la-charite.org\/wp-content\/uploads\/2023\/06\/Imagen7.jpg\" data-rel=\"lightbox-image-1\" data-rl_title=\"\" data-rl_caption=\"\" title=\"\"><img decoding=\"async\" src=\"https:\/\/filles-de-la-charite.org\/wp-content\/uploads\/2023\/06\/Imagen7.jpg\" alt=\"\" data-id=\"69806\" data-full-url=\"https:\/\/filles-de-la-charite.org\/wp-content\/uploads\/2023\/06\/Imagen7.jpg\" data-link=\"https:\/\/www.filles-de-la-charite.org\/imagen7-2\/\" class=\"wp-image-69806\"\/><\/a><\/figure><\/li><li class=\"blocks-gallery-item\"><figure><a href=\"https:\/\/filles-de-la-charite.org\/wp-content\/uploads\/2023\/06\/Imagen4.jpg\" data-rel=\"lightbox-image-2\" data-rl_title=\"\" data-rl_caption=\"\" title=\"\"><img decoding=\"async\" src=\"https:\/\/filles-de-la-charite.org\/wp-content\/uploads\/2023\/06\/Imagen4.jpg\" alt=\"\" data-id=\"69803\" data-full-url=\"https:\/\/filles-de-la-charite.org\/wp-content\/uploads\/2023\/06\/Imagen4.jpg\" data-link=\"https:\/\/www.filles-de-la-charite.org\/imagen4-3\/\" class=\"wp-image-69803\"\/><\/a><\/figure><\/li><li class=\"blocks-gallery-item\"><figure><a href=\"https:\/\/filles-de-la-charite.org\/wp-content\/uploads\/2023\/06\/Rumanien-Ukraine-5.jpg\" data-rel=\"lightbox-image-3\" data-rl_title=\"\" data-rl_caption=\"\" title=\"\"><img decoding=\"async\" src=\"https:\/\/filles-de-la-charite.org\/wp-content\/uploads\/2023\/06\/Rumanien-Ukraine-5.jpg\" alt=\"\" data-id=\"69808\" data-full-url=\"https:\/\/filles-de-la-charite.org\/wp-content\/uploads\/2023\/06\/Rumanien-Ukraine-5.jpg\" data-link=\"https:\/\/www.filles-de-la-charite.org\/rumanien-ukraine-5\/\" class=\"wp-image-69808\"\/><\/a><\/figure><\/li><li class=\"blocks-gallery-item\"><figure><a href=\"https:\/\/filles-de-la-charite.org\/wp-content\/uploads\/2023\/06\/Rumanien-Ukraine-3.jpg\" data-rel=\"lightbox-image-4\" data-rl_title=\"\" data-rl_caption=\"\" title=\"\"><img decoding=\"async\" src=\"https:\/\/filles-de-la-charite.org\/wp-content\/uploads\/2023\/06\/Rumanien-Ukraine-3.jpg\" alt=\"\" data-id=\"69810\" data-full-url=\"https:\/\/filles-de-la-charite.org\/wp-content\/uploads\/2023\/06\/Rumanien-Ukraine-3.jpg\" data-link=\"https:\/\/www.filles-de-la-charite.org\/rumanien-ukraine-3\/\" class=\"wp-image-69810\"\/><\/a><\/figure><\/li><li class=\"blocks-gallery-item\"><figure><a href=\"https:\/\/filles-de-la-charite.org\/wp-content\/uploads\/2023\/06\/Rumanien-Ukraine-2.jpg\" data-rel=\"lightbox-image-5\" data-rl_title=\"\" data-rl_caption=\"\" title=\"\"><img decoding=\"async\" src=\"https:\/\/filles-de-la-charite.org\/wp-content\/uploads\/2023\/06\/Rumanien-Ukraine-2.jpg\" alt=\"\" data-id=\"69809\" data-full-url=\"https:\/\/filles-de-la-charite.org\/wp-content\/uploads\/2023\/06\/Rumanien-Ukraine-2.jpg\" data-link=\"https:\/\/www.filles-de-la-charite.org\/rumanien-ukraine-2\/\" class=\"wp-image-69809\"\/><\/a><\/figure><\/li><\/ul><\/figure>\n\n\n\n<p>Nous aidons de toutes les mani\u00e8res possibles. Il nous est arriv\u00e9 de pr\u00e9parer des sandwichs pour les r\u00e9fugi\u00e9s qui arrivaient la nuit \u00e0 la douane (je pr\u00e9cise ici qu'il y a eu 2 500 sandwichs distribu\u00e9s \u00e0 la douane en une nuit). Parfois, nous aidons \u00e0 la distribution ou offrons du th\u00e9 chaud aux b\u00e9n\u00e9voles. Tout travail est tout aussi important et il est essentiel de soutenir nos b\u00e9n\u00e9voles \u00e9puis\u00e9s.<\/p>\n\n\n\n<figure class=\"wp-block-image size-large\"><img decoding=\"async\" src=\"https:\/\/filles-de-la-charite.org\/wp-content\/uploads\/2023\/06\/Rumanien-Ukraine-1-1024x768-1.jpg\" alt=\"\" class=\"wp-image-69807\"\/><\/figure>\n\n\n\n<p>&nbsp;Gr\u00e2ce \u00e0 un travail coordonn\u00e9 et organis\u00e9, les diff\u00e9rentes organisations d'aide peuvent travailler ensemble de mani\u00e8re efficace et se compl\u00e9ter.<\/p>\n\n\n\n<p><em>Sr. Serafina FdlC<\/em><\/p>\n","protected":false},"excerpt":{"rendered":"<p>Ces derni\u00e8res semaines, la vie a compl\u00e8tement chang\u00e9 depuis que les pays voisins ont commenc\u00e9 \u00e0 entrer en guerre. Dans les premiers jours, tout le monde esp\u00e9rait qu&rsquo;il s&rsquo;agirait d&rsquo;une menace de courte dur\u00e9e, mais la multiplication des attaques et les bombardements incessants ont forc\u00e9 les gens \u00e0 fuir. Les r\u00e9fugi\u00e9s arrivent continuellement en Roumanie. [&hellip;]<\/p>\n","protected":false},"author":1,"featured_media":16406,"comment_status":"closed","ping_status":"closed","sticky":false,"template":"","format":"standard","meta":{"_acf_changed":false,"footnotes":"","_links_to":"","_links_to_target":""},"categories":[600],"tags":[],"class_list":["post-22576","post","type-post","status-publish","format-standard","has-post-thumbnail","hentry","category-graz-europe-centrale-fr"],"acf":[],"yoast_head":"<!-- This site is optimized with the Yoast SEO plugin v27.5 - https:\/\/yoast.com\/product\/yoast-seo-wordpress\/ -->\n<title>Nouvelles de Roumanie - Filles de la Charit\u00e9<\/title>\n<meta name=\"robots\" content=\"index, follow, max-snippet:-1, max-image-preview:large, max-video-preview:-1\" \/>\n<link rel=\"canonical\" href=\"https:\/\/filles-de-la-charite.org\/fr\/nouvelles-de-roumanie\/\" \/>\n<meta property=\"og:locale\" content=\"fr_FR\" \/>\n<meta property=\"og:type\" content=\"article\" \/>\n<meta property=\"og:title\" content=\"Nouvelles de Roumanie - Filles de la Charit\u00e9\" \/>\n<meta property=\"og:description\" content=\"Ces derni\u00e8res semaines, la vie a compl\u00e8tement chang\u00e9 depuis que les pays voisins ont commenc\u00e9 \u00e0 entrer en guerre. Dans les premiers jours, tout le monde esp\u00e9rait qu&rsquo;il s&rsquo;agirait d&rsquo;une menace de courte dur\u00e9e, mais la multiplication des attaques et les bombardements incessants ont forc\u00e9 les gens \u00e0 fuir. Les r\u00e9fugi\u00e9s arrivent continuellement en Roumanie. [&hellip;]\" \/>\n<meta property=\"og:url\" content=\"https:\/\/filles-de-la-charite.org\/fr\/nouvelles-de-roumanie\/\" \/>\n<meta property=\"og:site_name\" content=\"Filles de la Charit\u00e9\" \/>\n<meta property=\"article:published_time\" content=\"2022-03-18T09:37:00+00:00\" \/>\n<meta property=\"article:modified_time\" content=\"2024-03-17T15:51:01+00:00\" \/>\n<meta property=\"og:image\" content=\"https:\/\/filles-de-la-charite.org\/wp-content\/uploads\/2023\/06\/N-3-scaled-1.jpg\" \/>\n\t<meta property=\"og:image:width\" content=\"2560\" \/>\n\t<meta property=\"og:image:height\" content=\"1707\" \/>\n\t<meta property=\"og:image:type\" content=\"image\/jpeg\" \/>\n<meta name=\"author\" content=\"admin\" \/>\n<meta name=\"twitter:card\" content=\"summary_large_image\" \/>\n<meta name=\"twitter:label1\" content=\"\u00c9crit par\" \/>\n\t<meta name=\"twitter:data1\" content=\"admin\" \/>\n\t<meta name=\"twitter:label2\" content=\"Dur\u00e9e de lecture estim\u00e9e\" \/>\n\t<meta name=\"twitter:data2\" content=\"4 minutes\" \/>\n<script type=\"application\/ld+json\" class=\"yoast-schema-graph\">{\"@context\":\"https:\\\/\\\/schema.org\",\"@graph\":[{\"@type\":\"Article\",\"@id\":\"https:\\\/\\\/filles-de-la-charite.org\\\/fr\\\/nouvelles-de-roumanie\\\/#article\",\"isPartOf\":{\"@id\":\"https:\\\/\\\/filles-de-la-charite.org\\\/fr\\\/nouvelles-de-roumanie\\\/\"},\"author\":{\"name\":\"admin\",\"@id\":\"https:\\\/\\\/filles-de-la-charite.org\\\/fr\\\/#\\\/schema\\\/person\\\/427567b2eccfc2dd7d206da186a1f438\"},\"headline\":\"Nouvelles de Roumanie\",\"datePublished\":\"2022-03-18T09:37:00+00:00\",\"dateModified\":\"2024-03-17T15:51:01+00:00\",\"mainEntityOfPage\":{\"@id\":\"https:\\\/\\\/filles-de-la-charite.org\\\/fr\\\/nouvelles-de-roumanie\\\/\"},\"wordCount\":474,\"publisher\":{\"@id\":\"https:\\\/\\\/filles-de-la-charite.org\\\/fr\\\/#organization\"},\"image\":{\"@id\":\"https:\\\/\\\/filles-de-la-charite.org\\\/fr\\\/nouvelles-de-roumanie\\\/#primaryimage\"},\"thumbnailUrl\":\"https:\\\/\\\/filles-de-la-charite.org\\\/wp-content\\\/uploads\\\/2023\\\/06\\\/N-3-scaled-1.jpg\",\"articleSection\":[\"Graz - Europe centrale\"],\"inLanguage\":\"fr-FR\"},{\"@type\":\"WebPage\",\"@id\":\"https:\\\/\\\/filles-de-la-charite.org\\\/fr\\\/nouvelles-de-roumanie\\\/\",\"url\":\"https:\\\/\\\/filles-de-la-charite.org\\\/fr\\\/nouvelles-de-roumanie\\\/\",\"name\":\"Nouvelles de Roumanie - Filles de la Charit\u00e9\",\"isPartOf\":{\"@id\":\"https:\\\/\\\/filles-de-la-charite.org\\\/fr\\\/#website\"},\"primaryImageOfPage\":{\"@id\":\"https:\\\/\\\/filles-de-la-charite.org\\\/fr\\\/nouvelles-de-roumanie\\\/#primaryimage\"},\"image\":{\"@id\":\"https:\\\/\\\/filles-de-la-charite.org\\\/fr\\\/nouvelles-de-roumanie\\\/#primaryimage\"},\"thumbnailUrl\":\"https:\\\/\\\/filles-de-la-charite.org\\\/wp-content\\\/uploads\\\/2023\\\/06\\\/N-3-scaled-1.jpg\",\"datePublished\":\"2022-03-18T09:37:00+00:00\",\"dateModified\":\"2024-03-17T15:51:01+00:00\",\"breadcrumb\":{\"@id\":\"https:\\\/\\\/filles-de-la-charite.org\\\/fr\\\/nouvelles-de-roumanie\\\/#breadcrumb\"},\"inLanguage\":\"fr-FR\",\"potentialAction\":[{\"@type\":\"ReadAction\",\"target\":[\"https:\\\/\\\/filles-de-la-charite.org\\\/fr\\\/nouvelles-de-roumanie\\\/\"]}]},{\"@type\":\"ImageObject\",\"inLanguage\":\"fr-FR\",\"@id\":\"https:\\\/\\\/filles-de-la-charite.org\\\/fr\\\/nouvelles-de-roumanie\\\/#primaryimage\",\"url\":\"https:\\\/\\\/filles-de-la-charite.org\\\/wp-content\\\/uploads\\\/2023\\\/06\\\/N-3-scaled-1.jpg\",\"contentUrl\":\"https:\\\/\\\/filles-de-la-charite.org\\\/wp-content\\\/uploads\\\/2023\\\/06\\\/N-3-scaled-1.jpg\",\"width\":2560,\"height\":1707},{\"@type\":\"BreadcrumbList\",\"@id\":\"https:\\\/\\\/filles-de-la-charite.org\\\/fr\\\/nouvelles-de-roumanie\\\/#breadcrumb\",\"itemListElement\":[{\"@type\":\"ListItem\",\"position\":1,\"name\":\"Nigeria\",\"item\":\"https:\\\/\\\/filles-de-la-charite.org\\\/fr\\\/category\\\/nigeria-fr\\\/\"},{\"@type\":\"ListItem\",\"position\":2,\"name\":\"Nouvelles de Roumanie\"}]},{\"@type\":\"WebSite\",\"@id\":\"https:\\\/\\\/filles-de-la-charite.org\\\/fr\\\/#website\",\"url\":\"https:\\\/\\\/filles-de-la-charite.org\\\/fr\\\/\",\"name\":\"Hijas de la Caridad\",\"description\":\"L\u2019amour de J\u00e9sus nous presse \u00e0 prendre soin des personnes les plus d\u00e9munies\",\"publisher\":{\"@id\":\"https:\\\/\\\/filles-de-la-charite.org\\\/fr\\\/#organization\"},\"potentialAction\":[{\"@type\":\"SearchAction\",\"target\":{\"@type\":\"EntryPoint\",\"urlTemplate\":\"https:\\\/\\\/filles-de-la-charite.org\\\/fr\\\/?s={search_term_string}\"},\"query-input\":{\"@type\":\"PropertyValueSpecification\",\"valueRequired\":true,\"valueName\":\"search_term_string\"}}],\"inLanguage\":\"fr-FR\"},{\"@type\":\"Organization\",\"@id\":\"https:\\\/\\\/filles-de-la-charite.org\\\/fr\\\/#organization\",\"name\":\"Hijas de la Caridad\",\"url\":\"https:\\\/\\\/filles-de-la-charite.org\\\/fr\\\/\",\"logo\":{\"@type\":\"ImageObject\",\"inLanguage\":\"fr-FR\",\"@id\":\"https:\\\/\\\/filles-de-la-charite.org\\\/fr\\\/#\\\/schema\\\/logo\\\/image\\\/\",\"url\":\"https:\\\/\\\/filles-de-la-charite.org\\\/wp-content\\\/uploads\\\/2023\\\/03\\\/isotipo-Hijas-de-la-Caridad.png\",\"contentUrl\":\"https:\\\/\\\/filles-de-la-charite.org\\\/wp-content\\\/uploads\\\/2023\\\/03\\\/isotipo-Hijas-de-la-Caridad.png\",\"width\":1417,\"height\":1417,\"caption\":\"Hijas de la Caridad\"},\"image\":{\"@id\":\"https:\\\/\\\/filles-de-la-charite.org\\\/fr\\\/#\\\/schema\\\/logo\\\/image\\\/\"}},{\"@type\":\"Person\",\"@id\":\"https:\\\/\\\/filles-de-la-charite.org\\\/fr\\\/#\\\/schema\\\/person\\\/427567b2eccfc2dd7d206da186a1f438\",\"name\":\"admin\",\"image\":{\"@type\":\"ImageObject\",\"inLanguage\":\"fr-FR\",\"@id\":\"https:\\\/\\\/secure.gravatar.com\\\/avatar\\\/948b492cce32b586ac2db0eaa926ee87024f7afe218d73b397ea5ddfc5f43ea1?s=96&d=mm&r=g\",\"url\":\"https:\\\/\\\/secure.gravatar.com\\\/avatar\\\/948b492cce32b586ac2db0eaa926ee87024f7afe218d73b397ea5ddfc5f43ea1?s=96&d=mm&r=g\",\"contentUrl\":\"https:\\\/\\\/secure.gravatar.com\\\/avatar\\\/948b492cce32b586ac2db0eaa926ee87024f7afe218d73b397ea5ddfc5f43ea1?s=96&d=mm&r=g\",\"caption\":\"admin\"},\"sameAs\":[\"https:\\\/\\\/filles-de-la-charite.org\"],\"url\":\"https:\\\/\\\/filles-de-la-charite.org\\\/fr\\\/author\\\/caridad\\\/\"}]}<\/script>\n<!-- \/ Yoast SEO plugin. -->","yoast_head_json":{"title":"Nouvelles de Roumanie - Filles de la Charit\u00e9","robots":{"index":"index","follow":"follow","max-snippet":"max-snippet:-1","max-image-preview":"max-image-preview:large","max-video-preview":"max-video-preview:-1"},"canonical":"https:\/\/filles-de-la-charite.org\/fr\/nouvelles-de-roumanie\/","og_locale":"fr_FR","og_type":"article","og_title":"Nouvelles de Roumanie - Filles de la Charit\u00e9","og_description":"Ces derni\u00e8res semaines, la vie a compl\u00e8tement chang\u00e9 depuis que les pays voisins ont commenc\u00e9 \u00e0 entrer en guerre. Dans les premiers jours, tout le monde esp\u00e9rait qu&rsquo;il s&rsquo;agirait d&rsquo;une menace de courte dur\u00e9e, mais la multiplication des attaques et les bombardements incessants ont forc\u00e9 les gens \u00e0 fuir. Les r\u00e9fugi\u00e9s arrivent continuellement en Roumanie. [&hellip;]","og_url":"https:\/\/filles-de-la-charite.org\/fr\/nouvelles-de-roumanie\/","og_site_name":"Filles de la Charit\u00e9","article_published_time":"2022-03-18T09:37:00+00:00","article_modified_time":"2024-03-17T15:51:01+00:00","og_image":[{"width":2560,"height":1707,"url":"https:\/\/filles-de-la-charite.org\/wp-content\/uploads\/2023\/06\/N-3-scaled-1.jpg","type":"image\/jpeg"}],"author":"admin","twitter_card":"summary_large_image","twitter_misc":{"\u00c9crit par":"admin","Dur\u00e9e de lecture estim\u00e9e":"4 minutes"},"schema":{"@context":"https:\/\/schema.org","@graph":[{"@type":"Article","@id":"https:\/\/filles-de-la-charite.org\/fr\/nouvelles-de-roumanie\/#article","isPartOf":{"@id":"https:\/\/filles-de-la-charite.org\/fr\/nouvelles-de-roumanie\/"},"author":{"name":"admin","@id":"https:\/\/filles-de-la-charite.org\/fr\/#\/schema\/person\/427567b2eccfc2dd7d206da186a1f438"},"headline":"Nouvelles de Roumanie","datePublished":"2022-03-18T09:37:00+00:00","dateModified":"2024-03-17T15:51:01+00:00","mainEntityOfPage":{"@id":"https:\/\/filles-de-la-charite.org\/fr\/nouvelles-de-roumanie\/"},"wordCount":474,"publisher":{"@id":"https:\/\/filles-de-la-charite.org\/fr\/#organization"},"image":{"@id":"https:\/\/filles-de-la-charite.org\/fr\/nouvelles-de-roumanie\/#primaryimage"},"thumbnailUrl":"https:\/\/filles-de-la-charite.org\/wp-content\/uploads\/2023\/06\/N-3-scaled-1.jpg","articleSection":["Graz - Europe centrale"],"inLanguage":"fr-FR"},{"@type":"WebPage","@id":"https:\/\/filles-de-la-charite.org\/fr\/nouvelles-de-roumanie\/","url":"https:\/\/filles-de-la-charite.org\/fr\/nouvelles-de-roumanie\/","name":"Nouvelles de Roumanie - Filles de la Charit\u00e9","isPartOf":{"@id":"https:\/\/filles-de-la-charite.org\/fr\/#website"},"primaryImageOfPage":{"@id":"https:\/\/filles-de-la-charite.org\/fr\/nouvelles-de-roumanie\/#primaryimage"},"image":{"@id":"https:\/\/filles-de-la-charite.org\/fr\/nouvelles-de-roumanie\/#primaryimage"},"thumbnailUrl":"https:\/\/filles-de-la-charite.org\/wp-content\/uploads\/2023\/06\/N-3-scaled-1.jpg","datePublished":"2022-03-18T09:37:00+00:00","dateModified":"2024-03-17T15:51:01+00:00","breadcrumb":{"@id":"https:\/\/filles-de-la-charite.org\/fr\/nouvelles-de-roumanie\/#breadcrumb"},"inLanguage":"fr-FR","potentialAction":[{"@type":"ReadAction","target":["https:\/\/filles-de-la-charite.org\/fr\/nouvelles-de-roumanie\/"]}]},{"@type":"ImageObject","inLanguage":"fr-FR","@id":"https:\/\/filles-de-la-charite.org\/fr\/nouvelles-de-roumanie\/#primaryimage","url":"https:\/\/filles-de-la-charite.org\/wp-content\/uploads\/2023\/06\/N-3-scaled-1.jpg","contentUrl":"https:\/\/filles-de-la-charite.org\/wp-content\/uploads\/2023\/06\/N-3-scaled-1.jpg","width":2560,"height":1707},{"@type":"BreadcrumbList","@id":"https:\/\/filles-de-la-charite.org\/fr\/nouvelles-de-roumanie\/#breadcrumb","itemListElement":[{"@type":"ListItem","position":1,"name":"Nigeria","item":"https:\/\/filles-de-la-charite.org\/fr\/category\/nigeria-fr\/"},{"@type":"ListItem","position":2,"name":"Nouvelles de Roumanie"}]},{"@type":"WebSite","@id":"https:\/\/filles-de-la-charite.org\/fr\/#website","url":"https:\/\/filles-de-la-charite.org\/fr\/","name":"Hijas de la Caridad","description":"L\u2019amour de J\u00e9sus nous presse \u00e0 prendre soin des personnes les plus d\u00e9munies","publisher":{"@id":"https:\/\/filles-de-la-charite.org\/fr\/#organization"},"potentialAction":[{"@type":"SearchAction","target":{"@type":"EntryPoint","urlTemplate":"https:\/\/filles-de-la-charite.org\/fr\/?s={search_term_string}"},"query-input":{"@type":"PropertyValueSpecification","valueRequired":true,"valueName":"search_term_string"}}],"inLanguage":"fr-FR"},{"@type":"Organization","@id":"https:\/\/filles-de-la-charite.org\/fr\/#organization","name":"Hijas de la Caridad","url":"https:\/\/filles-de-la-charite.org\/fr\/","logo":{"@type":"ImageObject","inLanguage":"fr-FR","@id":"https:\/\/filles-de-la-charite.org\/fr\/#\/schema\/logo\/image\/","url":"https:\/\/filles-de-la-charite.org\/wp-content\/uploads\/2023\/03\/isotipo-Hijas-de-la-Caridad.png","contentUrl":"https:\/\/filles-de-la-charite.org\/wp-content\/uploads\/2023\/03\/isotipo-Hijas-de-la-Caridad.png","width":1417,"height":1417,"caption":"Hijas de la Caridad"},"image":{"@id":"https:\/\/filles-de-la-charite.org\/fr\/#\/schema\/logo\/image\/"}},{"@type":"Person","@id":"https:\/\/filles-de-la-charite.org\/fr\/#\/schema\/person\/427567b2eccfc2dd7d206da186a1f438","name":"admin","image":{"@type":"ImageObject","inLanguage":"fr-FR","@id":"https:\/\/secure.gravatar.com\/avatar\/948b492cce32b586ac2db0eaa926ee87024f7afe218d73b397ea5ddfc5f43ea1?s=96&d=mm&r=g","url":"https:\/\/secure.gravatar.com\/avatar\/948b492cce32b586ac2db0eaa926ee87024f7afe218d73b397ea5ddfc5f43ea1?s=96&d=mm&r=g","contentUrl":"https:\/\/secure.gravatar.com\/avatar\/948b492cce32b586ac2db0eaa926ee87024f7afe218d73b397ea5ddfc5f43ea1?s=96&d=mm&r=g","caption":"admin"},"sameAs":["https:\/\/filles-de-la-charite.org"],"url":"https:\/\/filles-de-la-charite.org\/fr\/author\/caridad\/"}]}},"_links":{"self":[{"href":"https:\/\/filles-de-la-charite.org\/fr\/wp-json\/wp\/v2\/posts\/22576","targetHints":{"allow":["GET"]}}],"collection":[{"href":"https:\/\/filles-de-la-charite.org\/fr\/wp-json\/wp\/v2\/posts"}],"about":[{"href":"https:\/\/filles-de-la-charite.org\/fr\/wp-json\/wp\/v2\/types\/post"}],"author":[{"embeddable":true,"href":"https:\/\/filles-de-la-charite.org\/fr\/wp-json\/wp\/v2\/users\/1"}],"replies":[{"embeddable":true,"href":"https:\/\/filles-de-la-charite.org\/fr\/wp-json\/wp\/v2\/comments?post=22576"}],"version-history":[{"count":1,"href":"https:\/\/filles-de-la-charite.org\/fr\/wp-json\/wp\/v2\/posts\/22576\/revisions"}],"predecessor-version":[{"id":22577,"href":"https:\/\/filles-de-la-charite.org\/fr\/wp-json\/wp\/v2\/posts\/22576\/revisions\/22577"}],"wp:featuredmedia":[{"embeddable":true,"href":"https:\/\/filles-de-la-charite.org\/fr\/wp-json\/wp\/v2\/media\/16406"}],"wp:attachment":[{"href":"https:\/\/filles-de-la-charite.org\/fr\/wp-json\/wp\/v2\/media?parent=22576"}],"wp:term":[{"taxonomy":"category","embeddable":true,"href":"https:\/\/filles-de-la-charite.org\/fr\/wp-json\/wp\/v2\/categories?post=22576"},{"taxonomy":"post_tag","embeddable":true,"href":"https:\/\/filles-de-la-charite.org\/fr\/wp-json\/wp\/v2\/tags?post=22576"}],"curies":[{"name":"wp","href":"https:\/\/api.w.org\/{rel}","templated":true}]}}