{"id":22606,"date":"2022-04-30T22:00:00","date_gmt":"2022-04-30T20:00:00","guid":{"rendered":"https:\/\/hijascaridad.sjdigitaldemo.ovh\/inauguration-de-la-ferme-de-lesperance-soeur-lindalva-justo-de-oliveira\/"},"modified":"2024-03-17T16:25:04","modified_gmt":"2024-03-17T15:25:04","slug":"inauguration-de-la-ferme-de-lesperance-soeur-lindalva-justo-de-oliveira","status":"publish","type":"post","link":"https:\/\/filles-de-la-charite.org\/fr\/inauguration-de-la-ferme-de-lesperance-soeur-lindalva-justo-de-oliveira\/","title":{"rendered":"Inauguration de la ferme de l\u2019Esp\u00e9rance  Soeur Lindalva Justo de Oliveira"},"content":{"rendered":"\n<div class=\"wp-block-image\"><figure class=\"aligncenter size-full\"><img decoding=\"async\" src=\"https:\/\/filles-de-la-charite.org\/wp-content\/uploads\/2023\/06\/fotos-da-Inauguracao-da-fazenda-1.jpeg\" alt=\"\" class=\"wp-image-70280\" \/><\/figure><\/div>\n\n\n\n<p>Un an et demi apr\u00e8s la pose de la premi\u00e8re pierre, et apr\u00e8s beaucoup de travail et de pers\u00e9v\u00e9rance, l'archidioc\u00e8se d'Olinda et Recife a inaugur\u00e9 le 31 mars 2022 \u00e0 Primavera, Pernambuco, Br\u00e9sil, une nouvelle unit\u00e9 f\u00e9minine de la Ferme de l'Esp\u00e9rance (Fazenda da Esperan\u00e7a). Cette unit\u00e9 nomm\u00e9e \u00ab Ferme de l'Espoir S\u0153ur Lindalva Justo de Oliveira \u00bb est destin\u00e9e \u00e0 accueillir les femmes qui viennent recevoir de l'aide dans leur r\u00e9adaptation apr\u00e8s avoir \u00e9t\u00e9 affaiblies par la consommation de drogues. Le nom de la ferme a \u00e9t\u00e9 donn\u00e9 par l'archev\u00eaque de Recife, Antonio Fernando Saburido, afin de rendre hommage aux Filles de la Charit\u00e9 qui ont servi ou servent dans les fermes, en particulier S\u0153ur S\u00f4nia Maria de Lima, et pour honorer le martyre de la bienheureuse Lindalva, qui repr\u00e9sente les femmes d'aujourd'hui qui souffrent de violence et de f\u00e9micide.<\/p>\n\n\n\n<p>L'inauguration de la nouvelle ferme a eu lieu lors d'une messe en plein air c\u00e9l\u00e9br\u00e9e par Mgr Ant\u00f4nio Fernando Saburido et conc\u00e9l\u00e9br\u00e9e avec d'autres pr\u00eatres dont le p\u00e8re Hans Stapel (fondateur de la ferme) et le p\u00e8re Clistes Natal, notre directeur provincial, de la Congr\u00e9gation de la Mission . Outre le maire et d'autres autorit\u00e9s de l'\u00c9tat, \u00e9taient \u00e9galement pr\u00e9sents pour repr\u00e9senter la Compagnie des Filles de la Charit\u00e9 notre Visitatrice, S\u0153ur Patr\u00edcia Cala\u00e7a, les membres du Conseil provincial, S\u0153ur S\u00f4nia Maria de Lima, et de nombreuses autres Filles de la Charit\u00e9. Nelson Giovanelli, l'un des fondateurs de la Ferme de l'Espoir (Fazenda da Esperan\u00e7a) a \u00e9galement honor\u00e9 cet \u00e9v\u00e9nement, ainsi que les nombreux hommes et femmes qui sont en r\u00e9habilitation dans les Fermes existantes dans l'\u00e9tat de Pernambuco. Lors de la procession d'entr\u00e9e, une image et une relique de la Bienheureuse Lindalva, offerte par la Province de Recife \u00e0 cette nouvelle Ferme, ont \u00e9t\u00e9 intronis\u00e9es.<\/p>\n\n\n\n<div class=\"wp-block-image\"><figure class=\"aligncenter size-full\"><img decoding=\"async\" src=\"https:\/\/filles-de-la-charite.org\/wp-content\/uploads\/2023\/06\/fotos-da-Inauguracao-da-fazenda-2.jpeg\" alt=\"\" class=\"wp-image-70281\" \/><\/figure><\/div>\n\n\n\n<p><em>La Fazenda da Esperan\u00e7a<\/em> est une communaut\u00e9 th\u00e9rapeutique qui fonctionne depuis 1983 pour les personnes en voie de r\u00e9tablissement et cherchant \u00e0 se lib\u00e9rer de leurs d\u00e9pendances, principalement \u00e0 l'alcool et aux drogues. Sa m\u00e9thode comprend trois aspects d\u00e9terminants : <strong>le travail<\/strong> comme processus p\u00e9dagogique, <strong>le vivre ensemble en famille<\/strong> et <strong>la spiritualit\u00e9<\/strong> en vue de trouver un sens \u00e0 la vie.<\/p>\n\n\n\n<p>Les personnes qui s'identifient au charisme de la Ferme peuvent trouver leur vocation dans l'\u00c9glise en faisant partie de la Famille de l'Esp\u00e9rance, une association priv\u00e9e de fid\u00e8les, internationale et reconnue par le Conseil Pontifical pour les La\u00efcs, dont la mission est d'apporter Espoir, qui est J\u00e9sus-Christ, au plus grand nombre de jeunes \u00e0 travers le monde, selon les mots du Pape Beno\u00eet XVI.<\/p>\n\n\n\n<div class=\"wp-block-image\"><figure class=\"aligncenter size-full\"><img decoding=\"async\" src=\"https:\/\/filles-de-la-charite.org\/wp-content\/uploads\/2023\/06\/fotos-da-Inauguracao-da-fazenda-3.jpeg\" alt=\"\" class=\"wp-image-70275\" \/><\/figure><\/div>\n\n\n\n<p><em>La Fazenda<\/em> a ses portes ouvertes dans tous les \u00c9tats du Br\u00e9sil pour accueillir des hommes et des femmes fragilis\u00e9s par la toxicomanie, transformant la douleur en joie. Le nombre de communaut\u00e9s dans le monde a d\u00e9j\u00e0 d\u00e9pass\u00e9 la centaine d'unit\u00e9s structur\u00e9es dans les pays d'Asie, d'Afrique, d'Am\u00e9rique et d'Europe, en croissance continue en raison de la mondialisation des graves probl\u00e8mes sociaux qui assaillent l'humanit\u00e9.<\/p>\n\n\n\n<p>La Maison de Primavera est la quatri\u00e8me Ferme de l'Espoir de l'\u00c9tat de Pernambuco, avec des unit\u00e9s dans les villes de Jaboat\u00e3o dos Guararapes, Garanhuns et S\u00e3o Joaquim do Monte. Elle peut accueillir vingt-cinq femmes et jusqu'\u00e0 douze b\u00e9b\u00e9s ; c'est parce qu'il est courant pour les femmes qui demandent de l'aide d'arriver enceintes ou avec des enfants.<\/p>\n\n\n\n<p><em>\u00abAujourd'hui, nous avons r\u00e9alis\u00e9 un r\u00eave longtemps caress\u00e9 d'avoir dans notre archidioc\u00e8se une Ferme de l'Esp\u00e9rance pour les femmes, une \u0153uvre de Dieu qui profitera aux personnes affaiblies par la consommation de drogues et aux personnes dans le besoin. Il est donc n\u00e9cessaire qu'il y ait une sensibilit\u00e9 de la part de tous pour soutenir ce projet, pour encourager ceux qui vont donner leur vie ici, pour ce travail\u00bb, <\/em>a d\u00e9clar\u00e9 Mgr Fernando Saburido dans une interview \u00e0 la cha\u00eene \u00abRede Vida de Televis\u00e3o\u00bb.<\/p>\n\n\n\n<div class=\"wp-block-image\"><figure class=\"aligncenter size-full\"><img decoding=\"async\" src=\"https:\/\/filles-de-la-charite.org\/wp-content\/uploads\/2023\/06\/fotos-da-Inauguracao-da-fazenda-4.jpeg\" alt=\"\" class=\"wp-image-70276\" \/><\/figure><\/div>\n\n\n\n<p>Cette inauguration, qui fait partie des c\u00e9l\u00e9brations du 30e anniversaire du martyre de la bienheureuse Lindalva, a \u00e9t\u00e9 pr\u00e9c\u00e9d\u00e9e d'une mission d'un mois coordonn\u00e9e par Ana L\u00facia Duarte, missionnaire consacr\u00e9e de la Ferme de l'Esp\u00e9rance et responsable r\u00e9gionale des Fermes des femmes et accompagn\u00e9e par plus de quinze femmes ex-toxicomanes ou en voie de gu\u00e9rison ; ils ont visit\u00e9 les communaut\u00e9s entourant la nouvelle ferme, \u00e9vang\u00e9lisant et t\u00e9moignant des merveilles que le Seigneur a op\u00e9r\u00e9es et op\u00e8re dans leurs vies.<\/p>\n\n\n\n<p>Cette nouvelle Ferme de l'Esp\u00e9rance est un signe de l'Amour et de la Providence de Dieu dans la vie de ceux qui en ont le plus besoin ; nous rendons grace \u00e0 Dieu pour les nombreux collaborateurs qui ont entendu l'appel du Seigneur et se sont laiss\u00e9s conduire par Lui, en particulier le Dr Ilvo Meireilles, un homme d'affaires de Pernambuco qui a non seulement cru au projet mais a \u00e9galement fait don du terrain et a apport\u00e9 son soutien aux travaux de construction.<\/p>\n\n\n\n<p>Que S\u0153ur Lindalva interc\u00e8de pour ceux qui participent \u00e0 cette nouvelle \u0153uvre et en fasse un instrument pour sauver des vies pour Dieu et susciter de nombreuses vocations au service du R\u00e8gne de Dieu et de l'\u00c9glise!<\/p>\n\n\n\n<div class=\"wp-block-image\"><figure class=\"aligncenter size-large\"><img decoding=\"async\" src=\"https:\/\/filles-de-la-charite.org\/wp-content\/uploads\/2023\/06\/fotos-da-Inauguracao-da-fazenda-6-768x1024-1.jpeg\" alt=\"\" class=\"wp-image-70279\" \/><\/figure><\/div>\n","protected":false},"excerpt":{"rendered":"<p>Un an et demi apr\u00e8s la pose de la premi\u00e8re pierre, et apr\u00e8s beaucoup de travail et de pers\u00e9v\u00e9rance, l&rsquo;archidioc\u00e8se d&rsquo;Olinda et Recife a inaugur\u00e9 le 31 mars 2022 \u00e0 Primavera, Pernambuco, Br\u00e9sil, une nouvelle unit\u00e9 f\u00e9minine de la Ferme de l&rsquo;Esp\u00e9rance (Fazenda da Esperan\u00e7a). Cette unit\u00e9 nomm\u00e9e \u00ab Ferme de l&rsquo;Espoir S\u0153ur Lindalva Justo [&hellip;]<\/p>\n","protected":false},"author":1,"featured_media":16724,"comment_status":"closed","ping_status":"closed","sticky":false,"template":"","format":"standard","meta":{"_acf_changed":false,"footnotes":"","_links_to":"","_links_to_target":""},"categories":[718],"tags":[],"class_list":["post-22606","post","type-post","status-publish","format-standard","has-post-thumbnail","hentry","category-recife-fr"],"acf":[],"yoast_head":"<!-- This site is optimized with the Yoast SEO plugin v27.5 - https:\/\/yoast.com\/product\/yoast-seo-wordpress\/ -->\n<title>Inauguration de la ferme de l\u2019Esp\u00e9rance Soeur Lindalva Justo de Oliveira - Filles de la Charit\u00e9<\/title>\n<meta name=\"robots\" content=\"index, follow, max-snippet:-1, max-image-preview:large, max-video-preview:-1\" \/>\n<link rel=\"canonical\" href=\"https:\/\/filles-de-la-charite.org\/fr\/inauguration-de-la-ferme-de-lesperance-soeur-lindalva-justo-de-oliveira\/\" \/>\n<meta property=\"og:locale\" content=\"fr_FR\" \/>\n<meta property=\"og:type\" content=\"article\" \/>\n<meta property=\"og:title\" content=\"Inauguration de la ferme de l\u2019Esp\u00e9rance Soeur Lindalva Justo de Oliveira - Filles de la Charit\u00e9\" \/>\n<meta property=\"og:description\" content=\"Un an et demi apr\u00e8s la pose de la premi\u00e8re pierre, et apr\u00e8s beaucoup de travail et de pers\u00e9v\u00e9rance, l&rsquo;archidioc\u00e8se d&rsquo;Olinda et Recife a inaugur\u00e9 le 31 mars 2022 \u00e0 Primavera, Pernambuco, Br\u00e9sil, une nouvelle unit\u00e9 f\u00e9minine de la Ferme de l&rsquo;Esp\u00e9rance (Fazenda da Esperan\u00e7a). Cette unit\u00e9 nomm\u00e9e \u00ab Ferme de l&rsquo;Espoir S\u0153ur Lindalva Justo [&hellip;]\" \/>\n<meta property=\"og:url\" content=\"https:\/\/filles-de-la-charite.org\/fr\/inauguration-de-la-ferme-de-lesperance-soeur-lindalva-justo-de-oliveira\/\" \/>\n<meta property=\"og:site_name\" content=\"Filles de la Charit\u00e9\" \/>\n<meta property=\"article:published_time\" content=\"2022-04-30T20:00:00+00:00\" \/>\n<meta property=\"article:modified_time\" content=\"2024-03-17T15:25:04+00:00\" \/>\n<meta property=\"og:image\" content=\"https:\/\/filles-de-la-charite.org\/wp-content\/uploads\/2023\/06\/fotos-da-Inauguracao-da-fazenda-5-scaled-1.jpeg\" \/>\n\t<meta property=\"og:image:width\" content=\"2560\" \/>\n\t<meta property=\"og:image:height\" content=\"1440\" \/>\n\t<meta property=\"og:image:type\" content=\"image\/jpeg\" \/>\n<meta name=\"author\" content=\"admin\" \/>\n<meta name=\"twitter:card\" content=\"summary_large_image\" \/>\n<meta name=\"twitter:label1\" content=\"\u00c9crit par\" \/>\n\t<meta name=\"twitter:data1\" content=\"admin\" \/>\n\t<meta name=\"twitter:label2\" content=\"Dur\u00e9e de lecture estim\u00e9e\" \/>\n\t<meta name=\"twitter:data2\" content=\"5 minutes\" \/>\n<script type=\"application\/ld+json\" class=\"yoast-schema-graph\">{\"@context\":\"https:\\\/\\\/schema.org\",\"@graph\":[{\"@type\":\"Article\",\"@id\":\"https:\\\/\\\/filles-de-la-charite.org\\\/fr\\\/inauguration-de-la-ferme-de-lesperance-soeur-lindalva-justo-de-oliveira\\\/#article\",\"isPartOf\":{\"@id\":\"https:\\\/\\\/filles-de-la-charite.org\\\/fr\\\/inauguration-de-la-ferme-de-lesperance-soeur-lindalva-justo-de-oliveira\\\/\"},\"author\":{\"name\":\"admin\",\"@id\":\"https:\\\/\\\/filles-de-la-charite.org\\\/fr\\\/#\\\/schema\\\/person\\\/427567b2eccfc2dd7d206da186a1f438\"},\"headline\":\"Inauguration de la ferme de l\u2019Esp\u00e9rance Soeur Lindalva Justo de Oliveira\",\"datePublished\":\"2022-04-30T20:00:00+00:00\",\"dateModified\":\"2024-03-17T15:25:04+00:00\",\"mainEntityOfPage\":{\"@id\":\"https:\\\/\\\/filles-de-la-charite.org\\\/fr\\\/inauguration-de-la-ferme-de-lesperance-soeur-lindalva-justo-de-oliveira\\\/\"},\"wordCount\":974,\"publisher\":{\"@id\":\"https:\\\/\\\/filles-de-la-charite.org\\\/fr\\\/#organization\"},\"image\":{\"@id\":\"https:\\\/\\\/filles-de-la-charite.org\\\/fr\\\/inauguration-de-la-ferme-de-lesperance-soeur-lindalva-justo-de-oliveira\\\/#primaryimage\"},\"thumbnailUrl\":\"https:\\\/\\\/filles-de-la-charite.org\\\/wp-content\\\/uploads\\\/2023\\\/06\\\/fotos-da-Inauguracao-da-fazenda-5-scaled-1.jpeg\",\"articleSection\":[\"Recife\"],\"inLanguage\":\"fr-FR\"},{\"@type\":\"WebPage\",\"@id\":\"https:\\\/\\\/filles-de-la-charite.org\\\/fr\\\/inauguration-de-la-ferme-de-lesperance-soeur-lindalva-justo-de-oliveira\\\/\",\"url\":\"https:\\\/\\\/filles-de-la-charite.org\\\/fr\\\/inauguration-de-la-ferme-de-lesperance-soeur-lindalva-justo-de-oliveira\\\/\",\"name\":\"Inauguration de la ferme de l\u2019Esp\u00e9rance Soeur Lindalva Justo de Oliveira - Filles de la Charit\u00e9\",\"isPartOf\":{\"@id\":\"https:\\\/\\\/filles-de-la-charite.org\\\/fr\\\/#website\"},\"primaryImageOfPage\":{\"@id\":\"https:\\\/\\\/filles-de-la-charite.org\\\/fr\\\/inauguration-de-la-ferme-de-lesperance-soeur-lindalva-justo-de-oliveira\\\/#primaryimage\"},\"image\":{\"@id\":\"https:\\\/\\\/filles-de-la-charite.org\\\/fr\\\/inauguration-de-la-ferme-de-lesperance-soeur-lindalva-justo-de-oliveira\\\/#primaryimage\"},\"thumbnailUrl\":\"https:\\\/\\\/filles-de-la-charite.org\\\/wp-content\\\/uploads\\\/2023\\\/06\\\/fotos-da-Inauguracao-da-fazenda-5-scaled-1.jpeg\",\"datePublished\":\"2022-04-30T20:00:00+00:00\",\"dateModified\":\"2024-03-17T15:25:04+00:00\",\"breadcrumb\":{\"@id\":\"https:\\\/\\\/filles-de-la-charite.org\\\/fr\\\/inauguration-de-la-ferme-de-lesperance-soeur-lindalva-justo-de-oliveira\\\/#breadcrumb\"},\"inLanguage\":\"fr-FR\",\"potentialAction\":[{\"@type\":\"ReadAction\",\"target\":[\"https:\\\/\\\/filles-de-la-charite.org\\\/fr\\\/inauguration-de-la-ferme-de-lesperance-soeur-lindalva-justo-de-oliveira\\\/\"]}]},{\"@type\":\"ImageObject\",\"inLanguage\":\"fr-FR\",\"@id\":\"https:\\\/\\\/filles-de-la-charite.org\\\/fr\\\/inauguration-de-la-ferme-de-lesperance-soeur-lindalva-justo-de-oliveira\\\/#primaryimage\",\"url\":\"https:\\\/\\\/filles-de-la-charite.org\\\/wp-content\\\/uploads\\\/2023\\\/06\\\/fotos-da-Inauguracao-da-fazenda-5-scaled-1.jpeg\",\"contentUrl\":\"https:\\\/\\\/filles-de-la-charite.org\\\/wp-content\\\/uploads\\\/2023\\\/06\\\/fotos-da-Inauguracao-da-fazenda-5-scaled-1.jpeg\",\"width\":2560,\"height\":1440},{\"@type\":\"BreadcrumbList\",\"@id\":\"https:\\\/\\\/filles-de-la-charite.org\\\/fr\\\/inauguration-de-la-ferme-de-lesperance-soeur-lindalva-justo-de-oliveira\\\/#breadcrumb\",\"itemListElement\":[{\"@type\":\"ListItem\",\"position\":1,\"name\":\"Recife\",\"item\":\"https:\\\/\\\/filles-de-la-charite.org\\\/fr\\\/category\\\/recife-fr\\\/\"},{\"@type\":\"ListItem\",\"position\":2,\"name\":\"Inauguration de la ferme de l\u2019Esp\u00e9rance Soeur Lindalva Justo de Oliveira\"}]},{\"@type\":\"WebSite\",\"@id\":\"https:\\\/\\\/filles-de-la-charite.org\\\/fr\\\/#website\",\"url\":\"https:\\\/\\\/filles-de-la-charite.org\\\/fr\\\/\",\"name\":\"Hijas de la Caridad\",\"description\":\"L\u2019amour de J\u00e9sus nous presse \u00e0 prendre soin des personnes les plus d\u00e9munies\",\"publisher\":{\"@id\":\"https:\\\/\\\/filles-de-la-charite.org\\\/fr\\\/#organization\"},\"potentialAction\":[{\"@type\":\"SearchAction\",\"target\":{\"@type\":\"EntryPoint\",\"urlTemplate\":\"https:\\\/\\\/filles-de-la-charite.org\\\/fr\\\/?s={search_term_string}\"},\"query-input\":{\"@type\":\"PropertyValueSpecification\",\"valueRequired\":true,\"valueName\":\"search_term_string\"}}],\"inLanguage\":\"fr-FR\"},{\"@type\":\"Organization\",\"@id\":\"https:\\\/\\\/filles-de-la-charite.org\\\/fr\\\/#organization\",\"name\":\"Hijas de la Caridad\",\"url\":\"https:\\\/\\\/filles-de-la-charite.org\\\/fr\\\/\",\"logo\":{\"@type\":\"ImageObject\",\"inLanguage\":\"fr-FR\",\"@id\":\"https:\\\/\\\/filles-de-la-charite.org\\\/fr\\\/#\\\/schema\\\/logo\\\/image\\\/\",\"url\":\"https:\\\/\\\/filles-de-la-charite.org\\\/wp-content\\\/uploads\\\/2023\\\/03\\\/isotipo-Hijas-de-la-Caridad.png\",\"contentUrl\":\"https:\\\/\\\/filles-de-la-charite.org\\\/wp-content\\\/uploads\\\/2023\\\/03\\\/isotipo-Hijas-de-la-Caridad.png\",\"width\":1417,\"height\":1417,\"caption\":\"Hijas de la Caridad\"},\"image\":{\"@id\":\"https:\\\/\\\/filles-de-la-charite.org\\\/fr\\\/#\\\/schema\\\/logo\\\/image\\\/\"}},{\"@type\":\"Person\",\"@id\":\"https:\\\/\\\/filles-de-la-charite.org\\\/fr\\\/#\\\/schema\\\/person\\\/427567b2eccfc2dd7d206da186a1f438\",\"name\":\"admin\",\"image\":{\"@type\":\"ImageObject\",\"inLanguage\":\"fr-FR\",\"@id\":\"https:\\\/\\\/secure.gravatar.com\\\/avatar\\\/948b492cce32b586ac2db0eaa926ee87024f7afe218d73b397ea5ddfc5f43ea1?s=96&d=mm&r=g\",\"url\":\"https:\\\/\\\/secure.gravatar.com\\\/avatar\\\/948b492cce32b586ac2db0eaa926ee87024f7afe218d73b397ea5ddfc5f43ea1?s=96&d=mm&r=g\",\"contentUrl\":\"https:\\\/\\\/secure.gravatar.com\\\/avatar\\\/948b492cce32b586ac2db0eaa926ee87024f7afe218d73b397ea5ddfc5f43ea1?s=96&d=mm&r=g\",\"caption\":\"admin\"},\"sameAs\":[\"https:\\\/\\\/filles-de-la-charite.org\"],\"url\":\"https:\\\/\\\/filles-de-la-charite.org\\\/fr\\\/author\\\/caridad\\\/\"}]}<\/script>\n<!-- \/ Yoast SEO plugin. -->","yoast_head_json":{"title":"Inauguration de la ferme de l\u2019Esp\u00e9rance Soeur Lindalva Justo de Oliveira - Filles de la Charit\u00e9","robots":{"index":"index","follow":"follow","max-snippet":"max-snippet:-1","max-image-preview":"max-image-preview:large","max-video-preview":"max-video-preview:-1"},"canonical":"https:\/\/filles-de-la-charite.org\/fr\/inauguration-de-la-ferme-de-lesperance-soeur-lindalva-justo-de-oliveira\/","og_locale":"fr_FR","og_type":"article","og_title":"Inauguration de la ferme de l\u2019Esp\u00e9rance Soeur Lindalva Justo de Oliveira - Filles de la Charit\u00e9","og_description":"Un an et demi apr\u00e8s la pose de la premi\u00e8re pierre, et apr\u00e8s beaucoup de travail et de pers\u00e9v\u00e9rance, l&rsquo;archidioc\u00e8se d&rsquo;Olinda et Recife a inaugur\u00e9 le 31 mars 2022 \u00e0 Primavera, Pernambuco, Br\u00e9sil, une nouvelle unit\u00e9 f\u00e9minine de la Ferme de l&rsquo;Esp\u00e9rance (Fazenda da Esperan\u00e7a). Cette unit\u00e9 nomm\u00e9e \u00ab Ferme de l&rsquo;Espoir S\u0153ur Lindalva Justo [&hellip;]","og_url":"https:\/\/filles-de-la-charite.org\/fr\/inauguration-de-la-ferme-de-lesperance-soeur-lindalva-justo-de-oliveira\/","og_site_name":"Filles de la Charit\u00e9","article_published_time":"2022-04-30T20:00:00+00:00","article_modified_time":"2024-03-17T15:25:04+00:00","og_image":[{"width":2560,"height":1440,"url":"https:\/\/filles-de-la-charite.org\/wp-content\/uploads\/2023\/06\/fotos-da-Inauguracao-da-fazenda-5-scaled-1.jpeg","type":"image\/jpeg"}],"author":"admin","twitter_card":"summary_large_image","twitter_misc":{"\u00c9crit par":"admin","Dur\u00e9e de lecture estim\u00e9e":"5 minutes"},"schema":{"@context":"https:\/\/schema.org","@graph":[{"@type":"Article","@id":"https:\/\/filles-de-la-charite.org\/fr\/inauguration-de-la-ferme-de-lesperance-soeur-lindalva-justo-de-oliveira\/#article","isPartOf":{"@id":"https:\/\/filles-de-la-charite.org\/fr\/inauguration-de-la-ferme-de-lesperance-soeur-lindalva-justo-de-oliveira\/"},"author":{"name":"admin","@id":"https:\/\/filles-de-la-charite.org\/fr\/#\/schema\/person\/427567b2eccfc2dd7d206da186a1f438"},"headline":"Inauguration de la ferme de l\u2019Esp\u00e9rance Soeur Lindalva Justo de Oliveira","datePublished":"2022-04-30T20:00:00+00:00","dateModified":"2024-03-17T15:25:04+00:00","mainEntityOfPage":{"@id":"https:\/\/filles-de-la-charite.org\/fr\/inauguration-de-la-ferme-de-lesperance-soeur-lindalva-justo-de-oliveira\/"},"wordCount":974,"publisher":{"@id":"https:\/\/filles-de-la-charite.org\/fr\/#organization"},"image":{"@id":"https:\/\/filles-de-la-charite.org\/fr\/inauguration-de-la-ferme-de-lesperance-soeur-lindalva-justo-de-oliveira\/#primaryimage"},"thumbnailUrl":"https:\/\/filles-de-la-charite.org\/wp-content\/uploads\/2023\/06\/fotos-da-Inauguracao-da-fazenda-5-scaled-1.jpeg","articleSection":["Recife"],"inLanguage":"fr-FR"},{"@type":"WebPage","@id":"https:\/\/filles-de-la-charite.org\/fr\/inauguration-de-la-ferme-de-lesperance-soeur-lindalva-justo-de-oliveira\/","url":"https:\/\/filles-de-la-charite.org\/fr\/inauguration-de-la-ferme-de-lesperance-soeur-lindalva-justo-de-oliveira\/","name":"Inauguration de la ferme de l\u2019Esp\u00e9rance Soeur Lindalva Justo de Oliveira - Filles de la Charit\u00e9","isPartOf":{"@id":"https:\/\/filles-de-la-charite.org\/fr\/#website"},"primaryImageOfPage":{"@id":"https:\/\/filles-de-la-charite.org\/fr\/inauguration-de-la-ferme-de-lesperance-soeur-lindalva-justo-de-oliveira\/#primaryimage"},"image":{"@id":"https:\/\/filles-de-la-charite.org\/fr\/inauguration-de-la-ferme-de-lesperance-soeur-lindalva-justo-de-oliveira\/#primaryimage"},"thumbnailUrl":"https:\/\/filles-de-la-charite.org\/wp-content\/uploads\/2023\/06\/fotos-da-Inauguracao-da-fazenda-5-scaled-1.jpeg","datePublished":"2022-04-30T20:00:00+00:00","dateModified":"2024-03-17T15:25:04+00:00","breadcrumb":{"@id":"https:\/\/filles-de-la-charite.org\/fr\/inauguration-de-la-ferme-de-lesperance-soeur-lindalva-justo-de-oliveira\/#breadcrumb"},"inLanguage":"fr-FR","potentialAction":[{"@type":"ReadAction","target":["https:\/\/filles-de-la-charite.org\/fr\/inauguration-de-la-ferme-de-lesperance-soeur-lindalva-justo-de-oliveira\/"]}]},{"@type":"ImageObject","inLanguage":"fr-FR","@id":"https:\/\/filles-de-la-charite.org\/fr\/inauguration-de-la-ferme-de-lesperance-soeur-lindalva-justo-de-oliveira\/#primaryimage","url":"https:\/\/filles-de-la-charite.org\/wp-content\/uploads\/2023\/06\/fotos-da-Inauguracao-da-fazenda-5-scaled-1.jpeg","contentUrl":"https:\/\/filles-de-la-charite.org\/wp-content\/uploads\/2023\/06\/fotos-da-Inauguracao-da-fazenda-5-scaled-1.jpeg","width":2560,"height":1440},{"@type":"BreadcrumbList","@id":"https:\/\/filles-de-la-charite.org\/fr\/inauguration-de-la-ferme-de-lesperance-soeur-lindalva-justo-de-oliveira\/#breadcrumb","itemListElement":[{"@type":"ListItem","position":1,"name":"Recife","item":"https:\/\/filles-de-la-charite.org\/fr\/category\/recife-fr\/"},{"@type":"ListItem","position":2,"name":"Inauguration de la ferme de l\u2019Esp\u00e9rance Soeur Lindalva Justo de Oliveira"}]},{"@type":"WebSite","@id":"https:\/\/filles-de-la-charite.org\/fr\/#website","url":"https:\/\/filles-de-la-charite.org\/fr\/","name":"Hijas de la Caridad","description":"L\u2019amour de J\u00e9sus nous presse \u00e0 prendre soin des personnes les plus d\u00e9munies","publisher":{"@id":"https:\/\/filles-de-la-charite.org\/fr\/#organization"},"potentialAction":[{"@type":"SearchAction","target":{"@type":"EntryPoint","urlTemplate":"https:\/\/filles-de-la-charite.org\/fr\/?s={search_term_string}"},"query-input":{"@type":"PropertyValueSpecification","valueRequired":true,"valueName":"search_term_string"}}],"inLanguage":"fr-FR"},{"@type":"Organization","@id":"https:\/\/filles-de-la-charite.org\/fr\/#organization","name":"Hijas de la Caridad","url":"https:\/\/filles-de-la-charite.org\/fr\/","logo":{"@type":"ImageObject","inLanguage":"fr-FR","@id":"https:\/\/filles-de-la-charite.org\/fr\/#\/schema\/logo\/image\/","url":"https:\/\/filles-de-la-charite.org\/wp-content\/uploads\/2023\/03\/isotipo-Hijas-de-la-Caridad.png","contentUrl":"https:\/\/filles-de-la-charite.org\/wp-content\/uploads\/2023\/03\/isotipo-Hijas-de-la-Caridad.png","width":1417,"height":1417,"caption":"Hijas de la Caridad"},"image":{"@id":"https:\/\/filles-de-la-charite.org\/fr\/#\/schema\/logo\/image\/"}},{"@type":"Person","@id":"https:\/\/filles-de-la-charite.org\/fr\/#\/schema\/person\/427567b2eccfc2dd7d206da186a1f438","name":"admin","image":{"@type":"ImageObject","inLanguage":"fr-FR","@id":"https:\/\/secure.gravatar.com\/avatar\/948b492cce32b586ac2db0eaa926ee87024f7afe218d73b397ea5ddfc5f43ea1?s=96&d=mm&r=g","url":"https:\/\/secure.gravatar.com\/avatar\/948b492cce32b586ac2db0eaa926ee87024f7afe218d73b397ea5ddfc5f43ea1?s=96&d=mm&r=g","contentUrl":"https:\/\/secure.gravatar.com\/avatar\/948b492cce32b586ac2db0eaa926ee87024f7afe218d73b397ea5ddfc5f43ea1?s=96&d=mm&r=g","caption":"admin"},"sameAs":["https:\/\/filles-de-la-charite.org"],"url":"https:\/\/filles-de-la-charite.org\/fr\/author\/caridad\/"}]}},"_links":{"self":[{"href":"https:\/\/filles-de-la-charite.org\/fr\/wp-json\/wp\/v2\/posts\/22606","targetHints":{"allow":["GET"]}}],"collection":[{"href":"https:\/\/filles-de-la-charite.org\/fr\/wp-json\/wp\/v2\/posts"}],"about":[{"href":"https:\/\/filles-de-la-charite.org\/fr\/wp-json\/wp\/v2\/types\/post"}],"author":[{"embeddable":true,"href":"https:\/\/filles-de-la-charite.org\/fr\/wp-json\/wp\/v2\/users\/1"}],"replies":[{"embeddable":true,"href":"https:\/\/filles-de-la-charite.org\/fr\/wp-json\/wp\/v2\/comments?post=22606"}],"version-history":[{"count":1,"href":"https:\/\/filles-de-la-charite.org\/fr\/wp-json\/wp\/v2\/posts\/22606\/revisions"}],"predecessor-version":[{"id":22607,"href":"https:\/\/filles-de-la-charite.org\/fr\/wp-json\/wp\/v2\/posts\/22606\/revisions\/22607"}],"wp:featuredmedia":[{"embeddable":true,"href":"https:\/\/filles-de-la-charite.org\/fr\/wp-json\/wp\/v2\/media\/16724"}],"wp:attachment":[{"href":"https:\/\/filles-de-la-charite.org\/fr\/wp-json\/wp\/v2\/media?parent=22606"}],"wp:term":[{"taxonomy":"category","embeddable":true,"href":"https:\/\/filles-de-la-charite.org\/fr\/wp-json\/wp\/v2\/categories?post=22606"},{"taxonomy":"post_tag","embeddable":true,"href":"https:\/\/filles-de-la-charite.org\/fr\/wp-json\/wp\/v2\/tags?post=22606"}],"curies":[{"name":"wp","href":"https:\/\/api.w.org\/{rel}","templated":true}]}}