{"id":22608,"date":"2022-04-30T22:00:00","date_gmt":"2022-04-30T20:00:00","guid":{"rendered":"https:\/\/hijascaridad.sjdigitaldemo.ovh\/projet-apprendre-travailler\/"},"modified":"2024-03-17T16:25:15","modified_gmt":"2024-03-17T15:25:15","slug":"projet-apprendre-travailler","status":"publish","type":"post","link":"https:\/\/filles-de-la-charite.org\/fr\/projet-apprendre-travailler\/","title":{"rendered":"Projet \u00abApprendre-Travailler\u00bb"},"content":{"rendered":"\n<p>La Communaut\u00e9 Bienheureuse Rosalie Rendu des Filles de la Charit\u00e9 de Saint Vincent de Paul, est compos\u00e9e de trois S\u0153urs arriv\u00e9es en Papouasie-Nouvelle-Guin\u00e9e (PNG) en janvier 2019, \u00e0 la demande de Mgr Rolando C. Santos, CM, pour collaborer avec le Dioc\u00e8se dans sa mission d&rsquo;\u00e9vang\u00e9lisation \u00e0 travers le minist\u00e8re de l&rsquo;\u00e9ducation (\u00e9coles catholiques) en particulier l&rsquo;\u00e9cole secondaire du Sacr\u00e9-C\u0153ur, Hagita et le centre pastoral Saint-Paul.<\/p>\n\n\n\n<div class=\"wp-block-image\"><figure class=\"aligncenter size-full\"><img decoding=\"async\" src=\"https:\/\/filles-de-la-charite.org\/wp-content\/uploads\/2023\/06\/1inline.jpg\" alt=\"\" class=\"wp-image-70307\" \/><figcaption><em>Programme de nutrition pour des enfants<\/em><\/figcaption><\/figure><\/div>\n\n\n\n<p>Deux ans de service dans les deux institutions, les S\u0153urs ont \u00e9galement \u00e9tabli des relations avec des familles vivant dans des conditions de pr\u00e9carit\u00e9 dans les villages environnants. La communaut\u00e9 des Filles de la Charit\u00e9 a fait l&rsquo;exp\u00e9rience de la g\u00e9n\u00e9rosit\u00e9 de ces familles car elles apportaient des produits du jardin en \u00e9change de riz et de poisson. Lors des f\u00eates communautaires, les S\u0153urs offraient une alimentation compl\u00e9mentaire aux enfants.<\/p>\n\n\n\n<p>Cependant, il a \u00e9t\u00e9 observ\u00e9 que pendant les saisons des pluies, les familles ne peuvent pas cultiver la terre et pour avoir quelque chose sur la table, elles sont oblig\u00e9es de demander de la nourriture notamment du riz. C&rsquo;est devenu un ph\u00e9nom\u00e8ne qui s\u2019est exacerb\u00e9 pendant le confinement \u00e0 cause du COVID 19.<\/p>\n\n\n\n<div class=\"wp-block-image\"><figure class=\"aligncenter size-large\"><img decoding=\"async\" src=\"https:\/\/filles-de-la-charite.org\/wp-content\/uploads\/2023\/06\/2inline-1024x446-1.jpg\" alt=\"\" class=\"wp-image-70308\" \/><figcaption><em>Visite \u00e0 domicile&nbsp;<\/em><\/figcaption><\/figure><\/div>\n\n\n\n<p>Comme alternative au syst\u00e8me de distribution d&rsquo;aide aux personnes dans le besoin, la Communaut\u00e9 a d\u00e9cid\u00e9 d&rsquo;utiliser une m\u00e9thode plus durable : Le LEARN-WORK (Apprentissage et travail). Une aide alimentaire hebdomadaire est fournie pour inciter les gens, en particulier les m\u00e8res, \u00e0 se r\u00e9unir pour se former, acqu\u00e9rir des comp\u00e9tences et effectuer un travail commun. Il s\u2019agit d\u2019une approche d\u2019\u00e9vang\u00e9lisation par le d\u00e9veloppement int\u00e9gral. Le projet a d\u00e9but\u00e9 avec 25 familles vivant en situation de pauvret\u00e9, ayant cinq enfants et qui sont des agriculteurs de subsistance. Les activit\u00e9s comprennent la formation spirituelle, la formation humaine, l&rsquo;\u00e9ducation \u00e0 la foi et le service (formation \u00e0 la parentalit\u00e9 responsable, soin de notre maison commune, campagne contre la violence domestique et politique de protection de l&rsquo;enfance).<\/p>\n\n\n\n<div class=\"wp-block-image\"><figure class=\"aligncenter size-full\"><img decoding=\"async\" src=\"https:\/\/filles-de-la-charite.org\/wp-content\/uploads\/2023\/06\/3inline.jpg\" alt=\"\" class=\"wp-image-70309\" \/><figcaption><em>Mamans r\u00e9alisant des taches communes<\/em><\/figcaption><\/figure><\/div>\n\n\n\n<p>2022, sa troisi\u00e8me ann\u00e9e de mise en \u0153uvre et de r\u00e9colte des fruits visibles du Projet, la Communaut\u00e9 des S\u0153urs est reconnaissante \u00e0 Dieu pour cette occasion en or de Le servir dans nos s\u0153urs et fr\u00e8res de PNG. La gratitude va \u00e9galement aux agences \u00e9trang\u00e8res comme International Project Services (IPS) des Filles de la Charit\u00e9 et BVM Hunger Fund Project des S\u0153urs de la Charit\u00e9 de la Bienheureuse Vierge Marie.<\/p>\n\n\n\n<p>Les b\u00e9n\u00e9ficiaires disent que Learn-Work a aid\u00e9 leurs familles de plusieurs mani\u00e8res car ils ont appris davantage sur la foi catholique et le sens de ce en quoi ils croient et sont donc encourag\u00e9s \u00e0 t\u00e9moigner de cette foi. Une m\u00e8re offre maintenant des fruits comme de la papaye m\u00fbre, de la banane ou de la jeune noix de coco aux s\u0153urs chaque fois qu&rsquo;elle va vendre des fruits au march\u00e9 en remerciement pour les nombreuses b\u00e9n\u00e9dictions re\u00e7ues par sa famille. Vangie, une b\u00e9n\u00e9ficiaire, a exprim\u00e9 son action de gr\u00e2ce \u00e0 travers ces mots : \u00ab Merci pour ce Learn-Work o\u00f9 nous continuons \u00e0 grandir dans les aspects spirituels, \u00e9conomiques et sociaux de nos vies ; nous avons re\u00e7u des biens mat\u00e9riels, nous avons pri\u00e9 ensemble et nous avons eu de bonnes relations avec les autres pendant les quelques heures de services que nous avons rendues. Je suis&nbsp; reconnaissante envers Dieu pour ses b\u00e9n\u00e9dictions dans la vie. Que Dieu nous b\u00e9nisse tous.<\/p>\n\n\n\n<p>Sr. Rober<em>ta SIMBAJON, FdlC<\/em><\/p>\n\n\n\n<div class=\"wp-block-image\"><figure class=\"aligncenter size-full\"><img decoding=\"async\" src=\"https:\/\/filles-de-la-charite.org\/wp-content\/uploads\/2023\/06\/PNG-Photo-4-Kopia.jpg\" alt=\"\" class=\"wp-image-70306\" \/><figcaption><em>Rassemblement pascal<\/em><\/figcaption><\/figure><\/div>\n","protected":false},"excerpt":{"rendered":"<p>La Communaut\u00e9 Bienheureuse Rosalie Rendu des Filles de la Charit\u00e9 de Saint Vincent de Paul, est compos\u00e9e de trois S\u0153urs arriv\u00e9es en Papouasie-Nouvelle-Guin\u00e9e (PNG) en janvier 2019, \u00e0 la demande de Mgr Rolando C. Santos, CM, pour collaborer avec le Dioc\u00e8se dans sa mission d&rsquo;\u00e9vang\u00e9lisation \u00e0 travers le minist\u00e8re de l&rsquo;\u00e9ducation (\u00e9coles catholiques) en particulier [&hellip;]<\/p>\n","protected":false},"author":1,"featured_media":16749,"comment_status":"closed","ping_status":"closed","sticky":false,"template":"","format":"standard","meta":{"_acf_changed":false,"_et_pb_use_builder":"","_et_pb_old_content":"","_et_gb_content_width":"","footnotes":"","_links_to":"","_links_to_target":""},"categories":[760],"tags":[],"class_list":["post-22608","post","type-post","status-publish","format-standard","has-post-thumbnail","hentry","category-sainte-louise-asie-fr"],"acf":[],"yoast_head":"<!-- This site is optimized with the Yoast SEO plugin v27.4 - https:\/\/yoast.com\/product\/yoast-seo-wordpress\/ -->\n<title>Projet \u00abApprendre-Travailler\u00bb - Filles de la Charit\u00e9<\/title>\n<meta name=\"robots\" content=\"index, follow, max-snippet:-1, max-image-preview:large, max-video-preview:-1\" \/>\n<link rel=\"canonical\" href=\"https:\/\/filles-de-la-charite.org\/fr\/projet-apprendre-travailler\/\" \/>\n<meta property=\"og:locale\" content=\"fr_FR\" \/>\n<meta property=\"og:type\" content=\"article\" \/>\n<meta property=\"og:title\" content=\"Projet \u00abApprendre-Travailler\u00bb - Filles de la Charit\u00e9\" \/>\n<meta property=\"og:description\" content=\"La Communaut\u00e9 Bienheureuse Rosalie Rendu des Filles de la Charit\u00e9 de Saint Vincent de Paul, est compos\u00e9e de trois S\u0153urs arriv\u00e9es en Papouasie-Nouvelle-Guin\u00e9e (PNG) en janvier 2019, \u00e0 la demande de Mgr Rolando C. Santos, CM, pour collaborer avec le Dioc\u00e8se dans sa mission d&rsquo;\u00e9vang\u00e9lisation \u00e0 travers le minist\u00e8re de l&rsquo;\u00e9ducation (\u00e9coles catholiques) en particulier [&hellip;]\" \/>\n<meta property=\"og:url\" content=\"https:\/\/filles-de-la-charite.org\/fr\/projet-apprendre-travailler\/\" \/>\n<meta property=\"og:site_name\" content=\"Filles de la Charit\u00e9\" \/>\n<meta property=\"article:published_time\" content=\"2022-04-30T20:00:00+00:00\" \/>\n<meta property=\"article:modified_time\" content=\"2024-03-17T15:25:15+00:00\" \/>\n<meta property=\"og:image\" content=\"https:\/\/filles-de-la-charite.org\/wp-content\/uploads\/2023\/06\/PNG-Photo-4-Kopia.jpg\" \/>\n\t<meta property=\"og:image:width\" content=\"1025\" \/>\n\t<meta property=\"og:image:height\" content=\"768\" \/>\n\t<meta property=\"og:image:type\" content=\"image\/jpeg\" \/>\n<meta name=\"author\" content=\"admin\" \/>\n<meta name=\"twitter:card\" content=\"summary_large_image\" \/>\n<meta name=\"twitter:label1\" content=\"\u00c9crit par\" \/>\n\t<meta name=\"twitter:data1\" content=\"admin\" \/>\n\t<meta name=\"twitter:label2\" content=\"Dur\u00e9e de lecture estim\u00e9e\" \/>\n\t<meta name=\"twitter:data2\" content=\"4 minutes\" \/>\n<script type=\"application\/ld+json\" class=\"yoast-schema-graph\">{\"@context\":\"https:\\\/\\\/schema.org\",\"@graph\":[{\"@type\":\"Article\",\"@id\":\"https:\\\/\\\/filles-de-la-charite.org\\\/fr\\\/projet-apprendre-travailler\\\/#article\",\"isPartOf\":{\"@id\":\"https:\\\/\\\/filles-de-la-charite.org\\\/fr\\\/projet-apprendre-travailler\\\/\"},\"author\":{\"name\":\"admin\",\"@id\":\"https:\\\/\\\/filles-de-la-charite.org\\\/fr\\\/#\\\/schema\\\/person\\\/427567b2eccfc2dd7d206da186a1f438\"},\"headline\":\"Projet \u00abApprendre-Travailler\u00bb\",\"datePublished\":\"2022-04-30T20:00:00+00:00\",\"dateModified\":\"2024-03-17T15:25:15+00:00\",\"mainEntityOfPage\":{\"@id\":\"https:\\\/\\\/filles-de-la-charite.org\\\/fr\\\/projet-apprendre-travailler\\\/\"},\"wordCount\":623,\"publisher\":{\"@id\":\"https:\\\/\\\/filles-de-la-charite.org\\\/fr\\\/#organization\"},\"image\":{\"@id\":\"https:\\\/\\\/filles-de-la-charite.org\\\/fr\\\/projet-apprendre-travailler\\\/#primaryimage\"},\"thumbnailUrl\":\"https:\\\/\\\/filles-de-la-charite.org\\\/wp-content\\\/uploads\\\/2023\\\/06\\\/PNG-Photo-4-Kopia.jpg\",\"articleSection\":[\"Sainte Louise - Asie\"],\"inLanguage\":\"fr-FR\"},{\"@type\":\"WebPage\",\"@id\":\"https:\\\/\\\/filles-de-la-charite.org\\\/fr\\\/projet-apprendre-travailler\\\/\",\"url\":\"https:\\\/\\\/filles-de-la-charite.org\\\/fr\\\/projet-apprendre-travailler\\\/\",\"name\":\"Projet \u00abApprendre-Travailler\u00bb - Filles de la Charit\u00e9\",\"isPartOf\":{\"@id\":\"https:\\\/\\\/filles-de-la-charite.org\\\/fr\\\/#website\"},\"primaryImageOfPage\":{\"@id\":\"https:\\\/\\\/filles-de-la-charite.org\\\/fr\\\/projet-apprendre-travailler\\\/#primaryimage\"},\"image\":{\"@id\":\"https:\\\/\\\/filles-de-la-charite.org\\\/fr\\\/projet-apprendre-travailler\\\/#primaryimage\"},\"thumbnailUrl\":\"https:\\\/\\\/filles-de-la-charite.org\\\/wp-content\\\/uploads\\\/2023\\\/06\\\/PNG-Photo-4-Kopia.jpg\",\"datePublished\":\"2022-04-30T20:00:00+00:00\",\"dateModified\":\"2024-03-17T15:25:15+00:00\",\"breadcrumb\":{\"@id\":\"https:\\\/\\\/filles-de-la-charite.org\\\/fr\\\/projet-apprendre-travailler\\\/#breadcrumb\"},\"inLanguage\":\"fr-FR\",\"potentialAction\":[{\"@type\":\"ReadAction\",\"target\":[\"https:\\\/\\\/filles-de-la-charite.org\\\/fr\\\/projet-apprendre-travailler\\\/\"]}]},{\"@type\":\"ImageObject\",\"inLanguage\":\"fr-FR\",\"@id\":\"https:\\\/\\\/filles-de-la-charite.org\\\/fr\\\/projet-apprendre-travailler\\\/#primaryimage\",\"url\":\"https:\\\/\\\/filles-de-la-charite.org\\\/wp-content\\\/uploads\\\/2023\\\/06\\\/PNG-Photo-4-Kopia.jpg\",\"contentUrl\":\"https:\\\/\\\/filles-de-la-charite.org\\\/wp-content\\\/uploads\\\/2023\\\/06\\\/PNG-Photo-4-Kopia.jpg\",\"width\":1025,\"height\":768},{\"@type\":\"BreadcrumbList\",\"@id\":\"https:\\\/\\\/filles-de-la-charite.org\\\/fr\\\/projet-apprendre-travailler\\\/#breadcrumb\",\"itemListElement\":[{\"@type\":\"ListItem\",\"position\":1,\"name\":\"Indon\u00e9sie\",\"item\":\"https:\\\/\\\/filles-de-la-charite.org\\\/fr\\\/category\\\/indonesie\\\/\"},{\"@type\":\"ListItem\",\"position\":2,\"name\":\"Projet \u00abApprendre-Travailler\u00bb\"}]},{\"@type\":\"WebSite\",\"@id\":\"https:\\\/\\\/filles-de-la-charite.org\\\/fr\\\/#website\",\"url\":\"https:\\\/\\\/filles-de-la-charite.org\\\/fr\\\/\",\"name\":\"Hijas de la Caridad\",\"description\":\"L\u2019amour de J\u00e9sus nous presse \u00e0 prendre soin des personnes les plus d\u00e9munies\",\"publisher\":{\"@id\":\"https:\\\/\\\/filles-de-la-charite.org\\\/fr\\\/#organization\"},\"potentialAction\":[{\"@type\":\"SearchAction\",\"target\":{\"@type\":\"EntryPoint\",\"urlTemplate\":\"https:\\\/\\\/filles-de-la-charite.org\\\/fr\\\/?s={search_term_string}\"},\"query-input\":{\"@type\":\"PropertyValueSpecification\",\"valueRequired\":true,\"valueName\":\"search_term_string\"}}],\"inLanguage\":\"fr-FR\"},{\"@type\":\"Organization\",\"@id\":\"https:\\\/\\\/filles-de-la-charite.org\\\/fr\\\/#organization\",\"name\":\"Hijas de la Caridad\",\"url\":\"https:\\\/\\\/filles-de-la-charite.org\\\/fr\\\/\",\"logo\":{\"@type\":\"ImageObject\",\"inLanguage\":\"fr-FR\",\"@id\":\"https:\\\/\\\/filles-de-la-charite.org\\\/fr\\\/#\\\/schema\\\/logo\\\/image\\\/\",\"url\":\"https:\\\/\\\/filles-de-la-charite.org\\\/wp-content\\\/uploads\\\/2023\\\/03\\\/isotipo-Hijas-de-la-Caridad.png\",\"contentUrl\":\"https:\\\/\\\/filles-de-la-charite.org\\\/wp-content\\\/uploads\\\/2023\\\/03\\\/isotipo-Hijas-de-la-Caridad.png\",\"width\":1417,\"height\":1417,\"caption\":\"Hijas de la Caridad\"},\"image\":{\"@id\":\"https:\\\/\\\/filles-de-la-charite.org\\\/fr\\\/#\\\/schema\\\/logo\\\/image\\\/\"}},{\"@type\":\"Person\",\"@id\":\"https:\\\/\\\/filles-de-la-charite.org\\\/fr\\\/#\\\/schema\\\/person\\\/427567b2eccfc2dd7d206da186a1f438\",\"name\":\"admin\",\"image\":{\"@type\":\"ImageObject\",\"inLanguage\":\"fr-FR\",\"@id\":\"https:\\\/\\\/secure.gravatar.com\\\/avatar\\\/948b492cce32b586ac2db0eaa926ee87024f7afe218d73b397ea5ddfc5f43ea1?s=96&d=mm&r=g\",\"url\":\"https:\\\/\\\/secure.gravatar.com\\\/avatar\\\/948b492cce32b586ac2db0eaa926ee87024f7afe218d73b397ea5ddfc5f43ea1?s=96&d=mm&r=g\",\"contentUrl\":\"https:\\\/\\\/secure.gravatar.com\\\/avatar\\\/948b492cce32b586ac2db0eaa926ee87024f7afe218d73b397ea5ddfc5f43ea1?s=96&d=mm&r=g\",\"caption\":\"admin\"},\"sameAs\":[\"https:\\\/\\\/filles-de-la-charite.org\"],\"url\":\"https:\\\/\\\/filles-de-la-charite.org\\\/fr\\\/author\\\/caridad\\\/\"}]}<\/script>\n<!-- \/ Yoast SEO plugin. -->","yoast_head_json":{"title":"Projet \u00abApprendre-Travailler\u00bb - Filles de la Charit\u00e9","robots":{"index":"index","follow":"follow","max-snippet":"max-snippet:-1","max-image-preview":"max-image-preview:large","max-video-preview":"max-video-preview:-1"},"canonical":"https:\/\/filles-de-la-charite.org\/fr\/projet-apprendre-travailler\/","og_locale":"fr_FR","og_type":"article","og_title":"Projet \u00abApprendre-Travailler\u00bb - Filles de la Charit\u00e9","og_description":"La Communaut\u00e9 Bienheureuse Rosalie Rendu des Filles de la Charit\u00e9 de Saint Vincent de Paul, est compos\u00e9e de trois S\u0153urs arriv\u00e9es en Papouasie-Nouvelle-Guin\u00e9e (PNG) en janvier 2019, \u00e0 la demande de Mgr Rolando C. Santos, CM, pour collaborer avec le Dioc\u00e8se dans sa mission d&rsquo;\u00e9vang\u00e9lisation \u00e0 travers le minist\u00e8re de l&rsquo;\u00e9ducation (\u00e9coles catholiques) en particulier [&hellip;]","og_url":"https:\/\/filles-de-la-charite.org\/fr\/projet-apprendre-travailler\/","og_site_name":"Filles de la Charit\u00e9","article_published_time":"2022-04-30T20:00:00+00:00","article_modified_time":"2024-03-17T15:25:15+00:00","og_image":[{"width":1025,"height":768,"url":"https:\/\/filles-de-la-charite.org\/wp-content\/uploads\/2023\/06\/PNG-Photo-4-Kopia.jpg","type":"image\/jpeg"}],"author":"admin","twitter_card":"summary_large_image","twitter_misc":{"\u00c9crit par":"admin","Dur\u00e9e de lecture estim\u00e9e":"4 minutes"},"schema":{"@context":"https:\/\/schema.org","@graph":[{"@type":"Article","@id":"https:\/\/filles-de-la-charite.org\/fr\/projet-apprendre-travailler\/#article","isPartOf":{"@id":"https:\/\/filles-de-la-charite.org\/fr\/projet-apprendre-travailler\/"},"author":{"name":"admin","@id":"https:\/\/filles-de-la-charite.org\/fr\/#\/schema\/person\/427567b2eccfc2dd7d206da186a1f438"},"headline":"Projet \u00abApprendre-Travailler\u00bb","datePublished":"2022-04-30T20:00:00+00:00","dateModified":"2024-03-17T15:25:15+00:00","mainEntityOfPage":{"@id":"https:\/\/filles-de-la-charite.org\/fr\/projet-apprendre-travailler\/"},"wordCount":623,"publisher":{"@id":"https:\/\/filles-de-la-charite.org\/fr\/#organization"},"image":{"@id":"https:\/\/filles-de-la-charite.org\/fr\/projet-apprendre-travailler\/#primaryimage"},"thumbnailUrl":"https:\/\/filles-de-la-charite.org\/wp-content\/uploads\/2023\/06\/PNG-Photo-4-Kopia.jpg","articleSection":["Sainte Louise - Asie"],"inLanguage":"fr-FR"},{"@type":"WebPage","@id":"https:\/\/filles-de-la-charite.org\/fr\/projet-apprendre-travailler\/","url":"https:\/\/filles-de-la-charite.org\/fr\/projet-apprendre-travailler\/","name":"Projet \u00abApprendre-Travailler\u00bb - Filles de la Charit\u00e9","isPartOf":{"@id":"https:\/\/filles-de-la-charite.org\/fr\/#website"},"primaryImageOfPage":{"@id":"https:\/\/filles-de-la-charite.org\/fr\/projet-apprendre-travailler\/#primaryimage"},"image":{"@id":"https:\/\/filles-de-la-charite.org\/fr\/projet-apprendre-travailler\/#primaryimage"},"thumbnailUrl":"https:\/\/filles-de-la-charite.org\/wp-content\/uploads\/2023\/06\/PNG-Photo-4-Kopia.jpg","datePublished":"2022-04-30T20:00:00+00:00","dateModified":"2024-03-17T15:25:15+00:00","breadcrumb":{"@id":"https:\/\/filles-de-la-charite.org\/fr\/projet-apprendre-travailler\/#breadcrumb"},"inLanguage":"fr-FR","potentialAction":[{"@type":"ReadAction","target":["https:\/\/filles-de-la-charite.org\/fr\/projet-apprendre-travailler\/"]}]},{"@type":"ImageObject","inLanguage":"fr-FR","@id":"https:\/\/filles-de-la-charite.org\/fr\/projet-apprendre-travailler\/#primaryimage","url":"https:\/\/filles-de-la-charite.org\/wp-content\/uploads\/2023\/06\/PNG-Photo-4-Kopia.jpg","contentUrl":"https:\/\/filles-de-la-charite.org\/wp-content\/uploads\/2023\/06\/PNG-Photo-4-Kopia.jpg","width":1025,"height":768},{"@type":"BreadcrumbList","@id":"https:\/\/filles-de-la-charite.org\/fr\/projet-apprendre-travailler\/#breadcrumb","itemListElement":[{"@type":"ListItem","position":1,"name":"Indon\u00e9sie","item":"https:\/\/filles-de-la-charite.org\/fr\/category\/indonesie\/"},{"@type":"ListItem","position":2,"name":"Projet \u00abApprendre-Travailler\u00bb"}]},{"@type":"WebSite","@id":"https:\/\/filles-de-la-charite.org\/fr\/#website","url":"https:\/\/filles-de-la-charite.org\/fr\/","name":"Hijas de la Caridad","description":"L\u2019amour de J\u00e9sus nous presse \u00e0 prendre soin des personnes les plus d\u00e9munies","publisher":{"@id":"https:\/\/filles-de-la-charite.org\/fr\/#organization"},"potentialAction":[{"@type":"SearchAction","target":{"@type":"EntryPoint","urlTemplate":"https:\/\/filles-de-la-charite.org\/fr\/?s={search_term_string}"},"query-input":{"@type":"PropertyValueSpecification","valueRequired":true,"valueName":"search_term_string"}}],"inLanguage":"fr-FR"},{"@type":"Organization","@id":"https:\/\/filles-de-la-charite.org\/fr\/#organization","name":"Hijas de la Caridad","url":"https:\/\/filles-de-la-charite.org\/fr\/","logo":{"@type":"ImageObject","inLanguage":"fr-FR","@id":"https:\/\/filles-de-la-charite.org\/fr\/#\/schema\/logo\/image\/","url":"https:\/\/filles-de-la-charite.org\/wp-content\/uploads\/2023\/03\/isotipo-Hijas-de-la-Caridad.png","contentUrl":"https:\/\/filles-de-la-charite.org\/wp-content\/uploads\/2023\/03\/isotipo-Hijas-de-la-Caridad.png","width":1417,"height":1417,"caption":"Hijas de la Caridad"},"image":{"@id":"https:\/\/filles-de-la-charite.org\/fr\/#\/schema\/logo\/image\/"}},{"@type":"Person","@id":"https:\/\/filles-de-la-charite.org\/fr\/#\/schema\/person\/427567b2eccfc2dd7d206da186a1f438","name":"admin","image":{"@type":"ImageObject","inLanguage":"fr-FR","@id":"https:\/\/secure.gravatar.com\/avatar\/948b492cce32b586ac2db0eaa926ee87024f7afe218d73b397ea5ddfc5f43ea1?s=96&d=mm&r=g","url":"https:\/\/secure.gravatar.com\/avatar\/948b492cce32b586ac2db0eaa926ee87024f7afe218d73b397ea5ddfc5f43ea1?s=96&d=mm&r=g","contentUrl":"https:\/\/secure.gravatar.com\/avatar\/948b492cce32b586ac2db0eaa926ee87024f7afe218d73b397ea5ddfc5f43ea1?s=96&d=mm&r=g","caption":"admin"},"sameAs":["https:\/\/filles-de-la-charite.org"],"url":"https:\/\/filles-de-la-charite.org\/fr\/author\/caridad\/"}]}},"_links":{"self":[{"href":"https:\/\/filles-de-la-charite.org\/fr\/wp-json\/wp\/v2\/posts\/22608","targetHints":{"allow":["GET"]}}],"collection":[{"href":"https:\/\/filles-de-la-charite.org\/fr\/wp-json\/wp\/v2\/posts"}],"about":[{"href":"https:\/\/filles-de-la-charite.org\/fr\/wp-json\/wp\/v2\/types\/post"}],"author":[{"embeddable":true,"href":"https:\/\/filles-de-la-charite.org\/fr\/wp-json\/wp\/v2\/users\/1"}],"replies":[{"embeddable":true,"href":"https:\/\/filles-de-la-charite.org\/fr\/wp-json\/wp\/v2\/comments?post=22608"}],"version-history":[{"count":1,"href":"https:\/\/filles-de-la-charite.org\/fr\/wp-json\/wp\/v2\/posts\/22608\/revisions"}],"predecessor-version":[{"id":22609,"href":"https:\/\/filles-de-la-charite.org\/fr\/wp-json\/wp\/v2\/posts\/22608\/revisions\/22609"}],"wp:featuredmedia":[{"embeddable":true,"href":"https:\/\/filles-de-la-charite.org\/fr\/wp-json\/wp\/v2\/media\/16749"}],"wp:attachment":[{"href":"https:\/\/filles-de-la-charite.org\/fr\/wp-json\/wp\/v2\/media?parent=22608"}],"wp:term":[{"taxonomy":"category","embeddable":true,"href":"https:\/\/filles-de-la-charite.org\/fr\/wp-json\/wp\/v2\/categories?post=22608"},{"taxonomy":"post_tag","embeddable":true,"href":"https:\/\/filles-de-la-charite.org\/fr\/wp-json\/wp\/v2\/tags?post=22608"}],"curies":[{"name":"wp","href":"https:\/\/api.w.org\/{rel}","templated":true}]}}