{"id":22614,"date":"2022-05-31T22:00:00","date_gmt":"2022-05-31T20:00:00","guid":{"rendered":"https:\/\/hijascaridad.sjdigitaldemo.ovh\/un-clin-doeil-du-seigneur\/"},"modified":"2024-03-17T19:13:28","modified_gmt":"2024-03-17T18:13:28","slug":"un-clin-doeil-du-seigneur","status":"publish","type":"post","link":"https:\/\/filles-de-la-charite.org\/fr\/un-clin-doeil-du-seigneur\/","title":{"rendered":"Un clin d&rsquo;\u0153il du Seigneur"},"content":{"rendered":"\n<p>Depuis le 19 mars, \u00e0 la demande de la Pr\u00e9fecture et en partenariat avec la Croix Rouge, l\u2019Oeuvre du Berceau de Saint Vincent de Paul accueille des r\u00e9fugi\u00e9s ukrainiens. Pour la f\u00eate de Saint Joseph, c\u2019est un clin d\u2019\u0153il du Seigneur. En son lieu natal, Saint Vincent doit se r\u00e9jouir de l\u2019arriv\u00e9e de ces pauvres.<\/p>\n\n\n\n<p>La Croix Rouge se donne sans compter dans la pr\u00e9paration, l\u2019accueil et l\u2019accompagnement des ces familles. Des b\u00e9n\u00e9ficiaires de l\u2019accueil d\u2019urgence se sont mis au service de l\u2019accueil des r\u00e9fugi\u00e9s&nbsp;: m\u00e9nage, am\u00e9nagement des chambres, surveillance de l\u2019espace de jeux, cuisine&#8230; L\u2019un d\u2019entre eux nous a dit qu\u2019il \u00e9tait heureux de faire fonctionner son c\u0153ur&nbsp;! Un autre que de se mettre au service des autres lui donnait du soleil dans la t\u00eate&nbsp;! Les pauvres nous \u00e9vang\u00e9lisent.<\/p>\n\n\n\n<div class=\"wp-block-image\"><figure class=\"alignleft size-full\"><img decoding=\"async\" src=\"https:\/\/filles-de-la-charite.org\/wp-content\/uploads\/2023\/06\/Berceau-3F.jpg\" alt=\"\" class=\"wp-image-70505\" \/><\/figure><\/div>\n\n\n\n<p>En attendant ces familles nous avons am\u00e9nag\u00e9 un lieu de recueillement avec des icones et des serviettes brod\u00e9es \u00e0 la mani\u00e8re ukrainienne.<\/p>\n\n\n\n<p>Un premier groupe d\u2019une cinquantaine de personnes dont vingt enfants sont arriv\u00e9s. Quelques jours avant, une entreprise nous avait donn\u00e9 des chocolats en grosse quantit\u00e9. Ce f\u00fbt une grande joie pour les familles de trouver des chocolats en arrivant dans leur chambre. Pour nous cela est un signe que la Providence nous encourageait \u00e0 cet accueil.<\/p>\n\n\n\n<p>Depuis un autre groupe est arriv\u00e9. Actuellement nous accueillons 84 personnes dont 38 enfants. Malgr\u00e9 la barri\u00e8re de la langue, nous arrivons \u00e0 nous comprendre et \u00e0 cr\u00e9er des liens avec ces familles. Nous sommes t\u00e9moins du grand \u00e9lan de g\u00e9n\u00e9rosit\u00e9 que ces arriv\u00e9es ont provoqu\u00e9es. Beaucoup de personnes nous proposent d\u2019apporter des dons (jeux pour enfants, v\u00eatements, produits d\u2019hygi\u00e8ne\u2026) et se proposent d\u2019\u00eatre b\u00e9n\u00e9voles. Nous contemplons les sourires des enfants et des mamans. \u00ab Dieu soit b\u00e9ni&nbsp;\u00bb dirait Saint Vincent.<\/p>\n\n\n\n<p>Un partenariat avec l\u2019ensemble scolaire Vincent de Paul est en train de se mettre en place&nbsp;: les \u00e9l\u00e8ves de la section coiffure vont proposer des coupes aux personnes qui le souhaitent, les internes vont venir jouer avec les jeunes et les enfants, certains coll\u00e9giens apportent leur ancien v\u00e9lo ou leur trottinette. Certains enfants ukrainiens vont \u00eatre accueillis dans les classes.<\/p>\n\n\n\n<div class=\"wp-block-image\"><figure class=\"aligncenter size-large\"><img decoding=\"async\" src=\"https:\/\/filles-de-la-charite.org\/wp-content\/uploads\/2023\/06\/Berceau-2F-1024x473-1.jpg\" alt=\"\" class=\"wp-image-70498\" \/><\/figure><\/div>\n","protected":false},"excerpt":{"rendered":"<p>Depuis le 19 mars, \u00e0 la demande de la Pr\u00e9fecture et en partenariat avec la Croix Rouge, l\u2019Oeuvre du Berceau de Saint Vincent de Paul accueille des r\u00e9fugi\u00e9s ukrainiens. Pour la f\u00eate de Saint Joseph, c\u2019est un clin d\u2019\u0153il du Seigneur. En son lieu natal, Saint Vincent doit se r\u00e9jouir de l\u2019arriv\u00e9e de ces pauvres. [&hellip;]<\/p>\n","protected":false},"author":1,"featured_media":16810,"comment_status":"closed","ping_status":"closed","sticky":false,"template":"","format":"standard","meta":{"_acf_changed":false,"_et_pb_use_builder":"","_et_pb_old_content":"","_et_gb_content_width":"","footnotes":"","_links_to":"","_links_to_target":""},"categories":[563],"tags":[],"class_list":["post-22614","post","type-post","status-publish","format-standard","has-post-thumbnail","hentry","category-belgique-france-suisse-fr"],"acf":[],"yoast_head":"<!-- This site is optimized with the Yoast SEO plugin v27.5 - https:\/\/yoast.com\/product\/yoast-seo-wordpress\/ -->\n<title>Un clin d&#039;\u0153il du Seigneur - Filles de la Charit\u00e9<\/title>\n<meta name=\"robots\" content=\"index, follow, max-snippet:-1, max-image-preview:large, max-video-preview:-1\" \/>\n<link rel=\"canonical\" href=\"https:\/\/filles-de-la-charite.org\/fr\/un-clin-doeil-du-seigneur\/\" \/>\n<meta property=\"og:locale\" content=\"fr_FR\" \/>\n<meta property=\"og:type\" content=\"article\" \/>\n<meta property=\"og:title\" content=\"Un clin d&#039;\u0153il du Seigneur - Filles de la Charit\u00e9\" \/>\n<meta property=\"og:description\" content=\"Depuis le 19 mars, \u00e0 la demande de la Pr\u00e9fecture et en partenariat avec la Croix Rouge, l\u2019Oeuvre du Berceau de Saint Vincent de Paul accueille des r\u00e9fugi\u00e9s ukrainiens. Pour la f\u00eate de Saint Joseph, c\u2019est un clin d\u2019\u0153il du Seigneur. En son lieu natal, Saint Vincent doit se r\u00e9jouir de l\u2019arriv\u00e9e de ces pauvres. [&hellip;]\" \/>\n<meta property=\"og:url\" content=\"https:\/\/filles-de-la-charite.org\/fr\/un-clin-doeil-du-seigneur\/\" \/>\n<meta property=\"og:site_name\" content=\"Filles de la Charit\u00e9\" \/>\n<meta property=\"article:published_time\" content=\"2022-05-31T20:00:00+00:00\" \/>\n<meta property=\"article:modified_time\" content=\"2024-03-17T18:13:28+00:00\" \/>\n<meta property=\"og:image\" content=\"https:\/\/filles-de-la-charite.org\/wp-content\/uploads\/2023\/06\/Berceau-1F.jpg\" \/>\n\t<meta property=\"og:image:width\" content=\"1025\" \/>\n\t<meta property=\"og:image:height\" content=\"473\" \/>\n\t<meta property=\"og:image:type\" content=\"image\/jpeg\" \/>\n<meta name=\"author\" content=\"admin\" \/>\n<meta name=\"twitter:card\" content=\"summary_large_image\" \/>\n<meta name=\"twitter:label1\" content=\"\u00c9crit par\" \/>\n\t<meta name=\"twitter:data1\" content=\"admin\" \/>\n\t<meta name=\"twitter:label2\" content=\"Dur\u00e9e de lecture estim\u00e9e\" \/>\n\t<meta name=\"twitter:data2\" content=\"2 minutes\" \/>\n<script type=\"application\/ld+json\" class=\"yoast-schema-graph\">{\"@context\":\"https:\\\/\\\/schema.org\",\"@graph\":[{\"@type\":\"Article\",\"@id\":\"https:\\\/\\\/filles-de-la-charite.org\\\/fr\\\/un-clin-doeil-du-seigneur\\\/#article\",\"isPartOf\":{\"@id\":\"https:\\\/\\\/filles-de-la-charite.org\\\/fr\\\/un-clin-doeil-du-seigneur\\\/\"},\"author\":{\"name\":\"admin\",\"@id\":\"https:\\\/\\\/filles-de-la-charite.org\\\/fr\\\/#\\\/schema\\\/person\\\/427567b2eccfc2dd7d206da186a1f438\"},\"headline\":\"Un clin d&rsquo;\u0153il du Seigneur\",\"datePublished\":\"2022-05-31T20:00:00+00:00\",\"dateModified\":\"2024-03-17T18:13:28+00:00\",\"mainEntityOfPage\":{\"@id\":\"https:\\\/\\\/filles-de-la-charite.org\\\/fr\\\/un-clin-doeil-du-seigneur\\\/\"},\"wordCount\":405,\"publisher\":{\"@id\":\"https:\\\/\\\/filles-de-la-charite.org\\\/fr\\\/#organization\"},\"image\":{\"@id\":\"https:\\\/\\\/filles-de-la-charite.org\\\/fr\\\/un-clin-doeil-du-seigneur\\\/#primaryimage\"},\"thumbnailUrl\":\"https:\\\/\\\/filles-de-la-charite.org\\\/wp-content\\\/uploads\\\/2023\\\/06\\\/Berceau-1F.jpg\",\"articleSection\":[\"Belgique-France-Suisse\"],\"inLanguage\":\"fr-FR\"},{\"@type\":\"WebPage\",\"@id\":\"https:\\\/\\\/filles-de-la-charite.org\\\/fr\\\/un-clin-doeil-du-seigneur\\\/\",\"url\":\"https:\\\/\\\/filles-de-la-charite.org\\\/fr\\\/un-clin-doeil-du-seigneur\\\/\",\"name\":\"Un clin d'\u0153il du Seigneur - Filles de la Charit\u00e9\",\"isPartOf\":{\"@id\":\"https:\\\/\\\/filles-de-la-charite.org\\\/fr\\\/#website\"},\"primaryImageOfPage\":{\"@id\":\"https:\\\/\\\/filles-de-la-charite.org\\\/fr\\\/un-clin-doeil-du-seigneur\\\/#primaryimage\"},\"image\":{\"@id\":\"https:\\\/\\\/filles-de-la-charite.org\\\/fr\\\/un-clin-doeil-du-seigneur\\\/#primaryimage\"},\"thumbnailUrl\":\"https:\\\/\\\/filles-de-la-charite.org\\\/wp-content\\\/uploads\\\/2023\\\/06\\\/Berceau-1F.jpg\",\"datePublished\":\"2022-05-31T20:00:00+00:00\",\"dateModified\":\"2024-03-17T18:13:28+00:00\",\"breadcrumb\":{\"@id\":\"https:\\\/\\\/filles-de-la-charite.org\\\/fr\\\/un-clin-doeil-du-seigneur\\\/#breadcrumb\"},\"inLanguage\":\"fr-FR\",\"potentialAction\":[{\"@type\":\"ReadAction\",\"target\":[\"https:\\\/\\\/filles-de-la-charite.org\\\/fr\\\/un-clin-doeil-du-seigneur\\\/\"]}]},{\"@type\":\"ImageObject\",\"inLanguage\":\"fr-FR\",\"@id\":\"https:\\\/\\\/filles-de-la-charite.org\\\/fr\\\/un-clin-doeil-du-seigneur\\\/#primaryimage\",\"url\":\"https:\\\/\\\/filles-de-la-charite.org\\\/wp-content\\\/uploads\\\/2023\\\/06\\\/Berceau-1F.jpg\",\"contentUrl\":\"https:\\\/\\\/filles-de-la-charite.org\\\/wp-content\\\/uploads\\\/2023\\\/06\\\/Berceau-1F.jpg\",\"width\":1025,\"height\":473},{\"@type\":\"BreadcrumbList\",\"@id\":\"https:\\\/\\\/filles-de-la-charite.org\\\/fr\\\/un-clin-doeil-du-seigneur\\\/#breadcrumb\",\"itemListElement\":[{\"@type\":\"ListItem\",\"position\":1,\"name\":\"Belgique-France-Suisse\",\"item\":\"https:\\\/\\\/filles-de-la-charite.org\\\/fr\\\/category\\\/belgique-france-suisse-fr\\\/\"},{\"@type\":\"ListItem\",\"position\":2,\"name\":\"Un clin d&#8217;\u0153il du Seigneur\"}]},{\"@type\":\"WebSite\",\"@id\":\"https:\\\/\\\/filles-de-la-charite.org\\\/fr\\\/#website\",\"url\":\"https:\\\/\\\/filles-de-la-charite.org\\\/fr\\\/\",\"name\":\"Hijas de la Caridad\",\"description\":\"L\u2019amour de J\u00e9sus nous presse \u00e0 prendre soin des personnes les plus d\u00e9munies\",\"publisher\":{\"@id\":\"https:\\\/\\\/filles-de-la-charite.org\\\/fr\\\/#organization\"},\"potentialAction\":[{\"@type\":\"SearchAction\",\"target\":{\"@type\":\"EntryPoint\",\"urlTemplate\":\"https:\\\/\\\/filles-de-la-charite.org\\\/fr\\\/?s={search_term_string}\"},\"query-input\":{\"@type\":\"PropertyValueSpecification\",\"valueRequired\":true,\"valueName\":\"search_term_string\"}}],\"inLanguage\":\"fr-FR\"},{\"@type\":\"Organization\",\"@id\":\"https:\\\/\\\/filles-de-la-charite.org\\\/fr\\\/#organization\",\"name\":\"Hijas de la Caridad\",\"url\":\"https:\\\/\\\/filles-de-la-charite.org\\\/fr\\\/\",\"logo\":{\"@type\":\"ImageObject\",\"inLanguage\":\"fr-FR\",\"@id\":\"https:\\\/\\\/filles-de-la-charite.org\\\/fr\\\/#\\\/schema\\\/logo\\\/image\\\/\",\"url\":\"https:\\\/\\\/filles-de-la-charite.org\\\/wp-content\\\/uploads\\\/2023\\\/03\\\/isotipo-Hijas-de-la-Caridad.png\",\"contentUrl\":\"https:\\\/\\\/filles-de-la-charite.org\\\/wp-content\\\/uploads\\\/2023\\\/03\\\/isotipo-Hijas-de-la-Caridad.png\",\"width\":1417,\"height\":1417,\"caption\":\"Hijas de la Caridad\"},\"image\":{\"@id\":\"https:\\\/\\\/filles-de-la-charite.org\\\/fr\\\/#\\\/schema\\\/logo\\\/image\\\/\"}},{\"@type\":\"Person\",\"@id\":\"https:\\\/\\\/filles-de-la-charite.org\\\/fr\\\/#\\\/schema\\\/person\\\/427567b2eccfc2dd7d206da186a1f438\",\"name\":\"admin\",\"image\":{\"@type\":\"ImageObject\",\"inLanguage\":\"fr-FR\",\"@id\":\"https:\\\/\\\/secure.gravatar.com\\\/avatar\\\/948b492cce32b586ac2db0eaa926ee87024f7afe218d73b397ea5ddfc5f43ea1?s=96&d=mm&r=g\",\"url\":\"https:\\\/\\\/secure.gravatar.com\\\/avatar\\\/948b492cce32b586ac2db0eaa926ee87024f7afe218d73b397ea5ddfc5f43ea1?s=96&d=mm&r=g\",\"contentUrl\":\"https:\\\/\\\/secure.gravatar.com\\\/avatar\\\/948b492cce32b586ac2db0eaa926ee87024f7afe218d73b397ea5ddfc5f43ea1?s=96&d=mm&r=g\",\"caption\":\"admin\"},\"sameAs\":[\"https:\\\/\\\/filles-de-la-charite.org\"],\"url\":\"https:\\\/\\\/filles-de-la-charite.org\\\/fr\\\/author\\\/caridad\\\/\"}]}<\/script>\n<!-- \/ Yoast SEO plugin. -->","yoast_head_json":{"title":"Un clin d'\u0153il du Seigneur - Filles de la Charit\u00e9","robots":{"index":"index","follow":"follow","max-snippet":"max-snippet:-1","max-image-preview":"max-image-preview:large","max-video-preview":"max-video-preview:-1"},"canonical":"https:\/\/filles-de-la-charite.org\/fr\/un-clin-doeil-du-seigneur\/","og_locale":"fr_FR","og_type":"article","og_title":"Un clin d'\u0153il du Seigneur - Filles de la Charit\u00e9","og_description":"Depuis le 19 mars, \u00e0 la demande de la Pr\u00e9fecture et en partenariat avec la Croix Rouge, l\u2019Oeuvre du Berceau de Saint Vincent de Paul accueille des r\u00e9fugi\u00e9s ukrainiens. Pour la f\u00eate de Saint Joseph, c\u2019est un clin d\u2019\u0153il du Seigneur. En son lieu natal, Saint Vincent doit se r\u00e9jouir de l\u2019arriv\u00e9e de ces pauvres. [&hellip;]","og_url":"https:\/\/filles-de-la-charite.org\/fr\/un-clin-doeil-du-seigneur\/","og_site_name":"Filles de la Charit\u00e9","article_published_time":"2022-05-31T20:00:00+00:00","article_modified_time":"2024-03-17T18:13:28+00:00","og_image":[{"width":1025,"height":473,"url":"https:\/\/filles-de-la-charite.org\/wp-content\/uploads\/2023\/06\/Berceau-1F.jpg","type":"image\/jpeg"}],"author":"admin","twitter_card":"summary_large_image","twitter_misc":{"\u00c9crit par":"admin","Dur\u00e9e de lecture estim\u00e9e":"2 minutes"},"schema":{"@context":"https:\/\/schema.org","@graph":[{"@type":"Article","@id":"https:\/\/filles-de-la-charite.org\/fr\/un-clin-doeil-du-seigneur\/#article","isPartOf":{"@id":"https:\/\/filles-de-la-charite.org\/fr\/un-clin-doeil-du-seigneur\/"},"author":{"name":"admin","@id":"https:\/\/filles-de-la-charite.org\/fr\/#\/schema\/person\/427567b2eccfc2dd7d206da186a1f438"},"headline":"Un clin d&rsquo;\u0153il du Seigneur","datePublished":"2022-05-31T20:00:00+00:00","dateModified":"2024-03-17T18:13:28+00:00","mainEntityOfPage":{"@id":"https:\/\/filles-de-la-charite.org\/fr\/un-clin-doeil-du-seigneur\/"},"wordCount":405,"publisher":{"@id":"https:\/\/filles-de-la-charite.org\/fr\/#organization"},"image":{"@id":"https:\/\/filles-de-la-charite.org\/fr\/un-clin-doeil-du-seigneur\/#primaryimage"},"thumbnailUrl":"https:\/\/filles-de-la-charite.org\/wp-content\/uploads\/2023\/06\/Berceau-1F.jpg","articleSection":["Belgique-France-Suisse"],"inLanguage":"fr-FR"},{"@type":"WebPage","@id":"https:\/\/filles-de-la-charite.org\/fr\/un-clin-doeil-du-seigneur\/","url":"https:\/\/filles-de-la-charite.org\/fr\/un-clin-doeil-du-seigneur\/","name":"Un clin d'\u0153il du Seigneur - Filles de la Charit\u00e9","isPartOf":{"@id":"https:\/\/filles-de-la-charite.org\/fr\/#website"},"primaryImageOfPage":{"@id":"https:\/\/filles-de-la-charite.org\/fr\/un-clin-doeil-du-seigneur\/#primaryimage"},"image":{"@id":"https:\/\/filles-de-la-charite.org\/fr\/un-clin-doeil-du-seigneur\/#primaryimage"},"thumbnailUrl":"https:\/\/filles-de-la-charite.org\/wp-content\/uploads\/2023\/06\/Berceau-1F.jpg","datePublished":"2022-05-31T20:00:00+00:00","dateModified":"2024-03-17T18:13:28+00:00","breadcrumb":{"@id":"https:\/\/filles-de-la-charite.org\/fr\/un-clin-doeil-du-seigneur\/#breadcrumb"},"inLanguage":"fr-FR","potentialAction":[{"@type":"ReadAction","target":["https:\/\/filles-de-la-charite.org\/fr\/un-clin-doeil-du-seigneur\/"]}]},{"@type":"ImageObject","inLanguage":"fr-FR","@id":"https:\/\/filles-de-la-charite.org\/fr\/un-clin-doeil-du-seigneur\/#primaryimage","url":"https:\/\/filles-de-la-charite.org\/wp-content\/uploads\/2023\/06\/Berceau-1F.jpg","contentUrl":"https:\/\/filles-de-la-charite.org\/wp-content\/uploads\/2023\/06\/Berceau-1F.jpg","width":1025,"height":473},{"@type":"BreadcrumbList","@id":"https:\/\/filles-de-la-charite.org\/fr\/un-clin-doeil-du-seigneur\/#breadcrumb","itemListElement":[{"@type":"ListItem","position":1,"name":"Belgique-France-Suisse","item":"https:\/\/filles-de-la-charite.org\/fr\/category\/belgique-france-suisse-fr\/"},{"@type":"ListItem","position":2,"name":"Un clin d&#8217;\u0153il du Seigneur"}]},{"@type":"WebSite","@id":"https:\/\/filles-de-la-charite.org\/fr\/#website","url":"https:\/\/filles-de-la-charite.org\/fr\/","name":"Hijas de la Caridad","description":"L\u2019amour de J\u00e9sus nous presse \u00e0 prendre soin des personnes les plus d\u00e9munies","publisher":{"@id":"https:\/\/filles-de-la-charite.org\/fr\/#organization"},"potentialAction":[{"@type":"SearchAction","target":{"@type":"EntryPoint","urlTemplate":"https:\/\/filles-de-la-charite.org\/fr\/?s={search_term_string}"},"query-input":{"@type":"PropertyValueSpecification","valueRequired":true,"valueName":"search_term_string"}}],"inLanguage":"fr-FR"},{"@type":"Organization","@id":"https:\/\/filles-de-la-charite.org\/fr\/#organization","name":"Hijas de la Caridad","url":"https:\/\/filles-de-la-charite.org\/fr\/","logo":{"@type":"ImageObject","inLanguage":"fr-FR","@id":"https:\/\/filles-de-la-charite.org\/fr\/#\/schema\/logo\/image\/","url":"https:\/\/filles-de-la-charite.org\/wp-content\/uploads\/2023\/03\/isotipo-Hijas-de-la-Caridad.png","contentUrl":"https:\/\/filles-de-la-charite.org\/wp-content\/uploads\/2023\/03\/isotipo-Hijas-de-la-Caridad.png","width":1417,"height":1417,"caption":"Hijas de la Caridad"},"image":{"@id":"https:\/\/filles-de-la-charite.org\/fr\/#\/schema\/logo\/image\/"}},{"@type":"Person","@id":"https:\/\/filles-de-la-charite.org\/fr\/#\/schema\/person\/427567b2eccfc2dd7d206da186a1f438","name":"admin","image":{"@type":"ImageObject","inLanguage":"fr-FR","@id":"https:\/\/secure.gravatar.com\/avatar\/948b492cce32b586ac2db0eaa926ee87024f7afe218d73b397ea5ddfc5f43ea1?s=96&d=mm&r=g","url":"https:\/\/secure.gravatar.com\/avatar\/948b492cce32b586ac2db0eaa926ee87024f7afe218d73b397ea5ddfc5f43ea1?s=96&d=mm&r=g","contentUrl":"https:\/\/secure.gravatar.com\/avatar\/948b492cce32b586ac2db0eaa926ee87024f7afe218d73b397ea5ddfc5f43ea1?s=96&d=mm&r=g","caption":"admin"},"sameAs":["https:\/\/filles-de-la-charite.org"],"url":"https:\/\/filles-de-la-charite.org\/fr\/author\/caridad\/"}]}},"_links":{"self":[{"href":"https:\/\/filles-de-la-charite.org\/fr\/wp-json\/wp\/v2\/posts\/22614","targetHints":{"allow":["GET"]}}],"collection":[{"href":"https:\/\/filles-de-la-charite.org\/fr\/wp-json\/wp\/v2\/posts"}],"about":[{"href":"https:\/\/filles-de-la-charite.org\/fr\/wp-json\/wp\/v2\/types\/post"}],"author":[{"embeddable":true,"href":"https:\/\/filles-de-la-charite.org\/fr\/wp-json\/wp\/v2\/users\/1"}],"replies":[{"embeddable":true,"href":"https:\/\/filles-de-la-charite.org\/fr\/wp-json\/wp\/v2\/comments?post=22614"}],"version-history":[{"count":1,"href":"https:\/\/filles-de-la-charite.org\/fr\/wp-json\/wp\/v2\/posts\/22614\/revisions"}],"predecessor-version":[{"id":22615,"href":"https:\/\/filles-de-la-charite.org\/fr\/wp-json\/wp\/v2\/posts\/22614\/revisions\/22615"}],"wp:featuredmedia":[{"embeddable":true,"href":"https:\/\/filles-de-la-charite.org\/fr\/wp-json\/wp\/v2\/media\/16810"}],"wp:attachment":[{"href":"https:\/\/filles-de-la-charite.org\/fr\/wp-json\/wp\/v2\/media?parent=22614"}],"wp:term":[{"taxonomy":"category","embeddable":true,"href":"https:\/\/filles-de-la-charite.org\/fr\/wp-json\/wp\/v2\/categories?post=22614"},{"taxonomy":"post_tag","embeddable":true,"href":"https:\/\/filles-de-la-charite.org\/fr\/wp-json\/wp\/v2\/tags?post=22614"}],"curies":[{"name":"wp","href":"https:\/\/api.w.org\/{rel}","templated":true}]}}