{"id":22616,"date":"2022-05-31T22:00:00","date_gmt":"2022-05-31T20:00:00","guid":{"rendered":"https:\/\/hijascaridad.sjdigitaldemo.ovh\/celebration-du-100e-anniversaire-de-la-province-de-slovaquie\/"},"modified":"2024-03-17T16:24:21","modified_gmt":"2024-03-17T15:24:21","slug":"celebration-du-100e-anniversaire-de-la-province-de-slovaquie","status":"publish","type":"post","link":"https:\/\/filles-de-la-charite.org\/fr\/celebration-du-100e-anniversaire-de-la-province-de-slovaquie\/","title":{"rendered":"C\u00e9l\u00e9bration du 100e anniversaire de la Province de Slovaquie"},"content":{"rendered":"\n<p>La c\u00e9l\u00e9bration du 100<sup>e<\/sup> anniversaire de la fondation de la Province de Slovaquie s\u2019est profond\u00e9ment inscrite dans le c\u0153ur de toutes les Filles de la Charit\u00e9 de cette Province, puisque du 12 au 15 mai 2022, elles ont pu accueillir des invit\u00e9s : Soeur Fran\u00e7oise Petit, Sup\u00e9rieure g\u00e9n\u00e9rale et Soeur Hanna Cybula, Conseill\u00e8re g\u00e9n\u00e9rale, ainsi que les Filles de la Charit\u00e9 des pays voisins \u2013 d\u2019Autriche, de Hongrie et de la Pologne.<\/p>\n\n\n\n<p>Au d\u00e9but de ces jours festifs, soeur Dami\u00e1na Pol\u00e1kov\u00e1, Visitatrice de la Province, a soulign\u00e9&nbsp;<em>\u00abla reconnaissance des S\u0153urs envers le Seigneur pour tout ce qu\u2019elles ont v\u00e9cu et ont pu faire \u00e0 la gloire de Dieu et pour le bien des pauvres... et l\u2019action de gr\u00e2ce \u00e0&nbsp;la Providence pour toutes les gr\u00e2ces qu\u2019il donnait constamment \u00e0 la Compagnie des Filles de la Charit\u00e9 et \u00e0 notre Province\u00bb.<\/em><\/p>\n\n\n\n<div class=\"wp-block-image\"><figure class=\"aligncenter size-full\"><img decoding=\"async\" src=\"https:\/\/filles-de-la-charite.org\/wp-content\/uploads\/2023\/06\/Eucharistie-solennelle.jpg\" alt=\"\" class=\"wp-image-70523\" \/><\/figure><\/div>\n\n\n\n<p>L'hymne du Jubil\u00e9 a retenti, puis Soeur Fran\u00e7oise Petit, a soulign\u00e9 \u00e0 quel point il est important de nous attacher \u00e0 nos origines, \u00e0 notre identit\u00e9 tout en sachant ouvrir les fen\u00eatres comme saint Vincent et sainte Louise le feraient aujourd\u2019hui. C\u2019est notre libert\u00e9 et notre responsabilit\u00e9.<\/p>\n\n\n\n<p>Le P\u00e8re Toma\u017e Mavri\u010d, C.M., Sup\u00e9rieur g\u00e9n\u00e9ral, a particip\u00e9 en ligne. Il nous a encourag\u00e9s \u00e0 voir dans le pauvre J\u00e9sus-Christ, \u00e0 accompagner beaucoup de nos fr\u00e8res et s\u0153urs et \u00e0 marcher ensemble pour partager les \u00e9v\u00e9nements de l'humanit\u00e9.<\/p>\n\n\n\n<p>L\u2019Eucharistie solennelle a \u00e9t\u00e9 pr\u00e9sid\u00e9e par l'\u00e9v\u00eaque dioc\u00e9sain de Nitra, Mgr Viliam Jud\u00e1k, avec l'archev\u00eaque de Trnava, Mgr J\u00e1n Orosch, ainsi que de nombreux pr\u00eatres, diacres et fr\u00e8res de la Congr\u00e9gation de la Mission.<\/p>\n\n\n\n<div class=\"wp-block-image\"><figure class=\"aligncenter size-full\"><img decoding=\"async\" src=\"https:\/\/filles-de-la-charite.org\/wp-content\/uploads\/2023\/06\/Le-livre-commemoratif.jpg\" alt=\"\" class=\"wp-image-70524\" \/><\/figure><\/div>\n\n\n\n<p>Une de nos S\u0153urs est l'auteur du livre comm\u00e9moratif intitul\u00e9 <em>\u00abDans la main de la Providence\u00bb.<\/em> Soeur Fran\u00e7oise a coup\u00e9 solennellement le ruban qui liait le livre, <em>\u00abouvrant ainsi l'histoire de la Province de Slovaquie\u00bb <\/em>\u00e0 tous les futurs lecteurs.<\/p>\n\n\n\n<p>De m\u00eame, le programme de la rencontre a \u00e9t\u00e9 enrichi par des jeunes de la J.M.V. et des amateurs de th\u00e9\u00e2tre de Lokca qui ont pr\u00e9par\u00e9 un jeu sc\u00e9nique sur les origines de notre Province.<\/p>\n\n\n\n<p>Au cours des v\u00eapres, le Directeur provincial P. Jozef Mrocek, C.M., a soulign\u00e9 la reconnaissance \u00e0 Dieu parce qu\u2019il nous a appel\u00e9s \u00e0 servir les pauvres et parce que nous pouvons continuer l\u2019\u0153uvre du Saint Esprit. Prions avec ferveur pour qu\u2019un jour on puisse dire de nous&nbsp;: voici les mod\u00e8les de fid\u00e9lit\u00e9, de suivi, de charit\u00e9 et de service&nbsp;! DEO GRATIAS!<\/p>\n\n\n\n<p><em><em>Les FdlC de la Province de Slovaquie<\/em><\/em><\/p>\n\n\n\n<div class=\"wp-block-image\"><figure class=\"aligncenter size-full\"><img decoding=\"async\" src=\"https:\/\/filles-de-la-charite.org\/wp-content\/uploads\/2023\/06\/Avec-les-amateurs-de-theatre.jpg\" alt=\"\" class=\"wp-image-70525\" \/><\/figure><\/div>\n","protected":false},"excerpt":{"rendered":"<p>La c\u00e9l\u00e9bration du 100e anniversaire de la fondation de la Province de Slovaquie s\u2019est profond\u00e9ment inscrite dans le c\u0153ur de toutes les Filles de la Charit\u00e9 de cette Province, puisque du 12 au 15 mai 2022, elles ont pu accueillir des invit\u00e9s : Soeur Fran\u00e7oise Petit, Sup\u00e9rieure g\u00e9n\u00e9rale et Soeur Hanna Cybula, Conseill\u00e8re g\u00e9n\u00e9rale, ainsi [&hellip;]<\/p>\n","protected":false},"author":1,"featured_media":16836,"comment_status":"closed","ping_status":"closed","sticky":false,"template":"","format":"standard","meta":{"_acf_changed":false,"footnotes":"","_links_to":"","_links_to_target":""},"categories":[730],"tags":[],"class_list":["post-22616","post","type-post","status-publish","format-standard","has-post-thumbnail","hentry","category-provincia-de-eslovaquia-fr"],"acf":[],"yoast_head":"<!-- This site is optimized with the Yoast SEO plugin v27.5 - https:\/\/yoast.com\/product\/yoast-seo-wordpress\/ -->\n<title>C\u00e9l\u00e9bration du 100e anniversaire de la Province de Slovaquie - Filles de la Charit\u00e9<\/title>\n<meta name=\"robots\" content=\"index, follow, max-snippet:-1, max-image-preview:large, max-video-preview:-1\" \/>\n<link rel=\"canonical\" href=\"https:\/\/filles-de-la-charite.org\/fr\/celebration-du-100e-anniversaire-de-la-province-de-slovaquie\/\" \/>\n<meta property=\"og:locale\" content=\"fr_FR\" \/>\n<meta property=\"og:type\" content=\"article\" \/>\n<meta property=\"og:title\" content=\"C\u00e9l\u00e9bration du 100e anniversaire de la Province de Slovaquie - Filles de la Charit\u00e9\" \/>\n<meta property=\"og:description\" content=\"La c\u00e9l\u00e9bration du 100e anniversaire de la fondation de la Province de Slovaquie s\u2019est profond\u00e9ment inscrite dans le c\u0153ur de toutes les Filles de la Charit\u00e9 de cette Province, puisque du 12 au 15 mai 2022, elles ont pu accueillir des invit\u00e9s : Soeur Fran\u00e7oise Petit, Sup\u00e9rieure g\u00e9n\u00e9rale et Soeur Hanna Cybula, Conseill\u00e8re g\u00e9n\u00e9rale, ainsi [&hellip;]\" \/>\n<meta property=\"og:url\" content=\"https:\/\/filles-de-la-charite.org\/fr\/celebration-du-100e-anniversaire-de-la-province-de-slovaquie\/\" \/>\n<meta property=\"og:site_name\" content=\"Filles de la Charit\u00e9\" \/>\n<meta property=\"article:published_time\" content=\"2022-05-31T20:00:00+00:00\" \/>\n<meta property=\"article:modified_time\" content=\"2024-03-17T15:24:21+00:00\" \/>\n<meta property=\"og:image\" content=\"https:\/\/filles-de-la-charite.org\/wp-content\/uploads\/2023\/06\/Ensemble-devant-Maison-provinciale.jpg\" \/>\n\t<meta property=\"og:image:width\" content=\"1148\" \/>\n\t<meta property=\"og:image:height\" content=\"765\" \/>\n\t<meta property=\"og:image:type\" content=\"image\/jpeg\" \/>\n<meta name=\"author\" content=\"admin\" \/>\n<meta name=\"twitter:card\" content=\"summary_large_image\" \/>\n<meta name=\"twitter:label1\" content=\"\u00c9crit par\" \/>\n\t<meta name=\"twitter:data1\" content=\"admin\" \/>\n\t<meta name=\"twitter:label2\" content=\"Dur\u00e9e de lecture estim\u00e9e\" \/>\n\t<meta name=\"twitter:data2\" content=\"3 minutes\" \/>\n<script type=\"application\/ld+json\" class=\"yoast-schema-graph\">{\"@context\":\"https:\\\/\\\/schema.org\",\"@graph\":[{\"@type\":\"Article\",\"@id\":\"https:\\\/\\\/filles-de-la-charite.org\\\/fr\\\/celebration-du-100e-anniversaire-de-la-province-de-slovaquie\\\/#article\",\"isPartOf\":{\"@id\":\"https:\\\/\\\/filles-de-la-charite.org\\\/fr\\\/celebration-du-100e-anniversaire-de-la-province-de-slovaquie\\\/\"},\"author\":{\"name\":\"admin\",\"@id\":\"https:\\\/\\\/filles-de-la-charite.org\\\/fr\\\/#\\\/schema\\\/person\\\/427567b2eccfc2dd7d206da186a1f438\"},\"headline\":\"C\u00e9l\u00e9bration du 100e anniversaire de la Province de Slovaquie\",\"datePublished\":\"2022-05-31T20:00:00+00:00\",\"dateModified\":\"2024-03-17T15:24:21+00:00\",\"mainEntityOfPage\":{\"@id\":\"https:\\\/\\\/filles-de-la-charite.org\\\/fr\\\/celebration-du-100e-anniversaire-de-la-province-de-slovaquie\\\/\"},\"wordCount\":473,\"publisher\":{\"@id\":\"https:\\\/\\\/filles-de-la-charite.org\\\/fr\\\/#organization\"},\"image\":{\"@id\":\"https:\\\/\\\/filles-de-la-charite.org\\\/fr\\\/celebration-du-100e-anniversaire-de-la-province-de-slovaquie\\\/#primaryimage\"},\"thumbnailUrl\":\"https:\\\/\\\/filles-de-la-charite.org\\\/wp-content\\\/uploads\\\/2023\\\/06\\\/Ensemble-devant-Maison-provinciale.jpg\",\"articleSection\":[\"Province de Slovaquie\"],\"inLanguage\":\"fr-FR\"},{\"@type\":\"WebPage\",\"@id\":\"https:\\\/\\\/filles-de-la-charite.org\\\/fr\\\/celebration-du-100e-anniversaire-de-la-province-de-slovaquie\\\/\",\"url\":\"https:\\\/\\\/filles-de-la-charite.org\\\/fr\\\/celebration-du-100e-anniversaire-de-la-province-de-slovaquie\\\/\",\"name\":\"C\u00e9l\u00e9bration du 100e anniversaire de la Province de Slovaquie - Filles de la Charit\u00e9\",\"isPartOf\":{\"@id\":\"https:\\\/\\\/filles-de-la-charite.org\\\/fr\\\/#website\"},\"primaryImageOfPage\":{\"@id\":\"https:\\\/\\\/filles-de-la-charite.org\\\/fr\\\/celebration-du-100e-anniversaire-de-la-province-de-slovaquie\\\/#primaryimage\"},\"image\":{\"@id\":\"https:\\\/\\\/filles-de-la-charite.org\\\/fr\\\/celebration-du-100e-anniversaire-de-la-province-de-slovaquie\\\/#primaryimage\"},\"thumbnailUrl\":\"https:\\\/\\\/filles-de-la-charite.org\\\/wp-content\\\/uploads\\\/2023\\\/06\\\/Ensemble-devant-Maison-provinciale.jpg\",\"datePublished\":\"2022-05-31T20:00:00+00:00\",\"dateModified\":\"2024-03-17T15:24:21+00:00\",\"breadcrumb\":{\"@id\":\"https:\\\/\\\/filles-de-la-charite.org\\\/fr\\\/celebration-du-100e-anniversaire-de-la-province-de-slovaquie\\\/#breadcrumb\"},\"inLanguage\":\"fr-FR\",\"potentialAction\":[{\"@type\":\"ReadAction\",\"target\":[\"https:\\\/\\\/filles-de-la-charite.org\\\/fr\\\/celebration-du-100e-anniversaire-de-la-province-de-slovaquie\\\/\"]}]},{\"@type\":\"ImageObject\",\"inLanguage\":\"fr-FR\",\"@id\":\"https:\\\/\\\/filles-de-la-charite.org\\\/fr\\\/celebration-du-100e-anniversaire-de-la-province-de-slovaquie\\\/#primaryimage\",\"url\":\"https:\\\/\\\/filles-de-la-charite.org\\\/wp-content\\\/uploads\\\/2023\\\/06\\\/Ensemble-devant-Maison-provinciale.jpg\",\"contentUrl\":\"https:\\\/\\\/filles-de-la-charite.org\\\/wp-content\\\/uploads\\\/2023\\\/06\\\/Ensemble-devant-Maison-provinciale.jpg\",\"width\":1148,\"height\":765},{\"@type\":\"BreadcrumbList\",\"@id\":\"https:\\\/\\\/filles-de-la-charite.org\\\/fr\\\/celebration-du-100e-anniversaire-de-la-province-de-slovaquie\\\/#breadcrumb\",\"itemListElement\":[{\"@type\":\"ListItem\",\"position\":1,\"name\":\"Province de Slovaquie\",\"item\":\"https:\\\/\\\/filles-de-la-charite.org\\\/fr\\\/category\\\/provincia-de-eslovaquia-fr\\\/\"},{\"@type\":\"ListItem\",\"position\":2,\"name\":\"C\u00e9l\u00e9bration du 100e anniversaire de la Province de Slovaquie\"}]},{\"@type\":\"WebSite\",\"@id\":\"https:\\\/\\\/filles-de-la-charite.org\\\/fr\\\/#website\",\"url\":\"https:\\\/\\\/filles-de-la-charite.org\\\/fr\\\/\",\"name\":\"Hijas de la Caridad\",\"description\":\"L\u2019amour de J\u00e9sus nous presse \u00e0 prendre soin des personnes les plus d\u00e9munies\",\"publisher\":{\"@id\":\"https:\\\/\\\/filles-de-la-charite.org\\\/fr\\\/#organization\"},\"potentialAction\":[{\"@type\":\"SearchAction\",\"target\":{\"@type\":\"EntryPoint\",\"urlTemplate\":\"https:\\\/\\\/filles-de-la-charite.org\\\/fr\\\/?s={search_term_string}\"},\"query-input\":{\"@type\":\"PropertyValueSpecification\",\"valueRequired\":true,\"valueName\":\"search_term_string\"}}],\"inLanguage\":\"fr-FR\"},{\"@type\":\"Organization\",\"@id\":\"https:\\\/\\\/filles-de-la-charite.org\\\/fr\\\/#organization\",\"name\":\"Hijas de la Caridad\",\"url\":\"https:\\\/\\\/filles-de-la-charite.org\\\/fr\\\/\",\"logo\":{\"@type\":\"ImageObject\",\"inLanguage\":\"fr-FR\",\"@id\":\"https:\\\/\\\/filles-de-la-charite.org\\\/fr\\\/#\\\/schema\\\/logo\\\/image\\\/\",\"url\":\"https:\\\/\\\/filles-de-la-charite.org\\\/wp-content\\\/uploads\\\/2023\\\/03\\\/isotipo-Hijas-de-la-Caridad.png\",\"contentUrl\":\"https:\\\/\\\/filles-de-la-charite.org\\\/wp-content\\\/uploads\\\/2023\\\/03\\\/isotipo-Hijas-de-la-Caridad.png\",\"width\":1417,\"height\":1417,\"caption\":\"Hijas de la Caridad\"},\"image\":{\"@id\":\"https:\\\/\\\/filles-de-la-charite.org\\\/fr\\\/#\\\/schema\\\/logo\\\/image\\\/\"}},{\"@type\":\"Person\",\"@id\":\"https:\\\/\\\/filles-de-la-charite.org\\\/fr\\\/#\\\/schema\\\/person\\\/427567b2eccfc2dd7d206da186a1f438\",\"name\":\"admin\",\"image\":{\"@type\":\"ImageObject\",\"inLanguage\":\"fr-FR\",\"@id\":\"https:\\\/\\\/secure.gravatar.com\\\/avatar\\\/948b492cce32b586ac2db0eaa926ee87024f7afe218d73b397ea5ddfc5f43ea1?s=96&d=mm&r=g\",\"url\":\"https:\\\/\\\/secure.gravatar.com\\\/avatar\\\/948b492cce32b586ac2db0eaa926ee87024f7afe218d73b397ea5ddfc5f43ea1?s=96&d=mm&r=g\",\"contentUrl\":\"https:\\\/\\\/secure.gravatar.com\\\/avatar\\\/948b492cce32b586ac2db0eaa926ee87024f7afe218d73b397ea5ddfc5f43ea1?s=96&d=mm&r=g\",\"caption\":\"admin\"},\"sameAs\":[\"https:\\\/\\\/filles-de-la-charite.org\"],\"url\":\"https:\\\/\\\/filles-de-la-charite.org\\\/fr\\\/author\\\/caridad\\\/\"}]}<\/script>\n<!-- \/ Yoast SEO plugin. -->","yoast_head_json":{"title":"C\u00e9l\u00e9bration du 100e anniversaire de la Province de Slovaquie - Filles de la Charit\u00e9","robots":{"index":"index","follow":"follow","max-snippet":"max-snippet:-1","max-image-preview":"max-image-preview:large","max-video-preview":"max-video-preview:-1"},"canonical":"https:\/\/filles-de-la-charite.org\/fr\/celebration-du-100e-anniversaire-de-la-province-de-slovaquie\/","og_locale":"fr_FR","og_type":"article","og_title":"C\u00e9l\u00e9bration du 100e anniversaire de la Province de Slovaquie - Filles de la Charit\u00e9","og_description":"La c\u00e9l\u00e9bration du 100e anniversaire de la fondation de la Province de Slovaquie s\u2019est profond\u00e9ment inscrite dans le c\u0153ur de toutes les Filles de la Charit\u00e9 de cette Province, puisque du 12 au 15 mai 2022, elles ont pu accueillir des invit\u00e9s : Soeur Fran\u00e7oise Petit, Sup\u00e9rieure g\u00e9n\u00e9rale et Soeur Hanna Cybula, Conseill\u00e8re g\u00e9n\u00e9rale, ainsi [&hellip;]","og_url":"https:\/\/filles-de-la-charite.org\/fr\/celebration-du-100e-anniversaire-de-la-province-de-slovaquie\/","og_site_name":"Filles de la Charit\u00e9","article_published_time":"2022-05-31T20:00:00+00:00","article_modified_time":"2024-03-17T15:24:21+00:00","og_image":[{"width":1148,"height":765,"url":"https:\/\/filles-de-la-charite.org\/wp-content\/uploads\/2023\/06\/Ensemble-devant-Maison-provinciale.jpg","type":"image\/jpeg"}],"author":"admin","twitter_card":"summary_large_image","twitter_misc":{"\u00c9crit par":"admin","Dur\u00e9e de lecture estim\u00e9e":"3 minutes"},"schema":{"@context":"https:\/\/schema.org","@graph":[{"@type":"Article","@id":"https:\/\/filles-de-la-charite.org\/fr\/celebration-du-100e-anniversaire-de-la-province-de-slovaquie\/#article","isPartOf":{"@id":"https:\/\/filles-de-la-charite.org\/fr\/celebration-du-100e-anniversaire-de-la-province-de-slovaquie\/"},"author":{"name":"admin","@id":"https:\/\/filles-de-la-charite.org\/fr\/#\/schema\/person\/427567b2eccfc2dd7d206da186a1f438"},"headline":"C\u00e9l\u00e9bration du 100e anniversaire de la Province de Slovaquie","datePublished":"2022-05-31T20:00:00+00:00","dateModified":"2024-03-17T15:24:21+00:00","mainEntityOfPage":{"@id":"https:\/\/filles-de-la-charite.org\/fr\/celebration-du-100e-anniversaire-de-la-province-de-slovaquie\/"},"wordCount":473,"publisher":{"@id":"https:\/\/filles-de-la-charite.org\/fr\/#organization"},"image":{"@id":"https:\/\/filles-de-la-charite.org\/fr\/celebration-du-100e-anniversaire-de-la-province-de-slovaquie\/#primaryimage"},"thumbnailUrl":"https:\/\/filles-de-la-charite.org\/wp-content\/uploads\/2023\/06\/Ensemble-devant-Maison-provinciale.jpg","articleSection":["Province de Slovaquie"],"inLanguage":"fr-FR"},{"@type":"WebPage","@id":"https:\/\/filles-de-la-charite.org\/fr\/celebration-du-100e-anniversaire-de-la-province-de-slovaquie\/","url":"https:\/\/filles-de-la-charite.org\/fr\/celebration-du-100e-anniversaire-de-la-province-de-slovaquie\/","name":"C\u00e9l\u00e9bration du 100e anniversaire de la Province de Slovaquie - Filles de la Charit\u00e9","isPartOf":{"@id":"https:\/\/filles-de-la-charite.org\/fr\/#website"},"primaryImageOfPage":{"@id":"https:\/\/filles-de-la-charite.org\/fr\/celebration-du-100e-anniversaire-de-la-province-de-slovaquie\/#primaryimage"},"image":{"@id":"https:\/\/filles-de-la-charite.org\/fr\/celebration-du-100e-anniversaire-de-la-province-de-slovaquie\/#primaryimage"},"thumbnailUrl":"https:\/\/filles-de-la-charite.org\/wp-content\/uploads\/2023\/06\/Ensemble-devant-Maison-provinciale.jpg","datePublished":"2022-05-31T20:00:00+00:00","dateModified":"2024-03-17T15:24:21+00:00","breadcrumb":{"@id":"https:\/\/filles-de-la-charite.org\/fr\/celebration-du-100e-anniversaire-de-la-province-de-slovaquie\/#breadcrumb"},"inLanguage":"fr-FR","potentialAction":[{"@type":"ReadAction","target":["https:\/\/filles-de-la-charite.org\/fr\/celebration-du-100e-anniversaire-de-la-province-de-slovaquie\/"]}]},{"@type":"ImageObject","inLanguage":"fr-FR","@id":"https:\/\/filles-de-la-charite.org\/fr\/celebration-du-100e-anniversaire-de-la-province-de-slovaquie\/#primaryimage","url":"https:\/\/filles-de-la-charite.org\/wp-content\/uploads\/2023\/06\/Ensemble-devant-Maison-provinciale.jpg","contentUrl":"https:\/\/filles-de-la-charite.org\/wp-content\/uploads\/2023\/06\/Ensemble-devant-Maison-provinciale.jpg","width":1148,"height":765},{"@type":"BreadcrumbList","@id":"https:\/\/filles-de-la-charite.org\/fr\/celebration-du-100e-anniversaire-de-la-province-de-slovaquie\/#breadcrumb","itemListElement":[{"@type":"ListItem","position":1,"name":"Province de Slovaquie","item":"https:\/\/filles-de-la-charite.org\/fr\/category\/provincia-de-eslovaquia-fr\/"},{"@type":"ListItem","position":2,"name":"C\u00e9l\u00e9bration du 100e anniversaire de la Province de Slovaquie"}]},{"@type":"WebSite","@id":"https:\/\/filles-de-la-charite.org\/fr\/#website","url":"https:\/\/filles-de-la-charite.org\/fr\/","name":"Hijas de la Caridad","description":"L\u2019amour de J\u00e9sus nous presse \u00e0 prendre soin des personnes les plus d\u00e9munies","publisher":{"@id":"https:\/\/filles-de-la-charite.org\/fr\/#organization"},"potentialAction":[{"@type":"SearchAction","target":{"@type":"EntryPoint","urlTemplate":"https:\/\/filles-de-la-charite.org\/fr\/?s={search_term_string}"},"query-input":{"@type":"PropertyValueSpecification","valueRequired":true,"valueName":"search_term_string"}}],"inLanguage":"fr-FR"},{"@type":"Organization","@id":"https:\/\/filles-de-la-charite.org\/fr\/#organization","name":"Hijas de la Caridad","url":"https:\/\/filles-de-la-charite.org\/fr\/","logo":{"@type":"ImageObject","inLanguage":"fr-FR","@id":"https:\/\/filles-de-la-charite.org\/fr\/#\/schema\/logo\/image\/","url":"https:\/\/filles-de-la-charite.org\/wp-content\/uploads\/2023\/03\/isotipo-Hijas-de-la-Caridad.png","contentUrl":"https:\/\/filles-de-la-charite.org\/wp-content\/uploads\/2023\/03\/isotipo-Hijas-de-la-Caridad.png","width":1417,"height":1417,"caption":"Hijas de la Caridad"},"image":{"@id":"https:\/\/filles-de-la-charite.org\/fr\/#\/schema\/logo\/image\/"}},{"@type":"Person","@id":"https:\/\/filles-de-la-charite.org\/fr\/#\/schema\/person\/427567b2eccfc2dd7d206da186a1f438","name":"admin","image":{"@type":"ImageObject","inLanguage":"fr-FR","@id":"https:\/\/secure.gravatar.com\/avatar\/948b492cce32b586ac2db0eaa926ee87024f7afe218d73b397ea5ddfc5f43ea1?s=96&d=mm&r=g","url":"https:\/\/secure.gravatar.com\/avatar\/948b492cce32b586ac2db0eaa926ee87024f7afe218d73b397ea5ddfc5f43ea1?s=96&d=mm&r=g","contentUrl":"https:\/\/secure.gravatar.com\/avatar\/948b492cce32b586ac2db0eaa926ee87024f7afe218d73b397ea5ddfc5f43ea1?s=96&d=mm&r=g","caption":"admin"},"sameAs":["https:\/\/filles-de-la-charite.org"],"url":"https:\/\/filles-de-la-charite.org\/fr\/author\/caridad\/"}]}},"_links":{"self":[{"href":"https:\/\/filles-de-la-charite.org\/fr\/wp-json\/wp\/v2\/posts\/22616","targetHints":{"allow":["GET"]}}],"collection":[{"href":"https:\/\/filles-de-la-charite.org\/fr\/wp-json\/wp\/v2\/posts"}],"about":[{"href":"https:\/\/filles-de-la-charite.org\/fr\/wp-json\/wp\/v2\/types\/post"}],"author":[{"embeddable":true,"href":"https:\/\/filles-de-la-charite.org\/fr\/wp-json\/wp\/v2\/users\/1"}],"replies":[{"embeddable":true,"href":"https:\/\/filles-de-la-charite.org\/fr\/wp-json\/wp\/v2\/comments?post=22616"}],"version-history":[{"count":1,"href":"https:\/\/filles-de-la-charite.org\/fr\/wp-json\/wp\/v2\/posts\/22616\/revisions"}],"predecessor-version":[{"id":22617,"href":"https:\/\/filles-de-la-charite.org\/fr\/wp-json\/wp\/v2\/posts\/22616\/revisions\/22617"}],"wp:featuredmedia":[{"embeddable":true,"href":"https:\/\/filles-de-la-charite.org\/fr\/wp-json\/wp\/v2\/media\/16836"}],"wp:attachment":[{"href":"https:\/\/filles-de-la-charite.org\/fr\/wp-json\/wp\/v2\/media?parent=22616"}],"wp:term":[{"taxonomy":"category","embeddable":true,"href":"https:\/\/filles-de-la-charite.org\/fr\/wp-json\/wp\/v2\/categories?post=22616"},{"taxonomy":"post_tag","embeddable":true,"href":"https:\/\/filles-de-la-charite.org\/fr\/wp-json\/wp\/v2\/tags?post=22616"}],"curies":[{"name":"wp","href":"https:\/\/api.w.org\/{rel}","templated":true}]}}