{"id":22620,"date":"2022-06-30T22:00:00","date_gmt":"2022-06-30T20:00:00","guid":{"rendered":"https:\/\/hijascaridad.sjdigitaldemo.ovh\/70708\/"},"modified":"2024-03-17T16:24:02","modified_gmt":"2024-03-17T15:24:02","slug":"70708","status":"publish","type":"post","link":"https:\/\/filles-de-la-charite.org\/fr\/70708\/","title":{"rendered":"Visite fraternelle \u00e0 la Province d&rsquo;Espa\u00f1a Este"},"content":{"rendered":"\n<p>Juste apr\u00e8s notre Assembl\u00e9e G\u00e9n\u00e9rale, o\u00f9 l&rsquo;Esprit nous a invit\u00e9es \u00e0 franchir \u00ab six portes \u00bb, la pr\u00e9sence de S\u0153ur Antonia Gonz\u00e1lez, Conseill\u00e8re G\u00e9n\u00e9rale, est pour nous une \u00ab bonne nouvelle \u00bb ; elle repr\u00e9sente toute la Compagnie et sa visite est un moment de gr\u00e2ce pour la Province, pour chaque Communaut\u00e9 et chaque S\u0153ur. Il est toujours bon de partager, en fraternit\u00e9, nos exp\u00e9riences de service ainsi que nos projets.<\/p>\n\n\n\n<figure class=\"wp-block-image size-large\"><img decoding=\"async\" src=\"https:\/\/filles-de-la-charite.org\/wp-content\/uploads\/2023\/06\/WhatsApp-Image-2022-06-04-at-5.54.06-PM-1-1024x577-1.jpeg\" alt=\"\" class=\"wp-image-70680\"\/><\/figure>\n\n\n\n<p>Pour la Compagnie aujourd&rsquo;hui, comme au temps de nos Fondateurs, les visites aux communaut\u00e9s favorisent l&rsquo;unit\u00e9 et,&nbsp; transmettent avec simplicit\u00e9, la force et la pertinence du charisme.<\/p>\n\n\n\n<figure class=\"wp-block-image size-large\"><img decoding=\"async\" src=\"https:\/\/filles-de-la-charite.org\/wp-content\/uploads\/2023\/06\/Diapositiva3-1024x576-1.jpg\" alt=\"\" class=\"wp-image-70670\"\/><\/figure>\n\n\n\n<p>La Province Espa\u00f1a Este, form\u00e9e par les Communaut\u00e9s d&rsquo;Aragon, des \u00celes Bal\u00e9ares, de Catalogne, de Navarre et de Valence, est reconnaissante du passage de notre S\u0153ur, pla\u00e7ant ce moment historique dans le projet de Dieu. Nous souhaitons que Sr. Antonia puisse transmettre \u00e0 S\u0153ur Fran\u00e7oise Petit et \u00e0 son Conseil la joie de chaque Communaut\u00e9 visit\u00e9e et de toutes les S\u0153urs qui, d&rsquo;une mani\u00e8re ou d&rsquo;une autre, ont \u00e9t\u00e9 pr\u00e9sentes, sinon physiquement, du moins de c\u0153ur et d&rsquo;esprit, ont suivi Sr Antonia dans tout son parcours \u00e0 travers le site internet ou les r\u00e9seaux sociaux de la Province. Nous remercions Sr. Fran\u00e7oise pour ses communications fr\u00e9quentes sur les questions importantes de la Compagnie et nous l&rsquo;assurons de notre amour pour la Compagnie et de notre engagement \u00e0 ne perdre aucune des \u00ab\u00a0six cl\u00e9s\u00a0\u00bb qui nous donneront acc\u00e8s aux p\u00e9riph\u00e9ries o\u00f9 nos fr\u00e8res et des s\u0153urs nous attendent.<\/p>\n\n\n\n<div class=\"wp-block-responsive-lightbox-gallery\"><\/div>\n","protected":false},"excerpt":{"rendered":"<p>Juste apr\u00e8s notre Assembl\u00e9e G\u00e9n\u00e9rale, o\u00f9 l&rsquo;Esprit nous a invit\u00e9es \u00e0 franchir \u00ab six portes \u00bb, la pr\u00e9sence de S\u0153ur Antonia Gonz\u00e1lez, Conseill\u00e8re G\u00e9n\u00e9rale, est pour nous une \u00ab bonne nouvelle \u00bb ; elle repr\u00e9sente toute la Compagnie et sa visite est un moment de gr\u00e2ce pour la Province, pour chaque Communaut\u00e9 et chaque S\u0153ur. [&hellip;]<\/p>\n","protected":false},"author":1,"featured_media":16856,"comment_status":"closed","ping_status":"closed","sticky":false,"template":"","format":"standard","meta":{"_acf_changed":false,"_et_pb_use_builder":"","_et_pb_old_content":"","_et_gb_content_width":"","footnotes":"","_links_to":"","_links_to_target":""},"categories":[794],"tags":[],"class_list":["post-22620","post","type-post","status-publish","format-standard","has-post-thumbnail","hentry","category-espana-este-fr"],"acf":[],"yoast_head":"<!-- This site is optimized with the Yoast SEO plugin v27.5 - https:\/\/yoast.com\/product\/yoast-seo-wordpress\/ -->\n<title>Visite fraternelle \u00e0 la Province d&#039;Espa\u00f1a Este - Filles de la Charit\u00e9<\/title>\n<meta name=\"robots\" content=\"index, follow, max-snippet:-1, max-image-preview:large, max-video-preview:-1\" \/>\n<link rel=\"canonical\" href=\"https:\/\/filles-de-la-charite.org\/fr\/70708\/\" \/>\n<meta property=\"og:locale\" content=\"fr_FR\" \/>\n<meta property=\"og:type\" content=\"article\" \/>\n<meta property=\"og:title\" content=\"Visite fraternelle \u00e0 la Province d&#039;Espa\u00f1a Este - Filles de la Charit\u00e9\" \/>\n<meta property=\"og:description\" content=\"Juste apr\u00e8s notre Assembl\u00e9e G\u00e9n\u00e9rale, o\u00f9 l&rsquo;Esprit nous a invit\u00e9es \u00e0 franchir \u00ab six portes \u00bb, la pr\u00e9sence de S\u0153ur Antonia Gonz\u00e1lez, Conseill\u00e8re G\u00e9n\u00e9rale, est pour nous une \u00ab bonne nouvelle \u00bb ; elle repr\u00e9sente toute la Compagnie et sa visite est un moment de gr\u00e2ce pour la Province, pour chaque Communaut\u00e9 et chaque S\u0153ur. [&hellip;]\" \/>\n<meta property=\"og:url\" content=\"https:\/\/filles-de-la-charite.org\/fr\/70708\/\" \/>\n<meta property=\"og:site_name\" content=\"Filles de la Charit\u00e9\" \/>\n<meta property=\"article:published_time\" content=\"2022-06-30T20:00:00+00:00\" \/>\n<meta property=\"article:modified_time\" content=\"2024-03-17T15:24:02+00:00\" \/>\n<meta property=\"og:image\" content=\"https:\/\/filles-de-la-charite.org\/wp-content\/uploads\/2023\/06\/miniatura2-scaled-1.jpg\" \/>\n\t<meta property=\"og:image:width\" content=\"2560\" \/>\n\t<meta property=\"og:image:height\" content=\"1440\" \/>\n\t<meta property=\"og:image:type\" content=\"image\/jpeg\" \/>\n<meta name=\"author\" content=\"admin\" \/>\n<meta name=\"twitter:card\" content=\"summary_large_image\" \/>\n<meta name=\"twitter:label1\" content=\"\u00c9crit par\" \/>\n\t<meta name=\"twitter:data1\" content=\"admin\" \/>\n\t<meta name=\"twitter:label2\" content=\"Dur\u00e9e de lecture estim\u00e9e\" \/>\n\t<meta name=\"twitter:data2\" content=\"2 minutes\" \/>\n<script type=\"application\/ld+json\" class=\"yoast-schema-graph\">{\"@context\":\"https:\\\/\\\/schema.org\",\"@graph\":[{\"@type\":\"Article\",\"@id\":\"https:\\\/\\\/filles-de-la-charite.org\\\/fr\\\/70708\\\/#article\",\"isPartOf\":{\"@id\":\"https:\\\/\\\/filles-de-la-charite.org\\\/fr\\\/70708\\\/\"},\"author\":{\"name\":\"admin\",\"@id\":\"https:\\\/\\\/filles-de-la-charite.org\\\/fr\\\/#\\\/schema\\\/person\\\/427567b2eccfc2dd7d206da186a1f438\"},\"headline\":\"Visite fraternelle \u00e0 la Province d&rsquo;Espa\u00f1a Este\",\"datePublished\":\"2022-06-30T20:00:00+00:00\",\"dateModified\":\"2024-03-17T15:24:02+00:00\",\"mainEntityOfPage\":{\"@id\":\"https:\\\/\\\/filles-de-la-charite.org\\\/fr\\\/70708\\\/\"},\"wordCount\":293,\"publisher\":{\"@id\":\"https:\\\/\\\/filles-de-la-charite.org\\\/fr\\\/#organization\"},\"image\":{\"@id\":\"https:\\\/\\\/filles-de-la-charite.org\\\/fr\\\/70708\\\/#primaryimage\"},\"thumbnailUrl\":\"https:\\\/\\\/filles-de-la-charite.org\\\/wp-content\\\/uploads\\\/2023\\\/06\\\/miniatura2-scaled-1.jpg\",\"articleSection\":[\"Espa\u00f1a-Este\"],\"inLanguage\":\"fr-FR\"},{\"@type\":\"WebPage\",\"@id\":\"https:\\\/\\\/filles-de-la-charite.org\\\/fr\\\/70708\\\/\",\"url\":\"https:\\\/\\\/filles-de-la-charite.org\\\/fr\\\/70708\\\/\",\"name\":\"Visite fraternelle \u00e0 la Province d'Espa\u00f1a Este - Filles de la Charit\u00e9\",\"isPartOf\":{\"@id\":\"https:\\\/\\\/filles-de-la-charite.org\\\/fr\\\/#website\"},\"primaryImageOfPage\":{\"@id\":\"https:\\\/\\\/filles-de-la-charite.org\\\/fr\\\/70708\\\/#primaryimage\"},\"image\":{\"@id\":\"https:\\\/\\\/filles-de-la-charite.org\\\/fr\\\/70708\\\/#primaryimage\"},\"thumbnailUrl\":\"https:\\\/\\\/filles-de-la-charite.org\\\/wp-content\\\/uploads\\\/2023\\\/06\\\/miniatura2-scaled-1.jpg\",\"datePublished\":\"2022-06-30T20:00:00+00:00\",\"dateModified\":\"2024-03-17T15:24:02+00:00\",\"breadcrumb\":{\"@id\":\"https:\\\/\\\/filles-de-la-charite.org\\\/fr\\\/70708\\\/#breadcrumb\"},\"inLanguage\":\"fr-FR\",\"potentialAction\":[{\"@type\":\"ReadAction\",\"target\":[\"https:\\\/\\\/filles-de-la-charite.org\\\/fr\\\/70708\\\/\"]}]},{\"@type\":\"ImageObject\",\"inLanguage\":\"fr-FR\",\"@id\":\"https:\\\/\\\/filles-de-la-charite.org\\\/fr\\\/70708\\\/#primaryimage\",\"url\":\"https:\\\/\\\/filles-de-la-charite.org\\\/wp-content\\\/uploads\\\/2023\\\/06\\\/miniatura2-scaled-1.jpg\",\"contentUrl\":\"https:\\\/\\\/filles-de-la-charite.org\\\/wp-content\\\/uploads\\\/2023\\\/06\\\/miniatura2-scaled-1.jpg\",\"width\":2560,\"height\":1440},{\"@type\":\"BreadcrumbList\",\"@id\":\"https:\\\/\\\/filles-de-la-charite.org\\\/fr\\\/70708\\\/#breadcrumb\",\"itemListElement\":[{\"@type\":\"ListItem\",\"position\":1,\"name\":\"Espa\u00f1a-Este\",\"item\":\"https:\\\/\\\/filles-de-la-charite.org\\\/fr\\\/category\\\/espana-este-fr\\\/\"},{\"@type\":\"ListItem\",\"position\":2,\"name\":\"Visite fraternelle \u00e0 la Province d&#8217;Espa\u00f1a Este\"}]},{\"@type\":\"WebSite\",\"@id\":\"https:\\\/\\\/filles-de-la-charite.org\\\/fr\\\/#website\",\"url\":\"https:\\\/\\\/filles-de-la-charite.org\\\/fr\\\/\",\"name\":\"Hijas de la Caridad\",\"description\":\"L\u2019amour de J\u00e9sus nous presse \u00e0 prendre soin des personnes les plus d\u00e9munies\",\"publisher\":{\"@id\":\"https:\\\/\\\/filles-de-la-charite.org\\\/fr\\\/#organization\"},\"potentialAction\":[{\"@type\":\"SearchAction\",\"target\":{\"@type\":\"EntryPoint\",\"urlTemplate\":\"https:\\\/\\\/filles-de-la-charite.org\\\/fr\\\/?s={search_term_string}\"},\"query-input\":{\"@type\":\"PropertyValueSpecification\",\"valueRequired\":true,\"valueName\":\"search_term_string\"}}],\"inLanguage\":\"fr-FR\"},{\"@type\":\"Organization\",\"@id\":\"https:\\\/\\\/filles-de-la-charite.org\\\/fr\\\/#organization\",\"name\":\"Hijas de la Caridad\",\"url\":\"https:\\\/\\\/filles-de-la-charite.org\\\/fr\\\/\",\"logo\":{\"@type\":\"ImageObject\",\"inLanguage\":\"fr-FR\",\"@id\":\"https:\\\/\\\/filles-de-la-charite.org\\\/fr\\\/#\\\/schema\\\/logo\\\/image\\\/\",\"url\":\"https:\\\/\\\/filles-de-la-charite.org\\\/wp-content\\\/uploads\\\/2023\\\/03\\\/isotipo-Hijas-de-la-Caridad.png\",\"contentUrl\":\"https:\\\/\\\/filles-de-la-charite.org\\\/wp-content\\\/uploads\\\/2023\\\/03\\\/isotipo-Hijas-de-la-Caridad.png\",\"width\":1417,\"height\":1417,\"caption\":\"Hijas de la Caridad\"},\"image\":{\"@id\":\"https:\\\/\\\/filles-de-la-charite.org\\\/fr\\\/#\\\/schema\\\/logo\\\/image\\\/\"}},{\"@type\":\"Person\",\"@id\":\"https:\\\/\\\/filles-de-la-charite.org\\\/fr\\\/#\\\/schema\\\/person\\\/427567b2eccfc2dd7d206da186a1f438\",\"name\":\"admin\",\"image\":{\"@type\":\"ImageObject\",\"inLanguage\":\"fr-FR\",\"@id\":\"https:\\\/\\\/secure.gravatar.com\\\/avatar\\\/948b492cce32b586ac2db0eaa926ee87024f7afe218d73b397ea5ddfc5f43ea1?s=96&d=mm&r=g\",\"url\":\"https:\\\/\\\/secure.gravatar.com\\\/avatar\\\/948b492cce32b586ac2db0eaa926ee87024f7afe218d73b397ea5ddfc5f43ea1?s=96&d=mm&r=g\",\"contentUrl\":\"https:\\\/\\\/secure.gravatar.com\\\/avatar\\\/948b492cce32b586ac2db0eaa926ee87024f7afe218d73b397ea5ddfc5f43ea1?s=96&d=mm&r=g\",\"caption\":\"admin\"},\"sameAs\":[\"https:\\\/\\\/filles-de-la-charite.org\"],\"url\":\"https:\\\/\\\/filles-de-la-charite.org\\\/fr\\\/author\\\/caridad\\\/\"}]}<\/script>\n<!-- \/ Yoast SEO plugin. -->","yoast_head_json":{"title":"Visite fraternelle \u00e0 la Province d'Espa\u00f1a Este - Filles de la Charit\u00e9","robots":{"index":"index","follow":"follow","max-snippet":"max-snippet:-1","max-image-preview":"max-image-preview:large","max-video-preview":"max-video-preview:-1"},"canonical":"https:\/\/filles-de-la-charite.org\/fr\/70708\/","og_locale":"fr_FR","og_type":"article","og_title":"Visite fraternelle \u00e0 la Province d'Espa\u00f1a Este - Filles de la Charit\u00e9","og_description":"Juste apr\u00e8s notre Assembl\u00e9e G\u00e9n\u00e9rale, o\u00f9 l&rsquo;Esprit nous a invit\u00e9es \u00e0 franchir \u00ab six portes \u00bb, la pr\u00e9sence de S\u0153ur Antonia Gonz\u00e1lez, Conseill\u00e8re G\u00e9n\u00e9rale, est pour nous une \u00ab bonne nouvelle \u00bb ; elle repr\u00e9sente toute la Compagnie et sa visite est un moment de gr\u00e2ce pour la Province, pour chaque Communaut\u00e9 et chaque S\u0153ur. [&hellip;]","og_url":"https:\/\/filles-de-la-charite.org\/fr\/70708\/","og_site_name":"Filles de la Charit\u00e9","article_published_time":"2022-06-30T20:00:00+00:00","article_modified_time":"2024-03-17T15:24:02+00:00","og_image":[{"width":2560,"height":1440,"url":"https:\/\/filles-de-la-charite.org\/wp-content\/uploads\/2023\/06\/miniatura2-scaled-1.jpg","type":"image\/jpeg"}],"author":"admin","twitter_card":"summary_large_image","twitter_misc":{"\u00c9crit par":"admin","Dur\u00e9e de lecture estim\u00e9e":"2 minutes"},"schema":{"@context":"https:\/\/schema.org","@graph":[{"@type":"Article","@id":"https:\/\/filles-de-la-charite.org\/fr\/70708\/#article","isPartOf":{"@id":"https:\/\/filles-de-la-charite.org\/fr\/70708\/"},"author":{"name":"admin","@id":"https:\/\/filles-de-la-charite.org\/fr\/#\/schema\/person\/427567b2eccfc2dd7d206da186a1f438"},"headline":"Visite fraternelle \u00e0 la Province d&rsquo;Espa\u00f1a Este","datePublished":"2022-06-30T20:00:00+00:00","dateModified":"2024-03-17T15:24:02+00:00","mainEntityOfPage":{"@id":"https:\/\/filles-de-la-charite.org\/fr\/70708\/"},"wordCount":293,"publisher":{"@id":"https:\/\/filles-de-la-charite.org\/fr\/#organization"},"image":{"@id":"https:\/\/filles-de-la-charite.org\/fr\/70708\/#primaryimage"},"thumbnailUrl":"https:\/\/filles-de-la-charite.org\/wp-content\/uploads\/2023\/06\/miniatura2-scaled-1.jpg","articleSection":["Espa\u00f1a-Este"],"inLanguage":"fr-FR"},{"@type":"WebPage","@id":"https:\/\/filles-de-la-charite.org\/fr\/70708\/","url":"https:\/\/filles-de-la-charite.org\/fr\/70708\/","name":"Visite fraternelle \u00e0 la Province d'Espa\u00f1a Este - Filles de la Charit\u00e9","isPartOf":{"@id":"https:\/\/filles-de-la-charite.org\/fr\/#website"},"primaryImageOfPage":{"@id":"https:\/\/filles-de-la-charite.org\/fr\/70708\/#primaryimage"},"image":{"@id":"https:\/\/filles-de-la-charite.org\/fr\/70708\/#primaryimage"},"thumbnailUrl":"https:\/\/filles-de-la-charite.org\/wp-content\/uploads\/2023\/06\/miniatura2-scaled-1.jpg","datePublished":"2022-06-30T20:00:00+00:00","dateModified":"2024-03-17T15:24:02+00:00","breadcrumb":{"@id":"https:\/\/filles-de-la-charite.org\/fr\/70708\/#breadcrumb"},"inLanguage":"fr-FR","potentialAction":[{"@type":"ReadAction","target":["https:\/\/filles-de-la-charite.org\/fr\/70708\/"]}]},{"@type":"ImageObject","inLanguage":"fr-FR","@id":"https:\/\/filles-de-la-charite.org\/fr\/70708\/#primaryimage","url":"https:\/\/filles-de-la-charite.org\/wp-content\/uploads\/2023\/06\/miniatura2-scaled-1.jpg","contentUrl":"https:\/\/filles-de-la-charite.org\/wp-content\/uploads\/2023\/06\/miniatura2-scaled-1.jpg","width":2560,"height":1440},{"@type":"BreadcrumbList","@id":"https:\/\/filles-de-la-charite.org\/fr\/70708\/#breadcrumb","itemListElement":[{"@type":"ListItem","position":1,"name":"Espa\u00f1a-Este","item":"https:\/\/filles-de-la-charite.org\/fr\/category\/espana-este-fr\/"},{"@type":"ListItem","position":2,"name":"Visite fraternelle \u00e0 la Province d&#8217;Espa\u00f1a Este"}]},{"@type":"WebSite","@id":"https:\/\/filles-de-la-charite.org\/fr\/#website","url":"https:\/\/filles-de-la-charite.org\/fr\/","name":"Hijas de la Caridad","description":"L\u2019amour de J\u00e9sus nous presse \u00e0 prendre soin des personnes les plus d\u00e9munies","publisher":{"@id":"https:\/\/filles-de-la-charite.org\/fr\/#organization"},"potentialAction":[{"@type":"SearchAction","target":{"@type":"EntryPoint","urlTemplate":"https:\/\/filles-de-la-charite.org\/fr\/?s={search_term_string}"},"query-input":{"@type":"PropertyValueSpecification","valueRequired":true,"valueName":"search_term_string"}}],"inLanguage":"fr-FR"},{"@type":"Organization","@id":"https:\/\/filles-de-la-charite.org\/fr\/#organization","name":"Hijas de la Caridad","url":"https:\/\/filles-de-la-charite.org\/fr\/","logo":{"@type":"ImageObject","inLanguage":"fr-FR","@id":"https:\/\/filles-de-la-charite.org\/fr\/#\/schema\/logo\/image\/","url":"https:\/\/filles-de-la-charite.org\/wp-content\/uploads\/2023\/03\/isotipo-Hijas-de-la-Caridad.png","contentUrl":"https:\/\/filles-de-la-charite.org\/wp-content\/uploads\/2023\/03\/isotipo-Hijas-de-la-Caridad.png","width":1417,"height":1417,"caption":"Hijas de la Caridad"},"image":{"@id":"https:\/\/filles-de-la-charite.org\/fr\/#\/schema\/logo\/image\/"}},{"@type":"Person","@id":"https:\/\/filles-de-la-charite.org\/fr\/#\/schema\/person\/427567b2eccfc2dd7d206da186a1f438","name":"admin","image":{"@type":"ImageObject","inLanguage":"fr-FR","@id":"https:\/\/secure.gravatar.com\/avatar\/948b492cce32b586ac2db0eaa926ee87024f7afe218d73b397ea5ddfc5f43ea1?s=96&d=mm&r=g","url":"https:\/\/secure.gravatar.com\/avatar\/948b492cce32b586ac2db0eaa926ee87024f7afe218d73b397ea5ddfc5f43ea1?s=96&d=mm&r=g","contentUrl":"https:\/\/secure.gravatar.com\/avatar\/948b492cce32b586ac2db0eaa926ee87024f7afe218d73b397ea5ddfc5f43ea1?s=96&d=mm&r=g","caption":"admin"},"sameAs":["https:\/\/filles-de-la-charite.org"],"url":"https:\/\/filles-de-la-charite.org\/fr\/author\/caridad\/"}]}},"_links":{"self":[{"href":"https:\/\/filles-de-la-charite.org\/fr\/wp-json\/wp\/v2\/posts\/22620","targetHints":{"allow":["GET"]}}],"collection":[{"href":"https:\/\/filles-de-la-charite.org\/fr\/wp-json\/wp\/v2\/posts"}],"about":[{"href":"https:\/\/filles-de-la-charite.org\/fr\/wp-json\/wp\/v2\/types\/post"}],"author":[{"embeddable":true,"href":"https:\/\/filles-de-la-charite.org\/fr\/wp-json\/wp\/v2\/users\/1"}],"replies":[{"embeddable":true,"href":"https:\/\/filles-de-la-charite.org\/fr\/wp-json\/wp\/v2\/comments?post=22620"}],"version-history":[{"count":1,"href":"https:\/\/filles-de-la-charite.org\/fr\/wp-json\/wp\/v2\/posts\/22620\/revisions"}],"predecessor-version":[{"id":22621,"href":"https:\/\/filles-de-la-charite.org\/fr\/wp-json\/wp\/v2\/posts\/22620\/revisions\/22621"}],"wp:featuredmedia":[{"embeddable":true,"href":"https:\/\/filles-de-la-charite.org\/fr\/wp-json\/wp\/v2\/media\/16856"}],"wp:attachment":[{"href":"https:\/\/filles-de-la-charite.org\/fr\/wp-json\/wp\/v2\/media?parent=22620"}],"wp:term":[{"taxonomy":"category","embeddable":true,"href":"https:\/\/filles-de-la-charite.org\/fr\/wp-json\/wp\/v2\/categories?post=22620"},{"taxonomy":"post_tag","embeddable":true,"href":"https:\/\/filles-de-la-charite.org\/fr\/wp-json\/wp\/v2\/tags?post=22620"}],"curies":[{"name":"wp","href":"https:\/\/api.w.org\/{rel}","templated":true}]}}