{"id":22623,"date":"2022-07-24T14:55:00","date_gmt":"2022-07-24T12:55:00","guid":{"rendered":"https:\/\/hijascaridad.sjdigitaldemo.ovh\/deces-de-soeur-juana-elizondo\/"},"modified":"2024-03-17T16:23:13","modified_gmt":"2024-03-17T15:23:13","slug":"deces-de-soeur-juana-elizondo","status":"publish","type":"post","link":"https:\/\/filles-de-la-charite.org\/fr\/deces-de-soeur-juana-elizondo\/","title":{"rendered":"D\u00e9c\u00e8s de S\u0153ur Juana Elizondo"},"content":{"rendered":"\n<p>Nous avons appris le d\u00e9c\u00e8s \u00e0 San Sebastian, ce dimanche 24 juillet 2022 de Soeur Juana ELIZONDO, \u00e2g\u00e9e de 96 ans, 71 ans de vocation.<\/p>\n\n\n\n<p>Nous rendons gr\u00e2ce \u00e0 Dieu pour sa belle vie, pour son attachement ind\u00e9fectible au Christ et son d\u00e9vouement inlassable au service de la Compagnie, tout particuli\u00e8rement au cours de ses douze ann\u00e9es de mandat de Sup\u00e9rieure g\u00e9n\u00e9rale.<\/p>\n\n\n\n<p>Nous prions pour elle, sa famille, les pauvres qu\u2019elle a servis et aim\u00e9s et les S\u0153urs qu\u2019elle a connues et accompagn\u00e9es, notamment celles de sa Province Espa\u00f1a-Norte.<\/p>\n\n\n\n<p>Ses fun\u00e9railles seront c\u00e9l\u00e9br\u00e9es le mardi 26 juillet. Vous voudrez bien vous y unir par la pens\u00e9e et la pri\u00e8re en offrant une messe \u00e0 cette intention.<\/p>\n\n\n\n<p>Que le Seigneur l\u2019accueille dans sa paix et sa joie&nbsp;!<\/p>\n\n\n\n<div class=\"wp-block-responsive-lightbox-gallery\"><\/div>\n","protected":false},"excerpt":{"rendered":"<p>Nous avons appris le d\u00e9c\u00e8s \u00e0 San Sebastian, ce dimanche 24 juillet 2022 de Soeur Juana ELIZONDO, \u00e2g\u00e9e de 96 ans, 71 ans de vocation. Nous rendons gr\u00e2ce \u00e0 Dieu pour sa belle vie, pour son attachement ind\u00e9fectible au Christ et son d\u00e9vouement inlassable au service de la Compagnie, tout particuli\u00e8rement au cours de ses [&hellip;]<\/p>\n","protected":false},"author":1,"featured_media":22624,"comment_status":"closed","ping_status":"closed","sticky":false,"template":"","format":"standard","meta":{"_acf_changed":false,"footnotes":"","_links_to":"","_links_to_target":""},"categories":[799],"tags":[],"class_list":["post-22623","post","type-post","status-publish","format-standard","has-post-thumbnail","hentry","category-espana-norte-fr"],"acf":[],"yoast_head":"<!-- This site is optimized with the Yoast SEO plugin v27.5 - https:\/\/yoast.com\/product\/yoast-seo-wordpress\/ -->\n<title>D\u00e9c\u00e8s de S\u0153ur Juana Elizondo - Filles de la Charit\u00e9<\/title>\n<meta name=\"robots\" content=\"index, follow, max-snippet:-1, max-image-preview:large, max-video-preview:-1\" \/>\n<link rel=\"canonical\" href=\"https:\/\/filles-de-la-charite.org\/fr\/deces-de-soeur-juana-elizondo\/\" \/>\n<meta property=\"og:locale\" content=\"fr_FR\" \/>\n<meta property=\"og:type\" content=\"article\" \/>\n<meta property=\"og:title\" content=\"D\u00e9c\u00e8s de S\u0153ur Juana Elizondo - Filles de la Charit\u00e9\" \/>\n<meta property=\"og:description\" content=\"Nous avons appris le d\u00e9c\u00e8s \u00e0 San Sebastian, ce dimanche 24 juillet 2022 de Soeur Juana ELIZONDO, \u00e2g\u00e9e de 96 ans, 71 ans de vocation. Nous rendons gr\u00e2ce \u00e0 Dieu pour sa belle vie, pour son attachement ind\u00e9fectible au Christ et son d\u00e9vouement inlassable au service de la Compagnie, tout particuli\u00e8rement au cours de ses [&hellip;]\" \/>\n<meta property=\"og:url\" content=\"https:\/\/filles-de-la-charite.org\/fr\/deces-de-soeur-juana-elizondo\/\" \/>\n<meta property=\"og:site_name\" content=\"Filles de la Charit\u00e9\" \/>\n<meta property=\"article:published_time\" content=\"2022-07-24T12:55:00+00:00\" \/>\n<meta property=\"article:modified_time\" content=\"2024-03-17T15:23:13+00:00\" \/>\n<meta property=\"og:image\" content=\"https:\/\/filles-de-la-charite.org\/wp-content\/uploads\/2023\/06\/Diapositiva2-scaled-2.jpg\" \/>\n\t<meta property=\"og:image:width\" content=\"2560\" \/>\n\t<meta property=\"og:image:height\" content=\"1440\" \/>\n\t<meta property=\"og:image:type\" content=\"image\/jpeg\" \/>\n<meta name=\"author\" content=\"admin\" \/>\n<meta name=\"twitter:card\" content=\"summary_large_image\" \/>\n<meta name=\"twitter:label1\" content=\"\u00c9crit par\" \/>\n\t<meta name=\"twitter:data1\" content=\"admin\" \/>\n\t<meta name=\"twitter:label2\" content=\"Dur\u00e9e de lecture estim\u00e9e\" \/>\n\t<meta name=\"twitter:data2\" content=\"1 minute\" \/>\n<script type=\"application\/ld+json\" class=\"yoast-schema-graph\">{\"@context\":\"https:\\\/\\\/schema.org\",\"@graph\":[{\"@type\":\"Article\",\"@id\":\"https:\\\/\\\/filles-de-la-charite.org\\\/fr\\\/deces-de-soeur-juana-elizondo\\\/#article\",\"isPartOf\":{\"@id\":\"https:\\\/\\\/filles-de-la-charite.org\\\/fr\\\/deces-de-soeur-juana-elizondo\\\/\"},\"author\":{\"name\":\"admin\",\"@id\":\"https:\\\/\\\/filles-de-la-charite.org\\\/fr\\\/#\\\/schema\\\/person\\\/427567b2eccfc2dd7d206da186a1f438\"},\"headline\":\"D\u00e9c\u00e8s de S\u0153ur Juana Elizondo\",\"datePublished\":\"2022-07-24T12:55:00+00:00\",\"dateModified\":\"2024-03-17T15:23:13+00:00\",\"mainEntityOfPage\":{\"@id\":\"https:\\\/\\\/filles-de-la-charite.org\\\/fr\\\/deces-de-soeur-juana-elizondo\\\/\"},\"wordCount\":154,\"publisher\":{\"@id\":\"https:\\\/\\\/filles-de-la-charite.org\\\/fr\\\/#organization\"},\"image\":{\"@id\":\"https:\\\/\\\/filles-de-la-charite.org\\\/fr\\\/deces-de-soeur-juana-elizondo\\\/#primaryimage\"},\"thumbnailUrl\":\"https:\\\/\\\/filles-de-la-charite.org\\\/wp-content\\\/uploads\\\/2023\\\/06\\\/Diapositiva2-scaled-2.jpg\",\"articleSection\":[\"Espa\u00f1a-Norte\"],\"inLanguage\":\"fr-FR\"},{\"@type\":\"WebPage\",\"@id\":\"https:\\\/\\\/filles-de-la-charite.org\\\/fr\\\/deces-de-soeur-juana-elizondo\\\/\",\"url\":\"https:\\\/\\\/filles-de-la-charite.org\\\/fr\\\/deces-de-soeur-juana-elizondo\\\/\",\"name\":\"D\u00e9c\u00e8s de S\u0153ur Juana Elizondo - Filles de la Charit\u00e9\",\"isPartOf\":{\"@id\":\"https:\\\/\\\/filles-de-la-charite.org\\\/fr\\\/#website\"},\"primaryImageOfPage\":{\"@id\":\"https:\\\/\\\/filles-de-la-charite.org\\\/fr\\\/deces-de-soeur-juana-elizondo\\\/#primaryimage\"},\"image\":{\"@id\":\"https:\\\/\\\/filles-de-la-charite.org\\\/fr\\\/deces-de-soeur-juana-elizondo\\\/#primaryimage\"},\"thumbnailUrl\":\"https:\\\/\\\/filles-de-la-charite.org\\\/wp-content\\\/uploads\\\/2023\\\/06\\\/Diapositiva2-scaled-2.jpg\",\"datePublished\":\"2022-07-24T12:55:00+00:00\",\"dateModified\":\"2024-03-17T15:23:13+00:00\",\"breadcrumb\":{\"@id\":\"https:\\\/\\\/filles-de-la-charite.org\\\/fr\\\/deces-de-soeur-juana-elizondo\\\/#breadcrumb\"},\"inLanguage\":\"fr-FR\",\"potentialAction\":[{\"@type\":\"ReadAction\",\"target\":[\"https:\\\/\\\/filles-de-la-charite.org\\\/fr\\\/deces-de-soeur-juana-elizondo\\\/\"]}]},{\"@type\":\"ImageObject\",\"inLanguage\":\"fr-FR\",\"@id\":\"https:\\\/\\\/filles-de-la-charite.org\\\/fr\\\/deces-de-soeur-juana-elizondo\\\/#primaryimage\",\"url\":\"https:\\\/\\\/filles-de-la-charite.org\\\/wp-content\\\/uploads\\\/2023\\\/06\\\/Diapositiva2-scaled-2.jpg\",\"contentUrl\":\"https:\\\/\\\/filles-de-la-charite.org\\\/wp-content\\\/uploads\\\/2023\\\/06\\\/Diapositiva2-scaled-2.jpg\",\"width\":2560,\"height\":1440},{\"@type\":\"BreadcrumbList\",\"@id\":\"https:\\\/\\\/filles-de-la-charite.org\\\/fr\\\/deces-de-soeur-juana-elizondo\\\/#breadcrumb\",\"itemListElement\":[{\"@type\":\"ListItem\",\"position\":1,\"name\":\"Espa\u00f1a-Norte\",\"item\":\"https:\\\/\\\/filles-de-la-charite.org\\\/fr\\\/category\\\/espana-norte-fr\\\/\"},{\"@type\":\"ListItem\",\"position\":2,\"name\":\"D\u00e9c\u00e8s de S\u0153ur Juana Elizondo\"}]},{\"@type\":\"WebSite\",\"@id\":\"https:\\\/\\\/filles-de-la-charite.org\\\/fr\\\/#website\",\"url\":\"https:\\\/\\\/filles-de-la-charite.org\\\/fr\\\/\",\"name\":\"Hijas de la Caridad\",\"description\":\"L\u2019amour de J\u00e9sus nous presse \u00e0 prendre soin des personnes les plus d\u00e9munies\",\"publisher\":{\"@id\":\"https:\\\/\\\/filles-de-la-charite.org\\\/fr\\\/#organization\"},\"potentialAction\":[{\"@type\":\"SearchAction\",\"target\":{\"@type\":\"EntryPoint\",\"urlTemplate\":\"https:\\\/\\\/filles-de-la-charite.org\\\/fr\\\/?s={search_term_string}\"},\"query-input\":{\"@type\":\"PropertyValueSpecification\",\"valueRequired\":true,\"valueName\":\"search_term_string\"}}],\"inLanguage\":\"fr-FR\"},{\"@type\":\"Organization\",\"@id\":\"https:\\\/\\\/filles-de-la-charite.org\\\/fr\\\/#organization\",\"name\":\"Hijas de la Caridad\",\"url\":\"https:\\\/\\\/filles-de-la-charite.org\\\/fr\\\/\",\"logo\":{\"@type\":\"ImageObject\",\"inLanguage\":\"fr-FR\",\"@id\":\"https:\\\/\\\/filles-de-la-charite.org\\\/fr\\\/#\\\/schema\\\/logo\\\/image\\\/\",\"url\":\"https:\\\/\\\/filles-de-la-charite.org\\\/wp-content\\\/uploads\\\/2023\\\/03\\\/isotipo-Hijas-de-la-Caridad.png\",\"contentUrl\":\"https:\\\/\\\/filles-de-la-charite.org\\\/wp-content\\\/uploads\\\/2023\\\/03\\\/isotipo-Hijas-de-la-Caridad.png\",\"width\":1417,\"height\":1417,\"caption\":\"Hijas de la Caridad\"},\"image\":{\"@id\":\"https:\\\/\\\/filles-de-la-charite.org\\\/fr\\\/#\\\/schema\\\/logo\\\/image\\\/\"}},{\"@type\":\"Person\",\"@id\":\"https:\\\/\\\/filles-de-la-charite.org\\\/fr\\\/#\\\/schema\\\/person\\\/427567b2eccfc2dd7d206da186a1f438\",\"name\":\"admin\",\"image\":{\"@type\":\"ImageObject\",\"inLanguage\":\"fr-FR\",\"@id\":\"https:\\\/\\\/secure.gravatar.com\\\/avatar\\\/948b492cce32b586ac2db0eaa926ee87024f7afe218d73b397ea5ddfc5f43ea1?s=96&d=mm&r=g\",\"url\":\"https:\\\/\\\/secure.gravatar.com\\\/avatar\\\/948b492cce32b586ac2db0eaa926ee87024f7afe218d73b397ea5ddfc5f43ea1?s=96&d=mm&r=g\",\"contentUrl\":\"https:\\\/\\\/secure.gravatar.com\\\/avatar\\\/948b492cce32b586ac2db0eaa926ee87024f7afe218d73b397ea5ddfc5f43ea1?s=96&d=mm&r=g\",\"caption\":\"admin\"},\"sameAs\":[\"https:\\\/\\\/filles-de-la-charite.org\"],\"url\":\"https:\\\/\\\/filles-de-la-charite.org\\\/fr\\\/author\\\/caridad\\\/\"}]}<\/script>\n<!-- \/ Yoast SEO plugin. -->","yoast_head_json":{"title":"D\u00e9c\u00e8s de S\u0153ur Juana Elizondo - Filles de la Charit\u00e9","robots":{"index":"index","follow":"follow","max-snippet":"max-snippet:-1","max-image-preview":"max-image-preview:large","max-video-preview":"max-video-preview:-1"},"canonical":"https:\/\/filles-de-la-charite.org\/fr\/deces-de-soeur-juana-elizondo\/","og_locale":"fr_FR","og_type":"article","og_title":"D\u00e9c\u00e8s de S\u0153ur Juana Elizondo - Filles de la Charit\u00e9","og_description":"Nous avons appris le d\u00e9c\u00e8s \u00e0 San Sebastian, ce dimanche 24 juillet 2022 de Soeur Juana ELIZONDO, \u00e2g\u00e9e de 96 ans, 71 ans de vocation. Nous rendons gr\u00e2ce \u00e0 Dieu pour sa belle vie, pour son attachement ind\u00e9fectible au Christ et son d\u00e9vouement inlassable au service de la Compagnie, tout particuli\u00e8rement au cours de ses [&hellip;]","og_url":"https:\/\/filles-de-la-charite.org\/fr\/deces-de-soeur-juana-elizondo\/","og_site_name":"Filles de la Charit\u00e9","article_published_time":"2022-07-24T12:55:00+00:00","article_modified_time":"2024-03-17T15:23:13+00:00","og_image":[{"width":2560,"height":1440,"url":"https:\/\/filles-de-la-charite.org\/wp-content\/uploads\/2023\/06\/Diapositiva2-scaled-2.jpg","type":"image\/jpeg"}],"author":"admin","twitter_card":"summary_large_image","twitter_misc":{"\u00c9crit par":"admin","Dur\u00e9e de lecture estim\u00e9e":"1 minute"},"schema":{"@context":"https:\/\/schema.org","@graph":[{"@type":"Article","@id":"https:\/\/filles-de-la-charite.org\/fr\/deces-de-soeur-juana-elizondo\/#article","isPartOf":{"@id":"https:\/\/filles-de-la-charite.org\/fr\/deces-de-soeur-juana-elizondo\/"},"author":{"name":"admin","@id":"https:\/\/filles-de-la-charite.org\/fr\/#\/schema\/person\/427567b2eccfc2dd7d206da186a1f438"},"headline":"D\u00e9c\u00e8s de S\u0153ur Juana Elizondo","datePublished":"2022-07-24T12:55:00+00:00","dateModified":"2024-03-17T15:23:13+00:00","mainEntityOfPage":{"@id":"https:\/\/filles-de-la-charite.org\/fr\/deces-de-soeur-juana-elizondo\/"},"wordCount":154,"publisher":{"@id":"https:\/\/filles-de-la-charite.org\/fr\/#organization"},"image":{"@id":"https:\/\/filles-de-la-charite.org\/fr\/deces-de-soeur-juana-elizondo\/#primaryimage"},"thumbnailUrl":"https:\/\/filles-de-la-charite.org\/wp-content\/uploads\/2023\/06\/Diapositiva2-scaled-2.jpg","articleSection":["Espa\u00f1a-Norte"],"inLanguage":"fr-FR"},{"@type":"WebPage","@id":"https:\/\/filles-de-la-charite.org\/fr\/deces-de-soeur-juana-elizondo\/","url":"https:\/\/filles-de-la-charite.org\/fr\/deces-de-soeur-juana-elizondo\/","name":"D\u00e9c\u00e8s de S\u0153ur Juana Elizondo - Filles de la Charit\u00e9","isPartOf":{"@id":"https:\/\/filles-de-la-charite.org\/fr\/#website"},"primaryImageOfPage":{"@id":"https:\/\/filles-de-la-charite.org\/fr\/deces-de-soeur-juana-elizondo\/#primaryimage"},"image":{"@id":"https:\/\/filles-de-la-charite.org\/fr\/deces-de-soeur-juana-elizondo\/#primaryimage"},"thumbnailUrl":"https:\/\/filles-de-la-charite.org\/wp-content\/uploads\/2023\/06\/Diapositiva2-scaled-2.jpg","datePublished":"2022-07-24T12:55:00+00:00","dateModified":"2024-03-17T15:23:13+00:00","breadcrumb":{"@id":"https:\/\/filles-de-la-charite.org\/fr\/deces-de-soeur-juana-elizondo\/#breadcrumb"},"inLanguage":"fr-FR","potentialAction":[{"@type":"ReadAction","target":["https:\/\/filles-de-la-charite.org\/fr\/deces-de-soeur-juana-elizondo\/"]}]},{"@type":"ImageObject","inLanguage":"fr-FR","@id":"https:\/\/filles-de-la-charite.org\/fr\/deces-de-soeur-juana-elizondo\/#primaryimage","url":"https:\/\/filles-de-la-charite.org\/wp-content\/uploads\/2023\/06\/Diapositiva2-scaled-2.jpg","contentUrl":"https:\/\/filles-de-la-charite.org\/wp-content\/uploads\/2023\/06\/Diapositiva2-scaled-2.jpg","width":2560,"height":1440},{"@type":"BreadcrumbList","@id":"https:\/\/filles-de-la-charite.org\/fr\/deces-de-soeur-juana-elizondo\/#breadcrumb","itemListElement":[{"@type":"ListItem","position":1,"name":"Espa\u00f1a-Norte","item":"https:\/\/filles-de-la-charite.org\/fr\/category\/espana-norte-fr\/"},{"@type":"ListItem","position":2,"name":"D\u00e9c\u00e8s de S\u0153ur Juana Elizondo"}]},{"@type":"WebSite","@id":"https:\/\/filles-de-la-charite.org\/fr\/#website","url":"https:\/\/filles-de-la-charite.org\/fr\/","name":"Hijas de la Caridad","description":"L\u2019amour de J\u00e9sus nous presse \u00e0 prendre soin des personnes les plus d\u00e9munies","publisher":{"@id":"https:\/\/filles-de-la-charite.org\/fr\/#organization"},"potentialAction":[{"@type":"SearchAction","target":{"@type":"EntryPoint","urlTemplate":"https:\/\/filles-de-la-charite.org\/fr\/?s={search_term_string}"},"query-input":{"@type":"PropertyValueSpecification","valueRequired":true,"valueName":"search_term_string"}}],"inLanguage":"fr-FR"},{"@type":"Organization","@id":"https:\/\/filles-de-la-charite.org\/fr\/#organization","name":"Hijas de la Caridad","url":"https:\/\/filles-de-la-charite.org\/fr\/","logo":{"@type":"ImageObject","inLanguage":"fr-FR","@id":"https:\/\/filles-de-la-charite.org\/fr\/#\/schema\/logo\/image\/","url":"https:\/\/filles-de-la-charite.org\/wp-content\/uploads\/2023\/03\/isotipo-Hijas-de-la-Caridad.png","contentUrl":"https:\/\/filles-de-la-charite.org\/wp-content\/uploads\/2023\/03\/isotipo-Hijas-de-la-Caridad.png","width":1417,"height":1417,"caption":"Hijas de la Caridad"},"image":{"@id":"https:\/\/filles-de-la-charite.org\/fr\/#\/schema\/logo\/image\/"}},{"@type":"Person","@id":"https:\/\/filles-de-la-charite.org\/fr\/#\/schema\/person\/427567b2eccfc2dd7d206da186a1f438","name":"admin","image":{"@type":"ImageObject","inLanguage":"fr-FR","@id":"https:\/\/secure.gravatar.com\/avatar\/948b492cce32b586ac2db0eaa926ee87024f7afe218d73b397ea5ddfc5f43ea1?s=96&d=mm&r=g","url":"https:\/\/secure.gravatar.com\/avatar\/948b492cce32b586ac2db0eaa926ee87024f7afe218d73b397ea5ddfc5f43ea1?s=96&d=mm&r=g","contentUrl":"https:\/\/secure.gravatar.com\/avatar\/948b492cce32b586ac2db0eaa926ee87024f7afe218d73b397ea5ddfc5f43ea1?s=96&d=mm&r=g","caption":"admin"},"sameAs":["https:\/\/filles-de-la-charite.org"],"url":"https:\/\/filles-de-la-charite.org\/fr\/author\/caridad\/"}]}},"_links":{"self":[{"href":"https:\/\/filles-de-la-charite.org\/fr\/wp-json\/wp\/v2\/posts\/22623","targetHints":{"allow":["GET"]}}],"collection":[{"href":"https:\/\/filles-de-la-charite.org\/fr\/wp-json\/wp\/v2\/posts"}],"about":[{"href":"https:\/\/filles-de-la-charite.org\/fr\/wp-json\/wp\/v2\/types\/post"}],"author":[{"embeddable":true,"href":"https:\/\/filles-de-la-charite.org\/fr\/wp-json\/wp\/v2\/users\/1"}],"replies":[{"embeddable":true,"href":"https:\/\/filles-de-la-charite.org\/fr\/wp-json\/wp\/v2\/comments?post=22623"}],"version-history":[{"count":1,"href":"https:\/\/filles-de-la-charite.org\/fr\/wp-json\/wp\/v2\/posts\/22623\/revisions"}],"predecessor-version":[{"id":34477,"href":"https:\/\/filles-de-la-charite.org\/fr\/wp-json\/wp\/v2\/posts\/22623\/revisions\/34477"}],"wp:featuredmedia":[{"embeddable":true,"href":"https:\/\/filles-de-la-charite.org\/fr\/wp-json\/wp\/v2\/media\/22624"}],"wp:attachment":[{"href":"https:\/\/filles-de-la-charite.org\/fr\/wp-json\/wp\/v2\/media?parent=22623"}],"wp:term":[{"taxonomy":"category","embeddable":true,"href":"https:\/\/filles-de-la-charite.org\/fr\/wp-json\/wp\/v2\/categories?post=22623"},{"taxonomy":"post_tag","embeddable":true,"href":"https:\/\/filles-de-la-charite.org\/fr\/wp-json\/wp\/v2\/tags?post=22623"}],"curies":[{"name":"wp","href":"https:\/\/api.w.org\/{rel}","templated":true}]}}