{"id":22630,"date":"2022-07-31T22:00:00","date_gmt":"2022-07-31T20:00:00","guid":{"rendered":"https:\/\/hijascaridad.sjdigitaldemo.ovh\/scellees-par-les-voeux\/"},"modified":"2024-03-17T16:22:38","modified_gmt":"2024-03-17T15:22:38","slug":"scellees-par-les-voeux","status":"publish","type":"post","link":"https:\/\/filles-de-la-charite.org\/fr\/scellees-par-les-voeux\/","title":{"rendered":"Scell\u00e9es par les V\u0153ux"},"content":{"rendered":"\n<p>En juin dernier, les Filles de la Charit\u00e9 aux \u00c9tats-Unis ont convoqu\u00e9 des S\u0153urs de moins de 10 ans de vocation pour un temps de formation sur les&nbsp; v\u0153ux. Dix S\u0153urs des deux Provinces se sont r\u00e9unies pendant une semaine \u00e0 la Maison Provinciale de la Province d&rsquo;Elizabeth Ann Seton \u00e0 Los Altos Hills, Californie. P. Patrick Griffin C.M. est venu donner les conf\u00e9rences et a attir\u00e9 leur attention sur le fait d&rsquo;\u00eatre \u00ab scell\u00e9es par les v\u0153ux \u00bb.<\/p>\n\n\n\n<div class=\"wp-block-image\"><figure class=\"aligncenter size-large\"><img decoding=\"async\" src=\"https:\/\/filles-de-la-charite.org\/wp-content\/uploads\/2023\/06\/2022-08-01-Sealed-photo-1-1024x673-1.jpeg\" alt=\"\" class=\"wp-image-70827\" \/><figcaption><em>Group visit with Sr Julie Kubasak (Former Visitatrix of the Province of St. Elizabeth Ann Seton, currently Assistant General of the Company)<\/em><\/figcaption><\/figure><\/div>\n\n\n\n<p>Cette formation sur les V\u0153ux a lieu une fois tous les 3 ans et r\u00e9unit les S\u0153urs de moins de 10 ans de vocation et pour approfondir leurs connaissances des V\u0153ux ainsi que pour profiter d&rsquo;activit\u00e9s r\u00e9cr\u00e9atives en soir\u00e9e. Le premier jour a \u00e9t\u00e9 consacr\u00e9 \u00e0 l\u2019int\u00e9gration avec une journ\u00e9e \u00e0 la plage et dans la for\u00eat de s\u00e9quoias ; les Soeurs \u00e9taient accompagn\u00e9es par les Conseill\u00e8res de Formation des deux Provinces des \u00c9tats-Unis.<\/p>\n\n\n\n<div class=\"wp-block-image\"><figure class=\"aligncenter size-large\"><img decoding=\"async\" src=\"https:\/\/filles-de-la-charite.org\/wp-content\/uploads\/2023\/06\/2022-08-01-Sealed-photo-2-1024x768-1.jpeg\" alt=\"\" class=\"wp-image-70828\" \/><figcaption><em>Visit with our elder Sisters&nbsp;<\/em><\/figcaption><\/figure><\/div>\n\n\n\n<p>Chaque jour \u00e9tait centr\u00e9 sur un v\u0153u diff\u00e9rent : son caract\u00e8re unique pour notre communaut\u00e9 et son lien avec le sceau de la Compagnie. Dans l&rsquo;apr\u00e8s-midi, les S\u0153urs prenaient le temps de prier ou de r\u00e9fl\u00e9chir sur ce qu&rsquo;elles avaient entendu, puis \u00e9taient invit\u00e9es \u00e0 une pl\u00e9ni\u00e8re pour partager en grand &nbsp;groupe ce que Dieu leur avait inspir\u00e9. Plusieurs ont mentionn\u00e9 avoir touch\u00e9es &nbsp;et mises au d\u00e9fi de regarder un aspect particulier du sceau ou du v\u0153u d&rsquo;une nouvelle mani\u00e8re. D&rsquo;autres sont reparties en mentionnant qu&rsquo;il faudrait plus de temps pour r\u00e9fl\u00e9chir sur ce qu&rsquo;elles avaient entendu et comment cela les avait touch\u00e9es.<\/p>\n\n\n\n<div class=\"wp-block-image\"><figure class=\"aligncenter size-large\"><img decoding=\"async\" src=\"https:\/\/filles-de-la-charite.org\/wp-content\/uploads\/2023\/06\/2022-08-01-Sealed-photo-3-1024x768-1.jpeg\" alt=\"\" class=\"wp-image-70818\" \/><figcaption><em>Sisters Under 10 years vocation from the USA<\/em><\/figcaption><\/figure><\/div>\n\n\n\n<p>Ensuite, bien s\u00fbr, les r\u00e9cr\u00e9ations du soir allaient des jeux amusants aux d\u00e9fis, en passant par le temps pass\u00e9 ensemble en communaut\u00e9.<\/p>\n\n\n\n<div class=\"wp-block-image\"><figure class=\"aligncenter size-large\"><img decoding=\"async\" src=\"https:\/\/filles-de-la-charite.org\/wp-content\/uploads\/2023\/06\/2022-08-01-Sealed-photo-4-1024x768-1.jpeg\" alt=\"\" class=\"wp-image-70831\" \/><figcaption><em>Enjoying the redwood forest<\/em><\/figcaption><\/figure><\/div>\n\n\n\n<p>Une merveilleuse occasion de convivialit\u00e9 en tant que jeunes S\u0153urs!<\/p>\n\n\n\n<div class=\"wp-block-image\"><figure class=\"aligncenter size-large\"><img decoding=\"async\" src=\"https:\/\/filles-de-la-charite.org\/wp-content\/uploads\/2023\/06\/2022-08-01-Sealed-photo-5-1024x768-1.jpeg\" alt=\"\" class=\"wp-image-70826\" \/><figcaption><em>Holy Mass<\/em><\/figcaption><\/figure><\/div>\n","protected":false},"excerpt":{"rendered":"<p>En juin dernier, les Filles de la Charit\u00e9 aux \u00c9tats-Unis ont convoqu\u00e9 des S\u0153urs de moins de 10 ans de vocation pour un temps de formation sur les&nbsp; v\u0153ux. Dix S\u0153urs des deux Provinces se sont r\u00e9unies pendant une semaine \u00e0 la Maison Provinciale de la Province d&rsquo;Elizabeth Ann Seton \u00e0 Los Altos Hills, Californie. [&hellip;]<\/p>\n","protected":false},"author":1,"featured_media":16928,"comment_status":"closed","ping_status":"closed","sticky":false,"template":"","format":"standard","meta":{"_acf_changed":false,"_et_pb_use_builder":"","_et_pb_old_content":"","_et_gb_content_width":"","footnotes":"","_links_to":"","_links_to_target":""},"categories":[683,817],"tags":[],"class_list":["post-22630","post","type-post","status-publish","format-standard","has-post-thumbnail","hentry","category-sainte-louise-usa-fr","category-st-e-a-seton-usa-fr"],"acf":[],"yoast_head":"<!-- This site is optimized with the Yoast SEO plugin v27.4 - https:\/\/yoast.com\/product\/yoast-seo-wordpress\/ -->\n<title>Scell\u00e9es par les V\u0153ux - Filles de la Charit\u00e9<\/title>\n<meta name=\"robots\" content=\"index, follow, max-snippet:-1, max-image-preview:large, max-video-preview:-1\" \/>\n<link rel=\"canonical\" href=\"https:\/\/filles-de-la-charite.org\/fr\/scellees-par-les-voeux\/\" \/>\n<meta property=\"og:locale\" content=\"fr_FR\" \/>\n<meta property=\"og:type\" content=\"article\" \/>\n<meta property=\"og:title\" content=\"Scell\u00e9es par les V\u0153ux - Filles de la Charit\u00e9\" \/>\n<meta property=\"og:description\" content=\"En juin dernier, les Filles de la Charit\u00e9 aux \u00c9tats-Unis ont convoqu\u00e9 des S\u0153urs de moins de 10 ans de vocation pour un temps de formation sur les&nbsp; v\u0153ux. Dix S\u0153urs des deux Provinces se sont r\u00e9unies pendant une semaine \u00e0 la Maison Provinciale de la Province d&rsquo;Elizabeth Ann Seton \u00e0 Los Altos Hills, Californie. [&hellip;]\" \/>\n<meta property=\"og:url\" content=\"https:\/\/filles-de-la-charite.org\/fr\/scellees-par-les-voeux\/\" \/>\n<meta property=\"og:site_name\" content=\"Filles de la Charit\u00e9\" \/>\n<meta property=\"article:published_time\" content=\"2022-07-31T20:00:00+00:00\" \/>\n<meta property=\"article:modified_time\" content=\"2024-03-17T15:22:38+00:00\" \/>\n<meta property=\"og:image\" content=\"https:\/\/filles-de-la-charite.org\/wp-content\/uploads\/2023\/06\/2022-08-01-Sealed-photo-3-1024x768.jpeg\" \/>\n\t<meta property=\"og:image:width\" content=\"1024\" \/>\n\t<meta property=\"og:image:height\" content=\"768\" \/>\n\t<meta property=\"og:image:type\" content=\"image\/jpeg\" \/>\n<meta name=\"author\" content=\"admin\" \/>\n<meta name=\"twitter:card\" content=\"summary_large_image\" \/>\n<meta name=\"twitter:label1\" content=\"\u00c9crit par\" \/>\n\t<meta name=\"twitter:data1\" content=\"admin\" \/>\n\t<meta name=\"twitter:label2\" content=\"Dur\u00e9e de lecture estim\u00e9e\" \/>\n\t<meta name=\"twitter:data2\" content=\"2 minutes\" \/>\n<script type=\"application\/ld+json\" class=\"yoast-schema-graph\">{\"@context\":\"https:\\\/\\\/schema.org\",\"@graph\":[{\"@type\":\"Article\",\"@id\":\"https:\\\/\\\/filles-de-la-charite.org\\\/fr\\\/scellees-par-les-voeux\\\/#article\",\"isPartOf\":{\"@id\":\"https:\\\/\\\/filles-de-la-charite.org\\\/fr\\\/scellees-par-les-voeux\\\/\"},\"author\":{\"name\":\"admin\",\"@id\":\"https:\\\/\\\/filles-de-la-charite.org\\\/fr\\\/#\\\/schema\\\/person\\\/427567b2eccfc2dd7d206da186a1f438\"},\"headline\":\"Scell\u00e9es par les V\u0153ux\",\"datePublished\":\"2022-07-31T20:00:00+00:00\",\"dateModified\":\"2024-03-17T15:22:38+00:00\",\"mainEntityOfPage\":{\"@id\":\"https:\\\/\\\/filles-de-la-charite.org\\\/fr\\\/scellees-par-les-voeux\\\/\"},\"wordCount\":380,\"publisher\":{\"@id\":\"https:\\\/\\\/filles-de-la-charite.org\\\/fr\\\/#organization\"},\"image\":{\"@id\":\"https:\\\/\\\/filles-de-la-charite.org\\\/fr\\\/scellees-par-les-voeux\\\/#primaryimage\"},\"thumbnailUrl\":\"https:\\\/\\\/filles-de-la-charite.org\\\/wp-content\\\/uploads\\\/2023\\\/06\\\/2022-08-01-Sealed-photo-3.jpeg\",\"articleSection\":[\"Sainte Louise - USA\",\"St E.A. Seton - USA\"],\"inLanguage\":\"fr-FR\"},{\"@type\":\"WebPage\",\"@id\":\"https:\\\/\\\/filles-de-la-charite.org\\\/fr\\\/scellees-par-les-voeux\\\/\",\"url\":\"https:\\\/\\\/filles-de-la-charite.org\\\/fr\\\/scellees-par-les-voeux\\\/\",\"name\":\"Scell\u00e9es par les V\u0153ux - Filles de la Charit\u00e9\",\"isPartOf\":{\"@id\":\"https:\\\/\\\/filles-de-la-charite.org\\\/fr\\\/#website\"},\"primaryImageOfPage\":{\"@id\":\"https:\\\/\\\/filles-de-la-charite.org\\\/fr\\\/scellees-par-les-voeux\\\/#primaryimage\"},\"image\":{\"@id\":\"https:\\\/\\\/filles-de-la-charite.org\\\/fr\\\/scellees-par-les-voeux\\\/#primaryimage\"},\"thumbnailUrl\":\"https:\\\/\\\/filles-de-la-charite.org\\\/wp-content\\\/uploads\\\/2023\\\/06\\\/2022-08-01-Sealed-photo-3.jpeg\",\"datePublished\":\"2022-07-31T20:00:00+00:00\",\"dateModified\":\"2024-03-17T15:22:38+00:00\",\"breadcrumb\":{\"@id\":\"https:\\\/\\\/filles-de-la-charite.org\\\/fr\\\/scellees-par-les-voeux\\\/#breadcrumb\"},\"inLanguage\":\"fr-FR\",\"potentialAction\":[{\"@type\":\"ReadAction\",\"target\":[\"https:\\\/\\\/filles-de-la-charite.org\\\/fr\\\/scellees-par-les-voeux\\\/\"]}]},{\"@type\":\"ImageObject\",\"inLanguage\":\"fr-FR\",\"@id\":\"https:\\\/\\\/filles-de-la-charite.org\\\/fr\\\/scellees-par-les-voeux\\\/#primaryimage\",\"url\":\"https:\\\/\\\/filles-de-la-charite.org\\\/wp-content\\\/uploads\\\/2023\\\/06\\\/2022-08-01-Sealed-photo-3.jpeg\",\"contentUrl\":\"https:\\\/\\\/filles-de-la-charite.org\\\/wp-content\\\/uploads\\\/2023\\\/06\\\/2022-08-01-Sealed-photo-3.jpeg\",\"width\":2420,\"height\":1816},{\"@type\":\"BreadcrumbList\",\"@id\":\"https:\\\/\\\/filles-de-la-charite.org\\\/fr\\\/scellees-par-les-voeux\\\/#breadcrumb\",\"itemListElement\":[{\"@type\":\"ListItem\",\"position\":1,\"name\":\"Sainte Louise - USA\",\"item\":\"https:\\\/\\\/filles-de-la-charite.org\\\/fr\\\/category\\\/sainte-louise-usa-fr\\\/\"},{\"@type\":\"ListItem\",\"position\":2,\"name\":\"Scell\u00e9es par les V\u0153ux\"}]},{\"@type\":\"WebSite\",\"@id\":\"https:\\\/\\\/filles-de-la-charite.org\\\/fr\\\/#website\",\"url\":\"https:\\\/\\\/filles-de-la-charite.org\\\/fr\\\/\",\"name\":\"Hijas de la Caridad\",\"description\":\"L\u2019amour de J\u00e9sus nous presse \u00e0 prendre soin des personnes les plus d\u00e9munies\",\"publisher\":{\"@id\":\"https:\\\/\\\/filles-de-la-charite.org\\\/fr\\\/#organization\"},\"potentialAction\":[{\"@type\":\"SearchAction\",\"target\":{\"@type\":\"EntryPoint\",\"urlTemplate\":\"https:\\\/\\\/filles-de-la-charite.org\\\/fr\\\/?s={search_term_string}\"},\"query-input\":{\"@type\":\"PropertyValueSpecification\",\"valueRequired\":true,\"valueName\":\"search_term_string\"}}],\"inLanguage\":\"fr-FR\"},{\"@type\":\"Organization\",\"@id\":\"https:\\\/\\\/filles-de-la-charite.org\\\/fr\\\/#organization\",\"name\":\"Hijas de la Caridad\",\"url\":\"https:\\\/\\\/filles-de-la-charite.org\\\/fr\\\/\",\"logo\":{\"@type\":\"ImageObject\",\"inLanguage\":\"fr-FR\",\"@id\":\"https:\\\/\\\/filles-de-la-charite.org\\\/fr\\\/#\\\/schema\\\/logo\\\/image\\\/\",\"url\":\"https:\\\/\\\/filles-de-la-charite.org\\\/wp-content\\\/uploads\\\/2023\\\/03\\\/isotipo-Hijas-de-la-Caridad.png\",\"contentUrl\":\"https:\\\/\\\/filles-de-la-charite.org\\\/wp-content\\\/uploads\\\/2023\\\/03\\\/isotipo-Hijas-de-la-Caridad.png\",\"width\":1417,\"height\":1417,\"caption\":\"Hijas de la Caridad\"},\"image\":{\"@id\":\"https:\\\/\\\/filles-de-la-charite.org\\\/fr\\\/#\\\/schema\\\/logo\\\/image\\\/\"}},{\"@type\":\"Person\",\"@id\":\"https:\\\/\\\/filles-de-la-charite.org\\\/fr\\\/#\\\/schema\\\/person\\\/427567b2eccfc2dd7d206da186a1f438\",\"name\":\"admin\",\"image\":{\"@type\":\"ImageObject\",\"inLanguage\":\"fr-FR\",\"@id\":\"https:\\\/\\\/secure.gravatar.com\\\/avatar\\\/948b492cce32b586ac2db0eaa926ee87024f7afe218d73b397ea5ddfc5f43ea1?s=96&d=mm&r=g\",\"url\":\"https:\\\/\\\/secure.gravatar.com\\\/avatar\\\/948b492cce32b586ac2db0eaa926ee87024f7afe218d73b397ea5ddfc5f43ea1?s=96&d=mm&r=g\",\"contentUrl\":\"https:\\\/\\\/secure.gravatar.com\\\/avatar\\\/948b492cce32b586ac2db0eaa926ee87024f7afe218d73b397ea5ddfc5f43ea1?s=96&d=mm&r=g\",\"caption\":\"admin\"},\"sameAs\":[\"https:\\\/\\\/filles-de-la-charite.org\"],\"url\":\"https:\\\/\\\/filles-de-la-charite.org\\\/fr\\\/author\\\/caridad\\\/\"}]}<\/script>\n<!-- \/ Yoast SEO plugin. -->","yoast_head_json":{"title":"Scell\u00e9es par les V\u0153ux - Filles de la Charit\u00e9","robots":{"index":"index","follow":"follow","max-snippet":"max-snippet:-1","max-image-preview":"max-image-preview:large","max-video-preview":"max-video-preview:-1"},"canonical":"https:\/\/filles-de-la-charite.org\/fr\/scellees-par-les-voeux\/","og_locale":"fr_FR","og_type":"article","og_title":"Scell\u00e9es par les V\u0153ux - Filles de la Charit\u00e9","og_description":"En juin dernier, les Filles de la Charit\u00e9 aux \u00c9tats-Unis ont convoqu\u00e9 des S\u0153urs de moins de 10 ans de vocation pour un temps de formation sur les&nbsp; v\u0153ux. Dix S\u0153urs des deux Provinces se sont r\u00e9unies pendant une semaine \u00e0 la Maison Provinciale de la Province d&rsquo;Elizabeth Ann Seton \u00e0 Los Altos Hills, Californie. [&hellip;]","og_url":"https:\/\/filles-de-la-charite.org\/fr\/scellees-par-les-voeux\/","og_site_name":"Filles de la Charit\u00e9","article_published_time":"2022-07-31T20:00:00+00:00","article_modified_time":"2024-03-17T15:22:38+00:00","og_image":[{"width":1024,"height":768,"url":"https:\/\/filles-de-la-charite.org\/wp-content\/uploads\/2023\/06\/2022-08-01-Sealed-photo-3-1024x768.jpeg","type":"image\/jpeg"}],"author":"admin","twitter_card":"summary_large_image","twitter_misc":{"\u00c9crit par":"admin","Dur\u00e9e de lecture estim\u00e9e":"2 minutes"},"schema":{"@context":"https:\/\/schema.org","@graph":[{"@type":"Article","@id":"https:\/\/filles-de-la-charite.org\/fr\/scellees-par-les-voeux\/#article","isPartOf":{"@id":"https:\/\/filles-de-la-charite.org\/fr\/scellees-par-les-voeux\/"},"author":{"name":"admin","@id":"https:\/\/filles-de-la-charite.org\/fr\/#\/schema\/person\/427567b2eccfc2dd7d206da186a1f438"},"headline":"Scell\u00e9es par les V\u0153ux","datePublished":"2022-07-31T20:00:00+00:00","dateModified":"2024-03-17T15:22:38+00:00","mainEntityOfPage":{"@id":"https:\/\/filles-de-la-charite.org\/fr\/scellees-par-les-voeux\/"},"wordCount":380,"publisher":{"@id":"https:\/\/filles-de-la-charite.org\/fr\/#organization"},"image":{"@id":"https:\/\/filles-de-la-charite.org\/fr\/scellees-par-les-voeux\/#primaryimage"},"thumbnailUrl":"https:\/\/filles-de-la-charite.org\/wp-content\/uploads\/2023\/06\/2022-08-01-Sealed-photo-3.jpeg","articleSection":["Sainte Louise - USA","St E.A. Seton - USA"],"inLanguage":"fr-FR"},{"@type":"WebPage","@id":"https:\/\/filles-de-la-charite.org\/fr\/scellees-par-les-voeux\/","url":"https:\/\/filles-de-la-charite.org\/fr\/scellees-par-les-voeux\/","name":"Scell\u00e9es par les V\u0153ux - Filles de la Charit\u00e9","isPartOf":{"@id":"https:\/\/filles-de-la-charite.org\/fr\/#website"},"primaryImageOfPage":{"@id":"https:\/\/filles-de-la-charite.org\/fr\/scellees-par-les-voeux\/#primaryimage"},"image":{"@id":"https:\/\/filles-de-la-charite.org\/fr\/scellees-par-les-voeux\/#primaryimage"},"thumbnailUrl":"https:\/\/filles-de-la-charite.org\/wp-content\/uploads\/2023\/06\/2022-08-01-Sealed-photo-3.jpeg","datePublished":"2022-07-31T20:00:00+00:00","dateModified":"2024-03-17T15:22:38+00:00","breadcrumb":{"@id":"https:\/\/filles-de-la-charite.org\/fr\/scellees-par-les-voeux\/#breadcrumb"},"inLanguage":"fr-FR","potentialAction":[{"@type":"ReadAction","target":["https:\/\/filles-de-la-charite.org\/fr\/scellees-par-les-voeux\/"]}]},{"@type":"ImageObject","inLanguage":"fr-FR","@id":"https:\/\/filles-de-la-charite.org\/fr\/scellees-par-les-voeux\/#primaryimage","url":"https:\/\/filles-de-la-charite.org\/wp-content\/uploads\/2023\/06\/2022-08-01-Sealed-photo-3.jpeg","contentUrl":"https:\/\/filles-de-la-charite.org\/wp-content\/uploads\/2023\/06\/2022-08-01-Sealed-photo-3.jpeg","width":2420,"height":1816},{"@type":"BreadcrumbList","@id":"https:\/\/filles-de-la-charite.org\/fr\/scellees-par-les-voeux\/#breadcrumb","itemListElement":[{"@type":"ListItem","position":1,"name":"Sainte Louise - USA","item":"https:\/\/filles-de-la-charite.org\/fr\/category\/sainte-louise-usa-fr\/"},{"@type":"ListItem","position":2,"name":"Scell\u00e9es par les V\u0153ux"}]},{"@type":"WebSite","@id":"https:\/\/filles-de-la-charite.org\/fr\/#website","url":"https:\/\/filles-de-la-charite.org\/fr\/","name":"Hijas de la Caridad","description":"L\u2019amour de J\u00e9sus nous presse \u00e0 prendre soin des personnes les plus d\u00e9munies","publisher":{"@id":"https:\/\/filles-de-la-charite.org\/fr\/#organization"},"potentialAction":[{"@type":"SearchAction","target":{"@type":"EntryPoint","urlTemplate":"https:\/\/filles-de-la-charite.org\/fr\/?s={search_term_string}"},"query-input":{"@type":"PropertyValueSpecification","valueRequired":true,"valueName":"search_term_string"}}],"inLanguage":"fr-FR"},{"@type":"Organization","@id":"https:\/\/filles-de-la-charite.org\/fr\/#organization","name":"Hijas de la Caridad","url":"https:\/\/filles-de-la-charite.org\/fr\/","logo":{"@type":"ImageObject","inLanguage":"fr-FR","@id":"https:\/\/filles-de-la-charite.org\/fr\/#\/schema\/logo\/image\/","url":"https:\/\/filles-de-la-charite.org\/wp-content\/uploads\/2023\/03\/isotipo-Hijas-de-la-Caridad.png","contentUrl":"https:\/\/filles-de-la-charite.org\/wp-content\/uploads\/2023\/03\/isotipo-Hijas-de-la-Caridad.png","width":1417,"height":1417,"caption":"Hijas de la Caridad"},"image":{"@id":"https:\/\/filles-de-la-charite.org\/fr\/#\/schema\/logo\/image\/"}},{"@type":"Person","@id":"https:\/\/filles-de-la-charite.org\/fr\/#\/schema\/person\/427567b2eccfc2dd7d206da186a1f438","name":"admin","image":{"@type":"ImageObject","inLanguage":"fr-FR","@id":"https:\/\/secure.gravatar.com\/avatar\/948b492cce32b586ac2db0eaa926ee87024f7afe218d73b397ea5ddfc5f43ea1?s=96&d=mm&r=g","url":"https:\/\/secure.gravatar.com\/avatar\/948b492cce32b586ac2db0eaa926ee87024f7afe218d73b397ea5ddfc5f43ea1?s=96&d=mm&r=g","contentUrl":"https:\/\/secure.gravatar.com\/avatar\/948b492cce32b586ac2db0eaa926ee87024f7afe218d73b397ea5ddfc5f43ea1?s=96&d=mm&r=g","caption":"admin"},"sameAs":["https:\/\/filles-de-la-charite.org"],"url":"https:\/\/filles-de-la-charite.org\/fr\/author\/caridad\/"}]}},"_links":{"self":[{"href":"https:\/\/filles-de-la-charite.org\/fr\/wp-json\/wp\/v2\/posts\/22630","targetHints":{"allow":["GET"]}}],"collection":[{"href":"https:\/\/filles-de-la-charite.org\/fr\/wp-json\/wp\/v2\/posts"}],"about":[{"href":"https:\/\/filles-de-la-charite.org\/fr\/wp-json\/wp\/v2\/types\/post"}],"author":[{"embeddable":true,"href":"https:\/\/filles-de-la-charite.org\/fr\/wp-json\/wp\/v2\/users\/1"}],"replies":[{"embeddable":true,"href":"https:\/\/filles-de-la-charite.org\/fr\/wp-json\/wp\/v2\/comments?post=22630"}],"version-history":[{"count":1,"href":"https:\/\/filles-de-la-charite.org\/fr\/wp-json\/wp\/v2\/posts\/22630\/revisions"}],"predecessor-version":[{"id":22631,"href":"https:\/\/filles-de-la-charite.org\/fr\/wp-json\/wp\/v2\/posts\/22630\/revisions\/22631"}],"wp:featuredmedia":[{"embeddable":true,"href":"https:\/\/filles-de-la-charite.org\/fr\/wp-json\/wp\/v2\/media\/16928"}],"wp:attachment":[{"href":"https:\/\/filles-de-la-charite.org\/fr\/wp-json\/wp\/v2\/media?parent=22630"}],"wp:term":[{"taxonomy":"category","embeddable":true,"href":"https:\/\/filles-de-la-charite.org\/fr\/wp-json\/wp\/v2\/categories?post=22630"},{"taxonomy":"post_tag","embeddable":true,"href":"https:\/\/filles-de-la-charite.org\/fr\/wp-json\/wp\/v2\/tags?post=22630"}],"curies":[{"name":"wp","href":"https:\/\/api.w.org\/{rel}","templated":true}]}}