{"id":22632,"date":"2022-07-31T22:00:00","date_gmt":"2022-07-31T20:00:00","guid":{"rendered":"https:\/\/hijascaridad.sjdigitaldemo.ovh\/elles-ont-suivi-jesus-lenvoi-en-mission\/"},"modified":"2024-03-17T16:22:50","modified_gmt":"2024-03-17T15:22:50","slug":"elles-ont-suivi-jesus-lenvoi-en-mission","status":"publish","type":"post","link":"https:\/\/filles-de-la-charite.org\/fr\/elles-ont-suivi-jesus-lenvoi-en-mission\/","title":{"rendered":"Elles ont suivi J\u00e9sus: l\u2019envoi en mission"},"content":{"rendered":"\n<p>En ce matin du 11 juillet, \u00e0 la Chapelle, la d\u00e9coration, au pied de l\u2019autel nous renvoyait \u00e0 l\u2019appel des premiers disciples&nbsp;: \u00ab&nbsp;quittant tout ils suivirent J\u00e9sus&nbsp;! \u00bb<\/p>\n\n\n\n<p>Ce m\u00eame appel r\u00e9sonne encore aujourd\u2019hui, comme nous le rappelait le chant d\u2019entr\u00e9e&nbsp;!<\/p>\n\n\n\n<p class=\"has-text-align-center\"><em><em>Christ aujourd\u2019hui vous appelle<\/em><\/em><\/p>\n\n\n\n<p class=\"has-text-align-center\"><em><em>Christ aujourd\u2019hui vous envoie&nbsp;!<\/em><\/em><\/p>\n\n\n\n<p class=\"has-text-align-center\"><em><em>Vive le Seigneur qui nous aime<\/em><\/em><\/p>\n\n\n\n<p class=\"has-text-align-center\"><em><em>Dieu nous donne sa joie<\/em>&nbsp;!<\/em><\/p>\n\n\n\n<p>Appel\u00e9es \u00e0 \u00eatre missionnaires \u00ab&nbsp;ad gentes&nbsp;\u00bb, nos deux s\u0153urs, Anna et Martha, sont avant tout disciples de J\u00e9sus qu\u2019elles ont servi en leurs fr\u00e8res pauvres dans leur province respective. Le pas qu\u2019elles font, dans la confiance, est signifi\u00e9 surtout par la remise de la Croix missionnaire apr\u00e8s la proclamation de l\u2019Evangile. B\u00e9nie par le P\u00e8re Bernard, Sr Fran\u00e7oise la leur a&nbsp; remise exprimant par l\u00e0 qu\u2019elles sont envoy\u00e9es par la Compagnie. Tr\u00e8s fraternellement, S\u0153ur Fran\u00e7oise s\u2019est tourn\u00e9e vers nous et nous a&nbsp; pr\u00e9sent\u00e9 nos deux S\u0153urs&nbsp;! Nos applaudissements chaleureux disaient notre accueil joyeux de leur d\u00e9marche&nbsp;et notre engagement \u00e0 les soutenir surtout par notre pri\u00e8re&nbsp;!<\/p>\n\n\n\n<div class=\"wp-block-image\"><figure class=\"aligncenter size-large\"><img decoding=\"async\" src=\"https:\/\/filles-de-la-charite.org\/wp-content\/uploads\/2023\/06\/1-822x1024-1.jpg\" alt=\"\" class=\"wp-image-70898\" \/><\/figure><\/div>\n\n\n\n<p>Lors de la pri\u00e8re universelle, pri\u00e9e par S\u0153ur Th\u00e9r\u00e8se, notre S\u0153ur Conseill\u00e8re g\u00e9n\u00e9rale&nbsp; pour l\u2019Afrique, notre premi\u00e8re intention a \u00e9t\u00e9 pour l\u2019Eglise et, en la f\u00eate de St Benoit, co-patron de l\u2019Europe nous avons demand\u00e9&nbsp; pour nos gouvernants, la gr\u00e2ce d\u2019\u00eatre artisans de paix v\u00e9ritable et de justice active. En cette p\u00e9riode de vacances, nous avons pri\u00e9 sp\u00e9cialement pour les personnes seules qui vivent douloureusement ce moment o\u00f9 elles peuvent se sentir encore plus abandonn\u00e9es. De m\u00eame, nous avons &nbsp;renouvel\u00e9 notre engagement \u00e0 prendre soin de notre maison commune en solidarit\u00e9 avec tant de victimes innocentes du r\u00e9chauffement climatique. Et nous avons rendu gr\u00e2ces pour le don g\u00e9n\u00e9reux des familles de nos S\u0153urs et interc\u00e9d\u00e9 pour leur Province d\u2019origine et celles qui vont les accueillir.<\/p>\n\n\n\n<p>Pour la procession des offrandes, nous avons lou\u00e9 Dieu&nbsp; sur un rythme africain.<\/p>\n\n\n\n<p class=\"has-text-align-left\"><em><em>Tout vient de Dieu, tout est pour Dieu.<\/em><\/em><\/p>\n\n\n\n<p class=\"has-text-align-left\"><em><em>Approchons-nous de son autel, avec gratitude<\/em><\/em><\/p>\n\n\n\n<p class=\"has-text-align-left\"><em><em>Pour les dons re\u00e7us de Lui&nbsp;:<\/em><\/em><\/p>\n\n\n\n<div class=\"wp-block-image\"><figure class=\"aligncenter size-large\"><img decoding=\"async\" src=\"https:\/\/filles-de-la-charite.org\/wp-content\/uploads\/2023\/06\/2-923x1024-1.jpg\" alt=\"\" class=\"wp-image-70899\" \/><\/figure><\/div>\n\n\n\n<p class=\"has-text-align-left\"><strong>Le cierge&nbsp;: <\/strong>J\u00e9sus notre Lumi\u00e8re, celui qui le suit ne marche pas dans les t\u00e9n\u00e8bres<\/p>\n\n\n\n<p class=\"has-text-align-left\"><strong>La bible&nbsp;: <\/strong>les Paroles de Dieu sont esprit et elles sont vie<\/p>\n\n\n\n<p class=\"has-text-align-left\"><strong>Le document inter-assembl\u00e9e <\/strong>et le d\u00e9sir renouvel\u00e9 de vivre les engagements pris<\/p>\n\n\n\n<p class=\"has-text-align-left\"><strong>Le globe et tous les pauvres<\/strong> qui nous attendent \u00e0 travers le monde<\/p>\n\n\n\n<p class=\"has-text-align-left\"><strong>Le pain et le vin&nbsp;: <\/strong>l\u2019Agneau&nbsp; immol\u00e9 qui se donne en nourriture.<\/p>\n\n\n\n<p>Apr\u00e8s la communion, nos S\u0153urs du Vietnam ont exprim\u00e9 la pr\u00e9sence de l\u2019Asie par &nbsp;le chant d\u2019action de gr\u00e2ces.<\/p>\n\n\n\n<div class=\"wp-block-image\"><figure class=\"aligncenter size-large\"><img decoding=\"async\" src=\"https:\/\/filles-de-la-charite.org\/wp-content\/uploads\/2023\/06\/3-771x1024-1.jpg\" alt=\"\" class=\"wp-image-70897\" \/><\/figure><\/div>\n\n\n\n<p>Et nous avons contempl\u00e9 Marie par le chant final.<\/p>\n\n\n\n<p class=\"has-text-align-center\"><em><em>Marie, t\u00e9moin d\u2019une esp\u00e9rance<\/em><\/em><\/p>\n\n\n\n<p class=\"has-text-align-center\"><em><em>Pour le Seigneur tu t\u2019es lev\u00e9e, au sein du peuple de l\u2019Alliance<\/em><\/em><\/p>\n\n\n\n<p class=\"has-text-align-center\"><em><em>Tu me fais signe d\u2019avancer<\/em><\/em><\/p>\n\n\n\n<p class=\"has-text-align-center\"><em><em>Toujours plus loin, toujours plus loin&nbsp;!<\/em><\/em><\/p>\n\n\n\n<p>L\u2019envoi en mission ad gentes est toujours, pour nous, un moment fort d\u2019\u00e9motion et un temps gr\u00e2ce&nbsp;: rappel de notre vocation missionnaire quel que soit le lieu o\u00f9 elle est \u00e0 vivre&nbsp;!<\/p>\n\n\n\n<p><strong><em>S\u0153ur Rosa Maria et S\u0153ur Ma\u00eft\u00e9<\/em><\/strong><\/p>\n\n\n\n<div class=\"wp-block-image\"><figure class=\"aligncenter size-large\"><img decoding=\"async\" src=\"https:\/\/filles-de-la-charite.org\/wp-content\/uploads\/2023\/06\/IMG-20220711-WA0014-Kopia-949x1024-1.jpg\" alt=\"\" class=\"wp-image-70888\" \/><\/figure><\/div>\n","protected":false},"excerpt":{"rendered":"<p>En ce matin du 11 juillet, \u00e0 la Chapelle, la d\u00e9coration, au pied de l\u2019autel nous renvoyait \u00e0 l\u2019appel des premiers disciples&nbsp;: \u00ab&nbsp;quittant tout ils suivirent J\u00e9sus&nbsp;! \u00bb Ce m\u00eame appel r\u00e9sonne encore aujourd\u2019hui, comme nous le rappelait le chant d\u2019entr\u00e9e&nbsp;! Christ aujourd\u2019hui vous appelle Christ aujourd\u2019hui vous envoie&nbsp;! Vive le Seigneur qui nous aime [&hellip;]<\/p>\n","protected":false},"author":1,"featured_media":16960,"comment_status":"closed","ping_status":"closed","sticky":false,"template":"","format":"standard","meta":{"_acf_changed":false,"footnotes":"","_links_to":"","_links_to_target":""},"categories":[558],"tags":[],"class_list":["post-22632","post","type-post","status-publish","format-standard","has-post-thumbnail","hentry","category-maison-mere-fr"],"acf":[],"yoast_head":"<!-- This site is optimized with the Yoast SEO plugin v27.5 - https:\/\/yoast.com\/product\/yoast-seo-wordpress\/ -->\n<title>Elles ont suivi J\u00e9sus: l\u2019envoi en mission - Filles de la Charit\u00e9<\/title>\n<meta name=\"robots\" content=\"index, follow, max-snippet:-1, max-image-preview:large, max-video-preview:-1\" \/>\n<link rel=\"canonical\" href=\"https:\/\/filles-de-la-charite.org\/fr\/elles-ont-suivi-jesus-lenvoi-en-mission\/\" \/>\n<meta property=\"og:locale\" content=\"fr_FR\" \/>\n<meta property=\"og:type\" content=\"article\" \/>\n<meta property=\"og:title\" content=\"Elles ont suivi J\u00e9sus: l\u2019envoi en mission - Filles de la Charit\u00e9\" \/>\n<meta property=\"og:description\" content=\"En ce matin du 11 juillet, \u00e0 la Chapelle, la d\u00e9coration, au pied de l\u2019autel nous renvoyait \u00e0 l\u2019appel des premiers disciples&nbsp;: \u00ab&nbsp;quittant tout ils suivirent J\u00e9sus&nbsp;! \u00bb Ce m\u00eame appel r\u00e9sonne encore aujourd\u2019hui, comme nous le rappelait le chant d\u2019entr\u00e9e&nbsp;! Christ aujourd\u2019hui vous appelle Christ aujourd\u2019hui vous envoie&nbsp;! Vive le Seigneur qui nous aime [&hellip;]\" \/>\n<meta property=\"og:url\" content=\"https:\/\/filles-de-la-charite.org\/fr\/elles-ont-suivi-jesus-lenvoi-en-mission\/\" \/>\n<meta property=\"og:site_name\" content=\"Filles de la Charit\u00e9\" \/>\n<meta property=\"article:published_time\" content=\"2022-07-31T20:00:00+00:00\" \/>\n<meta property=\"article:modified_time\" content=\"2024-03-17T15:22:50+00:00\" \/>\n<meta property=\"og:image\" content=\"https:\/\/filles-de-la-charite.org\/wp-content\/uploads\/2023\/06\/IMG-20220711-WA0014-Kopia.jpg\" \/>\n\t<meta property=\"og:image:width\" content=\"1536\" \/>\n\t<meta property=\"og:image:height\" content=\"1657\" \/>\n\t<meta property=\"og:image:type\" content=\"image\/jpeg\" \/>\n<meta name=\"author\" content=\"admin\" \/>\n<meta name=\"twitter:card\" content=\"summary_large_image\" \/>\n<meta name=\"twitter:label1\" content=\"\u00c9crit par\" \/>\n\t<meta name=\"twitter:data1\" content=\"admin\" \/>\n\t<meta name=\"twitter:label2\" content=\"Dur\u00e9e de lecture estim\u00e9e\" \/>\n\t<meta name=\"twitter:data2\" content=\"3 minutes\" \/>\n<script type=\"application\/ld+json\" class=\"yoast-schema-graph\">{\"@context\":\"https:\\\/\\\/schema.org\",\"@graph\":[{\"@type\":\"Article\",\"@id\":\"https:\\\/\\\/filles-de-la-charite.org\\\/fr\\\/elles-ont-suivi-jesus-lenvoi-en-mission\\\/#article\",\"isPartOf\":{\"@id\":\"https:\\\/\\\/filles-de-la-charite.org\\\/fr\\\/elles-ont-suivi-jesus-lenvoi-en-mission\\\/\"},\"author\":{\"name\":\"admin\",\"@id\":\"https:\\\/\\\/filles-de-la-charite.org\\\/fr\\\/#\\\/schema\\\/person\\\/427567b2eccfc2dd7d206da186a1f438\"},\"headline\":\"Elles ont suivi J\u00e9sus: l\u2019envoi en mission\",\"datePublished\":\"2022-07-31T20:00:00+00:00\",\"dateModified\":\"2024-03-17T15:22:50+00:00\",\"mainEntityOfPage\":{\"@id\":\"https:\\\/\\\/filles-de-la-charite.org\\\/fr\\\/elles-ont-suivi-jesus-lenvoi-en-mission\\\/\"},\"wordCount\":595,\"publisher\":{\"@id\":\"https:\\\/\\\/filles-de-la-charite.org\\\/fr\\\/#organization\"},\"image\":{\"@id\":\"https:\\\/\\\/filles-de-la-charite.org\\\/fr\\\/elles-ont-suivi-jesus-lenvoi-en-mission\\\/#primaryimage\"},\"thumbnailUrl\":\"https:\\\/\\\/filles-de-la-charite.org\\\/wp-content\\\/uploads\\\/2023\\\/06\\\/IMG-20220711-WA0014-Kopia.jpg\",\"articleSection\":[\"Maison-M\u00e8re\"],\"inLanguage\":\"fr-FR\"},{\"@type\":\"WebPage\",\"@id\":\"https:\\\/\\\/filles-de-la-charite.org\\\/fr\\\/elles-ont-suivi-jesus-lenvoi-en-mission\\\/\",\"url\":\"https:\\\/\\\/filles-de-la-charite.org\\\/fr\\\/elles-ont-suivi-jesus-lenvoi-en-mission\\\/\",\"name\":\"Elles ont suivi J\u00e9sus: l\u2019envoi en mission - Filles de la Charit\u00e9\",\"isPartOf\":{\"@id\":\"https:\\\/\\\/filles-de-la-charite.org\\\/fr\\\/#website\"},\"primaryImageOfPage\":{\"@id\":\"https:\\\/\\\/filles-de-la-charite.org\\\/fr\\\/elles-ont-suivi-jesus-lenvoi-en-mission\\\/#primaryimage\"},\"image\":{\"@id\":\"https:\\\/\\\/filles-de-la-charite.org\\\/fr\\\/elles-ont-suivi-jesus-lenvoi-en-mission\\\/#primaryimage\"},\"thumbnailUrl\":\"https:\\\/\\\/filles-de-la-charite.org\\\/wp-content\\\/uploads\\\/2023\\\/06\\\/IMG-20220711-WA0014-Kopia.jpg\",\"datePublished\":\"2022-07-31T20:00:00+00:00\",\"dateModified\":\"2024-03-17T15:22:50+00:00\",\"breadcrumb\":{\"@id\":\"https:\\\/\\\/filles-de-la-charite.org\\\/fr\\\/elles-ont-suivi-jesus-lenvoi-en-mission\\\/#breadcrumb\"},\"inLanguage\":\"fr-FR\",\"potentialAction\":[{\"@type\":\"ReadAction\",\"target\":[\"https:\\\/\\\/filles-de-la-charite.org\\\/fr\\\/elles-ont-suivi-jesus-lenvoi-en-mission\\\/\"]}]},{\"@type\":\"ImageObject\",\"inLanguage\":\"fr-FR\",\"@id\":\"https:\\\/\\\/filles-de-la-charite.org\\\/fr\\\/elles-ont-suivi-jesus-lenvoi-en-mission\\\/#primaryimage\",\"url\":\"https:\\\/\\\/filles-de-la-charite.org\\\/wp-content\\\/uploads\\\/2023\\\/06\\\/IMG-20220711-WA0014-Kopia.jpg\",\"contentUrl\":\"https:\\\/\\\/filles-de-la-charite.org\\\/wp-content\\\/uploads\\\/2023\\\/06\\\/IMG-20220711-WA0014-Kopia.jpg\",\"width\":1536,\"height\":1657},{\"@type\":\"BreadcrumbList\",\"@id\":\"https:\\\/\\\/filles-de-la-charite.org\\\/fr\\\/elles-ont-suivi-jesus-lenvoi-en-mission\\\/#breadcrumb\",\"itemListElement\":[{\"@type\":\"ListItem\",\"position\":1,\"name\":\"Varsovie - Pologne\",\"item\":\"https:\\\/\\\/filles-de-la-charite.org\\\/fr\\\/category\\\/varsovie-pologne-fr\\\/\"},{\"@type\":\"ListItem\",\"position\":2,\"name\":\"Elles ont suivi J\u00e9sus: l\u2019envoi en mission\"}]},{\"@type\":\"WebSite\",\"@id\":\"https:\\\/\\\/filles-de-la-charite.org\\\/fr\\\/#website\",\"url\":\"https:\\\/\\\/filles-de-la-charite.org\\\/fr\\\/\",\"name\":\"Hijas de la Caridad\",\"description\":\"L\u2019amour de J\u00e9sus nous presse \u00e0 prendre soin des personnes les plus d\u00e9munies\",\"publisher\":{\"@id\":\"https:\\\/\\\/filles-de-la-charite.org\\\/fr\\\/#organization\"},\"potentialAction\":[{\"@type\":\"SearchAction\",\"target\":{\"@type\":\"EntryPoint\",\"urlTemplate\":\"https:\\\/\\\/filles-de-la-charite.org\\\/fr\\\/?s={search_term_string}\"},\"query-input\":{\"@type\":\"PropertyValueSpecification\",\"valueRequired\":true,\"valueName\":\"search_term_string\"}}],\"inLanguage\":\"fr-FR\"},{\"@type\":\"Organization\",\"@id\":\"https:\\\/\\\/filles-de-la-charite.org\\\/fr\\\/#organization\",\"name\":\"Hijas de la Caridad\",\"url\":\"https:\\\/\\\/filles-de-la-charite.org\\\/fr\\\/\",\"logo\":{\"@type\":\"ImageObject\",\"inLanguage\":\"fr-FR\",\"@id\":\"https:\\\/\\\/filles-de-la-charite.org\\\/fr\\\/#\\\/schema\\\/logo\\\/image\\\/\",\"url\":\"https:\\\/\\\/filles-de-la-charite.org\\\/wp-content\\\/uploads\\\/2023\\\/03\\\/isotipo-Hijas-de-la-Caridad.png\",\"contentUrl\":\"https:\\\/\\\/filles-de-la-charite.org\\\/wp-content\\\/uploads\\\/2023\\\/03\\\/isotipo-Hijas-de-la-Caridad.png\",\"width\":1417,\"height\":1417,\"caption\":\"Hijas de la Caridad\"},\"image\":{\"@id\":\"https:\\\/\\\/filles-de-la-charite.org\\\/fr\\\/#\\\/schema\\\/logo\\\/image\\\/\"}},{\"@type\":\"Person\",\"@id\":\"https:\\\/\\\/filles-de-la-charite.org\\\/fr\\\/#\\\/schema\\\/person\\\/427567b2eccfc2dd7d206da186a1f438\",\"name\":\"admin\",\"image\":{\"@type\":\"ImageObject\",\"inLanguage\":\"fr-FR\",\"@id\":\"https:\\\/\\\/secure.gravatar.com\\\/avatar\\\/948b492cce32b586ac2db0eaa926ee87024f7afe218d73b397ea5ddfc5f43ea1?s=96&d=mm&r=g\",\"url\":\"https:\\\/\\\/secure.gravatar.com\\\/avatar\\\/948b492cce32b586ac2db0eaa926ee87024f7afe218d73b397ea5ddfc5f43ea1?s=96&d=mm&r=g\",\"contentUrl\":\"https:\\\/\\\/secure.gravatar.com\\\/avatar\\\/948b492cce32b586ac2db0eaa926ee87024f7afe218d73b397ea5ddfc5f43ea1?s=96&d=mm&r=g\",\"caption\":\"admin\"},\"sameAs\":[\"https:\\\/\\\/filles-de-la-charite.org\"],\"url\":\"https:\\\/\\\/filles-de-la-charite.org\\\/fr\\\/author\\\/caridad\\\/\"}]}<\/script>\n<!-- \/ Yoast SEO plugin. -->","yoast_head_json":{"title":"Elles ont suivi J\u00e9sus: l\u2019envoi en mission - Filles de la Charit\u00e9","robots":{"index":"index","follow":"follow","max-snippet":"max-snippet:-1","max-image-preview":"max-image-preview:large","max-video-preview":"max-video-preview:-1"},"canonical":"https:\/\/filles-de-la-charite.org\/fr\/elles-ont-suivi-jesus-lenvoi-en-mission\/","og_locale":"fr_FR","og_type":"article","og_title":"Elles ont suivi J\u00e9sus: l\u2019envoi en mission - Filles de la Charit\u00e9","og_description":"En ce matin du 11 juillet, \u00e0 la Chapelle, la d\u00e9coration, au pied de l\u2019autel nous renvoyait \u00e0 l\u2019appel des premiers disciples&nbsp;: \u00ab&nbsp;quittant tout ils suivirent J\u00e9sus&nbsp;! \u00bb Ce m\u00eame appel r\u00e9sonne encore aujourd\u2019hui, comme nous le rappelait le chant d\u2019entr\u00e9e&nbsp;! Christ aujourd\u2019hui vous appelle Christ aujourd\u2019hui vous envoie&nbsp;! Vive le Seigneur qui nous aime [&hellip;]","og_url":"https:\/\/filles-de-la-charite.org\/fr\/elles-ont-suivi-jesus-lenvoi-en-mission\/","og_site_name":"Filles de la Charit\u00e9","article_published_time":"2022-07-31T20:00:00+00:00","article_modified_time":"2024-03-17T15:22:50+00:00","og_image":[{"width":1536,"height":1657,"url":"https:\/\/filles-de-la-charite.org\/wp-content\/uploads\/2023\/06\/IMG-20220711-WA0014-Kopia.jpg","type":"image\/jpeg"}],"author":"admin","twitter_card":"summary_large_image","twitter_misc":{"\u00c9crit par":"admin","Dur\u00e9e de lecture estim\u00e9e":"3 minutes"},"schema":{"@context":"https:\/\/schema.org","@graph":[{"@type":"Article","@id":"https:\/\/filles-de-la-charite.org\/fr\/elles-ont-suivi-jesus-lenvoi-en-mission\/#article","isPartOf":{"@id":"https:\/\/filles-de-la-charite.org\/fr\/elles-ont-suivi-jesus-lenvoi-en-mission\/"},"author":{"name":"admin","@id":"https:\/\/filles-de-la-charite.org\/fr\/#\/schema\/person\/427567b2eccfc2dd7d206da186a1f438"},"headline":"Elles ont suivi J\u00e9sus: l\u2019envoi en mission","datePublished":"2022-07-31T20:00:00+00:00","dateModified":"2024-03-17T15:22:50+00:00","mainEntityOfPage":{"@id":"https:\/\/filles-de-la-charite.org\/fr\/elles-ont-suivi-jesus-lenvoi-en-mission\/"},"wordCount":595,"publisher":{"@id":"https:\/\/filles-de-la-charite.org\/fr\/#organization"},"image":{"@id":"https:\/\/filles-de-la-charite.org\/fr\/elles-ont-suivi-jesus-lenvoi-en-mission\/#primaryimage"},"thumbnailUrl":"https:\/\/filles-de-la-charite.org\/wp-content\/uploads\/2023\/06\/IMG-20220711-WA0014-Kopia.jpg","articleSection":["Maison-M\u00e8re"],"inLanguage":"fr-FR"},{"@type":"WebPage","@id":"https:\/\/filles-de-la-charite.org\/fr\/elles-ont-suivi-jesus-lenvoi-en-mission\/","url":"https:\/\/filles-de-la-charite.org\/fr\/elles-ont-suivi-jesus-lenvoi-en-mission\/","name":"Elles ont suivi J\u00e9sus: l\u2019envoi en mission - Filles de la Charit\u00e9","isPartOf":{"@id":"https:\/\/filles-de-la-charite.org\/fr\/#website"},"primaryImageOfPage":{"@id":"https:\/\/filles-de-la-charite.org\/fr\/elles-ont-suivi-jesus-lenvoi-en-mission\/#primaryimage"},"image":{"@id":"https:\/\/filles-de-la-charite.org\/fr\/elles-ont-suivi-jesus-lenvoi-en-mission\/#primaryimage"},"thumbnailUrl":"https:\/\/filles-de-la-charite.org\/wp-content\/uploads\/2023\/06\/IMG-20220711-WA0014-Kopia.jpg","datePublished":"2022-07-31T20:00:00+00:00","dateModified":"2024-03-17T15:22:50+00:00","breadcrumb":{"@id":"https:\/\/filles-de-la-charite.org\/fr\/elles-ont-suivi-jesus-lenvoi-en-mission\/#breadcrumb"},"inLanguage":"fr-FR","potentialAction":[{"@type":"ReadAction","target":["https:\/\/filles-de-la-charite.org\/fr\/elles-ont-suivi-jesus-lenvoi-en-mission\/"]}]},{"@type":"ImageObject","inLanguage":"fr-FR","@id":"https:\/\/filles-de-la-charite.org\/fr\/elles-ont-suivi-jesus-lenvoi-en-mission\/#primaryimage","url":"https:\/\/filles-de-la-charite.org\/wp-content\/uploads\/2023\/06\/IMG-20220711-WA0014-Kopia.jpg","contentUrl":"https:\/\/filles-de-la-charite.org\/wp-content\/uploads\/2023\/06\/IMG-20220711-WA0014-Kopia.jpg","width":1536,"height":1657},{"@type":"BreadcrumbList","@id":"https:\/\/filles-de-la-charite.org\/fr\/elles-ont-suivi-jesus-lenvoi-en-mission\/#breadcrumb","itemListElement":[{"@type":"ListItem","position":1,"name":"Varsovie - Pologne","item":"https:\/\/filles-de-la-charite.org\/fr\/category\/varsovie-pologne-fr\/"},{"@type":"ListItem","position":2,"name":"Elles ont suivi J\u00e9sus: l\u2019envoi en mission"}]},{"@type":"WebSite","@id":"https:\/\/filles-de-la-charite.org\/fr\/#website","url":"https:\/\/filles-de-la-charite.org\/fr\/","name":"Hijas de la Caridad","description":"L\u2019amour de J\u00e9sus nous presse \u00e0 prendre soin des personnes les plus d\u00e9munies","publisher":{"@id":"https:\/\/filles-de-la-charite.org\/fr\/#organization"},"potentialAction":[{"@type":"SearchAction","target":{"@type":"EntryPoint","urlTemplate":"https:\/\/filles-de-la-charite.org\/fr\/?s={search_term_string}"},"query-input":{"@type":"PropertyValueSpecification","valueRequired":true,"valueName":"search_term_string"}}],"inLanguage":"fr-FR"},{"@type":"Organization","@id":"https:\/\/filles-de-la-charite.org\/fr\/#organization","name":"Hijas de la Caridad","url":"https:\/\/filles-de-la-charite.org\/fr\/","logo":{"@type":"ImageObject","inLanguage":"fr-FR","@id":"https:\/\/filles-de-la-charite.org\/fr\/#\/schema\/logo\/image\/","url":"https:\/\/filles-de-la-charite.org\/wp-content\/uploads\/2023\/03\/isotipo-Hijas-de-la-Caridad.png","contentUrl":"https:\/\/filles-de-la-charite.org\/wp-content\/uploads\/2023\/03\/isotipo-Hijas-de-la-Caridad.png","width":1417,"height":1417,"caption":"Hijas de la Caridad"},"image":{"@id":"https:\/\/filles-de-la-charite.org\/fr\/#\/schema\/logo\/image\/"}},{"@type":"Person","@id":"https:\/\/filles-de-la-charite.org\/fr\/#\/schema\/person\/427567b2eccfc2dd7d206da186a1f438","name":"admin","image":{"@type":"ImageObject","inLanguage":"fr-FR","@id":"https:\/\/secure.gravatar.com\/avatar\/948b492cce32b586ac2db0eaa926ee87024f7afe218d73b397ea5ddfc5f43ea1?s=96&d=mm&r=g","url":"https:\/\/secure.gravatar.com\/avatar\/948b492cce32b586ac2db0eaa926ee87024f7afe218d73b397ea5ddfc5f43ea1?s=96&d=mm&r=g","contentUrl":"https:\/\/secure.gravatar.com\/avatar\/948b492cce32b586ac2db0eaa926ee87024f7afe218d73b397ea5ddfc5f43ea1?s=96&d=mm&r=g","caption":"admin"},"sameAs":["https:\/\/filles-de-la-charite.org"],"url":"https:\/\/filles-de-la-charite.org\/fr\/author\/caridad\/"}]}},"_links":{"self":[{"href":"https:\/\/filles-de-la-charite.org\/fr\/wp-json\/wp\/v2\/posts\/22632","targetHints":{"allow":["GET"]}}],"collection":[{"href":"https:\/\/filles-de-la-charite.org\/fr\/wp-json\/wp\/v2\/posts"}],"about":[{"href":"https:\/\/filles-de-la-charite.org\/fr\/wp-json\/wp\/v2\/types\/post"}],"author":[{"embeddable":true,"href":"https:\/\/filles-de-la-charite.org\/fr\/wp-json\/wp\/v2\/users\/1"}],"replies":[{"embeddable":true,"href":"https:\/\/filles-de-la-charite.org\/fr\/wp-json\/wp\/v2\/comments?post=22632"}],"version-history":[{"count":1,"href":"https:\/\/filles-de-la-charite.org\/fr\/wp-json\/wp\/v2\/posts\/22632\/revisions"}],"predecessor-version":[{"id":22633,"href":"https:\/\/filles-de-la-charite.org\/fr\/wp-json\/wp\/v2\/posts\/22632\/revisions\/22633"}],"wp:featuredmedia":[{"embeddable":true,"href":"https:\/\/filles-de-la-charite.org\/fr\/wp-json\/wp\/v2\/media\/16960"}],"wp:attachment":[{"href":"https:\/\/filles-de-la-charite.org\/fr\/wp-json\/wp\/v2\/media?parent=22632"}],"wp:term":[{"taxonomy":"category","embeddable":true,"href":"https:\/\/filles-de-la-charite.org\/fr\/wp-json\/wp\/v2\/categories?post=22632"},{"taxonomy":"post_tag","embeddable":true,"href":"https:\/\/filles-de-la-charite.org\/fr\/wp-json\/wp\/v2\/tags?post=22632"}],"curies":[{"name":"wp","href":"https:\/\/api.w.org\/{rel}","templated":true}]}}