{"id":22663,"date":"2022-08-31T22:00:00","date_gmt":"2022-08-31T20:00:00","guid":{"rendered":"https:\/\/hijascaridad.sjdigitaldemo.ovh\/jours-de-grace-et-de-benediction-dans-les-provinces-damerique-latine-et-des-caraibes\/"},"modified":"2024-03-17T16:21:48","modified_gmt":"2024-03-17T15:21:48","slug":"jours-de-grace-et-de-benediction-dans-les-provinces-damerique-latine-et-des-caraibes","status":"publish","type":"post","link":"https:\/\/filles-de-la-charite.org\/fr\/jours-de-grace-et-de-benediction-dans-les-provinces-damerique-latine-et-des-caraibes\/","title":{"rendered":"Jours de gr\u00e2ce et de b\u00e9n\u00e9diction dans les Provinces d&rsquo;Am\u00e9rique latine et des Cara\u00efbes"},"content":{"rendered":"\n<p>Comme dans la nuit du 18 juillet 1830, la Sainte Vierge affirme :&nbsp; <strong>\u00ab\u00a0la Communaut\u00e9 je l\u2019aime\u00a0\u00bb<\/strong>. Ce ne sont pas des mots du pass\u00e9, ce sont ses sentiments et ils se manifestent toujours dans ses actes.<\/p>\n\n\n\n<p>C&rsquo;est sans doute son amour pour la Compagnie que nous avons ressenti de mani\u00e8re palpable entre le 12 et le 20 juillet 2022, lorsque nous nous sommes r\u00e9unies pour c\u00e9l\u00e9brer de beaux \u00e9v\u00e9nements, notamment l&rsquo;envoi en mission de 12 S\u0153urs et l&rsquo;entr\u00e9e dans la Compagnie de 22 nouvelles Filles de la Charit\u00e9, en pr\u00e9sence de S\u0153ur Fran\u00e7oise Petit, Sup\u00e9rieure g\u00e9n\u00e9rale, de S\u0153ur Alicia Margarita Cort\u00e9s, Conseill\u00e8re g\u00e9n\u00e9rale, et des Visitatrices et Conseill\u00e8res de formation des 8 Provinces d&rsquo;Am\u00e9rique latine et des Cara\u00efbes.<\/p>\n\n\n\n<div class=\"wp-block-image\"><figure class=\"alignleft size-large\"><img decoding=\"async\" src=\"https:\/\/filles-de-la-charite.org\/wp-content\/uploads\/2023\/06\/01.-EUCARISTIA-DE-ACOGIDA-NUEVAS-HERMANAS-1024x682-1.jpg\" alt=\"\" class=\"wp-image-71393\"\/><\/figure><\/div>\n\n\n\n<p>Le 18 juillet au soir, 3 s\u0153urs ont \u00e9t\u00e9 envoy\u00e9es dans la province du Mexique, 4 dans la province de La Milagrosa Bogota-Venezuela, 3 dans la province de Cali, 1 dans la province de Notre Dame de la Mission Am\u00e9rique du Sud et 1 dans la province de l&rsquo;Equateur. Douze nouvelles servantes, remplies de joie, ont \u00e9t\u00e9 envoy\u00e9es pour aller dans les maisons et les c\u0153urs des personnes en situation de pauvret\u00e9 afin de les servir et de les aimer au nom de Notre Seigneur.<\/p>\n\n\n\n<p>\u00c0 leur tour, 22 jeunes femmes : 4 du Mexique, 4 de La Milagrosa Bogot\u00e1-Venezuela, 3 des Cara\u00efbes, 3 de l&rsquo;\u00c9quateur, 2 de Notre-Dame de la Mission et 6 de Cali, ont ouvert leur c\u0153ur \u00e0 l&rsquo;action du Divin Semeur dans les nouveaux sillons du S\u00e9minaire interprovincial bas\u00e9 \u00e0 Cali, en Colombie, afin d&rsquo;\u00eatre form\u00e9es pour devenir servantes des pauvres dans le monde d&rsquo;aujourd&rsquo;hui.<\/p>\n\n\n\n<figure class=\"wp-block-image size-large\"><img decoding=\"async\" src=\"https:\/\/filles-de-la-charite.org\/wp-content\/uploads\/2023\/06\/02.-GRUPO-DE-HERMANAS-QUE-INGRESARON-EN-LA-COMPANIA-1024x682-1.jpg\" alt=\"\" class=\"wp-image-71387\"\/><\/figure>\n\n\n\n<p>Les p\u00e8lerins, d\u00e9vots de la Sainte Vierge, qui viennent \u00e0 notre chapelle surtout le mardi, nous ont rejointes et ont \u00e9t\u00e9 touch\u00e9s par l&rsquo;Eucharistie c\u00e9l\u00e9brant l&rsquo;envoi et l&rsquo;accueil.<\/p>\n\n\n\n<div class=\"wp-block-image\"><figure class=\"alignright size-large\"><img decoding=\"async\" src=\"https:\/\/filles-de-la-charite.org\/wp-content\/uploads\/2023\/06\/04.-PROCESION-DE-ENTRADA-1024x682-1.jpg\" alt=\"\" class=\"wp-image-71389\"\/><\/figure><\/div>\n\n\n\n<p>L&rsquo;amour du Seigneur s\u2019est r\u00e9pandu sur nous surtout pendant ces jours du 12 au 19 juillet o\u00f9 le S\u00e9minaire Interprovincial bas\u00e9 dans la Province de Cali a accueilli S\u0153ur Fran\u00e7oise PETIT, successeur de Sainte Louise, dont la vie simple et les interventions claires et profondes, ont \u00e9t\u00e9, pour chacune de nous, levain et air frais qui remplit et renforce notre amour et notre sens d&rsquo;appartenance \u00e0 la Compagnie.<\/p>\n\n\n\n<figure class=\"wp-block-image size-large\"><img decoding=\"async\" src=\"https:\/\/filles-de-la-charite.org\/wp-content\/uploads\/2023\/06\/05.-SOR-FRANCOISE-NOS-DIRIGE-SU-INTERVENCION-1024x484-1.jpg\" alt=\"\" class=\"wp-image-71390\"\/><\/figure>\n\n\n\n<p>Les s\u0153urs de la Province de Cali, r\u00e9unies en deux groupes r\u00e9gionaux, ont eu la gr\u00e2ce d&rsquo;une rencontre avec S\u0153ur Fran\u00e7oise qui a guid\u00e9 une r\u00e9flexion sur la deuxi\u00e8me porte du Document Inter-Assembl\u00e9es : <strong>\u00ab\u00a0Vers un renouvellement des c\u0153urs et des esprits\u00a0\u00bb<\/strong> et sa cl\u00e9 <strong>\u00ab\u00a0la conversion pour faire avancer la fraternit\u00e9\u00a0\u00bb<\/strong>. Elle a \u00e9galement partag\u00e9 avec les S\u0153urs du S\u00e9minaire, les Visitatrices et les formatrices ses r\u00eaves et ses espoirs pour les jeunes vocations dans la Compagnie.<\/p>\n\n\n\n<p>Les Visitatrices et les Conseill\u00e8res de formation ont profit\u00e9 de ces journ\u00e9es pour \u00e9valuer et mettre \u00e0 jour les Statuts du S\u00e9minaire interprovincial ainsi que pour modifier les crit\u00e8res du plan unifi\u00e9 des \u00e9tapes de la formation initiale. S\u0153ur Fran\u00e7oise, pour sa part, a partag\u00e9 sa r\u00e9flexion sur la sixi\u00e8me porte du document inter-assembl\u00e9es, \u00ab\u00a0Vers une culture de la rencontre\u00a0\u00bb.<\/p>\n\n\n\n<div class=\"wp-block-image\"><figure class=\"alignleft size-large\"><img decoding=\"async\" src=\"https:\/\/filles-de-la-charite.org\/wp-content\/uploads\/2023\/06\/06.-ENCUENTRO-CON-LAS-VISITADORAS-copia-1024x768-1.jpg\" alt=\"\" class=\"wp-image-71391\"\/><\/figure><\/div>\n\n\n\n<p>Nous remercions le Seigneur et la Sainte Vierge des Apparitions qui nous ont permis de vivre cette exp\u00e9rience d&rsquo;internationalit\u00e9 et d&rsquo;interculturalit\u00e9 qui a enrichi notre \u00eatre de Filles de la Charit\u00e9.<\/p>\n\n\n\n<p>Nous remercions S\u0153ur Fran\u00e7oise pour le temps qu&rsquo;elle a pass\u00e9 avec nous, pour ses profondes r\u00e9flexions et, surtout, pour son t\u00e9moignage de Fille de la Charit\u00e9 simple, chaleureuse et compatissante.<\/p>\n\n\n\n<p>Nous remercions \u00e9galement S\u0153ur Alicia Margarita pour son accompagnement attentif lors de chaque \u00e9v\u00e9nement et de chaque r\u00e9union qui a eu lieu.&nbsp;<\/p>\n\n\n\n<figure class=\"wp-block-image size-large\"><img decoding=\"async\" src=\"https:\/\/filles-de-la-charite.org\/wp-content\/uploads\/2023\/06\/07.-CON-LAS-VISITADORAS-EN-EL-SEMINARIO-1024x485-1.jpg\" alt=\"\" class=\"wp-image-71392\"\/><\/figure>\n\n\n\n<p class=\"has-text-align-center\"><strong><em>\u00ab\u00a0Comment rendrons-nous au Seigneur tout le bien qu&rsquo;il nous a fait ?\u00a0\u00bb (Psaume 116,12).<\/em><\/strong><\/p>\n","protected":false},"excerpt":{"rendered":"<p>Comme dans la nuit du 18 juillet 1830, la Sainte Vierge affirme :&nbsp; \u00ab\u00a0la Communaut\u00e9 je l\u2019aime\u00a0\u00bb. Ce ne sont pas des mots du pass\u00e9, ce sont ses sentiments et ils se manifestent toujours dans ses actes. C&rsquo;est sans doute son amour pour la Compagnie que nous avons ressenti de mani\u00e8re palpable entre le 12 [&hellip;]<\/p>\n","protected":false},"author":1,"featured_media":17049,"comment_status":"closed","ping_status":"closed","sticky":false,"template":"","format":"standard","meta":{"_acf_changed":false,"_et_pb_use_builder":"","_et_pb_old_content":"","_et_gb_content_width":"","footnotes":"","_links_to":"","_links_to_target":""},"categories":[772,755],"tags":[],"class_list":["post-22663","post","type-post","status-publish","format-standard","has-post-thumbnail","hentry","category-america-del-sur-fr","category-caribe-fr"],"acf":[],"yoast_head":"<!-- This site is optimized with the Yoast SEO plugin v27.5 - https:\/\/yoast.com\/product\/yoast-seo-wordpress\/ -->\n<title>Jours de gr\u00e2ce et de b\u00e9n\u00e9diction dans les Provinces d&#039;Am\u00e9rique latine et des Cara\u00efbes - Filles de la Charit\u00e9<\/title>\n<meta name=\"robots\" content=\"index, follow, max-snippet:-1, max-image-preview:large, max-video-preview:-1\" \/>\n<link rel=\"canonical\" href=\"https:\/\/filles-de-la-charite.org\/fr\/jours-de-grace-et-de-benediction-dans-les-provinces-damerique-latine-et-des-caraibes\/\" \/>\n<meta property=\"og:locale\" content=\"fr_FR\" \/>\n<meta property=\"og:type\" content=\"article\" \/>\n<meta property=\"og:title\" content=\"Jours de gr\u00e2ce et de b\u00e9n\u00e9diction dans les Provinces d&#039;Am\u00e9rique latine et des Cara\u00efbes - Filles de la Charit\u00e9\" \/>\n<meta property=\"og:description\" content=\"Comme dans la nuit du 18 juillet 1830, la Sainte Vierge affirme :&nbsp; \u00ab\u00a0la Communaut\u00e9 je l\u2019aime\u00a0\u00bb. Ce ne sont pas des mots du pass\u00e9, ce sont ses sentiments et ils se manifestent toujours dans ses actes. C&rsquo;est sans doute son amour pour la Compagnie que nous avons ressenti de mani\u00e8re palpable entre le 12 [&hellip;]\" \/>\n<meta property=\"og:url\" content=\"https:\/\/filles-de-la-charite.org\/fr\/jours-de-grace-et-de-benediction-dans-les-provinces-damerique-latine-et-des-caraibes\/\" \/>\n<meta property=\"og:site_name\" content=\"Filles de la Charit\u00e9\" \/>\n<meta property=\"article:published_time\" content=\"2022-08-31T20:00:00+00:00\" \/>\n<meta property=\"article:modified_time\" content=\"2024-03-17T15:21:48+00:00\" \/>\n<meta property=\"og:image\" content=\"https:\/\/filles-de-la-charite.org\/wp-content\/uploads\/2023\/06\/03.-ENTREGA-DE-CONSTITUCIONES-EN-EL-SEMINARIO-GRUPO-COMPLETO.jpg\" \/>\n\t<meta property=\"og:image:width\" content=\"1280\" \/>\n\t<meta property=\"og:image:height\" content=\"606\" \/>\n\t<meta property=\"og:image:type\" content=\"image\/jpeg\" \/>\n<meta name=\"author\" content=\"admin\" \/>\n<meta name=\"twitter:card\" content=\"summary_large_image\" \/>\n<meta name=\"twitter:label1\" content=\"\u00c9crit par\" \/>\n\t<meta name=\"twitter:data1\" content=\"admin\" \/>\n\t<meta name=\"twitter:label2\" content=\"Dur\u00e9e de lecture estim\u00e9e\" \/>\n\t<meta name=\"twitter:data2\" content=\"3 minutes\" \/>\n<script type=\"application\/ld+json\" class=\"yoast-schema-graph\">{\"@context\":\"https:\\\/\\\/schema.org\",\"@graph\":[{\"@type\":\"Article\",\"@id\":\"https:\\\/\\\/filles-de-la-charite.org\\\/fr\\\/jours-de-grace-et-de-benediction-dans-les-provinces-damerique-latine-et-des-caraibes\\\/#article\",\"isPartOf\":{\"@id\":\"https:\\\/\\\/filles-de-la-charite.org\\\/fr\\\/jours-de-grace-et-de-benediction-dans-les-provinces-damerique-latine-et-des-caraibes\\\/\"},\"author\":{\"name\":\"admin\",\"@id\":\"https:\\\/\\\/filles-de-la-charite.org\\\/fr\\\/#\\\/schema\\\/person\\\/427567b2eccfc2dd7d206da186a1f438\"},\"headline\":\"Jours de gr\u00e2ce et de b\u00e9n\u00e9diction dans les Provinces d&rsquo;Am\u00e9rique latine et des Cara\u00efbes\",\"datePublished\":\"2022-08-31T20:00:00+00:00\",\"dateModified\":\"2024-03-17T15:21:48+00:00\",\"mainEntityOfPage\":{\"@id\":\"https:\\\/\\\/filles-de-la-charite.org\\\/fr\\\/jours-de-grace-et-de-benediction-dans-les-provinces-damerique-latine-et-des-caraibes\\\/\"},\"wordCount\":679,\"publisher\":{\"@id\":\"https:\\\/\\\/filles-de-la-charite.org\\\/fr\\\/#organization\"},\"image\":{\"@id\":\"https:\\\/\\\/filles-de-la-charite.org\\\/fr\\\/jours-de-grace-et-de-benediction-dans-les-provinces-damerique-latine-et-des-caraibes\\\/#primaryimage\"},\"thumbnailUrl\":\"https:\\\/\\\/filles-de-la-charite.org\\\/wp-content\\\/uploads\\\/2023\\\/06\\\/03.-ENTREGA-DE-CONSTITUCIONES-EN-EL-SEMINARIO-GRUPO-COMPLETO.jpg\",\"articleSection\":[\"Am\u00e9rique du Sud\",\"Cara\u00efbes\"],\"inLanguage\":\"fr-FR\"},{\"@type\":\"WebPage\",\"@id\":\"https:\\\/\\\/filles-de-la-charite.org\\\/fr\\\/jours-de-grace-et-de-benediction-dans-les-provinces-damerique-latine-et-des-caraibes\\\/\",\"url\":\"https:\\\/\\\/filles-de-la-charite.org\\\/fr\\\/jours-de-grace-et-de-benediction-dans-les-provinces-damerique-latine-et-des-caraibes\\\/\",\"name\":\"Jours de gr\u00e2ce et de b\u00e9n\u00e9diction dans les Provinces d'Am\u00e9rique latine et des Cara\u00efbes - Filles de la Charit\u00e9\",\"isPartOf\":{\"@id\":\"https:\\\/\\\/filles-de-la-charite.org\\\/fr\\\/#website\"},\"primaryImageOfPage\":{\"@id\":\"https:\\\/\\\/filles-de-la-charite.org\\\/fr\\\/jours-de-grace-et-de-benediction-dans-les-provinces-damerique-latine-et-des-caraibes\\\/#primaryimage\"},\"image\":{\"@id\":\"https:\\\/\\\/filles-de-la-charite.org\\\/fr\\\/jours-de-grace-et-de-benediction-dans-les-provinces-damerique-latine-et-des-caraibes\\\/#primaryimage\"},\"thumbnailUrl\":\"https:\\\/\\\/filles-de-la-charite.org\\\/wp-content\\\/uploads\\\/2023\\\/06\\\/03.-ENTREGA-DE-CONSTITUCIONES-EN-EL-SEMINARIO-GRUPO-COMPLETO.jpg\",\"datePublished\":\"2022-08-31T20:00:00+00:00\",\"dateModified\":\"2024-03-17T15:21:48+00:00\",\"breadcrumb\":{\"@id\":\"https:\\\/\\\/filles-de-la-charite.org\\\/fr\\\/jours-de-grace-et-de-benediction-dans-les-provinces-damerique-latine-et-des-caraibes\\\/#breadcrumb\"},\"inLanguage\":\"fr-FR\",\"potentialAction\":[{\"@type\":\"ReadAction\",\"target\":[\"https:\\\/\\\/filles-de-la-charite.org\\\/fr\\\/jours-de-grace-et-de-benediction-dans-les-provinces-damerique-latine-et-des-caraibes\\\/\"]}]},{\"@type\":\"ImageObject\",\"inLanguage\":\"fr-FR\",\"@id\":\"https:\\\/\\\/filles-de-la-charite.org\\\/fr\\\/jours-de-grace-et-de-benediction-dans-les-provinces-damerique-latine-et-des-caraibes\\\/#primaryimage\",\"url\":\"https:\\\/\\\/filles-de-la-charite.org\\\/wp-content\\\/uploads\\\/2023\\\/06\\\/03.-ENTREGA-DE-CONSTITUCIONES-EN-EL-SEMINARIO-GRUPO-COMPLETO.jpg\",\"contentUrl\":\"https:\\\/\\\/filles-de-la-charite.org\\\/wp-content\\\/uploads\\\/2023\\\/06\\\/03.-ENTREGA-DE-CONSTITUCIONES-EN-EL-SEMINARIO-GRUPO-COMPLETO.jpg\",\"width\":1280,\"height\":606},{\"@type\":\"BreadcrumbList\",\"@id\":\"https:\\\/\\\/filles-de-la-charite.org\\\/fr\\\/jours-de-grace-et-de-benediction-dans-les-provinces-damerique-latine-et-des-caraibes\\\/#breadcrumb\",\"itemListElement\":[{\"@type\":\"ListItem\",\"position\":1,\"name\":\"Province de S\u00e3o Paulo, Br\u00e9sil\",\"item\":\"https:\\\/\\\/filles-de-la-charite.org\\\/fr\\\/category\\\/province-de-sao-paulo-bresil-fr\\\/\"},{\"@type\":\"ListItem\",\"position\":2,\"name\":\"Jours de gr\u00e2ce et de b\u00e9n\u00e9diction dans les Provinces d&rsquo;Am\u00e9rique latine et des Cara\u00efbes\"}]},{\"@type\":\"WebSite\",\"@id\":\"https:\\\/\\\/filles-de-la-charite.org\\\/fr\\\/#website\",\"url\":\"https:\\\/\\\/filles-de-la-charite.org\\\/fr\\\/\",\"name\":\"Hijas de la Caridad\",\"description\":\"L\u2019amour de J\u00e9sus nous presse \u00e0 prendre soin des personnes les plus d\u00e9munies\",\"publisher\":{\"@id\":\"https:\\\/\\\/filles-de-la-charite.org\\\/fr\\\/#organization\"},\"potentialAction\":[{\"@type\":\"SearchAction\",\"target\":{\"@type\":\"EntryPoint\",\"urlTemplate\":\"https:\\\/\\\/filles-de-la-charite.org\\\/fr\\\/?s={search_term_string}\"},\"query-input\":{\"@type\":\"PropertyValueSpecification\",\"valueRequired\":true,\"valueName\":\"search_term_string\"}}],\"inLanguage\":\"fr-FR\"},{\"@type\":\"Organization\",\"@id\":\"https:\\\/\\\/filles-de-la-charite.org\\\/fr\\\/#organization\",\"name\":\"Hijas de la Caridad\",\"url\":\"https:\\\/\\\/filles-de-la-charite.org\\\/fr\\\/\",\"logo\":{\"@type\":\"ImageObject\",\"inLanguage\":\"fr-FR\",\"@id\":\"https:\\\/\\\/filles-de-la-charite.org\\\/fr\\\/#\\\/schema\\\/logo\\\/image\\\/\",\"url\":\"https:\\\/\\\/filles-de-la-charite.org\\\/wp-content\\\/uploads\\\/2023\\\/03\\\/isotipo-Hijas-de-la-Caridad.png\",\"contentUrl\":\"https:\\\/\\\/filles-de-la-charite.org\\\/wp-content\\\/uploads\\\/2023\\\/03\\\/isotipo-Hijas-de-la-Caridad.png\",\"width\":1417,\"height\":1417,\"caption\":\"Hijas de la Caridad\"},\"image\":{\"@id\":\"https:\\\/\\\/filles-de-la-charite.org\\\/fr\\\/#\\\/schema\\\/logo\\\/image\\\/\"}},{\"@type\":\"Person\",\"@id\":\"https:\\\/\\\/filles-de-la-charite.org\\\/fr\\\/#\\\/schema\\\/person\\\/427567b2eccfc2dd7d206da186a1f438\",\"name\":\"admin\",\"image\":{\"@type\":\"ImageObject\",\"inLanguage\":\"fr-FR\",\"@id\":\"https:\\\/\\\/secure.gravatar.com\\\/avatar\\\/948b492cce32b586ac2db0eaa926ee87024f7afe218d73b397ea5ddfc5f43ea1?s=96&d=mm&r=g\",\"url\":\"https:\\\/\\\/secure.gravatar.com\\\/avatar\\\/948b492cce32b586ac2db0eaa926ee87024f7afe218d73b397ea5ddfc5f43ea1?s=96&d=mm&r=g\",\"contentUrl\":\"https:\\\/\\\/secure.gravatar.com\\\/avatar\\\/948b492cce32b586ac2db0eaa926ee87024f7afe218d73b397ea5ddfc5f43ea1?s=96&d=mm&r=g\",\"caption\":\"admin\"},\"sameAs\":[\"https:\\\/\\\/filles-de-la-charite.org\"],\"url\":\"https:\\\/\\\/filles-de-la-charite.org\\\/fr\\\/author\\\/caridad\\\/\"}]}<\/script>\n<!-- \/ Yoast SEO plugin. -->","yoast_head_json":{"title":"Jours de gr\u00e2ce et de b\u00e9n\u00e9diction dans les Provinces d'Am\u00e9rique latine et des Cara\u00efbes - Filles de la Charit\u00e9","robots":{"index":"index","follow":"follow","max-snippet":"max-snippet:-1","max-image-preview":"max-image-preview:large","max-video-preview":"max-video-preview:-1"},"canonical":"https:\/\/filles-de-la-charite.org\/fr\/jours-de-grace-et-de-benediction-dans-les-provinces-damerique-latine-et-des-caraibes\/","og_locale":"fr_FR","og_type":"article","og_title":"Jours de gr\u00e2ce et de b\u00e9n\u00e9diction dans les Provinces d'Am\u00e9rique latine et des Cara\u00efbes - Filles de la Charit\u00e9","og_description":"Comme dans la nuit du 18 juillet 1830, la Sainte Vierge affirme :&nbsp; \u00ab\u00a0la Communaut\u00e9 je l\u2019aime\u00a0\u00bb. Ce ne sont pas des mots du pass\u00e9, ce sont ses sentiments et ils se manifestent toujours dans ses actes. C&rsquo;est sans doute son amour pour la Compagnie que nous avons ressenti de mani\u00e8re palpable entre le 12 [&hellip;]","og_url":"https:\/\/filles-de-la-charite.org\/fr\/jours-de-grace-et-de-benediction-dans-les-provinces-damerique-latine-et-des-caraibes\/","og_site_name":"Filles de la Charit\u00e9","article_published_time":"2022-08-31T20:00:00+00:00","article_modified_time":"2024-03-17T15:21:48+00:00","og_image":[{"width":1280,"height":606,"url":"https:\/\/filles-de-la-charite.org\/wp-content\/uploads\/2023\/06\/03.-ENTREGA-DE-CONSTITUCIONES-EN-EL-SEMINARIO-GRUPO-COMPLETO.jpg","type":"image\/jpeg"}],"author":"admin","twitter_card":"summary_large_image","twitter_misc":{"\u00c9crit par":"admin","Dur\u00e9e de lecture estim\u00e9e":"3 minutes"},"schema":{"@context":"https:\/\/schema.org","@graph":[{"@type":"Article","@id":"https:\/\/filles-de-la-charite.org\/fr\/jours-de-grace-et-de-benediction-dans-les-provinces-damerique-latine-et-des-caraibes\/#article","isPartOf":{"@id":"https:\/\/filles-de-la-charite.org\/fr\/jours-de-grace-et-de-benediction-dans-les-provinces-damerique-latine-et-des-caraibes\/"},"author":{"name":"admin","@id":"https:\/\/filles-de-la-charite.org\/fr\/#\/schema\/person\/427567b2eccfc2dd7d206da186a1f438"},"headline":"Jours de gr\u00e2ce et de b\u00e9n\u00e9diction dans les Provinces d&rsquo;Am\u00e9rique latine et des Cara\u00efbes","datePublished":"2022-08-31T20:00:00+00:00","dateModified":"2024-03-17T15:21:48+00:00","mainEntityOfPage":{"@id":"https:\/\/filles-de-la-charite.org\/fr\/jours-de-grace-et-de-benediction-dans-les-provinces-damerique-latine-et-des-caraibes\/"},"wordCount":679,"publisher":{"@id":"https:\/\/filles-de-la-charite.org\/fr\/#organization"},"image":{"@id":"https:\/\/filles-de-la-charite.org\/fr\/jours-de-grace-et-de-benediction-dans-les-provinces-damerique-latine-et-des-caraibes\/#primaryimage"},"thumbnailUrl":"https:\/\/filles-de-la-charite.org\/wp-content\/uploads\/2023\/06\/03.-ENTREGA-DE-CONSTITUCIONES-EN-EL-SEMINARIO-GRUPO-COMPLETO.jpg","articleSection":["Am\u00e9rique du Sud","Cara\u00efbes"],"inLanguage":"fr-FR"},{"@type":"WebPage","@id":"https:\/\/filles-de-la-charite.org\/fr\/jours-de-grace-et-de-benediction-dans-les-provinces-damerique-latine-et-des-caraibes\/","url":"https:\/\/filles-de-la-charite.org\/fr\/jours-de-grace-et-de-benediction-dans-les-provinces-damerique-latine-et-des-caraibes\/","name":"Jours de gr\u00e2ce et de b\u00e9n\u00e9diction dans les Provinces d'Am\u00e9rique latine et des Cara\u00efbes - Filles de la Charit\u00e9","isPartOf":{"@id":"https:\/\/filles-de-la-charite.org\/fr\/#website"},"primaryImageOfPage":{"@id":"https:\/\/filles-de-la-charite.org\/fr\/jours-de-grace-et-de-benediction-dans-les-provinces-damerique-latine-et-des-caraibes\/#primaryimage"},"image":{"@id":"https:\/\/filles-de-la-charite.org\/fr\/jours-de-grace-et-de-benediction-dans-les-provinces-damerique-latine-et-des-caraibes\/#primaryimage"},"thumbnailUrl":"https:\/\/filles-de-la-charite.org\/wp-content\/uploads\/2023\/06\/03.-ENTREGA-DE-CONSTITUCIONES-EN-EL-SEMINARIO-GRUPO-COMPLETO.jpg","datePublished":"2022-08-31T20:00:00+00:00","dateModified":"2024-03-17T15:21:48+00:00","breadcrumb":{"@id":"https:\/\/filles-de-la-charite.org\/fr\/jours-de-grace-et-de-benediction-dans-les-provinces-damerique-latine-et-des-caraibes\/#breadcrumb"},"inLanguage":"fr-FR","potentialAction":[{"@type":"ReadAction","target":["https:\/\/filles-de-la-charite.org\/fr\/jours-de-grace-et-de-benediction-dans-les-provinces-damerique-latine-et-des-caraibes\/"]}]},{"@type":"ImageObject","inLanguage":"fr-FR","@id":"https:\/\/filles-de-la-charite.org\/fr\/jours-de-grace-et-de-benediction-dans-les-provinces-damerique-latine-et-des-caraibes\/#primaryimage","url":"https:\/\/filles-de-la-charite.org\/wp-content\/uploads\/2023\/06\/03.-ENTREGA-DE-CONSTITUCIONES-EN-EL-SEMINARIO-GRUPO-COMPLETO.jpg","contentUrl":"https:\/\/filles-de-la-charite.org\/wp-content\/uploads\/2023\/06\/03.-ENTREGA-DE-CONSTITUCIONES-EN-EL-SEMINARIO-GRUPO-COMPLETO.jpg","width":1280,"height":606},{"@type":"BreadcrumbList","@id":"https:\/\/filles-de-la-charite.org\/fr\/jours-de-grace-et-de-benediction-dans-les-provinces-damerique-latine-et-des-caraibes\/#breadcrumb","itemListElement":[{"@type":"ListItem","position":1,"name":"Province de S\u00e3o Paulo, Br\u00e9sil","item":"https:\/\/filles-de-la-charite.org\/fr\/category\/province-de-sao-paulo-bresil-fr\/"},{"@type":"ListItem","position":2,"name":"Jours de gr\u00e2ce et de b\u00e9n\u00e9diction dans les Provinces d&rsquo;Am\u00e9rique latine et des Cara\u00efbes"}]},{"@type":"WebSite","@id":"https:\/\/filles-de-la-charite.org\/fr\/#website","url":"https:\/\/filles-de-la-charite.org\/fr\/","name":"Hijas de la Caridad","description":"L\u2019amour de J\u00e9sus nous presse \u00e0 prendre soin des personnes les plus d\u00e9munies","publisher":{"@id":"https:\/\/filles-de-la-charite.org\/fr\/#organization"},"potentialAction":[{"@type":"SearchAction","target":{"@type":"EntryPoint","urlTemplate":"https:\/\/filles-de-la-charite.org\/fr\/?s={search_term_string}"},"query-input":{"@type":"PropertyValueSpecification","valueRequired":true,"valueName":"search_term_string"}}],"inLanguage":"fr-FR"},{"@type":"Organization","@id":"https:\/\/filles-de-la-charite.org\/fr\/#organization","name":"Hijas de la Caridad","url":"https:\/\/filles-de-la-charite.org\/fr\/","logo":{"@type":"ImageObject","inLanguage":"fr-FR","@id":"https:\/\/filles-de-la-charite.org\/fr\/#\/schema\/logo\/image\/","url":"https:\/\/filles-de-la-charite.org\/wp-content\/uploads\/2023\/03\/isotipo-Hijas-de-la-Caridad.png","contentUrl":"https:\/\/filles-de-la-charite.org\/wp-content\/uploads\/2023\/03\/isotipo-Hijas-de-la-Caridad.png","width":1417,"height":1417,"caption":"Hijas de la Caridad"},"image":{"@id":"https:\/\/filles-de-la-charite.org\/fr\/#\/schema\/logo\/image\/"}},{"@type":"Person","@id":"https:\/\/filles-de-la-charite.org\/fr\/#\/schema\/person\/427567b2eccfc2dd7d206da186a1f438","name":"admin","image":{"@type":"ImageObject","inLanguage":"fr-FR","@id":"https:\/\/secure.gravatar.com\/avatar\/948b492cce32b586ac2db0eaa926ee87024f7afe218d73b397ea5ddfc5f43ea1?s=96&d=mm&r=g","url":"https:\/\/secure.gravatar.com\/avatar\/948b492cce32b586ac2db0eaa926ee87024f7afe218d73b397ea5ddfc5f43ea1?s=96&d=mm&r=g","contentUrl":"https:\/\/secure.gravatar.com\/avatar\/948b492cce32b586ac2db0eaa926ee87024f7afe218d73b397ea5ddfc5f43ea1?s=96&d=mm&r=g","caption":"admin"},"sameAs":["https:\/\/filles-de-la-charite.org"],"url":"https:\/\/filles-de-la-charite.org\/fr\/author\/caridad\/"}]}},"_links":{"self":[{"href":"https:\/\/filles-de-la-charite.org\/fr\/wp-json\/wp\/v2\/posts\/22663","targetHints":{"allow":["GET"]}}],"collection":[{"href":"https:\/\/filles-de-la-charite.org\/fr\/wp-json\/wp\/v2\/posts"}],"about":[{"href":"https:\/\/filles-de-la-charite.org\/fr\/wp-json\/wp\/v2\/types\/post"}],"author":[{"embeddable":true,"href":"https:\/\/filles-de-la-charite.org\/fr\/wp-json\/wp\/v2\/users\/1"}],"replies":[{"embeddable":true,"href":"https:\/\/filles-de-la-charite.org\/fr\/wp-json\/wp\/v2\/comments?post=22663"}],"version-history":[{"count":1,"href":"https:\/\/filles-de-la-charite.org\/fr\/wp-json\/wp\/v2\/posts\/22663\/revisions"}],"predecessor-version":[{"id":22664,"href":"https:\/\/filles-de-la-charite.org\/fr\/wp-json\/wp\/v2\/posts\/22663\/revisions\/22664"}],"wp:featuredmedia":[{"embeddable":true,"href":"https:\/\/filles-de-la-charite.org\/fr\/wp-json\/wp\/v2\/media\/17049"}],"wp:attachment":[{"href":"https:\/\/filles-de-la-charite.org\/fr\/wp-json\/wp\/v2\/media?parent=22663"}],"wp:term":[{"taxonomy":"category","embeddable":true,"href":"https:\/\/filles-de-la-charite.org\/fr\/wp-json\/wp\/v2\/categories?post=22663"},{"taxonomy":"post_tag","embeddable":true,"href":"https:\/\/filles-de-la-charite.org\/fr\/wp-json\/wp\/v2\/tags?post=22663"}],"curies":[{"name":"wp","href":"https:\/\/api.w.org\/{rel}","templated":true}]}}