{"id":22665,"date":"2022-08-31T22:00:00","date_gmt":"2022-08-31T20:00:00","guid":{"rendered":"https:\/\/hijascaridad.sjdigitaldemo.ovh\/projet-chemins-vers-lavenir\/"},"modified":"2024-03-17T16:22:08","modified_gmt":"2024-03-17T15:22:08","slug":"projet-chemins-vers-lavenir","status":"publish","type":"post","link":"https:\/\/filles-de-la-charite.org\/fr\/projet-chemins-vers-lavenir\/","title":{"rendered":"Projet \u00ab\u00a0Chemins  vers l\u2019avenir \u00ab\u00a0"},"content":{"rendered":"\n<p>\" L'amour est inventif \u00e0 l'infini ! \" Cette phrase, prononc\u00e9e par Saint Vincent, faisant r\u00e9f\u00e9rence \u00e0 l'inventivit\u00e9 de J\u00e9sus qui reste avec nous dans l'Eucharistie, peut bien refl\u00e9ter la signification du projet \" Chemins vers l\u2019avenir \". Ce projet est n\u00e9 de l'\u00e9coute de la r\u00e9alit\u00e9 des enfants et des familles d\u00e9munies de notre institution et de ses environs. Franchir la porte, aller \u00e0 la rencontre ! Avec de la cr\u00e9ativit\u00e9, de l'engagement, la sueur des visages , de la force des bras, de l'affection et de l'efficacit\u00e9, nous servons leChrist pr\u00e9sent dans les personnes pauvres que nous servons dans la ville d'Assis\/San Paolo.<\/p>\n\n\n\n<p>Le projet \"Chemins vers l'avenir\" vise \u00e0 servir les \u00e9tudiants, leurs familles et toute la communaut\u00e9 du foyer pour enfants, le centre d'\u00e9ducation vincentien Dom Antonio Jos\u00e9 dos Santos, situ\u00e9 \u00e0 Assis, \u00e0 l'int\u00e9rieur de S\u00e3o Paulo. Le projet d\u00e9ploie ses activit\u00e9s aupr\u00e8s d'enfants et d'adolescents \u00e2g\u00e9s de 7 \u00e0 13 ans dont le contexte socioculturel et \u00e9conomique est extr\u00eamement vuln\u00e9rable, dans le but de promouvoir leur d\u00e9veloppement.<\/p>\n\n\n\n<div class=\"wp-block-image\"><figure class=\"alignleft size-large\"><img decoding=\"async\" src=\"https:\/\/filles-de-la-charite.org\/wp-content\/uploads\/2023\/06\/Sao-Paulo-2-768x1024-1.jpeg\" alt=\"\" class=\"wp-image-71394\"\/><\/figure><\/div>\n\n\n\n<p>Gr\u00e2ce \u00e0 diverses activit\u00e9s, nous effor\u00e7ons d'\u00e9viter l'aggravation des vuln\u00e9rabilit\u00e9s sociales, voire de parvenir \u00e0 une diminution des indices de violence et d'in\u00e9galit\u00e9 d\u00e9j\u00e0 identifi\u00e9s dans la municipalit\u00e9 d'Assis. Nous cherchons \u00e0 am\u00e9liorer la qualit\u00e9 de vie des enfants par le biais du sport, de la cuisine et du jardinage. Gr\u00e2ce \u00e0 ces activit\u00e9s, ils sont encourag\u00e9s \u00e0 sortir de la marginalisation, en renfor\u00e7ant les liens familiaux et communautaires.<\/p>\n\n\n\n<p>Dans le domaine du sport, les participants cibles sont divis\u00e9s en deux groupes : les gar\u00e7ons et les filles. Ils jouent au basket-ball et s'entra\u00eenent quotidiennement, ce qui les pr\u00e9pare aux comp\u00e9titions organis\u00e9es dans la ville ou dans d'autres municipalit\u00e9s. Le sport couvre le d\u00e9veloppement physique, psychologique et \u00e9motionnel, entre autres avantages.<\/p>\n\n\n\n<p>Le jardinage vise \u00e0 sensibiliser les familles \u00e0 l'importance d'une alimentation saine, de la conservation et du soin des aliments. Elles sont encourag\u00e9es \u00e0 planter et \u00e0 consommer des produits \u00e0 haute valeur nutritive. Les l\u00e9gumes et les arbres fruitiers sont plant\u00e9s par les enfants eux-m\u00eames avec l'aide de personnes comp\u00e9tentes.<\/p>\n\n\n\n<p>La cuisine vise \u00e0 montrer l'importance de l'appr\u00e9ciation des aliments en sensibilisant les enfants \u00e0 l'utilisation des sens de l'odorat, du go\u00fbt et du toucher et \u00e0 les familiariser avec diff\u00e9rents arts culinaires. Les enfants participent \u00e0 la nourriture qu'ils ont eux-m\u00eames pr\u00e9par\u00e9e.<\/p>\n\n\n\n<p>Nous, les S\u0153urs, nous essayons d'\u00eatre toujours pr\u00e9sentes aupr\u00e8s des enfants pour les encourager \u00e0 participer pleinement. Nous cherchons \u00e0 apporter du bien-\u00eatre, une meilleure qualit\u00e9 de vie et un apprentissage plus approfondi \u00e0 chacun d'entre eux ainsi qu'\u00e0 leurs familles. Nous sommes tous b\u00e9n\u00e9ficiaires de ce projet :&nbsp; Les S\u0153urs, les parents et les membres de leurs familles et, la soci\u00e9t\u00e9, en g\u00e9n\u00e9ral, car nous sommes certains que ces enfants grandiront avec une vision diff\u00e9rente de la vie gr\u00e2ce \u00e0 la pratique du sport et \u00e0 l'appr\u00e9ciation de la nourriture puisqu'ils pourront eux-m\u00eames planter, cultiver, pr\u00e9parer et partager avec d'autres, ouvrant ainsi de nouveaux chemins vers l'avenir !<\/p>\n\n\n\n<p><em>S\u0153urs en mission \u00e0 la Maison d\u2019enfants, Dom Ant\u00f4nio Jos\u00e9 dos Santos, Assis, S\u00e3o Paulo<\/em><\/p>\n\n\n\n<div class=\"wp-block-image\"><figure class=\"aligncenter size-full\"><img decoding=\"async\" src=\"https:\/\/filles-de-la-charite.org\/wp-content\/uploads\/2023\/06\/Sao-Paulo-3.jpeg\" alt=\"\" class=\"wp-image-71395\"\/><\/figure><\/div>\n","protected":false},"excerpt":{"rendered":"<p>\u00a0\u00bb L&rsquo;amour est inventif \u00e0 l&rsquo;infini ! \u00a0\u00bb Cette phrase, prononc\u00e9e par Saint Vincent, faisant r\u00e9f\u00e9rence \u00e0 l&rsquo;inventivit\u00e9 de J\u00e9sus qui reste avec nous dans l&rsquo;Eucharistie, peut bien refl\u00e9ter la signification du projet \u00a0\u00bb Chemins vers l\u2019avenir \u00ab\u00a0. Ce projet est n\u00e9 de l&rsquo;\u00e9coute de la r\u00e9alit\u00e9 des enfants et des familles d\u00e9munies de notre [&hellip;]<\/p>\n","protected":false},"author":1,"featured_media":17069,"comment_status":"closed","ping_status":"closed","sticky":false,"template":"","format":"standard","meta":{"_acf_changed":false,"footnotes":"","_links_to":"","_links_to_target":""},"categories":[646],"tags":[],"class_list":["post-22665","post","type-post","status-publish","format-standard","has-post-thumbnail","hentry","category-province-de-sao-paulo-bresil-fr"],"acf":[],"yoast_head":"<!-- This site is optimized with the Yoast SEO plugin v27.5 - https:\/\/yoast.com\/product\/yoast-seo-wordpress\/ -->\n<title>Projet &quot;Chemins vers l\u2019avenir &quot; - Filles de la Charit\u00e9<\/title>\n<meta name=\"robots\" content=\"index, follow, max-snippet:-1, max-image-preview:large, max-video-preview:-1\" \/>\n<link rel=\"canonical\" href=\"https:\/\/filles-de-la-charite.org\/fr\/projet-chemins-vers-lavenir\/\" \/>\n<meta property=\"og:locale\" content=\"fr_FR\" \/>\n<meta property=\"og:type\" content=\"article\" \/>\n<meta property=\"og:title\" content=\"Projet &quot;Chemins vers l\u2019avenir &quot; - Filles de la Charit\u00e9\" \/>\n<meta property=\"og:description\" content=\"\u00a0\u00bb L&rsquo;amour est inventif \u00e0 l&rsquo;infini ! \u00a0\u00bb Cette phrase, prononc\u00e9e par Saint Vincent, faisant r\u00e9f\u00e9rence \u00e0 l&rsquo;inventivit\u00e9 de J\u00e9sus qui reste avec nous dans l&rsquo;Eucharistie, peut bien refl\u00e9ter la signification du projet \u00a0\u00bb Chemins vers l\u2019avenir \u00ab\u00a0. Ce projet est n\u00e9 de l&rsquo;\u00e9coute de la r\u00e9alit\u00e9 des enfants et des familles d\u00e9munies de notre [&hellip;]\" \/>\n<meta property=\"og:url\" content=\"https:\/\/filles-de-la-charite.org\/fr\/projet-chemins-vers-lavenir\/\" \/>\n<meta property=\"og:site_name\" content=\"Filles de la Charit\u00e9\" \/>\n<meta property=\"article:published_time\" content=\"2022-08-31T20:00:00+00:00\" \/>\n<meta property=\"article:modified_time\" content=\"2024-03-17T15:22:08+00:00\" \/>\n<meta property=\"og:image\" content=\"https:\/\/filles-de-la-charite.org\/wp-content\/uploads\/2023\/06\/Sao-Paulo-1.jpeg\" \/>\n\t<meta property=\"og:image:width\" content=\"1600\" \/>\n\t<meta property=\"og:image:height\" content=\"1200\" \/>\n\t<meta property=\"og:image:type\" content=\"image\/jpeg\" \/>\n<meta name=\"author\" content=\"admin\" \/>\n<meta name=\"twitter:card\" content=\"summary_large_image\" \/>\n<meta name=\"twitter:label1\" content=\"\u00c9crit par\" \/>\n\t<meta name=\"twitter:data1\" content=\"admin\" \/>\n\t<meta name=\"twitter:label2\" content=\"Dur\u00e9e de lecture estim\u00e9e\" \/>\n\t<meta name=\"twitter:data2\" content=\"3 minutes\" \/>\n<script type=\"application\/ld+json\" class=\"yoast-schema-graph\">{\"@context\":\"https:\\\/\\\/schema.org\",\"@graph\":[{\"@type\":\"Article\",\"@id\":\"https:\\\/\\\/filles-de-la-charite.org\\\/fr\\\/projet-chemins-vers-lavenir\\\/#article\",\"isPartOf\":{\"@id\":\"https:\\\/\\\/filles-de-la-charite.org\\\/fr\\\/projet-chemins-vers-lavenir\\\/\"},\"author\":{\"name\":\"admin\",\"@id\":\"https:\\\/\\\/filles-de-la-charite.org\\\/fr\\\/#\\\/schema\\\/person\\\/427567b2eccfc2dd7d206da186a1f438\"},\"headline\":\"Projet \u00ab\u00a0Chemins vers l\u2019avenir \u00ab\u00a0\",\"datePublished\":\"2022-08-31T20:00:00+00:00\",\"dateModified\":\"2024-03-17T15:22:08+00:00\",\"mainEntityOfPage\":{\"@id\":\"https:\\\/\\\/filles-de-la-charite.org\\\/fr\\\/projet-chemins-vers-lavenir\\\/\"},\"wordCount\":584,\"publisher\":{\"@id\":\"https:\\\/\\\/filles-de-la-charite.org\\\/fr\\\/#organization\"},\"image\":{\"@id\":\"https:\\\/\\\/filles-de-la-charite.org\\\/fr\\\/projet-chemins-vers-lavenir\\\/#primaryimage\"},\"thumbnailUrl\":\"https:\\\/\\\/filles-de-la-charite.org\\\/wp-content\\\/uploads\\\/2023\\\/06\\\/Sao-Paulo-1.jpeg\",\"articleSection\":[\"Province de S\u00e3o Paulo, Br\u00e9sil\"],\"inLanguage\":\"fr-FR\"},{\"@type\":\"WebPage\",\"@id\":\"https:\\\/\\\/filles-de-la-charite.org\\\/fr\\\/projet-chemins-vers-lavenir\\\/\",\"url\":\"https:\\\/\\\/filles-de-la-charite.org\\\/fr\\\/projet-chemins-vers-lavenir\\\/\",\"name\":\"Projet \\\"Chemins vers l\u2019avenir \\\" - Filles de la Charit\u00e9\",\"isPartOf\":{\"@id\":\"https:\\\/\\\/filles-de-la-charite.org\\\/fr\\\/#website\"},\"primaryImageOfPage\":{\"@id\":\"https:\\\/\\\/filles-de-la-charite.org\\\/fr\\\/projet-chemins-vers-lavenir\\\/#primaryimage\"},\"image\":{\"@id\":\"https:\\\/\\\/filles-de-la-charite.org\\\/fr\\\/projet-chemins-vers-lavenir\\\/#primaryimage\"},\"thumbnailUrl\":\"https:\\\/\\\/filles-de-la-charite.org\\\/wp-content\\\/uploads\\\/2023\\\/06\\\/Sao-Paulo-1.jpeg\",\"datePublished\":\"2022-08-31T20:00:00+00:00\",\"dateModified\":\"2024-03-17T15:22:08+00:00\",\"breadcrumb\":{\"@id\":\"https:\\\/\\\/filles-de-la-charite.org\\\/fr\\\/projet-chemins-vers-lavenir\\\/#breadcrumb\"},\"inLanguage\":\"fr-FR\",\"potentialAction\":[{\"@type\":\"ReadAction\",\"target\":[\"https:\\\/\\\/filles-de-la-charite.org\\\/fr\\\/projet-chemins-vers-lavenir\\\/\"]}]},{\"@type\":\"ImageObject\",\"inLanguage\":\"fr-FR\",\"@id\":\"https:\\\/\\\/filles-de-la-charite.org\\\/fr\\\/projet-chemins-vers-lavenir\\\/#primaryimage\",\"url\":\"https:\\\/\\\/filles-de-la-charite.org\\\/wp-content\\\/uploads\\\/2023\\\/06\\\/Sao-Paulo-1.jpeg\",\"contentUrl\":\"https:\\\/\\\/filles-de-la-charite.org\\\/wp-content\\\/uploads\\\/2023\\\/06\\\/Sao-Paulo-1.jpeg\",\"width\":1600,\"height\":1200},{\"@type\":\"BreadcrumbList\",\"@id\":\"https:\\\/\\\/filles-de-la-charite.org\\\/fr\\\/projet-chemins-vers-lavenir\\\/#breadcrumb\",\"itemListElement\":[{\"@type\":\"ListItem\",\"position\":1,\"name\":\"Province de S\u00e3o Paulo, Br\u00e9sil\",\"item\":\"https:\\\/\\\/filles-de-la-charite.org\\\/fr\\\/category\\\/province-de-sao-paulo-bresil-fr\\\/\"},{\"@type\":\"ListItem\",\"position\":2,\"name\":\"Projet \u00ab\u00a0Chemins vers l\u2019avenir \u00ab\u00a0\"}]},{\"@type\":\"WebSite\",\"@id\":\"https:\\\/\\\/filles-de-la-charite.org\\\/fr\\\/#website\",\"url\":\"https:\\\/\\\/filles-de-la-charite.org\\\/fr\\\/\",\"name\":\"Hijas de la Caridad\",\"description\":\"L\u2019amour de J\u00e9sus nous presse \u00e0 prendre soin des personnes les plus d\u00e9munies\",\"publisher\":{\"@id\":\"https:\\\/\\\/filles-de-la-charite.org\\\/fr\\\/#organization\"},\"potentialAction\":[{\"@type\":\"SearchAction\",\"target\":{\"@type\":\"EntryPoint\",\"urlTemplate\":\"https:\\\/\\\/filles-de-la-charite.org\\\/fr\\\/?s={search_term_string}\"},\"query-input\":{\"@type\":\"PropertyValueSpecification\",\"valueRequired\":true,\"valueName\":\"search_term_string\"}}],\"inLanguage\":\"fr-FR\"},{\"@type\":\"Organization\",\"@id\":\"https:\\\/\\\/filles-de-la-charite.org\\\/fr\\\/#organization\",\"name\":\"Hijas de la Caridad\",\"url\":\"https:\\\/\\\/filles-de-la-charite.org\\\/fr\\\/\",\"logo\":{\"@type\":\"ImageObject\",\"inLanguage\":\"fr-FR\",\"@id\":\"https:\\\/\\\/filles-de-la-charite.org\\\/fr\\\/#\\\/schema\\\/logo\\\/image\\\/\",\"url\":\"https:\\\/\\\/filles-de-la-charite.org\\\/wp-content\\\/uploads\\\/2023\\\/03\\\/isotipo-Hijas-de-la-Caridad.png\",\"contentUrl\":\"https:\\\/\\\/filles-de-la-charite.org\\\/wp-content\\\/uploads\\\/2023\\\/03\\\/isotipo-Hijas-de-la-Caridad.png\",\"width\":1417,\"height\":1417,\"caption\":\"Hijas de la Caridad\"},\"image\":{\"@id\":\"https:\\\/\\\/filles-de-la-charite.org\\\/fr\\\/#\\\/schema\\\/logo\\\/image\\\/\"}},{\"@type\":\"Person\",\"@id\":\"https:\\\/\\\/filles-de-la-charite.org\\\/fr\\\/#\\\/schema\\\/person\\\/427567b2eccfc2dd7d206da186a1f438\",\"name\":\"admin\",\"image\":{\"@type\":\"ImageObject\",\"inLanguage\":\"fr-FR\",\"@id\":\"https:\\\/\\\/secure.gravatar.com\\\/avatar\\\/948b492cce32b586ac2db0eaa926ee87024f7afe218d73b397ea5ddfc5f43ea1?s=96&d=mm&r=g\",\"url\":\"https:\\\/\\\/secure.gravatar.com\\\/avatar\\\/948b492cce32b586ac2db0eaa926ee87024f7afe218d73b397ea5ddfc5f43ea1?s=96&d=mm&r=g\",\"contentUrl\":\"https:\\\/\\\/secure.gravatar.com\\\/avatar\\\/948b492cce32b586ac2db0eaa926ee87024f7afe218d73b397ea5ddfc5f43ea1?s=96&d=mm&r=g\",\"caption\":\"admin\"},\"sameAs\":[\"https:\\\/\\\/filles-de-la-charite.org\"],\"url\":\"https:\\\/\\\/filles-de-la-charite.org\\\/fr\\\/author\\\/caridad\\\/\"}]}<\/script>\n<!-- \/ Yoast SEO plugin. -->","yoast_head_json":{"title":"Projet \"Chemins vers l\u2019avenir \" - Filles de la Charit\u00e9","robots":{"index":"index","follow":"follow","max-snippet":"max-snippet:-1","max-image-preview":"max-image-preview:large","max-video-preview":"max-video-preview:-1"},"canonical":"https:\/\/filles-de-la-charite.org\/fr\/projet-chemins-vers-lavenir\/","og_locale":"fr_FR","og_type":"article","og_title":"Projet \"Chemins vers l\u2019avenir \" - Filles de la Charit\u00e9","og_description":"\u00a0\u00bb L&rsquo;amour est inventif \u00e0 l&rsquo;infini ! \u00a0\u00bb Cette phrase, prononc\u00e9e par Saint Vincent, faisant r\u00e9f\u00e9rence \u00e0 l&rsquo;inventivit\u00e9 de J\u00e9sus qui reste avec nous dans l&rsquo;Eucharistie, peut bien refl\u00e9ter la signification du projet \u00a0\u00bb Chemins vers l\u2019avenir \u00ab\u00a0. Ce projet est n\u00e9 de l&rsquo;\u00e9coute de la r\u00e9alit\u00e9 des enfants et des familles d\u00e9munies de notre [&hellip;]","og_url":"https:\/\/filles-de-la-charite.org\/fr\/projet-chemins-vers-lavenir\/","og_site_name":"Filles de la Charit\u00e9","article_published_time":"2022-08-31T20:00:00+00:00","article_modified_time":"2024-03-17T15:22:08+00:00","og_image":[{"width":1600,"height":1200,"url":"https:\/\/filles-de-la-charite.org\/wp-content\/uploads\/2023\/06\/Sao-Paulo-1.jpeg","type":"image\/jpeg"}],"author":"admin","twitter_card":"summary_large_image","twitter_misc":{"\u00c9crit par":"admin","Dur\u00e9e de lecture estim\u00e9e":"3 minutes"},"schema":{"@context":"https:\/\/schema.org","@graph":[{"@type":"Article","@id":"https:\/\/filles-de-la-charite.org\/fr\/projet-chemins-vers-lavenir\/#article","isPartOf":{"@id":"https:\/\/filles-de-la-charite.org\/fr\/projet-chemins-vers-lavenir\/"},"author":{"name":"admin","@id":"https:\/\/filles-de-la-charite.org\/fr\/#\/schema\/person\/427567b2eccfc2dd7d206da186a1f438"},"headline":"Projet \u00ab\u00a0Chemins vers l\u2019avenir \u00ab\u00a0","datePublished":"2022-08-31T20:00:00+00:00","dateModified":"2024-03-17T15:22:08+00:00","mainEntityOfPage":{"@id":"https:\/\/filles-de-la-charite.org\/fr\/projet-chemins-vers-lavenir\/"},"wordCount":584,"publisher":{"@id":"https:\/\/filles-de-la-charite.org\/fr\/#organization"},"image":{"@id":"https:\/\/filles-de-la-charite.org\/fr\/projet-chemins-vers-lavenir\/#primaryimage"},"thumbnailUrl":"https:\/\/filles-de-la-charite.org\/wp-content\/uploads\/2023\/06\/Sao-Paulo-1.jpeg","articleSection":["Province de S\u00e3o Paulo, Br\u00e9sil"],"inLanguage":"fr-FR"},{"@type":"WebPage","@id":"https:\/\/filles-de-la-charite.org\/fr\/projet-chemins-vers-lavenir\/","url":"https:\/\/filles-de-la-charite.org\/fr\/projet-chemins-vers-lavenir\/","name":"Projet \"Chemins vers l\u2019avenir \" - Filles de la Charit\u00e9","isPartOf":{"@id":"https:\/\/filles-de-la-charite.org\/fr\/#website"},"primaryImageOfPage":{"@id":"https:\/\/filles-de-la-charite.org\/fr\/projet-chemins-vers-lavenir\/#primaryimage"},"image":{"@id":"https:\/\/filles-de-la-charite.org\/fr\/projet-chemins-vers-lavenir\/#primaryimage"},"thumbnailUrl":"https:\/\/filles-de-la-charite.org\/wp-content\/uploads\/2023\/06\/Sao-Paulo-1.jpeg","datePublished":"2022-08-31T20:00:00+00:00","dateModified":"2024-03-17T15:22:08+00:00","breadcrumb":{"@id":"https:\/\/filles-de-la-charite.org\/fr\/projet-chemins-vers-lavenir\/#breadcrumb"},"inLanguage":"fr-FR","potentialAction":[{"@type":"ReadAction","target":["https:\/\/filles-de-la-charite.org\/fr\/projet-chemins-vers-lavenir\/"]}]},{"@type":"ImageObject","inLanguage":"fr-FR","@id":"https:\/\/filles-de-la-charite.org\/fr\/projet-chemins-vers-lavenir\/#primaryimage","url":"https:\/\/filles-de-la-charite.org\/wp-content\/uploads\/2023\/06\/Sao-Paulo-1.jpeg","contentUrl":"https:\/\/filles-de-la-charite.org\/wp-content\/uploads\/2023\/06\/Sao-Paulo-1.jpeg","width":1600,"height":1200},{"@type":"BreadcrumbList","@id":"https:\/\/filles-de-la-charite.org\/fr\/projet-chemins-vers-lavenir\/#breadcrumb","itemListElement":[{"@type":"ListItem","position":1,"name":"Province de S\u00e3o Paulo, Br\u00e9sil","item":"https:\/\/filles-de-la-charite.org\/fr\/category\/province-de-sao-paulo-bresil-fr\/"},{"@type":"ListItem","position":2,"name":"Projet \u00ab\u00a0Chemins vers l\u2019avenir \u00ab\u00a0"}]},{"@type":"WebSite","@id":"https:\/\/filles-de-la-charite.org\/fr\/#website","url":"https:\/\/filles-de-la-charite.org\/fr\/","name":"Hijas de la Caridad","description":"L\u2019amour de J\u00e9sus nous presse \u00e0 prendre soin des personnes les plus d\u00e9munies","publisher":{"@id":"https:\/\/filles-de-la-charite.org\/fr\/#organization"},"potentialAction":[{"@type":"SearchAction","target":{"@type":"EntryPoint","urlTemplate":"https:\/\/filles-de-la-charite.org\/fr\/?s={search_term_string}"},"query-input":{"@type":"PropertyValueSpecification","valueRequired":true,"valueName":"search_term_string"}}],"inLanguage":"fr-FR"},{"@type":"Organization","@id":"https:\/\/filles-de-la-charite.org\/fr\/#organization","name":"Hijas de la Caridad","url":"https:\/\/filles-de-la-charite.org\/fr\/","logo":{"@type":"ImageObject","inLanguage":"fr-FR","@id":"https:\/\/filles-de-la-charite.org\/fr\/#\/schema\/logo\/image\/","url":"https:\/\/filles-de-la-charite.org\/wp-content\/uploads\/2023\/03\/isotipo-Hijas-de-la-Caridad.png","contentUrl":"https:\/\/filles-de-la-charite.org\/wp-content\/uploads\/2023\/03\/isotipo-Hijas-de-la-Caridad.png","width":1417,"height":1417,"caption":"Hijas de la Caridad"},"image":{"@id":"https:\/\/filles-de-la-charite.org\/fr\/#\/schema\/logo\/image\/"}},{"@type":"Person","@id":"https:\/\/filles-de-la-charite.org\/fr\/#\/schema\/person\/427567b2eccfc2dd7d206da186a1f438","name":"admin","image":{"@type":"ImageObject","inLanguage":"fr-FR","@id":"https:\/\/secure.gravatar.com\/avatar\/948b492cce32b586ac2db0eaa926ee87024f7afe218d73b397ea5ddfc5f43ea1?s=96&d=mm&r=g","url":"https:\/\/secure.gravatar.com\/avatar\/948b492cce32b586ac2db0eaa926ee87024f7afe218d73b397ea5ddfc5f43ea1?s=96&d=mm&r=g","contentUrl":"https:\/\/secure.gravatar.com\/avatar\/948b492cce32b586ac2db0eaa926ee87024f7afe218d73b397ea5ddfc5f43ea1?s=96&d=mm&r=g","caption":"admin"},"sameAs":["https:\/\/filles-de-la-charite.org"],"url":"https:\/\/filles-de-la-charite.org\/fr\/author\/caridad\/"}]}},"_links":{"self":[{"href":"https:\/\/filles-de-la-charite.org\/fr\/wp-json\/wp\/v2\/posts\/22665","targetHints":{"allow":["GET"]}}],"collection":[{"href":"https:\/\/filles-de-la-charite.org\/fr\/wp-json\/wp\/v2\/posts"}],"about":[{"href":"https:\/\/filles-de-la-charite.org\/fr\/wp-json\/wp\/v2\/types\/post"}],"author":[{"embeddable":true,"href":"https:\/\/filles-de-la-charite.org\/fr\/wp-json\/wp\/v2\/users\/1"}],"replies":[{"embeddable":true,"href":"https:\/\/filles-de-la-charite.org\/fr\/wp-json\/wp\/v2\/comments?post=22665"}],"version-history":[{"count":1,"href":"https:\/\/filles-de-la-charite.org\/fr\/wp-json\/wp\/v2\/posts\/22665\/revisions"}],"predecessor-version":[{"id":22666,"href":"https:\/\/filles-de-la-charite.org\/fr\/wp-json\/wp\/v2\/posts\/22665\/revisions\/22666"}],"wp:featuredmedia":[{"embeddable":true,"href":"https:\/\/filles-de-la-charite.org\/fr\/wp-json\/wp\/v2\/media\/17069"}],"wp:attachment":[{"href":"https:\/\/filles-de-la-charite.org\/fr\/wp-json\/wp\/v2\/media?parent=22665"}],"wp:term":[{"taxonomy":"category","embeddable":true,"href":"https:\/\/filles-de-la-charite.org\/fr\/wp-json\/wp\/v2\/categories?post=22665"},{"taxonomy":"post_tag","embeddable":true,"href":"https:\/\/filles-de-la-charite.org\/fr\/wp-json\/wp\/v2\/tags?post=22665"}],"curies":[{"name":"wp","href":"https:\/\/api.w.org\/{rel}","templated":true}]}}