{"id":22678,"date":"2022-10-31T23:00:00","date_gmt":"2022-10-31T22:00:00","guid":{"rendered":"https:\/\/hijascaridad.sjdigitaldemo.ovh\/formation-des-gouvernantes\/"},"modified":"2024-03-17T16:20:54","modified_gmt":"2024-03-17T15:20:54","slug":"formation-des-gouvernantes","status":"publish","type":"post","link":"https:\/\/filles-de-la-charite.org\/fr\/formation-des-gouvernantes\/","title":{"rendered":"Formation des Gouvernantes"},"content":{"rendered":"\n<div class=\"wp-block-image\"><figure class=\"aligncenter size-large\"><img decoding=\"async\" src=\"https:\/\/filles-de-la-charite.org\/wp-content\/uploads\/2023\/06\/1-FR-1024x768-1.jpg\" alt=\"\" class=\"wp-image-71813\" \/><\/figure><\/div>\n\n\n\n<p>En 2005, 30 ans apr\u00e8s la r\u00e9unification, le besoin d&#8217;emploi au Vietnam \u00e9tait tr\u00e8s aigu puisque la population luttait pour devenir \u00e9conomiquement autosuffisante.&nbsp; R\u00e9pondant \u00e0 cette aspiration louable, les Filles de la Charit\u00e9 (FDLC) ont accept\u00e9 l&rsquo;invitation des Pr\u00eatres de Don Bosco \u00e0 se joindre \u00e0 eux pour g\u00e9rer le d\u00e9partement de formation professionnelle des femmes du coll\u00e8ge technique pour adultes de Phuoc Loc.&nbsp; Suivant l&rsquo;exemple de la Bienheureuse Rosalie Rendu, les Filles de la Charit\u00e9 se sont ensuite occup\u00e9es de la formation des jeunes femmes qui avaient abandonn\u00e9 leurs \u00e9tudes secondaires \u00e0 cause de la pauvret\u00e9.<\/p>\n\n\n\n<div class=\"wp-block-image\"><figure class=\"aligncenter size-large\"><img decoding=\"async\" src=\"https:\/\/filles-de-la-charite.org\/wp-content\/uploads\/2023\/06\/3-FR-1024x768-1.jpg\" alt=\"\" class=\"wp-image-71815\" \/><\/figure><\/div>\n\n\n\n<p>Le programme de formation a \u00e9t\u00e9 lanc\u00e9 par les Filles de la Charit\u00e9 du centre de service social provincial. Apr\u00e8s une courte p\u00e9riode d&rsquo;enqu\u00eate et d&rsquo;\u00e9tude, le Conseil provincial a approuv\u00e9 l&rsquo;ouverture du programme de formation pour les femmes de m\u00e9nage \/ gouvernantes au Coll\u00e8ge technique de Phuoc Loc (PL).<\/p>\n\n\n\n<div class=\"wp-block-image\"><figure class=\"aligncenter size-large\"><img decoding=\"async\" src=\"https:\/\/filles-de-la-charite.org\/wp-content\/uploads\/2023\/06\/2-FR-1024x768-1.jpg\" alt=\"\" class=\"wp-image-71814\" \/><\/figure><\/div>\n\n\n\n<p>Ce programme de formation a \u00e9t\u00e9 sp\u00e9cialement con\u00e7u pour les femmes montagnardes et des zones rurales pour une dur\u00e9e d&rsquo;un an.&nbsp; Les \u00e9tudiantes sont tenues de r\u00e9sider sur le lieu de formation, avec un accompagnement appropri\u00e9, afin de garantir une \u00e9ducation chr\u00e9tienne avec son appr\u00e9ciation des droits de l&rsquo;homme et d&rsquo;autres valeurs : justice, solidarit\u00e9, respect de la vie et de l&rsquo;environnement. La formation comprend un stage de service d&rsquo;alimentation et de vie domestique dans une cantine \u00e9tablie qui accueille 200 \u00e0 300 \u00e9l\u00e8ves pour un service r\u00e9gulier de 3 repas par jour.<\/p>\n\n\n\n<div class=\"wp-block-image\"><figure class=\"aligncenter size-large\"><img decoding=\"async\" src=\"https:\/\/filles-de-la-charite.org\/wp-content\/uploads\/2023\/06\/5-FR-1024x768-1.jpg\" alt=\"\" class=\"wp-image-71817\" \/><\/figure><\/div>\n\n\n\n<p>Les dipl\u00f4m\u00e9es re\u00e7oivent du gouvernement un certificat officiel pour un emploi professionnel, des salaires convenables et une protection juridique gr\u00e2ce \u00e0 un contrat de travail qui emp\u00eache les abus.<\/p>\n\n\n\n<div class=\"wp-block-image\"><figure class=\"aligncenter size-large\"><img decoding=\"async\" src=\"https:\/\/filles-de-la-charite.org\/wp-content\/uploads\/2023\/06\/4-FR-1024x768-1.jpg\" alt=\"\" class=\"wp-image-71816\" \/><\/figure><\/div>\n\n\n\n<p>Les dipl\u00f4m\u00e9s s&rsquo;organisent en un Club o\u00f9 la formation continue est dispens\u00e9e \u00e0 ses membres lors d&rsquo;une r\u00e9union mensuelle r\u00e9guli\u00e8re, fix\u00e9e \u00e0 un dimanche. (Un Club comprend environ 40-60 membres.) Ils commencent leur r\u00e9union mensuelle dans l&rsquo;enceinte de la Maison Provinciale de la DC par la c\u00e9l\u00e9bration de la Sainte Eucharistie, pr\u00e9c\u00e9d\u00e9e de la r\u00e9ception du Sacrement de la R\u00e9conciliation et suivie du cat\u00e9chisme. Le Club est autofinanc\u00e9.<\/p>\n\n\n\n<div class=\"wp-block-image\"><figure class=\"aligncenter size-large\"><img decoding=\"async\" src=\"https:\/\/filles-de-la-charite.org\/wp-content\/uploads\/2023\/06\/6-FR-1024x458-1.jpg\" alt=\"\" class=\"wp-image-71858\" \/><\/figure><\/div>\n\n\n\n<p>La plupart des gouvernantes s&rsquo;engagent \u00e0 passer environ 3 \u00e0 5 ans \u00e0 travailler dans ce Club de travail avant de retourner dans leur ville natale.&nbsp; En plus de gagner un bon salaire, elles se concentrent \u00e9galement sur :<\/p>\n\n\n\n<ul class=\"wp-block-list\"><li>la maturit\u00e9 spirituelle et socio-intellectuelle ;<\/li><li>l&rsquo;obtention d&rsquo;un dipl\u00f4me d&rsquo;\u00e9tudes secondaires ou d&rsquo;un dipl\u00f4me d&rsquo;\u00e9tudes sup\u00e9rieures;<\/li><li>l&rsquo;\u00e9pargne, les comp\u00e9tences de vie et l&rsquo;am\u00e9lioration des performances en mati\u00e8re d&rsquo;\u00e9conomie domestique.<\/li><\/ul>\n\n\n\n<p>Ceci afin de garantir le succ\u00e8s dans la gestion \u00e9ventuelle de leur future famille.<\/p>\n\n\n\n<div class=\"wp-block-image\"><figure class=\"aligncenter size-large\"><img decoding=\"async\" src=\"https:\/\/filles-de-la-charite.org\/wp-content\/uploads\/2023\/06\/8-FR-1024x466-1.jpg\" alt=\"\" class=\"wp-image-71859\" \/><\/figure><\/div>\n\n\n\n<p>Les gouvernantes sont conscientes de leur devoir, en tant que catholiques, de vivre et de diffuser l&rsquo;\u00c9vangile aupr\u00e8s de leurs employeurs et d&rsquo;autres personnes, pour la plupart non chr\u00e9tiennes.&nbsp; Elles sont \u00e9galement conscientes de leur responsabilit\u00e9 de vivre en solidarit\u00e9 avec les pauvres. C&rsquo;est pourquoi elles participent r\u00e9guli\u00e8rement \u00e0 des missions humanitaires avec les Filles de la Charit\u00e9.<\/p>\n\n\n\n<p><em>S\u0153ur Pascale L\u00ea Thi Triu, fdlc<\/em><\/p>\n\n\n\n<div class=\"wp-block-image\"><figure class=\"aligncenter size-large\"><img decoding=\"async\" src=\"https:\/\/filles-de-la-charite.org\/wp-content\/uploads\/2023\/06\/Photo-1-FR-1024x768-1.jpg\" alt=\"\" class=\"wp-image-71810\" \/><\/figure><\/div>\n\n\n\n<div class=\"wp-block-image\"><figure class=\"aligncenter size-large\"><img decoding=\"async\" src=\"https:\/\/filles-de-la-charite.org\/wp-content\/uploads\/2023\/06\/Photo-2-FR-1024x768-1.jpg\" alt=\"\" class=\"wp-image-71811\" \/><\/figure><\/div>\n\n\n\n<div class=\"wp-block-image\"><figure class=\"aligncenter size-large\"><img decoding=\"async\" src=\"https:\/\/filles-de-la-charite.org\/wp-content\/uploads\/2023\/06\/Photo-3-FR-1024x768-1.jpg\" alt=\"\" class=\"wp-image-71812\" \/><\/figure><\/div>\n","protected":false},"excerpt":{"rendered":"<p>En 2005, 30 ans apr\u00e8s la r\u00e9unification, le besoin d&#8217;emploi au Vietnam \u00e9tait tr\u00e8s aigu puisque la population luttait pour devenir \u00e9conomiquement autosuffisante.&nbsp; R\u00e9pondant \u00e0 cette aspiration louable, les Filles de la Charit\u00e9 (FDLC) ont accept\u00e9 l&rsquo;invitation des Pr\u00eatres de Don Bosco \u00e0 se joindre \u00e0 eux pour g\u00e9rer le d\u00e9partement de formation professionnelle des [&hellip;]<\/p>\n","protected":false},"author":1,"featured_media":17232,"comment_status":"closed","ping_status":"closed","sticky":false,"template":"","format":"standard","meta":{"_acf_changed":false,"_et_pb_use_builder":"","_et_pb_old_content":"","_et_gb_content_width":"","footnotes":"","_links_to":"","_links_to_target":""},"categories":[648],"tags":[],"class_list":["post-22678","post","type-post","status-publish","format-standard","has-post-thumbnail","hentry","category-province-du-vietnam-fr"],"acf":[],"yoast_head":"<!-- This site is optimized with the Yoast SEO plugin v27.5 - https:\/\/yoast.com\/product\/yoast-seo-wordpress\/ -->\n<title>Formation des Gouvernantes - Filles de la Charit\u00e9<\/title>\n<meta name=\"robots\" content=\"index, follow, max-snippet:-1, max-image-preview:large, max-video-preview:-1\" \/>\n<link rel=\"canonical\" href=\"https:\/\/filles-de-la-charite.org\/fr\/formation-des-gouvernantes\/\" \/>\n<meta property=\"og:locale\" content=\"fr_FR\" \/>\n<meta property=\"og:type\" content=\"article\" \/>\n<meta property=\"og:title\" content=\"Formation des Gouvernantes - Filles de la Charit\u00e9\" \/>\n<meta property=\"og:description\" content=\"En 2005, 30 ans apr\u00e8s la r\u00e9unification, le besoin d&#8217;emploi au Vietnam \u00e9tait tr\u00e8s aigu puisque la population luttait pour devenir \u00e9conomiquement autosuffisante.&nbsp; R\u00e9pondant \u00e0 cette aspiration louable, les Filles de la Charit\u00e9 (FDLC) ont accept\u00e9 l&rsquo;invitation des Pr\u00eatres de Don Bosco \u00e0 se joindre \u00e0 eux pour g\u00e9rer le d\u00e9partement de formation professionnelle des [&hellip;]\" \/>\n<meta property=\"og:url\" content=\"https:\/\/filles-de-la-charite.org\/fr\/formation-des-gouvernantes\/\" \/>\n<meta property=\"og:site_name\" content=\"Filles de la Charit\u00e9\" \/>\n<meta property=\"article:published_time\" content=\"2022-10-31T22:00:00+00:00\" \/>\n<meta property=\"article:modified_time\" content=\"2024-03-17T15:20:54+00:00\" \/>\n<meta property=\"og:image\" content=\"https:\/\/filles-de-la-charite.org\/wp-content\/uploads\/2023\/06\/9inline.jpg\" \/>\n\t<meta property=\"og:image:width\" content=\"1266\" \/>\n\t<meta property=\"og:image:height\" content=\"553\" \/>\n\t<meta property=\"og:image:type\" content=\"image\/jpeg\" \/>\n<meta name=\"author\" content=\"admin\" \/>\n<meta name=\"twitter:card\" content=\"summary_large_image\" \/>\n<meta name=\"twitter:label1\" content=\"\u00c9crit par\" \/>\n\t<meta name=\"twitter:data1\" content=\"admin\" \/>\n\t<meta name=\"twitter:label2\" content=\"Dur\u00e9e de lecture estim\u00e9e\" \/>\n\t<meta name=\"twitter:data2\" content=\"3 minutes\" \/>\n<script type=\"application\/ld+json\" class=\"yoast-schema-graph\">{\"@context\":\"https:\\\/\\\/schema.org\",\"@graph\":[{\"@type\":\"Article\",\"@id\":\"https:\\\/\\\/filles-de-la-charite.org\\\/fr\\\/formation-des-gouvernantes\\\/#article\",\"isPartOf\":{\"@id\":\"https:\\\/\\\/filles-de-la-charite.org\\\/fr\\\/formation-des-gouvernantes\\\/\"},\"author\":{\"name\":\"admin\",\"@id\":\"https:\\\/\\\/filles-de-la-charite.org\\\/fr\\\/#\\\/schema\\\/person\\\/427567b2eccfc2dd7d206da186a1f438\"},\"headline\":\"Formation des Gouvernantes\",\"datePublished\":\"2022-10-31T22:00:00+00:00\",\"dateModified\":\"2024-03-17T15:20:54+00:00\",\"mainEntityOfPage\":{\"@id\":\"https:\\\/\\\/filles-de-la-charite.org\\\/fr\\\/formation-des-gouvernantes\\\/\"},\"wordCount\":549,\"publisher\":{\"@id\":\"https:\\\/\\\/filles-de-la-charite.org\\\/fr\\\/#organization\"},\"image\":{\"@id\":\"https:\\\/\\\/filles-de-la-charite.org\\\/fr\\\/formation-des-gouvernantes\\\/#primaryimage\"},\"thumbnailUrl\":\"https:\\\/\\\/filles-de-la-charite.org\\\/wp-content\\\/uploads\\\/2023\\\/06\\\/9inline.jpg\",\"articleSection\":[\"Province du Vietnam\"],\"inLanguage\":\"fr-FR\"},{\"@type\":\"WebPage\",\"@id\":\"https:\\\/\\\/filles-de-la-charite.org\\\/fr\\\/formation-des-gouvernantes\\\/\",\"url\":\"https:\\\/\\\/filles-de-la-charite.org\\\/fr\\\/formation-des-gouvernantes\\\/\",\"name\":\"Formation des Gouvernantes - Filles de la Charit\u00e9\",\"isPartOf\":{\"@id\":\"https:\\\/\\\/filles-de-la-charite.org\\\/fr\\\/#website\"},\"primaryImageOfPage\":{\"@id\":\"https:\\\/\\\/filles-de-la-charite.org\\\/fr\\\/formation-des-gouvernantes\\\/#primaryimage\"},\"image\":{\"@id\":\"https:\\\/\\\/filles-de-la-charite.org\\\/fr\\\/formation-des-gouvernantes\\\/#primaryimage\"},\"thumbnailUrl\":\"https:\\\/\\\/filles-de-la-charite.org\\\/wp-content\\\/uploads\\\/2023\\\/06\\\/9inline.jpg\",\"datePublished\":\"2022-10-31T22:00:00+00:00\",\"dateModified\":\"2024-03-17T15:20:54+00:00\",\"breadcrumb\":{\"@id\":\"https:\\\/\\\/filles-de-la-charite.org\\\/fr\\\/formation-des-gouvernantes\\\/#breadcrumb\"},\"inLanguage\":\"fr-FR\",\"potentialAction\":[{\"@type\":\"ReadAction\",\"target\":[\"https:\\\/\\\/filles-de-la-charite.org\\\/fr\\\/formation-des-gouvernantes\\\/\"]}]},{\"@type\":\"ImageObject\",\"inLanguage\":\"fr-FR\",\"@id\":\"https:\\\/\\\/filles-de-la-charite.org\\\/fr\\\/formation-des-gouvernantes\\\/#primaryimage\",\"url\":\"https:\\\/\\\/filles-de-la-charite.org\\\/wp-content\\\/uploads\\\/2023\\\/06\\\/9inline.jpg\",\"contentUrl\":\"https:\\\/\\\/filles-de-la-charite.org\\\/wp-content\\\/uploads\\\/2023\\\/06\\\/9inline.jpg\",\"width\":1266,\"height\":553},{\"@type\":\"BreadcrumbList\",\"@id\":\"https:\\\/\\\/filles-de-la-charite.org\\\/fr\\\/formation-des-gouvernantes\\\/#breadcrumb\",\"itemListElement\":[{\"@type\":\"ListItem\",\"position\":1,\"name\":\"Province du Vietnam\",\"item\":\"https:\\\/\\\/filles-de-la-charite.org\\\/fr\\\/category\\\/province-du-vietnam-fr\\\/\"},{\"@type\":\"ListItem\",\"position\":2,\"name\":\"Formation des Gouvernantes\"}]},{\"@type\":\"WebSite\",\"@id\":\"https:\\\/\\\/filles-de-la-charite.org\\\/fr\\\/#website\",\"url\":\"https:\\\/\\\/filles-de-la-charite.org\\\/fr\\\/\",\"name\":\"Hijas de la Caridad\",\"description\":\"L\u2019amour de J\u00e9sus nous presse \u00e0 prendre soin des personnes les plus d\u00e9munies\",\"publisher\":{\"@id\":\"https:\\\/\\\/filles-de-la-charite.org\\\/fr\\\/#organization\"},\"potentialAction\":[{\"@type\":\"SearchAction\",\"target\":{\"@type\":\"EntryPoint\",\"urlTemplate\":\"https:\\\/\\\/filles-de-la-charite.org\\\/fr\\\/?s={search_term_string}\"},\"query-input\":{\"@type\":\"PropertyValueSpecification\",\"valueRequired\":true,\"valueName\":\"search_term_string\"}}],\"inLanguage\":\"fr-FR\"},{\"@type\":\"Organization\",\"@id\":\"https:\\\/\\\/filles-de-la-charite.org\\\/fr\\\/#organization\",\"name\":\"Hijas de la Caridad\",\"url\":\"https:\\\/\\\/filles-de-la-charite.org\\\/fr\\\/\",\"logo\":{\"@type\":\"ImageObject\",\"inLanguage\":\"fr-FR\",\"@id\":\"https:\\\/\\\/filles-de-la-charite.org\\\/fr\\\/#\\\/schema\\\/logo\\\/image\\\/\",\"url\":\"https:\\\/\\\/filles-de-la-charite.org\\\/wp-content\\\/uploads\\\/2023\\\/03\\\/isotipo-Hijas-de-la-Caridad.png\",\"contentUrl\":\"https:\\\/\\\/filles-de-la-charite.org\\\/wp-content\\\/uploads\\\/2023\\\/03\\\/isotipo-Hijas-de-la-Caridad.png\",\"width\":1417,\"height\":1417,\"caption\":\"Hijas de la Caridad\"},\"image\":{\"@id\":\"https:\\\/\\\/filles-de-la-charite.org\\\/fr\\\/#\\\/schema\\\/logo\\\/image\\\/\"}},{\"@type\":\"Person\",\"@id\":\"https:\\\/\\\/filles-de-la-charite.org\\\/fr\\\/#\\\/schema\\\/person\\\/427567b2eccfc2dd7d206da186a1f438\",\"name\":\"admin\",\"image\":{\"@type\":\"ImageObject\",\"inLanguage\":\"fr-FR\",\"@id\":\"https:\\\/\\\/secure.gravatar.com\\\/avatar\\\/948b492cce32b586ac2db0eaa926ee87024f7afe218d73b397ea5ddfc5f43ea1?s=96&d=mm&r=g\",\"url\":\"https:\\\/\\\/secure.gravatar.com\\\/avatar\\\/948b492cce32b586ac2db0eaa926ee87024f7afe218d73b397ea5ddfc5f43ea1?s=96&d=mm&r=g\",\"contentUrl\":\"https:\\\/\\\/secure.gravatar.com\\\/avatar\\\/948b492cce32b586ac2db0eaa926ee87024f7afe218d73b397ea5ddfc5f43ea1?s=96&d=mm&r=g\",\"caption\":\"admin\"},\"sameAs\":[\"https:\\\/\\\/filles-de-la-charite.org\"],\"url\":\"https:\\\/\\\/filles-de-la-charite.org\\\/fr\\\/author\\\/caridad\\\/\"}]}<\/script>\n<!-- \/ Yoast SEO plugin. -->","yoast_head_json":{"title":"Formation des Gouvernantes - Filles de la Charit\u00e9","robots":{"index":"index","follow":"follow","max-snippet":"max-snippet:-1","max-image-preview":"max-image-preview:large","max-video-preview":"max-video-preview:-1"},"canonical":"https:\/\/filles-de-la-charite.org\/fr\/formation-des-gouvernantes\/","og_locale":"fr_FR","og_type":"article","og_title":"Formation des Gouvernantes - Filles de la Charit\u00e9","og_description":"En 2005, 30 ans apr\u00e8s la r\u00e9unification, le besoin d&#8217;emploi au Vietnam \u00e9tait tr\u00e8s aigu puisque la population luttait pour devenir \u00e9conomiquement autosuffisante.&nbsp; R\u00e9pondant \u00e0 cette aspiration louable, les Filles de la Charit\u00e9 (FDLC) ont accept\u00e9 l&rsquo;invitation des Pr\u00eatres de Don Bosco \u00e0 se joindre \u00e0 eux pour g\u00e9rer le d\u00e9partement de formation professionnelle des [&hellip;]","og_url":"https:\/\/filles-de-la-charite.org\/fr\/formation-des-gouvernantes\/","og_site_name":"Filles de la Charit\u00e9","article_published_time":"2022-10-31T22:00:00+00:00","article_modified_time":"2024-03-17T15:20:54+00:00","og_image":[{"width":1266,"height":553,"url":"https:\/\/filles-de-la-charite.org\/wp-content\/uploads\/2023\/06\/9inline.jpg","type":"image\/jpeg"}],"author":"admin","twitter_card":"summary_large_image","twitter_misc":{"\u00c9crit par":"admin","Dur\u00e9e de lecture estim\u00e9e":"3 minutes"},"schema":{"@context":"https:\/\/schema.org","@graph":[{"@type":"Article","@id":"https:\/\/filles-de-la-charite.org\/fr\/formation-des-gouvernantes\/#article","isPartOf":{"@id":"https:\/\/filles-de-la-charite.org\/fr\/formation-des-gouvernantes\/"},"author":{"name":"admin","@id":"https:\/\/filles-de-la-charite.org\/fr\/#\/schema\/person\/427567b2eccfc2dd7d206da186a1f438"},"headline":"Formation des Gouvernantes","datePublished":"2022-10-31T22:00:00+00:00","dateModified":"2024-03-17T15:20:54+00:00","mainEntityOfPage":{"@id":"https:\/\/filles-de-la-charite.org\/fr\/formation-des-gouvernantes\/"},"wordCount":549,"publisher":{"@id":"https:\/\/filles-de-la-charite.org\/fr\/#organization"},"image":{"@id":"https:\/\/filles-de-la-charite.org\/fr\/formation-des-gouvernantes\/#primaryimage"},"thumbnailUrl":"https:\/\/filles-de-la-charite.org\/wp-content\/uploads\/2023\/06\/9inline.jpg","articleSection":["Province du Vietnam"],"inLanguage":"fr-FR"},{"@type":"WebPage","@id":"https:\/\/filles-de-la-charite.org\/fr\/formation-des-gouvernantes\/","url":"https:\/\/filles-de-la-charite.org\/fr\/formation-des-gouvernantes\/","name":"Formation des Gouvernantes - Filles de la Charit\u00e9","isPartOf":{"@id":"https:\/\/filles-de-la-charite.org\/fr\/#website"},"primaryImageOfPage":{"@id":"https:\/\/filles-de-la-charite.org\/fr\/formation-des-gouvernantes\/#primaryimage"},"image":{"@id":"https:\/\/filles-de-la-charite.org\/fr\/formation-des-gouvernantes\/#primaryimage"},"thumbnailUrl":"https:\/\/filles-de-la-charite.org\/wp-content\/uploads\/2023\/06\/9inline.jpg","datePublished":"2022-10-31T22:00:00+00:00","dateModified":"2024-03-17T15:20:54+00:00","breadcrumb":{"@id":"https:\/\/filles-de-la-charite.org\/fr\/formation-des-gouvernantes\/#breadcrumb"},"inLanguage":"fr-FR","potentialAction":[{"@type":"ReadAction","target":["https:\/\/filles-de-la-charite.org\/fr\/formation-des-gouvernantes\/"]}]},{"@type":"ImageObject","inLanguage":"fr-FR","@id":"https:\/\/filles-de-la-charite.org\/fr\/formation-des-gouvernantes\/#primaryimage","url":"https:\/\/filles-de-la-charite.org\/wp-content\/uploads\/2023\/06\/9inline.jpg","contentUrl":"https:\/\/filles-de-la-charite.org\/wp-content\/uploads\/2023\/06\/9inline.jpg","width":1266,"height":553},{"@type":"BreadcrumbList","@id":"https:\/\/filles-de-la-charite.org\/fr\/formation-des-gouvernantes\/#breadcrumb","itemListElement":[{"@type":"ListItem","position":1,"name":"Province du Vietnam","item":"https:\/\/filles-de-la-charite.org\/fr\/category\/province-du-vietnam-fr\/"},{"@type":"ListItem","position":2,"name":"Formation des Gouvernantes"}]},{"@type":"WebSite","@id":"https:\/\/filles-de-la-charite.org\/fr\/#website","url":"https:\/\/filles-de-la-charite.org\/fr\/","name":"Hijas de la Caridad","description":"L\u2019amour de J\u00e9sus nous presse \u00e0 prendre soin des personnes les plus d\u00e9munies","publisher":{"@id":"https:\/\/filles-de-la-charite.org\/fr\/#organization"},"potentialAction":[{"@type":"SearchAction","target":{"@type":"EntryPoint","urlTemplate":"https:\/\/filles-de-la-charite.org\/fr\/?s={search_term_string}"},"query-input":{"@type":"PropertyValueSpecification","valueRequired":true,"valueName":"search_term_string"}}],"inLanguage":"fr-FR"},{"@type":"Organization","@id":"https:\/\/filles-de-la-charite.org\/fr\/#organization","name":"Hijas de la Caridad","url":"https:\/\/filles-de-la-charite.org\/fr\/","logo":{"@type":"ImageObject","inLanguage":"fr-FR","@id":"https:\/\/filles-de-la-charite.org\/fr\/#\/schema\/logo\/image\/","url":"https:\/\/filles-de-la-charite.org\/wp-content\/uploads\/2023\/03\/isotipo-Hijas-de-la-Caridad.png","contentUrl":"https:\/\/filles-de-la-charite.org\/wp-content\/uploads\/2023\/03\/isotipo-Hijas-de-la-Caridad.png","width":1417,"height":1417,"caption":"Hijas de la Caridad"},"image":{"@id":"https:\/\/filles-de-la-charite.org\/fr\/#\/schema\/logo\/image\/"}},{"@type":"Person","@id":"https:\/\/filles-de-la-charite.org\/fr\/#\/schema\/person\/427567b2eccfc2dd7d206da186a1f438","name":"admin","image":{"@type":"ImageObject","inLanguage":"fr-FR","@id":"https:\/\/secure.gravatar.com\/avatar\/948b492cce32b586ac2db0eaa926ee87024f7afe218d73b397ea5ddfc5f43ea1?s=96&d=mm&r=g","url":"https:\/\/secure.gravatar.com\/avatar\/948b492cce32b586ac2db0eaa926ee87024f7afe218d73b397ea5ddfc5f43ea1?s=96&d=mm&r=g","contentUrl":"https:\/\/secure.gravatar.com\/avatar\/948b492cce32b586ac2db0eaa926ee87024f7afe218d73b397ea5ddfc5f43ea1?s=96&d=mm&r=g","caption":"admin"},"sameAs":["https:\/\/filles-de-la-charite.org"],"url":"https:\/\/filles-de-la-charite.org\/fr\/author\/caridad\/"}]}},"_links":{"self":[{"href":"https:\/\/filles-de-la-charite.org\/fr\/wp-json\/wp\/v2\/posts\/22678","targetHints":{"allow":["GET"]}}],"collection":[{"href":"https:\/\/filles-de-la-charite.org\/fr\/wp-json\/wp\/v2\/posts"}],"about":[{"href":"https:\/\/filles-de-la-charite.org\/fr\/wp-json\/wp\/v2\/types\/post"}],"author":[{"embeddable":true,"href":"https:\/\/filles-de-la-charite.org\/fr\/wp-json\/wp\/v2\/users\/1"}],"replies":[{"embeddable":true,"href":"https:\/\/filles-de-la-charite.org\/fr\/wp-json\/wp\/v2\/comments?post=22678"}],"version-history":[{"count":1,"href":"https:\/\/filles-de-la-charite.org\/fr\/wp-json\/wp\/v2\/posts\/22678\/revisions"}],"predecessor-version":[{"id":22739,"href":"https:\/\/filles-de-la-charite.org\/fr\/wp-json\/wp\/v2\/posts\/22678\/revisions\/22739"}],"wp:featuredmedia":[{"embeddable":true,"href":"https:\/\/filles-de-la-charite.org\/fr\/wp-json\/wp\/v2\/media\/17232"}],"wp:attachment":[{"href":"https:\/\/filles-de-la-charite.org\/fr\/wp-json\/wp\/v2\/media?parent=22678"}],"wp:term":[{"taxonomy":"category","embeddable":true,"href":"https:\/\/filles-de-la-charite.org\/fr\/wp-json\/wp\/v2\/categories?post=22678"},{"taxonomy":"post_tag","embeddable":true,"href":"https:\/\/filles-de-la-charite.org\/fr\/wp-json\/wp\/v2\/tags?post=22678"}],"curies":[{"name":"wp","href":"https:\/\/api.w.org\/{rel}","templated":true}]}}