{"id":22923,"date":"2022-11-15T15:12:11","date_gmt":"2022-11-15T14:12:11","guid":{"rendered":"https:\/\/hijascaridad.sjdigitaldemo.ovh\/service-pastoral-de-la-chapelle-notre-dame-de-la-medaille-miraculeuse-rentree-pastorale-01-octobre-2022\/"},"modified":"2024-03-17T13:31:09","modified_gmt":"2024-03-17T12:31:09","slug":"service-pastoral-de-la-chapelle-notre-dame-de-la-medaille-miraculeuse-rentree-pastorale-01-octobre-2022","status":"publish","type":"post","link":"https:\/\/filles-de-la-charite.org\/fr\/service-pastoral-de-la-chapelle-notre-dame-de-la-medaille-miraculeuse-rentree-pastorale-01-octobre-2022\/","title":{"rendered":"Service Pastoral de la Chapelle Notre-Dame de la M\u00e9daille Miraculeuse. Rentr\u00e9e Pastorale &#8211; 01 octobre 2022"},"content":{"rendered":"\n<p><strong><strong>L&rsquo;ACCUEIL<\/strong><\/strong><\/p>\n\n\n\n<p>De nombreuses personnes, de diff\u00e9rentes parties du monde, viennent \u00e0 la Chapelle de la M\u00e9daille Miraculeuse. En les \u00e9coutant, nous comprenons que leurs attentes sont diverses\u2026<\/p>\n\n\n\n<div class=\"wp-block-image\"><figure class=\"alignright size-full\"><img decoding=\"async\" src=\"https:\/\/filles-de-la-charite.org\/wp-content\/uploads\/2023\/06\/Bez_tytulu_1-3.jpg\" alt=\"\" class=\"wp-image-72008\" \/><\/figure><\/div>\n\n\n\n<p>Des situations difficiles, au moment de la pand\u00e9mie, nous ont pouss\u00e9s \u00e0 nous r\u00e9orienter sur ce qui est essentiel dans notre mission&nbsp;: <strong>l&rsquo;Accueil.<\/strong><\/p>\n\n\n\n<p>Lors de la Rentr\u00e9e Pastorale en 2021, nous avons donc r\u00e9fl\u00e9chi \u00e0 cette attitude \u00e0 la lumi\u00e8re de l\u2019exhortation de Saint Paul, dans la lettre aux Romains (15 :7), \u00ab&nbsp;<em>Accueillez-vous mutuellement comme le Christ vous a accueillis.<\/em>&nbsp;\u00bb Il est n\u00e9cessaire de v\u00e9rifier personnellement et ensemble o\u00f9 nous en sommes&nbsp;! Et nous avons choisi \u00ab&nbsp;l\u2019Accueil&nbsp;\u00bb comme th\u00e8me de la Rentr\u00e9e Pastorale, du 2 octobre 2022.<\/p>\n\n\n\n<p>La journ\u00e9e, introduite par le P\u00e8re Alexis, notre Chapelain, a commenc\u00e9 par l\u2019intervention du <strong>P\u00e8re Gilles DROUIN<\/strong>, directeur de l\u2019Institut Sup\u00e9rieur de Liturgie, de l\u2019ICP sur la dimension missionnaire de la liturgie et de l\u2019accueil.<\/p>\n\n\n\n<figure class=\"wp-block-gallery aligncenter columns-3 is-cropped wp-block-gallery-1 is-layout-flex wp-block-gallery-is-layout-flex\"><ul class=\"blocks-gallery-grid\"><li class=\"blocks-gallery-item\"><figure><img decoding=\"async\" src=\"https:\/\/filles-de-la-charite.org\/wp-content\/uploads\/2023\/06\/2-13.jpg\" alt=\"\" data-id=\"72005\" data-full-url=\"https:\/\/filles-de-la-charite.org\/wp-content\/uploads\/2023\/06\/2-13.jpg\" data-link=\"https:\/\/www.filles-de-la-charite.org\/?attachment_id=72005\" class=\"wp-image-72005\" \/><\/figure><\/li><li class=\"blocks-gallery-item\"><figure><img decoding=\"async\" src=\"https:\/\/filles-de-la-charite.org\/wp-content\/uploads\/2023\/06\/3-11.jpg\" alt=\"\" data-id=\"72006\" data-full-url=\"https:\/\/filles-de-la-charite.org\/wp-content\/uploads\/2023\/06\/3-11.jpg\" data-link=\"https:\/\/www.filles-de-la-charite.org\/?attachment_id=72006\" class=\"wp-image-72006\" \/><\/figure><\/li><li class=\"blocks-gallery-item\"><figure><img decoding=\"async\" src=\"https:\/\/filles-de-la-charite.org\/wp-content\/uploads\/2023\/06\/4-5.jpg\" alt=\"\" data-id=\"72003\" data-full-url=\"https:\/\/filles-de-la-charite.org\/wp-content\/uploads\/2023\/06\/4-5.jpg\" data-link=\"https:\/\/www.filles-de-la-charite.org\/?attachment_id=72003\" class=\"wp-image-72003\" \/><\/figure><\/li><\/ul><\/figure>\n\n\n\n<p>Vatican II a bien montr\u00e9 que la liturgie- consid\u00e9r\u00e9e souvent comme acte humain &#8211; est d\u2019abord l\u2019action de Dieu. La cons\u00e9quence pour nous est importante : c\u2019est d\u2019abord Dieu qui accueille&nbsp;; notre part, c\u2019est de ne pas lui faire \u00e9cran. Ce retournement nous d\u00e9centre&nbsp;; il s\u2019agit d\u2019indiquer le Christ, pas nous!<\/p>\n\n\n\n<p>Dans la liturgie, l\u2019Ev\u00eaque et le pr\u00eatre qui accueillent, souhaitent la Paix au nom du Christ. La personne arrive avec son histoire et elle est d\u00e9j\u00e0 travaill\u00e9e par l\u2019Esprit Saint. Les attentes peuvent \u00eatre diff\u00e9rentes. Aucune n\u2019est \u00e0 n\u00e9gliger et nous pouvons rendre gr\u00e2ces \u00e0 Dieu, si en partant, la personne a re\u00e7u un peu de paix. Nous ne sommes pas ma\u00eetres de la rencontre entre Dieu et la personne&nbsp;; Il s\u2019agit pour nous de tout faire pour qu\u2019elle ait lieu. La Chapelle est un lieu o\u00f9 la Paix de Dieu est au rendez-vous!<\/p>\n\n\n\n<figure class=\"wp-block-gallery aligncenter columns-3 is-cropped wp-block-gallery-2 is-layout-flex wp-block-gallery-is-layout-flex\"><ul class=\"blocks-gallery-grid\"><li class=\"blocks-gallery-item\"><figure><img decoding=\"async\" src=\"https:\/\/filles-de-la-charite.org\/wp-content\/uploads\/2023\/06\/5-9.jpg\" alt=\"\" data-id=\"72009\" data-full-url=\"https:\/\/filles-de-la-charite.org\/wp-content\/uploads\/2023\/06\/5-9.jpg\" data-link=\"https:\/\/www.filles-de-la-charite.org\/?attachment_id=72009\" class=\"wp-image-72009\" \/><\/figure><\/li><li class=\"blocks-gallery-item\"><figure><img decoding=\"async\" src=\"https:\/\/filles-de-la-charite.org\/wp-content\/uploads\/2023\/06\/6-4.jpg\" alt=\"\" data-id=\"72010\" data-full-url=\"https:\/\/filles-de-la-charite.org\/wp-content\/uploads\/2023\/06\/6-4.jpg\" data-link=\"https:\/\/www.filles-de-la-charite.org\/?attachment_id=72010\" class=\"wp-image-72010\" \/><\/figure><\/li><li class=\"blocks-gallery-item\"><figure><img decoding=\"async\" src=\"https:\/\/filles-de-la-charite.org\/wp-content\/uploads\/2023\/06\/7-3.jpg\" alt=\"\" data-id=\"72011\" data-full-url=\"https:\/\/filles-de-la-charite.org\/wp-content\/uploads\/2023\/06\/7-3.jpg\" data-link=\"https:\/\/www.filles-de-la-charite.org\/?attachment_id=72011\" class=\"wp-image-72011\" \/><\/figure><\/li><\/ul><\/figure>\n\n\n\n<p>Il a fait remarquer aussi que l\u2019\u00e9tat de \u00ab&nbsp;portier\u2019 est un minist\u00e8re Les personnes en service dans l\u2018all\u00e9e ont donc une Mission capitale.<\/p>\n\n\n\n<p>Avec le <strong>P\u00e8re Roberto GOMEZ CM,<\/strong> Lazariste, professeur d\u2019\u00c9criture Sainte \u00e0 L\u2019ISPC l\u2019Institut Catholique de Paris, nous avons \u00e9tudi\u00e9 quelques textes bibliques \u00e0 partir desquels il nous a conduits \u00e0 approfondir les diff\u00e9rentes dimensions de l\u2019accueil.<\/p>\n\n\n\n<p>En Dieu l\u2019accueil se fait accompagnement. Et notre mission est de permettre aux personnes de laisser \u00e9clore ce que l\u2019accueil de Dieu a transform\u00e9 en elles. En accueillant, nous pouvons devenir pr\u00e9sence de Dieu pour les autres. Mais cela exige que nous acceptions de nous d\u00e9placer spirituellement pour accueillir l\u2019autre dans son alt\u00e9rit\u00e9.<\/p>\n\n\n\n<div class=\"wp-block-image\"><figure class=\"aligncenter size-full\"><img decoding=\"async\" src=\"https:\/\/filles-de-la-charite.org\/wp-content\/uploads\/2023\/06\/8.jpg\" alt=\"\" class=\"wp-image-72012\" \/><\/figure><\/div>\n\n\n\n<p>Apr\u00e8s le d\u00e9jeuner offert dans le self -service de la Maison-M\u00e8re des Lazaristes, la s\u00e9ance de l&rsquo;apr\u00e8s-midi a \u00e9t\u00e9 anim\u00e9e par <strong>P\u00e8re Alexis CERQUERA, <\/strong>chapelain. Il a repris le projet missionnaire de la chapelle ax\u00e9 sur trois points importants \u00e0 d\u00e9velopper&nbsp;: la communication, le service des vocations et les plus pauvres. Trois dimensions fondamentales que nous pouvons trouver sans \u00e9quivoque dans le message de la M\u00e9daille Miraculeuse. Enfin, il a abord\u00e9 quelques situations, nous a invit\u00e9s \u00e0 r\u00e9fl\u00e9chir \u00e0 nos attitudes et il a pr\u00e9sent\u00e9 le calendrier et les propositions pastorales pour 2022-2023.<\/p>\n\n\n\n<p>La journ\u00e9e avait \u00e9t\u00e9 ouverte par la pri\u00e8re elle s\u2019est termin\u00e9e aussi par une pri\u00e8re sur l\u2019accueil.<\/p>\n\n\n\n<div class=\"wp-block-image\"><figure class=\"aligncenter size-full\"><img decoding=\"async\" src=\"https:\/\/filles-de-la-charite.org\/wp-content\/uploads\/2023\/06\/9.jpg\" alt=\"\" class=\"wp-image-72013\" \/><\/figure><\/div>\n","protected":false},"excerpt":{"rendered":"<p>L&rsquo;ACCUEIL De nombreuses personnes, de diff\u00e9rentes parties du monde, viennent \u00e0 la Chapelle de la M\u00e9daille Miraculeuse. En les \u00e9coutant, nous comprenons que leurs attentes sont diverses\u2026 Des situations difficiles, au moment de la pand\u00e9mie, nous ont pouss\u00e9s \u00e0 nous r\u00e9orienter sur ce qui est essentiel dans notre mission&nbsp;: l&rsquo;Accueil. Lors de la Rentr\u00e9e Pastorale [&hellip;]<\/p>\n","protected":false},"author":1,"featured_media":17333,"comment_status":"closed","ping_status":"closed","sticky":false,"template":"","format":"standard","meta":{"_acf_changed":false,"_et_pb_use_builder":"","_et_pb_old_content":"","_et_gb_content_width":"","footnotes":"","_links_to":"","_links_to_target":""},"categories":[558],"tags":[],"class_list":["post-22923","post","type-post","status-publish","format-standard","has-post-thumbnail","hentry","category-maison-mere-fr"],"acf":[],"yoast_head":"<!-- This site is optimized with the Yoast SEO plugin v27.5 - https:\/\/yoast.com\/product\/yoast-seo-wordpress\/ -->\n<title>Service Pastoral de la Chapelle Notre-Dame de la M\u00e9daille Miraculeuse. Rentr\u00e9e Pastorale - 01 octobre 2022 - Filles de la Charit\u00e9<\/title>\n<meta name=\"robots\" content=\"index, follow, max-snippet:-1, max-image-preview:large, max-video-preview:-1\" \/>\n<link rel=\"canonical\" href=\"https:\/\/filles-de-la-charite.org\/fr\/service-pastoral-de-la-chapelle-notre-dame-de-la-medaille-miraculeuse-rentree-pastorale-01-octobre-2022\/\" \/>\n<meta property=\"og:locale\" content=\"fr_FR\" \/>\n<meta property=\"og:type\" content=\"article\" \/>\n<meta property=\"og:title\" content=\"Service Pastoral de la Chapelle Notre-Dame de la M\u00e9daille Miraculeuse. Rentr\u00e9e Pastorale - 01 octobre 2022 - Filles de la Charit\u00e9\" \/>\n<meta property=\"og:description\" content=\"L&rsquo;ACCUEIL De nombreuses personnes, de diff\u00e9rentes parties du monde, viennent \u00e0 la Chapelle de la M\u00e9daille Miraculeuse. En les \u00e9coutant, nous comprenons que leurs attentes sont diverses\u2026 Des situations difficiles, au moment de la pand\u00e9mie, nous ont pouss\u00e9s \u00e0 nous r\u00e9orienter sur ce qui est essentiel dans notre mission&nbsp;: l&rsquo;Accueil. Lors de la Rentr\u00e9e Pastorale [&hellip;]\" \/>\n<meta property=\"og:url\" content=\"https:\/\/filles-de-la-charite.org\/fr\/service-pastoral-de-la-chapelle-notre-dame-de-la-medaille-miraculeuse-rentree-pastorale-01-octobre-2022\/\" \/>\n<meta property=\"og:site_name\" content=\"Filles de la Charit\u00e9\" \/>\n<meta property=\"article:published_time\" content=\"2022-11-15T14:12:11+00:00\" \/>\n<meta property=\"article:modified_time\" content=\"2024-03-17T12:31:09+00:00\" \/>\n<meta property=\"og:image\" content=\"https:\/\/filles-de-la-charite.org\/wp-content\/uploads\/2023\/06\/1-14.jpg\" \/>\n\t<meta property=\"og:image:width\" content=\"1025\" \/>\n\t<meta property=\"og:image:height\" content=\"498\" \/>\n\t<meta property=\"og:image:type\" content=\"image\/jpeg\" \/>\n<meta name=\"author\" content=\"admin\" \/>\n<meta name=\"twitter:card\" content=\"summary_large_image\" \/>\n<meta name=\"twitter:label1\" content=\"\u00c9crit par\" \/>\n\t<meta name=\"twitter:data1\" content=\"admin\" \/>\n\t<meta name=\"twitter:label2\" content=\"Dur\u00e9e de lecture estim\u00e9e\" \/>\n\t<meta name=\"twitter:data2\" content=\"3 minutes\" \/>\n<script type=\"application\/ld+json\" class=\"yoast-schema-graph\">{\"@context\":\"https:\\\/\\\/schema.org\",\"@graph\":[{\"@type\":\"Article\",\"@id\":\"https:\\\/\\\/filles-de-la-charite.org\\\/fr\\\/service-pastoral-de-la-chapelle-notre-dame-de-la-medaille-miraculeuse-rentree-pastorale-01-octobre-2022\\\/#article\",\"isPartOf\":{\"@id\":\"https:\\\/\\\/filles-de-la-charite.org\\\/fr\\\/service-pastoral-de-la-chapelle-notre-dame-de-la-medaille-miraculeuse-rentree-pastorale-01-octobre-2022\\\/\"},\"author\":{\"name\":\"admin\",\"@id\":\"https:\\\/\\\/filles-de-la-charite.org\\\/fr\\\/#\\\/schema\\\/person\\\/427567b2eccfc2dd7d206da186a1f438\"},\"headline\":\"Service Pastoral de la Chapelle Notre-Dame de la M\u00e9daille Miraculeuse. Rentr\u00e9e Pastorale &#8211; 01 octobre 2022\",\"datePublished\":\"2022-11-15T14:12:11+00:00\",\"dateModified\":\"2024-03-17T12:31:09+00:00\",\"mainEntityOfPage\":{\"@id\":\"https:\\\/\\\/filles-de-la-charite.org\\\/fr\\\/service-pastoral-de-la-chapelle-notre-dame-de-la-medaille-miraculeuse-rentree-pastorale-01-octobre-2022\\\/\"},\"wordCount\":611,\"publisher\":{\"@id\":\"https:\\\/\\\/filles-de-la-charite.org\\\/fr\\\/#organization\"},\"image\":{\"@id\":\"https:\\\/\\\/filles-de-la-charite.org\\\/fr\\\/service-pastoral-de-la-chapelle-notre-dame-de-la-medaille-miraculeuse-rentree-pastorale-01-octobre-2022\\\/#primaryimage\"},\"thumbnailUrl\":\"https:\\\/\\\/filles-de-la-charite.org\\\/wp-content\\\/uploads\\\/2023\\\/06\\\/1-14.jpg\",\"articleSection\":[\"Maison-M\u00e8re\"],\"inLanguage\":\"fr-FR\"},{\"@type\":\"WebPage\",\"@id\":\"https:\\\/\\\/filles-de-la-charite.org\\\/fr\\\/service-pastoral-de-la-chapelle-notre-dame-de-la-medaille-miraculeuse-rentree-pastorale-01-octobre-2022\\\/\",\"url\":\"https:\\\/\\\/filles-de-la-charite.org\\\/fr\\\/service-pastoral-de-la-chapelle-notre-dame-de-la-medaille-miraculeuse-rentree-pastorale-01-octobre-2022\\\/\",\"name\":\"Service Pastoral de la Chapelle Notre-Dame de la M\u00e9daille Miraculeuse. Rentr\u00e9e Pastorale - 01 octobre 2022 - Filles de la Charit\u00e9\",\"isPartOf\":{\"@id\":\"https:\\\/\\\/filles-de-la-charite.org\\\/fr\\\/#website\"},\"primaryImageOfPage\":{\"@id\":\"https:\\\/\\\/filles-de-la-charite.org\\\/fr\\\/service-pastoral-de-la-chapelle-notre-dame-de-la-medaille-miraculeuse-rentree-pastorale-01-octobre-2022\\\/#primaryimage\"},\"image\":{\"@id\":\"https:\\\/\\\/filles-de-la-charite.org\\\/fr\\\/service-pastoral-de-la-chapelle-notre-dame-de-la-medaille-miraculeuse-rentree-pastorale-01-octobre-2022\\\/#primaryimage\"},\"thumbnailUrl\":\"https:\\\/\\\/filles-de-la-charite.org\\\/wp-content\\\/uploads\\\/2023\\\/06\\\/1-14.jpg\",\"datePublished\":\"2022-11-15T14:12:11+00:00\",\"dateModified\":\"2024-03-17T12:31:09+00:00\",\"breadcrumb\":{\"@id\":\"https:\\\/\\\/filles-de-la-charite.org\\\/fr\\\/service-pastoral-de-la-chapelle-notre-dame-de-la-medaille-miraculeuse-rentree-pastorale-01-octobre-2022\\\/#breadcrumb\"},\"inLanguage\":\"fr-FR\",\"potentialAction\":[{\"@type\":\"ReadAction\",\"target\":[\"https:\\\/\\\/filles-de-la-charite.org\\\/fr\\\/service-pastoral-de-la-chapelle-notre-dame-de-la-medaille-miraculeuse-rentree-pastorale-01-octobre-2022\\\/\"]}]},{\"@type\":\"ImageObject\",\"inLanguage\":\"fr-FR\",\"@id\":\"https:\\\/\\\/filles-de-la-charite.org\\\/fr\\\/service-pastoral-de-la-chapelle-notre-dame-de-la-medaille-miraculeuse-rentree-pastorale-01-octobre-2022\\\/#primaryimage\",\"url\":\"https:\\\/\\\/filles-de-la-charite.org\\\/wp-content\\\/uploads\\\/2023\\\/06\\\/1-14.jpg\",\"contentUrl\":\"https:\\\/\\\/filles-de-la-charite.org\\\/wp-content\\\/uploads\\\/2023\\\/06\\\/1-14.jpg\",\"width\":1025,\"height\":498},{\"@type\":\"BreadcrumbList\",\"@id\":\"https:\\\/\\\/filles-de-la-charite.org\\\/fr\\\/service-pastoral-de-la-chapelle-notre-dame-de-la-medaille-miraculeuse-rentree-pastorale-01-octobre-2022\\\/#breadcrumb\",\"itemListElement\":[{\"@type\":\"ListItem\",\"position\":1,\"name\":\"Varsovie - Pologne\",\"item\":\"https:\\\/\\\/filles-de-la-charite.org\\\/fr\\\/category\\\/varsovie-pologne-fr\\\/\"},{\"@type\":\"ListItem\",\"position\":2,\"name\":\"Service Pastoral de la Chapelle Notre-Dame de la M\u00e9daille Miraculeuse. Rentr\u00e9e Pastorale &#8211; 01 octobre 2022\"}]},{\"@type\":\"WebSite\",\"@id\":\"https:\\\/\\\/filles-de-la-charite.org\\\/fr\\\/#website\",\"url\":\"https:\\\/\\\/filles-de-la-charite.org\\\/fr\\\/\",\"name\":\"Hijas de la Caridad\",\"description\":\"L\u2019amour de J\u00e9sus nous presse \u00e0 prendre soin des personnes les plus d\u00e9munies\",\"publisher\":{\"@id\":\"https:\\\/\\\/filles-de-la-charite.org\\\/fr\\\/#organization\"},\"potentialAction\":[{\"@type\":\"SearchAction\",\"target\":{\"@type\":\"EntryPoint\",\"urlTemplate\":\"https:\\\/\\\/filles-de-la-charite.org\\\/fr\\\/?s={search_term_string}\"},\"query-input\":{\"@type\":\"PropertyValueSpecification\",\"valueRequired\":true,\"valueName\":\"search_term_string\"}}],\"inLanguage\":\"fr-FR\"},{\"@type\":\"Organization\",\"@id\":\"https:\\\/\\\/filles-de-la-charite.org\\\/fr\\\/#organization\",\"name\":\"Hijas de la Caridad\",\"url\":\"https:\\\/\\\/filles-de-la-charite.org\\\/fr\\\/\",\"logo\":{\"@type\":\"ImageObject\",\"inLanguage\":\"fr-FR\",\"@id\":\"https:\\\/\\\/filles-de-la-charite.org\\\/fr\\\/#\\\/schema\\\/logo\\\/image\\\/\",\"url\":\"https:\\\/\\\/filles-de-la-charite.org\\\/wp-content\\\/uploads\\\/2023\\\/03\\\/isotipo-Hijas-de-la-Caridad.png\",\"contentUrl\":\"https:\\\/\\\/filles-de-la-charite.org\\\/wp-content\\\/uploads\\\/2023\\\/03\\\/isotipo-Hijas-de-la-Caridad.png\",\"width\":1417,\"height\":1417,\"caption\":\"Hijas de la Caridad\"},\"image\":{\"@id\":\"https:\\\/\\\/filles-de-la-charite.org\\\/fr\\\/#\\\/schema\\\/logo\\\/image\\\/\"}},{\"@type\":\"Person\",\"@id\":\"https:\\\/\\\/filles-de-la-charite.org\\\/fr\\\/#\\\/schema\\\/person\\\/427567b2eccfc2dd7d206da186a1f438\",\"name\":\"admin\",\"image\":{\"@type\":\"ImageObject\",\"inLanguage\":\"fr-FR\",\"@id\":\"https:\\\/\\\/secure.gravatar.com\\\/avatar\\\/948b492cce32b586ac2db0eaa926ee87024f7afe218d73b397ea5ddfc5f43ea1?s=96&d=mm&r=g\",\"url\":\"https:\\\/\\\/secure.gravatar.com\\\/avatar\\\/948b492cce32b586ac2db0eaa926ee87024f7afe218d73b397ea5ddfc5f43ea1?s=96&d=mm&r=g\",\"contentUrl\":\"https:\\\/\\\/secure.gravatar.com\\\/avatar\\\/948b492cce32b586ac2db0eaa926ee87024f7afe218d73b397ea5ddfc5f43ea1?s=96&d=mm&r=g\",\"caption\":\"admin\"},\"sameAs\":[\"https:\\\/\\\/filles-de-la-charite.org\"],\"url\":\"https:\\\/\\\/filles-de-la-charite.org\\\/fr\\\/author\\\/caridad\\\/\"}]}<\/script>\n<!-- \/ Yoast SEO plugin. -->","yoast_head_json":{"title":"Service Pastoral de la Chapelle Notre-Dame de la M\u00e9daille Miraculeuse. Rentr\u00e9e Pastorale - 01 octobre 2022 - Filles de la Charit\u00e9","robots":{"index":"index","follow":"follow","max-snippet":"max-snippet:-1","max-image-preview":"max-image-preview:large","max-video-preview":"max-video-preview:-1"},"canonical":"https:\/\/filles-de-la-charite.org\/fr\/service-pastoral-de-la-chapelle-notre-dame-de-la-medaille-miraculeuse-rentree-pastorale-01-octobre-2022\/","og_locale":"fr_FR","og_type":"article","og_title":"Service Pastoral de la Chapelle Notre-Dame de la M\u00e9daille Miraculeuse. Rentr\u00e9e Pastorale - 01 octobre 2022 - Filles de la Charit\u00e9","og_description":"L&rsquo;ACCUEIL De nombreuses personnes, de diff\u00e9rentes parties du monde, viennent \u00e0 la Chapelle de la M\u00e9daille Miraculeuse. En les \u00e9coutant, nous comprenons que leurs attentes sont diverses\u2026 Des situations difficiles, au moment de la pand\u00e9mie, nous ont pouss\u00e9s \u00e0 nous r\u00e9orienter sur ce qui est essentiel dans notre mission&nbsp;: l&rsquo;Accueil. Lors de la Rentr\u00e9e Pastorale [&hellip;]","og_url":"https:\/\/filles-de-la-charite.org\/fr\/service-pastoral-de-la-chapelle-notre-dame-de-la-medaille-miraculeuse-rentree-pastorale-01-octobre-2022\/","og_site_name":"Filles de la Charit\u00e9","article_published_time":"2022-11-15T14:12:11+00:00","article_modified_time":"2024-03-17T12:31:09+00:00","og_image":[{"width":1025,"height":498,"url":"https:\/\/filles-de-la-charite.org\/wp-content\/uploads\/2023\/06\/1-14.jpg","type":"image\/jpeg"}],"author":"admin","twitter_card":"summary_large_image","twitter_misc":{"\u00c9crit par":"admin","Dur\u00e9e de lecture estim\u00e9e":"3 minutes"},"schema":{"@context":"https:\/\/schema.org","@graph":[{"@type":"Article","@id":"https:\/\/filles-de-la-charite.org\/fr\/service-pastoral-de-la-chapelle-notre-dame-de-la-medaille-miraculeuse-rentree-pastorale-01-octobre-2022\/#article","isPartOf":{"@id":"https:\/\/filles-de-la-charite.org\/fr\/service-pastoral-de-la-chapelle-notre-dame-de-la-medaille-miraculeuse-rentree-pastorale-01-octobre-2022\/"},"author":{"name":"admin","@id":"https:\/\/filles-de-la-charite.org\/fr\/#\/schema\/person\/427567b2eccfc2dd7d206da186a1f438"},"headline":"Service Pastoral de la Chapelle Notre-Dame de la M\u00e9daille Miraculeuse. Rentr\u00e9e Pastorale &#8211; 01 octobre 2022","datePublished":"2022-11-15T14:12:11+00:00","dateModified":"2024-03-17T12:31:09+00:00","mainEntityOfPage":{"@id":"https:\/\/filles-de-la-charite.org\/fr\/service-pastoral-de-la-chapelle-notre-dame-de-la-medaille-miraculeuse-rentree-pastorale-01-octobre-2022\/"},"wordCount":611,"publisher":{"@id":"https:\/\/filles-de-la-charite.org\/fr\/#organization"},"image":{"@id":"https:\/\/filles-de-la-charite.org\/fr\/service-pastoral-de-la-chapelle-notre-dame-de-la-medaille-miraculeuse-rentree-pastorale-01-octobre-2022\/#primaryimage"},"thumbnailUrl":"https:\/\/filles-de-la-charite.org\/wp-content\/uploads\/2023\/06\/1-14.jpg","articleSection":["Maison-M\u00e8re"],"inLanguage":"fr-FR"},{"@type":"WebPage","@id":"https:\/\/filles-de-la-charite.org\/fr\/service-pastoral-de-la-chapelle-notre-dame-de-la-medaille-miraculeuse-rentree-pastorale-01-octobre-2022\/","url":"https:\/\/filles-de-la-charite.org\/fr\/service-pastoral-de-la-chapelle-notre-dame-de-la-medaille-miraculeuse-rentree-pastorale-01-octobre-2022\/","name":"Service Pastoral de la Chapelle Notre-Dame de la M\u00e9daille Miraculeuse. Rentr\u00e9e Pastorale - 01 octobre 2022 - Filles de la Charit\u00e9","isPartOf":{"@id":"https:\/\/filles-de-la-charite.org\/fr\/#website"},"primaryImageOfPage":{"@id":"https:\/\/filles-de-la-charite.org\/fr\/service-pastoral-de-la-chapelle-notre-dame-de-la-medaille-miraculeuse-rentree-pastorale-01-octobre-2022\/#primaryimage"},"image":{"@id":"https:\/\/filles-de-la-charite.org\/fr\/service-pastoral-de-la-chapelle-notre-dame-de-la-medaille-miraculeuse-rentree-pastorale-01-octobre-2022\/#primaryimage"},"thumbnailUrl":"https:\/\/filles-de-la-charite.org\/wp-content\/uploads\/2023\/06\/1-14.jpg","datePublished":"2022-11-15T14:12:11+00:00","dateModified":"2024-03-17T12:31:09+00:00","breadcrumb":{"@id":"https:\/\/filles-de-la-charite.org\/fr\/service-pastoral-de-la-chapelle-notre-dame-de-la-medaille-miraculeuse-rentree-pastorale-01-octobre-2022\/#breadcrumb"},"inLanguage":"fr-FR","potentialAction":[{"@type":"ReadAction","target":["https:\/\/filles-de-la-charite.org\/fr\/service-pastoral-de-la-chapelle-notre-dame-de-la-medaille-miraculeuse-rentree-pastorale-01-octobre-2022\/"]}]},{"@type":"ImageObject","inLanguage":"fr-FR","@id":"https:\/\/filles-de-la-charite.org\/fr\/service-pastoral-de-la-chapelle-notre-dame-de-la-medaille-miraculeuse-rentree-pastorale-01-octobre-2022\/#primaryimage","url":"https:\/\/filles-de-la-charite.org\/wp-content\/uploads\/2023\/06\/1-14.jpg","contentUrl":"https:\/\/filles-de-la-charite.org\/wp-content\/uploads\/2023\/06\/1-14.jpg","width":1025,"height":498},{"@type":"BreadcrumbList","@id":"https:\/\/filles-de-la-charite.org\/fr\/service-pastoral-de-la-chapelle-notre-dame-de-la-medaille-miraculeuse-rentree-pastorale-01-octobre-2022\/#breadcrumb","itemListElement":[{"@type":"ListItem","position":1,"name":"Varsovie - Pologne","item":"https:\/\/filles-de-la-charite.org\/fr\/category\/varsovie-pologne-fr\/"},{"@type":"ListItem","position":2,"name":"Service Pastoral de la Chapelle Notre-Dame de la M\u00e9daille Miraculeuse. Rentr\u00e9e Pastorale &#8211; 01 octobre 2022"}]},{"@type":"WebSite","@id":"https:\/\/filles-de-la-charite.org\/fr\/#website","url":"https:\/\/filles-de-la-charite.org\/fr\/","name":"Hijas de la Caridad","description":"L\u2019amour de J\u00e9sus nous presse \u00e0 prendre soin des personnes les plus d\u00e9munies","publisher":{"@id":"https:\/\/filles-de-la-charite.org\/fr\/#organization"},"potentialAction":[{"@type":"SearchAction","target":{"@type":"EntryPoint","urlTemplate":"https:\/\/filles-de-la-charite.org\/fr\/?s={search_term_string}"},"query-input":{"@type":"PropertyValueSpecification","valueRequired":true,"valueName":"search_term_string"}}],"inLanguage":"fr-FR"},{"@type":"Organization","@id":"https:\/\/filles-de-la-charite.org\/fr\/#organization","name":"Hijas de la Caridad","url":"https:\/\/filles-de-la-charite.org\/fr\/","logo":{"@type":"ImageObject","inLanguage":"fr-FR","@id":"https:\/\/filles-de-la-charite.org\/fr\/#\/schema\/logo\/image\/","url":"https:\/\/filles-de-la-charite.org\/wp-content\/uploads\/2023\/03\/isotipo-Hijas-de-la-Caridad.png","contentUrl":"https:\/\/filles-de-la-charite.org\/wp-content\/uploads\/2023\/03\/isotipo-Hijas-de-la-Caridad.png","width":1417,"height":1417,"caption":"Hijas de la Caridad"},"image":{"@id":"https:\/\/filles-de-la-charite.org\/fr\/#\/schema\/logo\/image\/"}},{"@type":"Person","@id":"https:\/\/filles-de-la-charite.org\/fr\/#\/schema\/person\/427567b2eccfc2dd7d206da186a1f438","name":"admin","image":{"@type":"ImageObject","inLanguage":"fr-FR","@id":"https:\/\/secure.gravatar.com\/avatar\/948b492cce32b586ac2db0eaa926ee87024f7afe218d73b397ea5ddfc5f43ea1?s=96&d=mm&r=g","url":"https:\/\/secure.gravatar.com\/avatar\/948b492cce32b586ac2db0eaa926ee87024f7afe218d73b397ea5ddfc5f43ea1?s=96&d=mm&r=g","contentUrl":"https:\/\/secure.gravatar.com\/avatar\/948b492cce32b586ac2db0eaa926ee87024f7afe218d73b397ea5ddfc5f43ea1?s=96&d=mm&r=g","caption":"admin"},"sameAs":["https:\/\/filles-de-la-charite.org"],"url":"https:\/\/filles-de-la-charite.org\/fr\/author\/caridad\/"}]}},"_links":{"self":[{"href":"https:\/\/filles-de-la-charite.org\/fr\/wp-json\/wp\/v2\/posts\/22923","targetHints":{"allow":["GET"]}}],"collection":[{"href":"https:\/\/filles-de-la-charite.org\/fr\/wp-json\/wp\/v2\/posts"}],"about":[{"href":"https:\/\/filles-de-la-charite.org\/fr\/wp-json\/wp\/v2\/types\/post"}],"author":[{"embeddable":true,"href":"https:\/\/filles-de-la-charite.org\/fr\/wp-json\/wp\/v2\/users\/1"}],"replies":[{"embeddable":true,"href":"https:\/\/filles-de-la-charite.org\/fr\/wp-json\/wp\/v2\/comments?post=22923"}],"version-history":[{"count":1,"href":"https:\/\/filles-de-la-charite.org\/fr\/wp-json\/wp\/v2\/posts\/22923\/revisions"}],"predecessor-version":[{"id":22924,"href":"https:\/\/filles-de-la-charite.org\/fr\/wp-json\/wp\/v2\/posts\/22923\/revisions\/22924"}],"wp:featuredmedia":[{"embeddable":true,"href":"https:\/\/filles-de-la-charite.org\/fr\/wp-json\/wp\/v2\/media\/17333"}],"wp:attachment":[{"href":"https:\/\/filles-de-la-charite.org\/fr\/wp-json\/wp\/v2\/media?parent=22923"}],"wp:term":[{"taxonomy":"category","embeddable":true,"href":"https:\/\/filles-de-la-charite.org\/fr\/wp-json\/wp\/v2\/categories?post=22923"},{"taxonomy":"post_tag","embeddable":true,"href":"https:\/\/filles-de-la-charite.org\/fr\/wp-json\/wp\/v2\/tags?post=22923"}],"curies":[{"name":"wp","href":"https:\/\/api.w.org\/{rel}","templated":true}]}}