{"id":22925,"date":"2022-11-18T21:08:00","date_gmt":"2022-11-18T20:08:00","guid":{"rendered":"https:\/\/hijascaridad.sjdigitaldemo.ovh\/nouveaux-horizons\/"},"modified":"2024-03-17T16:01:57","modified_gmt":"2024-03-17T15:01:57","slug":"nouveaux-horizons","status":"publish","type":"post","link":"https:\/\/filles-de-la-charite.org\/fr\/nouveaux-horizons\/","title":{"rendered":"Nouveaux horizons"},"content":{"rendered":"\n<p>La 11\u00e8me r\u00e9union des Conseils Provinciaux d'Espagne a eu lieu dans la belle ville de S\u00e9ville du 31 octobre au 3 novembre 2022, o\u00f9 nous avons \u00e9t\u00e9 accueillies par les S\u0153urs de la Province du Sud de l'Espagne. Avec l'Eucharistie dans la Basilique de la Macarena, pr\u00e9sid\u00e9e par l'Archev\u00eaque de S\u00e9ville, Monseigneur Jos\u00e9 \u00c1ngel Saiz Meneses, et le mot d\u2019accueil affectueux de S\u0153ur M\u00aa del Carmen Polo, Visitatrice de la Province du Sud de l'Espagne, la rencontre s'est ouverte, un temps de recherche, de r\u00e9flexion, d'\u00e9coute, de partage et d'\u00e9change pour tracer ensemble le chemin qui nous m\u00e8nera \u00e0 l'horizon que Dieu veut pour les Filles de la Charit\u00e9 des quatre Provinces d'Espagne. On nous a remis une lorgnette comme symbole de la proposition de travail : entrevoir l'horizon, rapprocher notre regard d'un point commun.<\/p>\n\n\n\n<figure class=\"wp-block-image size-full\"><img decoding=\"async\" src=\"https:\/\/filles-de-la-charite.org\/wp-content\/uploads\/2023\/06\/arz.jpg\" alt=\"\" class=\"wp-image-72104\"\/><\/figure>\n\n\n\n<p>Nous avons d'abord jet\u00e9 un coup d'\u0153il aux donn\u00e9es statistiques. Des donn\u00e9es qui annoncent le besoin de changement et la recherche de nouvelles fa\u00e7ons de r\u00e9pondre \u00e0 la r\u00e9alit\u00e9, que nous regardons avec espoir et gratitude.<\/p>\n\n\n\n<figure class=\"wp-block-image size-large\"><img decoding=\"async\" src=\"https:\/\/filles-de-la-charite.org\/wp-content\/uploads\/2023\/06\/21-MISA-FINAL-1024x683-1.jpeg\" alt=\"\" class=\"wp-image-72048\"\/><\/figure>\n\n\n\n<p>Le second regard \u00e9tait orient\u00e9 vers \" L'avenir des Filles de la Charit\u00e9 d'Espagne, l'Europe et l'implication de l'Espagne en Afrique \" par notre Sup\u00e9rieure G\u00e9n\u00e9rale, S\u0153ur Fran\u00e7oise Petit, qui nous a lanc\u00e9 le d\u00e9fi de vivre ouvertes \u00e0 l'Esprit, fid\u00e8les \u00e0 ce que nous sommes, en pr\u00e9servant profond\u00e9ment notre identit\u00e9 de servantes et en dialogue permanent pour continuer la r\u00e9vision des \u0153uvres et des connaissances entre les provinces. L'engagement en faveur de la fraternit\u00e9 et de nouvelles mani\u00e8res de vivre le charisme aujourd'hui avec nos forces et nos faiblesses \u00e9tait un autre des d\u00e9fis qu'elle nous a lanc\u00e9s. P.Bernard Schoepfer, Directeur G\u00e9n\u00e9ral, a attir\u00e9 notre attention sur le travail d'accompagnement du P\u00e8re Directeur dans les Conseils ainsi que sur l'importance de l'animation spirituelle et de la communication.<\/p>\n\n\n\n<figure class=\"wp-block-image size-full\"><img decoding=\"async\" src=\"https:\/\/filles-de-la-charite.org\/wp-content\/uploads\/2023\/06\/2-sfp.jpg\" alt=\"\" class=\"wp-image-72105\"\/><\/figure>\n\n\n\n<p>Le troisi\u00e8me axe portait sur les \"Structures organisationnelles de nos Provinces\". Nos Visitatrices et Jos\u00e9 Mar\u00eda Fern\u00e1ndez, conseiller juridique de la Province du Sud de l'Espagne, nous ont invit\u00e9es \u00e0 aller plus loin, en tenant compte des d\u00e9fis pos\u00e9s par un environnement changeant et impr\u00e9visible comme celui d'aujourd'hui. S\u0153ur Antonia Gonz\u00e1lez, Conseill\u00e8re g\u00e9n\u00e9rale, nous a aid\u00e9es \u00e0 approfondir ce regard \u00e0 travers le document Inter-Assembl\u00e9e en concr\u00e9tisant comment animer les s\u0153urs \u00e0 chaque \u00e9tape de leur vocation.<\/p>\n\n\n\n<figure class=\"wp-block-image size-large\"><img decoding=\"async\" src=\"https:\/\/filles-de-la-charite.org\/wp-content\/uploads\/2023\/06\/3-1024x768-1.jpeg\" alt=\"\" class=\"wp-image-72063\"\/><\/figure>\n\n\n\n<p>Le quatri\u00e8me regard \u00e9tait color\u00e9 d'une teinte eccl\u00e9siale et a \u00e9t\u00e9 \u00e9largi par plusieurs intervenants. Avec Gonzalo Fern\u00e1ndez Sanz, CMF, nous avons approfondi les orientations actuelles de l'Eglise pour la Vie Consacr\u00e9e et avec les exp\u00e9riences de Guillermo Campuzano, CM, Josep Buades Fuster, SJ, Cristina Inog\u00e9s, Th\u00e9ologienne et Amelia Ram\u00edrez, SCH, nous avons \u00e9t\u00e9 \u00e9clair\u00e9es pour vivre plus authentiquement le processus du \"Travail avec\" auquel nous sommes appel\u00e9es.<\/p>\n\n\n\n<figure class=\"wp-block-image size-large\"><img decoding=\"async\" src=\"https:\/\/filles-de-la-charite.org\/wp-content\/uploads\/2023\/06\/4-1024x847-1.jpg\" alt=\"\" class=\"wp-image-72064\"\/><\/figure>\n\n\n\n<p>P. Tomaz Mavric, Sup\u00e9rieur G\u00e9n\u00e9ral, le cinqui\u00e8me regard \u00e9tait orient\u00e9 vers le mouvement de la Famille Vincentienne et pour continuer \u00e0 travailler sur la formation vincentienne des la\u00efcs.<\/p>\n\n\n\n<figure class=\"wp-block-image size-large\"><img decoding=\"async\" src=\"https:\/\/filles-de-la-charite.org\/wp-content\/uploads\/2023\/06\/5-1024x365-1.jpeg\" alt=\"\" class=\"wp-image-72065\"\/><\/figure>\n\n\n\n<p>L'eucharistie de cl\u00f4ture et l'\u00e9laboration d'un document rassemblant les grandes lignes et les contributions du travail des groupes ont cl\u00f4tur\u00e9 la r\u00e9union.<\/p>\n\n\n\n<p>Notre r\u00e9tine, en plus d'avoir \u00e9largi sa capacit\u00e9 \u00e0 regarder ensemble de nouveaux horizons, laisse aussi plein d'images ind\u00e9l\u00e9biles : des moments partag\u00e9s,de d\u00e9tente \u00e0 travers la ville et de plaisir de la musique avec la chorale du Rociero et dans le concert de pri\u00e8re dirig\u00e9 par la chorale interprovinciale des Filles de la Charit\u00e9 et les Pr\u00eatres de la Mission.<\/p>\n\n\n\n<div class=\"wp-block-responsive-lightbox-gallery\"><\/div>\n","protected":false},"excerpt":{"rendered":"<p>La 11\u00e8me r\u00e9union des Conseils Provinciaux d&rsquo;Espagne a eu lieu dans la belle ville de S\u00e9ville du 31 octobre au 3 novembre 2022, o\u00f9 nous avons \u00e9t\u00e9 accueillies par les S\u0153urs de la Province du Sud de l&rsquo;Espagne. Avec l&rsquo;Eucharistie dans la Basilique de la Macarena, pr\u00e9sid\u00e9e par l&rsquo;Archev\u00eaque de S\u00e9ville, Monseigneur Jos\u00e9 \u00c1ngel Saiz [&hellip;]<\/p>\n","protected":false},"author":1,"featured_media":17377,"comment_status":"closed","ping_status":"closed","sticky":false,"template":"","format":"standard","meta":{"_acf_changed":false,"footnotes":"","_links_to":"","_links_to_target":""},"categories":[765],"tags":[],"class_list":["post-22925","post","type-post","status-publish","format-standard","has-post-thumbnail","hentry","category-espana-fr"],"acf":[],"yoast_head":"<!-- This site is optimized with the Yoast SEO plugin v27.5 - https:\/\/yoast.com\/product\/yoast-seo-wordpress\/ -->\n<title>Nouveaux horizons - Filles de la Charit\u00e9<\/title>\n<meta name=\"robots\" content=\"index, follow, max-snippet:-1, max-image-preview:large, max-video-preview:-1\" \/>\n<link rel=\"canonical\" href=\"https:\/\/filles-de-la-charite.org\/fr\/nouveaux-horizons\/\" \/>\n<meta property=\"og:locale\" content=\"fr_FR\" \/>\n<meta property=\"og:type\" content=\"article\" \/>\n<meta property=\"og:title\" content=\"Nouveaux horizons - Filles de la Charit\u00e9\" \/>\n<meta property=\"og:description\" content=\"La 11\u00e8me r\u00e9union des Conseils Provinciaux d&rsquo;Espagne a eu lieu dans la belle ville de S\u00e9ville du 31 octobre au 3 novembre 2022, o\u00f9 nous avons \u00e9t\u00e9 accueillies par les S\u0153urs de la Province du Sud de l&rsquo;Espagne. Avec l&rsquo;Eucharistie dans la Basilique de la Macarena, pr\u00e9sid\u00e9e par l&rsquo;Archev\u00eaque de S\u00e9ville, Monseigneur Jos\u00e9 \u00c1ngel Saiz [&hellip;]\" \/>\n<meta property=\"og:url\" content=\"https:\/\/filles-de-la-charite.org\/fr\/nouveaux-horizons\/\" \/>\n<meta property=\"og:site_name\" content=\"Filles de la Charit\u00e9\" \/>\n<meta property=\"article:published_time\" content=\"2022-11-18T20:08:00+00:00\" \/>\n<meta property=\"article:modified_time\" content=\"2024-03-17T15:01:57+00:00\" \/>\n<meta property=\"og:image\" content=\"https:\/\/filles-de-la-charite.org\/wp-content\/uploads\/2023\/06\/26-TODAS.jpeg\" \/>\n\t<meta property=\"og:image:width\" content=\"1384\" \/>\n\t<meta property=\"og:image:height\" content=\"676\" \/>\n\t<meta property=\"og:image:type\" content=\"image\/jpeg\" \/>\n<meta name=\"author\" content=\"admin\" \/>\n<meta name=\"twitter:card\" content=\"summary_large_image\" \/>\n<meta name=\"twitter:label1\" content=\"\u00c9crit par\" \/>\n\t<meta name=\"twitter:data1\" content=\"admin\" \/>\n\t<meta name=\"twitter:label2\" content=\"Dur\u00e9e de lecture estim\u00e9e\" \/>\n\t<meta name=\"twitter:data2\" content=\"3 minutes\" \/>\n<script type=\"application\/ld+json\" class=\"yoast-schema-graph\">{\"@context\":\"https:\\\/\\\/schema.org\",\"@graph\":[{\"@type\":\"Article\",\"@id\":\"https:\\\/\\\/filles-de-la-charite.org\\\/fr\\\/nouveaux-horizons\\\/#article\",\"isPartOf\":{\"@id\":\"https:\\\/\\\/filles-de-la-charite.org\\\/fr\\\/nouveaux-horizons\\\/\"},\"author\":{\"name\":\"admin\",\"@id\":\"https:\\\/\\\/filles-de-la-charite.org\\\/fr\\\/#\\\/schema\\\/person\\\/427567b2eccfc2dd7d206da186a1f438\"},\"headline\":\"Nouveaux horizons\",\"datePublished\":\"2022-11-18T20:08:00+00:00\",\"dateModified\":\"2024-03-17T15:01:57+00:00\",\"mainEntityOfPage\":{\"@id\":\"https:\\\/\\\/filles-de-la-charite.org\\\/fr\\\/nouveaux-horizons\\\/\"},\"wordCount\":653,\"publisher\":{\"@id\":\"https:\\\/\\\/filles-de-la-charite.org\\\/fr\\\/#organization\"},\"image\":{\"@id\":\"https:\\\/\\\/filles-de-la-charite.org\\\/fr\\\/nouveaux-horizons\\\/#primaryimage\"},\"thumbnailUrl\":\"https:\\\/\\\/filles-de-la-charite.org\\\/wp-content\\\/uploads\\\/2023\\\/06\\\/26-TODAS.jpeg\",\"articleSection\":[\"Espagne\"],\"inLanguage\":\"fr-FR\"},{\"@type\":\"WebPage\",\"@id\":\"https:\\\/\\\/filles-de-la-charite.org\\\/fr\\\/nouveaux-horizons\\\/\",\"url\":\"https:\\\/\\\/filles-de-la-charite.org\\\/fr\\\/nouveaux-horizons\\\/\",\"name\":\"Nouveaux horizons - Filles de la Charit\u00e9\",\"isPartOf\":{\"@id\":\"https:\\\/\\\/filles-de-la-charite.org\\\/fr\\\/#website\"},\"primaryImageOfPage\":{\"@id\":\"https:\\\/\\\/filles-de-la-charite.org\\\/fr\\\/nouveaux-horizons\\\/#primaryimage\"},\"image\":{\"@id\":\"https:\\\/\\\/filles-de-la-charite.org\\\/fr\\\/nouveaux-horizons\\\/#primaryimage\"},\"thumbnailUrl\":\"https:\\\/\\\/filles-de-la-charite.org\\\/wp-content\\\/uploads\\\/2023\\\/06\\\/26-TODAS.jpeg\",\"datePublished\":\"2022-11-18T20:08:00+00:00\",\"dateModified\":\"2024-03-17T15:01:57+00:00\",\"breadcrumb\":{\"@id\":\"https:\\\/\\\/filles-de-la-charite.org\\\/fr\\\/nouveaux-horizons\\\/#breadcrumb\"},\"inLanguage\":\"fr-FR\",\"potentialAction\":[{\"@type\":\"ReadAction\",\"target\":[\"https:\\\/\\\/filles-de-la-charite.org\\\/fr\\\/nouveaux-horizons\\\/\"]}]},{\"@type\":\"ImageObject\",\"inLanguage\":\"fr-FR\",\"@id\":\"https:\\\/\\\/filles-de-la-charite.org\\\/fr\\\/nouveaux-horizons\\\/#primaryimage\",\"url\":\"https:\\\/\\\/filles-de-la-charite.org\\\/wp-content\\\/uploads\\\/2023\\\/06\\\/26-TODAS.jpeg\",\"contentUrl\":\"https:\\\/\\\/filles-de-la-charite.org\\\/wp-content\\\/uploads\\\/2023\\\/06\\\/26-TODAS.jpeg\",\"width\":1384,\"height\":676},{\"@type\":\"BreadcrumbList\",\"@id\":\"https:\\\/\\\/filles-de-la-charite.org\\\/fr\\\/nouveaux-horizons\\\/#breadcrumb\",\"itemListElement\":[{\"@type\":\"ListItem\",\"position\":1,\"name\":\"Espagne\",\"item\":\"https:\\\/\\\/filles-de-la-charite.org\\\/fr\\\/category\\\/espana-fr\\\/\"},{\"@type\":\"ListItem\",\"position\":2,\"name\":\"Nouveaux horizons\"}]},{\"@type\":\"WebSite\",\"@id\":\"https:\\\/\\\/filles-de-la-charite.org\\\/fr\\\/#website\",\"url\":\"https:\\\/\\\/filles-de-la-charite.org\\\/fr\\\/\",\"name\":\"Hijas de la Caridad\",\"description\":\"L\u2019amour de J\u00e9sus nous presse \u00e0 prendre soin des personnes les plus d\u00e9munies\",\"publisher\":{\"@id\":\"https:\\\/\\\/filles-de-la-charite.org\\\/fr\\\/#organization\"},\"potentialAction\":[{\"@type\":\"SearchAction\",\"target\":{\"@type\":\"EntryPoint\",\"urlTemplate\":\"https:\\\/\\\/filles-de-la-charite.org\\\/fr\\\/?s={search_term_string}\"},\"query-input\":{\"@type\":\"PropertyValueSpecification\",\"valueRequired\":true,\"valueName\":\"search_term_string\"}}],\"inLanguage\":\"fr-FR\"},{\"@type\":\"Organization\",\"@id\":\"https:\\\/\\\/filles-de-la-charite.org\\\/fr\\\/#organization\",\"name\":\"Hijas de la Caridad\",\"url\":\"https:\\\/\\\/filles-de-la-charite.org\\\/fr\\\/\",\"logo\":{\"@type\":\"ImageObject\",\"inLanguage\":\"fr-FR\",\"@id\":\"https:\\\/\\\/filles-de-la-charite.org\\\/fr\\\/#\\\/schema\\\/logo\\\/image\\\/\",\"url\":\"https:\\\/\\\/filles-de-la-charite.org\\\/wp-content\\\/uploads\\\/2023\\\/03\\\/isotipo-Hijas-de-la-Caridad.png\",\"contentUrl\":\"https:\\\/\\\/filles-de-la-charite.org\\\/wp-content\\\/uploads\\\/2023\\\/03\\\/isotipo-Hijas-de-la-Caridad.png\",\"width\":1417,\"height\":1417,\"caption\":\"Hijas de la Caridad\"},\"image\":{\"@id\":\"https:\\\/\\\/filles-de-la-charite.org\\\/fr\\\/#\\\/schema\\\/logo\\\/image\\\/\"}},{\"@type\":\"Person\",\"@id\":\"https:\\\/\\\/filles-de-la-charite.org\\\/fr\\\/#\\\/schema\\\/person\\\/427567b2eccfc2dd7d206da186a1f438\",\"name\":\"admin\",\"image\":{\"@type\":\"ImageObject\",\"inLanguage\":\"fr-FR\",\"@id\":\"https:\\\/\\\/secure.gravatar.com\\\/avatar\\\/948b492cce32b586ac2db0eaa926ee87024f7afe218d73b397ea5ddfc5f43ea1?s=96&d=mm&r=g\",\"url\":\"https:\\\/\\\/secure.gravatar.com\\\/avatar\\\/948b492cce32b586ac2db0eaa926ee87024f7afe218d73b397ea5ddfc5f43ea1?s=96&d=mm&r=g\",\"contentUrl\":\"https:\\\/\\\/secure.gravatar.com\\\/avatar\\\/948b492cce32b586ac2db0eaa926ee87024f7afe218d73b397ea5ddfc5f43ea1?s=96&d=mm&r=g\",\"caption\":\"admin\"},\"sameAs\":[\"https:\\\/\\\/filles-de-la-charite.org\"],\"url\":\"https:\\\/\\\/filles-de-la-charite.org\\\/fr\\\/author\\\/caridad\\\/\"}]}<\/script>\n<!-- \/ Yoast SEO plugin. -->","yoast_head_json":{"title":"Nouveaux horizons - Filles de la Charit\u00e9","robots":{"index":"index","follow":"follow","max-snippet":"max-snippet:-1","max-image-preview":"max-image-preview:large","max-video-preview":"max-video-preview:-1"},"canonical":"https:\/\/filles-de-la-charite.org\/fr\/nouveaux-horizons\/","og_locale":"fr_FR","og_type":"article","og_title":"Nouveaux horizons - Filles de la Charit\u00e9","og_description":"La 11\u00e8me r\u00e9union des Conseils Provinciaux d&rsquo;Espagne a eu lieu dans la belle ville de S\u00e9ville du 31 octobre au 3 novembre 2022, o\u00f9 nous avons \u00e9t\u00e9 accueillies par les S\u0153urs de la Province du Sud de l&rsquo;Espagne. Avec l&rsquo;Eucharistie dans la Basilique de la Macarena, pr\u00e9sid\u00e9e par l&rsquo;Archev\u00eaque de S\u00e9ville, Monseigneur Jos\u00e9 \u00c1ngel Saiz [&hellip;]","og_url":"https:\/\/filles-de-la-charite.org\/fr\/nouveaux-horizons\/","og_site_name":"Filles de la Charit\u00e9","article_published_time":"2022-11-18T20:08:00+00:00","article_modified_time":"2024-03-17T15:01:57+00:00","og_image":[{"width":1384,"height":676,"url":"https:\/\/filles-de-la-charite.org\/wp-content\/uploads\/2023\/06\/26-TODAS.jpeg","type":"image\/jpeg"}],"author":"admin","twitter_card":"summary_large_image","twitter_misc":{"\u00c9crit par":"admin","Dur\u00e9e de lecture estim\u00e9e":"3 minutes"},"schema":{"@context":"https:\/\/schema.org","@graph":[{"@type":"Article","@id":"https:\/\/filles-de-la-charite.org\/fr\/nouveaux-horizons\/#article","isPartOf":{"@id":"https:\/\/filles-de-la-charite.org\/fr\/nouveaux-horizons\/"},"author":{"name":"admin","@id":"https:\/\/filles-de-la-charite.org\/fr\/#\/schema\/person\/427567b2eccfc2dd7d206da186a1f438"},"headline":"Nouveaux horizons","datePublished":"2022-11-18T20:08:00+00:00","dateModified":"2024-03-17T15:01:57+00:00","mainEntityOfPage":{"@id":"https:\/\/filles-de-la-charite.org\/fr\/nouveaux-horizons\/"},"wordCount":653,"publisher":{"@id":"https:\/\/filles-de-la-charite.org\/fr\/#organization"},"image":{"@id":"https:\/\/filles-de-la-charite.org\/fr\/nouveaux-horizons\/#primaryimage"},"thumbnailUrl":"https:\/\/filles-de-la-charite.org\/wp-content\/uploads\/2023\/06\/26-TODAS.jpeg","articleSection":["Espagne"],"inLanguage":"fr-FR"},{"@type":"WebPage","@id":"https:\/\/filles-de-la-charite.org\/fr\/nouveaux-horizons\/","url":"https:\/\/filles-de-la-charite.org\/fr\/nouveaux-horizons\/","name":"Nouveaux horizons - Filles de la Charit\u00e9","isPartOf":{"@id":"https:\/\/filles-de-la-charite.org\/fr\/#website"},"primaryImageOfPage":{"@id":"https:\/\/filles-de-la-charite.org\/fr\/nouveaux-horizons\/#primaryimage"},"image":{"@id":"https:\/\/filles-de-la-charite.org\/fr\/nouveaux-horizons\/#primaryimage"},"thumbnailUrl":"https:\/\/filles-de-la-charite.org\/wp-content\/uploads\/2023\/06\/26-TODAS.jpeg","datePublished":"2022-11-18T20:08:00+00:00","dateModified":"2024-03-17T15:01:57+00:00","breadcrumb":{"@id":"https:\/\/filles-de-la-charite.org\/fr\/nouveaux-horizons\/#breadcrumb"},"inLanguage":"fr-FR","potentialAction":[{"@type":"ReadAction","target":["https:\/\/filles-de-la-charite.org\/fr\/nouveaux-horizons\/"]}]},{"@type":"ImageObject","inLanguage":"fr-FR","@id":"https:\/\/filles-de-la-charite.org\/fr\/nouveaux-horizons\/#primaryimage","url":"https:\/\/filles-de-la-charite.org\/wp-content\/uploads\/2023\/06\/26-TODAS.jpeg","contentUrl":"https:\/\/filles-de-la-charite.org\/wp-content\/uploads\/2023\/06\/26-TODAS.jpeg","width":1384,"height":676},{"@type":"BreadcrumbList","@id":"https:\/\/filles-de-la-charite.org\/fr\/nouveaux-horizons\/#breadcrumb","itemListElement":[{"@type":"ListItem","position":1,"name":"Espagne","item":"https:\/\/filles-de-la-charite.org\/fr\/category\/espana-fr\/"},{"@type":"ListItem","position":2,"name":"Nouveaux horizons"}]},{"@type":"WebSite","@id":"https:\/\/filles-de-la-charite.org\/fr\/#website","url":"https:\/\/filles-de-la-charite.org\/fr\/","name":"Hijas de la Caridad","description":"L\u2019amour de J\u00e9sus nous presse \u00e0 prendre soin des personnes les plus d\u00e9munies","publisher":{"@id":"https:\/\/filles-de-la-charite.org\/fr\/#organization"},"potentialAction":[{"@type":"SearchAction","target":{"@type":"EntryPoint","urlTemplate":"https:\/\/filles-de-la-charite.org\/fr\/?s={search_term_string}"},"query-input":{"@type":"PropertyValueSpecification","valueRequired":true,"valueName":"search_term_string"}}],"inLanguage":"fr-FR"},{"@type":"Organization","@id":"https:\/\/filles-de-la-charite.org\/fr\/#organization","name":"Hijas de la Caridad","url":"https:\/\/filles-de-la-charite.org\/fr\/","logo":{"@type":"ImageObject","inLanguage":"fr-FR","@id":"https:\/\/filles-de-la-charite.org\/fr\/#\/schema\/logo\/image\/","url":"https:\/\/filles-de-la-charite.org\/wp-content\/uploads\/2023\/03\/isotipo-Hijas-de-la-Caridad.png","contentUrl":"https:\/\/filles-de-la-charite.org\/wp-content\/uploads\/2023\/03\/isotipo-Hijas-de-la-Caridad.png","width":1417,"height":1417,"caption":"Hijas de la Caridad"},"image":{"@id":"https:\/\/filles-de-la-charite.org\/fr\/#\/schema\/logo\/image\/"}},{"@type":"Person","@id":"https:\/\/filles-de-la-charite.org\/fr\/#\/schema\/person\/427567b2eccfc2dd7d206da186a1f438","name":"admin","image":{"@type":"ImageObject","inLanguage":"fr-FR","@id":"https:\/\/secure.gravatar.com\/avatar\/948b492cce32b586ac2db0eaa926ee87024f7afe218d73b397ea5ddfc5f43ea1?s=96&d=mm&r=g","url":"https:\/\/secure.gravatar.com\/avatar\/948b492cce32b586ac2db0eaa926ee87024f7afe218d73b397ea5ddfc5f43ea1?s=96&d=mm&r=g","contentUrl":"https:\/\/secure.gravatar.com\/avatar\/948b492cce32b586ac2db0eaa926ee87024f7afe218d73b397ea5ddfc5f43ea1?s=96&d=mm&r=g","caption":"admin"},"sameAs":["https:\/\/filles-de-la-charite.org"],"url":"https:\/\/filles-de-la-charite.org\/fr\/author\/caridad\/"}]}},"_links":{"self":[{"href":"https:\/\/filles-de-la-charite.org\/fr\/wp-json\/wp\/v2\/posts\/22925","targetHints":{"allow":["GET"]}}],"collection":[{"href":"https:\/\/filles-de-la-charite.org\/fr\/wp-json\/wp\/v2\/posts"}],"about":[{"href":"https:\/\/filles-de-la-charite.org\/fr\/wp-json\/wp\/v2\/types\/post"}],"author":[{"embeddable":true,"href":"https:\/\/filles-de-la-charite.org\/fr\/wp-json\/wp\/v2\/users\/1"}],"replies":[{"embeddable":true,"href":"https:\/\/filles-de-la-charite.org\/fr\/wp-json\/wp\/v2\/comments?post=22925"}],"version-history":[{"count":1,"href":"https:\/\/filles-de-la-charite.org\/fr\/wp-json\/wp\/v2\/posts\/22925\/revisions"}],"predecessor-version":[{"id":22926,"href":"https:\/\/filles-de-la-charite.org\/fr\/wp-json\/wp\/v2\/posts\/22925\/revisions\/22926"}],"wp:featuredmedia":[{"embeddable":true,"href":"https:\/\/filles-de-la-charite.org\/fr\/wp-json\/wp\/v2\/media\/17377"}],"wp:attachment":[{"href":"https:\/\/filles-de-la-charite.org\/fr\/wp-json\/wp\/v2\/media?parent=22925"}],"wp:term":[{"taxonomy":"category","embeddable":true,"href":"https:\/\/filles-de-la-charite.org\/fr\/wp-json\/wp\/v2\/categories?post=22925"},{"taxonomy":"post_tag","embeddable":true,"href":"https:\/\/filles-de-la-charite.org\/fr\/wp-json\/wp\/v2\/tags?post=22925"}],"curies":[{"name":"wp","href":"https:\/\/api.w.org\/{rel}","templated":true}]}}