{"id":22927,"date":"2022-11-30T23:00:00","date_gmt":"2022-11-30T22:00:00","guid":{"rendered":"https:\/\/hijascaridad.sjdigitaldemo.ovh\/casa-encuentro-ward-caroline-du-sud\/"},"modified":"2024-03-17T13:30:34","modified_gmt":"2024-03-17T12:30:34","slug":"casa-encuentro-ward-caroline-du-sud","status":"publish","type":"post","link":"https:\/\/filles-de-la-charite.org\/fr\/casa-encuentro-ward-caroline-du-sud\/","title":{"rendered":"\u00ab\u00a0Casa Encuentro\u00a0\u00bb, Ward, Caroline du Sud"},"content":{"rendered":"\n<p>Cela fait un peu plus d&rsquo;un an que trois Filles de la Charit\u00e9 (les Srs. Consuelo, Migdalia et Paula) et un pr\u00eatre de la mission de la Province de l&rsquo;Est (P. Orlando Cardona) sont arriv\u00e9s en Caroline du Sud, pour commencer une nouvelle mission aupr\u00e8s des migrants.\u00a0 Le comt\u00e9 de Saluda est une r\u00e9gion faiblement peupl\u00e9e (44 personnes et 21 unit\u00e9s de logement par Km2), o\u00f9 l&rsquo;agriculture est la principale industrie.<\/p>\n\n\n\n<p>La seule \u00e9glise catholique du comt\u00e9 est St. William&rsquo;s, une petite paroisse situ\u00e9e sur une parcelle de terre agricole qui a \u00e9t\u00e9 offerte. L&rsquo;\u00e9glise originale a \u00e9t\u00e9 construite dans un champ de ma\u00efs, mais lorsqu\u2019une route a \u00e9t\u00e9 ouverte il y a environ 100 ans, les familles catholiques ont fait don d&rsquo;une partie de leurs terres agricoles le long de la route pour une nouvelle \u00e9glise \u00e0 Ward.<\/p>\n\n\n\n<p>Le complexe paroissial se compose d&rsquo;un centre d&rsquo;activit\u00e9s, d&rsquo;un presbyt\u00e8re, d&rsquo;un couvent (r\u00e9cemment r\u00e9nov\u00e9 pour que les s\u0153urs puissent y vivre et \u00e9galement \u00eatre utilis\u00e9 comme espace communautaire paroissial), et de plusieurs hectares de terrain utilis\u00e9s pour des activit\u00e9s sportives et les jeux de plein air.\u00a0<\/p>\n\n\n\n<p>Depuis leur arriv\u00e9e, les Filles de la Charit\u00e9 et le P\u00e8re Cardona ont mis en place un programme pastoral de foi, d&rsquo;espoir et de charit\u00e9 pour les travailleurs agricoles immigr\u00e9s de la r\u00e9gion. Ils effectuent des visites \u00e0 domicile et chez les malades, des conseils pastoraux, des b\u00e9n\u00e9dictions de maisons, des fun\u00e9railles, des programmes de comp\u00e9tences organisationnelles et de formation spirituelle. La pr\u00e9sence pastorale du P\u00e8re Cardona et des Filles est un v\u00e9ritable tr\u00e9sor pour les paroissiens de St. William&rsquo;s, qui appr\u00e9cient cette\u00a0 nouvelle marque d&rsquo;attention.<\/p>\n\n\n\n<div class=\"wp-block-image\"><figure class=\"aligncenter size-full\"><img decoding=\"async\" src=\"https:\/\/filles-de-la-charite.org\/wp-content\/uploads\/2023\/06\/Bez_tytulu_1-4.jpg\" alt=\"\" class=\"wp-image-72142\" \/><\/figure><\/div>\n\n\n\n<p>Le d\u00e9vouement et la passion de la communaut\u00e9 eccl\u00e9siale sont impressionnants. Parmi les paroissiens, on trouve des catholiques \u00e2g\u00e9s, qui r\u00e9sident depuis longtemps dans la communaut\u00e9 ; des paroissiens, des familles et des travailleurs hispaniques ; des personnes et des familles qui travaillent principalement dans les \u00e9levages de poulets et les abattoirs et qui vivent essentiellement dans des campings voisins ; ainsi que des ouvriers agricoles saisonniers. Avec des groupes et des cultures aussi diversifi\u00e9s, l&rsquo;\u00e9quipe appr\u00e9cie la volont\u00e9 de la communaut\u00e9 de servir dans une myriade de fonctions telles que lecteurs, huissiers, cat\u00e9chistes et ministres de l\u2019eucharistie.<\/p>\n\n\n\n<p>R\u00e9cemment, le P\u00e8re Stephen Grozio, CM, Visiteur des Pr\u00eatres de la mission de la Province de l&rsquo;Est, a visit\u00e9 St. William&rsquo;s et a \u00e9t\u00e9 impressionn\u00e9 par la proximit\u00e9 de la communaut\u00e9. Au cours de sa visite, il a eu l&rsquo;occasion de c\u00e9l\u00e9brer la messe \u00e0 Saint-Guillaume.<\/p>\n\n\n\n<p>\u00ab\u00a0Toutes les personnes pr\u00e9sentes avaient soixante-dix ans ou plus et la plupart \u00e9taient assises sur les bancs au fond de l&rsquo;\u00e9glise\u00a0\u00bb, se souvient le p\u00e8re Grozio. \u00ab\u00a0Les Filles de la Charit\u00e9 et le P\u00e8re Cardona ont partag\u00e9 qu&rsquo;\u00e0 leur arriv\u00e9e, les paroissiens \u00e2g\u00e9s semblaient m\u00e9fiants et s&rsquo;inqui\u00e9taient de la pr\u00e9sence croissante d&rsquo;Hispaniques. Apparemment, cela a chang\u00e9 et je les ai trouv\u00e9s tr\u00e8s ouverts \u00e0 leurs fr\u00e8res et s\u0153urs latinos &#8211; un signe d&rsquo;espoir pour l&rsquo;avenir.\u00a0\u00bb<\/p>\n\n\n\n<p>Le P\u00e8re Grozio est fier et impressionn\u00e9 par le travail que les Filles de la Charit\u00e9 et le P\u00e8re Cardona ont r\u00e9alis\u00e9 pour encourager la communaut\u00e9 chr\u00e9tienne \u00e0 s&rsquo;impliquer, \u00e0 \u00eatre audacieuse et \u00e0 rejoindre la mission vincentienne telle qu&rsquo;elle \u00e9volue. \u00ab\u00a0Je suis plein d&rsquo;espoir et d&rsquo;encouragement \u00ab\u00a0, dit le P\u00e8re Grozio. \u00ab\u00a0Ensemble, [les Filles et les Vincentiens] regardent vers l&rsquo;avenir et l&rsquo;impact que leur travail a &#8211; et a le potentiel d&rsquo;avoir &#8211; sur ceux qui sont mal desservis et qui vivent \u00e0 la p\u00e9riph\u00e9rie.\u00a0\u00bb<\/p>\n\n\n\n<p>En avril 2022, le p\u00e8re Vincent Finnerty, CM, a remplac\u00e9 le p\u00e8re Cardona et est d\u00e9sormais le cur\u00e9 de la paroisse St William. Il poursuit le bon travail de son pr\u00e9d\u00e9cesseur.<\/p>\n\n\n\n<p><em>Tir\u00e9 de l\u2019article \u00ab\u00a0The Message\u00a0\u00bb, printemps 2022, publication du Sanctuaire de la M\u00e9daille Miraculeuse de Philadelphie, Pennsylvanie.<\/em><\/p>\n","protected":false},"excerpt":{"rendered":"<p>Cela fait un peu plus d&rsquo;un an que trois Filles de la Charit\u00e9 (les Srs. Consuelo, Migdalia et Paula) et un pr\u00eatre de la mission de la Province de l&rsquo;Est (P. Orlando Cardona) sont arriv\u00e9s en Caroline du Sud, pour commencer une nouvelle mission aupr\u00e8s des migrants.\u00a0 Le comt\u00e9 de Saluda est une r\u00e9gion faiblement [&hellip;]<\/p>\n","protected":false},"author":1,"featured_media":17391,"comment_status":"closed","ping_status":"closed","sticky":false,"template":"","format":"standard","meta":{"_acf_changed":false,"_et_pb_use_builder":"","_et_pb_old_content":"","_et_gb_content_width":"","footnotes":"","_links_to":"","_links_to_target":""},"categories":[683],"tags":[],"class_list":["post-22927","post","type-post","status-publish","format-standard","has-post-thumbnail","hentry","category-sainte-louise-usa-fr"],"acf":[],"yoast_head":"<!-- This site is optimized with the Yoast SEO plugin v27.4 - https:\/\/yoast.com\/product\/yoast-seo-wordpress\/ -->\n<title>&quot;Casa Encuentro&quot;, Ward, Caroline du Sud - Filles de la Charit\u00e9<\/title>\n<meta name=\"robots\" content=\"index, follow, max-snippet:-1, max-image-preview:large, max-video-preview:-1\" \/>\n<link rel=\"canonical\" href=\"https:\/\/filles-de-la-charite.org\/fr\/casa-encuentro-ward-caroline-du-sud\/\" \/>\n<meta property=\"og:locale\" content=\"fr_FR\" \/>\n<meta property=\"og:type\" content=\"article\" \/>\n<meta property=\"og:title\" content=\"&quot;Casa Encuentro&quot;, Ward, Caroline du Sud - Filles de la Charit\u00e9\" \/>\n<meta property=\"og:description\" content=\"Cela fait un peu plus d&rsquo;un an que trois Filles de la Charit\u00e9 (les Srs. Consuelo, Migdalia et Paula) et un pr\u00eatre de la mission de la Province de l&rsquo;Est (P. Orlando Cardona) sont arriv\u00e9s en Caroline du Sud, pour commencer une nouvelle mission aupr\u00e8s des migrants.\u00a0 Le comt\u00e9 de Saluda est une r\u00e9gion faiblement [&hellip;]\" \/>\n<meta property=\"og:url\" content=\"https:\/\/filles-de-la-charite.org\/fr\/casa-encuentro-ward-caroline-du-sud\/\" \/>\n<meta property=\"og:site_name\" content=\"Filles de la Charit\u00e9\" \/>\n<meta property=\"article:published_time\" content=\"2022-11-30T22:00:00+00:00\" \/>\n<meta property=\"article:modified_time\" content=\"2024-03-17T12:30:34+00:00\" \/>\n<meta property=\"og:image\" content=\"https:\/\/filles-de-la-charite.org\/wp-content\/uploads\/2023\/06\/CMs-and-DCs-Ward-SC.jpg\" \/>\n\t<meta property=\"og:image:width\" content=\"1405\" \/>\n\t<meta property=\"og:image:height\" content=\"1052\" \/>\n\t<meta property=\"og:image:type\" content=\"image\/jpeg\" \/>\n<meta name=\"author\" content=\"admin\" \/>\n<meta name=\"twitter:card\" content=\"summary_large_image\" \/>\n<meta name=\"twitter:label1\" content=\"\u00c9crit par\" \/>\n\t<meta name=\"twitter:data1\" content=\"admin\" \/>\n\t<meta name=\"twitter:label2\" content=\"Dur\u00e9e de lecture estim\u00e9e\" \/>\n\t<meta name=\"twitter:data2\" content=\"3 minutes\" \/>\n<script type=\"application\/ld+json\" class=\"yoast-schema-graph\">{\"@context\":\"https:\\\/\\\/schema.org\",\"@graph\":[{\"@type\":\"Article\",\"@id\":\"https:\\\/\\\/filles-de-la-charite.org\\\/fr\\\/casa-encuentro-ward-caroline-du-sud\\\/#article\",\"isPartOf\":{\"@id\":\"https:\\\/\\\/filles-de-la-charite.org\\\/fr\\\/casa-encuentro-ward-caroline-du-sud\\\/\"},\"author\":{\"name\":\"admin\",\"@id\":\"https:\\\/\\\/filles-de-la-charite.org\\\/fr\\\/#\\\/schema\\\/person\\\/427567b2eccfc2dd7d206da186a1f438\"},\"headline\":\"\u00ab\u00a0Casa Encuentro\u00a0\u00bb, Ward, Caroline du Sud\",\"datePublished\":\"2022-11-30T22:00:00+00:00\",\"dateModified\":\"2024-03-17T12:30:34+00:00\",\"mainEntityOfPage\":{\"@id\":\"https:\\\/\\\/filles-de-la-charite.org\\\/fr\\\/casa-encuentro-ward-caroline-du-sud\\\/\"},\"wordCount\":710,\"publisher\":{\"@id\":\"https:\\\/\\\/filles-de-la-charite.org\\\/fr\\\/#organization\"},\"image\":{\"@id\":\"https:\\\/\\\/filles-de-la-charite.org\\\/fr\\\/casa-encuentro-ward-caroline-du-sud\\\/#primaryimage\"},\"thumbnailUrl\":\"https:\\\/\\\/filles-de-la-charite.org\\\/wp-content\\\/uploads\\\/2023\\\/06\\\/CMs-and-DCs-Ward-SC.jpg\",\"articleSection\":[\"Sainte Louise - USA\"],\"inLanguage\":\"fr-FR\"},{\"@type\":\"WebPage\",\"@id\":\"https:\\\/\\\/filles-de-la-charite.org\\\/fr\\\/casa-encuentro-ward-caroline-du-sud\\\/\",\"url\":\"https:\\\/\\\/filles-de-la-charite.org\\\/fr\\\/casa-encuentro-ward-caroline-du-sud\\\/\",\"name\":\"\\\"Casa Encuentro\\\", Ward, Caroline du Sud - Filles de la Charit\u00e9\",\"isPartOf\":{\"@id\":\"https:\\\/\\\/filles-de-la-charite.org\\\/fr\\\/#website\"},\"primaryImageOfPage\":{\"@id\":\"https:\\\/\\\/filles-de-la-charite.org\\\/fr\\\/casa-encuentro-ward-caroline-du-sud\\\/#primaryimage\"},\"image\":{\"@id\":\"https:\\\/\\\/filles-de-la-charite.org\\\/fr\\\/casa-encuentro-ward-caroline-du-sud\\\/#primaryimage\"},\"thumbnailUrl\":\"https:\\\/\\\/filles-de-la-charite.org\\\/wp-content\\\/uploads\\\/2023\\\/06\\\/CMs-and-DCs-Ward-SC.jpg\",\"datePublished\":\"2022-11-30T22:00:00+00:00\",\"dateModified\":\"2024-03-17T12:30:34+00:00\",\"breadcrumb\":{\"@id\":\"https:\\\/\\\/filles-de-la-charite.org\\\/fr\\\/casa-encuentro-ward-caroline-du-sud\\\/#breadcrumb\"},\"inLanguage\":\"fr-FR\",\"potentialAction\":[{\"@type\":\"ReadAction\",\"target\":[\"https:\\\/\\\/filles-de-la-charite.org\\\/fr\\\/casa-encuentro-ward-caroline-du-sud\\\/\"]}]},{\"@type\":\"ImageObject\",\"inLanguage\":\"fr-FR\",\"@id\":\"https:\\\/\\\/filles-de-la-charite.org\\\/fr\\\/casa-encuentro-ward-caroline-du-sud\\\/#primaryimage\",\"url\":\"https:\\\/\\\/filles-de-la-charite.org\\\/wp-content\\\/uploads\\\/2023\\\/06\\\/CMs-and-DCs-Ward-SC.jpg\",\"contentUrl\":\"https:\\\/\\\/filles-de-la-charite.org\\\/wp-content\\\/uploads\\\/2023\\\/06\\\/CMs-and-DCs-Ward-SC.jpg\",\"width\":1405,\"height\":1052},{\"@type\":\"BreadcrumbList\",\"@id\":\"https:\\\/\\\/filles-de-la-charite.org\\\/fr\\\/casa-encuentro-ward-caroline-du-sud\\\/#breadcrumb\",\"itemListElement\":[{\"@type\":\"ListItem\",\"position\":1,\"name\":\"Sainte Louise - USA\",\"item\":\"https:\\\/\\\/filles-de-la-charite.org\\\/fr\\\/category\\\/sainte-louise-usa-fr\\\/\"},{\"@type\":\"ListItem\",\"position\":2,\"name\":\"\u00ab\u00a0Casa Encuentro\u00a0\u00bb, Ward, Caroline du Sud\"}]},{\"@type\":\"WebSite\",\"@id\":\"https:\\\/\\\/filles-de-la-charite.org\\\/fr\\\/#website\",\"url\":\"https:\\\/\\\/filles-de-la-charite.org\\\/fr\\\/\",\"name\":\"Hijas de la Caridad\",\"description\":\"L\u2019amour de J\u00e9sus nous presse \u00e0 prendre soin des personnes les plus d\u00e9munies\",\"publisher\":{\"@id\":\"https:\\\/\\\/filles-de-la-charite.org\\\/fr\\\/#organization\"},\"potentialAction\":[{\"@type\":\"SearchAction\",\"target\":{\"@type\":\"EntryPoint\",\"urlTemplate\":\"https:\\\/\\\/filles-de-la-charite.org\\\/fr\\\/?s={search_term_string}\"},\"query-input\":{\"@type\":\"PropertyValueSpecification\",\"valueRequired\":true,\"valueName\":\"search_term_string\"}}],\"inLanguage\":\"fr-FR\"},{\"@type\":\"Organization\",\"@id\":\"https:\\\/\\\/filles-de-la-charite.org\\\/fr\\\/#organization\",\"name\":\"Hijas de la Caridad\",\"url\":\"https:\\\/\\\/filles-de-la-charite.org\\\/fr\\\/\",\"logo\":{\"@type\":\"ImageObject\",\"inLanguage\":\"fr-FR\",\"@id\":\"https:\\\/\\\/filles-de-la-charite.org\\\/fr\\\/#\\\/schema\\\/logo\\\/image\\\/\",\"url\":\"https:\\\/\\\/filles-de-la-charite.org\\\/wp-content\\\/uploads\\\/2023\\\/03\\\/isotipo-Hijas-de-la-Caridad.png\",\"contentUrl\":\"https:\\\/\\\/filles-de-la-charite.org\\\/wp-content\\\/uploads\\\/2023\\\/03\\\/isotipo-Hijas-de-la-Caridad.png\",\"width\":1417,\"height\":1417,\"caption\":\"Hijas de la Caridad\"},\"image\":{\"@id\":\"https:\\\/\\\/filles-de-la-charite.org\\\/fr\\\/#\\\/schema\\\/logo\\\/image\\\/\"}},{\"@type\":\"Person\",\"@id\":\"https:\\\/\\\/filles-de-la-charite.org\\\/fr\\\/#\\\/schema\\\/person\\\/427567b2eccfc2dd7d206da186a1f438\",\"name\":\"admin\",\"image\":{\"@type\":\"ImageObject\",\"inLanguage\":\"fr-FR\",\"@id\":\"https:\\\/\\\/secure.gravatar.com\\\/avatar\\\/948b492cce32b586ac2db0eaa926ee87024f7afe218d73b397ea5ddfc5f43ea1?s=96&d=mm&r=g\",\"url\":\"https:\\\/\\\/secure.gravatar.com\\\/avatar\\\/948b492cce32b586ac2db0eaa926ee87024f7afe218d73b397ea5ddfc5f43ea1?s=96&d=mm&r=g\",\"contentUrl\":\"https:\\\/\\\/secure.gravatar.com\\\/avatar\\\/948b492cce32b586ac2db0eaa926ee87024f7afe218d73b397ea5ddfc5f43ea1?s=96&d=mm&r=g\",\"caption\":\"admin\"},\"sameAs\":[\"https:\\\/\\\/filles-de-la-charite.org\"],\"url\":\"https:\\\/\\\/filles-de-la-charite.org\\\/fr\\\/author\\\/caridad\\\/\"}]}<\/script>\n<!-- \/ Yoast SEO plugin. -->","yoast_head_json":{"title":"\"Casa Encuentro\", Ward, Caroline du Sud - Filles de la Charit\u00e9","robots":{"index":"index","follow":"follow","max-snippet":"max-snippet:-1","max-image-preview":"max-image-preview:large","max-video-preview":"max-video-preview:-1"},"canonical":"https:\/\/filles-de-la-charite.org\/fr\/casa-encuentro-ward-caroline-du-sud\/","og_locale":"fr_FR","og_type":"article","og_title":"\"Casa Encuentro\", Ward, Caroline du Sud - Filles de la Charit\u00e9","og_description":"Cela fait un peu plus d&rsquo;un an que trois Filles de la Charit\u00e9 (les Srs. Consuelo, Migdalia et Paula) et un pr\u00eatre de la mission de la Province de l&rsquo;Est (P. Orlando Cardona) sont arriv\u00e9s en Caroline du Sud, pour commencer une nouvelle mission aupr\u00e8s des migrants.\u00a0 Le comt\u00e9 de Saluda est une r\u00e9gion faiblement [&hellip;]","og_url":"https:\/\/filles-de-la-charite.org\/fr\/casa-encuentro-ward-caroline-du-sud\/","og_site_name":"Filles de la Charit\u00e9","article_published_time":"2022-11-30T22:00:00+00:00","article_modified_time":"2024-03-17T12:30:34+00:00","og_image":[{"width":1405,"height":1052,"url":"https:\/\/filles-de-la-charite.org\/wp-content\/uploads\/2023\/06\/CMs-and-DCs-Ward-SC.jpg","type":"image\/jpeg"}],"author":"admin","twitter_card":"summary_large_image","twitter_misc":{"\u00c9crit par":"admin","Dur\u00e9e de lecture estim\u00e9e":"3 minutes"},"schema":{"@context":"https:\/\/schema.org","@graph":[{"@type":"Article","@id":"https:\/\/filles-de-la-charite.org\/fr\/casa-encuentro-ward-caroline-du-sud\/#article","isPartOf":{"@id":"https:\/\/filles-de-la-charite.org\/fr\/casa-encuentro-ward-caroline-du-sud\/"},"author":{"name":"admin","@id":"https:\/\/filles-de-la-charite.org\/fr\/#\/schema\/person\/427567b2eccfc2dd7d206da186a1f438"},"headline":"\u00ab\u00a0Casa Encuentro\u00a0\u00bb, Ward, Caroline du Sud","datePublished":"2022-11-30T22:00:00+00:00","dateModified":"2024-03-17T12:30:34+00:00","mainEntityOfPage":{"@id":"https:\/\/filles-de-la-charite.org\/fr\/casa-encuentro-ward-caroline-du-sud\/"},"wordCount":710,"publisher":{"@id":"https:\/\/filles-de-la-charite.org\/fr\/#organization"},"image":{"@id":"https:\/\/filles-de-la-charite.org\/fr\/casa-encuentro-ward-caroline-du-sud\/#primaryimage"},"thumbnailUrl":"https:\/\/filles-de-la-charite.org\/wp-content\/uploads\/2023\/06\/CMs-and-DCs-Ward-SC.jpg","articleSection":["Sainte Louise - USA"],"inLanguage":"fr-FR"},{"@type":"WebPage","@id":"https:\/\/filles-de-la-charite.org\/fr\/casa-encuentro-ward-caroline-du-sud\/","url":"https:\/\/filles-de-la-charite.org\/fr\/casa-encuentro-ward-caroline-du-sud\/","name":"\"Casa Encuentro\", Ward, Caroline du Sud - Filles de la Charit\u00e9","isPartOf":{"@id":"https:\/\/filles-de-la-charite.org\/fr\/#website"},"primaryImageOfPage":{"@id":"https:\/\/filles-de-la-charite.org\/fr\/casa-encuentro-ward-caroline-du-sud\/#primaryimage"},"image":{"@id":"https:\/\/filles-de-la-charite.org\/fr\/casa-encuentro-ward-caroline-du-sud\/#primaryimage"},"thumbnailUrl":"https:\/\/filles-de-la-charite.org\/wp-content\/uploads\/2023\/06\/CMs-and-DCs-Ward-SC.jpg","datePublished":"2022-11-30T22:00:00+00:00","dateModified":"2024-03-17T12:30:34+00:00","breadcrumb":{"@id":"https:\/\/filles-de-la-charite.org\/fr\/casa-encuentro-ward-caroline-du-sud\/#breadcrumb"},"inLanguage":"fr-FR","potentialAction":[{"@type":"ReadAction","target":["https:\/\/filles-de-la-charite.org\/fr\/casa-encuentro-ward-caroline-du-sud\/"]}]},{"@type":"ImageObject","inLanguage":"fr-FR","@id":"https:\/\/filles-de-la-charite.org\/fr\/casa-encuentro-ward-caroline-du-sud\/#primaryimage","url":"https:\/\/filles-de-la-charite.org\/wp-content\/uploads\/2023\/06\/CMs-and-DCs-Ward-SC.jpg","contentUrl":"https:\/\/filles-de-la-charite.org\/wp-content\/uploads\/2023\/06\/CMs-and-DCs-Ward-SC.jpg","width":1405,"height":1052},{"@type":"BreadcrumbList","@id":"https:\/\/filles-de-la-charite.org\/fr\/casa-encuentro-ward-caroline-du-sud\/#breadcrumb","itemListElement":[{"@type":"ListItem","position":1,"name":"Sainte Louise - USA","item":"https:\/\/filles-de-la-charite.org\/fr\/category\/sainte-louise-usa-fr\/"},{"@type":"ListItem","position":2,"name":"\u00ab\u00a0Casa Encuentro\u00a0\u00bb, Ward, Caroline du Sud"}]},{"@type":"WebSite","@id":"https:\/\/filles-de-la-charite.org\/fr\/#website","url":"https:\/\/filles-de-la-charite.org\/fr\/","name":"Hijas de la Caridad","description":"L\u2019amour de J\u00e9sus nous presse \u00e0 prendre soin des personnes les plus d\u00e9munies","publisher":{"@id":"https:\/\/filles-de-la-charite.org\/fr\/#organization"},"potentialAction":[{"@type":"SearchAction","target":{"@type":"EntryPoint","urlTemplate":"https:\/\/filles-de-la-charite.org\/fr\/?s={search_term_string}"},"query-input":{"@type":"PropertyValueSpecification","valueRequired":true,"valueName":"search_term_string"}}],"inLanguage":"fr-FR"},{"@type":"Organization","@id":"https:\/\/filles-de-la-charite.org\/fr\/#organization","name":"Hijas de la Caridad","url":"https:\/\/filles-de-la-charite.org\/fr\/","logo":{"@type":"ImageObject","inLanguage":"fr-FR","@id":"https:\/\/filles-de-la-charite.org\/fr\/#\/schema\/logo\/image\/","url":"https:\/\/filles-de-la-charite.org\/wp-content\/uploads\/2023\/03\/isotipo-Hijas-de-la-Caridad.png","contentUrl":"https:\/\/filles-de-la-charite.org\/wp-content\/uploads\/2023\/03\/isotipo-Hijas-de-la-Caridad.png","width":1417,"height":1417,"caption":"Hijas de la Caridad"},"image":{"@id":"https:\/\/filles-de-la-charite.org\/fr\/#\/schema\/logo\/image\/"}},{"@type":"Person","@id":"https:\/\/filles-de-la-charite.org\/fr\/#\/schema\/person\/427567b2eccfc2dd7d206da186a1f438","name":"admin","image":{"@type":"ImageObject","inLanguage":"fr-FR","@id":"https:\/\/secure.gravatar.com\/avatar\/948b492cce32b586ac2db0eaa926ee87024f7afe218d73b397ea5ddfc5f43ea1?s=96&d=mm&r=g","url":"https:\/\/secure.gravatar.com\/avatar\/948b492cce32b586ac2db0eaa926ee87024f7afe218d73b397ea5ddfc5f43ea1?s=96&d=mm&r=g","contentUrl":"https:\/\/secure.gravatar.com\/avatar\/948b492cce32b586ac2db0eaa926ee87024f7afe218d73b397ea5ddfc5f43ea1?s=96&d=mm&r=g","caption":"admin"},"sameAs":["https:\/\/filles-de-la-charite.org"],"url":"https:\/\/filles-de-la-charite.org\/fr\/author\/caridad\/"}]}},"_links":{"self":[{"href":"https:\/\/filles-de-la-charite.org\/fr\/wp-json\/wp\/v2\/posts\/22927","targetHints":{"allow":["GET"]}}],"collection":[{"href":"https:\/\/filles-de-la-charite.org\/fr\/wp-json\/wp\/v2\/posts"}],"about":[{"href":"https:\/\/filles-de-la-charite.org\/fr\/wp-json\/wp\/v2\/types\/post"}],"author":[{"embeddable":true,"href":"https:\/\/filles-de-la-charite.org\/fr\/wp-json\/wp\/v2\/users\/1"}],"replies":[{"embeddable":true,"href":"https:\/\/filles-de-la-charite.org\/fr\/wp-json\/wp\/v2\/comments?post=22927"}],"version-history":[{"count":1,"href":"https:\/\/filles-de-la-charite.org\/fr\/wp-json\/wp\/v2\/posts\/22927\/revisions"}],"predecessor-version":[{"id":22928,"href":"https:\/\/filles-de-la-charite.org\/fr\/wp-json\/wp\/v2\/posts\/22927\/revisions\/22928"}],"wp:featuredmedia":[{"embeddable":true,"href":"https:\/\/filles-de-la-charite.org\/fr\/wp-json\/wp\/v2\/media\/17391"}],"wp:attachment":[{"href":"https:\/\/filles-de-la-charite.org\/fr\/wp-json\/wp\/v2\/media?parent=22927"}],"wp:term":[{"taxonomy":"category","embeddable":true,"href":"https:\/\/filles-de-la-charite.org\/fr\/wp-json\/wp\/v2\/categories?post=22927"},{"taxonomy":"post_tag","embeddable":true,"href":"https:\/\/filles-de-la-charite.org\/fr\/wp-json\/wp\/v2\/tags?post=22927"}],"curies":[{"name":"wp","href":"https:\/\/api.w.org\/{rel}","templated":true}]}}