{"id":22931,"date":"2022-12-31T23:00:00","date_gmt":"2022-12-31T22:00:00","guid":{"rendered":"https:\/\/hijascaridad.sjdigitaldemo.ovh\/chemin-de-prophetie-et-desperance\/"},"modified":"2024-03-17T16:01:36","modified_gmt":"2024-03-17T15:01:36","slug":"chemin-de-prophetie-et-desperance","status":"publish","type":"post","link":"https:\/\/filles-de-la-charite.org\/fr\/chemin-de-prophetie-et-desperance\/","title":{"rendered":"<strong>Chemin de proph\u00e9tie et d&rsquo;esp\u00e9rance<\/strong>"},"content":{"rendered":"\n<p><strong><em>\"Le th\u00e8me des Assembl\u00e9es a entra\u00een\u00e9 la Compagnie dans un processus d'ouverture\".<\/em><\/strong> DIA. - Porte 1).\u00a0 Dans cette optique, 32 Filles de la Charit\u00e9 se sont r\u00e9unies en \u00c9quateur du 28 septembre au 6 octobre pour r\u00e9fl\u00e9chir et approfondir la compr\u00e9hension de la gestion des biens dans le contexte de l'Am\u00e9rique latine. Les Visitatrices, les Economes provinciales et les Soeurs r\u00e9f\u00e9rentes pour les affaires \u00e9conomiques d'Am\u00e9rique latine et des Cara\u00efbes - 8 provinces, 21 pays - \u00e9taient accompagn\u00e9es de Sr Alicia Margarita Cort\u00e9s, conseill\u00e8re g\u00e9n\u00e9rale, Sr Isel Negrelli, Econome g\u00e9n\u00e9rale, et Sr Immaculada Ladrero, membre de la Commission internationale des finances. Nous avons constat\u00e9 \u00e0 un niveau plus profond que le service de l'\u00e9conomie dans le monde d'aujourd'hui est un \"chemin de proph\u00e9tie et d'esp\u00e9rance\", et que la mission et le charisme des Filles de la Charit\u00e9 vont au-del\u00e0 de l'administration des biens mat\u00e9riels.<\/p>\n\n\n\n<figure class=\"wp-block-image size-full\"><img decoding=\"async\" src=\"https:\/\/filles-de-la-charite.org\/wp-content\/uploads\/2023\/06\/Altar-Apertura-del-Encuentro.jpg\" alt=\"\" class=\"wp-image-72303\"\/><\/figure>\n\n\n\n<p>Il est n\u00e9cessaire d'\"<em>humaniser<\/em>\" la finance, nos relations, nos services et notre environnement de travail comme base d'une nouvelle \u00e9conomie centr\u00e9e sur les personnes et au service de la \"<em>vie<\/em>\". Nous devons r\u00e9aliser, plus que jamais, que les ressources dont nous disposons ne sont pas infinies et qu'elles doivent \u00eatre utilis\u00e9es pour r\u00e9pondre aux besoins des s\u0153urs et des pauvres, aujourd'hui et demain, avec confiance dans la Providence de Dieu.<\/p>\n\n\n\n<figure class=\"wp-block-image alignwide size-large\"><img decoding=\"async\" src=\"https:\/\/filles-de-la-charite.org\/wp-content\/uploads\/2023\/06\/Ecuador-Hermanas-Enlace-1024x461-1.jpg\" alt=\"\" class=\"wp-image-72304\"\/><\/figure>\n\n\n\n<p>\u00c0 la lumi\u00e8re des \u00e9changes et de ce que nous avons re\u00e7u au cours de ces journ\u00e9es, nous avons r\u00e9dig\u00e9 nos conclusions dans un document qui, suivant le mod\u00e8le offert par le document inter-assembl\u00e9es, nous invite \u00e0 franchir trois portes : Charisme, Formation et une saine administration, avec leurs cl\u00e9s respectives : <em>Conversion pour approfondir les relations, Ouverture d'esprit comme base de tout changement, et Pr\u00e9sence comme mission.<\/em><\/p>\n\n\n\n<p>Notre gratitude \u00e0 S\u0153ur Fran\u00e7oise et \u00e0 son Conseil pour avoir offert des espaces de formation et d'actualisation qui renforcent les liens fraternels ; \u00e0 S\u0153ur Isel qui commence sa mission d\u2019 Econome g\u00e9n\u00e9rale et \u00e0 S\u0153ur Inmaculada du CIF - toutes deux ont t\u00e9moign\u00e9 par leur simplicit\u00e9 et leur engagement, en solidarit\u00e9 avec nos fr\u00e8res et s\u0153urs qui souffrent le plus.<\/p>\n\n\n\n<p>Un merci tout particulier aux s\u0153urs de la Province d'Equateur qui, avec g\u00e9n\u00e9rosit\u00e9, joie et cr\u00e9ativit\u00e9, ont pr\u00e9par\u00e9 et anim\u00e9 cette rencontre et nous ont fait sentir la chaleur de leur accueil.<\/p>\n\n\n\n<p>Soeur Ediltrudis Acevedo et Soeur Mar\u00eda Helena Daza<\/p>\n\n\n\n<p><em>Secr\u00e9taires de la rencontr\u00e9.\u2003<\/em><\/p>\n","protected":false},"excerpt":{"rendered":"<p>\u00ab\u00a0Le th\u00e8me des Assembl\u00e9es a entra\u00een\u00e9 la Compagnie dans un processus d&rsquo;ouverture\u00a0\u00bb. DIA. &#8211; Porte 1).\u00a0 Dans cette optique, 32 Filles de la Charit\u00e9 se sont r\u00e9unies en \u00c9quateur du 28 septembre au 6 octobre pour r\u00e9fl\u00e9chir et approfondir la compr\u00e9hension de la gestion des biens dans le contexte de l&rsquo;Am\u00e9rique latine. Les Visitatrices, les [&hellip;]<\/p>\n","protected":false},"author":1,"featured_media":17437,"comment_status":"closed","ping_status":"closed","sticky":false,"template":"","format":"standard","meta":{"_acf_changed":false,"footnotes":"","_links_to":"","_links_to_target":""},"categories":[782],"tags":[],"class_list":["post-22931","post","type-post","status-publish","format-standard","has-post-thumbnail","hentry","category-equateur"],"acf":[],"yoast_head":"<!-- This site is optimized with the Yoast SEO plugin v27.5 - https:\/\/yoast.com\/product\/yoast-seo-wordpress\/ -->\n<title>Chemin de proph\u00e9tie et d&#039;esp\u00e9rance - Filles de la Charit\u00e9<\/title>\n<meta name=\"robots\" content=\"index, follow, max-snippet:-1, max-image-preview:large, max-video-preview:-1\" \/>\n<link rel=\"canonical\" href=\"https:\/\/filles-de-la-charite.org\/fr\/chemin-de-prophetie-et-desperance\/\" \/>\n<meta property=\"og:locale\" content=\"fr_FR\" \/>\n<meta property=\"og:type\" content=\"article\" \/>\n<meta property=\"og:title\" content=\"Chemin de proph\u00e9tie et d&#039;esp\u00e9rance - Filles de la Charit\u00e9\" \/>\n<meta property=\"og:description\" content=\"\u00ab\u00a0Le th\u00e8me des Assembl\u00e9es a entra\u00een\u00e9 la Compagnie dans un processus d&rsquo;ouverture\u00a0\u00bb. DIA. &#8211; Porte 1).\u00a0 Dans cette optique, 32 Filles de la Charit\u00e9 se sont r\u00e9unies en \u00c9quateur du 28 septembre au 6 octobre pour r\u00e9fl\u00e9chir et approfondir la compr\u00e9hension de la gestion des biens dans le contexte de l&rsquo;Am\u00e9rique latine. Les Visitatrices, les [&hellip;]\" \/>\n<meta property=\"og:url\" content=\"https:\/\/filles-de-la-charite.org\/fr\/chemin-de-prophetie-et-desperance\/\" \/>\n<meta property=\"og:site_name\" content=\"Filles de la Charit\u00e9\" \/>\n<meta property=\"article:published_time\" content=\"2022-12-31T22:00:00+00:00\" \/>\n<meta property=\"article:modified_time\" content=\"2024-03-17T15:01:36+00:00\" \/>\n<meta property=\"og:image\" content=\"https:\/\/filles-de-la-charite.org\/wp-content\/uploads\/2023\/06\/Ecuador-Economas-horizontal_auto_x2.jpg\" \/>\n\t<meta property=\"og:image:width\" content=\"1148\" \/>\n\t<meta property=\"og:image:height\" content=\"646\" \/>\n\t<meta property=\"og:image:type\" content=\"image\/jpeg\" \/>\n<meta name=\"author\" content=\"admin\" \/>\n<meta name=\"twitter:card\" content=\"summary_large_image\" \/>\n<meta name=\"twitter:label1\" content=\"\u00c9crit par\" \/>\n\t<meta name=\"twitter:data1\" content=\"admin\" \/>\n\t<meta name=\"twitter:label2\" content=\"Dur\u00e9e de lecture estim\u00e9e\" \/>\n\t<meta name=\"twitter:data2\" content=\"2 minutes\" \/>\n<script type=\"application\/ld+json\" class=\"yoast-schema-graph\">{\"@context\":\"https:\\\/\\\/schema.org\",\"@graph\":[{\"@type\":\"Article\",\"@id\":\"https:\\\/\\\/filles-de-la-charite.org\\\/fr\\\/chemin-de-prophetie-et-desperance\\\/#article\",\"isPartOf\":{\"@id\":\"https:\\\/\\\/filles-de-la-charite.org\\\/fr\\\/chemin-de-prophetie-et-desperance\\\/\"},\"author\":{\"name\":\"admin\",\"@id\":\"https:\\\/\\\/filles-de-la-charite.org\\\/fr\\\/#\\\/schema\\\/person\\\/427567b2eccfc2dd7d206da186a1f438\"},\"headline\":\"Chemin de proph\u00e9tie et d&rsquo;esp\u00e9rance\",\"datePublished\":\"2022-12-31T22:00:00+00:00\",\"dateModified\":\"2024-03-17T15:01:36+00:00\",\"mainEntityOfPage\":{\"@id\":\"https:\\\/\\\/filles-de-la-charite.org\\\/fr\\\/chemin-de-prophetie-et-desperance\\\/\"},\"wordCount\":447,\"publisher\":{\"@id\":\"https:\\\/\\\/filles-de-la-charite.org\\\/fr\\\/#organization\"},\"image\":{\"@id\":\"https:\\\/\\\/filles-de-la-charite.org\\\/fr\\\/chemin-de-prophetie-et-desperance\\\/#primaryimage\"},\"thumbnailUrl\":\"https:\\\/\\\/filles-de-la-charite.org\\\/wp-content\\\/uploads\\\/2023\\\/06\\\/Ecuador-Economas-horizontal_auto_x2.jpg\",\"articleSection\":[\"\u00c9quateur\"],\"inLanguage\":\"fr-FR\"},{\"@type\":\"WebPage\",\"@id\":\"https:\\\/\\\/filles-de-la-charite.org\\\/fr\\\/chemin-de-prophetie-et-desperance\\\/\",\"url\":\"https:\\\/\\\/filles-de-la-charite.org\\\/fr\\\/chemin-de-prophetie-et-desperance\\\/\",\"name\":\"Chemin de proph\u00e9tie et d'esp\u00e9rance - Filles de la Charit\u00e9\",\"isPartOf\":{\"@id\":\"https:\\\/\\\/filles-de-la-charite.org\\\/fr\\\/#website\"},\"primaryImageOfPage\":{\"@id\":\"https:\\\/\\\/filles-de-la-charite.org\\\/fr\\\/chemin-de-prophetie-et-desperance\\\/#primaryimage\"},\"image\":{\"@id\":\"https:\\\/\\\/filles-de-la-charite.org\\\/fr\\\/chemin-de-prophetie-et-desperance\\\/#primaryimage\"},\"thumbnailUrl\":\"https:\\\/\\\/filles-de-la-charite.org\\\/wp-content\\\/uploads\\\/2023\\\/06\\\/Ecuador-Economas-horizontal_auto_x2.jpg\",\"datePublished\":\"2022-12-31T22:00:00+00:00\",\"dateModified\":\"2024-03-17T15:01:36+00:00\",\"breadcrumb\":{\"@id\":\"https:\\\/\\\/filles-de-la-charite.org\\\/fr\\\/chemin-de-prophetie-et-desperance\\\/#breadcrumb\"},\"inLanguage\":\"fr-FR\",\"potentialAction\":[{\"@type\":\"ReadAction\",\"target\":[\"https:\\\/\\\/filles-de-la-charite.org\\\/fr\\\/chemin-de-prophetie-et-desperance\\\/\"]}]},{\"@type\":\"ImageObject\",\"inLanguage\":\"fr-FR\",\"@id\":\"https:\\\/\\\/filles-de-la-charite.org\\\/fr\\\/chemin-de-prophetie-et-desperance\\\/#primaryimage\",\"url\":\"https:\\\/\\\/filles-de-la-charite.org\\\/wp-content\\\/uploads\\\/2023\\\/06\\\/Ecuador-Economas-horizontal_auto_x2.jpg\",\"contentUrl\":\"https:\\\/\\\/filles-de-la-charite.org\\\/wp-content\\\/uploads\\\/2023\\\/06\\\/Ecuador-Economas-horizontal_auto_x2.jpg\",\"width\":1148,\"height\":646},{\"@type\":\"BreadcrumbList\",\"@id\":\"https:\\\/\\\/filles-de-la-charite.org\\\/fr\\\/chemin-de-prophetie-et-desperance\\\/#breadcrumb\",\"itemListElement\":[{\"@type\":\"ListItem\",\"position\":1,\"name\":\"\u00c9quateur\",\"item\":\"https:\\\/\\\/filles-de-la-charite.org\\\/fr\\\/category\\\/equateur\\\/\"},{\"@type\":\"ListItem\",\"position\":2,\"name\":\"Chemin de proph\u00e9tie et d&#8217;esp\u00e9rance\"}]},{\"@type\":\"WebSite\",\"@id\":\"https:\\\/\\\/filles-de-la-charite.org\\\/fr\\\/#website\",\"url\":\"https:\\\/\\\/filles-de-la-charite.org\\\/fr\\\/\",\"name\":\"Hijas de la Caridad\",\"description\":\"L\u2019amour de J\u00e9sus nous presse \u00e0 prendre soin des personnes les plus d\u00e9munies\",\"publisher\":{\"@id\":\"https:\\\/\\\/filles-de-la-charite.org\\\/fr\\\/#organization\"},\"potentialAction\":[{\"@type\":\"SearchAction\",\"target\":{\"@type\":\"EntryPoint\",\"urlTemplate\":\"https:\\\/\\\/filles-de-la-charite.org\\\/fr\\\/?s={search_term_string}\"},\"query-input\":{\"@type\":\"PropertyValueSpecification\",\"valueRequired\":true,\"valueName\":\"search_term_string\"}}],\"inLanguage\":\"fr-FR\"},{\"@type\":\"Organization\",\"@id\":\"https:\\\/\\\/filles-de-la-charite.org\\\/fr\\\/#organization\",\"name\":\"Hijas de la Caridad\",\"url\":\"https:\\\/\\\/filles-de-la-charite.org\\\/fr\\\/\",\"logo\":{\"@type\":\"ImageObject\",\"inLanguage\":\"fr-FR\",\"@id\":\"https:\\\/\\\/filles-de-la-charite.org\\\/fr\\\/#\\\/schema\\\/logo\\\/image\\\/\",\"url\":\"https:\\\/\\\/filles-de-la-charite.org\\\/wp-content\\\/uploads\\\/2023\\\/03\\\/isotipo-Hijas-de-la-Caridad.png\",\"contentUrl\":\"https:\\\/\\\/filles-de-la-charite.org\\\/wp-content\\\/uploads\\\/2023\\\/03\\\/isotipo-Hijas-de-la-Caridad.png\",\"width\":1417,\"height\":1417,\"caption\":\"Hijas de la Caridad\"},\"image\":{\"@id\":\"https:\\\/\\\/filles-de-la-charite.org\\\/fr\\\/#\\\/schema\\\/logo\\\/image\\\/\"}},{\"@type\":\"Person\",\"@id\":\"https:\\\/\\\/filles-de-la-charite.org\\\/fr\\\/#\\\/schema\\\/person\\\/427567b2eccfc2dd7d206da186a1f438\",\"name\":\"admin\",\"image\":{\"@type\":\"ImageObject\",\"inLanguage\":\"fr-FR\",\"@id\":\"https:\\\/\\\/secure.gravatar.com\\\/avatar\\\/948b492cce32b586ac2db0eaa926ee87024f7afe218d73b397ea5ddfc5f43ea1?s=96&d=mm&r=g\",\"url\":\"https:\\\/\\\/secure.gravatar.com\\\/avatar\\\/948b492cce32b586ac2db0eaa926ee87024f7afe218d73b397ea5ddfc5f43ea1?s=96&d=mm&r=g\",\"contentUrl\":\"https:\\\/\\\/secure.gravatar.com\\\/avatar\\\/948b492cce32b586ac2db0eaa926ee87024f7afe218d73b397ea5ddfc5f43ea1?s=96&d=mm&r=g\",\"caption\":\"admin\"},\"sameAs\":[\"https:\\\/\\\/filles-de-la-charite.org\"],\"url\":\"https:\\\/\\\/filles-de-la-charite.org\\\/fr\\\/author\\\/caridad\\\/\"}]}<\/script>\n<!-- \/ Yoast SEO plugin. -->","yoast_head_json":{"title":"Chemin de proph\u00e9tie et d'esp\u00e9rance - Filles de la Charit\u00e9","robots":{"index":"index","follow":"follow","max-snippet":"max-snippet:-1","max-image-preview":"max-image-preview:large","max-video-preview":"max-video-preview:-1"},"canonical":"https:\/\/filles-de-la-charite.org\/fr\/chemin-de-prophetie-et-desperance\/","og_locale":"fr_FR","og_type":"article","og_title":"Chemin de proph\u00e9tie et d'esp\u00e9rance - Filles de la Charit\u00e9","og_description":"\u00ab\u00a0Le th\u00e8me des Assembl\u00e9es a entra\u00een\u00e9 la Compagnie dans un processus d&rsquo;ouverture\u00a0\u00bb. DIA. &#8211; Porte 1).\u00a0 Dans cette optique, 32 Filles de la Charit\u00e9 se sont r\u00e9unies en \u00c9quateur du 28 septembre au 6 octobre pour r\u00e9fl\u00e9chir et approfondir la compr\u00e9hension de la gestion des biens dans le contexte de l&rsquo;Am\u00e9rique latine. Les Visitatrices, les [&hellip;]","og_url":"https:\/\/filles-de-la-charite.org\/fr\/chemin-de-prophetie-et-desperance\/","og_site_name":"Filles de la Charit\u00e9","article_published_time":"2022-12-31T22:00:00+00:00","article_modified_time":"2024-03-17T15:01:36+00:00","og_image":[{"width":1148,"height":646,"url":"https:\/\/filles-de-la-charite.org\/wp-content\/uploads\/2023\/06\/Ecuador-Economas-horizontal_auto_x2.jpg","type":"image\/jpeg"}],"author":"admin","twitter_card":"summary_large_image","twitter_misc":{"\u00c9crit par":"admin","Dur\u00e9e de lecture estim\u00e9e":"2 minutes"},"schema":{"@context":"https:\/\/schema.org","@graph":[{"@type":"Article","@id":"https:\/\/filles-de-la-charite.org\/fr\/chemin-de-prophetie-et-desperance\/#article","isPartOf":{"@id":"https:\/\/filles-de-la-charite.org\/fr\/chemin-de-prophetie-et-desperance\/"},"author":{"name":"admin","@id":"https:\/\/filles-de-la-charite.org\/fr\/#\/schema\/person\/427567b2eccfc2dd7d206da186a1f438"},"headline":"Chemin de proph\u00e9tie et d&rsquo;esp\u00e9rance","datePublished":"2022-12-31T22:00:00+00:00","dateModified":"2024-03-17T15:01:36+00:00","mainEntityOfPage":{"@id":"https:\/\/filles-de-la-charite.org\/fr\/chemin-de-prophetie-et-desperance\/"},"wordCount":447,"publisher":{"@id":"https:\/\/filles-de-la-charite.org\/fr\/#organization"},"image":{"@id":"https:\/\/filles-de-la-charite.org\/fr\/chemin-de-prophetie-et-desperance\/#primaryimage"},"thumbnailUrl":"https:\/\/filles-de-la-charite.org\/wp-content\/uploads\/2023\/06\/Ecuador-Economas-horizontal_auto_x2.jpg","articleSection":["\u00c9quateur"],"inLanguage":"fr-FR"},{"@type":"WebPage","@id":"https:\/\/filles-de-la-charite.org\/fr\/chemin-de-prophetie-et-desperance\/","url":"https:\/\/filles-de-la-charite.org\/fr\/chemin-de-prophetie-et-desperance\/","name":"Chemin de proph\u00e9tie et d'esp\u00e9rance - Filles de la Charit\u00e9","isPartOf":{"@id":"https:\/\/filles-de-la-charite.org\/fr\/#website"},"primaryImageOfPage":{"@id":"https:\/\/filles-de-la-charite.org\/fr\/chemin-de-prophetie-et-desperance\/#primaryimage"},"image":{"@id":"https:\/\/filles-de-la-charite.org\/fr\/chemin-de-prophetie-et-desperance\/#primaryimage"},"thumbnailUrl":"https:\/\/filles-de-la-charite.org\/wp-content\/uploads\/2023\/06\/Ecuador-Economas-horizontal_auto_x2.jpg","datePublished":"2022-12-31T22:00:00+00:00","dateModified":"2024-03-17T15:01:36+00:00","breadcrumb":{"@id":"https:\/\/filles-de-la-charite.org\/fr\/chemin-de-prophetie-et-desperance\/#breadcrumb"},"inLanguage":"fr-FR","potentialAction":[{"@type":"ReadAction","target":["https:\/\/filles-de-la-charite.org\/fr\/chemin-de-prophetie-et-desperance\/"]}]},{"@type":"ImageObject","inLanguage":"fr-FR","@id":"https:\/\/filles-de-la-charite.org\/fr\/chemin-de-prophetie-et-desperance\/#primaryimage","url":"https:\/\/filles-de-la-charite.org\/wp-content\/uploads\/2023\/06\/Ecuador-Economas-horizontal_auto_x2.jpg","contentUrl":"https:\/\/filles-de-la-charite.org\/wp-content\/uploads\/2023\/06\/Ecuador-Economas-horizontal_auto_x2.jpg","width":1148,"height":646},{"@type":"BreadcrumbList","@id":"https:\/\/filles-de-la-charite.org\/fr\/chemin-de-prophetie-et-desperance\/#breadcrumb","itemListElement":[{"@type":"ListItem","position":1,"name":"\u00c9quateur","item":"https:\/\/filles-de-la-charite.org\/fr\/category\/equateur\/"},{"@type":"ListItem","position":2,"name":"Chemin de proph\u00e9tie et d&#8217;esp\u00e9rance"}]},{"@type":"WebSite","@id":"https:\/\/filles-de-la-charite.org\/fr\/#website","url":"https:\/\/filles-de-la-charite.org\/fr\/","name":"Hijas de la Caridad","description":"L\u2019amour de J\u00e9sus nous presse \u00e0 prendre soin des personnes les plus d\u00e9munies","publisher":{"@id":"https:\/\/filles-de-la-charite.org\/fr\/#organization"},"potentialAction":[{"@type":"SearchAction","target":{"@type":"EntryPoint","urlTemplate":"https:\/\/filles-de-la-charite.org\/fr\/?s={search_term_string}"},"query-input":{"@type":"PropertyValueSpecification","valueRequired":true,"valueName":"search_term_string"}}],"inLanguage":"fr-FR"},{"@type":"Organization","@id":"https:\/\/filles-de-la-charite.org\/fr\/#organization","name":"Hijas de la Caridad","url":"https:\/\/filles-de-la-charite.org\/fr\/","logo":{"@type":"ImageObject","inLanguage":"fr-FR","@id":"https:\/\/filles-de-la-charite.org\/fr\/#\/schema\/logo\/image\/","url":"https:\/\/filles-de-la-charite.org\/wp-content\/uploads\/2023\/03\/isotipo-Hijas-de-la-Caridad.png","contentUrl":"https:\/\/filles-de-la-charite.org\/wp-content\/uploads\/2023\/03\/isotipo-Hijas-de-la-Caridad.png","width":1417,"height":1417,"caption":"Hijas de la Caridad"},"image":{"@id":"https:\/\/filles-de-la-charite.org\/fr\/#\/schema\/logo\/image\/"}},{"@type":"Person","@id":"https:\/\/filles-de-la-charite.org\/fr\/#\/schema\/person\/427567b2eccfc2dd7d206da186a1f438","name":"admin","image":{"@type":"ImageObject","inLanguage":"fr-FR","@id":"https:\/\/secure.gravatar.com\/avatar\/948b492cce32b586ac2db0eaa926ee87024f7afe218d73b397ea5ddfc5f43ea1?s=96&d=mm&r=g","url":"https:\/\/secure.gravatar.com\/avatar\/948b492cce32b586ac2db0eaa926ee87024f7afe218d73b397ea5ddfc5f43ea1?s=96&d=mm&r=g","contentUrl":"https:\/\/secure.gravatar.com\/avatar\/948b492cce32b586ac2db0eaa926ee87024f7afe218d73b397ea5ddfc5f43ea1?s=96&d=mm&r=g","caption":"admin"},"sameAs":["https:\/\/filles-de-la-charite.org"],"url":"https:\/\/filles-de-la-charite.org\/fr\/author\/caridad\/"}]}},"_links":{"self":[{"href":"https:\/\/filles-de-la-charite.org\/fr\/wp-json\/wp\/v2\/posts\/22931","targetHints":{"allow":["GET"]}}],"collection":[{"href":"https:\/\/filles-de-la-charite.org\/fr\/wp-json\/wp\/v2\/posts"}],"about":[{"href":"https:\/\/filles-de-la-charite.org\/fr\/wp-json\/wp\/v2\/types\/post"}],"author":[{"embeddable":true,"href":"https:\/\/filles-de-la-charite.org\/fr\/wp-json\/wp\/v2\/users\/1"}],"replies":[{"embeddable":true,"href":"https:\/\/filles-de-la-charite.org\/fr\/wp-json\/wp\/v2\/comments?post=22931"}],"version-history":[{"count":1,"href":"https:\/\/filles-de-la-charite.org\/fr\/wp-json\/wp\/v2\/posts\/22931\/revisions"}],"predecessor-version":[{"id":22932,"href":"https:\/\/filles-de-la-charite.org\/fr\/wp-json\/wp\/v2\/posts\/22931\/revisions\/22932"}],"wp:featuredmedia":[{"embeddable":true,"href":"https:\/\/filles-de-la-charite.org\/fr\/wp-json\/wp\/v2\/media\/17437"}],"wp:attachment":[{"href":"https:\/\/filles-de-la-charite.org\/fr\/wp-json\/wp\/v2\/media?parent=22931"}],"wp:term":[{"taxonomy":"category","embeddable":true,"href":"https:\/\/filles-de-la-charite.org\/fr\/wp-json\/wp\/v2\/categories?post=22931"},{"taxonomy":"post_tag","embeddable":true,"href":"https:\/\/filles-de-la-charite.org\/fr\/wp-json\/wp\/v2\/tags?post=22931"}],"curies":[{"name":"wp","href":"https:\/\/api.w.org\/{rel}","templated":true}]}}