{"id":22934,"date":"2023-01-31T23:00:00","date_gmt":"2023-01-31T22:00:00","guid":{"rendered":"https:\/\/hijascaridad.sjdigitaldemo.ovh\/72531\/"},"modified":"2024-03-17T13:29:38","modified_gmt":"2024-03-17T12:29:38","slug":"72531","status":"publish","type":"post","link":"https:\/\/filles-de-la-charite.org\/fr\/72531\/","title":{"rendered":"B\u00e9n\u00e9diction des bureaux de la Jeunesse Mariale Vincentienne Internationale (JMV)"},"content":{"rendered":"\n<figure class=\"wp-block-image alignleft size-full\"><img decoding=\"async\" src=\"https:\/\/filles-de-la-charite.org\/wp-content\/uploads\/2023\/06\/1-16.jpg\" alt=\"\" class=\"wp-image-72519\"\/><\/figure>\n\n\n\n<p>Les nouveaux bureaux de la Jeunesse Mariale Vincentienne Internationale (JMV) et des Conseils Nationaux ont \u00e9t\u00e9 b\u00e9nis le 18 d\u00e9cembre 2022 par le P\u00e8re Gregorio Ba\u00f1aga, CM, le nouveau Vicaire G\u00e9n\u00e9ral de la Congr\u00e9gation de la Mission. Les deux bureaux sont situ\u00e9s dans le Centre Marial qui se trouve significativement \u00e0 c\u00f4t\u00e9 de la paroisse de St Vincent de Paul, l&rsquo;une des plus anciennes paroisses des Philippines.<\/p>\n\n\n\n<p>L&rsquo;occasion a \u00e9t\u00e9 honor\u00e9e par la pr\u00e9sence de S\u0153ur Maria Ana Rosario G. Evidente, fdlc, Visitatrice des Filles de la Charit\u00e9, Province de St. Louise de Marillac &#8211; Asie et le P\u00e8re Peter Solis, CM, Visiteur de la Congr\u00e9gation de la Mission, Province des Philippines et leur Curie respectives ; les Visiteurs Provinciaux espagnols, le P\u00e8re Santiago Azc\u00e1rate, CM &#8211; Saragosse, le P\u00e8re Jose Manuel Villar, CM &#8211; San Vicente de Paul, Madrid, le P\u00e8re Teodoro Barquin CM, ancien Directeur National des Enfants de Marie Immacul\u00e9e aux Philippines et d&rsquo;autres Vincentiens et Filles de la Charit\u00e9 de diff\u00e9rentes Communaut\u00e9s locales et leurs Officiers et repr\u00e9sentants JMV respectifs.&nbsp;&nbsp;<\/p>\n\n\n\n<figure class=\"wp-block-image aligncenter size-large\"><img decoding=\"async\" src=\"https:\/\/filles-de-la-charite.org\/wp-content\/uploads\/2023\/06\/4-DC-Visitatrix-Ms.-Escano-Fr.-Barquin.-Fr.-Limjoco-1024x683-1.jpg\" alt=\"\" class=\"wp-image-72510\"\/><\/figure>\n\n\n\n<p>Le P\u00e8re Rolando Limjoco, CM, Pr\u00eatre Conseiller National JMV et Directeur G\u00e9n\u00e9ral Adjoint de l&rsquo;Association Internationale de la M\u00e9daille Miraculeuse, ainsi que le P\u00e8re Francisco Nicholas Magnaye, CM, Directeur G\u00e9n\u00e9ral Adjoint JMV, ont dirig\u00e9 les pr\u00e9paratifs de la b\u00e9n\u00e9diction. Ils ont \u00e9t\u00e9 assist\u00e9s par les responsables internationaux et nationaux de l&rsquo;Association : S\u0153ur Amadita Pinz\u00f3n Almendra, DC, D\u00e9l\u00e9gu\u00e9e Internationale de Panama et les Volontaires Internationaux de la JMV, Odile Anguidjo &#8211; francophone du Cameroun, Lassana N&rsquo;djai &#8211; lusophone de Guin\u00e9e-Bissau et Joseph Nguyen Cong Thanh &#8211; anglophone du Vietnam. De mani\u00e8re significative, d&rsquo;anciens volontaires internationaux de la JMV des Philippines \u00e9taient \u00e9galement pr\u00e9sents pour l&rsquo;occasion : Ana P. Esca\u00f1o, Pamela Mantuhac et Claire S. Balo qui est aussi actuellement Conseill\u00e8re pour l&rsquo;Asie-Oc\u00e9anie. (Il est peut-\u00eatre bon de noter que ces trois dames ont \u00e9tudi\u00e9 au Colegio de la Inmaculada Concepcion \u00e0 Cebu City, une \u00e9cole administr\u00e9e par les Filles de la Charit\u00e9).<\/p>\n\n\n\n<p>S\u0153ur Martha A. Gamolo, fdlc, Conseill\u00e8re Nationale de la JMV, a dirig\u00e9 le chant de l&rsquo; \u00d4 Marie Con\u00e7ue Sans P\u00e9ch\u00e9 en diff\u00e9rentes langues qui a rempli l&rsquo;air de la zone, accompagnant les bougies allum\u00e9es tout au long de la b\u00e9n\u00e9diction. Elle a \u00e9t\u00e9 rejointe par le Bureau Ex\u00e9cutif National, en particulier, Erl Julen Tulod, Pr\u00e9sident et Sharlene L. Tulda, Auditeur ainsi que par le reste des participants.&nbsp;<\/p>\n\n\n\n<p>La b\u00e9n\u00e9diction a \u00e9t\u00e9 suivie de la c\u00e9l\u00e9bration de l&rsquo;Eucharistie, pr\u00e9sid\u00e9e par le p\u00e8re Ba\u00f1aga, avec les p\u00e8res vincentiens comme co-c\u00e9l\u00e9brants. Une agape a conclu l&rsquo;\u00e9v\u00e9nement dans le Co Po Ty Hall de l&rsquo;Universit\u00e9 Adamson voisine, qui est administr\u00e9e par la Congr\u00e9gation de la Mission.<\/p>\n\n\n\n<div class=\"wp-block-responsive-lightbox-gallery\"><\/div>\n","protected":false},"excerpt":{"rendered":"<p>Les nouveaux bureaux de la Jeunesse Mariale Vincentienne Internationale (JMV) et des Conseils Nationaux ont \u00e9t\u00e9 b\u00e9nis le 18 d\u00e9cembre 2022 par le P\u00e8re Gregorio Ba\u00f1aga, CM, le nouveau Vicaire G\u00e9n\u00e9ral de la Congr\u00e9gation de la Mission. Les deux bureaux sont situ\u00e9s dans le Centre Marial qui se trouve significativement \u00e0 c\u00f4t\u00e9 de la paroisse [&hellip;]<\/p>\n","protected":false},"author":1,"featured_media":17464,"comment_status":"closed","ping_status":"closed","sticky":false,"template":"","format":"standard","meta":{"_acf_changed":false,"_et_pb_use_builder":"","_et_pb_old_content":"","_et_gb_content_width":"","footnotes":"","_links_to":"","_links_to_target":""},"categories":[760],"tags":[],"class_list":["post-22934","post","type-post","status-publish","format-standard","has-post-thumbnail","hentry","category-sainte-louise-asie-fr"],"acf":[],"yoast_head":"<!-- This site is optimized with the Yoast SEO plugin v27.4 - https:\/\/yoast.com\/product\/yoast-seo-wordpress\/ -->\n<title>B\u00e9n\u00e9diction des bureaux de la Jeunesse Mariale Vincentienne Internationale (JMV) - Filles de la Charit\u00e9<\/title>\n<meta name=\"robots\" content=\"index, follow, max-snippet:-1, max-image-preview:large, max-video-preview:-1\" \/>\n<link rel=\"canonical\" href=\"https:\/\/filles-de-la-charite.org\/fr\/72531\/\" \/>\n<meta property=\"og:locale\" content=\"fr_FR\" \/>\n<meta property=\"og:type\" content=\"article\" \/>\n<meta property=\"og:title\" content=\"B\u00e9n\u00e9diction des bureaux de la Jeunesse Mariale Vincentienne Internationale (JMV) - Filles de la Charit\u00e9\" \/>\n<meta property=\"og:description\" content=\"Les nouveaux bureaux de la Jeunesse Mariale Vincentienne Internationale (JMV) et des Conseils Nationaux ont \u00e9t\u00e9 b\u00e9nis le 18 d\u00e9cembre 2022 par le P\u00e8re Gregorio Ba\u00f1aga, CM, le nouveau Vicaire G\u00e9n\u00e9ral de la Congr\u00e9gation de la Mission. Les deux bureaux sont situ\u00e9s dans le Centre Marial qui se trouve significativement \u00e0 c\u00f4t\u00e9 de la paroisse [&hellip;]\" \/>\n<meta property=\"og:url\" content=\"https:\/\/filles-de-la-charite.org\/fr\/72531\/\" \/>\n<meta property=\"og:site_name\" content=\"Filles de la Charit\u00e9\" \/>\n<meta property=\"article:published_time\" content=\"2023-01-31T22:00:00+00:00\" \/>\n<meta property=\"article:modified_time\" content=\"2024-03-17T12:29:38+00:00\" \/>\n<meta property=\"og:image\" content=\"https:\/\/filles-de-la-charite.org\/wp-content\/uploads\/2023\/06\/Fr.-Banaga-Fr.-Magnaye.jpg\" \/>\n\t<meta property=\"og:image:width\" content=\"2048\" \/>\n\t<meta property=\"og:image:height\" content=\"1365\" \/>\n\t<meta property=\"og:image:type\" content=\"image\/jpeg\" \/>\n<meta name=\"author\" content=\"admin\" \/>\n<meta name=\"twitter:card\" content=\"summary_large_image\" \/>\n<meta name=\"twitter:label1\" content=\"\u00c9crit par\" \/>\n\t<meta name=\"twitter:data1\" content=\"admin\" \/>\n\t<meta name=\"twitter:label2\" content=\"Dur\u00e9e de lecture estim\u00e9e\" \/>\n\t<meta name=\"twitter:data2\" content=\"3 minutes\" \/>\n<script type=\"application\/ld+json\" class=\"yoast-schema-graph\">{\"@context\":\"https:\\\/\\\/schema.org\",\"@graph\":[{\"@type\":\"Article\",\"@id\":\"https:\\\/\\\/filles-de-la-charite.org\\\/fr\\\/72531\\\/#article\",\"isPartOf\":{\"@id\":\"https:\\\/\\\/filles-de-la-charite.org\\\/fr\\\/72531\\\/\"},\"author\":{\"name\":\"admin\",\"@id\":\"https:\\\/\\\/filles-de-la-charite.org\\\/fr\\\/#\\\/schema\\\/person\\\/427567b2eccfc2dd7d206da186a1f438\"},\"headline\":\"B\u00e9n\u00e9diction des bureaux de la Jeunesse Mariale Vincentienne Internationale (JMV)\",\"datePublished\":\"2023-01-31T22:00:00+00:00\",\"dateModified\":\"2024-03-17T12:29:38+00:00\",\"mainEntityOfPage\":{\"@id\":\"https:\\\/\\\/filles-de-la-charite.org\\\/fr\\\/72531\\\/\"},\"wordCount\":533,\"publisher\":{\"@id\":\"https:\\\/\\\/filles-de-la-charite.org\\\/fr\\\/#organization\"},\"image\":{\"@id\":\"https:\\\/\\\/filles-de-la-charite.org\\\/fr\\\/72531\\\/#primaryimage\"},\"thumbnailUrl\":\"https:\\\/\\\/filles-de-la-charite.org\\\/wp-content\\\/uploads\\\/2023\\\/06\\\/Fr.-Banaga-Fr.-Magnaye.jpg\",\"articleSection\":[\"Sainte Louise - Asie\"],\"inLanguage\":\"fr-FR\"},{\"@type\":\"WebPage\",\"@id\":\"https:\\\/\\\/filles-de-la-charite.org\\\/fr\\\/72531\\\/\",\"url\":\"https:\\\/\\\/filles-de-la-charite.org\\\/fr\\\/72531\\\/\",\"name\":\"B\u00e9n\u00e9diction des bureaux de la Jeunesse Mariale Vincentienne Internationale (JMV) - Filles de la Charit\u00e9\",\"isPartOf\":{\"@id\":\"https:\\\/\\\/filles-de-la-charite.org\\\/fr\\\/#website\"},\"primaryImageOfPage\":{\"@id\":\"https:\\\/\\\/filles-de-la-charite.org\\\/fr\\\/72531\\\/#primaryimage\"},\"image\":{\"@id\":\"https:\\\/\\\/filles-de-la-charite.org\\\/fr\\\/72531\\\/#primaryimage\"},\"thumbnailUrl\":\"https:\\\/\\\/filles-de-la-charite.org\\\/wp-content\\\/uploads\\\/2023\\\/06\\\/Fr.-Banaga-Fr.-Magnaye.jpg\",\"datePublished\":\"2023-01-31T22:00:00+00:00\",\"dateModified\":\"2024-03-17T12:29:38+00:00\",\"breadcrumb\":{\"@id\":\"https:\\\/\\\/filles-de-la-charite.org\\\/fr\\\/72531\\\/#breadcrumb\"},\"inLanguage\":\"fr-FR\",\"potentialAction\":[{\"@type\":\"ReadAction\",\"target\":[\"https:\\\/\\\/filles-de-la-charite.org\\\/fr\\\/72531\\\/\"]}]},{\"@type\":\"ImageObject\",\"inLanguage\":\"fr-FR\",\"@id\":\"https:\\\/\\\/filles-de-la-charite.org\\\/fr\\\/72531\\\/#primaryimage\",\"url\":\"https:\\\/\\\/filles-de-la-charite.org\\\/wp-content\\\/uploads\\\/2023\\\/06\\\/Fr.-Banaga-Fr.-Magnaye.jpg\",\"contentUrl\":\"https:\\\/\\\/filles-de-la-charite.org\\\/wp-content\\\/uploads\\\/2023\\\/06\\\/Fr.-Banaga-Fr.-Magnaye.jpg\",\"width\":2048,\"height\":1365},{\"@type\":\"BreadcrumbList\",\"@id\":\"https:\\\/\\\/filles-de-la-charite.org\\\/fr\\\/72531\\\/#breadcrumb\",\"itemListElement\":[{\"@type\":\"ListItem\",\"position\":1,\"name\":\"Indon\u00e9sie\",\"item\":\"https:\\\/\\\/filles-de-la-charite.org\\\/fr\\\/category\\\/indonesie\\\/\"},{\"@type\":\"ListItem\",\"position\":2,\"name\":\"B\u00e9n\u00e9diction des bureaux de la Jeunesse Mariale Vincentienne Internationale (JMV)\"}]},{\"@type\":\"WebSite\",\"@id\":\"https:\\\/\\\/filles-de-la-charite.org\\\/fr\\\/#website\",\"url\":\"https:\\\/\\\/filles-de-la-charite.org\\\/fr\\\/\",\"name\":\"Hijas de la Caridad\",\"description\":\"L\u2019amour de J\u00e9sus nous presse \u00e0 prendre soin des personnes les plus d\u00e9munies\",\"publisher\":{\"@id\":\"https:\\\/\\\/filles-de-la-charite.org\\\/fr\\\/#organization\"},\"potentialAction\":[{\"@type\":\"SearchAction\",\"target\":{\"@type\":\"EntryPoint\",\"urlTemplate\":\"https:\\\/\\\/filles-de-la-charite.org\\\/fr\\\/?s={search_term_string}\"},\"query-input\":{\"@type\":\"PropertyValueSpecification\",\"valueRequired\":true,\"valueName\":\"search_term_string\"}}],\"inLanguage\":\"fr-FR\"},{\"@type\":\"Organization\",\"@id\":\"https:\\\/\\\/filles-de-la-charite.org\\\/fr\\\/#organization\",\"name\":\"Hijas de la Caridad\",\"url\":\"https:\\\/\\\/filles-de-la-charite.org\\\/fr\\\/\",\"logo\":{\"@type\":\"ImageObject\",\"inLanguage\":\"fr-FR\",\"@id\":\"https:\\\/\\\/filles-de-la-charite.org\\\/fr\\\/#\\\/schema\\\/logo\\\/image\\\/\",\"url\":\"https:\\\/\\\/filles-de-la-charite.org\\\/wp-content\\\/uploads\\\/2023\\\/03\\\/isotipo-Hijas-de-la-Caridad.png\",\"contentUrl\":\"https:\\\/\\\/filles-de-la-charite.org\\\/wp-content\\\/uploads\\\/2023\\\/03\\\/isotipo-Hijas-de-la-Caridad.png\",\"width\":1417,\"height\":1417,\"caption\":\"Hijas de la Caridad\"},\"image\":{\"@id\":\"https:\\\/\\\/filles-de-la-charite.org\\\/fr\\\/#\\\/schema\\\/logo\\\/image\\\/\"}},{\"@type\":\"Person\",\"@id\":\"https:\\\/\\\/filles-de-la-charite.org\\\/fr\\\/#\\\/schema\\\/person\\\/427567b2eccfc2dd7d206da186a1f438\",\"name\":\"admin\",\"image\":{\"@type\":\"ImageObject\",\"inLanguage\":\"fr-FR\",\"@id\":\"https:\\\/\\\/secure.gravatar.com\\\/avatar\\\/948b492cce32b586ac2db0eaa926ee87024f7afe218d73b397ea5ddfc5f43ea1?s=96&d=mm&r=g\",\"url\":\"https:\\\/\\\/secure.gravatar.com\\\/avatar\\\/948b492cce32b586ac2db0eaa926ee87024f7afe218d73b397ea5ddfc5f43ea1?s=96&d=mm&r=g\",\"contentUrl\":\"https:\\\/\\\/secure.gravatar.com\\\/avatar\\\/948b492cce32b586ac2db0eaa926ee87024f7afe218d73b397ea5ddfc5f43ea1?s=96&d=mm&r=g\",\"caption\":\"admin\"},\"sameAs\":[\"https:\\\/\\\/filles-de-la-charite.org\"],\"url\":\"https:\\\/\\\/filles-de-la-charite.org\\\/fr\\\/author\\\/caridad\\\/\"}]}<\/script>\n<!-- \/ Yoast SEO plugin. -->","yoast_head_json":{"title":"B\u00e9n\u00e9diction des bureaux de la Jeunesse Mariale Vincentienne Internationale (JMV) - Filles de la Charit\u00e9","robots":{"index":"index","follow":"follow","max-snippet":"max-snippet:-1","max-image-preview":"max-image-preview:large","max-video-preview":"max-video-preview:-1"},"canonical":"https:\/\/filles-de-la-charite.org\/fr\/72531\/","og_locale":"fr_FR","og_type":"article","og_title":"B\u00e9n\u00e9diction des bureaux de la Jeunesse Mariale Vincentienne Internationale (JMV) - Filles de la Charit\u00e9","og_description":"Les nouveaux bureaux de la Jeunesse Mariale Vincentienne Internationale (JMV) et des Conseils Nationaux ont \u00e9t\u00e9 b\u00e9nis le 18 d\u00e9cembre 2022 par le P\u00e8re Gregorio Ba\u00f1aga, CM, le nouveau Vicaire G\u00e9n\u00e9ral de la Congr\u00e9gation de la Mission. Les deux bureaux sont situ\u00e9s dans le Centre Marial qui se trouve significativement \u00e0 c\u00f4t\u00e9 de la paroisse [&hellip;]","og_url":"https:\/\/filles-de-la-charite.org\/fr\/72531\/","og_site_name":"Filles de la Charit\u00e9","article_published_time":"2023-01-31T22:00:00+00:00","article_modified_time":"2024-03-17T12:29:38+00:00","og_image":[{"width":2048,"height":1365,"url":"https:\/\/filles-de-la-charite.org\/wp-content\/uploads\/2023\/06\/Fr.-Banaga-Fr.-Magnaye.jpg","type":"image\/jpeg"}],"author":"admin","twitter_card":"summary_large_image","twitter_misc":{"\u00c9crit par":"admin","Dur\u00e9e de lecture estim\u00e9e":"3 minutes"},"schema":{"@context":"https:\/\/schema.org","@graph":[{"@type":"Article","@id":"https:\/\/filles-de-la-charite.org\/fr\/72531\/#article","isPartOf":{"@id":"https:\/\/filles-de-la-charite.org\/fr\/72531\/"},"author":{"name":"admin","@id":"https:\/\/filles-de-la-charite.org\/fr\/#\/schema\/person\/427567b2eccfc2dd7d206da186a1f438"},"headline":"B\u00e9n\u00e9diction des bureaux de la Jeunesse Mariale Vincentienne Internationale (JMV)","datePublished":"2023-01-31T22:00:00+00:00","dateModified":"2024-03-17T12:29:38+00:00","mainEntityOfPage":{"@id":"https:\/\/filles-de-la-charite.org\/fr\/72531\/"},"wordCount":533,"publisher":{"@id":"https:\/\/filles-de-la-charite.org\/fr\/#organization"},"image":{"@id":"https:\/\/filles-de-la-charite.org\/fr\/72531\/#primaryimage"},"thumbnailUrl":"https:\/\/filles-de-la-charite.org\/wp-content\/uploads\/2023\/06\/Fr.-Banaga-Fr.-Magnaye.jpg","articleSection":["Sainte Louise - Asie"],"inLanguage":"fr-FR"},{"@type":"WebPage","@id":"https:\/\/filles-de-la-charite.org\/fr\/72531\/","url":"https:\/\/filles-de-la-charite.org\/fr\/72531\/","name":"B\u00e9n\u00e9diction des bureaux de la Jeunesse Mariale Vincentienne Internationale (JMV) - Filles de la Charit\u00e9","isPartOf":{"@id":"https:\/\/filles-de-la-charite.org\/fr\/#website"},"primaryImageOfPage":{"@id":"https:\/\/filles-de-la-charite.org\/fr\/72531\/#primaryimage"},"image":{"@id":"https:\/\/filles-de-la-charite.org\/fr\/72531\/#primaryimage"},"thumbnailUrl":"https:\/\/filles-de-la-charite.org\/wp-content\/uploads\/2023\/06\/Fr.-Banaga-Fr.-Magnaye.jpg","datePublished":"2023-01-31T22:00:00+00:00","dateModified":"2024-03-17T12:29:38+00:00","breadcrumb":{"@id":"https:\/\/filles-de-la-charite.org\/fr\/72531\/#breadcrumb"},"inLanguage":"fr-FR","potentialAction":[{"@type":"ReadAction","target":["https:\/\/filles-de-la-charite.org\/fr\/72531\/"]}]},{"@type":"ImageObject","inLanguage":"fr-FR","@id":"https:\/\/filles-de-la-charite.org\/fr\/72531\/#primaryimage","url":"https:\/\/filles-de-la-charite.org\/wp-content\/uploads\/2023\/06\/Fr.-Banaga-Fr.-Magnaye.jpg","contentUrl":"https:\/\/filles-de-la-charite.org\/wp-content\/uploads\/2023\/06\/Fr.-Banaga-Fr.-Magnaye.jpg","width":2048,"height":1365},{"@type":"BreadcrumbList","@id":"https:\/\/filles-de-la-charite.org\/fr\/72531\/#breadcrumb","itemListElement":[{"@type":"ListItem","position":1,"name":"Indon\u00e9sie","item":"https:\/\/filles-de-la-charite.org\/fr\/category\/indonesie\/"},{"@type":"ListItem","position":2,"name":"B\u00e9n\u00e9diction des bureaux de la Jeunesse Mariale Vincentienne Internationale (JMV)"}]},{"@type":"WebSite","@id":"https:\/\/filles-de-la-charite.org\/fr\/#website","url":"https:\/\/filles-de-la-charite.org\/fr\/","name":"Hijas de la Caridad","description":"L\u2019amour de J\u00e9sus nous presse \u00e0 prendre soin des personnes les plus d\u00e9munies","publisher":{"@id":"https:\/\/filles-de-la-charite.org\/fr\/#organization"},"potentialAction":[{"@type":"SearchAction","target":{"@type":"EntryPoint","urlTemplate":"https:\/\/filles-de-la-charite.org\/fr\/?s={search_term_string}"},"query-input":{"@type":"PropertyValueSpecification","valueRequired":true,"valueName":"search_term_string"}}],"inLanguage":"fr-FR"},{"@type":"Organization","@id":"https:\/\/filles-de-la-charite.org\/fr\/#organization","name":"Hijas de la Caridad","url":"https:\/\/filles-de-la-charite.org\/fr\/","logo":{"@type":"ImageObject","inLanguage":"fr-FR","@id":"https:\/\/filles-de-la-charite.org\/fr\/#\/schema\/logo\/image\/","url":"https:\/\/filles-de-la-charite.org\/wp-content\/uploads\/2023\/03\/isotipo-Hijas-de-la-Caridad.png","contentUrl":"https:\/\/filles-de-la-charite.org\/wp-content\/uploads\/2023\/03\/isotipo-Hijas-de-la-Caridad.png","width":1417,"height":1417,"caption":"Hijas de la Caridad"},"image":{"@id":"https:\/\/filles-de-la-charite.org\/fr\/#\/schema\/logo\/image\/"}},{"@type":"Person","@id":"https:\/\/filles-de-la-charite.org\/fr\/#\/schema\/person\/427567b2eccfc2dd7d206da186a1f438","name":"admin","image":{"@type":"ImageObject","inLanguage":"fr-FR","@id":"https:\/\/secure.gravatar.com\/avatar\/948b492cce32b586ac2db0eaa926ee87024f7afe218d73b397ea5ddfc5f43ea1?s=96&d=mm&r=g","url":"https:\/\/secure.gravatar.com\/avatar\/948b492cce32b586ac2db0eaa926ee87024f7afe218d73b397ea5ddfc5f43ea1?s=96&d=mm&r=g","contentUrl":"https:\/\/secure.gravatar.com\/avatar\/948b492cce32b586ac2db0eaa926ee87024f7afe218d73b397ea5ddfc5f43ea1?s=96&d=mm&r=g","caption":"admin"},"sameAs":["https:\/\/filles-de-la-charite.org"],"url":"https:\/\/filles-de-la-charite.org\/fr\/author\/caridad\/"}]}},"_links":{"self":[{"href":"https:\/\/filles-de-la-charite.org\/fr\/wp-json\/wp\/v2\/posts\/22934","targetHints":{"allow":["GET"]}}],"collection":[{"href":"https:\/\/filles-de-la-charite.org\/fr\/wp-json\/wp\/v2\/posts"}],"about":[{"href":"https:\/\/filles-de-la-charite.org\/fr\/wp-json\/wp\/v2\/types\/post"}],"author":[{"embeddable":true,"href":"https:\/\/filles-de-la-charite.org\/fr\/wp-json\/wp\/v2\/users\/1"}],"replies":[{"embeddable":true,"href":"https:\/\/filles-de-la-charite.org\/fr\/wp-json\/wp\/v2\/comments?post=22934"}],"version-history":[{"count":1,"href":"https:\/\/filles-de-la-charite.org\/fr\/wp-json\/wp\/v2\/posts\/22934\/revisions"}],"predecessor-version":[{"id":22935,"href":"https:\/\/filles-de-la-charite.org\/fr\/wp-json\/wp\/v2\/posts\/22934\/revisions\/22935"}],"wp:featuredmedia":[{"embeddable":true,"href":"https:\/\/filles-de-la-charite.org\/fr\/wp-json\/wp\/v2\/media\/17464"}],"wp:attachment":[{"href":"https:\/\/filles-de-la-charite.org\/fr\/wp-json\/wp\/v2\/media?parent=22934"}],"wp:term":[{"taxonomy":"category","embeddable":true,"href":"https:\/\/filles-de-la-charite.org\/fr\/wp-json\/wp\/v2\/categories?post=22934"},{"taxonomy":"post_tag","embeddable":true,"href":"https:\/\/filles-de-la-charite.org\/fr\/wp-json\/wp\/v2\/tags?post=22934"}],"curies":[{"name":"wp","href":"https:\/\/api.w.org\/{rel}","templated":true}]}}