{"id":22938,"date":"2023-01-29T23:00:00","date_gmt":"2023-01-29T22:00:00","guid":{"rendered":"https:\/\/hijascaridad.sjdigitaldemo.ovh\/72602\/"},"modified":"2024-03-17T13:29:54","modified_gmt":"2024-03-17T12:29:54","slug":"72602","status":"publish","type":"post","link":"https:\/\/filles-de-la-charite.org\/fr\/72602\/","title":{"rendered":"S\u0153ur Fran\u00e7oise Petit et le P\u00e8re Toma\u017e Mavri\u010d rencontrent le Pape Fran\u00e7ois"},"content":{"rendered":"\n<p>Samedi 21 janvier 2023, j\u2019ai eu la joie, avec le P\u00e8re Toma\u017e Mavri\u010d,&nbsp;d\u2019\u00eatre re\u00e7ue par le Pape Fran\u00e7ois.&nbsp; Ce fut une rencontre intense, simple et tr\u00e8s fraternelle. Nous avons \u00e9voqu\u00e9 la situation du Congo, l\u2019engagement des S\u0153urs aupr\u00e8s des r\u00e9fugi\u00e9s ainsi que la pr\u00e9sence des Filles de la Charit\u00e9 dans les pays de la M\u00e9diterran\u00e9e. Le Pape a manifest\u00e9 de l\u2019int\u00e9r\u00eat pour le jubil\u00e9 de la \u00ab&nbsp;lumi\u00e8re de Pentec\u00f4te&nbsp;\u00bb. Il a \u00e9galement remerci\u00e9 la Compagnie pour le service au dispensaire de la Communaut\u00e9 Sainte Marthe et demand\u00e9 avec force notre pri\u00e8re. Je l\u2019ai assur\u00e9 du soutien des Filles de la Charit\u00e9 du monde entier. Vous avez toutes \u00e9t\u00e9 tr\u00e8s pr\u00e9sentes avec nous pendant ce moment de rencontre. <em>(S\u0153ur Fran\u00e7oise PETIT)<\/em><\/p>\n\n\n\n<figure class=\"wp-block-image aligncenter size-large\"><img decoding=\"async\" src=\"https:\/\/filles-de-la-charite.org\/wp-content\/uploads\/2023\/06\/01338_21012023-1-1024x683-1.jpg\" alt=\"\" class=\"wp-image-72594\"\/><\/figure>\n","protected":false},"excerpt":{"rendered":"<p>Samedi 21 janvier 2023, j\u2019ai eu la joie, avec le P\u00e8re Toma\u017e Mavri\u010d,&nbsp;d\u2019\u00eatre re\u00e7ue par le Pape Fran\u00e7ois.&nbsp; Ce fut une rencontre intense, simple et tr\u00e8s fraternelle. Nous avons \u00e9voqu\u00e9 la situation du Congo, l\u2019engagement des S\u0153urs aupr\u00e8s des r\u00e9fugi\u00e9s ainsi que la pr\u00e9sence des Filles de la Charit\u00e9 dans les pays de la M\u00e9diterran\u00e9e. [&hellip;]<\/p>\n","protected":false},"author":1,"featured_media":17492,"comment_status":"closed","ping_status":"closed","sticky":false,"template":"","format":"standard","meta":{"_acf_changed":false,"_et_pb_use_builder":"","_et_pb_old_content":"","_et_gb_content_width":"","footnotes":"","_links_to":"","_links_to_target":""},"categories":[558],"tags":[],"class_list":["post-22938","post","type-post","status-publish","format-standard","has-post-thumbnail","hentry","category-maison-mere-fr"],"acf":[],"yoast_head":"<!-- This site is optimized with the Yoast SEO plugin v27.5 - https:\/\/yoast.com\/product\/yoast-seo-wordpress\/ -->\n<title>S\u0153ur Fran\u00e7oise Petit et le P\u00e8re Toma\u017e Mavri\u010d rencontrent le Pape Fran\u00e7ois - Filles de la Charit\u00e9<\/title>\n<meta name=\"robots\" content=\"index, follow, max-snippet:-1, max-image-preview:large, max-video-preview:-1\" \/>\n<link rel=\"canonical\" href=\"https:\/\/filles-de-la-charite.org\/fr\/72602\/\" \/>\n<meta property=\"og:locale\" content=\"fr_FR\" \/>\n<meta property=\"og:type\" content=\"article\" \/>\n<meta property=\"og:title\" content=\"S\u0153ur Fran\u00e7oise Petit et le P\u00e8re Toma\u017e Mavri\u010d rencontrent le Pape Fran\u00e7ois - Filles de la Charit\u00e9\" \/>\n<meta property=\"og:description\" content=\"Samedi 21 janvier 2023, j\u2019ai eu la joie, avec le P\u00e8re Toma\u017e Mavri\u010d,&nbsp;d\u2019\u00eatre re\u00e7ue par le Pape Fran\u00e7ois.&nbsp; Ce fut une rencontre intense, simple et tr\u00e8s fraternelle. Nous avons \u00e9voqu\u00e9 la situation du Congo, l\u2019engagement des S\u0153urs aupr\u00e8s des r\u00e9fugi\u00e9s ainsi que la pr\u00e9sence des Filles de la Charit\u00e9 dans les pays de la M\u00e9diterran\u00e9e. [&hellip;]\" \/>\n<meta property=\"og:url\" content=\"https:\/\/filles-de-la-charite.org\/fr\/72602\/\" \/>\n<meta property=\"og:site_name\" content=\"Filles de la Charit\u00e9\" \/>\n<meta property=\"article:published_time\" content=\"2023-01-29T22:00:00+00:00\" \/>\n<meta property=\"article:modified_time\" content=\"2024-03-17T12:29:54+00:00\" \/>\n<meta property=\"og:image\" content=\"https:\/\/filles-de-la-charite.org\/wp-content\/uploads\/2023\/06\/01352_21012023-1.jpg\" \/>\n\t<meta property=\"og:image:width\" content=\"1920\" \/>\n\t<meta property=\"og:image:height\" content=\"1280\" \/>\n\t<meta property=\"og:image:type\" content=\"image\/jpeg\" \/>\n<meta name=\"author\" content=\"admin\" \/>\n<meta name=\"twitter:card\" content=\"summary_large_image\" \/>\n<meta name=\"twitter:label1\" content=\"\u00c9crit par\" \/>\n\t<meta name=\"twitter:data1\" content=\"admin\" \/>\n\t<meta name=\"twitter:label2\" content=\"Dur\u00e9e de lecture estim\u00e9e\" \/>\n\t<meta name=\"twitter:data2\" content=\"1 minute\" \/>\n<script type=\"application\/ld+json\" class=\"yoast-schema-graph\">{\"@context\":\"https:\\\/\\\/schema.org\",\"@graph\":[{\"@type\":\"Article\",\"@id\":\"https:\\\/\\\/filles-de-la-charite.org\\\/fr\\\/72602\\\/#article\",\"isPartOf\":{\"@id\":\"https:\\\/\\\/filles-de-la-charite.org\\\/fr\\\/72602\\\/\"},\"author\":{\"name\":\"admin\",\"@id\":\"https:\\\/\\\/filles-de-la-charite.org\\\/fr\\\/#\\\/schema\\\/person\\\/427567b2eccfc2dd7d206da186a1f438\"},\"headline\":\"S\u0153ur Fran\u00e7oise Petit et le P\u00e8re Toma\u017e Mavri\u010d rencontrent le Pape Fran\u00e7ois\",\"datePublished\":\"2023-01-29T22:00:00+00:00\",\"dateModified\":\"2024-03-17T12:29:54+00:00\",\"mainEntityOfPage\":{\"@id\":\"https:\\\/\\\/filles-de-la-charite.org\\\/fr\\\/72602\\\/\"},\"wordCount\":164,\"publisher\":{\"@id\":\"https:\\\/\\\/filles-de-la-charite.org\\\/fr\\\/#organization\"},\"image\":{\"@id\":\"https:\\\/\\\/filles-de-la-charite.org\\\/fr\\\/72602\\\/#primaryimage\"},\"thumbnailUrl\":\"https:\\\/\\\/filles-de-la-charite.org\\\/wp-content\\\/uploads\\\/2023\\\/06\\\/01352_21012023-1.jpg\",\"articleSection\":[\"Maison-M\u00e8re\"],\"inLanguage\":\"fr-FR\"},{\"@type\":\"WebPage\",\"@id\":\"https:\\\/\\\/filles-de-la-charite.org\\\/fr\\\/72602\\\/\",\"url\":\"https:\\\/\\\/filles-de-la-charite.org\\\/fr\\\/72602\\\/\",\"name\":\"S\u0153ur Fran\u00e7oise Petit et le P\u00e8re Toma\u017e Mavri\u010d rencontrent le Pape Fran\u00e7ois - Filles de la Charit\u00e9\",\"isPartOf\":{\"@id\":\"https:\\\/\\\/filles-de-la-charite.org\\\/fr\\\/#website\"},\"primaryImageOfPage\":{\"@id\":\"https:\\\/\\\/filles-de-la-charite.org\\\/fr\\\/72602\\\/#primaryimage\"},\"image\":{\"@id\":\"https:\\\/\\\/filles-de-la-charite.org\\\/fr\\\/72602\\\/#primaryimage\"},\"thumbnailUrl\":\"https:\\\/\\\/filles-de-la-charite.org\\\/wp-content\\\/uploads\\\/2023\\\/06\\\/01352_21012023-1.jpg\",\"datePublished\":\"2023-01-29T22:00:00+00:00\",\"dateModified\":\"2024-03-17T12:29:54+00:00\",\"breadcrumb\":{\"@id\":\"https:\\\/\\\/filles-de-la-charite.org\\\/fr\\\/72602\\\/#breadcrumb\"},\"inLanguage\":\"fr-FR\",\"potentialAction\":[{\"@type\":\"ReadAction\",\"target\":[\"https:\\\/\\\/filles-de-la-charite.org\\\/fr\\\/72602\\\/\"]}]},{\"@type\":\"ImageObject\",\"inLanguage\":\"fr-FR\",\"@id\":\"https:\\\/\\\/filles-de-la-charite.org\\\/fr\\\/72602\\\/#primaryimage\",\"url\":\"https:\\\/\\\/filles-de-la-charite.org\\\/wp-content\\\/uploads\\\/2023\\\/06\\\/01352_21012023-1.jpg\",\"contentUrl\":\"https:\\\/\\\/filles-de-la-charite.org\\\/wp-content\\\/uploads\\\/2023\\\/06\\\/01352_21012023-1.jpg\",\"width\":1920,\"height\":1280},{\"@type\":\"BreadcrumbList\",\"@id\":\"https:\\\/\\\/filles-de-la-charite.org\\\/fr\\\/72602\\\/#breadcrumb\",\"itemListElement\":[{\"@type\":\"ListItem\",\"position\":1,\"name\":\"Varsovie - Pologne\",\"item\":\"https:\\\/\\\/filles-de-la-charite.org\\\/fr\\\/category\\\/varsovie-pologne-fr\\\/\"},{\"@type\":\"ListItem\",\"position\":2,\"name\":\"S\u0153ur Fran\u00e7oise Petit et le P\u00e8re Toma\u017e Mavri\u010d rencontrent le Pape Fran\u00e7ois\"}]},{\"@type\":\"WebSite\",\"@id\":\"https:\\\/\\\/filles-de-la-charite.org\\\/fr\\\/#website\",\"url\":\"https:\\\/\\\/filles-de-la-charite.org\\\/fr\\\/\",\"name\":\"Hijas de la Caridad\",\"description\":\"L\u2019amour de J\u00e9sus nous presse \u00e0 prendre soin des personnes les plus d\u00e9munies\",\"publisher\":{\"@id\":\"https:\\\/\\\/filles-de-la-charite.org\\\/fr\\\/#organization\"},\"potentialAction\":[{\"@type\":\"SearchAction\",\"target\":{\"@type\":\"EntryPoint\",\"urlTemplate\":\"https:\\\/\\\/filles-de-la-charite.org\\\/fr\\\/?s={search_term_string}\"},\"query-input\":{\"@type\":\"PropertyValueSpecification\",\"valueRequired\":true,\"valueName\":\"search_term_string\"}}],\"inLanguage\":\"fr-FR\"},{\"@type\":\"Organization\",\"@id\":\"https:\\\/\\\/filles-de-la-charite.org\\\/fr\\\/#organization\",\"name\":\"Hijas de la Caridad\",\"url\":\"https:\\\/\\\/filles-de-la-charite.org\\\/fr\\\/\",\"logo\":{\"@type\":\"ImageObject\",\"inLanguage\":\"fr-FR\",\"@id\":\"https:\\\/\\\/filles-de-la-charite.org\\\/fr\\\/#\\\/schema\\\/logo\\\/image\\\/\",\"url\":\"https:\\\/\\\/filles-de-la-charite.org\\\/wp-content\\\/uploads\\\/2023\\\/03\\\/isotipo-Hijas-de-la-Caridad.png\",\"contentUrl\":\"https:\\\/\\\/filles-de-la-charite.org\\\/wp-content\\\/uploads\\\/2023\\\/03\\\/isotipo-Hijas-de-la-Caridad.png\",\"width\":1417,\"height\":1417,\"caption\":\"Hijas de la Caridad\"},\"image\":{\"@id\":\"https:\\\/\\\/filles-de-la-charite.org\\\/fr\\\/#\\\/schema\\\/logo\\\/image\\\/\"}},{\"@type\":\"Person\",\"@id\":\"https:\\\/\\\/filles-de-la-charite.org\\\/fr\\\/#\\\/schema\\\/person\\\/427567b2eccfc2dd7d206da186a1f438\",\"name\":\"admin\",\"image\":{\"@type\":\"ImageObject\",\"inLanguage\":\"fr-FR\",\"@id\":\"https:\\\/\\\/secure.gravatar.com\\\/avatar\\\/948b492cce32b586ac2db0eaa926ee87024f7afe218d73b397ea5ddfc5f43ea1?s=96&d=mm&r=g\",\"url\":\"https:\\\/\\\/secure.gravatar.com\\\/avatar\\\/948b492cce32b586ac2db0eaa926ee87024f7afe218d73b397ea5ddfc5f43ea1?s=96&d=mm&r=g\",\"contentUrl\":\"https:\\\/\\\/secure.gravatar.com\\\/avatar\\\/948b492cce32b586ac2db0eaa926ee87024f7afe218d73b397ea5ddfc5f43ea1?s=96&d=mm&r=g\",\"caption\":\"admin\"},\"sameAs\":[\"https:\\\/\\\/filles-de-la-charite.org\"],\"url\":\"https:\\\/\\\/filles-de-la-charite.org\\\/fr\\\/author\\\/caridad\\\/\"}]}<\/script>\n<!-- \/ Yoast SEO plugin. -->","yoast_head_json":{"title":"S\u0153ur Fran\u00e7oise Petit et le P\u00e8re Toma\u017e Mavri\u010d rencontrent le Pape Fran\u00e7ois - Filles de la Charit\u00e9","robots":{"index":"index","follow":"follow","max-snippet":"max-snippet:-1","max-image-preview":"max-image-preview:large","max-video-preview":"max-video-preview:-1"},"canonical":"https:\/\/filles-de-la-charite.org\/fr\/72602\/","og_locale":"fr_FR","og_type":"article","og_title":"S\u0153ur Fran\u00e7oise Petit et le P\u00e8re Toma\u017e Mavri\u010d rencontrent le Pape Fran\u00e7ois - Filles de la Charit\u00e9","og_description":"Samedi 21 janvier 2023, j\u2019ai eu la joie, avec le P\u00e8re Toma\u017e Mavri\u010d,&nbsp;d\u2019\u00eatre re\u00e7ue par le Pape Fran\u00e7ois.&nbsp; Ce fut une rencontre intense, simple et tr\u00e8s fraternelle. Nous avons \u00e9voqu\u00e9 la situation du Congo, l\u2019engagement des S\u0153urs aupr\u00e8s des r\u00e9fugi\u00e9s ainsi que la pr\u00e9sence des Filles de la Charit\u00e9 dans les pays de la M\u00e9diterran\u00e9e. [&hellip;]","og_url":"https:\/\/filles-de-la-charite.org\/fr\/72602\/","og_site_name":"Filles de la Charit\u00e9","article_published_time":"2023-01-29T22:00:00+00:00","article_modified_time":"2024-03-17T12:29:54+00:00","og_image":[{"width":1920,"height":1280,"url":"https:\/\/filles-de-la-charite.org\/wp-content\/uploads\/2023\/06\/01352_21012023-1.jpg","type":"image\/jpeg"}],"author":"admin","twitter_card":"summary_large_image","twitter_misc":{"\u00c9crit par":"admin","Dur\u00e9e de lecture estim\u00e9e":"1 minute"},"schema":{"@context":"https:\/\/schema.org","@graph":[{"@type":"Article","@id":"https:\/\/filles-de-la-charite.org\/fr\/72602\/#article","isPartOf":{"@id":"https:\/\/filles-de-la-charite.org\/fr\/72602\/"},"author":{"name":"admin","@id":"https:\/\/filles-de-la-charite.org\/fr\/#\/schema\/person\/427567b2eccfc2dd7d206da186a1f438"},"headline":"S\u0153ur Fran\u00e7oise Petit et le P\u00e8re Toma\u017e Mavri\u010d rencontrent le Pape Fran\u00e7ois","datePublished":"2023-01-29T22:00:00+00:00","dateModified":"2024-03-17T12:29:54+00:00","mainEntityOfPage":{"@id":"https:\/\/filles-de-la-charite.org\/fr\/72602\/"},"wordCount":164,"publisher":{"@id":"https:\/\/filles-de-la-charite.org\/fr\/#organization"},"image":{"@id":"https:\/\/filles-de-la-charite.org\/fr\/72602\/#primaryimage"},"thumbnailUrl":"https:\/\/filles-de-la-charite.org\/wp-content\/uploads\/2023\/06\/01352_21012023-1.jpg","articleSection":["Maison-M\u00e8re"],"inLanguage":"fr-FR"},{"@type":"WebPage","@id":"https:\/\/filles-de-la-charite.org\/fr\/72602\/","url":"https:\/\/filles-de-la-charite.org\/fr\/72602\/","name":"S\u0153ur Fran\u00e7oise Petit et le P\u00e8re Toma\u017e Mavri\u010d rencontrent le Pape Fran\u00e7ois - Filles de la Charit\u00e9","isPartOf":{"@id":"https:\/\/filles-de-la-charite.org\/fr\/#website"},"primaryImageOfPage":{"@id":"https:\/\/filles-de-la-charite.org\/fr\/72602\/#primaryimage"},"image":{"@id":"https:\/\/filles-de-la-charite.org\/fr\/72602\/#primaryimage"},"thumbnailUrl":"https:\/\/filles-de-la-charite.org\/wp-content\/uploads\/2023\/06\/01352_21012023-1.jpg","datePublished":"2023-01-29T22:00:00+00:00","dateModified":"2024-03-17T12:29:54+00:00","breadcrumb":{"@id":"https:\/\/filles-de-la-charite.org\/fr\/72602\/#breadcrumb"},"inLanguage":"fr-FR","potentialAction":[{"@type":"ReadAction","target":["https:\/\/filles-de-la-charite.org\/fr\/72602\/"]}]},{"@type":"ImageObject","inLanguage":"fr-FR","@id":"https:\/\/filles-de-la-charite.org\/fr\/72602\/#primaryimage","url":"https:\/\/filles-de-la-charite.org\/wp-content\/uploads\/2023\/06\/01352_21012023-1.jpg","contentUrl":"https:\/\/filles-de-la-charite.org\/wp-content\/uploads\/2023\/06\/01352_21012023-1.jpg","width":1920,"height":1280},{"@type":"BreadcrumbList","@id":"https:\/\/filles-de-la-charite.org\/fr\/72602\/#breadcrumb","itemListElement":[{"@type":"ListItem","position":1,"name":"Varsovie - Pologne","item":"https:\/\/filles-de-la-charite.org\/fr\/category\/varsovie-pologne-fr\/"},{"@type":"ListItem","position":2,"name":"S\u0153ur Fran\u00e7oise Petit et le P\u00e8re Toma\u017e Mavri\u010d rencontrent le Pape Fran\u00e7ois"}]},{"@type":"WebSite","@id":"https:\/\/filles-de-la-charite.org\/fr\/#website","url":"https:\/\/filles-de-la-charite.org\/fr\/","name":"Hijas de la Caridad","description":"L\u2019amour de J\u00e9sus nous presse \u00e0 prendre soin des personnes les plus d\u00e9munies","publisher":{"@id":"https:\/\/filles-de-la-charite.org\/fr\/#organization"},"potentialAction":[{"@type":"SearchAction","target":{"@type":"EntryPoint","urlTemplate":"https:\/\/filles-de-la-charite.org\/fr\/?s={search_term_string}"},"query-input":{"@type":"PropertyValueSpecification","valueRequired":true,"valueName":"search_term_string"}}],"inLanguage":"fr-FR"},{"@type":"Organization","@id":"https:\/\/filles-de-la-charite.org\/fr\/#organization","name":"Hijas de la Caridad","url":"https:\/\/filles-de-la-charite.org\/fr\/","logo":{"@type":"ImageObject","inLanguage":"fr-FR","@id":"https:\/\/filles-de-la-charite.org\/fr\/#\/schema\/logo\/image\/","url":"https:\/\/filles-de-la-charite.org\/wp-content\/uploads\/2023\/03\/isotipo-Hijas-de-la-Caridad.png","contentUrl":"https:\/\/filles-de-la-charite.org\/wp-content\/uploads\/2023\/03\/isotipo-Hijas-de-la-Caridad.png","width":1417,"height":1417,"caption":"Hijas de la Caridad"},"image":{"@id":"https:\/\/filles-de-la-charite.org\/fr\/#\/schema\/logo\/image\/"}},{"@type":"Person","@id":"https:\/\/filles-de-la-charite.org\/fr\/#\/schema\/person\/427567b2eccfc2dd7d206da186a1f438","name":"admin","image":{"@type":"ImageObject","inLanguage":"fr-FR","@id":"https:\/\/secure.gravatar.com\/avatar\/948b492cce32b586ac2db0eaa926ee87024f7afe218d73b397ea5ddfc5f43ea1?s=96&d=mm&r=g","url":"https:\/\/secure.gravatar.com\/avatar\/948b492cce32b586ac2db0eaa926ee87024f7afe218d73b397ea5ddfc5f43ea1?s=96&d=mm&r=g","contentUrl":"https:\/\/secure.gravatar.com\/avatar\/948b492cce32b586ac2db0eaa926ee87024f7afe218d73b397ea5ddfc5f43ea1?s=96&d=mm&r=g","caption":"admin"},"sameAs":["https:\/\/filles-de-la-charite.org"],"url":"https:\/\/filles-de-la-charite.org\/fr\/author\/caridad\/"}]}},"_links":{"self":[{"href":"https:\/\/filles-de-la-charite.org\/fr\/wp-json\/wp\/v2\/posts\/22938","targetHints":{"allow":["GET"]}}],"collection":[{"href":"https:\/\/filles-de-la-charite.org\/fr\/wp-json\/wp\/v2\/posts"}],"about":[{"href":"https:\/\/filles-de-la-charite.org\/fr\/wp-json\/wp\/v2\/types\/post"}],"author":[{"embeddable":true,"href":"https:\/\/filles-de-la-charite.org\/fr\/wp-json\/wp\/v2\/users\/1"}],"replies":[{"embeddable":true,"href":"https:\/\/filles-de-la-charite.org\/fr\/wp-json\/wp\/v2\/comments?post=22938"}],"version-history":[{"count":1,"href":"https:\/\/filles-de-la-charite.org\/fr\/wp-json\/wp\/v2\/posts\/22938\/revisions"}],"predecessor-version":[{"id":22939,"href":"https:\/\/filles-de-la-charite.org\/fr\/wp-json\/wp\/v2\/posts\/22938\/revisions\/22939"}],"wp:featuredmedia":[{"embeddable":true,"href":"https:\/\/filles-de-la-charite.org\/fr\/wp-json\/wp\/v2\/media\/17492"}],"wp:attachment":[{"href":"https:\/\/filles-de-la-charite.org\/fr\/wp-json\/wp\/v2\/media?parent=22938"}],"wp:term":[{"taxonomy":"category","embeddable":true,"href":"https:\/\/filles-de-la-charite.org\/fr\/wp-json\/wp\/v2\/categories?post=22938"},{"taxonomy":"post_tag","embeddable":true,"href":"https:\/\/filles-de-la-charite.org\/fr\/wp-json\/wp\/v2\/tags?post=22938"}],"curies":[{"name":"wp","href":"https:\/\/api.w.org\/{rel}","templated":true}]}}