{"id":22946,"date":"2023-03-11T21:46:39","date_gmt":"2023-03-11T20:46:39","guid":{"rendered":"https:\/\/hijascaridad.sjdigitaldemo.ovh\/nouveau-directeur-general-des-filles-de-la-charite\/"},"modified":"2024-03-17T13:27:13","modified_gmt":"2024-03-17T12:27:13","slug":"nouveau-directeur-general-des-filles-de-la-charite","status":"publish","type":"post","link":"https:\/\/filles-de-la-charite.org\/fr\/nouveau-directeur-general-des-filles-de-la-charite\/","title":{"rendered":"Nouveau Directeur G\u00e9n\u00e9ral des Filles de la Charit\u00e9"},"content":{"rendered":"\n<p>Le P\u00e8re Toma\u017e Mavri\u010d, Sup\u00e9rieur g\u00e9n\u00e9ral, a nomm\u00e9 le P\u00e8re Jos\u00e9 Antonio GONZ\u00c1LEZ PRIETO, Directeur g\u00e9n\u00e9ral de la Compagnie des Filles de la Charit\u00e9, pour un mandat de six ans, en remplacement du P\u00e8re Bernard SCHOEPFER qui termine son mandat.<\/p>\n\n\n\n<p>Le P\u00e8re Jos\u00e9 Antonio est n\u00e9 en 1967 en Colombie et est entr\u00e9 dans la Congr\u00e9gation de la Mission dans ce pays, le 29 janvier 1989. Il a \u00e9t\u00e9 ordonn\u00e9 pr\u00eatre le 25 juin 1995. Il est licenci\u00e9 en philosophie de l\u2019Institut Catholique de Paris et en th\u00e9ologie de l\u2019Universit\u00e9 Pontificale de Salamanque. Il est actuellement directeur des \u00e9tudiants \u00e0 Madrid. Il a accept\u00e9 avec beaucoup de g\u00e9n\u00e9rosit\u00e9 cette nouvelle mission.<\/p>\n","protected":false},"excerpt":{"rendered":"<p>Le P\u00e8re Toma\u017e Mavri\u010d, Sup\u00e9rieur g\u00e9n\u00e9ral, a nomm\u00e9 le P\u00e8re Jos\u00e9 Antonio GONZ\u00c1LEZ PRIETO, Directeur g\u00e9n\u00e9ral de la Compagnie des Filles de la Charit\u00e9, pour un mandat de six ans, en remplacement du P\u00e8re Bernard SCHOEPFER qui termine son mandat. Le P\u00e8re Jos\u00e9 Antonio est n\u00e9 en 1967 en Colombie et est entr\u00e9 dans la [&hellip;]<\/p>\n","protected":false},"author":1,"featured_media":22947,"comment_status":"closed","ping_status":"closed","sticky":false,"template":"","format":"standard","meta":{"_acf_changed":false,"footnotes":"","_links_to":"","_links_to_target":""},"categories":[558],"tags":[],"class_list":["post-22946","post","type-post","status-publish","format-standard","has-post-thumbnail","hentry","category-maison-mere-fr"],"acf":[],"yoast_head":"<!-- This site is optimized with the Yoast SEO plugin v27.5 - https:\/\/yoast.com\/product\/yoast-seo-wordpress\/ -->\n<title>Nouveau Directeur G\u00e9n\u00e9ral des Filles de la Charit\u00e9 - Filles de la Charit\u00e9<\/title>\n<meta name=\"robots\" content=\"index, follow, max-snippet:-1, max-image-preview:large, max-video-preview:-1\" \/>\n<link rel=\"canonical\" href=\"https:\/\/filles-de-la-charite.org\/fr\/nouveau-directeur-general-des-filles-de-la-charite\/\" \/>\n<meta property=\"og:locale\" content=\"fr_FR\" \/>\n<meta property=\"og:type\" content=\"article\" \/>\n<meta property=\"og:title\" content=\"Nouveau Directeur G\u00e9n\u00e9ral des Filles de la Charit\u00e9 - Filles de la Charit\u00e9\" \/>\n<meta property=\"og:description\" content=\"Le P\u00e8re Toma\u017e Mavri\u010d, Sup\u00e9rieur g\u00e9n\u00e9ral, a nomm\u00e9 le P\u00e8re Jos\u00e9 Antonio GONZ\u00c1LEZ PRIETO, Directeur g\u00e9n\u00e9ral de la Compagnie des Filles de la Charit\u00e9, pour un mandat de six ans, en remplacement du P\u00e8re Bernard SCHOEPFER qui termine son mandat. Le P\u00e8re Jos\u00e9 Antonio est n\u00e9 en 1967 en Colombie et est entr\u00e9 dans la [&hellip;]\" \/>\n<meta property=\"og:url\" content=\"https:\/\/filles-de-la-charite.org\/fr\/nouveau-directeur-general-des-filles-de-la-charite\/\" \/>\n<meta property=\"og:site_name\" content=\"Filles de la Charit\u00e9\" \/>\n<meta property=\"article:published_time\" content=\"2023-03-11T20:46:39+00:00\" \/>\n<meta property=\"article:modified_time\" content=\"2024-03-17T12:27:13+00:00\" \/>\n<meta property=\"og:image\" content=\"https:\/\/filles-de-la-charite.org\/wp-content\/uploads\/2023\/06\/Diapositiva2-scaled-3.jpg\" \/>\n\t<meta property=\"og:image:width\" content=\"2560\" \/>\n\t<meta property=\"og:image:height\" content=\"1440\" \/>\n\t<meta property=\"og:image:type\" content=\"image\/jpeg\" \/>\n<meta name=\"author\" content=\"admin\" \/>\n<meta name=\"twitter:card\" content=\"summary_large_image\" \/>\n<meta name=\"twitter:label1\" content=\"\u00c9crit par\" \/>\n\t<meta name=\"twitter:data1\" content=\"admin\" \/>\n\t<meta name=\"twitter:label2\" content=\"Dur\u00e9e de lecture estim\u00e9e\" \/>\n\t<meta name=\"twitter:data2\" content=\"1 minute\" \/>\n<script type=\"application\/ld+json\" class=\"yoast-schema-graph\">{\"@context\":\"https:\\\/\\\/schema.org\",\"@graph\":[{\"@type\":\"Article\",\"@id\":\"https:\\\/\\\/filles-de-la-charite.org\\\/fr\\\/nouveau-directeur-general-des-filles-de-la-charite\\\/#article\",\"isPartOf\":{\"@id\":\"https:\\\/\\\/filles-de-la-charite.org\\\/fr\\\/nouveau-directeur-general-des-filles-de-la-charite\\\/\"},\"author\":{\"name\":\"admin\",\"@id\":\"https:\\\/\\\/filles-de-la-charite.org\\\/fr\\\/#\\\/schema\\\/person\\\/427567b2eccfc2dd7d206da186a1f438\"},\"headline\":\"Nouveau Directeur G\u00e9n\u00e9ral des Filles de la Charit\u00e9\",\"datePublished\":\"2023-03-11T20:46:39+00:00\",\"dateModified\":\"2024-03-17T12:27:13+00:00\",\"mainEntityOfPage\":{\"@id\":\"https:\\\/\\\/filles-de-la-charite.org\\\/fr\\\/nouveau-directeur-general-des-filles-de-la-charite\\\/\"},\"wordCount\":132,\"publisher\":{\"@id\":\"https:\\\/\\\/filles-de-la-charite.org\\\/fr\\\/#organization\"},\"image\":{\"@id\":\"https:\\\/\\\/filles-de-la-charite.org\\\/fr\\\/nouveau-directeur-general-des-filles-de-la-charite\\\/#primaryimage\"},\"thumbnailUrl\":\"https:\\\/\\\/filles-de-la-charite.org\\\/wp-content\\\/uploads\\\/2023\\\/06\\\/Diapositiva2-scaled-3.jpg\",\"articleSection\":[\"Maison-M\u00e8re\"],\"inLanguage\":\"fr-FR\"},{\"@type\":\"WebPage\",\"@id\":\"https:\\\/\\\/filles-de-la-charite.org\\\/fr\\\/nouveau-directeur-general-des-filles-de-la-charite\\\/\",\"url\":\"https:\\\/\\\/filles-de-la-charite.org\\\/fr\\\/nouveau-directeur-general-des-filles-de-la-charite\\\/\",\"name\":\"Nouveau Directeur G\u00e9n\u00e9ral des Filles de la Charit\u00e9 - Filles de la Charit\u00e9\",\"isPartOf\":{\"@id\":\"https:\\\/\\\/filles-de-la-charite.org\\\/fr\\\/#website\"},\"primaryImageOfPage\":{\"@id\":\"https:\\\/\\\/filles-de-la-charite.org\\\/fr\\\/nouveau-directeur-general-des-filles-de-la-charite\\\/#primaryimage\"},\"image\":{\"@id\":\"https:\\\/\\\/filles-de-la-charite.org\\\/fr\\\/nouveau-directeur-general-des-filles-de-la-charite\\\/#primaryimage\"},\"thumbnailUrl\":\"https:\\\/\\\/filles-de-la-charite.org\\\/wp-content\\\/uploads\\\/2023\\\/06\\\/Diapositiva2-scaled-3.jpg\",\"datePublished\":\"2023-03-11T20:46:39+00:00\",\"dateModified\":\"2024-03-17T12:27:13+00:00\",\"breadcrumb\":{\"@id\":\"https:\\\/\\\/filles-de-la-charite.org\\\/fr\\\/nouveau-directeur-general-des-filles-de-la-charite\\\/#breadcrumb\"},\"inLanguage\":\"fr-FR\",\"potentialAction\":[{\"@type\":\"ReadAction\",\"target\":[\"https:\\\/\\\/filles-de-la-charite.org\\\/fr\\\/nouveau-directeur-general-des-filles-de-la-charite\\\/\"]}]},{\"@type\":\"ImageObject\",\"inLanguage\":\"fr-FR\",\"@id\":\"https:\\\/\\\/filles-de-la-charite.org\\\/fr\\\/nouveau-directeur-general-des-filles-de-la-charite\\\/#primaryimage\",\"url\":\"https:\\\/\\\/filles-de-la-charite.org\\\/wp-content\\\/uploads\\\/2023\\\/06\\\/Diapositiva2-scaled-3.jpg\",\"contentUrl\":\"https:\\\/\\\/filles-de-la-charite.org\\\/wp-content\\\/uploads\\\/2023\\\/06\\\/Diapositiva2-scaled-3.jpg\",\"width\":2560,\"height\":1440},{\"@type\":\"BreadcrumbList\",\"@id\":\"https:\\\/\\\/filles-de-la-charite.org\\\/fr\\\/nouveau-directeur-general-des-filles-de-la-charite\\\/#breadcrumb\",\"itemListElement\":[{\"@type\":\"ListItem\",\"position\":1,\"name\":\"Varsovie - Pologne\",\"item\":\"https:\\\/\\\/filles-de-la-charite.org\\\/fr\\\/category\\\/varsovie-pologne-fr\\\/\"},{\"@type\":\"ListItem\",\"position\":2,\"name\":\"Nouveau Directeur G\u00e9n\u00e9ral des Filles de la Charit\u00e9\"}]},{\"@type\":\"WebSite\",\"@id\":\"https:\\\/\\\/filles-de-la-charite.org\\\/fr\\\/#website\",\"url\":\"https:\\\/\\\/filles-de-la-charite.org\\\/fr\\\/\",\"name\":\"Hijas de la Caridad\",\"description\":\"L\u2019amour de J\u00e9sus nous presse \u00e0 prendre soin des personnes les plus d\u00e9munies\",\"publisher\":{\"@id\":\"https:\\\/\\\/filles-de-la-charite.org\\\/fr\\\/#organization\"},\"potentialAction\":[{\"@type\":\"SearchAction\",\"target\":{\"@type\":\"EntryPoint\",\"urlTemplate\":\"https:\\\/\\\/filles-de-la-charite.org\\\/fr\\\/?s={search_term_string}\"},\"query-input\":{\"@type\":\"PropertyValueSpecification\",\"valueRequired\":true,\"valueName\":\"search_term_string\"}}],\"inLanguage\":\"fr-FR\"},{\"@type\":\"Organization\",\"@id\":\"https:\\\/\\\/filles-de-la-charite.org\\\/fr\\\/#organization\",\"name\":\"Hijas de la Caridad\",\"url\":\"https:\\\/\\\/filles-de-la-charite.org\\\/fr\\\/\",\"logo\":{\"@type\":\"ImageObject\",\"inLanguage\":\"fr-FR\",\"@id\":\"https:\\\/\\\/filles-de-la-charite.org\\\/fr\\\/#\\\/schema\\\/logo\\\/image\\\/\",\"url\":\"https:\\\/\\\/filles-de-la-charite.org\\\/wp-content\\\/uploads\\\/2023\\\/03\\\/isotipo-Hijas-de-la-Caridad.png\",\"contentUrl\":\"https:\\\/\\\/filles-de-la-charite.org\\\/wp-content\\\/uploads\\\/2023\\\/03\\\/isotipo-Hijas-de-la-Caridad.png\",\"width\":1417,\"height\":1417,\"caption\":\"Hijas de la Caridad\"},\"image\":{\"@id\":\"https:\\\/\\\/filles-de-la-charite.org\\\/fr\\\/#\\\/schema\\\/logo\\\/image\\\/\"}},{\"@type\":\"Person\",\"@id\":\"https:\\\/\\\/filles-de-la-charite.org\\\/fr\\\/#\\\/schema\\\/person\\\/427567b2eccfc2dd7d206da186a1f438\",\"name\":\"admin\",\"image\":{\"@type\":\"ImageObject\",\"inLanguage\":\"fr-FR\",\"@id\":\"https:\\\/\\\/secure.gravatar.com\\\/avatar\\\/948b492cce32b586ac2db0eaa926ee87024f7afe218d73b397ea5ddfc5f43ea1?s=96&d=mm&r=g\",\"url\":\"https:\\\/\\\/secure.gravatar.com\\\/avatar\\\/948b492cce32b586ac2db0eaa926ee87024f7afe218d73b397ea5ddfc5f43ea1?s=96&d=mm&r=g\",\"contentUrl\":\"https:\\\/\\\/secure.gravatar.com\\\/avatar\\\/948b492cce32b586ac2db0eaa926ee87024f7afe218d73b397ea5ddfc5f43ea1?s=96&d=mm&r=g\",\"caption\":\"admin\"},\"sameAs\":[\"https:\\\/\\\/filles-de-la-charite.org\"],\"url\":\"https:\\\/\\\/filles-de-la-charite.org\\\/fr\\\/author\\\/caridad\\\/\"}]}<\/script>\n<!-- \/ Yoast SEO plugin. -->","yoast_head_json":{"title":"Nouveau Directeur G\u00e9n\u00e9ral des Filles de la Charit\u00e9 - Filles de la Charit\u00e9","robots":{"index":"index","follow":"follow","max-snippet":"max-snippet:-1","max-image-preview":"max-image-preview:large","max-video-preview":"max-video-preview:-1"},"canonical":"https:\/\/filles-de-la-charite.org\/fr\/nouveau-directeur-general-des-filles-de-la-charite\/","og_locale":"fr_FR","og_type":"article","og_title":"Nouveau Directeur G\u00e9n\u00e9ral des Filles de la Charit\u00e9 - Filles de la Charit\u00e9","og_description":"Le P\u00e8re Toma\u017e Mavri\u010d, Sup\u00e9rieur g\u00e9n\u00e9ral, a nomm\u00e9 le P\u00e8re Jos\u00e9 Antonio GONZ\u00c1LEZ PRIETO, Directeur g\u00e9n\u00e9ral de la Compagnie des Filles de la Charit\u00e9, pour un mandat de six ans, en remplacement du P\u00e8re Bernard SCHOEPFER qui termine son mandat. Le P\u00e8re Jos\u00e9 Antonio est n\u00e9 en 1967 en Colombie et est entr\u00e9 dans la [&hellip;]","og_url":"https:\/\/filles-de-la-charite.org\/fr\/nouveau-directeur-general-des-filles-de-la-charite\/","og_site_name":"Filles de la Charit\u00e9","article_published_time":"2023-03-11T20:46:39+00:00","article_modified_time":"2024-03-17T12:27:13+00:00","og_image":[{"width":2560,"height":1440,"url":"https:\/\/filles-de-la-charite.org\/wp-content\/uploads\/2023\/06\/Diapositiva2-scaled-3.jpg","type":"image\/jpeg"}],"author":"admin","twitter_card":"summary_large_image","twitter_misc":{"\u00c9crit par":"admin","Dur\u00e9e de lecture estim\u00e9e":"1 minute"},"schema":{"@context":"https:\/\/schema.org","@graph":[{"@type":"Article","@id":"https:\/\/filles-de-la-charite.org\/fr\/nouveau-directeur-general-des-filles-de-la-charite\/#article","isPartOf":{"@id":"https:\/\/filles-de-la-charite.org\/fr\/nouveau-directeur-general-des-filles-de-la-charite\/"},"author":{"name":"admin","@id":"https:\/\/filles-de-la-charite.org\/fr\/#\/schema\/person\/427567b2eccfc2dd7d206da186a1f438"},"headline":"Nouveau Directeur G\u00e9n\u00e9ral des Filles de la Charit\u00e9","datePublished":"2023-03-11T20:46:39+00:00","dateModified":"2024-03-17T12:27:13+00:00","mainEntityOfPage":{"@id":"https:\/\/filles-de-la-charite.org\/fr\/nouveau-directeur-general-des-filles-de-la-charite\/"},"wordCount":132,"publisher":{"@id":"https:\/\/filles-de-la-charite.org\/fr\/#organization"},"image":{"@id":"https:\/\/filles-de-la-charite.org\/fr\/nouveau-directeur-general-des-filles-de-la-charite\/#primaryimage"},"thumbnailUrl":"https:\/\/filles-de-la-charite.org\/wp-content\/uploads\/2023\/06\/Diapositiva2-scaled-3.jpg","articleSection":["Maison-M\u00e8re"],"inLanguage":"fr-FR"},{"@type":"WebPage","@id":"https:\/\/filles-de-la-charite.org\/fr\/nouveau-directeur-general-des-filles-de-la-charite\/","url":"https:\/\/filles-de-la-charite.org\/fr\/nouveau-directeur-general-des-filles-de-la-charite\/","name":"Nouveau Directeur G\u00e9n\u00e9ral des Filles de la Charit\u00e9 - Filles de la Charit\u00e9","isPartOf":{"@id":"https:\/\/filles-de-la-charite.org\/fr\/#website"},"primaryImageOfPage":{"@id":"https:\/\/filles-de-la-charite.org\/fr\/nouveau-directeur-general-des-filles-de-la-charite\/#primaryimage"},"image":{"@id":"https:\/\/filles-de-la-charite.org\/fr\/nouveau-directeur-general-des-filles-de-la-charite\/#primaryimage"},"thumbnailUrl":"https:\/\/filles-de-la-charite.org\/wp-content\/uploads\/2023\/06\/Diapositiva2-scaled-3.jpg","datePublished":"2023-03-11T20:46:39+00:00","dateModified":"2024-03-17T12:27:13+00:00","breadcrumb":{"@id":"https:\/\/filles-de-la-charite.org\/fr\/nouveau-directeur-general-des-filles-de-la-charite\/#breadcrumb"},"inLanguage":"fr-FR","potentialAction":[{"@type":"ReadAction","target":["https:\/\/filles-de-la-charite.org\/fr\/nouveau-directeur-general-des-filles-de-la-charite\/"]}]},{"@type":"ImageObject","inLanguage":"fr-FR","@id":"https:\/\/filles-de-la-charite.org\/fr\/nouveau-directeur-general-des-filles-de-la-charite\/#primaryimage","url":"https:\/\/filles-de-la-charite.org\/wp-content\/uploads\/2023\/06\/Diapositiva2-scaled-3.jpg","contentUrl":"https:\/\/filles-de-la-charite.org\/wp-content\/uploads\/2023\/06\/Diapositiva2-scaled-3.jpg","width":2560,"height":1440},{"@type":"BreadcrumbList","@id":"https:\/\/filles-de-la-charite.org\/fr\/nouveau-directeur-general-des-filles-de-la-charite\/#breadcrumb","itemListElement":[{"@type":"ListItem","position":1,"name":"Varsovie - Pologne","item":"https:\/\/filles-de-la-charite.org\/fr\/category\/varsovie-pologne-fr\/"},{"@type":"ListItem","position":2,"name":"Nouveau Directeur G\u00e9n\u00e9ral des Filles de la Charit\u00e9"}]},{"@type":"WebSite","@id":"https:\/\/filles-de-la-charite.org\/fr\/#website","url":"https:\/\/filles-de-la-charite.org\/fr\/","name":"Hijas de la Caridad","description":"L\u2019amour de J\u00e9sus nous presse \u00e0 prendre soin des personnes les plus d\u00e9munies","publisher":{"@id":"https:\/\/filles-de-la-charite.org\/fr\/#organization"},"potentialAction":[{"@type":"SearchAction","target":{"@type":"EntryPoint","urlTemplate":"https:\/\/filles-de-la-charite.org\/fr\/?s={search_term_string}"},"query-input":{"@type":"PropertyValueSpecification","valueRequired":true,"valueName":"search_term_string"}}],"inLanguage":"fr-FR"},{"@type":"Organization","@id":"https:\/\/filles-de-la-charite.org\/fr\/#organization","name":"Hijas de la Caridad","url":"https:\/\/filles-de-la-charite.org\/fr\/","logo":{"@type":"ImageObject","inLanguage":"fr-FR","@id":"https:\/\/filles-de-la-charite.org\/fr\/#\/schema\/logo\/image\/","url":"https:\/\/filles-de-la-charite.org\/wp-content\/uploads\/2023\/03\/isotipo-Hijas-de-la-Caridad.png","contentUrl":"https:\/\/filles-de-la-charite.org\/wp-content\/uploads\/2023\/03\/isotipo-Hijas-de-la-Caridad.png","width":1417,"height":1417,"caption":"Hijas de la Caridad"},"image":{"@id":"https:\/\/filles-de-la-charite.org\/fr\/#\/schema\/logo\/image\/"}},{"@type":"Person","@id":"https:\/\/filles-de-la-charite.org\/fr\/#\/schema\/person\/427567b2eccfc2dd7d206da186a1f438","name":"admin","image":{"@type":"ImageObject","inLanguage":"fr-FR","@id":"https:\/\/secure.gravatar.com\/avatar\/948b492cce32b586ac2db0eaa926ee87024f7afe218d73b397ea5ddfc5f43ea1?s=96&d=mm&r=g","url":"https:\/\/secure.gravatar.com\/avatar\/948b492cce32b586ac2db0eaa926ee87024f7afe218d73b397ea5ddfc5f43ea1?s=96&d=mm&r=g","contentUrl":"https:\/\/secure.gravatar.com\/avatar\/948b492cce32b586ac2db0eaa926ee87024f7afe218d73b397ea5ddfc5f43ea1?s=96&d=mm&r=g","caption":"admin"},"sameAs":["https:\/\/filles-de-la-charite.org"],"url":"https:\/\/filles-de-la-charite.org\/fr\/author\/caridad\/"}]}},"_links":{"self":[{"href":"https:\/\/filles-de-la-charite.org\/fr\/wp-json\/wp\/v2\/posts\/22946","targetHints":{"allow":["GET"]}}],"collection":[{"href":"https:\/\/filles-de-la-charite.org\/fr\/wp-json\/wp\/v2\/posts"}],"about":[{"href":"https:\/\/filles-de-la-charite.org\/fr\/wp-json\/wp\/v2\/types\/post"}],"author":[{"embeddable":true,"href":"https:\/\/filles-de-la-charite.org\/fr\/wp-json\/wp\/v2\/users\/1"}],"replies":[{"embeddable":true,"href":"https:\/\/filles-de-la-charite.org\/fr\/wp-json\/wp\/v2\/comments?post=22946"}],"version-history":[{"count":1,"href":"https:\/\/filles-de-la-charite.org\/fr\/wp-json\/wp\/v2\/posts\/22946\/revisions"}],"predecessor-version":[{"id":34455,"href":"https:\/\/filles-de-la-charite.org\/fr\/wp-json\/wp\/v2\/posts\/22946\/revisions\/34455"}],"wp:featuredmedia":[{"embeddable":true,"href":"https:\/\/filles-de-la-charite.org\/fr\/wp-json\/wp\/v2\/media\/22947"}],"wp:attachment":[{"href":"https:\/\/filles-de-la-charite.org\/fr\/wp-json\/wp\/v2\/media?parent=22946"}],"wp:term":[{"taxonomy":"category","embeddable":true,"href":"https:\/\/filles-de-la-charite.org\/fr\/wp-json\/wp\/v2\/categories?post=22946"},{"taxonomy":"post_tag","embeddable":true,"href":"https:\/\/filles-de-la-charite.org\/fr\/wp-json\/wp\/v2\/tags?post=22946"}],"curies":[{"name":"wp","href":"https:\/\/api.w.org\/{rel}","templated":true}]}}