{"id":22955,"date":"2023-03-25T14:21:39","date_gmt":"2023-03-25T13:21:39","guid":{"rendered":"https:\/\/hijascaridad.sjdigitaldemo.ovh\/installation-du-nouveau-directeur-general-des-filles-de-la-charite-a-la-maison-mere\/"},"modified":"2024-03-17T13:27:27","modified_gmt":"2024-03-17T12:27:27","slug":"installation-du-nouveau-directeur-general-des-filles-de-la-charite-a-la-maison-mere","status":"publish","type":"post","link":"https:\/\/filles-de-la-charite.org\/fr\/installation-du-nouveau-directeur-general-des-filles-de-la-charite-a-la-maison-mere\/","title":{"rendered":"<strong>Installation du nouveau Directeur G\u00e9n\u00e9ral des Filles de la Charit\u00e9 \u00e0 la Maison-M\u00e8re<\/strong>"},"content":{"rendered":"\n<p>Apr\u00e8s la pri\u00e8re des Laudes, l\u2019Eucharistie a \u00e9t\u00e9 c\u00e9l\u00e9br\u00e9e par le P\u00e8re Toma\u017e Mavri\u010d, entour\u00e9 du P\u00e8re Bernard Schoepfer, du P\u00e8re Jos\u00e9 Antonio Gonz\u00e1lez Prieto et du P\u00e8re Fr\u00e9deric Pellefigue, Visiteur de la Province de France.<\/p>\n\n\n\n<p>Dans son hom\u00e9lie, le P\u00e8re Bernard a repris la parole de l\u2019ange \u00e0 Marie \u00ab&nbsp;Ne crains pas&nbsp;!&nbsp;\u00bb Elle s\u2019accompagne de la certitude que Marie \u2013 et chacun de nous - a trouv\u00e9 gr\u00e2ce devant Dieu qui nous aime gratuitement.<\/p>\n\n\n\n<p>Des S\u0153urs des Communaut\u00e9s environnantes se sont jointes \u00e0 nous pour cette c\u00e9l\u00e9bration. Ensemble, nous avons pris un petitd\u00e9jeuner festif et nous nous sommes retrouv\u00e9es \u00e0 la salle de conf\u00e9rences.<\/p>\n\n\n\n<figure class=\"wp-block-image size-large\"><img decoding=\"async\" src=\"https:\/\/filles-de-la-charite.org\/wp-content\/uploads\/2023\/06\/DSC_0086-1024x681-1.jpg\" alt=\"\" class=\"wp-image-73251\"\/><\/figure>\n\n\n\n<p>Apr\u00e8s un chant \u00e0 l\u2019Esprit Saint, le P\u00e8re <a>Toma\u017e <\/a>a \u00e9voqu\u00e9 dans son intervention le P\u00e8re Antoine Portail, premier Directeur g\u00e9n\u00e9ral des Filles de la Charit\u00e9. Ce dernier participait au Conseil de la Compagnie naissante aupr\u00e8s de saint Vincent et sainte Louise et de quelques S\u0153urs. Saint Vincent l\u2019estimait, reconnaissait qu\u2019il \u00e9tait plus doux que lui, qu\u2019il le supportait dans ses infirmit\u00e9s et lui donnait de sages conseils qu\u2019il ne regrettait pas d\u2019avoir suivis&nbsp;!<\/p>\n\n\n\n<p>Ensuite, le P\u00e8re Toma\u017e a lu la patente de nomination du P\u00e8re Jos\u00e9 Antonio.<\/p>\n\n\n\n<p>Celui-ci a pris la parole et a confi\u00e9 tr\u00e8s simplement combien sa vocation serait autre s\u2019il n\u2019avait pas connu les Filles la Charit\u00e9 et exp\u00e9riment\u00e9 leur amiti\u00e9, leur fraternit\u00e9, leur solidarit\u00e9.&nbsp;Il s\u2019est engag\u00e9 \u00e0 vivre sa nouvelle mission au service de la Compagnie.<\/p>\n\n\n\n<p>Enfin, le P\u00e8re Toma\u017e a tenu \u00e0 remercier cordialement le P\u00e8re Bernard pour ses neuf ann\u00e9es au service des S\u0153urs. Des applaudissements chaleureux ont manifest\u00e9 la reconnaissance de toutes envers le P\u00e8re Bernard.<\/p>\n\n\n\n<p>A son tour, le P\u00e8re Bernard a remerci\u00e9 les S\u0153urs aupr\u00e8s desquelles il assure avoir beaucoup appris.<\/p>\n\n\n\n<p>En signe de reconnaissance, le P\u00e8re Toma\u017e a remis au P\u00e8re Bernard un chapelet imposant par sa grandeur, et plus encore par son origine&nbsp;: il est l\u2019\u0153uvre de prisonniers du Rwanda qui l\u2019ont offert aux Filles de la Charit\u00e9 en 2017&nbsp;! Un souvenir symbolique et riche de sens.<\/p>\n\n\n\n<p>Soeur Fran\u00e7oise a, elle aussi, remerci\u00e9 le P\u00e8re Bernard pour sa collaboration fraternelle, riche et fid\u00e8le et a souhait\u00e9 la bienvenue au P\u00e8re Jos\u00e9 Antonio. Elle a invit\u00e9 les S\u0153urs \u00e0 saluer le P\u00e8re Jos\u00e9 Antonio et le P\u00e8re Bernard, ce que chacune a fait de bon c\u0153ur.<\/p>\n\n\n\n<figure class=\"wp-block-image size-large\"><img decoding=\"async\" src=\"https:\/\/filles-de-la-charite.org\/wp-content\/uploads\/2023\/06\/DSC_0129-1024x681-1.jpg\" alt=\"\" class=\"wp-image-73250\"\/><\/figure>\n\n\n\n<p>Un chant \u00e0 la Vierge a cl\u00f4tur\u00e9 ce moment fort non seulement pour les S\u0153urs de la Maison-M\u00e8re mais pour toute la Compagnie ! Que Dieu soit b\u00e9ni&nbsp;!<\/p>\n","protected":false},"excerpt":{"rendered":"<p>Apr\u00e8s la pri\u00e8re des Laudes, l\u2019Eucharistie a \u00e9t\u00e9 c\u00e9l\u00e9br\u00e9e par le P\u00e8re Toma\u017e Mavri\u010d, entour\u00e9 du P\u00e8re Bernard Schoepfer, du P\u00e8re Jos\u00e9 Antonio Gonz\u00e1lez Prieto et du P\u00e8re Fr\u00e9deric Pellefigue, Visiteur de la Province de France. Dans son hom\u00e9lie, le P\u00e8re Bernard a repris la parole de l\u2019ange \u00e0 Marie \u00ab&nbsp;Ne crains pas&nbsp;!&nbsp;\u00bb Elle s\u2019accompagne [&hellip;]<\/p>\n","protected":false},"author":1,"featured_media":17629,"comment_status":"closed","ping_status":"closed","sticky":false,"template":"","format":"standard","meta":{"_acf_changed":false,"footnotes":"","_links_to":"","_links_to_target":""},"categories":[558],"tags":[],"class_list":["post-22955","post","type-post","status-publish","format-standard","has-post-thumbnail","hentry","category-maison-mere-fr"],"acf":[],"yoast_head":"<!-- This site is optimized with the Yoast SEO plugin v27.5 - https:\/\/yoast.com\/product\/yoast-seo-wordpress\/ -->\n<title>Installation du nouveau Directeur G\u00e9n\u00e9ral des Filles de la Charit\u00e9 \u00e0 la Maison-M\u00e8re - Filles de la Charit\u00e9<\/title>\n<meta name=\"robots\" content=\"index, follow, max-snippet:-1, max-image-preview:large, max-video-preview:-1\" \/>\n<link rel=\"canonical\" href=\"https:\/\/filles-de-la-charite.org\/fr\/installation-du-nouveau-directeur-general-des-filles-de-la-charite-a-la-maison-mere\/\" \/>\n<meta property=\"og:locale\" content=\"fr_FR\" \/>\n<meta property=\"og:type\" content=\"article\" \/>\n<meta property=\"og:title\" content=\"Installation du nouveau Directeur G\u00e9n\u00e9ral des Filles de la Charit\u00e9 \u00e0 la Maison-M\u00e8re - Filles de la Charit\u00e9\" \/>\n<meta property=\"og:description\" content=\"Apr\u00e8s la pri\u00e8re des Laudes, l\u2019Eucharistie a \u00e9t\u00e9 c\u00e9l\u00e9br\u00e9e par le P\u00e8re Toma\u017e Mavri\u010d, entour\u00e9 du P\u00e8re Bernard Schoepfer, du P\u00e8re Jos\u00e9 Antonio Gonz\u00e1lez Prieto et du P\u00e8re Fr\u00e9deric Pellefigue, Visiteur de la Province de France. Dans son hom\u00e9lie, le P\u00e8re Bernard a repris la parole de l\u2019ange \u00e0 Marie \u00ab&nbsp;Ne crains pas&nbsp;!&nbsp;\u00bb Elle s\u2019accompagne [&hellip;]\" \/>\n<meta property=\"og:url\" content=\"https:\/\/filles-de-la-charite.org\/fr\/installation-du-nouveau-directeur-general-des-filles-de-la-charite-a-la-maison-mere\/\" \/>\n<meta property=\"og:site_name\" content=\"Filles de la Charit\u00e9\" \/>\n<meta property=\"article:published_time\" content=\"2023-03-25T13:21:39+00:00\" \/>\n<meta property=\"article:modified_time\" content=\"2024-03-17T12:27:27+00:00\" \/>\n<meta property=\"og:image\" content=\"https:\/\/filles-de-la-charite.org\/wp-content\/uploads\/2023\/06\/DSC_0100-scaled-1.jpg\" \/>\n\t<meta property=\"og:image:width\" content=\"2560\" \/>\n\t<meta property=\"og:image:height\" content=\"1702\" \/>\n\t<meta property=\"og:image:type\" content=\"image\/jpeg\" \/>\n<meta name=\"author\" content=\"admin\" \/>\n<meta name=\"twitter:card\" content=\"summary_large_image\" \/>\n<meta name=\"twitter:label1\" content=\"\u00c9crit par\" \/>\n\t<meta name=\"twitter:data1\" content=\"admin\" \/>\n\t<meta name=\"twitter:label2\" content=\"Dur\u00e9e de lecture estim\u00e9e\" \/>\n\t<meta name=\"twitter:data2\" content=\"2 minutes\" \/>\n<script type=\"application\/ld+json\" class=\"yoast-schema-graph\">{\"@context\":\"https:\\\/\\\/schema.org\",\"@graph\":[{\"@type\":\"Article\",\"@id\":\"https:\\\/\\\/filles-de-la-charite.org\\\/fr\\\/installation-du-nouveau-directeur-general-des-filles-de-la-charite-a-la-maison-mere\\\/#article\",\"isPartOf\":{\"@id\":\"https:\\\/\\\/filles-de-la-charite.org\\\/fr\\\/installation-du-nouveau-directeur-general-des-filles-de-la-charite-a-la-maison-mere\\\/\"},\"author\":{\"name\":\"admin\",\"@id\":\"https:\\\/\\\/filles-de-la-charite.org\\\/fr\\\/#\\\/schema\\\/person\\\/427567b2eccfc2dd7d206da186a1f438\"},\"headline\":\"Installation du nouveau Directeur G\u00e9n\u00e9ral des Filles de la Charit\u00e9 \u00e0 la Maison-M\u00e8re\",\"datePublished\":\"2023-03-25T13:21:39+00:00\",\"dateModified\":\"2024-03-17T12:27:27+00:00\",\"mainEntityOfPage\":{\"@id\":\"https:\\\/\\\/filles-de-la-charite.org\\\/fr\\\/installation-du-nouveau-directeur-general-des-filles-de-la-charite-a-la-maison-mere\\\/\"},\"wordCount\":492,\"publisher\":{\"@id\":\"https:\\\/\\\/filles-de-la-charite.org\\\/fr\\\/#organization\"},\"image\":{\"@id\":\"https:\\\/\\\/filles-de-la-charite.org\\\/fr\\\/installation-du-nouveau-directeur-general-des-filles-de-la-charite-a-la-maison-mere\\\/#primaryimage\"},\"thumbnailUrl\":\"https:\\\/\\\/filles-de-la-charite.org\\\/wp-content\\\/uploads\\\/2023\\\/06\\\/DSC_0100-scaled-1.jpg\",\"articleSection\":[\"Maison-M\u00e8re\"],\"inLanguage\":\"fr-FR\"},{\"@type\":\"WebPage\",\"@id\":\"https:\\\/\\\/filles-de-la-charite.org\\\/fr\\\/installation-du-nouveau-directeur-general-des-filles-de-la-charite-a-la-maison-mere\\\/\",\"url\":\"https:\\\/\\\/filles-de-la-charite.org\\\/fr\\\/installation-du-nouveau-directeur-general-des-filles-de-la-charite-a-la-maison-mere\\\/\",\"name\":\"Installation du nouveau Directeur G\u00e9n\u00e9ral des Filles de la Charit\u00e9 \u00e0 la Maison-M\u00e8re - Filles de la Charit\u00e9\",\"isPartOf\":{\"@id\":\"https:\\\/\\\/filles-de-la-charite.org\\\/fr\\\/#website\"},\"primaryImageOfPage\":{\"@id\":\"https:\\\/\\\/filles-de-la-charite.org\\\/fr\\\/installation-du-nouveau-directeur-general-des-filles-de-la-charite-a-la-maison-mere\\\/#primaryimage\"},\"image\":{\"@id\":\"https:\\\/\\\/filles-de-la-charite.org\\\/fr\\\/installation-du-nouveau-directeur-general-des-filles-de-la-charite-a-la-maison-mere\\\/#primaryimage\"},\"thumbnailUrl\":\"https:\\\/\\\/filles-de-la-charite.org\\\/wp-content\\\/uploads\\\/2023\\\/06\\\/DSC_0100-scaled-1.jpg\",\"datePublished\":\"2023-03-25T13:21:39+00:00\",\"dateModified\":\"2024-03-17T12:27:27+00:00\",\"breadcrumb\":{\"@id\":\"https:\\\/\\\/filles-de-la-charite.org\\\/fr\\\/installation-du-nouveau-directeur-general-des-filles-de-la-charite-a-la-maison-mere\\\/#breadcrumb\"},\"inLanguage\":\"fr-FR\",\"potentialAction\":[{\"@type\":\"ReadAction\",\"target\":[\"https:\\\/\\\/filles-de-la-charite.org\\\/fr\\\/installation-du-nouveau-directeur-general-des-filles-de-la-charite-a-la-maison-mere\\\/\"]}]},{\"@type\":\"ImageObject\",\"inLanguage\":\"fr-FR\",\"@id\":\"https:\\\/\\\/filles-de-la-charite.org\\\/fr\\\/installation-du-nouveau-directeur-general-des-filles-de-la-charite-a-la-maison-mere\\\/#primaryimage\",\"url\":\"https:\\\/\\\/filles-de-la-charite.org\\\/wp-content\\\/uploads\\\/2023\\\/06\\\/DSC_0100-scaled-1.jpg\",\"contentUrl\":\"https:\\\/\\\/filles-de-la-charite.org\\\/wp-content\\\/uploads\\\/2023\\\/06\\\/DSC_0100-scaled-1.jpg\",\"width\":2560,\"height\":1702},{\"@type\":\"BreadcrumbList\",\"@id\":\"https:\\\/\\\/filles-de-la-charite.org\\\/fr\\\/installation-du-nouveau-directeur-general-des-filles-de-la-charite-a-la-maison-mere\\\/#breadcrumb\",\"itemListElement\":[{\"@type\":\"ListItem\",\"position\":1,\"name\":\"Varsovie - Pologne\",\"item\":\"https:\\\/\\\/filles-de-la-charite.org\\\/fr\\\/category\\\/varsovie-pologne-fr\\\/\"},{\"@type\":\"ListItem\",\"position\":2,\"name\":\"Installation du nouveau Directeur G\u00e9n\u00e9ral des Filles de la Charit\u00e9 \u00e0 la Maison-M\u00e8re\"}]},{\"@type\":\"WebSite\",\"@id\":\"https:\\\/\\\/filles-de-la-charite.org\\\/fr\\\/#website\",\"url\":\"https:\\\/\\\/filles-de-la-charite.org\\\/fr\\\/\",\"name\":\"Hijas de la Caridad\",\"description\":\"L\u2019amour de J\u00e9sus nous presse \u00e0 prendre soin des personnes les plus d\u00e9munies\",\"publisher\":{\"@id\":\"https:\\\/\\\/filles-de-la-charite.org\\\/fr\\\/#organization\"},\"potentialAction\":[{\"@type\":\"SearchAction\",\"target\":{\"@type\":\"EntryPoint\",\"urlTemplate\":\"https:\\\/\\\/filles-de-la-charite.org\\\/fr\\\/?s={search_term_string}\"},\"query-input\":{\"@type\":\"PropertyValueSpecification\",\"valueRequired\":true,\"valueName\":\"search_term_string\"}}],\"inLanguage\":\"fr-FR\"},{\"@type\":\"Organization\",\"@id\":\"https:\\\/\\\/filles-de-la-charite.org\\\/fr\\\/#organization\",\"name\":\"Hijas de la Caridad\",\"url\":\"https:\\\/\\\/filles-de-la-charite.org\\\/fr\\\/\",\"logo\":{\"@type\":\"ImageObject\",\"inLanguage\":\"fr-FR\",\"@id\":\"https:\\\/\\\/filles-de-la-charite.org\\\/fr\\\/#\\\/schema\\\/logo\\\/image\\\/\",\"url\":\"https:\\\/\\\/filles-de-la-charite.org\\\/wp-content\\\/uploads\\\/2023\\\/03\\\/isotipo-Hijas-de-la-Caridad.png\",\"contentUrl\":\"https:\\\/\\\/filles-de-la-charite.org\\\/wp-content\\\/uploads\\\/2023\\\/03\\\/isotipo-Hijas-de-la-Caridad.png\",\"width\":1417,\"height\":1417,\"caption\":\"Hijas de la Caridad\"},\"image\":{\"@id\":\"https:\\\/\\\/filles-de-la-charite.org\\\/fr\\\/#\\\/schema\\\/logo\\\/image\\\/\"}},{\"@type\":\"Person\",\"@id\":\"https:\\\/\\\/filles-de-la-charite.org\\\/fr\\\/#\\\/schema\\\/person\\\/427567b2eccfc2dd7d206da186a1f438\",\"name\":\"admin\",\"image\":{\"@type\":\"ImageObject\",\"inLanguage\":\"fr-FR\",\"@id\":\"https:\\\/\\\/secure.gravatar.com\\\/avatar\\\/948b492cce32b586ac2db0eaa926ee87024f7afe218d73b397ea5ddfc5f43ea1?s=96&d=mm&r=g\",\"url\":\"https:\\\/\\\/secure.gravatar.com\\\/avatar\\\/948b492cce32b586ac2db0eaa926ee87024f7afe218d73b397ea5ddfc5f43ea1?s=96&d=mm&r=g\",\"contentUrl\":\"https:\\\/\\\/secure.gravatar.com\\\/avatar\\\/948b492cce32b586ac2db0eaa926ee87024f7afe218d73b397ea5ddfc5f43ea1?s=96&d=mm&r=g\",\"caption\":\"admin\"},\"sameAs\":[\"https:\\\/\\\/filles-de-la-charite.org\"],\"url\":\"https:\\\/\\\/filles-de-la-charite.org\\\/fr\\\/author\\\/caridad\\\/\"}]}<\/script>\n<!-- \/ Yoast SEO plugin. -->","yoast_head_json":{"title":"Installation du nouveau Directeur G\u00e9n\u00e9ral des Filles de la Charit\u00e9 \u00e0 la Maison-M\u00e8re - Filles de la Charit\u00e9","robots":{"index":"index","follow":"follow","max-snippet":"max-snippet:-1","max-image-preview":"max-image-preview:large","max-video-preview":"max-video-preview:-1"},"canonical":"https:\/\/filles-de-la-charite.org\/fr\/installation-du-nouveau-directeur-general-des-filles-de-la-charite-a-la-maison-mere\/","og_locale":"fr_FR","og_type":"article","og_title":"Installation du nouveau Directeur G\u00e9n\u00e9ral des Filles de la Charit\u00e9 \u00e0 la Maison-M\u00e8re - Filles de la Charit\u00e9","og_description":"Apr\u00e8s la pri\u00e8re des Laudes, l\u2019Eucharistie a \u00e9t\u00e9 c\u00e9l\u00e9br\u00e9e par le P\u00e8re Toma\u017e Mavri\u010d, entour\u00e9 du P\u00e8re Bernard Schoepfer, du P\u00e8re Jos\u00e9 Antonio Gonz\u00e1lez Prieto et du P\u00e8re Fr\u00e9deric Pellefigue, Visiteur de la Province de France. Dans son hom\u00e9lie, le P\u00e8re Bernard a repris la parole de l\u2019ange \u00e0 Marie \u00ab&nbsp;Ne crains pas&nbsp;!&nbsp;\u00bb Elle s\u2019accompagne [&hellip;]","og_url":"https:\/\/filles-de-la-charite.org\/fr\/installation-du-nouveau-directeur-general-des-filles-de-la-charite-a-la-maison-mere\/","og_site_name":"Filles de la Charit\u00e9","article_published_time":"2023-03-25T13:21:39+00:00","article_modified_time":"2024-03-17T12:27:27+00:00","og_image":[{"width":2560,"height":1702,"url":"https:\/\/filles-de-la-charite.org\/wp-content\/uploads\/2023\/06\/DSC_0100-scaled-1.jpg","type":"image\/jpeg"}],"author":"admin","twitter_card":"summary_large_image","twitter_misc":{"\u00c9crit par":"admin","Dur\u00e9e de lecture estim\u00e9e":"2 minutes"},"schema":{"@context":"https:\/\/schema.org","@graph":[{"@type":"Article","@id":"https:\/\/filles-de-la-charite.org\/fr\/installation-du-nouveau-directeur-general-des-filles-de-la-charite-a-la-maison-mere\/#article","isPartOf":{"@id":"https:\/\/filles-de-la-charite.org\/fr\/installation-du-nouveau-directeur-general-des-filles-de-la-charite-a-la-maison-mere\/"},"author":{"name":"admin","@id":"https:\/\/filles-de-la-charite.org\/fr\/#\/schema\/person\/427567b2eccfc2dd7d206da186a1f438"},"headline":"Installation du nouveau Directeur G\u00e9n\u00e9ral des Filles de la Charit\u00e9 \u00e0 la Maison-M\u00e8re","datePublished":"2023-03-25T13:21:39+00:00","dateModified":"2024-03-17T12:27:27+00:00","mainEntityOfPage":{"@id":"https:\/\/filles-de-la-charite.org\/fr\/installation-du-nouveau-directeur-general-des-filles-de-la-charite-a-la-maison-mere\/"},"wordCount":492,"publisher":{"@id":"https:\/\/filles-de-la-charite.org\/fr\/#organization"},"image":{"@id":"https:\/\/filles-de-la-charite.org\/fr\/installation-du-nouveau-directeur-general-des-filles-de-la-charite-a-la-maison-mere\/#primaryimage"},"thumbnailUrl":"https:\/\/filles-de-la-charite.org\/wp-content\/uploads\/2023\/06\/DSC_0100-scaled-1.jpg","articleSection":["Maison-M\u00e8re"],"inLanguage":"fr-FR"},{"@type":"WebPage","@id":"https:\/\/filles-de-la-charite.org\/fr\/installation-du-nouveau-directeur-general-des-filles-de-la-charite-a-la-maison-mere\/","url":"https:\/\/filles-de-la-charite.org\/fr\/installation-du-nouveau-directeur-general-des-filles-de-la-charite-a-la-maison-mere\/","name":"Installation du nouveau Directeur G\u00e9n\u00e9ral des Filles de la Charit\u00e9 \u00e0 la Maison-M\u00e8re - Filles de la Charit\u00e9","isPartOf":{"@id":"https:\/\/filles-de-la-charite.org\/fr\/#website"},"primaryImageOfPage":{"@id":"https:\/\/filles-de-la-charite.org\/fr\/installation-du-nouveau-directeur-general-des-filles-de-la-charite-a-la-maison-mere\/#primaryimage"},"image":{"@id":"https:\/\/filles-de-la-charite.org\/fr\/installation-du-nouveau-directeur-general-des-filles-de-la-charite-a-la-maison-mere\/#primaryimage"},"thumbnailUrl":"https:\/\/filles-de-la-charite.org\/wp-content\/uploads\/2023\/06\/DSC_0100-scaled-1.jpg","datePublished":"2023-03-25T13:21:39+00:00","dateModified":"2024-03-17T12:27:27+00:00","breadcrumb":{"@id":"https:\/\/filles-de-la-charite.org\/fr\/installation-du-nouveau-directeur-general-des-filles-de-la-charite-a-la-maison-mere\/#breadcrumb"},"inLanguage":"fr-FR","potentialAction":[{"@type":"ReadAction","target":["https:\/\/filles-de-la-charite.org\/fr\/installation-du-nouveau-directeur-general-des-filles-de-la-charite-a-la-maison-mere\/"]}]},{"@type":"ImageObject","inLanguage":"fr-FR","@id":"https:\/\/filles-de-la-charite.org\/fr\/installation-du-nouveau-directeur-general-des-filles-de-la-charite-a-la-maison-mere\/#primaryimage","url":"https:\/\/filles-de-la-charite.org\/wp-content\/uploads\/2023\/06\/DSC_0100-scaled-1.jpg","contentUrl":"https:\/\/filles-de-la-charite.org\/wp-content\/uploads\/2023\/06\/DSC_0100-scaled-1.jpg","width":2560,"height":1702},{"@type":"BreadcrumbList","@id":"https:\/\/filles-de-la-charite.org\/fr\/installation-du-nouveau-directeur-general-des-filles-de-la-charite-a-la-maison-mere\/#breadcrumb","itemListElement":[{"@type":"ListItem","position":1,"name":"Varsovie - Pologne","item":"https:\/\/filles-de-la-charite.org\/fr\/category\/varsovie-pologne-fr\/"},{"@type":"ListItem","position":2,"name":"Installation du nouveau Directeur G\u00e9n\u00e9ral des Filles de la Charit\u00e9 \u00e0 la Maison-M\u00e8re"}]},{"@type":"WebSite","@id":"https:\/\/filles-de-la-charite.org\/fr\/#website","url":"https:\/\/filles-de-la-charite.org\/fr\/","name":"Hijas de la Caridad","description":"L\u2019amour de J\u00e9sus nous presse \u00e0 prendre soin des personnes les plus d\u00e9munies","publisher":{"@id":"https:\/\/filles-de-la-charite.org\/fr\/#organization"},"potentialAction":[{"@type":"SearchAction","target":{"@type":"EntryPoint","urlTemplate":"https:\/\/filles-de-la-charite.org\/fr\/?s={search_term_string}"},"query-input":{"@type":"PropertyValueSpecification","valueRequired":true,"valueName":"search_term_string"}}],"inLanguage":"fr-FR"},{"@type":"Organization","@id":"https:\/\/filles-de-la-charite.org\/fr\/#organization","name":"Hijas de la Caridad","url":"https:\/\/filles-de-la-charite.org\/fr\/","logo":{"@type":"ImageObject","inLanguage":"fr-FR","@id":"https:\/\/filles-de-la-charite.org\/fr\/#\/schema\/logo\/image\/","url":"https:\/\/filles-de-la-charite.org\/wp-content\/uploads\/2023\/03\/isotipo-Hijas-de-la-Caridad.png","contentUrl":"https:\/\/filles-de-la-charite.org\/wp-content\/uploads\/2023\/03\/isotipo-Hijas-de-la-Caridad.png","width":1417,"height":1417,"caption":"Hijas de la Caridad"},"image":{"@id":"https:\/\/filles-de-la-charite.org\/fr\/#\/schema\/logo\/image\/"}},{"@type":"Person","@id":"https:\/\/filles-de-la-charite.org\/fr\/#\/schema\/person\/427567b2eccfc2dd7d206da186a1f438","name":"admin","image":{"@type":"ImageObject","inLanguage":"fr-FR","@id":"https:\/\/secure.gravatar.com\/avatar\/948b492cce32b586ac2db0eaa926ee87024f7afe218d73b397ea5ddfc5f43ea1?s=96&d=mm&r=g","url":"https:\/\/secure.gravatar.com\/avatar\/948b492cce32b586ac2db0eaa926ee87024f7afe218d73b397ea5ddfc5f43ea1?s=96&d=mm&r=g","contentUrl":"https:\/\/secure.gravatar.com\/avatar\/948b492cce32b586ac2db0eaa926ee87024f7afe218d73b397ea5ddfc5f43ea1?s=96&d=mm&r=g","caption":"admin"},"sameAs":["https:\/\/filles-de-la-charite.org"],"url":"https:\/\/filles-de-la-charite.org\/fr\/author\/caridad\/"}]}},"_links":{"self":[{"href":"https:\/\/filles-de-la-charite.org\/fr\/wp-json\/wp\/v2\/posts\/22955","targetHints":{"allow":["GET"]}}],"collection":[{"href":"https:\/\/filles-de-la-charite.org\/fr\/wp-json\/wp\/v2\/posts"}],"about":[{"href":"https:\/\/filles-de-la-charite.org\/fr\/wp-json\/wp\/v2\/types\/post"}],"author":[{"embeddable":true,"href":"https:\/\/filles-de-la-charite.org\/fr\/wp-json\/wp\/v2\/users\/1"}],"replies":[{"embeddable":true,"href":"https:\/\/filles-de-la-charite.org\/fr\/wp-json\/wp\/v2\/comments?post=22955"}],"version-history":[{"count":1,"href":"https:\/\/filles-de-la-charite.org\/fr\/wp-json\/wp\/v2\/posts\/22955\/revisions"}],"predecessor-version":[{"id":22956,"href":"https:\/\/filles-de-la-charite.org\/fr\/wp-json\/wp\/v2\/posts\/22955\/revisions\/22956"}],"wp:featuredmedia":[{"embeddable":true,"href":"https:\/\/filles-de-la-charite.org\/fr\/wp-json\/wp\/v2\/media\/17629"}],"wp:attachment":[{"href":"https:\/\/filles-de-la-charite.org\/fr\/wp-json\/wp\/v2\/media?parent=22955"}],"wp:term":[{"taxonomy":"category","embeddable":true,"href":"https:\/\/filles-de-la-charite.org\/fr\/wp-json\/wp\/v2\/categories?post=22955"},{"taxonomy":"post_tag","embeddable":true,"href":"https:\/\/filles-de-la-charite.org\/fr\/wp-json\/wp\/v2\/tags?post=22955"}],"curies":[{"name":"wp","href":"https:\/\/api.w.org\/{rel}","templated":true}]}}