{"id":22957,"date":"2023-04-30T22:00:00","date_gmt":"2023-04-30T20:00:00","guid":{"rendered":"https:\/\/hijascaridad.sjdigitaldemo.ovh\/terni-italie-inauguration-du-tableau-daffichage-de-la-paix-libre-de-rever-libre-de-grandir\/"},"modified":"2023-04-30T22:00:00","modified_gmt":"2023-04-30T20:00:00","slug":"terni-italie-inauguration-du-tableau-daffichage-de-la-paix-libre-de-rever-libre-de-grandir","status":"publish","type":"post","link":"https:\/\/filles-de-la-charite.org\/fr\/terni-italie-inauguration-du-tableau-daffichage-de-la-paix-libre-de-rever-libre-de-grandir\/","title":{"rendered":"<strong>Terni, Italie : Inauguration du tableau d&rsquo;affichage de la paix : \u00ab\u00a0Libre de r\u00eaver. Libre de grandir.\u00a0\u00bb<\/strong>"},"content":{"rendered":"\n<p>Le samedi 4 mars, un tableau d'affichage de la paix, cr\u00e9\u00e9 par des enfants ukrainiens fr\u00e9quentant l'Emporio Bimbi de la Soci\u00e9t\u00e9 de Saint-Vincent-de-Paul avec des enfants d'autres nationalit\u00e9s et de jeunes Vincentiens, a \u00e9t\u00e9 inaugur\u00e9 dans le parc Ciaurro \u00e0 Terni, en Italie.<\/p>\n\n\n\n<p>Le tableau d'affichage, fruit du projet \"Libre de r\u00eaver. Libre de grandir\", est une structure m\u00e9tallique double face de 180\u00d7120 cm, con\u00e7ue avec le contour de la carte de l'Ukraine sur laquelle sont plac\u00e9es des tuiles en c\u00e9ramique, pour comm\u00e9morer l'accueil des jeunes r\u00e9fugi\u00e9s et de leurs m\u00e8res \u00e0 Terni, et surtout, en m\u00e9moire de tous les enfants victimes de la guerre et de la violence.<\/p>\n\n\n\n<p>Le projet est inclus dans l'\"Accord de collaboration\" avec la municipalit\u00e9 de Terni et fait partie de l'\u00e9v\u00e9nement de la Saint-Valentin 2023 \"Saint Valentin, t\u00e9moin de l'amour\" ; il a \u00e9t\u00e9 r\u00e9alis\u00e9 avec le travail de Mar\u00f2 ceramics de Terni.<\/p>\n\n\n\n<p>L'inauguration s'est d\u00e9roul\u00e9e en pr\u00e9sence de l'\u00e9v\u00eaque Francesco Antonio Soddu, du maire de Terni Leonardo Latini, du conseiller pour le bien-\u00eatre Cristiano Ceccotti, du pr\u00e9sident du conseil central de Terni de la Soci\u00e9t\u00e9 de Saint-Vincent-de-Paul Roberto Reale, de la coordinatrice d'Emporio Bimbi Antonella Catanzani et d'un membre du conseil ex\u00e9cutif de la F\u00e9d\u00e9ration nationale italienne de la Soci\u00e9t\u00e9 de Saint-Vincent-de-Paul ODV Monica Galdo ; l'acteur Stefano de Majo a pr\u00e9sent\u00e9 un spectacle intitul\u00e9 \"St. Le com\u00e9dien Stefano de Majo a pr\u00e9sent\u00e9 un spectacle intitul\u00e9 \"Saint Valentin, t\u00e9moin de la paix et de l'amour\" et Adriano Marinensi a donn\u00e9 un t\u00e9moignage sur la Seconde Guerre mondiale \u00e0 Terni, enrichi de chants et de danses de diff\u00e9rentes nations ; il a \u00e9galement anim\u00e9 les jeux et les ateliers pour les enfants.<\/p>\n\n\n\n<p>Antonella Catanzani, coordinatrice de l'Emporio Bimbi, rappelle qu'\"avec l'arriv\u00e9e en mars dernier de familles ukrainiennes fuyant la guerre, compos\u00e9es principalement de m\u00e8res avec leurs enfants, les Conf\u00e9rences du Conseil central de Terni de la Soci\u00e9t\u00e9 de Saint-Vincent-de-Paul, avec les diff\u00e9rentes Conf\u00e9rences pr\u00e9sentes sur le territoire du dioc\u00e8se de Terni-Narni-Amelia, sont rapidement intervenues, en apportant un soutien mat\u00e9riel et \u00e9motionnel pour leur permettre de moins ressentir le fardeau de la guerre et de devoir quitter des \u00eatres chers \u00e0 des milliers de kilom\u00e8tres de l\u00e0.<\/p>\n\n\n\n<p>\"Les enfants qui sont arriv\u00e9s \u00e0 l'Emporio ont ressenti un sentiment de bien-\u00eatre, ne serait-ce que par le fait que l'installation est color\u00e9e et pleine de jeux, et qu'elle constitue \u00e9galement un environnement favorable \u00e0 toute activit\u00e9 \u00e9ducative. La pr\u00e9sence d'autres enfants du m\u00eame \u00e2ge et de diverses nationalit\u00e9s les a incit\u00e9s \u00e0 se faire de nouveaux amis tout en apprenant. C'est ainsi qu'est n\u00e9e l'id\u00e9e d'un atelier de peinture sur c\u00e9ramique, visant \u00e0 fabriquer des carreaux cr\u00e9\u00e9s et peints par des enfants ukrainiens. Travailler avec de l'argile provenant d'Ukraine permet aux enfants de se sentir proches de leur patrie et renforce chez ceux qui interagissent avec eux dans le cadre du projet le sentiment de partager le lien que chacun entretient avec sa patrie\".<\/p>\n\n\n\n<p>Dans le contexte de l'urgence ukrainienne, Emporio Bimbi a aid\u00e9 117 enfants r\u00e9fugi\u00e9s (0-14 ans) et continue \u00e0 ce jour d'accueillir un grand nombre de ces enfants, leur offrant un espace o\u00f9 ils peuvent se socialiser, s'exprimer, profiter de jeux, prendre des collations, partager des exp\u00e9riences et dessiner pour exprimer leurs sentiments.<\/p>\n\n\n\n<p>Source : <a href=\"https:\/\/www.sanvincenzoitalia.it\/\">https:\/\/www.sanvincenzoitalia.it\/<\/a><\/p>\n","protected":false},"excerpt":{"rendered":"<p>Le samedi 4 mars, un tableau d&rsquo;affichage de la paix, cr\u00e9\u00e9 par des enfants ukrainiens fr\u00e9quentant l&rsquo;Emporio Bimbi de la Soci\u00e9t\u00e9 de Saint-Vincent-de-Paul avec des enfants d&rsquo;autres nationalit\u00e9s et de jeunes Vincentiens, a \u00e9t\u00e9 inaugur\u00e9 dans le parc Ciaurro \u00e0 Terni, en Italie. Le tableau d&rsquo;affichage, fruit du projet \u00ab\u00a0Libre de r\u00eaver. Libre de grandir\u00a0\u00bb, [&hellip;]<\/p>\n","protected":false},"author":1,"featured_media":17636,"comment_status":"closed","ping_status":"closed","sticky":false,"template":"","format":"standard","meta":{"_acf_changed":false,"footnotes":"","_links_to":"","_links_to_target":""},"categories":[472],"tags":[],"class_list":["post-22957","post","type-post","status-publish","format-standard","has-post-thumbnail","hentry","category-italie"],"acf":[],"yoast_head":"<!-- This site is optimized with the Yoast SEO plugin v27.5 - https:\/\/yoast.com\/product\/yoast-seo-wordpress\/ -->\n<title>Terni, Italie : Inauguration du tableau d&#039;affichage de la paix : &quot;Libre de r\u00eaver. Libre de grandir.&quot; - Filles de la Charit\u00e9<\/title>\n<meta name=\"robots\" content=\"index, follow, max-snippet:-1, max-image-preview:large, max-video-preview:-1\" \/>\n<link rel=\"canonical\" href=\"https:\/\/filles-de-la-charite.org\/fr\/terni-italie-inauguration-du-tableau-daffichage-de-la-paix-libre-de-rever-libre-de-grandir\/\" \/>\n<meta property=\"og:locale\" content=\"fr_FR\" \/>\n<meta property=\"og:type\" content=\"article\" \/>\n<meta property=\"og:title\" content=\"Terni, Italie : Inauguration du tableau d&#039;affichage de la paix : &quot;Libre de r\u00eaver. Libre de grandir.&quot; - Filles de la Charit\u00e9\" \/>\n<meta property=\"og:description\" content=\"Le samedi 4 mars, un tableau d&rsquo;affichage de la paix, cr\u00e9\u00e9 par des enfants ukrainiens fr\u00e9quentant l&rsquo;Emporio Bimbi de la Soci\u00e9t\u00e9 de Saint-Vincent-de-Paul avec des enfants d&rsquo;autres nationalit\u00e9s et de jeunes Vincentiens, a \u00e9t\u00e9 inaugur\u00e9 dans le parc Ciaurro \u00e0 Terni, en Italie. Le tableau d&rsquo;affichage, fruit du projet \u00ab\u00a0Libre de r\u00eaver. Libre de grandir\u00a0\u00bb, [&hellip;]\" \/>\n<meta property=\"og:url\" content=\"https:\/\/filles-de-la-charite.org\/fr\/terni-italie-inauguration-du-tableau-daffichage-de-la-paix-libre-de-rever-libre-de-grandir\/\" \/>\n<meta property=\"og:site_name\" content=\"Filles de la Charit\u00e9\" \/>\n<meta property=\"article:published_time\" content=\"2023-04-30T20:00:00+00:00\" \/>\n<meta property=\"og:image\" content=\"https:\/\/filles-de-la-charite.org\/wp-content\/uploads\/2023\/06\/330291569_905401037449783_1721973356588504900_n.jpg\" \/>\n\t<meta property=\"og:image:width\" content=\"808\" \/>\n\t<meta property=\"og:image:height\" content=\"621\" \/>\n\t<meta property=\"og:image:type\" content=\"image\/jpeg\" \/>\n<meta name=\"author\" content=\"admin\" \/>\n<meta name=\"twitter:card\" content=\"summary_large_image\" \/>\n<meta name=\"twitter:label1\" content=\"\u00c9crit par\" \/>\n\t<meta name=\"twitter:data1\" content=\"admin\" \/>\n\t<meta name=\"twitter:label2\" content=\"Dur\u00e9e de lecture estim\u00e9e\" \/>\n\t<meta name=\"twitter:data2\" content=\"3 minutes\" \/>\n<script type=\"application\/ld+json\" class=\"yoast-schema-graph\">{\"@context\":\"https:\\\/\\\/schema.org\",\"@graph\":[{\"@type\":\"Article\",\"@id\":\"https:\\\/\\\/filles-de-la-charite.org\\\/fr\\\/terni-italie-inauguration-du-tableau-daffichage-de-la-paix-libre-de-rever-libre-de-grandir\\\/#article\",\"isPartOf\":{\"@id\":\"https:\\\/\\\/filles-de-la-charite.org\\\/fr\\\/terni-italie-inauguration-du-tableau-daffichage-de-la-paix-libre-de-rever-libre-de-grandir\\\/\"},\"author\":{\"name\":\"admin\",\"@id\":\"https:\\\/\\\/filles-de-la-charite.org\\\/fr\\\/#\\\/schema\\\/person\\\/427567b2eccfc2dd7d206da186a1f438\"},\"headline\":\"Terni, Italie : Inauguration du tableau d&rsquo;affichage de la paix : \u00ab\u00a0Libre de r\u00eaver. Libre de grandir.\u00a0\u00bb\",\"datePublished\":\"2023-04-30T20:00:00+00:00\",\"mainEntityOfPage\":{\"@id\":\"https:\\\/\\\/filles-de-la-charite.org\\\/fr\\\/terni-italie-inauguration-du-tableau-daffichage-de-la-paix-libre-de-rever-libre-de-grandir\\\/\"},\"wordCount\":635,\"publisher\":{\"@id\":\"https:\\\/\\\/filles-de-la-charite.org\\\/fr\\\/#organization\"},\"image\":{\"@id\":\"https:\\\/\\\/filles-de-la-charite.org\\\/fr\\\/terni-italie-inauguration-du-tableau-daffichage-de-la-paix-libre-de-rever-libre-de-grandir\\\/#primaryimage\"},\"thumbnailUrl\":\"https:\\\/\\\/filles-de-la-charite.org\\\/wp-content\\\/uploads\\\/2023\\\/06\\\/330291569_905401037449783_1721973356588504900_n.jpg\",\"articleSection\":[\"Italie\"],\"inLanguage\":\"fr-FR\"},{\"@type\":\"WebPage\",\"@id\":\"https:\\\/\\\/filles-de-la-charite.org\\\/fr\\\/terni-italie-inauguration-du-tableau-daffichage-de-la-paix-libre-de-rever-libre-de-grandir\\\/\",\"url\":\"https:\\\/\\\/filles-de-la-charite.org\\\/fr\\\/terni-italie-inauguration-du-tableau-daffichage-de-la-paix-libre-de-rever-libre-de-grandir\\\/\",\"name\":\"Terni, Italie : Inauguration du tableau d'affichage de la paix : \\\"Libre de r\u00eaver. Libre de grandir.\\\" - Filles de la Charit\u00e9\",\"isPartOf\":{\"@id\":\"https:\\\/\\\/filles-de-la-charite.org\\\/fr\\\/#website\"},\"primaryImageOfPage\":{\"@id\":\"https:\\\/\\\/filles-de-la-charite.org\\\/fr\\\/terni-italie-inauguration-du-tableau-daffichage-de-la-paix-libre-de-rever-libre-de-grandir\\\/#primaryimage\"},\"image\":{\"@id\":\"https:\\\/\\\/filles-de-la-charite.org\\\/fr\\\/terni-italie-inauguration-du-tableau-daffichage-de-la-paix-libre-de-rever-libre-de-grandir\\\/#primaryimage\"},\"thumbnailUrl\":\"https:\\\/\\\/filles-de-la-charite.org\\\/wp-content\\\/uploads\\\/2023\\\/06\\\/330291569_905401037449783_1721973356588504900_n.jpg\",\"datePublished\":\"2023-04-30T20:00:00+00:00\",\"breadcrumb\":{\"@id\":\"https:\\\/\\\/filles-de-la-charite.org\\\/fr\\\/terni-italie-inauguration-du-tableau-daffichage-de-la-paix-libre-de-rever-libre-de-grandir\\\/#breadcrumb\"},\"inLanguage\":\"fr-FR\",\"potentialAction\":[{\"@type\":\"ReadAction\",\"target\":[\"https:\\\/\\\/filles-de-la-charite.org\\\/fr\\\/terni-italie-inauguration-du-tableau-daffichage-de-la-paix-libre-de-rever-libre-de-grandir\\\/\"]}]},{\"@type\":\"ImageObject\",\"inLanguage\":\"fr-FR\",\"@id\":\"https:\\\/\\\/filles-de-la-charite.org\\\/fr\\\/terni-italie-inauguration-du-tableau-daffichage-de-la-paix-libre-de-rever-libre-de-grandir\\\/#primaryimage\",\"url\":\"https:\\\/\\\/filles-de-la-charite.org\\\/wp-content\\\/uploads\\\/2023\\\/06\\\/330291569_905401037449783_1721973356588504900_n.jpg\",\"contentUrl\":\"https:\\\/\\\/filles-de-la-charite.org\\\/wp-content\\\/uploads\\\/2023\\\/06\\\/330291569_905401037449783_1721973356588504900_n.jpg\",\"width\":808,\"height\":621},{\"@type\":\"BreadcrumbList\",\"@id\":\"https:\\\/\\\/filles-de-la-charite.org\\\/fr\\\/terni-italie-inauguration-du-tableau-daffichage-de-la-paix-libre-de-rever-libre-de-grandir\\\/#breadcrumb\",\"itemListElement\":[{\"@type\":\"ListItem\",\"position\":1,\"name\":\"Italie\",\"item\":\"https:\\\/\\\/filles-de-la-charite.org\\\/fr\\\/category\\\/italie\\\/\"},{\"@type\":\"ListItem\",\"position\":2,\"name\":\"Terni, Italie : Inauguration du tableau d&#8217;affichage de la paix : \u00abLibre de r\u00eaver. Libre de grandir.\u00bb\"}]},{\"@type\":\"WebSite\",\"@id\":\"https:\\\/\\\/filles-de-la-charite.org\\\/fr\\\/#website\",\"url\":\"https:\\\/\\\/filles-de-la-charite.org\\\/fr\\\/\",\"name\":\"Hijas de la Caridad\",\"description\":\"L\u2019amour de J\u00e9sus nous presse \u00e0 prendre soin des personnes les plus d\u00e9munies\",\"publisher\":{\"@id\":\"https:\\\/\\\/filles-de-la-charite.org\\\/fr\\\/#organization\"},\"potentialAction\":[{\"@type\":\"SearchAction\",\"target\":{\"@type\":\"EntryPoint\",\"urlTemplate\":\"https:\\\/\\\/filles-de-la-charite.org\\\/fr\\\/?s={search_term_string}\"},\"query-input\":{\"@type\":\"PropertyValueSpecification\",\"valueRequired\":true,\"valueName\":\"search_term_string\"}}],\"inLanguage\":\"fr-FR\"},{\"@type\":\"Organization\",\"@id\":\"https:\\\/\\\/filles-de-la-charite.org\\\/fr\\\/#organization\",\"name\":\"Hijas de la Caridad\",\"url\":\"https:\\\/\\\/filles-de-la-charite.org\\\/fr\\\/\",\"logo\":{\"@type\":\"ImageObject\",\"inLanguage\":\"fr-FR\",\"@id\":\"https:\\\/\\\/filles-de-la-charite.org\\\/fr\\\/#\\\/schema\\\/logo\\\/image\\\/\",\"url\":\"https:\\\/\\\/filles-de-la-charite.org\\\/wp-content\\\/uploads\\\/2023\\\/03\\\/isotipo-Hijas-de-la-Caridad.png\",\"contentUrl\":\"https:\\\/\\\/filles-de-la-charite.org\\\/wp-content\\\/uploads\\\/2023\\\/03\\\/isotipo-Hijas-de-la-Caridad.png\",\"width\":1417,\"height\":1417,\"caption\":\"Hijas de la Caridad\"},\"image\":{\"@id\":\"https:\\\/\\\/filles-de-la-charite.org\\\/fr\\\/#\\\/schema\\\/logo\\\/image\\\/\"}},{\"@type\":\"Person\",\"@id\":\"https:\\\/\\\/filles-de-la-charite.org\\\/fr\\\/#\\\/schema\\\/person\\\/427567b2eccfc2dd7d206da186a1f438\",\"name\":\"admin\",\"image\":{\"@type\":\"ImageObject\",\"inLanguage\":\"fr-FR\",\"@id\":\"https:\\\/\\\/secure.gravatar.com\\\/avatar\\\/948b492cce32b586ac2db0eaa926ee87024f7afe218d73b397ea5ddfc5f43ea1?s=96&d=mm&r=g\",\"url\":\"https:\\\/\\\/secure.gravatar.com\\\/avatar\\\/948b492cce32b586ac2db0eaa926ee87024f7afe218d73b397ea5ddfc5f43ea1?s=96&d=mm&r=g\",\"contentUrl\":\"https:\\\/\\\/secure.gravatar.com\\\/avatar\\\/948b492cce32b586ac2db0eaa926ee87024f7afe218d73b397ea5ddfc5f43ea1?s=96&d=mm&r=g\",\"caption\":\"admin\"},\"sameAs\":[\"https:\\\/\\\/filles-de-la-charite.org\"],\"url\":\"https:\\\/\\\/filles-de-la-charite.org\\\/fr\\\/author\\\/caridad\\\/\"}]}<\/script>\n<!-- \/ Yoast SEO plugin. -->","yoast_head_json":{"title":"Terni, Italie : Inauguration du tableau d'affichage de la paix : \"Libre de r\u00eaver. Libre de grandir.\" - Filles de la Charit\u00e9","robots":{"index":"index","follow":"follow","max-snippet":"max-snippet:-1","max-image-preview":"max-image-preview:large","max-video-preview":"max-video-preview:-1"},"canonical":"https:\/\/filles-de-la-charite.org\/fr\/terni-italie-inauguration-du-tableau-daffichage-de-la-paix-libre-de-rever-libre-de-grandir\/","og_locale":"fr_FR","og_type":"article","og_title":"Terni, Italie : Inauguration du tableau d'affichage de la paix : \"Libre de r\u00eaver. Libre de grandir.\" - Filles de la Charit\u00e9","og_description":"Le samedi 4 mars, un tableau d&rsquo;affichage de la paix, cr\u00e9\u00e9 par des enfants ukrainiens fr\u00e9quentant l&rsquo;Emporio Bimbi de la Soci\u00e9t\u00e9 de Saint-Vincent-de-Paul avec des enfants d&rsquo;autres nationalit\u00e9s et de jeunes Vincentiens, a \u00e9t\u00e9 inaugur\u00e9 dans le parc Ciaurro \u00e0 Terni, en Italie. Le tableau d&rsquo;affichage, fruit du projet \u00ab\u00a0Libre de r\u00eaver. Libre de grandir\u00a0\u00bb, [&hellip;]","og_url":"https:\/\/filles-de-la-charite.org\/fr\/terni-italie-inauguration-du-tableau-daffichage-de-la-paix-libre-de-rever-libre-de-grandir\/","og_site_name":"Filles de la Charit\u00e9","article_published_time":"2023-04-30T20:00:00+00:00","og_image":[{"width":808,"height":621,"url":"https:\/\/filles-de-la-charite.org\/wp-content\/uploads\/2023\/06\/330291569_905401037449783_1721973356588504900_n.jpg","type":"image\/jpeg"}],"author":"admin","twitter_card":"summary_large_image","twitter_misc":{"\u00c9crit par":"admin","Dur\u00e9e de lecture estim\u00e9e":"3 minutes"},"schema":{"@context":"https:\/\/schema.org","@graph":[{"@type":"Article","@id":"https:\/\/filles-de-la-charite.org\/fr\/terni-italie-inauguration-du-tableau-daffichage-de-la-paix-libre-de-rever-libre-de-grandir\/#article","isPartOf":{"@id":"https:\/\/filles-de-la-charite.org\/fr\/terni-italie-inauguration-du-tableau-daffichage-de-la-paix-libre-de-rever-libre-de-grandir\/"},"author":{"name":"admin","@id":"https:\/\/filles-de-la-charite.org\/fr\/#\/schema\/person\/427567b2eccfc2dd7d206da186a1f438"},"headline":"Terni, Italie : Inauguration du tableau d&rsquo;affichage de la paix : \u00ab\u00a0Libre de r\u00eaver. Libre de grandir.\u00a0\u00bb","datePublished":"2023-04-30T20:00:00+00:00","mainEntityOfPage":{"@id":"https:\/\/filles-de-la-charite.org\/fr\/terni-italie-inauguration-du-tableau-daffichage-de-la-paix-libre-de-rever-libre-de-grandir\/"},"wordCount":635,"publisher":{"@id":"https:\/\/filles-de-la-charite.org\/fr\/#organization"},"image":{"@id":"https:\/\/filles-de-la-charite.org\/fr\/terni-italie-inauguration-du-tableau-daffichage-de-la-paix-libre-de-rever-libre-de-grandir\/#primaryimage"},"thumbnailUrl":"https:\/\/filles-de-la-charite.org\/wp-content\/uploads\/2023\/06\/330291569_905401037449783_1721973356588504900_n.jpg","articleSection":["Italie"],"inLanguage":"fr-FR"},{"@type":"WebPage","@id":"https:\/\/filles-de-la-charite.org\/fr\/terni-italie-inauguration-du-tableau-daffichage-de-la-paix-libre-de-rever-libre-de-grandir\/","url":"https:\/\/filles-de-la-charite.org\/fr\/terni-italie-inauguration-du-tableau-daffichage-de-la-paix-libre-de-rever-libre-de-grandir\/","name":"Terni, Italie : Inauguration du tableau d'affichage de la paix : \"Libre de r\u00eaver. Libre de grandir.\" - Filles de la Charit\u00e9","isPartOf":{"@id":"https:\/\/filles-de-la-charite.org\/fr\/#website"},"primaryImageOfPage":{"@id":"https:\/\/filles-de-la-charite.org\/fr\/terni-italie-inauguration-du-tableau-daffichage-de-la-paix-libre-de-rever-libre-de-grandir\/#primaryimage"},"image":{"@id":"https:\/\/filles-de-la-charite.org\/fr\/terni-italie-inauguration-du-tableau-daffichage-de-la-paix-libre-de-rever-libre-de-grandir\/#primaryimage"},"thumbnailUrl":"https:\/\/filles-de-la-charite.org\/wp-content\/uploads\/2023\/06\/330291569_905401037449783_1721973356588504900_n.jpg","datePublished":"2023-04-30T20:00:00+00:00","breadcrumb":{"@id":"https:\/\/filles-de-la-charite.org\/fr\/terni-italie-inauguration-du-tableau-daffichage-de-la-paix-libre-de-rever-libre-de-grandir\/#breadcrumb"},"inLanguage":"fr-FR","potentialAction":[{"@type":"ReadAction","target":["https:\/\/filles-de-la-charite.org\/fr\/terni-italie-inauguration-du-tableau-daffichage-de-la-paix-libre-de-rever-libre-de-grandir\/"]}]},{"@type":"ImageObject","inLanguage":"fr-FR","@id":"https:\/\/filles-de-la-charite.org\/fr\/terni-italie-inauguration-du-tableau-daffichage-de-la-paix-libre-de-rever-libre-de-grandir\/#primaryimage","url":"https:\/\/filles-de-la-charite.org\/wp-content\/uploads\/2023\/06\/330291569_905401037449783_1721973356588504900_n.jpg","contentUrl":"https:\/\/filles-de-la-charite.org\/wp-content\/uploads\/2023\/06\/330291569_905401037449783_1721973356588504900_n.jpg","width":808,"height":621},{"@type":"BreadcrumbList","@id":"https:\/\/filles-de-la-charite.org\/fr\/terni-italie-inauguration-du-tableau-daffichage-de-la-paix-libre-de-rever-libre-de-grandir\/#breadcrumb","itemListElement":[{"@type":"ListItem","position":1,"name":"Italie","item":"https:\/\/filles-de-la-charite.org\/fr\/category\/italie\/"},{"@type":"ListItem","position":2,"name":"Terni, Italie : Inauguration du tableau d&#8217;affichage de la paix : \u00abLibre de r\u00eaver. Libre de grandir.\u00bb"}]},{"@type":"WebSite","@id":"https:\/\/filles-de-la-charite.org\/fr\/#website","url":"https:\/\/filles-de-la-charite.org\/fr\/","name":"Hijas de la Caridad","description":"L\u2019amour de J\u00e9sus nous presse \u00e0 prendre soin des personnes les plus d\u00e9munies","publisher":{"@id":"https:\/\/filles-de-la-charite.org\/fr\/#organization"},"potentialAction":[{"@type":"SearchAction","target":{"@type":"EntryPoint","urlTemplate":"https:\/\/filles-de-la-charite.org\/fr\/?s={search_term_string}"},"query-input":{"@type":"PropertyValueSpecification","valueRequired":true,"valueName":"search_term_string"}}],"inLanguage":"fr-FR"},{"@type":"Organization","@id":"https:\/\/filles-de-la-charite.org\/fr\/#organization","name":"Hijas de la Caridad","url":"https:\/\/filles-de-la-charite.org\/fr\/","logo":{"@type":"ImageObject","inLanguage":"fr-FR","@id":"https:\/\/filles-de-la-charite.org\/fr\/#\/schema\/logo\/image\/","url":"https:\/\/filles-de-la-charite.org\/wp-content\/uploads\/2023\/03\/isotipo-Hijas-de-la-Caridad.png","contentUrl":"https:\/\/filles-de-la-charite.org\/wp-content\/uploads\/2023\/03\/isotipo-Hijas-de-la-Caridad.png","width":1417,"height":1417,"caption":"Hijas de la Caridad"},"image":{"@id":"https:\/\/filles-de-la-charite.org\/fr\/#\/schema\/logo\/image\/"}},{"@type":"Person","@id":"https:\/\/filles-de-la-charite.org\/fr\/#\/schema\/person\/427567b2eccfc2dd7d206da186a1f438","name":"admin","image":{"@type":"ImageObject","inLanguage":"fr-FR","@id":"https:\/\/secure.gravatar.com\/avatar\/948b492cce32b586ac2db0eaa926ee87024f7afe218d73b397ea5ddfc5f43ea1?s=96&d=mm&r=g","url":"https:\/\/secure.gravatar.com\/avatar\/948b492cce32b586ac2db0eaa926ee87024f7afe218d73b397ea5ddfc5f43ea1?s=96&d=mm&r=g","contentUrl":"https:\/\/secure.gravatar.com\/avatar\/948b492cce32b586ac2db0eaa926ee87024f7afe218d73b397ea5ddfc5f43ea1?s=96&d=mm&r=g","caption":"admin"},"sameAs":["https:\/\/filles-de-la-charite.org"],"url":"https:\/\/filles-de-la-charite.org\/fr\/author\/caridad\/"}]}},"_links":{"self":[{"href":"https:\/\/filles-de-la-charite.org\/fr\/wp-json\/wp\/v2\/posts\/22957","targetHints":{"allow":["GET"]}}],"collection":[{"href":"https:\/\/filles-de-la-charite.org\/fr\/wp-json\/wp\/v2\/posts"}],"about":[{"href":"https:\/\/filles-de-la-charite.org\/fr\/wp-json\/wp\/v2\/types\/post"}],"author":[{"embeddable":true,"href":"https:\/\/filles-de-la-charite.org\/fr\/wp-json\/wp\/v2\/users\/1"}],"replies":[{"embeddable":true,"href":"https:\/\/filles-de-la-charite.org\/fr\/wp-json\/wp\/v2\/comments?post=22957"}],"version-history":[{"count":0,"href":"https:\/\/filles-de-la-charite.org\/fr\/wp-json\/wp\/v2\/posts\/22957\/revisions"}],"wp:featuredmedia":[{"embeddable":true,"href":"https:\/\/filles-de-la-charite.org\/fr\/wp-json\/wp\/v2\/media\/17636"}],"wp:attachment":[{"href":"https:\/\/filles-de-la-charite.org\/fr\/wp-json\/wp\/v2\/media?parent=22957"}],"wp:term":[{"taxonomy":"category","embeddable":true,"href":"https:\/\/filles-de-la-charite.org\/fr\/wp-json\/wp\/v2\/categories?post=22957"},{"taxonomy":"post_tag","embeddable":true,"href":"https:\/\/filles-de-la-charite.org\/fr\/wp-json\/wp\/v2\/tags?post=22957"}],"curies":[{"name":"wp","href":"https:\/\/api.w.org\/{rel}","templated":true}]}}