{"id":22960,"date":"2023-05-09T14:25:33","date_gmt":"2023-05-09T12:25:33","guid":{"rendered":"https:\/\/hijascaridad.sjdigitaldemo.ovh\/vivre-la-vie-comme-un-acte-dequilibre-ou-vivre-une-vie-equilibree\/"},"modified":"2024-03-17T13:21:49","modified_gmt":"2024-03-17T12:21:49","slug":"vivre-la-vie-comme-un-acte-dequilibre-ou-vivre-une-vie-equilibree","status":"publish","type":"post","link":"https:\/\/filles-de-la-charite.org\/fr\/vivre-la-vie-comme-un-acte-dequilibre-ou-vivre-une-vie-equilibree\/","title":{"rendered":"<strong>Vivre la vie comme un acte d\u2019\u00e9quilibre ou vivre une vie \u00e9quilibr\u00e9e?<\/strong>"},"content":{"rendered":"\n<p>Les S\u0153urs de moins de 10 ans de vocation et leur conseill\u00e8re en formation, Sr Mary Frances Barnes, se sont r\u00e9unies pour le week-end \u00e0 Albany, NY. Le week-end \u00e9tait centr\u00e9 sur le th\u00e8me \u00ab\u00a0Vivre la vie comme un acte d\u2019\u00e9quilibre ou vivre une vie \u00e9quilibr\u00e9e ?\u00a0\u00bb et comprenait des r\u00e9flexions et des discussions en groupe, ainsi que des activit\u00e9s, des pri\u00e8res et des repas avec d&rsquo;autres s\u0153urs ainsi que des activit\u00e9s, des pri\u00e8res et des repas avec des s\u0153urs locales sur le campus.<\/p>\n\n\n\n<figure class=\"wp-block-image alignwide size-full\"><img decoding=\"async\" src=\"https:\/\/filles-de-la-charite.org\/wp-content\/uploads\/2023\/06\/Bella-Davila-MF-Barnes-Marian-Hamwey.jpg\" alt=\"\" class=\"wp-image-73406\" \/><\/figure>\n\n\n\n<p>Les S\u0153urs ont partag\u00e9 la pri\u00e8re du matin avec les S\u0153urs a\u00een\u00e9es de la Maison Sainte-Louise.<\/p>\n\n\n\n<p>L&rsquo;une des S\u0153urs du panel a partag\u00e9 ses r\u00e9flexions sur le maintien d&rsquo;une vie \u00e9quilibr\u00e9e, en particulier lors des missions \u00e0 l&rsquo;\u00e9tranger.<\/p>\n\n\n\n<figure class=\"wp-block-image alignwide size-full\"><img decoding=\"async\" src=\"https:\/\/filles-de-la-charite.org\/wp-content\/uploads\/2023\/06\/Mary-Grace-Higgins-Kate-McFall.jpg\" alt=\"\" class=\"wp-image-73404\" \/><\/figure>\n\n\n\n<p>L&rsquo;une des jeunes S\u0153urs porte la croix lors de la procession d&rsquo;ouverture de la messe du dimanche.<\/p>\n\n\n\n<p>Les 5 jeunes S\u0153urs sont all\u00e9es manger une glace samedi soir!<\/p>\n\n\n\n<figure class=\"wp-block-image alignwide size-full\"><img decoding=\"async\" src=\"https:\/\/filles-de-la-charite.org\/wp-content\/uploads\/2023\/06\/Under-10-at-Stewarts-4.jpg\" alt=\"\" class=\"wp-image-73415\" \/><\/figure>\n","protected":false},"excerpt":{"rendered":"<p>Les S\u0153urs de moins de 10 ans de vocation et leur conseill\u00e8re en formation, Sr Mary Frances Barnes, se sont r\u00e9unies pour le week-end \u00e0 Albany, NY. Le week-end \u00e9tait centr\u00e9 sur le th\u00e8me \u00ab\u00a0Vivre la vie comme un acte d\u2019\u00e9quilibre ou vivre une vie \u00e9quilibr\u00e9e ?\u00a0\u00bb et comprenait des r\u00e9flexions et des discussions en [&hellip;]<\/p>\n","protected":false},"author":1,"featured_media":17682,"comment_status":"closed","ping_status":"closed","sticky":false,"template":"","format":"standard","meta":{"_acf_changed":false,"_et_pb_use_builder":"","_et_pb_old_content":"","_et_gb_content_width":"","footnotes":"","_links_to":"","_links_to_target":""},"categories":[683],"tags":[],"class_list":["post-22960","post","type-post","status-publish","format-standard","has-post-thumbnail","hentry","category-sainte-louise-usa-fr"],"acf":[],"yoast_head":"<!-- This site is optimized with the Yoast SEO plugin v27.4 - https:\/\/yoast.com\/product\/yoast-seo-wordpress\/ -->\n<title>Vivre la vie comme un acte d\u2019\u00e9quilibre ou vivre une vie \u00e9quilibr\u00e9e? - Filles de la Charit\u00e9<\/title>\n<meta name=\"robots\" content=\"index, follow, max-snippet:-1, max-image-preview:large, max-video-preview:-1\" \/>\n<link rel=\"canonical\" href=\"https:\/\/filles-de-la-charite.org\/fr\/vivre-la-vie-comme-un-acte-dequilibre-ou-vivre-une-vie-equilibree\/\" \/>\n<meta property=\"og:locale\" content=\"fr_FR\" \/>\n<meta property=\"og:type\" content=\"article\" \/>\n<meta property=\"og:title\" content=\"Vivre la vie comme un acte d\u2019\u00e9quilibre ou vivre une vie \u00e9quilibr\u00e9e? - Filles de la Charit\u00e9\" \/>\n<meta property=\"og:description\" content=\"Les S\u0153urs de moins de 10 ans de vocation et leur conseill\u00e8re en formation, Sr Mary Frances Barnes, se sont r\u00e9unies pour le week-end \u00e0 Albany, NY. Le week-end \u00e9tait centr\u00e9 sur le th\u00e8me \u00ab\u00a0Vivre la vie comme un acte d\u2019\u00e9quilibre ou vivre une vie \u00e9quilibr\u00e9e ?\u00a0\u00bb et comprenait des r\u00e9flexions et des discussions en [&hellip;]\" \/>\n<meta property=\"og:url\" content=\"https:\/\/filles-de-la-charite.org\/fr\/vivre-la-vie-comme-un-acte-dequilibre-ou-vivre-une-vie-equilibree\/\" \/>\n<meta property=\"og:site_name\" content=\"Filles de la Charit\u00e9\" \/>\n<meta property=\"article:published_time\" content=\"2023-05-09T12:25:33+00:00\" \/>\n<meta property=\"article:modified_time\" content=\"2024-03-17T12:21:49+00:00\" \/>\n<meta property=\"og:image\" content=\"https:\/\/filles-de-la-charite.org\/wp-content\/uploads\/2023\/06\/wood-texture-g2a4ce93f0_1920.jpg\" \/>\n\t<meta property=\"og:image:width\" content=\"1025\" \/>\n\t<meta property=\"og:image:height\" content=\"683\" \/>\n\t<meta property=\"og:image:type\" content=\"image\/jpeg\" \/>\n<meta name=\"author\" content=\"admin\" \/>\n<meta name=\"twitter:card\" content=\"summary_large_image\" \/>\n<meta name=\"twitter:label1\" content=\"\u00c9crit par\" \/>\n\t<meta name=\"twitter:data1\" content=\"admin\" \/>\n\t<meta name=\"twitter:label2\" content=\"Dur\u00e9e de lecture estim\u00e9e\" \/>\n\t<meta name=\"twitter:data2\" content=\"1 minute\" \/>\n<script type=\"application\/ld+json\" class=\"yoast-schema-graph\">{\"@context\":\"https:\\\/\\\/schema.org\",\"@graph\":[{\"@type\":\"Article\",\"@id\":\"https:\\\/\\\/filles-de-la-charite.org\\\/fr\\\/vivre-la-vie-comme-un-acte-dequilibre-ou-vivre-une-vie-equilibree\\\/#article\",\"isPartOf\":{\"@id\":\"https:\\\/\\\/filles-de-la-charite.org\\\/fr\\\/vivre-la-vie-comme-un-acte-dequilibre-ou-vivre-une-vie-equilibree\\\/\"},\"author\":{\"name\":\"admin\",\"@id\":\"https:\\\/\\\/filles-de-la-charite.org\\\/fr\\\/#\\\/schema\\\/person\\\/427567b2eccfc2dd7d206da186a1f438\"},\"headline\":\"Vivre la vie comme un acte d\u2019\u00e9quilibre ou vivre une vie \u00e9quilibr\u00e9e?\",\"datePublished\":\"2023-05-09T12:25:33+00:00\",\"dateModified\":\"2024-03-17T12:21:49+00:00\",\"mainEntityOfPage\":{\"@id\":\"https:\\\/\\\/filles-de-la-charite.org\\\/fr\\\/vivre-la-vie-comme-un-acte-dequilibre-ou-vivre-une-vie-equilibree\\\/\"},\"wordCount\":189,\"publisher\":{\"@id\":\"https:\\\/\\\/filles-de-la-charite.org\\\/fr\\\/#organization\"},\"image\":{\"@id\":\"https:\\\/\\\/filles-de-la-charite.org\\\/fr\\\/vivre-la-vie-comme-un-acte-dequilibre-ou-vivre-une-vie-equilibree\\\/#primaryimage\"},\"thumbnailUrl\":\"https:\\\/\\\/filles-de-la-charite.org\\\/wp-content\\\/uploads\\\/2023\\\/06\\\/wood-texture-g2a4ce93f0_1920.jpg\",\"articleSection\":[\"Sainte Louise - USA\"],\"inLanguage\":\"fr-FR\"},{\"@type\":\"WebPage\",\"@id\":\"https:\\\/\\\/filles-de-la-charite.org\\\/fr\\\/vivre-la-vie-comme-un-acte-dequilibre-ou-vivre-une-vie-equilibree\\\/\",\"url\":\"https:\\\/\\\/filles-de-la-charite.org\\\/fr\\\/vivre-la-vie-comme-un-acte-dequilibre-ou-vivre-une-vie-equilibree\\\/\",\"name\":\"Vivre la vie comme un acte d\u2019\u00e9quilibre ou vivre une vie \u00e9quilibr\u00e9e? - Filles de la Charit\u00e9\",\"isPartOf\":{\"@id\":\"https:\\\/\\\/filles-de-la-charite.org\\\/fr\\\/#website\"},\"primaryImageOfPage\":{\"@id\":\"https:\\\/\\\/filles-de-la-charite.org\\\/fr\\\/vivre-la-vie-comme-un-acte-dequilibre-ou-vivre-une-vie-equilibree\\\/#primaryimage\"},\"image\":{\"@id\":\"https:\\\/\\\/filles-de-la-charite.org\\\/fr\\\/vivre-la-vie-comme-un-acte-dequilibre-ou-vivre-une-vie-equilibree\\\/#primaryimage\"},\"thumbnailUrl\":\"https:\\\/\\\/filles-de-la-charite.org\\\/wp-content\\\/uploads\\\/2023\\\/06\\\/wood-texture-g2a4ce93f0_1920.jpg\",\"datePublished\":\"2023-05-09T12:25:33+00:00\",\"dateModified\":\"2024-03-17T12:21:49+00:00\",\"breadcrumb\":{\"@id\":\"https:\\\/\\\/filles-de-la-charite.org\\\/fr\\\/vivre-la-vie-comme-un-acte-dequilibre-ou-vivre-une-vie-equilibree\\\/#breadcrumb\"},\"inLanguage\":\"fr-FR\",\"potentialAction\":[{\"@type\":\"ReadAction\",\"target\":[\"https:\\\/\\\/filles-de-la-charite.org\\\/fr\\\/vivre-la-vie-comme-un-acte-dequilibre-ou-vivre-une-vie-equilibree\\\/\"]}]},{\"@type\":\"ImageObject\",\"inLanguage\":\"fr-FR\",\"@id\":\"https:\\\/\\\/filles-de-la-charite.org\\\/fr\\\/vivre-la-vie-comme-un-acte-dequilibre-ou-vivre-une-vie-equilibree\\\/#primaryimage\",\"url\":\"https:\\\/\\\/filles-de-la-charite.org\\\/wp-content\\\/uploads\\\/2023\\\/06\\\/wood-texture-g2a4ce93f0_1920.jpg\",\"contentUrl\":\"https:\\\/\\\/filles-de-la-charite.org\\\/wp-content\\\/uploads\\\/2023\\\/06\\\/wood-texture-g2a4ce93f0_1920.jpg\",\"width\":1025,\"height\":683},{\"@type\":\"BreadcrumbList\",\"@id\":\"https:\\\/\\\/filles-de-la-charite.org\\\/fr\\\/vivre-la-vie-comme-un-acte-dequilibre-ou-vivre-une-vie-equilibree\\\/#breadcrumb\",\"itemListElement\":[{\"@type\":\"ListItem\",\"position\":1,\"name\":\"Sainte Louise - USA\",\"item\":\"https:\\\/\\\/filles-de-la-charite.org\\\/fr\\\/category\\\/sainte-louise-usa-fr\\\/\"},{\"@type\":\"ListItem\",\"position\":2,\"name\":\"Vivre la vie comme un acte d\u2019\u00e9quilibre ou vivre une vie \u00e9quilibr\u00e9e?\"}]},{\"@type\":\"WebSite\",\"@id\":\"https:\\\/\\\/filles-de-la-charite.org\\\/fr\\\/#website\",\"url\":\"https:\\\/\\\/filles-de-la-charite.org\\\/fr\\\/\",\"name\":\"Hijas de la Caridad\",\"description\":\"L\u2019amour de J\u00e9sus nous presse \u00e0 prendre soin des personnes les plus d\u00e9munies\",\"publisher\":{\"@id\":\"https:\\\/\\\/filles-de-la-charite.org\\\/fr\\\/#organization\"},\"potentialAction\":[{\"@type\":\"SearchAction\",\"target\":{\"@type\":\"EntryPoint\",\"urlTemplate\":\"https:\\\/\\\/filles-de-la-charite.org\\\/fr\\\/?s={search_term_string}\"},\"query-input\":{\"@type\":\"PropertyValueSpecification\",\"valueRequired\":true,\"valueName\":\"search_term_string\"}}],\"inLanguage\":\"fr-FR\"},{\"@type\":\"Organization\",\"@id\":\"https:\\\/\\\/filles-de-la-charite.org\\\/fr\\\/#organization\",\"name\":\"Hijas de la Caridad\",\"url\":\"https:\\\/\\\/filles-de-la-charite.org\\\/fr\\\/\",\"logo\":{\"@type\":\"ImageObject\",\"inLanguage\":\"fr-FR\",\"@id\":\"https:\\\/\\\/filles-de-la-charite.org\\\/fr\\\/#\\\/schema\\\/logo\\\/image\\\/\",\"url\":\"https:\\\/\\\/filles-de-la-charite.org\\\/wp-content\\\/uploads\\\/2023\\\/03\\\/isotipo-Hijas-de-la-Caridad.png\",\"contentUrl\":\"https:\\\/\\\/filles-de-la-charite.org\\\/wp-content\\\/uploads\\\/2023\\\/03\\\/isotipo-Hijas-de-la-Caridad.png\",\"width\":1417,\"height\":1417,\"caption\":\"Hijas de la Caridad\"},\"image\":{\"@id\":\"https:\\\/\\\/filles-de-la-charite.org\\\/fr\\\/#\\\/schema\\\/logo\\\/image\\\/\"}},{\"@type\":\"Person\",\"@id\":\"https:\\\/\\\/filles-de-la-charite.org\\\/fr\\\/#\\\/schema\\\/person\\\/427567b2eccfc2dd7d206da186a1f438\",\"name\":\"admin\",\"image\":{\"@type\":\"ImageObject\",\"inLanguage\":\"fr-FR\",\"@id\":\"https:\\\/\\\/secure.gravatar.com\\\/avatar\\\/948b492cce32b586ac2db0eaa926ee87024f7afe218d73b397ea5ddfc5f43ea1?s=96&d=mm&r=g\",\"url\":\"https:\\\/\\\/secure.gravatar.com\\\/avatar\\\/948b492cce32b586ac2db0eaa926ee87024f7afe218d73b397ea5ddfc5f43ea1?s=96&d=mm&r=g\",\"contentUrl\":\"https:\\\/\\\/secure.gravatar.com\\\/avatar\\\/948b492cce32b586ac2db0eaa926ee87024f7afe218d73b397ea5ddfc5f43ea1?s=96&d=mm&r=g\",\"caption\":\"admin\"},\"sameAs\":[\"https:\\\/\\\/filles-de-la-charite.org\"],\"url\":\"https:\\\/\\\/filles-de-la-charite.org\\\/fr\\\/author\\\/caridad\\\/\"}]}<\/script>\n<!-- \/ Yoast SEO plugin. -->","yoast_head_json":{"title":"Vivre la vie comme un acte d\u2019\u00e9quilibre ou vivre une vie \u00e9quilibr\u00e9e? - Filles de la Charit\u00e9","robots":{"index":"index","follow":"follow","max-snippet":"max-snippet:-1","max-image-preview":"max-image-preview:large","max-video-preview":"max-video-preview:-1"},"canonical":"https:\/\/filles-de-la-charite.org\/fr\/vivre-la-vie-comme-un-acte-dequilibre-ou-vivre-une-vie-equilibree\/","og_locale":"fr_FR","og_type":"article","og_title":"Vivre la vie comme un acte d\u2019\u00e9quilibre ou vivre une vie \u00e9quilibr\u00e9e? - Filles de la Charit\u00e9","og_description":"Les S\u0153urs de moins de 10 ans de vocation et leur conseill\u00e8re en formation, Sr Mary Frances Barnes, se sont r\u00e9unies pour le week-end \u00e0 Albany, NY. Le week-end \u00e9tait centr\u00e9 sur le th\u00e8me \u00ab\u00a0Vivre la vie comme un acte d\u2019\u00e9quilibre ou vivre une vie \u00e9quilibr\u00e9e ?\u00a0\u00bb et comprenait des r\u00e9flexions et des discussions en [&hellip;]","og_url":"https:\/\/filles-de-la-charite.org\/fr\/vivre-la-vie-comme-un-acte-dequilibre-ou-vivre-une-vie-equilibree\/","og_site_name":"Filles de la Charit\u00e9","article_published_time":"2023-05-09T12:25:33+00:00","article_modified_time":"2024-03-17T12:21:49+00:00","og_image":[{"width":1025,"height":683,"url":"https:\/\/filles-de-la-charite.org\/wp-content\/uploads\/2023\/06\/wood-texture-g2a4ce93f0_1920.jpg","type":"image\/jpeg"}],"author":"admin","twitter_card":"summary_large_image","twitter_misc":{"\u00c9crit par":"admin","Dur\u00e9e de lecture estim\u00e9e":"1 minute"},"schema":{"@context":"https:\/\/schema.org","@graph":[{"@type":"Article","@id":"https:\/\/filles-de-la-charite.org\/fr\/vivre-la-vie-comme-un-acte-dequilibre-ou-vivre-une-vie-equilibree\/#article","isPartOf":{"@id":"https:\/\/filles-de-la-charite.org\/fr\/vivre-la-vie-comme-un-acte-dequilibre-ou-vivre-une-vie-equilibree\/"},"author":{"name":"admin","@id":"https:\/\/filles-de-la-charite.org\/fr\/#\/schema\/person\/427567b2eccfc2dd7d206da186a1f438"},"headline":"Vivre la vie comme un acte d\u2019\u00e9quilibre ou vivre une vie \u00e9quilibr\u00e9e?","datePublished":"2023-05-09T12:25:33+00:00","dateModified":"2024-03-17T12:21:49+00:00","mainEntityOfPage":{"@id":"https:\/\/filles-de-la-charite.org\/fr\/vivre-la-vie-comme-un-acte-dequilibre-ou-vivre-une-vie-equilibree\/"},"wordCount":189,"publisher":{"@id":"https:\/\/filles-de-la-charite.org\/fr\/#organization"},"image":{"@id":"https:\/\/filles-de-la-charite.org\/fr\/vivre-la-vie-comme-un-acte-dequilibre-ou-vivre-une-vie-equilibree\/#primaryimage"},"thumbnailUrl":"https:\/\/filles-de-la-charite.org\/wp-content\/uploads\/2023\/06\/wood-texture-g2a4ce93f0_1920.jpg","articleSection":["Sainte Louise - USA"],"inLanguage":"fr-FR"},{"@type":"WebPage","@id":"https:\/\/filles-de-la-charite.org\/fr\/vivre-la-vie-comme-un-acte-dequilibre-ou-vivre-une-vie-equilibree\/","url":"https:\/\/filles-de-la-charite.org\/fr\/vivre-la-vie-comme-un-acte-dequilibre-ou-vivre-une-vie-equilibree\/","name":"Vivre la vie comme un acte d\u2019\u00e9quilibre ou vivre une vie \u00e9quilibr\u00e9e? - Filles de la Charit\u00e9","isPartOf":{"@id":"https:\/\/filles-de-la-charite.org\/fr\/#website"},"primaryImageOfPage":{"@id":"https:\/\/filles-de-la-charite.org\/fr\/vivre-la-vie-comme-un-acte-dequilibre-ou-vivre-une-vie-equilibree\/#primaryimage"},"image":{"@id":"https:\/\/filles-de-la-charite.org\/fr\/vivre-la-vie-comme-un-acte-dequilibre-ou-vivre-une-vie-equilibree\/#primaryimage"},"thumbnailUrl":"https:\/\/filles-de-la-charite.org\/wp-content\/uploads\/2023\/06\/wood-texture-g2a4ce93f0_1920.jpg","datePublished":"2023-05-09T12:25:33+00:00","dateModified":"2024-03-17T12:21:49+00:00","breadcrumb":{"@id":"https:\/\/filles-de-la-charite.org\/fr\/vivre-la-vie-comme-un-acte-dequilibre-ou-vivre-une-vie-equilibree\/#breadcrumb"},"inLanguage":"fr-FR","potentialAction":[{"@type":"ReadAction","target":["https:\/\/filles-de-la-charite.org\/fr\/vivre-la-vie-comme-un-acte-dequilibre-ou-vivre-une-vie-equilibree\/"]}]},{"@type":"ImageObject","inLanguage":"fr-FR","@id":"https:\/\/filles-de-la-charite.org\/fr\/vivre-la-vie-comme-un-acte-dequilibre-ou-vivre-une-vie-equilibree\/#primaryimage","url":"https:\/\/filles-de-la-charite.org\/wp-content\/uploads\/2023\/06\/wood-texture-g2a4ce93f0_1920.jpg","contentUrl":"https:\/\/filles-de-la-charite.org\/wp-content\/uploads\/2023\/06\/wood-texture-g2a4ce93f0_1920.jpg","width":1025,"height":683},{"@type":"BreadcrumbList","@id":"https:\/\/filles-de-la-charite.org\/fr\/vivre-la-vie-comme-un-acte-dequilibre-ou-vivre-une-vie-equilibree\/#breadcrumb","itemListElement":[{"@type":"ListItem","position":1,"name":"Sainte Louise - USA","item":"https:\/\/filles-de-la-charite.org\/fr\/category\/sainte-louise-usa-fr\/"},{"@type":"ListItem","position":2,"name":"Vivre la vie comme un acte d\u2019\u00e9quilibre ou vivre une vie \u00e9quilibr\u00e9e?"}]},{"@type":"WebSite","@id":"https:\/\/filles-de-la-charite.org\/fr\/#website","url":"https:\/\/filles-de-la-charite.org\/fr\/","name":"Hijas de la Caridad","description":"L\u2019amour de J\u00e9sus nous presse \u00e0 prendre soin des personnes les plus d\u00e9munies","publisher":{"@id":"https:\/\/filles-de-la-charite.org\/fr\/#organization"},"potentialAction":[{"@type":"SearchAction","target":{"@type":"EntryPoint","urlTemplate":"https:\/\/filles-de-la-charite.org\/fr\/?s={search_term_string}"},"query-input":{"@type":"PropertyValueSpecification","valueRequired":true,"valueName":"search_term_string"}}],"inLanguage":"fr-FR"},{"@type":"Organization","@id":"https:\/\/filles-de-la-charite.org\/fr\/#organization","name":"Hijas de la Caridad","url":"https:\/\/filles-de-la-charite.org\/fr\/","logo":{"@type":"ImageObject","inLanguage":"fr-FR","@id":"https:\/\/filles-de-la-charite.org\/fr\/#\/schema\/logo\/image\/","url":"https:\/\/filles-de-la-charite.org\/wp-content\/uploads\/2023\/03\/isotipo-Hijas-de-la-Caridad.png","contentUrl":"https:\/\/filles-de-la-charite.org\/wp-content\/uploads\/2023\/03\/isotipo-Hijas-de-la-Caridad.png","width":1417,"height":1417,"caption":"Hijas de la Caridad"},"image":{"@id":"https:\/\/filles-de-la-charite.org\/fr\/#\/schema\/logo\/image\/"}},{"@type":"Person","@id":"https:\/\/filles-de-la-charite.org\/fr\/#\/schema\/person\/427567b2eccfc2dd7d206da186a1f438","name":"admin","image":{"@type":"ImageObject","inLanguage":"fr-FR","@id":"https:\/\/secure.gravatar.com\/avatar\/948b492cce32b586ac2db0eaa926ee87024f7afe218d73b397ea5ddfc5f43ea1?s=96&d=mm&r=g","url":"https:\/\/secure.gravatar.com\/avatar\/948b492cce32b586ac2db0eaa926ee87024f7afe218d73b397ea5ddfc5f43ea1?s=96&d=mm&r=g","contentUrl":"https:\/\/secure.gravatar.com\/avatar\/948b492cce32b586ac2db0eaa926ee87024f7afe218d73b397ea5ddfc5f43ea1?s=96&d=mm&r=g","caption":"admin"},"sameAs":["https:\/\/filles-de-la-charite.org"],"url":"https:\/\/filles-de-la-charite.org\/fr\/author\/caridad\/"}]}},"_links":{"self":[{"href":"https:\/\/filles-de-la-charite.org\/fr\/wp-json\/wp\/v2\/posts\/22960","targetHints":{"allow":["GET"]}}],"collection":[{"href":"https:\/\/filles-de-la-charite.org\/fr\/wp-json\/wp\/v2\/posts"}],"about":[{"href":"https:\/\/filles-de-la-charite.org\/fr\/wp-json\/wp\/v2\/types\/post"}],"author":[{"embeddable":true,"href":"https:\/\/filles-de-la-charite.org\/fr\/wp-json\/wp\/v2\/users\/1"}],"replies":[{"embeddable":true,"href":"https:\/\/filles-de-la-charite.org\/fr\/wp-json\/wp\/v2\/comments?post=22960"}],"version-history":[{"count":1,"href":"https:\/\/filles-de-la-charite.org\/fr\/wp-json\/wp\/v2\/posts\/22960\/revisions"}],"predecessor-version":[{"id":22961,"href":"https:\/\/filles-de-la-charite.org\/fr\/wp-json\/wp\/v2\/posts\/22960\/revisions\/22961"}],"wp:featuredmedia":[{"embeddable":true,"href":"https:\/\/filles-de-la-charite.org\/fr\/wp-json\/wp\/v2\/media\/17682"}],"wp:attachment":[{"href":"https:\/\/filles-de-la-charite.org\/fr\/wp-json\/wp\/v2\/media?parent=22960"}],"wp:term":[{"taxonomy":"category","embeddable":true,"href":"https:\/\/filles-de-la-charite.org\/fr\/wp-json\/wp\/v2\/categories?post=22960"},{"taxonomy":"post_tag","embeddable":true,"href":"https:\/\/filles-de-la-charite.org\/fr\/wp-json\/wp\/v2\/tags?post=22960"}],"curies":[{"name":"wp","href":"https:\/\/api.w.org\/{rel}","templated":true}]}}