{"id":22962,"date":"2023-05-31T22:00:00","date_gmt":"2023-05-31T20:00:00","guid":{"rendered":"https:\/\/hijascaridad.sjdigitaldemo.ovh\/la-vie-est-un-chemin-un-voyage-aux-multiples-etapes\/"},"modified":"2024-03-04T18:17:55","modified_gmt":"2024-03-04T17:17:55","slug":"la-vie-est-un-chemin-un-voyage-aux-multiples-etapes","status":"publish","type":"post","link":"https:\/\/filles-de-la-charite.org\/fr\/la-vie-est-un-chemin-un-voyage-aux-multiples-etapes\/","title":{"rendered":"La vie est un chemin, un voyage aux multiples \u00e9tapes"},"content":{"rendered":"\n<p>Les S\u0153urs responsables du postulat et les directrices des s\u00e9minaires de la Compagnie ont \u00e9t\u00e9 appel\u00e9es \u00e0 entreprendre ensemble un voyage extraordinaire, du 17 avril au 4 mai.<\/p>\n\n\n\n<p>Voyager, c\u2019est faire ses valises, choisir ce qui est vraiment important \u00e0 emporter et laisser suffisamment d\u2019espace pour ramener des \u00ab&nbsp;cadeaux&nbsp;\u00bb et des \u00ab&nbsp;souvenirs&nbsp;\u00bb. C\u2019est dans cet esprit que nous avons entam\u00e9 un voyage qui nous a permis de contempler et de parcourir une grande vari\u00e9t\u00e9 de lieux et d\u2019espaces.<\/p>\n\n\n\n<p>Nous \u00e9tions au total 59 passag\u00e8res venues du monde entier : Afrique, Am\u00e9rique, Asie et Europe ; une richesse de cultures, de coutumes et de langues.<\/p>\n\n\n\n<p>Les espaces vides dans nos bagages seront bient\u00f4t remplis de cartes postales et de souvenirs qui nous aideront \u00e0 nous souvenir de ce beau paysage :<\/p>\n\n\n\n<p>\u00ab&nbsp;Pr\u00e9parer les Filles de la Charit\u00e9 pour l\u2019Eglise, la Compagnie et la soci\u00e9t\u00e9 du 21\u00e8me si\u00e8cle&nbsp;\u00bb.<\/p>\n\n\n\n<p>La premi\u00e8re partie du voyage a commenc\u00e9 par un message d\u2019ouverture de S\u0153ur Fran\u00e7oise Petit. Elle a pos\u00e9 une question cl\u00e9 : \u00ab&nbsp;Qu\u2019est-ce que la Compagnie attend des Filles de la Charit\u00e9 ?&nbsp;\u00bb. Elle a propos\u00e9 trois pistes :<\/p>\n\n\n\n<p>\u2013 Une mani\u00e8re d\u2019\u00eatre avec les S\u0153urs en formation<\/p>\n\n\n\n<p>\u2013 Un th\u00e8me adapt\u00e9 aux \u00e9tapes de la formation<\/p>\n\n\n\n<p>\u2013 Un apprentissage de la rencontre avec nos fr\u00e8res et s\u0153urs pauvres.<\/p>\n\n\n\n<p>Le P\u00e8re Patrick Griffin et le P\u00e8re Bernard Schoepffer nous ont invit\u00e9es \u00e0 contempler et \u00e0 d\u00e9couvrir des r\u00e9alit\u00e9s essentielles dans la formation des Filles de la Charit\u00e9 : le contexte du monde, la formation de la conscience, le charisme et la mission du formateur.<\/p>\n\n\n\n<p>Nous avons travers\u00e9 divers paysages qui nous ont captiv\u00e9es : l\u2019interculturalit\u00e9 dans la vie communautaire, la maturit\u00e9 sexuelle, affective et spirituelle, l\u2019accompagnement, les droits de l\u2019homme (pr\u00e9sent\u00e9s par les s\u0153urs repr\u00e9sentant les Filles de la Charit\u00e9 \u00e0 l\u2019ONU), entre autres ; nous nous sommes senties d\u00e9pass\u00e9es et concern\u00e9es par l\u2019ampleur du sujet : former, sensibiliser \u00e0 la sauvegarde des enfants et des personnes vuln\u00e9rables et accompagner les victimes d\u2019abus. Quelques arr\u00eats ont \u00e9t\u00e9 faits pour nous permettre de r\u00e9fl\u00e9chir sur \u00ab&nbsp;La mission et le r\u00f4le des formateurs&nbsp;\u00bb et \u00ab&nbsp;La technologie et son impact sur la formation&nbsp;\u00bb.<\/p>\n\n\n\n<p>Un paysage a toujours plusieurs points de vue et chaque spectateur voit et d\u00e9couvre des aspects diff\u00e9rents, d\u2019o\u00f9 l\u2019importance du travail en groupe, qui nous a offert la possibilit\u00e9 d\u2019\u00e9largir nos horizons, d\u2019encourager notre d\u00e9sir de d\u00e9couvrir de nouvelles possibilit\u00e9s et de chercher de nouvelles formes de service.<\/p>\n\n\n\n<p>La liturgie et l\u2019eucharistie ont \u00e9t\u00e9 des moments de c\u00e9l\u00e9bration de notre foi ensemble, d\u2019ouverture \u00e0 Dieu et \u00e0 nos s\u0153urs et fr\u00e8res dans la pauvret\u00e9, d\u2019action de gr\u00e2ce.<\/p>\n\n\n\n<p>Au terme de notre voyage, nous avons remerci\u00e9 les membres du Conseil g\u00e9n\u00e9ral qui ont rendu tout cela possible. Merci \u00e0 S\u0153ur Fran\u00e7oise pour les d\u00e9fis qu\u2019elle nous a lanc\u00e9s, d\u2019approfondissement, de simplicit\u00e9 et d\u2019esp\u00e9rance. Merci pour les exp\u00e9riences, pour l\u2019audace et le courage de la Compagnie face aux probl\u00e8mes actuels, pour l\u2019engagement envers les plus d\u00e9favoris\u00e9s, pour la diversit\u00e9 qui enrichit notre vie parce que la vari\u00e9t\u00e9 des langues n\u2019est pas un obstacle \u00e0 notre communication.<\/p>\n\n\n\n<p>Le p\u00e8re Toma\u017e Mavri\u010d a insist\u00e9 une fois de plus sur \u00ab&nbsp;la formation comme priorit\u00e9&nbsp;\u00bb.<\/p>\n\n\n\n<p>Nous avons achev\u00e9 cette partie du voyage avec l\u2019Eucharistie qui nous a envoy\u00e9es en mission.&nbsp; Cependant, ledit voyage ne se termine pas ici ; alors que ce tron\u00e7on se termine, un nouveau commence, o\u00f9 nous rencontrerons d\u2019autres histoires, d\u2019autres vies qui nous aideront \u00e0 contempler l\u2019histoire et \u00e0 d\u00e9couvrir comment accompagner les jeunes femmes qui nous rejoignent pour devenir Filles de la Charit\u00e9 afin qu\u2019elles continuent \u00e0 grandir.<\/p>\n\n\n\n<p><\/p>\n\n\n\n<div class=\"wp-block-group is-layout-flex wp-block-group-is-layout-flex\">\n<figure class=\"wp-block-gallery has-nested-images columns-3 is-cropped wp-block-gallery-1 is-layout-flex wp-block-gallery-is-layout-flex\">\n<figure class=\"wp-block-image size-large\"><a href=\"https:\/\/filles-de-la-charite.org\/wp-content\/uploads\/2024\/03\/News-Life-is-a-road-8-1024x768.jpg\" target=\"_blank\" rel=\"noopener\" data-rel=\"lightbox-image-0\" data-rl_title=\"\" data-rl_caption=\"\" title=\"\"><img loading=\"lazy\" decoding=\"async\" width=\"1024\" height=\"768\" data-id=\"32953\" src=\"https:\/\/filles-de-la-charite.org\/wp-content\/uploads\/2024\/03\/News-Life-is-a-road-8-1024x768.jpg\" alt=\"\" class=\"wp-image-32953\" srcset=\"https:\/\/filles-de-la-charite.org\/wp-content\/uploads\/2024\/03\/News-Life-is-a-road-8-980x735.jpg 980w, https:\/\/filles-de-la-charite.org\/wp-content\/uploads\/2024\/03\/News-Life-is-a-road-8-480x360.jpg 480w\" sizes=\"(min-width: 0px) and (max-width: 480px) 480px, (min-width: 481px) and (max-width: 980px) 980px, (min-width: 981px) 1024px, 100vw\" \/><\/a><\/figure>\n\n\n\n<figure class=\"wp-block-image size-large\"><a href=\"https:\/\/filles-de-la-charite.org\/wp-content\/uploads\/2024\/03\/News-Life-is-a-road-7-1024x681.jpg\" target=\"_blank\" rel=\"noopener\" data-rel=\"lightbox-image-1\" data-rl_title=\"\" data-rl_caption=\"\" title=\"\"><img loading=\"lazy\" decoding=\"async\" width=\"1024\" height=\"681\" data-id=\"32947\" src=\"https:\/\/filles-de-la-charite.org\/wp-content\/uploads\/2024\/03\/News-Life-is-a-road-7-1024x681.jpg\" alt=\"\" class=\"wp-image-32947\" srcset=\"https:\/\/filles-de-la-charite.org\/wp-content\/uploads\/2024\/03\/News-Life-is-a-road-7-980x652.jpg 980w, https:\/\/filles-de-la-charite.org\/wp-content\/uploads\/2024\/03\/News-Life-is-a-road-7-480x319.jpg 480w\" sizes=\"(min-width: 0px) and (max-width: 480px) 480px, (min-width: 481px) and (max-width: 980px) 980px, (min-width: 981px) 1024px, 100vw\" \/><\/a><\/figure>\n\n\n\n<figure class=\"wp-block-image size-large\"><a href=\"https:\/\/filles-de-la-charite.org\/wp-content\/uploads\/2024\/03\/News-Life-is-a-road-6-1024x681.jpg\" target=\"_blank\" rel=\"noopener\" data-rel=\"lightbox-image-2\" data-rl_title=\"\" data-rl_caption=\"\" title=\"\"><img loading=\"lazy\" decoding=\"async\" width=\"1024\" height=\"681\" data-id=\"32941\" src=\"https:\/\/filles-de-la-charite.org\/wp-content\/uploads\/2024\/03\/News-Life-is-a-road-6-1024x681.jpg\" alt=\"\" class=\"wp-image-32941\" srcset=\"https:\/\/filles-de-la-charite.org\/wp-content\/uploads\/2024\/03\/News-Life-is-a-road-6-980x652.jpg 980w, https:\/\/filles-de-la-charite.org\/wp-content\/uploads\/2024\/03\/News-Life-is-a-road-6-480x319.jpg 480w\" sizes=\"(min-width: 0px) and (max-width: 480px) 480px, (min-width: 481px) and (max-width: 980px) 980px, (min-width: 981px) 1024px, 100vw\" \/><\/a><\/figure>\n\n\n\n<figure class=\"wp-block-image size-large\"><a href=\"https:\/\/filles-de-la-charite.org\/wp-content\/uploads\/2024\/03\/News-Life-is-a-road-5-1024x681.jpg\" target=\"_blank\" rel=\"noopener\" data-rel=\"lightbox-image-3\" data-rl_title=\"\" data-rl_caption=\"\" title=\"\"><img loading=\"lazy\" decoding=\"async\" width=\"1024\" height=\"681\" data-id=\"32935\" src=\"https:\/\/filles-de-la-charite.org\/wp-content\/uploads\/2024\/03\/News-Life-is-a-road-5-1024x681.jpg\" alt=\"\" class=\"wp-image-32935\" srcset=\"https:\/\/filles-de-la-charite.org\/wp-content\/uploads\/2024\/03\/News-Life-is-a-road-5-980x652.jpg 980w, https:\/\/filles-de-la-charite.org\/wp-content\/uploads\/2024\/03\/News-Life-is-a-road-5-480x319.jpg 480w\" sizes=\"(min-width: 0px) and (max-width: 480px) 480px, (min-width: 481px) and (max-width: 980px) 980px, (min-width: 981px) 1024px, 100vw\" \/><\/a><\/figure>\n\n\n\n<figure class=\"wp-block-image size-large\"><a href=\"https:\/\/filles-de-la-charite.org\/wp-content\/uploads\/2024\/03\/News-Life-is-a-road-4-1024x681.jpg\" target=\"_blank\" rel=\"noopener\" data-rel=\"lightbox-image-4\" data-rl_title=\"\" data-rl_caption=\"\" title=\"\"><img loading=\"lazy\" decoding=\"async\" width=\"1024\" height=\"681\" data-id=\"32929\" src=\"https:\/\/filles-de-la-charite.org\/wp-content\/uploads\/2024\/03\/News-Life-is-a-road-4-1024x681.jpg\" alt=\"\" class=\"wp-image-32929\" srcset=\"https:\/\/filles-de-la-charite.org\/wp-content\/uploads\/2024\/03\/News-Life-is-a-road-4-980x652.jpg 980w, https:\/\/filles-de-la-charite.org\/wp-content\/uploads\/2024\/03\/News-Life-is-a-road-4-480x319.jpg 480w\" sizes=\"(min-width: 0px) and (max-width: 480px) 480px, (min-width: 481px) and (max-width: 980px) 980px, (min-width: 981px) 1024px, 100vw\" \/><\/a><\/figure>\n\n\n\n<figure class=\"wp-block-image size-large\"><a href=\"https:\/\/filles-de-la-charite.org\/wp-content\/uploads\/2024\/03\/News-Life-is-a-road-3-1024x681.jpg\" target=\"_blank\" rel=\"noopener\" data-rel=\"lightbox-image-5\" data-rl_title=\"\" data-rl_caption=\"\" title=\"\"><img loading=\"lazy\" decoding=\"async\" width=\"1024\" height=\"681\" data-id=\"32923\" src=\"https:\/\/filles-de-la-charite.org\/wp-content\/uploads\/2024\/03\/News-Life-is-a-road-3-1024x681.jpg\" alt=\"\" class=\"wp-image-32923\" srcset=\"https:\/\/filles-de-la-charite.org\/wp-content\/uploads\/2024\/03\/News-Life-is-a-road-3-980x652.jpg 980w, https:\/\/filles-de-la-charite.org\/wp-content\/uploads\/2024\/03\/News-Life-is-a-road-3-480x319.jpg 480w\" sizes=\"(min-width: 0px) and (max-width: 480px) 480px, (min-width: 481px) and (max-width: 980px) 980px, (min-width: 981px) 1024px, 100vw\" \/><\/a><\/figure>\n\n\n\n<figure class=\"wp-block-image size-large\"><a href=\"https:\/\/filles-de-la-charite.org\/wp-content\/uploads\/2024\/03\/News-Life-is-a-road-2-1024x681.jpg\" target=\"_blank\" rel=\"noopener\" data-rel=\"lightbox-image-6\" data-rl_title=\"\" data-rl_caption=\"\" title=\"\"><img loading=\"lazy\" decoding=\"async\" width=\"1024\" height=\"681\" data-id=\"32917\" src=\"https:\/\/filles-de-la-charite.org\/wp-content\/uploads\/2024\/03\/News-Life-is-a-road-2-1024x681.jpg\" alt=\"\" class=\"wp-image-32917\" srcset=\"https:\/\/filles-de-la-charite.org\/wp-content\/uploads\/2024\/03\/News-Life-is-a-road-2-980x652.jpg 980w, https:\/\/filles-de-la-charite.org\/wp-content\/uploads\/2024\/03\/News-Life-is-a-road-2-480x319.jpg 480w\" sizes=\"(min-width: 0px) and (max-width: 480px) 480px, (min-width: 481px) and (max-width: 980px) 980px, (min-width: 981px) 1024px, 100vw\" \/><\/a><\/figure>\n\n\n\n<figure class=\"wp-block-image size-large\"><a href=\"https:\/\/filles-de-la-charite.org\/wp-content\/uploads\/2024\/03\/News-Life-is-a-road-1-768x1024.jpg\" target=\"_blank\" rel=\"noopener\" data-rel=\"lightbox-image-7\" data-rl_title=\"\" data-rl_caption=\"\" title=\"\"><img loading=\"lazy\" decoding=\"async\" width=\"768\" height=\"1024\" data-id=\"32911\" src=\"https:\/\/filles-de-la-charite.org\/wp-content\/uploads\/2024\/03\/News-Life-is-a-road-1-768x1024.jpg\" alt=\"\" class=\"wp-image-32911\"\/><\/a><\/figure>\n\n\n\n<figure class=\"wp-block-image size-large\"><a href=\"https:\/\/filles-de-la-charite.org\/wp-content\/uploads\/2024\/03\/News-Life-is-a-road-9-768x1024.jpg\" target=\"_blank\" rel=\"noopener\" data-rel=\"lightbox-image-8\" data-rl_title=\"\" data-rl_caption=\"\" title=\"\"><img loading=\"lazy\" decoding=\"async\" width=\"768\" height=\"1024\" data-id=\"32905\" src=\"https:\/\/filles-de-la-charite.org\/wp-content\/uploads\/2024\/03\/News-Life-is-a-road-9-768x1024.jpg\" alt=\"\" class=\"wp-image-32905\"\/><\/a><\/figure>\n<\/figure>\n<\/div>\n","protected":false},"excerpt":{"rendered":"<p>Les S\u0153urs responsables du postulat et les directrices des s\u00e9minaires de la Compagnie ont \u00e9t\u00e9 appel\u00e9es \u00e0 entreprendre ensemble un voyage extraordinaire, du 17 avril au 4 mai. Voyager, c\u2019est faire ses valises, choisir ce qui est vraiment important \u00e0 emporter et laisser suffisamment d\u2019espace pour ramener des \u00ab&nbsp;cadeaux&nbsp;\u00bb et des \u00ab&nbsp;souvenirs&nbsp;\u00bb. C\u2019est dans cet [&hellip;]<\/p>\n","protected":false},"author":1,"featured_media":17689,"comment_status":"closed","ping_status":"closed","sticky":false,"template":"","format":"standard","meta":{"_acf_changed":false,"footnotes":"","_links_to":"","_links_to_target":""},"categories":[558],"tags":[],"class_list":["post-22962","post","type-post","status-publish","format-standard","has-post-thumbnail","hentry","category-maison-mere-fr"],"acf":[],"yoast_head":"<!-- This site is optimized with the Yoast SEO plugin v27.5 - https:\/\/yoast.com\/product\/yoast-seo-wordpress\/ -->\n<title>La vie est un chemin, un voyage aux multiples \u00e9tapes - Filles de la Charit\u00e9<\/title>\n<meta name=\"robots\" content=\"index, follow, max-snippet:-1, max-image-preview:large, max-video-preview:-1\" \/>\n<link rel=\"canonical\" href=\"https:\/\/filles-de-la-charite.org\/fr\/la-vie-est-un-chemin-un-voyage-aux-multiples-etapes\/\" \/>\n<meta property=\"og:locale\" content=\"fr_FR\" \/>\n<meta property=\"og:type\" content=\"article\" \/>\n<meta property=\"og:title\" content=\"La vie est un chemin, un voyage aux multiples \u00e9tapes - Filles de la Charit\u00e9\" \/>\n<meta property=\"og:description\" content=\"Les S\u0153urs responsables du postulat et les directrices des s\u00e9minaires de la Compagnie ont \u00e9t\u00e9 appel\u00e9es \u00e0 entreprendre ensemble un voyage extraordinaire, du 17 avril au 4 mai. Voyager, c\u2019est faire ses valises, choisir ce qui est vraiment important \u00e0 emporter et laisser suffisamment d\u2019espace pour ramener des \u00ab&nbsp;cadeaux&nbsp;\u00bb et des \u00ab&nbsp;souvenirs&nbsp;\u00bb. C\u2019est dans cet [&hellip;]\" \/>\n<meta property=\"og:url\" content=\"https:\/\/filles-de-la-charite.org\/fr\/la-vie-est-un-chemin-un-voyage-aux-multiples-etapes\/\" \/>\n<meta property=\"og:site_name\" content=\"Filles de la Charit\u00e9\" \/>\n<meta property=\"article:published_time\" content=\"2023-05-31T20:00:00+00:00\" \/>\n<meta property=\"article:modified_time\" content=\"2024-03-04T17:17:55+00:00\" \/>\n<meta property=\"og:image\" content=\"https:\/\/filles-de-la-charite.org\/wp-content\/uploads\/2023\/06\/Life-is-a-road-4-scaled-1.jpg\" \/>\n\t<meta property=\"og:image:width\" content=\"2560\" \/>\n\t<meta property=\"og:image:height\" content=\"1702\" \/>\n\t<meta property=\"og:image:type\" content=\"image\/jpeg\" \/>\n<meta name=\"author\" content=\"admin\" \/>\n<meta name=\"twitter:card\" content=\"summary_large_image\" \/>\n<meta name=\"twitter:label1\" content=\"\u00c9crit par\" \/>\n\t<meta name=\"twitter:data1\" content=\"admin\" \/>\n\t<meta name=\"twitter:label2\" content=\"Dur\u00e9e de lecture estim\u00e9e\" \/>\n\t<meta name=\"twitter:data2\" content=\"3 minutes\" \/>\n<script type=\"application\/ld+json\" class=\"yoast-schema-graph\">{\"@context\":\"https:\\\/\\\/schema.org\",\"@graph\":[{\"@type\":\"Article\",\"@id\":\"https:\\\/\\\/filles-de-la-charite.org\\\/fr\\\/la-vie-est-un-chemin-un-voyage-aux-multiples-etapes\\\/#article\",\"isPartOf\":{\"@id\":\"https:\\\/\\\/filles-de-la-charite.org\\\/fr\\\/la-vie-est-un-chemin-un-voyage-aux-multiples-etapes\\\/\"},\"author\":{\"name\":\"admin\",\"@id\":\"https:\\\/\\\/filles-de-la-charite.org\\\/fr\\\/#\\\/schema\\\/person\\\/427567b2eccfc2dd7d206da186a1f438\"},\"headline\":\"La vie est un chemin, un voyage aux multiples \u00e9tapes\",\"datePublished\":\"2023-05-31T20:00:00+00:00\",\"dateModified\":\"2024-03-04T17:17:55+00:00\",\"mainEntityOfPage\":{\"@id\":\"https:\\\/\\\/filles-de-la-charite.org\\\/fr\\\/la-vie-est-un-chemin-un-voyage-aux-multiples-etapes\\\/\"},\"wordCount\":682,\"publisher\":{\"@id\":\"https:\\\/\\\/filles-de-la-charite.org\\\/fr\\\/#organization\"},\"image\":{\"@id\":\"https:\\\/\\\/filles-de-la-charite.org\\\/fr\\\/la-vie-est-un-chemin-un-voyage-aux-multiples-etapes\\\/#primaryimage\"},\"thumbnailUrl\":\"https:\\\/\\\/filles-de-la-charite.org\\\/wp-content\\\/uploads\\\/2023\\\/06\\\/Life-is-a-road-4-scaled-1.jpg\",\"articleSection\":[\"Maison-M\u00e8re\"],\"inLanguage\":\"fr-FR\"},{\"@type\":\"WebPage\",\"@id\":\"https:\\\/\\\/filles-de-la-charite.org\\\/fr\\\/la-vie-est-un-chemin-un-voyage-aux-multiples-etapes\\\/\",\"url\":\"https:\\\/\\\/filles-de-la-charite.org\\\/fr\\\/la-vie-est-un-chemin-un-voyage-aux-multiples-etapes\\\/\",\"name\":\"La vie est un chemin, un voyage aux multiples \u00e9tapes - Filles de la Charit\u00e9\",\"isPartOf\":{\"@id\":\"https:\\\/\\\/filles-de-la-charite.org\\\/fr\\\/#website\"},\"primaryImageOfPage\":{\"@id\":\"https:\\\/\\\/filles-de-la-charite.org\\\/fr\\\/la-vie-est-un-chemin-un-voyage-aux-multiples-etapes\\\/#primaryimage\"},\"image\":{\"@id\":\"https:\\\/\\\/filles-de-la-charite.org\\\/fr\\\/la-vie-est-un-chemin-un-voyage-aux-multiples-etapes\\\/#primaryimage\"},\"thumbnailUrl\":\"https:\\\/\\\/filles-de-la-charite.org\\\/wp-content\\\/uploads\\\/2023\\\/06\\\/Life-is-a-road-4-scaled-1.jpg\",\"datePublished\":\"2023-05-31T20:00:00+00:00\",\"dateModified\":\"2024-03-04T17:17:55+00:00\",\"breadcrumb\":{\"@id\":\"https:\\\/\\\/filles-de-la-charite.org\\\/fr\\\/la-vie-est-un-chemin-un-voyage-aux-multiples-etapes\\\/#breadcrumb\"},\"inLanguage\":\"fr-FR\",\"potentialAction\":[{\"@type\":\"ReadAction\",\"target\":[\"https:\\\/\\\/filles-de-la-charite.org\\\/fr\\\/la-vie-est-un-chemin-un-voyage-aux-multiples-etapes\\\/\"]}]},{\"@type\":\"ImageObject\",\"inLanguage\":\"fr-FR\",\"@id\":\"https:\\\/\\\/filles-de-la-charite.org\\\/fr\\\/la-vie-est-un-chemin-un-voyage-aux-multiples-etapes\\\/#primaryimage\",\"url\":\"https:\\\/\\\/filles-de-la-charite.org\\\/wp-content\\\/uploads\\\/2023\\\/06\\\/Life-is-a-road-4-scaled-1.jpg\",\"contentUrl\":\"https:\\\/\\\/filles-de-la-charite.org\\\/wp-content\\\/uploads\\\/2023\\\/06\\\/Life-is-a-road-4-scaled-1.jpg\",\"width\":2560,\"height\":1702},{\"@type\":\"BreadcrumbList\",\"@id\":\"https:\\\/\\\/filles-de-la-charite.org\\\/fr\\\/la-vie-est-un-chemin-un-voyage-aux-multiples-etapes\\\/#breadcrumb\",\"itemListElement\":[{\"@type\":\"ListItem\",\"position\":1,\"name\":\"Varsovie - Pologne\",\"item\":\"https:\\\/\\\/filles-de-la-charite.org\\\/fr\\\/category\\\/varsovie-pologne-fr\\\/\"},{\"@type\":\"ListItem\",\"position\":2,\"name\":\"La vie est un chemin, un voyage aux multiples \u00e9tapes\"}]},{\"@type\":\"WebSite\",\"@id\":\"https:\\\/\\\/filles-de-la-charite.org\\\/fr\\\/#website\",\"url\":\"https:\\\/\\\/filles-de-la-charite.org\\\/fr\\\/\",\"name\":\"Hijas de la Caridad\",\"description\":\"L\u2019amour de J\u00e9sus nous presse \u00e0 prendre soin des personnes les plus d\u00e9munies\",\"publisher\":{\"@id\":\"https:\\\/\\\/filles-de-la-charite.org\\\/fr\\\/#organization\"},\"potentialAction\":[{\"@type\":\"SearchAction\",\"target\":{\"@type\":\"EntryPoint\",\"urlTemplate\":\"https:\\\/\\\/filles-de-la-charite.org\\\/fr\\\/?s={search_term_string}\"},\"query-input\":{\"@type\":\"PropertyValueSpecification\",\"valueRequired\":true,\"valueName\":\"search_term_string\"}}],\"inLanguage\":\"fr-FR\"},{\"@type\":\"Organization\",\"@id\":\"https:\\\/\\\/filles-de-la-charite.org\\\/fr\\\/#organization\",\"name\":\"Hijas de la Caridad\",\"url\":\"https:\\\/\\\/filles-de-la-charite.org\\\/fr\\\/\",\"logo\":{\"@type\":\"ImageObject\",\"inLanguage\":\"fr-FR\",\"@id\":\"https:\\\/\\\/filles-de-la-charite.org\\\/fr\\\/#\\\/schema\\\/logo\\\/image\\\/\",\"url\":\"https:\\\/\\\/filles-de-la-charite.org\\\/wp-content\\\/uploads\\\/2023\\\/03\\\/isotipo-Hijas-de-la-Caridad.png\",\"contentUrl\":\"https:\\\/\\\/filles-de-la-charite.org\\\/wp-content\\\/uploads\\\/2023\\\/03\\\/isotipo-Hijas-de-la-Caridad.png\",\"width\":1417,\"height\":1417,\"caption\":\"Hijas de la Caridad\"},\"image\":{\"@id\":\"https:\\\/\\\/filles-de-la-charite.org\\\/fr\\\/#\\\/schema\\\/logo\\\/image\\\/\"}},{\"@type\":\"Person\",\"@id\":\"https:\\\/\\\/filles-de-la-charite.org\\\/fr\\\/#\\\/schema\\\/person\\\/427567b2eccfc2dd7d206da186a1f438\",\"name\":\"admin\",\"image\":{\"@type\":\"ImageObject\",\"inLanguage\":\"fr-FR\",\"@id\":\"https:\\\/\\\/secure.gravatar.com\\\/avatar\\\/948b492cce32b586ac2db0eaa926ee87024f7afe218d73b397ea5ddfc5f43ea1?s=96&d=mm&r=g\",\"url\":\"https:\\\/\\\/secure.gravatar.com\\\/avatar\\\/948b492cce32b586ac2db0eaa926ee87024f7afe218d73b397ea5ddfc5f43ea1?s=96&d=mm&r=g\",\"contentUrl\":\"https:\\\/\\\/secure.gravatar.com\\\/avatar\\\/948b492cce32b586ac2db0eaa926ee87024f7afe218d73b397ea5ddfc5f43ea1?s=96&d=mm&r=g\",\"caption\":\"admin\"},\"sameAs\":[\"https:\\\/\\\/filles-de-la-charite.org\"],\"url\":\"https:\\\/\\\/filles-de-la-charite.org\\\/fr\\\/author\\\/caridad\\\/\"}]}<\/script>\n<!-- \/ Yoast SEO plugin. -->","yoast_head_json":{"title":"La vie est un chemin, un voyage aux multiples \u00e9tapes - Filles de la Charit\u00e9","robots":{"index":"index","follow":"follow","max-snippet":"max-snippet:-1","max-image-preview":"max-image-preview:large","max-video-preview":"max-video-preview:-1"},"canonical":"https:\/\/filles-de-la-charite.org\/fr\/la-vie-est-un-chemin-un-voyage-aux-multiples-etapes\/","og_locale":"fr_FR","og_type":"article","og_title":"La vie est un chemin, un voyage aux multiples \u00e9tapes - Filles de la Charit\u00e9","og_description":"Les S\u0153urs responsables du postulat et les directrices des s\u00e9minaires de la Compagnie ont \u00e9t\u00e9 appel\u00e9es \u00e0 entreprendre ensemble un voyage extraordinaire, du 17 avril au 4 mai. Voyager, c\u2019est faire ses valises, choisir ce qui est vraiment important \u00e0 emporter et laisser suffisamment d\u2019espace pour ramener des \u00ab&nbsp;cadeaux&nbsp;\u00bb et des \u00ab&nbsp;souvenirs&nbsp;\u00bb. C\u2019est dans cet [&hellip;]","og_url":"https:\/\/filles-de-la-charite.org\/fr\/la-vie-est-un-chemin-un-voyage-aux-multiples-etapes\/","og_site_name":"Filles de la Charit\u00e9","article_published_time":"2023-05-31T20:00:00+00:00","article_modified_time":"2024-03-04T17:17:55+00:00","og_image":[{"width":2560,"height":1702,"url":"https:\/\/filles-de-la-charite.org\/wp-content\/uploads\/2023\/06\/Life-is-a-road-4-scaled-1.jpg","type":"image\/jpeg"}],"author":"admin","twitter_card":"summary_large_image","twitter_misc":{"\u00c9crit par":"admin","Dur\u00e9e de lecture estim\u00e9e":"3 minutes"},"schema":{"@context":"https:\/\/schema.org","@graph":[{"@type":"Article","@id":"https:\/\/filles-de-la-charite.org\/fr\/la-vie-est-un-chemin-un-voyage-aux-multiples-etapes\/#article","isPartOf":{"@id":"https:\/\/filles-de-la-charite.org\/fr\/la-vie-est-un-chemin-un-voyage-aux-multiples-etapes\/"},"author":{"name":"admin","@id":"https:\/\/filles-de-la-charite.org\/fr\/#\/schema\/person\/427567b2eccfc2dd7d206da186a1f438"},"headline":"La vie est un chemin, un voyage aux multiples \u00e9tapes","datePublished":"2023-05-31T20:00:00+00:00","dateModified":"2024-03-04T17:17:55+00:00","mainEntityOfPage":{"@id":"https:\/\/filles-de-la-charite.org\/fr\/la-vie-est-un-chemin-un-voyage-aux-multiples-etapes\/"},"wordCount":682,"publisher":{"@id":"https:\/\/filles-de-la-charite.org\/fr\/#organization"},"image":{"@id":"https:\/\/filles-de-la-charite.org\/fr\/la-vie-est-un-chemin-un-voyage-aux-multiples-etapes\/#primaryimage"},"thumbnailUrl":"https:\/\/filles-de-la-charite.org\/wp-content\/uploads\/2023\/06\/Life-is-a-road-4-scaled-1.jpg","articleSection":["Maison-M\u00e8re"],"inLanguage":"fr-FR"},{"@type":"WebPage","@id":"https:\/\/filles-de-la-charite.org\/fr\/la-vie-est-un-chemin-un-voyage-aux-multiples-etapes\/","url":"https:\/\/filles-de-la-charite.org\/fr\/la-vie-est-un-chemin-un-voyage-aux-multiples-etapes\/","name":"La vie est un chemin, un voyage aux multiples \u00e9tapes - Filles de la Charit\u00e9","isPartOf":{"@id":"https:\/\/filles-de-la-charite.org\/fr\/#website"},"primaryImageOfPage":{"@id":"https:\/\/filles-de-la-charite.org\/fr\/la-vie-est-un-chemin-un-voyage-aux-multiples-etapes\/#primaryimage"},"image":{"@id":"https:\/\/filles-de-la-charite.org\/fr\/la-vie-est-un-chemin-un-voyage-aux-multiples-etapes\/#primaryimage"},"thumbnailUrl":"https:\/\/filles-de-la-charite.org\/wp-content\/uploads\/2023\/06\/Life-is-a-road-4-scaled-1.jpg","datePublished":"2023-05-31T20:00:00+00:00","dateModified":"2024-03-04T17:17:55+00:00","breadcrumb":{"@id":"https:\/\/filles-de-la-charite.org\/fr\/la-vie-est-un-chemin-un-voyage-aux-multiples-etapes\/#breadcrumb"},"inLanguage":"fr-FR","potentialAction":[{"@type":"ReadAction","target":["https:\/\/filles-de-la-charite.org\/fr\/la-vie-est-un-chemin-un-voyage-aux-multiples-etapes\/"]}]},{"@type":"ImageObject","inLanguage":"fr-FR","@id":"https:\/\/filles-de-la-charite.org\/fr\/la-vie-est-un-chemin-un-voyage-aux-multiples-etapes\/#primaryimage","url":"https:\/\/filles-de-la-charite.org\/wp-content\/uploads\/2023\/06\/Life-is-a-road-4-scaled-1.jpg","contentUrl":"https:\/\/filles-de-la-charite.org\/wp-content\/uploads\/2023\/06\/Life-is-a-road-4-scaled-1.jpg","width":2560,"height":1702},{"@type":"BreadcrumbList","@id":"https:\/\/filles-de-la-charite.org\/fr\/la-vie-est-un-chemin-un-voyage-aux-multiples-etapes\/#breadcrumb","itemListElement":[{"@type":"ListItem","position":1,"name":"Varsovie - Pologne","item":"https:\/\/filles-de-la-charite.org\/fr\/category\/varsovie-pologne-fr\/"},{"@type":"ListItem","position":2,"name":"La vie est un chemin, un voyage aux multiples \u00e9tapes"}]},{"@type":"WebSite","@id":"https:\/\/filles-de-la-charite.org\/fr\/#website","url":"https:\/\/filles-de-la-charite.org\/fr\/","name":"Hijas de la Caridad","description":"L\u2019amour de J\u00e9sus nous presse \u00e0 prendre soin des personnes les plus d\u00e9munies","publisher":{"@id":"https:\/\/filles-de-la-charite.org\/fr\/#organization"},"potentialAction":[{"@type":"SearchAction","target":{"@type":"EntryPoint","urlTemplate":"https:\/\/filles-de-la-charite.org\/fr\/?s={search_term_string}"},"query-input":{"@type":"PropertyValueSpecification","valueRequired":true,"valueName":"search_term_string"}}],"inLanguage":"fr-FR"},{"@type":"Organization","@id":"https:\/\/filles-de-la-charite.org\/fr\/#organization","name":"Hijas de la Caridad","url":"https:\/\/filles-de-la-charite.org\/fr\/","logo":{"@type":"ImageObject","inLanguage":"fr-FR","@id":"https:\/\/filles-de-la-charite.org\/fr\/#\/schema\/logo\/image\/","url":"https:\/\/filles-de-la-charite.org\/wp-content\/uploads\/2023\/03\/isotipo-Hijas-de-la-Caridad.png","contentUrl":"https:\/\/filles-de-la-charite.org\/wp-content\/uploads\/2023\/03\/isotipo-Hijas-de-la-Caridad.png","width":1417,"height":1417,"caption":"Hijas de la Caridad"},"image":{"@id":"https:\/\/filles-de-la-charite.org\/fr\/#\/schema\/logo\/image\/"}},{"@type":"Person","@id":"https:\/\/filles-de-la-charite.org\/fr\/#\/schema\/person\/427567b2eccfc2dd7d206da186a1f438","name":"admin","image":{"@type":"ImageObject","inLanguage":"fr-FR","@id":"https:\/\/secure.gravatar.com\/avatar\/948b492cce32b586ac2db0eaa926ee87024f7afe218d73b397ea5ddfc5f43ea1?s=96&d=mm&r=g","url":"https:\/\/secure.gravatar.com\/avatar\/948b492cce32b586ac2db0eaa926ee87024f7afe218d73b397ea5ddfc5f43ea1?s=96&d=mm&r=g","contentUrl":"https:\/\/secure.gravatar.com\/avatar\/948b492cce32b586ac2db0eaa926ee87024f7afe218d73b397ea5ddfc5f43ea1?s=96&d=mm&r=g","caption":"admin"},"sameAs":["https:\/\/filles-de-la-charite.org"],"url":"https:\/\/filles-de-la-charite.org\/fr\/author\/caridad\/"}]}},"_links":{"self":[{"href":"https:\/\/filles-de-la-charite.org\/fr\/wp-json\/wp\/v2\/posts\/22962","targetHints":{"allow":["GET"]}}],"collection":[{"href":"https:\/\/filles-de-la-charite.org\/fr\/wp-json\/wp\/v2\/posts"}],"about":[{"href":"https:\/\/filles-de-la-charite.org\/fr\/wp-json\/wp\/v2\/types\/post"}],"author":[{"embeddable":true,"href":"https:\/\/filles-de-la-charite.org\/fr\/wp-json\/wp\/v2\/users\/1"}],"replies":[{"embeddable":true,"href":"https:\/\/filles-de-la-charite.org\/fr\/wp-json\/wp\/v2\/comments?post=22962"}],"version-history":[{"count":4,"href":"https:\/\/filles-de-la-charite.org\/fr\/wp-json\/wp\/v2\/posts\/22962\/revisions"}],"predecessor-version":[{"id":32987,"href":"https:\/\/filles-de-la-charite.org\/fr\/wp-json\/wp\/v2\/posts\/22962\/revisions\/32987"}],"wp:featuredmedia":[{"embeddable":true,"href":"https:\/\/filles-de-la-charite.org\/fr\/wp-json\/wp\/v2\/media\/17689"}],"wp:attachment":[{"href":"https:\/\/filles-de-la-charite.org\/fr\/wp-json\/wp\/v2\/media?parent=22962"}],"wp:term":[{"taxonomy":"category","embeddable":true,"href":"https:\/\/filles-de-la-charite.org\/fr\/wp-json\/wp\/v2\/categories?post=22962"},{"taxonomy":"post_tag","embeddable":true,"href":"https:\/\/filles-de-la-charite.org\/fr\/wp-json\/wp\/v2\/tags?post=22962"}],"curies":[{"name":"wp","href":"https:\/\/api.w.org\/{rel}","templated":true}]}}