{"id":33089,"date":"2023-06-27T19:10:19","date_gmt":"2023-06-27T17:10:19","guid":{"rendered":"https:\/\/hijascaridad.sjdigitaldemo.ovh\/beata-lindalva-justo-de-oliveira-30-anos-de-su-martirio-1993-2023\/"},"modified":"2024-03-04T19:17:03","modified_gmt":"2024-03-04T18:17:03","slug":"beata-lindalva-justo-de-oliveira-30-anos-de-su-martirio-1993-2023","status":"publish","type":"post","link":"https:\/\/filles-de-la-charite.org\/fr\/beata-lindalva-justo-de-oliveira-30-anos-de-su-martirio-1993-2023\/","title":{"rendered":"Bienheureuse Lindalva Justo de Oliveira \u2013 30\u00e8 anniversaire de son martyre (1993-2023)"},"content":{"rendered":"\n<p>Le 9 avril 1993, la Compagnie des Filles de la Charit\u00e9 pr\u00e9sente dans la Province de Recife, plus pr\u00e9cis\u00e9ment \u00e0 Salvador da Bahia, a \u00e9t\u00e9 surprise par un \u00e9v\u00e9nement qui allait changer sa vie, son histoire et m\u00eame sa compr\u00e9hension du Service des Pauvres, la raison d\u2019\u00eatre du Charisme laiss\u00e9 par ses Fondateurs Saint Vincent de Paul et Sainte Louise de Marillac.<\/p>\n\n\n\n<p>En offrant sa vie, elle a t\u00e9moign\u00e9 des cons\u00e9quences ultimes de son amour pour le Seigneur et a assum\u00e9 avec un z\u00e8le et un d\u00e9vouement extr\u00eames le soin des pauvres qui lui ont \u00e9t\u00e9 confi\u00e9s au Foyer Dom Pedro II \u00e0 Salvador, Bahia.&nbsp; Ferme dans les vertus vincentiennes, elle a toujours manifest\u00e9 l\u2019esprit d\u2019appartenance \u00e0 la Soci\u00e9t\u00e9, par les fermes convictions propres au charisme qu\u2019elle a embrass\u00e9.<\/p>\n\n\n\n<p>Pour c\u00e9l\u00e9brer le 30\u00e8me anniversaire de son martyre, la Province de Recife, en union avec l\u2019Archidioc\u00e8se de Salvador da Bahia, a \u00e9labor\u00e9 un Projet-Mission pour accro\u00eetre la d\u00e9votion \u00e0 la Bienheureuse Lindalva. L\u2019ouverture a eu lieu au si\u00e8ge de la Province, \u00e0 la Maison Provinciale de Nossa Senhora das Gra\u00e7as \u2013 Recife \u2013 PE, en pr\u00e9sence de toutes les S\u0153urs Servantes, qui ont d\u00e9j\u00e0 entrepris dans leurs communaut\u00e9s un itin\u00e9raire de c\u00e9l\u00e9bration avec diverses activit\u00e9s pour favoriser l\u2019expansion de la d\u00e9votion. \u00c0 Salvador, ces activit\u00e9s ont commenc\u00e9 par l\u2019organisation d\u2019un p\u00e8lerinage avec une relique du second degr\u00e9, qui a couvert tout le territoire de l\u2019archidioc\u00e8se, divis\u00e9 en 12 foranias.<\/p>\n\n\n\n<p>Le point culminant du Jubil\u00e9 a eu lieu \u00e0 Salvador le 15 avril 2023 avec un programme qui comprenait une participation intense de fid\u00e8les et de d\u00e9vots de divers endroits, y compris une grande caravane du lieu de naissance de la bienheureuse Lindalva, dans laquelle trois de ses fr\u00e8res de sang \u00e9taient pr\u00e9sents. Le matin, une messe a \u00e9t\u00e9 c\u00e9l\u00e9br\u00e9e dans la cath\u00e9drale de S\u00e3o Salvador da Bahia, pr\u00e9sid\u00e9e par le cardinal Dom Sergio da Rocha, archev\u00eaque primat du Br\u00e9sil, et conc\u00e9l\u00e9br\u00e9e par plusieurs \u00e9v\u00eaques et pr\u00eatres d\u2019autres dioc\u00e8ses. Dans son hom\u00e9lie, le cardinal Dom Sergio da Rocha a soulign\u00e9 certains aspects importants du t\u00e9moignage de la bienheureuse Lindalva : S\u0153ur Lindalva a \u00e9t\u00e9 reconnue comme s\u0153ur, comme fille de la charit\u00e9, pour avoir v\u00e9cu le commandement de l\u2019amour. \u00ab&nbsp;<em>\u00c0 ceci tous reconna\u00eetront que vous \u00eates mes disciples, si vous vous aimez les uns les autres comme je vous ai aim\u00e9s&nbsp;\u00bb, a dit J\u00e9sus. Cette parole de J\u00e9sus a r\u00e9sonn\u00e9 dans le c\u0153ur de S\u0153ur Lindalva et s\u2019est traduite par un service g\u00e9n\u00e9reux envers ses fr\u00e8res et s\u0153urs. Elle est morte en portant le v\u00eatement du lavement des pieds, le tablier du service, mettant en pratique la le\u00e7on que J\u00e9sus nous a laiss\u00e9e au dernier repas et sur l\u2019autel de la croix. Une vie qui se donne comme un grain de bl\u00e9 qui se consume pour germer. Le martyre de Lindalva est un signe extraordinaire de sa foi en J\u00e9sus et de sa fid\u00e9lit\u00e9 \u00e0 la vocation \u00e0 laquelle elle a \u00e9t\u00e9 appel\u00e9e et \u00e0 la mission qui lui a \u00e9t\u00e9 confi\u00e9e. Par son martyre, elle ressemble \u00e0 J\u00e9sus crucifi\u00e9 qui a \u00e9t\u00e9 fid\u00e8le au P\u00e8re jusqu\u2019\u00e0 la fin, accomplissant sa mission. Elle a \u00e9t\u00e9 fid\u00e8le \u00e0 J\u00e9sus, elle a \u00e9t\u00e9 fid\u00e8le \u00e0 sa vocation et \u00e0 sa mission, en restant dans la chastet\u00e9 et la charit\u00e9. Le monde d\u2019aujourd\u2019hui a besoin de personnes pr\u00eates \u00e0 vivre la charit\u00e9 et la chastet\u00e9 ; il a besoin de personnes chastes capables d\u2019aimer et de servir ; il a besoin de personnes capables d\u2019aimer comme J\u00e9sus a aim\u00e9 et nous a appris \u00e0 aimer. C\u2019est pourquoi S\u0153ur Lindalva est reconnue par l\u2019\u00c9glise comme la bienheureuse Lindalva, comme l\u2019heureuse Lindalva. Oui, celui qui peut vivre avec le Christ et comme le Christ est heureux. Heureux celui qui peut mourir avec le Christ et comme le Christ.<\/em><\/p>\n\n\n\n<p>S\u0153ur Alessandra Sousa Oliveira, Fille de la Charit\u00e9, sur le th\u00e8me : \u00ab&nbsp;Belle aurore\u201d est son habit bleu de S\u0153ur de la Charit\u00e9, maintenant inject\u00e9 du sang de l\u2019Agneau, qui a \u00e9t\u00e9 m\u00eal\u00e9 \u00e0 son sang&nbsp;\u00bb.&nbsp;<\/p>\n\n\n\n<p>Tout le programme s\u2019est d\u00e9roul\u00e9 dans une atmosph\u00e8re de foi, de d\u00e9votion et de grand espoir que la canonisation approche, m\u00eame si nous savons que son martyre a rendu complet son abandon au Seigneur, comme l\u2019a t\u00e9moign\u00e9 le Dr Iraci Gomes Bonfim, de l\u2019Institut m\u00e9dico-l\u00e9gal, qui s\u2019est occup\u00e9 de S\u0153ur Lindalva le jour de son martyre : \u00ab&nbsp;Comme une mari\u00e9e qui a besoin d\u2019une attention particuli\u00e8re le jour de son mariage, c\u2019est ainsi que j\u2019ai vu S\u0153ur Lindalva, qui allait \u00e0 un mariage parfait en concluant son travail par le sacrifice de sa propre vie pour les autres&nbsp;\u00bb.&nbsp;<\/p>\n\n\n\n<p><\/p>\n\n\n\n<figure class=\"wp-block-gallery has-nested-images columns-default is-cropped wp-block-gallery-1 is-layout-flex wp-block-gallery-is-layout-flex\">\n<figure class=\"wp-block-image size-large\"><a href=\"https:\/\/filles-de-la-charite.org\/wp-content\/uploads\/2024\/03\/news-06.23-Beata-Lindalva-Justo-de-Oliveira-8-768x1024.jpg\" target=\"_blank\" rel=\"noopener\" data-rel=\"lightbox-image-0\" data-rl_title=\"\" data-rl_caption=\"\" title=\"\"><img loading=\"lazy\" decoding=\"async\" width=\"768\" height=\"1024\" data-id=\"33084\" src=\"https:\/\/filles-de-la-charite.org\/wp-content\/uploads\/2024\/03\/news-06.23-Beata-Lindalva-Justo-de-Oliveira-8-768x1024.jpg\" alt=\"\" class=\"wp-image-33084\" srcset=\"https:\/\/filles-de-la-charite.org\/wp-content\/uploads\/2024\/03\/news-06.23-Beata-Lindalva-Justo-de-Oliveira-8-768x1024.jpg 768w, https:\/\/filles-de-la-charite.org\/wp-content\/uploads\/2024\/03\/news-06.23-Beata-Lindalva-Justo-de-Oliveira-8-480x640.jpg 480w\" sizes=\"(min-width: 0px) and (max-width: 480px) 480px, (min-width: 481px) 768px, 100vw\" \/><\/a><\/figure>\n\n\n\n<figure class=\"wp-block-image size-large\"><a href=\"https:\/\/filles-de-la-charite.org\/wp-content\/uploads\/2024\/03\/news-06.23-Beata-Lindalva-Justo-de-Oliveira-7-768x1024.jpg\" target=\"_blank\" rel=\"noopener\" data-rel=\"lightbox-image-1\" data-rl_title=\"\" data-rl_caption=\"\" title=\"\"><img loading=\"lazy\" decoding=\"async\" width=\"768\" height=\"1024\" data-id=\"33078\" src=\"https:\/\/filles-de-la-charite.org\/wp-content\/uploads\/2024\/03\/news-06.23-Beata-Lindalva-Justo-de-Oliveira-7-768x1024.jpg\" alt=\"\" class=\"wp-image-33078\" srcset=\"https:\/\/filles-de-la-charite.org\/wp-content\/uploads\/2024\/03\/news-06.23-Beata-Lindalva-Justo-de-Oliveira-7-768x1024.jpg 768w, https:\/\/filles-de-la-charite.org\/wp-content\/uploads\/2024\/03\/news-06.23-Beata-Lindalva-Justo-de-Oliveira-7-480x640.jpg 480w\" sizes=\"(min-width: 0px) and (max-width: 480px) 480px, (min-width: 481px) 768px, 100vw\" \/><\/a><\/figure>\n\n\n\n<figure class=\"wp-block-image size-large\"><a href=\"https:\/\/filles-de-la-charite.org\/wp-content\/uploads\/2024\/03\/news-06.23-Beata-Lindalva-Justo-de-Oliveira-6-1024x768.jpg\" target=\"_blank\" rel=\"noopener\" data-rel=\"lightbox-image-2\" data-rl_title=\"\" data-rl_caption=\"\" title=\"\"><img loading=\"lazy\" decoding=\"async\" width=\"1024\" height=\"768\" data-id=\"33072\" src=\"https:\/\/filles-de-la-charite.org\/wp-content\/uploads\/2024\/03\/news-06.23-Beata-Lindalva-Justo-de-Oliveira-6-1024x768.jpg\" alt=\"\" class=\"wp-image-33072\" srcset=\"https:\/\/filles-de-la-charite.org\/wp-content\/uploads\/2024\/03\/news-06.23-Beata-Lindalva-Justo-de-Oliveira-6-980x735.jpg 980w, https:\/\/filles-de-la-charite.org\/wp-content\/uploads\/2024\/03\/news-06.23-Beata-Lindalva-Justo-de-Oliveira-6-480x360.jpg 480w\" sizes=\"(min-width: 0px) and (max-width: 480px) 480px, (min-width: 481px) and (max-width: 980px) 980px, (min-width: 981px) 1024px, 100vw\" \/><\/a><\/figure>\n\n\n\n<figure class=\"wp-block-image size-large\"><a href=\"https:\/\/filles-de-la-charite.org\/wp-content\/uploads\/2024\/03\/news-06.23-Beata-Lindalva-Justo-de-Oliveira-4-1024x554.jpg\" target=\"_blank\" rel=\"noopener\" data-rel=\"lightbox-image-3\" data-rl_title=\"\" data-rl_caption=\"\" title=\"\"><img loading=\"lazy\" decoding=\"async\" width=\"1024\" height=\"554\" data-id=\"33060\" src=\"https:\/\/filles-de-la-charite.org\/wp-content\/uploads\/2024\/03\/news-06.23-Beata-Lindalva-Justo-de-Oliveira-4-1024x554.jpg\" alt=\"\" class=\"wp-image-33060\" srcset=\"https:\/\/filles-de-la-charite.org\/wp-content\/uploads\/2024\/03\/news-06.23-Beata-Lindalva-Justo-de-Oliveira-4-1024x554.jpg 1024w, https:\/\/filles-de-la-charite.org\/wp-content\/uploads\/2024\/03\/news-06.23-Beata-Lindalva-Justo-de-Oliveira-4-980x530.jpg 980w, https:\/\/filles-de-la-charite.org\/wp-content\/uploads\/2024\/03\/news-06.23-Beata-Lindalva-Justo-de-Oliveira-4-480x260.jpg 480w\" sizes=\"(min-width: 0px) and (max-width: 480px) 480px, (min-width: 481px) and (max-width: 980px) 980px, (min-width: 981px) 1024px, 100vw\" \/><\/a><\/figure>\n\n\n\n<figure class=\"wp-block-image size-large\"><a href=\"https:\/\/filles-de-la-charite.org\/wp-content\/uploads\/2024\/03\/news-06.23-Beata-Lindalva-Justo-de-Oliveira-5-768x1024.jpg\" target=\"_blank\" rel=\"noopener\" data-rel=\"lightbox-image-4\" data-rl_title=\"\" data-rl_caption=\"\" title=\"\"><img loading=\"lazy\" decoding=\"async\" width=\"768\" height=\"1024\" data-id=\"33066\" src=\"https:\/\/filles-de-la-charite.org\/wp-content\/uploads\/2024\/03\/news-06.23-Beata-Lindalva-Justo-de-Oliveira-5-768x1024.jpg\" alt=\"\" class=\"wp-image-33066\" srcset=\"https:\/\/filles-de-la-charite.org\/wp-content\/uploads\/2024\/03\/news-06.23-Beata-Lindalva-Justo-de-Oliveira-5-768x1024.jpg 768w, https:\/\/filles-de-la-charite.org\/wp-content\/uploads\/2024\/03\/news-06.23-Beata-Lindalva-Justo-de-Oliveira-5-480x640.jpg 480w\" sizes=\"(min-width: 0px) and (max-width: 480px) 480px, (min-width: 481px) 768px, 100vw\" \/><\/a><\/figure>\n\n\n\n<figure class=\"wp-block-image size-large\"><a href=\"https:\/\/filles-de-la-charite.org\/wp-content\/uploads\/2024\/03\/news-06.23-Beata-Lindalva-Justo-de-Oliveira-3-1024x768.jpg\" target=\"_blank\" rel=\"noopener\" data-rel=\"lightbox-image-5\" data-rl_title=\"\" data-rl_caption=\"\" title=\"\"><img loading=\"lazy\" decoding=\"async\" width=\"1024\" height=\"768\" data-id=\"33054\" src=\"https:\/\/filles-de-la-charite.org\/wp-content\/uploads\/2024\/03\/news-06.23-Beata-Lindalva-Justo-de-Oliveira-3-1024x768.jpg\" alt=\"\" class=\"wp-image-33054\" srcset=\"https:\/\/filles-de-la-charite.org\/wp-content\/uploads\/2024\/03\/news-06.23-Beata-Lindalva-Justo-de-Oliveira-3-980x735.jpg 980w, https:\/\/filles-de-la-charite.org\/wp-content\/uploads\/2024\/03\/news-06.23-Beata-Lindalva-Justo-de-Oliveira-3-480x360.jpg 480w\" sizes=\"(min-width: 0px) and (max-width: 480px) 480px, (min-width: 481px) and (max-width: 980px) 980px, (min-width: 981px) 1024px, 100vw\" \/><\/a><\/figure>\n\n\n\n<figure class=\"wp-block-image size-large\"><a href=\"https:\/\/filles-de-la-charite.org\/wp-content\/uploads\/2024\/03\/news-06.23-Beata-Lindalva-Justo-de-Oliveira-2-768x1024.jpg\" target=\"_blank\" rel=\"noopener\" data-rel=\"lightbox-image-6\" data-rl_title=\"\" data-rl_caption=\"\" title=\"\"><img loading=\"lazy\" decoding=\"async\" width=\"768\" height=\"1024\" data-id=\"33048\" src=\"https:\/\/filles-de-la-charite.org\/wp-content\/uploads\/2024\/03\/news-06.23-Beata-Lindalva-Justo-de-Oliveira-2-768x1024.jpg\" alt=\"\" class=\"wp-image-33048\"\/><\/a><\/figure>\n\n\n\n<figure class=\"wp-block-image size-large\"><a href=\"https:\/\/filles-de-la-charite.org\/wp-content\/uploads\/2024\/03\/news-06.23-Beata-Lindalva-Justo-de-Oliveira-1-768x1024.jpg\" target=\"_blank\" rel=\"noopener\" data-rel=\"lightbox-image-7\" data-rl_title=\"\" data-rl_caption=\"\" title=\"\"><img loading=\"lazy\" decoding=\"async\" width=\"768\" height=\"1024\" data-id=\"33042\" src=\"https:\/\/filles-de-la-charite.org\/wp-content\/uploads\/2024\/03\/news-06.23-Beata-Lindalva-Justo-de-Oliveira-1-768x1024.jpg\" alt=\"\" class=\"wp-image-33042\" srcset=\"https:\/\/filles-de-la-charite.org\/wp-content\/uploads\/2024\/03\/news-06.23-Beata-Lindalva-Justo-de-Oliveira-1-768x1024.jpg 768w, https:\/\/filles-de-la-charite.org\/wp-content\/uploads\/2024\/03\/news-06.23-Beata-Lindalva-Justo-de-Oliveira-1-480x640.jpg 480w\" sizes=\"(min-width: 0px) and (max-width: 480px) 480px, (min-width: 481px) 768px, 100vw\" \/><\/a><\/figure>\n<\/figure>\n\n\n\n<p><\/p>\n\n\n\n<p>Que la bienheureuse Lindalva nous inspire, dans notre mission quotidienne, \u00e0 donner des r\u00e9ponses courageuses aux appels que le Seigneur nous adresse.<\/p>\n\n\n\n<p><em>S\u0153ur Maria de Fatima do Nascimento<\/em><\/p>\n","protected":false},"excerpt":{"rendered":"<p>Le 9 avril 1993, la Compagnie des Filles de la Charit\u00e9 pr\u00e9sente dans la Province de Recife, plus pr\u00e9cis\u00e9ment \u00e0 Salvador da Bahia, a \u00e9t\u00e9 surprise par un \u00e9v\u00e9nement qui allait changer sa vie, son histoire et m\u00eame sa compr\u00e9hension du Service des Pauvres, la raison d\u2019\u00eatre du Charisme laiss\u00e9 par ses Fondateurs Saint Vincent [&hellip;]<\/p>\n","protected":false},"author":5,"featured_media":33033,"comment_status":"closed","ping_status":"closed","sticky":false,"template":"","format":"standard","meta":{"_acf_changed":false,"footnotes":"","_links_to":"","_links_to_target":""},"categories":[718],"tags":[],"class_list":["post-33089","post","type-post","status-publish","format-standard","has-post-thumbnail","hentry","category-recife-fr"],"acf":[],"yoast_head":"<!-- This site is optimized with the Yoast SEO plugin v27.5 - https:\/\/yoast.com\/product\/yoast-seo-wordpress\/ -->\n<title>Bienheureuse Lindalva Justo de Oliveira \u2013 30\u00e8 anniversaire de son martyre (1993-2023) - Filles de la Charit\u00e9<\/title>\n<meta name=\"robots\" content=\"index, follow, max-snippet:-1, max-image-preview:large, max-video-preview:-1\" \/>\n<link rel=\"canonical\" href=\"https:\/\/filles-de-la-charite.org\/fr\/beata-lindalva-justo-de-oliveira-30-anos-de-su-martirio-1993-2023\/\" \/>\n<meta property=\"og:locale\" content=\"fr_FR\" \/>\n<meta property=\"og:type\" content=\"article\" \/>\n<meta property=\"og:title\" content=\"Bienheureuse Lindalva Justo de Oliveira \u2013 30\u00e8 anniversaire de son martyre (1993-2023) - Filles de la Charit\u00e9\" \/>\n<meta property=\"og:description\" content=\"Le 9 avril 1993, la Compagnie des Filles de la Charit\u00e9 pr\u00e9sente dans la Province de Recife, plus pr\u00e9cis\u00e9ment \u00e0 Salvador da Bahia, a \u00e9t\u00e9 surprise par un \u00e9v\u00e9nement qui allait changer sa vie, son histoire et m\u00eame sa compr\u00e9hension du Service des Pauvres, la raison d\u2019\u00eatre du Charisme laiss\u00e9 par ses Fondateurs Saint Vincent [&hellip;]\" \/>\n<meta property=\"og:url\" content=\"https:\/\/filles-de-la-charite.org\/fr\/beata-lindalva-justo-de-oliveira-30-anos-de-su-martirio-1993-2023\/\" \/>\n<meta property=\"og:site_name\" content=\"Filles de la Charit\u00e9\" \/>\n<meta property=\"article:published_time\" content=\"2023-06-27T17:10:19+00:00\" \/>\n<meta property=\"article:modified_time\" content=\"2024-03-04T18:17:03+00:00\" \/>\n<meta property=\"og:image\" content=\"https:\/\/filles-de-la-charite.org\/wp-content\/uploads\/2024\/03\/news-06.23-Beata-Lindalva-Justo-de-Oliveira-1.jpeg\" \/>\n\t<meta property=\"og:image:width\" content=\"1280\" \/>\n\t<meta property=\"og:image:height\" content=\"1143\" \/>\n\t<meta property=\"og:image:type\" content=\"image\/jpeg\" \/>\n<meta name=\"author\" content=\"SOR MARTA\" \/>\n<meta name=\"twitter:card\" content=\"summary_large_image\" \/>\n<meta name=\"twitter:label1\" content=\"\u00c9crit par\" \/>\n\t<meta name=\"twitter:data1\" content=\"SOR MARTA\" \/>\n\t<meta name=\"twitter:label2\" content=\"Dur\u00e9e de lecture estim\u00e9e\" \/>\n\t<meta name=\"twitter:data2\" content=\"5 minutes\" \/>\n<script type=\"application\/ld+json\" class=\"yoast-schema-graph\">{\"@context\":\"https:\\\/\\\/schema.org\",\"@graph\":[{\"@type\":\"Article\",\"@id\":\"https:\\\/\\\/filles-de-la-charite.org\\\/fr\\\/beata-lindalva-justo-de-oliveira-30-anos-de-su-martirio-1993-2023\\\/#article\",\"isPartOf\":{\"@id\":\"https:\\\/\\\/filles-de-la-charite.org\\\/fr\\\/beata-lindalva-justo-de-oliveira-30-anos-de-su-martirio-1993-2023\\\/\"},\"author\":{\"name\":\"SOR MARTA\",\"@id\":\"https:\\\/\\\/filles-de-la-charite.org\\\/fr\\\/#\\\/schema\\\/person\\\/0c922b6ca71280639858d297b3a7209f\"},\"headline\":\"Bienheureuse Lindalva Justo de Oliveira \u2013 30\u00e8 anniversaire de son martyre (1993-2023)\",\"datePublished\":\"2023-06-27T17:10:19+00:00\",\"dateModified\":\"2024-03-04T18:17:03+00:00\",\"mainEntityOfPage\":{\"@id\":\"https:\\\/\\\/filles-de-la-charite.org\\\/fr\\\/beata-lindalva-justo-de-oliveira-30-anos-de-su-martirio-1993-2023\\\/\"},\"wordCount\":910,\"publisher\":{\"@id\":\"https:\\\/\\\/filles-de-la-charite.org\\\/fr\\\/#organization\"},\"image\":{\"@id\":\"https:\\\/\\\/filles-de-la-charite.org\\\/fr\\\/beata-lindalva-justo-de-oliveira-30-anos-de-su-martirio-1993-2023\\\/#primaryimage\"},\"thumbnailUrl\":\"https:\\\/\\\/filles-de-la-charite.org\\\/wp-content\\\/uploads\\\/2024\\\/03\\\/news-06.23-Beata-Lindalva-Justo-de-Oliveira-1.jpeg\",\"articleSection\":[\"Recife\"],\"inLanguage\":\"fr-FR\"},{\"@type\":\"WebPage\",\"@id\":\"https:\\\/\\\/filles-de-la-charite.org\\\/fr\\\/beata-lindalva-justo-de-oliveira-30-anos-de-su-martirio-1993-2023\\\/\",\"url\":\"https:\\\/\\\/filles-de-la-charite.org\\\/fr\\\/beata-lindalva-justo-de-oliveira-30-anos-de-su-martirio-1993-2023\\\/\",\"name\":\"Bienheureuse Lindalva Justo de Oliveira \u2013 30\u00e8 anniversaire de son martyre (1993-2023) - Filles de la Charit\u00e9\",\"isPartOf\":{\"@id\":\"https:\\\/\\\/filles-de-la-charite.org\\\/fr\\\/#website\"},\"primaryImageOfPage\":{\"@id\":\"https:\\\/\\\/filles-de-la-charite.org\\\/fr\\\/beata-lindalva-justo-de-oliveira-30-anos-de-su-martirio-1993-2023\\\/#primaryimage\"},\"image\":{\"@id\":\"https:\\\/\\\/filles-de-la-charite.org\\\/fr\\\/beata-lindalva-justo-de-oliveira-30-anos-de-su-martirio-1993-2023\\\/#primaryimage\"},\"thumbnailUrl\":\"https:\\\/\\\/filles-de-la-charite.org\\\/wp-content\\\/uploads\\\/2024\\\/03\\\/news-06.23-Beata-Lindalva-Justo-de-Oliveira-1.jpeg\",\"datePublished\":\"2023-06-27T17:10:19+00:00\",\"dateModified\":\"2024-03-04T18:17:03+00:00\",\"breadcrumb\":{\"@id\":\"https:\\\/\\\/filles-de-la-charite.org\\\/fr\\\/beata-lindalva-justo-de-oliveira-30-anos-de-su-martirio-1993-2023\\\/#breadcrumb\"},\"inLanguage\":\"fr-FR\",\"potentialAction\":[{\"@type\":\"ReadAction\",\"target\":[\"https:\\\/\\\/filles-de-la-charite.org\\\/fr\\\/beata-lindalva-justo-de-oliveira-30-anos-de-su-martirio-1993-2023\\\/\"]}]},{\"@type\":\"ImageObject\",\"inLanguage\":\"fr-FR\",\"@id\":\"https:\\\/\\\/filles-de-la-charite.org\\\/fr\\\/beata-lindalva-justo-de-oliveira-30-anos-de-su-martirio-1993-2023\\\/#primaryimage\",\"url\":\"https:\\\/\\\/filles-de-la-charite.org\\\/wp-content\\\/uploads\\\/2024\\\/03\\\/news-06.23-Beata-Lindalva-Justo-de-Oliveira-1.jpeg\",\"contentUrl\":\"https:\\\/\\\/filles-de-la-charite.org\\\/wp-content\\\/uploads\\\/2024\\\/03\\\/news-06.23-Beata-Lindalva-Justo-de-Oliveira-1.jpeg\",\"width\":1280,\"height\":1143},{\"@type\":\"BreadcrumbList\",\"@id\":\"https:\\\/\\\/filles-de-la-charite.org\\\/fr\\\/beata-lindalva-justo-de-oliveira-30-anos-de-su-martirio-1993-2023\\\/#breadcrumb\",\"itemListElement\":[{\"@type\":\"ListItem\",\"position\":1,\"name\":\"Recife\",\"item\":\"https:\\\/\\\/filles-de-la-charite.org\\\/fr\\\/category\\\/recife-fr\\\/\"},{\"@type\":\"ListItem\",\"position\":2,\"name\":\"Bienheureuse Lindalva Justo de Oliveira \u2013 30\u00e8 anniversaire de son martyre (1993-2023)\"}]},{\"@type\":\"WebSite\",\"@id\":\"https:\\\/\\\/filles-de-la-charite.org\\\/fr\\\/#website\",\"url\":\"https:\\\/\\\/filles-de-la-charite.org\\\/fr\\\/\",\"name\":\"Hijas de la Caridad\",\"description\":\"L\u2019amour de J\u00e9sus nous presse \u00e0 prendre soin des personnes les plus d\u00e9munies\",\"publisher\":{\"@id\":\"https:\\\/\\\/filles-de-la-charite.org\\\/fr\\\/#organization\"},\"potentialAction\":[{\"@type\":\"SearchAction\",\"target\":{\"@type\":\"EntryPoint\",\"urlTemplate\":\"https:\\\/\\\/filles-de-la-charite.org\\\/fr\\\/?s={search_term_string}\"},\"query-input\":{\"@type\":\"PropertyValueSpecification\",\"valueRequired\":true,\"valueName\":\"search_term_string\"}}],\"inLanguage\":\"fr-FR\"},{\"@type\":\"Organization\",\"@id\":\"https:\\\/\\\/filles-de-la-charite.org\\\/fr\\\/#organization\",\"name\":\"Hijas de la Caridad\",\"url\":\"https:\\\/\\\/filles-de-la-charite.org\\\/fr\\\/\",\"logo\":{\"@type\":\"ImageObject\",\"inLanguage\":\"fr-FR\",\"@id\":\"https:\\\/\\\/filles-de-la-charite.org\\\/fr\\\/#\\\/schema\\\/logo\\\/image\\\/\",\"url\":\"https:\\\/\\\/filles-de-la-charite.org\\\/wp-content\\\/uploads\\\/2023\\\/03\\\/isotipo-Hijas-de-la-Caridad.png\",\"contentUrl\":\"https:\\\/\\\/filles-de-la-charite.org\\\/wp-content\\\/uploads\\\/2023\\\/03\\\/isotipo-Hijas-de-la-Caridad.png\",\"width\":1417,\"height\":1417,\"caption\":\"Hijas de la Caridad\"},\"image\":{\"@id\":\"https:\\\/\\\/filles-de-la-charite.org\\\/fr\\\/#\\\/schema\\\/logo\\\/image\\\/\"}},{\"@type\":\"Person\",\"@id\":\"https:\\\/\\\/filles-de-la-charite.org\\\/fr\\\/#\\\/schema\\\/person\\\/0c922b6ca71280639858d297b3a7209f\",\"name\":\"SOR MARTA\",\"image\":{\"@type\":\"ImageObject\",\"inLanguage\":\"fr-FR\",\"@id\":\"https:\\\/\\\/secure.gravatar.com\\\/avatar\\\/d2c45b0fd6bf2d3e2670ab3d112257c24ac80fa960360bba1bdc0676485d1d09?s=96&d=mm&r=g\",\"url\":\"https:\\\/\\\/secure.gravatar.com\\\/avatar\\\/d2c45b0fd6bf2d3e2670ab3d112257c24ac80fa960360bba1bdc0676485d1d09?s=96&d=mm&r=g\",\"contentUrl\":\"https:\\\/\\\/secure.gravatar.com\\\/avatar\\\/d2c45b0fd6bf2d3e2670ab3d112257c24ac80fa960360bba1bdc0676485d1d09?s=96&d=mm&r=g\",\"caption\":\"SOR MARTA\"},\"url\":\"https:\\\/\\\/filles-de-la-charite.org\\\/fr\\\/author\\\/martaemn\\\/\"}]}<\/script>\n<!-- \/ Yoast SEO plugin. -->","yoast_head_json":{"title":"Bienheureuse Lindalva Justo de Oliveira \u2013 30\u00e8 anniversaire de son martyre (1993-2023) - Filles de la Charit\u00e9","robots":{"index":"index","follow":"follow","max-snippet":"max-snippet:-1","max-image-preview":"max-image-preview:large","max-video-preview":"max-video-preview:-1"},"canonical":"https:\/\/filles-de-la-charite.org\/fr\/beata-lindalva-justo-de-oliveira-30-anos-de-su-martirio-1993-2023\/","og_locale":"fr_FR","og_type":"article","og_title":"Bienheureuse Lindalva Justo de Oliveira \u2013 30\u00e8 anniversaire de son martyre (1993-2023) - Filles de la Charit\u00e9","og_description":"Le 9 avril 1993, la Compagnie des Filles de la Charit\u00e9 pr\u00e9sente dans la Province de Recife, plus pr\u00e9cis\u00e9ment \u00e0 Salvador da Bahia, a \u00e9t\u00e9 surprise par un \u00e9v\u00e9nement qui allait changer sa vie, son histoire et m\u00eame sa compr\u00e9hension du Service des Pauvres, la raison d\u2019\u00eatre du Charisme laiss\u00e9 par ses Fondateurs Saint Vincent [&hellip;]","og_url":"https:\/\/filles-de-la-charite.org\/fr\/beata-lindalva-justo-de-oliveira-30-anos-de-su-martirio-1993-2023\/","og_site_name":"Filles de la Charit\u00e9","article_published_time":"2023-06-27T17:10:19+00:00","article_modified_time":"2024-03-04T18:17:03+00:00","og_image":[{"width":1280,"height":1143,"url":"https:\/\/filles-de-la-charite.org\/wp-content\/uploads\/2024\/03\/news-06.23-Beata-Lindalva-Justo-de-Oliveira-1.jpeg","type":"image\/jpeg"}],"author":"SOR MARTA","twitter_card":"summary_large_image","twitter_misc":{"\u00c9crit par":"SOR MARTA","Dur\u00e9e de lecture estim\u00e9e":"5 minutes"},"schema":{"@context":"https:\/\/schema.org","@graph":[{"@type":"Article","@id":"https:\/\/filles-de-la-charite.org\/fr\/beata-lindalva-justo-de-oliveira-30-anos-de-su-martirio-1993-2023\/#article","isPartOf":{"@id":"https:\/\/filles-de-la-charite.org\/fr\/beata-lindalva-justo-de-oliveira-30-anos-de-su-martirio-1993-2023\/"},"author":{"name":"SOR MARTA","@id":"https:\/\/filles-de-la-charite.org\/fr\/#\/schema\/person\/0c922b6ca71280639858d297b3a7209f"},"headline":"Bienheureuse Lindalva Justo de Oliveira \u2013 30\u00e8 anniversaire de son martyre (1993-2023)","datePublished":"2023-06-27T17:10:19+00:00","dateModified":"2024-03-04T18:17:03+00:00","mainEntityOfPage":{"@id":"https:\/\/filles-de-la-charite.org\/fr\/beata-lindalva-justo-de-oliveira-30-anos-de-su-martirio-1993-2023\/"},"wordCount":910,"publisher":{"@id":"https:\/\/filles-de-la-charite.org\/fr\/#organization"},"image":{"@id":"https:\/\/filles-de-la-charite.org\/fr\/beata-lindalva-justo-de-oliveira-30-anos-de-su-martirio-1993-2023\/#primaryimage"},"thumbnailUrl":"https:\/\/filles-de-la-charite.org\/wp-content\/uploads\/2024\/03\/news-06.23-Beata-Lindalva-Justo-de-Oliveira-1.jpeg","articleSection":["Recife"],"inLanguage":"fr-FR"},{"@type":"WebPage","@id":"https:\/\/filles-de-la-charite.org\/fr\/beata-lindalva-justo-de-oliveira-30-anos-de-su-martirio-1993-2023\/","url":"https:\/\/filles-de-la-charite.org\/fr\/beata-lindalva-justo-de-oliveira-30-anos-de-su-martirio-1993-2023\/","name":"Bienheureuse Lindalva Justo de Oliveira \u2013 30\u00e8 anniversaire de son martyre (1993-2023) - Filles de la Charit\u00e9","isPartOf":{"@id":"https:\/\/filles-de-la-charite.org\/fr\/#website"},"primaryImageOfPage":{"@id":"https:\/\/filles-de-la-charite.org\/fr\/beata-lindalva-justo-de-oliveira-30-anos-de-su-martirio-1993-2023\/#primaryimage"},"image":{"@id":"https:\/\/filles-de-la-charite.org\/fr\/beata-lindalva-justo-de-oliveira-30-anos-de-su-martirio-1993-2023\/#primaryimage"},"thumbnailUrl":"https:\/\/filles-de-la-charite.org\/wp-content\/uploads\/2024\/03\/news-06.23-Beata-Lindalva-Justo-de-Oliveira-1.jpeg","datePublished":"2023-06-27T17:10:19+00:00","dateModified":"2024-03-04T18:17:03+00:00","breadcrumb":{"@id":"https:\/\/filles-de-la-charite.org\/fr\/beata-lindalva-justo-de-oliveira-30-anos-de-su-martirio-1993-2023\/#breadcrumb"},"inLanguage":"fr-FR","potentialAction":[{"@type":"ReadAction","target":["https:\/\/filles-de-la-charite.org\/fr\/beata-lindalva-justo-de-oliveira-30-anos-de-su-martirio-1993-2023\/"]}]},{"@type":"ImageObject","inLanguage":"fr-FR","@id":"https:\/\/filles-de-la-charite.org\/fr\/beata-lindalva-justo-de-oliveira-30-anos-de-su-martirio-1993-2023\/#primaryimage","url":"https:\/\/filles-de-la-charite.org\/wp-content\/uploads\/2024\/03\/news-06.23-Beata-Lindalva-Justo-de-Oliveira-1.jpeg","contentUrl":"https:\/\/filles-de-la-charite.org\/wp-content\/uploads\/2024\/03\/news-06.23-Beata-Lindalva-Justo-de-Oliveira-1.jpeg","width":1280,"height":1143},{"@type":"BreadcrumbList","@id":"https:\/\/filles-de-la-charite.org\/fr\/beata-lindalva-justo-de-oliveira-30-anos-de-su-martirio-1993-2023\/#breadcrumb","itemListElement":[{"@type":"ListItem","position":1,"name":"Recife","item":"https:\/\/filles-de-la-charite.org\/fr\/category\/recife-fr\/"},{"@type":"ListItem","position":2,"name":"Bienheureuse Lindalva Justo de Oliveira \u2013 30\u00e8 anniversaire de son martyre (1993-2023)"}]},{"@type":"WebSite","@id":"https:\/\/filles-de-la-charite.org\/fr\/#website","url":"https:\/\/filles-de-la-charite.org\/fr\/","name":"Hijas de la Caridad","description":"L\u2019amour de J\u00e9sus nous presse \u00e0 prendre soin des personnes les plus d\u00e9munies","publisher":{"@id":"https:\/\/filles-de-la-charite.org\/fr\/#organization"},"potentialAction":[{"@type":"SearchAction","target":{"@type":"EntryPoint","urlTemplate":"https:\/\/filles-de-la-charite.org\/fr\/?s={search_term_string}"},"query-input":{"@type":"PropertyValueSpecification","valueRequired":true,"valueName":"search_term_string"}}],"inLanguage":"fr-FR"},{"@type":"Organization","@id":"https:\/\/filles-de-la-charite.org\/fr\/#organization","name":"Hijas de la Caridad","url":"https:\/\/filles-de-la-charite.org\/fr\/","logo":{"@type":"ImageObject","inLanguage":"fr-FR","@id":"https:\/\/filles-de-la-charite.org\/fr\/#\/schema\/logo\/image\/","url":"https:\/\/filles-de-la-charite.org\/wp-content\/uploads\/2023\/03\/isotipo-Hijas-de-la-Caridad.png","contentUrl":"https:\/\/filles-de-la-charite.org\/wp-content\/uploads\/2023\/03\/isotipo-Hijas-de-la-Caridad.png","width":1417,"height":1417,"caption":"Hijas de la Caridad"},"image":{"@id":"https:\/\/filles-de-la-charite.org\/fr\/#\/schema\/logo\/image\/"}},{"@type":"Person","@id":"https:\/\/filles-de-la-charite.org\/fr\/#\/schema\/person\/0c922b6ca71280639858d297b3a7209f","name":"SOR MARTA","image":{"@type":"ImageObject","inLanguage":"fr-FR","@id":"https:\/\/secure.gravatar.com\/avatar\/d2c45b0fd6bf2d3e2670ab3d112257c24ac80fa960360bba1bdc0676485d1d09?s=96&d=mm&r=g","url":"https:\/\/secure.gravatar.com\/avatar\/d2c45b0fd6bf2d3e2670ab3d112257c24ac80fa960360bba1bdc0676485d1d09?s=96&d=mm&r=g","contentUrl":"https:\/\/secure.gravatar.com\/avatar\/d2c45b0fd6bf2d3e2670ab3d112257c24ac80fa960360bba1bdc0676485d1d09?s=96&d=mm&r=g","caption":"SOR MARTA"},"url":"https:\/\/filles-de-la-charite.org\/fr\/author\/martaemn\/"}]}},"_links":{"self":[{"href":"https:\/\/filles-de-la-charite.org\/fr\/wp-json\/wp\/v2\/posts\/33089","targetHints":{"allow":["GET"]}}],"collection":[{"href":"https:\/\/filles-de-la-charite.org\/fr\/wp-json\/wp\/v2\/posts"}],"about":[{"href":"https:\/\/filles-de-la-charite.org\/fr\/wp-json\/wp\/v2\/types\/post"}],"author":[{"embeddable":true,"href":"https:\/\/filles-de-la-charite.org\/fr\/wp-json\/wp\/v2\/users\/5"}],"replies":[{"embeddable":true,"href":"https:\/\/filles-de-la-charite.org\/fr\/wp-json\/wp\/v2\/comments?post=33089"}],"version-history":[{"count":2,"href":"https:\/\/filles-de-la-charite.org\/fr\/wp-json\/wp\/v2\/posts\/33089\/revisions"}],"predecessor-version":[{"id":33099,"href":"https:\/\/filles-de-la-charite.org\/fr\/wp-json\/wp\/v2\/posts\/33089\/revisions\/33099"}],"wp:featuredmedia":[{"embeddable":true,"href":"https:\/\/filles-de-la-charite.org\/fr\/wp-json\/wp\/v2\/media\/33033"}],"wp:attachment":[{"href":"https:\/\/filles-de-la-charite.org\/fr\/wp-json\/wp\/v2\/media?parent=33089"}],"wp:term":[{"taxonomy":"category","embeddable":true,"href":"https:\/\/filles-de-la-charite.org\/fr\/wp-json\/wp\/v2\/categories?post=33089"},{"taxonomy":"post_tag","embeddable":true,"href":"https:\/\/filles-de-la-charite.org\/fr\/wp-json\/wp\/v2\/tags?post=33089"}],"curies":[{"name":"wp","href":"https:\/\/api.w.org\/{rel}","templated":true}]}}