{"id":33820,"date":"2023-10-08T17:46:03","date_gmt":"2023-10-08T15:46:03","guid":{"rendered":"https:\/\/hijascaridad.sjdigitaldemo.ovh\/llamadas-y-convocadas-por-dios\/"},"modified":"2024-03-05T18:09:06","modified_gmt":"2024-03-05T17:09:06","slug":"llamadas-y-convocadas-por-dios","status":"publish","type":"post","link":"https:\/\/filles-de-la-charite.org\/fr\/llamadas-y-convocadas-por-dios\/","title":{"rendered":"Appel\u00e9es et assembl\u00e9es par Dieu\u2026"},"content":{"rendered":"\n<p>C\u2019est \u00e0 partir de cette certitude tir\u00e9e de nos Constitutions que nous sommes ensemble pour la mission (cf. C 32) que nous sommes venues \u00e0 Paris pour la Session Vincentienne de septembre 2023. 59 S\u0153urs de 26 pays ont constitu\u00e9 cette belle communaut\u00e9 internationale de Filles de la Charit\u00e9, de 7 \u00e0 10 ans de vocation.<\/p>\n\n\n\n<figure class=\"wp-block-image aligncenter size-full\"><img loading=\"lazy\" decoding=\"async\" width=\"777\" height=\"1024\" src=\"https:\/\/filles-de-la-charite.org\/wp-content\/uploads\/2024\/03\/News-10.23-Llamadas-y-convocadas-por-Dios\u2026-3.jpg\" alt=\"\" class=\"wp-image-33786\" srcset=\"https:\/\/filles-de-la-charite.org\/wp-content\/uploads\/2024\/03\/News-10.23-Llamadas-y-convocadas-por-Dios\u2026-3.jpg 777w, https:\/\/filles-de-la-charite.org\/wp-content\/uploads\/2024\/03\/News-10.23-Llamadas-y-convocadas-por-Dios\u2026-3-228x300.jpg 228w, https:\/\/filles-de-la-charite.org\/wp-content\/uploads\/2024\/03\/News-10.23-Llamadas-y-convocadas-por-Dios\u2026-3-768x1012.jpg 768w, https:\/\/filles-de-la-charite.org\/wp-content\/uploads\/2024\/03\/News-10.23-Llamadas-y-convocadas-por-Dios\u2026-3-480x633.jpg 480w\" sizes=\"(max-width: 777px) 100vw, 777px\" \/><\/figure>\n\n\n\n<p>R\u00e9pondant \u00e0 l\u2019appel, nous avons ouvert les portes des langues, des cultures, des continents, des \u00e2ges et des types de service et nous avons fait de cette Session un terrain fertile o\u00f9 le r\u00eave de nos Fondateurs peut continuer \u00e0 grandir. C\u2019est Dieu qui a voulu que cette Compagnie de jeunes femmes de diff\u00e9rents pays ne forme qu\u2019un seul c\u0153ur ; une Compagnie qui garde cette fin en vue, et non celle d\u2019une \u0153uvre qui se limite \u00e0 un style de service, \u00e0 un pays, \u00e0 une r\u00e9gion ou \u00e0 une langue. Notre but, qui est de servir le Christ dans la personne des pauvres, nous envoie constamment \u00e0 faire de la charit\u00e9 une rencontre et \u00e0 proclamer ainsi notre joie d\u2019appartenir \u00e0 Dieu.<\/p>\n\n\n\n<figure class=\"wp-block-image size-full\"><img loading=\"lazy\" decoding=\"async\" width=\"1024\" height=\"769\" src=\"https:\/\/filles-de-la-charite.org\/wp-content\/uploads\/2024\/03\/News-10.23-Llamadas-y-convocadas-por-Dios\u2026-6.jpg\" alt=\"\" class=\"wp-image-33805\" srcset=\"https:\/\/filles-de-la-charite.org\/wp-content\/uploads\/2024\/03\/News-10.23-Llamadas-y-convocadas-por-Dios\u2026-6.jpg 1024w, https:\/\/filles-de-la-charite.org\/wp-content\/uploads\/2024\/03\/News-10.23-Llamadas-y-convocadas-por-Dios\u2026-6-300x225.jpg 300w, https:\/\/filles-de-la-charite.org\/wp-content\/uploads\/2024\/03\/News-10.23-Llamadas-y-convocadas-por-Dios\u2026-6-768x577.jpg 768w, https:\/\/filles-de-la-charite.org\/wp-content\/uploads\/2024\/03\/News-10.23-Llamadas-y-convocadas-por-Dios\u2026-6-510x382.jpg 510w, https:\/\/filles-de-la-charite.org\/wp-content\/uploads\/2024\/03\/News-10.23-Llamadas-y-convocadas-por-Dios\u2026-6-980x736.jpg 980w, https:\/\/filles-de-la-charite.org\/wp-content\/uploads\/2024\/03\/News-10.23-Llamadas-y-convocadas-por-Dios\u2026-6-480x360.jpg 480w\" sizes=\"(max-width: 1024px) 100vw, 1024px\" \/><\/figure>\n\n\n\n<p>Au cours de ces journ\u00e9es, nous avons bu directement aux sources de notre charisme et nous avons exp\u00e9riment\u00e9 que tout notre \u00eatre \u00e9tait impr\u00e9gn\u00e9 de la fra\u00eecheur qui na\u00eet du retour constant \u00e0 l\u2019Esprit qui a anim\u00e9 nos Fondateurs, en marchant sur les m\u00eames terres que cette fondation audacieuse et en reconnaissant et en nous engageant \u00e0 relever les d\u00e9fis que cette audace originelle continue de nous poser aujourd\u2019hui pour honorer l\u2019h\u00e9ritage que nous avons re\u00e7u.<\/p>\n\n\n\n<figure class=\"wp-block-image size-full\"><img loading=\"lazy\" decoding=\"async\" width=\"1024\" height=\"498\" src=\"https:\/\/filles-de-la-charite.org\/wp-content\/uploads\/2024\/03\/News-10.23-Llamadas-y-convocadas-por-Dios\u2026-7.jpg\" alt=\"\" class=\"wp-image-33811\" srcset=\"https:\/\/filles-de-la-charite.org\/wp-content\/uploads\/2024\/03\/News-10.23-Llamadas-y-convocadas-por-Dios\u2026-7.jpg 1024w, https:\/\/filles-de-la-charite.org\/wp-content\/uploads\/2024\/03\/News-10.23-Llamadas-y-convocadas-por-Dios\u2026-7-300x146.jpg 300w, https:\/\/filles-de-la-charite.org\/wp-content\/uploads\/2024\/03\/News-10.23-Llamadas-y-convocadas-por-Dios\u2026-7-768x374.jpg 768w, https:\/\/filles-de-la-charite.org\/wp-content\/uploads\/2024\/03\/News-10.23-Llamadas-y-convocadas-por-Dios\u2026-7-980x477.jpg 980w, https:\/\/filles-de-la-charite.org\/wp-content\/uploads\/2024\/03\/News-10.23-Llamadas-y-convocadas-por-Dios\u2026-7-480x233.jpg 480w\" sizes=\"(max-width: 1024px) 100vw, 1024px\" \/><\/figure>\n\n\n\n<p>Nous avons pris conscience de l\u2019engagement d\u2019apprendre \u00e0 vivre et \u00e0 cheminer ensemble, et de la n\u00e9cessit\u00e9 permanente de renouveler le c\u0153ur et l\u2019esprit en nourrissant une vie int\u00e9rieure solide.<\/p>\n\n\n\n<figure class=\"wp-block-image size-full\"><img loading=\"lazy\" decoding=\"async\" width=\"1024\" height=\"768\" src=\"https:\/\/filles-de-la-charite.org\/wp-content\/uploads\/2024\/03\/News-10.23-Llamadas-y-convocadas-por-Dios\u2026-4.jpg\" alt=\"\" class=\"wp-image-33792\" srcset=\"https:\/\/filles-de-la-charite.org\/wp-content\/uploads\/2024\/03\/News-10.23-Llamadas-y-convocadas-por-Dios\u2026-4.jpg 1024w, https:\/\/filles-de-la-charite.org\/wp-content\/uploads\/2024\/03\/News-10.23-Llamadas-y-convocadas-por-Dios\u2026-4-300x225.jpg 300w, https:\/\/filles-de-la-charite.org\/wp-content\/uploads\/2024\/03\/News-10.23-Llamadas-y-convocadas-por-Dios\u2026-4-768x576.jpg 768w, https:\/\/filles-de-la-charite.org\/wp-content\/uploads\/2024\/03\/News-10.23-Llamadas-y-convocadas-por-Dios\u2026-4-510x382.jpg 510w, https:\/\/filles-de-la-charite.org\/wp-content\/uploads\/2024\/03\/News-10.23-Llamadas-y-convocadas-por-Dios\u2026-4-980x735.jpg 980w, https:\/\/filles-de-la-charite.org\/wp-content\/uploads\/2024\/03\/News-10.23-Llamadas-y-convocadas-por-Dios\u2026-4-480x360.jpg 480w\" sizes=\"(max-width: 1024px) 100vw, 1024px\" \/><\/figure>\n\n\n\n<p>La Compagnie d\u2019hier et d\u2019aujourd\u2019hui ne fait plus partie des livres que nous avons \u00e9tudi\u00e9s ou des nouvelles de loin ; elle est devenue des lieux, des visages, des t\u00e9moignages, des reliques, de l\u2019amour v\u00e9cu et soutenu de g\u00e9n\u00e9ration en g\u00e9n\u00e9ration. Nous sommes certaines que la Compagnie est aim\u00e9e de Dieu et nous voulons continuer \u00e0 faire partie de cette lign\u00e9e qui se h\u00e2te toujours avec charit\u00e9, \u00e0 l\u2019exemple de Marie, notre M\u00e8re.<\/p>\n\n\n\n<figure class=\"wp-block-image aligncenter size-full\"><img loading=\"lazy\" decoding=\"async\" width=\"575\" height=\"1024\" src=\"https:\/\/filles-de-la-charite.org\/wp-content\/uploads\/2024\/03\/News-10.23-Llamadas-y-convocadas-por-Dios\u2026-5.jpg\" alt=\"\" class=\"wp-image-33799\" srcset=\"https:\/\/filles-de-la-charite.org\/wp-content\/uploads\/2024\/03\/News-10.23-Llamadas-y-convocadas-por-Dios\u2026-5.jpg 575w, https:\/\/filles-de-la-charite.org\/wp-content\/uploads\/2024\/03\/News-10.23-Llamadas-y-convocadas-por-Dios\u2026-5-168x300.jpg 168w, https:\/\/filles-de-la-charite.org\/wp-content\/uploads\/2024\/03\/News-10.23-Llamadas-y-convocadas-por-Dios\u2026-5-480x855.jpg 480w\" sizes=\"(max-width: 575px) 100vw, 575px\" \/><\/figure>\n\n\n\n<p>Nous sommes particuli\u00e8rement reconnaissantes \u00e0 Dieu, \u00e0 Soeur Fran\u00e7oise et \u00e0 ses Conseill\u00e8res et \u00e0 tous ceux qui ont travaill\u00e9 sans rel\u00e2che pour nous offrir ce temps de gr\u00e2ce : des conf\u00e9renciers, coordinatrices et traductrices jusqu\u2019aux personnes qui ont assur\u00e9 un service silencieux et anonyme. Nous nous r\u00e9jouissons de cette exp\u00e9rience unique de vivre l\u2019internationalit\u00e9 et la fraternit\u00e9, de revenir \u00e0 nos racines. Elle confirme notre d\u00e9sir de continuer \u00e0 servir le Christ dans la personne des pauvres et nous demandons \u00e0 Dieu que ce soit seulement son Esprit qui nous envoie franchir les portes ?&nbsp;<\/p>\n\n\n\n<figure class=\"wp-block-image size-full\"><img loading=\"lazy\" decoding=\"async\" width=\"1024\" height=\"768\" src=\"https:\/\/filles-de-la-charite.org\/wp-content\/uploads\/2024\/03\/News-10.23-Llamadas-y-convocadas-por-Dios\u2026-1.jpg\" alt=\"\" class=\"wp-image-33774\" srcset=\"https:\/\/filles-de-la-charite.org\/wp-content\/uploads\/2024\/03\/News-10.23-Llamadas-y-convocadas-por-Dios\u2026-1.jpg 1024w, https:\/\/filles-de-la-charite.org\/wp-content\/uploads\/2024\/03\/News-10.23-Llamadas-y-convocadas-por-Dios\u2026-1-300x225.jpg 300w, https:\/\/filles-de-la-charite.org\/wp-content\/uploads\/2024\/03\/News-10.23-Llamadas-y-convocadas-por-Dios\u2026-1-768x576.jpg 768w, https:\/\/filles-de-la-charite.org\/wp-content\/uploads\/2024\/03\/News-10.23-Llamadas-y-convocadas-por-Dios\u2026-1-510x382.jpg 510w, https:\/\/filles-de-la-charite.org\/wp-content\/uploads\/2024\/03\/News-10.23-Llamadas-y-convocadas-por-Dios\u2026-1-980x735.jpg 980w, https:\/\/filles-de-la-charite.org\/wp-content\/uploads\/2024\/03\/News-10.23-Llamadas-y-convocadas-por-Dios\u2026-1-480x360.jpg 480w\" sizes=\"(max-width: 1024px) 100vw, 1024px\" \/><\/figure>\n\n\n\n<p>Que Marie de la Visitation nous incite \u00e0 retourner en h\u00e2te \u00e0 notre service pour porter J\u00e9sus \u00e0 tous ceux que nous servons avec douceur et cordialit\u00e9.<\/p>\n\n\n\n<figure class=\"wp-block-embed is-type-video is-provider-youtube wp-block-embed-youtube wp-embed-aspect-16-9 wp-has-aspect-ratio\"><div class=\"wp-block-embed__wrapper\">\n<iframe loading=\"lazy\" title=\"Session Vincentienne  [29.09.2023]\" width=\"1080\" height=\"608\" src=\"https:\/\/www.youtube.com\/embed\/Qwl0C1gKgR8?feature=oembed\"  allow=\"accelerometer; autoplay; clipboard-write; encrypted-media; gyroscope; picture-in-picture; web-share\" allowfullscreen><\/iframe>\n<\/div><\/figure>\n","protected":false},"excerpt":{"rendered":"<p>C\u2019est \u00e0 partir de cette certitude tir\u00e9e de nos Constitutions que nous sommes ensemble pour la mission (cf. C 32) que nous sommes venues \u00e0 Paris pour la Session Vincentienne de septembre 2023. 59 S\u0153urs de 26 pays ont constitu\u00e9 cette belle communaut\u00e9 internationale de Filles de la Charit\u00e9, de 7 \u00e0 10 ans de [&hellip;]<\/p>\n","protected":false},"author":5,"featured_media":33782,"comment_status":"closed","ping_status":"closed","sticky":false,"template":"","format":"standard","meta":{"_acf_changed":false,"footnotes":"","_links_to":"","_links_to_target":""},"categories":[558],"tags":[],"class_list":["post-33820","post","type-post","status-publish","format-standard","has-post-thumbnail","hentry","category-maison-mere-fr"],"acf":[],"yoast_head":"<!-- This site is optimized with the Yoast SEO plugin v27.5 - https:\/\/yoast.com\/product\/yoast-seo-wordpress\/ -->\n<title>Appel\u00e9es et assembl\u00e9es par Dieu\u2026 - Filles de la Charit\u00e9<\/title>\n<meta name=\"robots\" content=\"index, follow, max-snippet:-1, max-image-preview:large, max-video-preview:-1\" \/>\n<link rel=\"canonical\" href=\"https:\/\/filles-de-la-charite.org\/fr\/llamadas-y-convocadas-por-dios\/\" \/>\n<meta property=\"og:locale\" content=\"fr_FR\" \/>\n<meta property=\"og:type\" content=\"article\" \/>\n<meta property=\"og:title\" content=\"Appel\u00e9es et assembl\u00e9es par Dieu\u2026 - Filles de la Charit\u00e9\" \/>\n<meta property=\"og:description\" content=\"C\u2019est \u00e0 partir de cette certitude tir\u00e9e de nos Constitutions que nous sommes ensemble pour la mission (cf. C 32) que nous sommes venues \u00e0 Paris pour la Session Vincentienne de septembre 2023. 59 S\u0153urs de 26 pays ont constitu\u00e9 cette belle communaut\u00e9 internationale de Filles de la Charit\u00e9, de 7 \u00e0 10 ans de [&hellip;]\" \/>\n<meta property=\"og:url\" content=\"https:\/\/filles-de-la-charite.org\/fr\/llamadas-y-convocadas-por-dios\/\" \/>\n<meta property=\"og:site_name\" content=\"Filles de la Charit\u00e9\" \/>\n<meta property=\"article:published_time\" content=\"2023-10-08T15:46:03+00:00\" \/>\n<meta property=\"article:modified_time\" content=\"2024-03-05T17:09:06+00:00\" \/>\n<meta property=\"og:image\" content=\"https:\/\/filles-de-la-charite.org\/wp-content\/uploads\/2024\/03\/News-10.23-Llamadas-y-convocadas-por-Dios\u2026-2.jpg\" \/>\n\t<meta property=\"og:image:width\" content=\"2560\" \/>\n\t<meta property=\"og:image:height\" content=\"1421\" \/>\n\t<meta property=\"og:image:type\" content=\"image\/jpeg\" \/>\n<meta name=\"author\" content=\"SOR MARTA\" \/>\n<meta name=\"twitter:card\" content=\"summary_large_image\" \/>\n<meta name=\"twitter:label1\" content=\"\u00c9crit par\" \/>\n\t<meta name=\"twitter:data1\" content=\"SOR MARTA\" \/>\n\t<meta name=\"twitter:label2\" content=\"Dur\u00e9e de lecture estim\u00e9e\" \/>\n\t<meta name=\"twitter:data2\" content=\"3 minutes\" \/>\n<script type=\"application\/ld+json\" class=\"yoast-schema-graph\">{\"@context\":\"https:\\\/\\\/schema.org\",\"@graph\":[{\"@type\":\"Article\",\"@id\":\"https:\\\/\\\/filles-de-la-charite.org\\\/fr\\\/llamadas-y-convocadas-por-dios\\\/#article\",\"isPartOf\":{\"@id\":\"https:\\\/\\\/filles-de-la-charite.org\\\/fr\\\/llamadas-y-convocadas-por-dios\\\/\"},\"author\":{\"name\":\"SOR MARTA\",\"@id\":\"https:\\\/\\\/filles-de-la-charite.org\\\/fr\\\/#\\\/schema\\\/person\\\/0c922b6ca71280639858d297b3a7209f\"},\"headline\":\"Appel\u00e9es et assembl\u00e9es par Dieu\u2026\",\"datePublished\":\"2023-10-08T15:46:03+00:00\",\"dateModified\":\"2024-03-05T17:09:06+00:00\",\"mainEntityOfPage\":{\"@id\":\"https:\\\/\\\/filles-de-la-charite.org\\\/fr\\\/llamadas-y-convocadas-por-dios\\\/\"},\"wordCount\":518,\"publisher\":{\"@id\":\"https:\\\/\\\/filles-de-la-charite.org\\\/fr\\\/#organization\"},\"image\":{\"@id\":\"https:\\\/\\\/filles-de-la-charite.org\\\/fr\\\/llamadas-y-convocadas-por-dios\\\/#primaryimage\"},\"thumbnailUrl\":\"https:\\\/\\\/filles-de-la-charite.org\\\/wp-content\\\/uploads\\\/2024\\\/03\\\/News-10.23-Llamadas-y-convocadas-por-Dios\u2026-2.jpg\",\"articleSection\":[\"Maison-M\u00e8re\"],\"inLanguage\":\"fr-FR\"},{\"@type\":\"WebPage\",\"@id\":\"https:\\\/\\\/filles-de-la-charite.org\\\/fr\\\/llamadas-y-convocadas-por-dios\\\/\",\"url\":\"https:\\\/\\\/filles-de-la-charite.org\\\/fr\\\/llamadas-y-convocadas-por-dios\\\/\",\"name\":\"Appel\u00e9es et assembl\u00e9es par Dieu\u2026 - Filles de la Charit\u00e9\",\"isPartOf\":{\"@id\":\"https:\\\/\\\/filles-de-la-charite.org\\\/fr\\\/#website\"},\"primaryImageOfPage\":{\"@id\":\"https:\\\/\\\/filles-de-la-charite.org\\\/fr\\\/llamadas-y-convocadas-por-dios\\\/#primaryimage\"},\"image\":{\"@id\":\"https:\\\/\\\/filles-de-la-charite.org\\\/fr\\\/llamadas-y-convocadas-por-dios\\\/#primaryimage\"},\"thumbnailUrl\":\"https:\\\/\\\/filles-de-la-charite.org\\\/wp-content\\\/uploads\\\/2024\\\/03\\\/News-10.23-Llamadas-y-convocadas-por-Dios\u2026-2.jpg\",\"datePublished\":\"2023-10-08T15:46:03+00:00\",\"dateModified\":\"2024-03-05T17:09:06+00:00\",\"breadcrumb\":{\"@id\":\"https:\\\/\\\/filles-de-la-charite.org\\\/fr\\\/llamadas-y-convocadas-por-dios\\\/#breadcrumb\"},\"inLanguage\":\"fr-FR\",\"potentialAction\":[{\"@type\":\"ReadAction\",\"target\":[\"https:\\\/\\\/filles-de-la-charite.org\\\/fr\\\/llamadas-y-convocadas-por-dios\\\/\"]}]},{\"@type\":\"ImageObject\",\"inLanguage\":\"fr-FR\",\"@id\":\"https:\\\/\\\/filles-de-la-charite.org\\\/fr\\\/llamadas-y-convocadas-por-dios\\\/#primaryimage\",\"url\":\"https:\\\/\\\/filles-de-la-charite.org\\\/wp-content\\\/uploads\\\/2024\\\/03\\\/News-10.23-Llamadas-y-convocadas-por-Dios\u2026-2.jpg\",\"contentUrl\":\"https:\\\/\\\/filles-de-la-charite.org\\\/wp-content\\\/uploads\\\/2024\\\/03\\\/News-10.23-Llamadas-y-convocadas-por-Dios\u2026-2.jpg\",\"width\":2560,\"height\":1421},{\"@type\":\"BreadcrumbList\",\"@id\":\"https:\\\/\\\/filles-de-la-charite.org\\\/fr\\\/llamadas-y-convocadas-por-dios\\\/#breadcrumb\",\"itemListElement\":[{\"@type\":\"ListItem\",\"position\":1,\"name\":\"Maison-M\u00e8re\",\"item\":\"https:\\\/\\\/filles-de-la-charite.org\\\/fr\\\/category\\\/maison-mere-fr\\\/\"},{\"@type\":\"ListItem\",\"position\":2,\"name\":\"Appel\u00e9es et assembl\u00e9es par Dieu\u2026\"}]},{\"@type\":\"WebSite\",\"@id\":\"https:\\\/\\\/filles-de-la-charite.org\\\/fr\\\/#website\",\"url\":\"https:\\\/\\\/filles-de-la-charite.org\\\/fr\\\/\",\"name\":\"Hijas de la Caridad\",\"description\":\"L\u2019amour de J\u00e9sus nous presse \u00e0 prendre soin des personnes les plus d\u00e9munies\",\"publisher\":{\"@id\":\"https:\\\/\\\/filles-de-la-charite.org\\\/fr\\\/#organization\"},\"potentialAction\":[{\"@type\":\"SearchAction\",\"target\":{\"@type\":\"EntryPoint\",\"urlTemplate\":\"https:\\\/\\\/filles-de-la-charite.org\\\/fr\\\/?s={search_term_string}\"},\"query-input\":{\"@type\":\"PropertyValueSpecification\",\"valueRequired\":true,\"valueName\":\"search_term_string\"}}],\"inLanguage\":\"fr-FR\"},{\"@type\":\"Organization\",\"@id\":\"https:\\\/\\\/filles-de-la-charite.org\\\/fr\\\/#organization\",\"name\":\"Hijas de la Caridad\",\"url\":\"https:\\\/\\\/filles-de-la-charite.org\\\/fr\\\/\",\"logo\":{\"@type\":\"ImageObject\",\"inLanguage\":\"fr-FR\",\"@id\":\"https:\\\/\\\/filles-de-la-charite.org\\\/fr\\\/#\\\/schema\\\/logo\\\/image\\\/\",\"url\":\"https:\\\/\\\/filles-de-la-charite.org\\\/wp-content\\\/uploads\\\/2023\\\/03\\\/isotipo-Hijas-de-la-Caridad.png\",\"contentUrl\":\"https:\\\/\\\/filles-de-la-charite.org\\\/wp-content\\\/uploads\\\/2023\\\/03\\\/isotipo-Hijas-de-la-Caridad.png\",\"width\":1417,\"height\":1417,\"caption\":\"Hijas de la Caridad\"},\"image\":{\"@id\":\"https:\\\/\\\/filles-de-la-charite.org\\\/fr\\\/#\\\/schema\\\/logo\\\/image\\\/\"}},{\"@type\":\"Person\",\"@id\":\"https:\\\/\\\/filles-de-la-charite.org\\\/fr\\\/#\\\/schema\\\/person\\\/0c922b6ca71280639858d297b3a7209f\",\"name\":\"SOR MARTA\",\"image\":{\"@type\":\"ImageObject\",\"inLanguage\":\"fr-FR\",\"@id\":\"https:\\\/\\\/secure.gravatar.com\\\/avatar\\\/d2c45b0fd6bf2d3e2670ab3d112257c24ac80fa960360bba1bdc0676485d1d09?s=96&d=mm&r=g\",\"url\":\"https:\\\/\\\/secure.gravatar.com\\\/avatar\\\/d2c45b0fd6bf2d3e2670ab3d112257c24ac80fa960360bba1bdc0676485d1d09?s=96&d=mm&r=g\",\"contentUrl\":\"https:\\\/\\\/secure.gravatar.com\\\/avatar\\\/d2c45b0fd6bf2d3e2670ab3d112257c24ac80fa960360bba1bdc0676485d1d09?s=96&d=mm&r=g\",\"caption\":\"SOR MARTA\"},\"url\":\"https:\\\/\\\/filles-de-la-charite.org\\\/fr\\\/author\\\/martaemn\\\/\"}]}<\/script>\n<!-- \/ Yoast SEO plugin. -->","yoast_head_json":{"title":"Appel\u00e9es et assembl\u00e9es par Dieu\u2026 - Filles de la Charit\u00e9","robots":{"index":"index","follow":"follow","max-snippet":"max-snippet:-1","max-image-preview":"max-image-preview:large","max-video-preview":"max-video-preview:-1"},"canonical":"https:\/\/filles-de-la-charite.org\/fr\/llamadas-y-convocadas-por-dios\/","og_locale":"fr_FR","og_type":"article","og_title":"Appel\u00e9es et assembl\u00e9es par Dieu\u2026 - Filles de la Charit\u00e9","og_description":"C\u2019est \u00e0 partir de cette certitude tir\u00e9e de nos Constitutions que nous sommes ensemble pour la mission (cf. C 32) que nous sommes venues \u00e0 Paris pour la Session Vincentienne de septembre 2023. 59 S\u0153urs de 26 pays ont constitu\u00e9 cette belle communaut\u00e9 internationale de Filles de la Charit\u00e9, de 7 \u00e0 10 ans de [&hellip;]","og_url":"https:\/\/filles-de-la-charite.org\/fr\/llamadas-y-convocadas-por-dios\/","og_site_name":"Filles de la Charit\u00e9","article_published_time":"2023-10-08T15:46:03+00:00","article_modified_time":"2024-03-05T17:09:06+00:00","og_image":[{"width":2560,"height":1421,"url":"https:\/\/filles-de-la-charite.org\/wp-content\/uploads\/2024\/03\/News-10.23-Llamadas-y-convocadas-por-Dios\u2026-2.jpg","type":"image\/jpeg"}],"author":"SOR MARTA","twitter_card":"summary_large_image","twitter_misc":{"\u00c9crit par":"SOR MARTA","Dur\u00e9e de lecture estim\u00e9e":"3 minutes"},"schema":{"@context":"https:\/\/schema.org","@graph":[{"@type":"Article","@id":"https:\/\/filles-de-la-charite.org\/fr\/llamadas-y-convocadas-por-dios\/#article","isPartOf":{"@id":"https:\/\/filles-de-la-charite.org\/fr\/llamadas-y-convocadas-por-dios\/"},"author":{"name":"SOR MARTA","@id":"https:\/\/filles-de-la-charite.org\/fr\/#\/schema\/person\/0c922b6ca71280639858d297b3a7209f"},"headline":"Appel\u00e9es et assembl\u00e9es par Dieu\u2026","datePublished":"2023-10-08T15:46:03+00:00","dateModified":"2024-03-05T17:09:06+00:00","mainEntityOfPage":{"@id":"https:\/\/filles-de-la-charite.org\/fr\/llamadas-y-convocadas-por-dios\/"},"wordCount":518,"publisher":{"@id":"https:\/\/filles-de-la-charite.org\/fr\/#organization"},"image":{"@id":"https:\/\/filles-de-la-charite.org\/fr\/llamadas-y-convocadas-por-dios\/#primaryimage"},"thumbnailUrl":"https:\/\/filles-de-la-charite.org\/wp-content\/uploads\/2024\/03\/News-10.23-Llamadas-y-convocadas-por-Dios\u2026-2.jpg","articleSection":["Maison-M\u00e8re"],"inLanguage":"fr-FR"},{"@type":"WebPage","@id":"https:\/\/filles-de-la-charite.org\/fr\/llamadas-y-convocadas-por-dios\/","url":"https:\/\/filles-de-la-charite.org\/fr\/llamadas-y-convocadas-por-dios\/","name":"Appel\u00e9es et assembl\u00e9es par Dieu\u2026 - Filles de la Charit\u00e9","isPartOf":{"@id":"https:\/\/filles-de-la-charite.org\/fr\/#website"},"primaryImageOfPage":{"@id":"https:\/\/filles-de-la-charite.org\/fr\/llamadas-y-convocadas-por-dios\/#primaryimage"},"image":{"@id":"https:\/\/filles-de-la-charite.org\/fr\/llamadas-y-convocadas-por-dios\/#primaryimage"},"thumbnailUrl":"https:\/\/filles-de-la-charite.org\/wp-content\/uploads\/2024\/03\/News-10.23-Llamadas-y-convocadas-por-Dios\u2026-2.jpg","datePublished":"2023-10-08T15:46:03+00:00","dateModified":"2024-03-05T17:09:06+00:00","breadcrumb":{"@id":"https:\/\/filles-de-la-charite.org\/fr\/llamadas-y-convocadas-por-dios\/#breadcrumb"},"inLanguage":"fr-FR","potentialAction":[{"@type":"ReadAction","target":["https:\/\/filles-de-la-charite.org\/fr\/llamadas-y-convocadas-por-dios\/"]}]},{"@type":"ImageObject","inLanguage":"fr-FR","@id":"https:\/\/filles-de-la-charite.org\/fr\/llamadas-y-convocadas-por-dios\/#primaryimage","url":"https:\/\/filles-de-la-charite.org\/wp-content\/uploads\/2024\/03\/News-10.23-Llamadas-y-convocadas-por-Dios\u2026-2.jpg","contentUrl":"https:\/\/filles-de-la-charite.org\/wp-content\/uploads\/2024\/03\/News-10.23-Llamadas-y-convocadas-por-Dios\u2026-2.jpg","width":2560,"height":1421},{"@type":"BreadcrumbList","@id":"https:\/\/filles-de-la-charite.org\/fr\/llamadas-y-convocadas-por-dios\/#breadcrumb","itemListElement":[{"@type":"ListItem","position":1,"name":"Maison-M\u00e8re","item":"https:\/\/filles-de-la-charite.org\/fr\/category\/maison-mere-fr\/"},{"@type":"ListItem","position":2,"name":"Appel\u00e9es et assembl\u00e9es par Dieu\u2026"}]},{"@type":"WebSite","@id":"https:\/\/filles-de-la-charite.org\/fr\/#website","url":"https:\/\/filles-de-la-charite.org\/fr\/","name":"Hijas de la Caridad","description":"L\u2019amour de J\u00e9sus nous presse \u00e0 prendre soin des personnes les plus d\u00e9munies","publisher":{"@id":"https:\/\/filles-de-la-charite.org\/fr\/#organization"},"potentialAction":[{"@type":"SearchAction","target":{"@type":"EntryPoint","urlTemplate":"https:\/\/filles-de-la-charite.org\/fr\/?s={search_term_string}"},"query-input":{"@type":"PropertyValueSpecification","valueRequired":true,"valueName":"search_term_string"}}],"inLanguage":"fr-FR"},{"@type":"Organization","@id":"https:\/\/filles-de-la-charite.org\/fr\/#organization","name":"Hijas de la Caridad","url":"https:\/\/filles-de-la-charite.org\/fr\/","logo":{"@type":"ImageObject","inLanguage":"fr-FR","@id":"https:\/\/filles-de-la-charite.org\/fr\/#\/schema\/logo\/image\/","url":"https:\/\/filles-de-la-charite.org\/wp-content\/uploads\/2023\/03\/isotipo-Hijas-de-la-Caridad.png","contentUrl":"https:\/\/filles-de-la-charite.org\/wp-content\/uploads\/2023\/03\/isotipo-Hijas-de-la-Caridad.png","width":1417,"height":1417,"caption":"Hijas de la Caridad"},"image":{"@id":"https:\/\/filles-de-la-charite.org\/fr\/#\/schema\/logo\/image\/"}},{"@type":"Person","@id":"https:\/\/filles-de-la-charite.org\/fr\/#\/schema\/person\/0c922b6ca71280639858d297b3a7209f","name":"SOR MARTA","image":{"@type":"ImageObject","inLanguage":"fr-FR","@id":"https:\/\/secure.gravatar.com\/avatar\/d2c45b0fd6bf2d3e2670ab3d112257c24ac80fa960360bba1bdc0676485d1d09?s=96&d=mm&r=g","url":"https:\/\/secure.gravatar.com\/avatar\/d2c45b0fd6bf2d3e2670ab3d112257c24ac80fa960360bba1bdc0676485d1d09?s=96&d=mm&r=g","contentUrl":"https:\/\/secure.gravatar.com\/avatar\/d2c45b0fd6bf2d3e2670ab3d112257c24ac80fa960360bba1bdc0676485d1d09?s=96&d=mm&r=g","caption":"SOR MARTA"},"url":"https:\/\/filles-de-la-charite.org\/fr\/author\/martaemn\/"}]}},"_links":{"self":[{"href":"https:\/\/filles-de-la-charite.org\/fr\/wp-json\/wp\/v2\/posts\/33820","targetHints":{"allow":["GET"]}}],"collection":[{"href":"https:\/\/filles-de-la-charite.org\/fr\/wp-json\/wp\/v2\/posts"}],"about":[{"href":"https:\/\/filles-de-la-charite.org\/fr\/wp-json\/wp\/v2\/types\/post"}],"author":[{"embeddable":true,"href":"https:\/\/filles-de-la-charite.org\/fr\/wp-json\/wp\/v2\/users\/5"}],"replies":[{"embeddable":true,"href":"https:\/\/filles-de-la-charite.org\/fr\/wp-json\/wp\/v2\/comments?post=33820"}],"version-history":[{"count":2,"href":"https:\/\/filles-de-la-charite.org\/fr\/wp-json\/wp\/v2\/posts\/33820\/revisions"}],"predecessor-version":[{"id":33834,"href":"https:\/\/filles-de-la-charite.org\/fr\/wp-json\/wp\/v2\/posts\/33820\/revisions\/33834"}],"wp:featuredmedia":[{"embeddable":true,"href":"https:\/\/filles-de-la-charite.org\/fr\/wp-json\/wp\/v2\/media\/33782"}],"wp:attachment":[{"href":"https:\/\/filles-de-la-charite.org\/fr\/wp-json\/wp\/v2\/media?parent=33820"}],"wp:term":[{"taxonomy":"category","embeddable":true,"href":"https:\/\/filles-de-la-charite.org\/fr\/wp-json\/wp\/v2\/categories?post=33820"},{"taxonomy":"post_tag","embeddable":true,"href":"https:\/\/filles-de-la-charite.org\/fr\/wp-json\/wp\/v2\/tags?post=33820"}],"curies":[{"name":"wp","href":"https:\/\/api.w.org\/{rel}","templated":true}]}}