{"id":33869,"date":"2023-11-01T09:40:04","date_gmt":"2023-11-01T08:40:04","guid":{"rendered":"https:\/\/hijascaridad.sjdigitaldemo.ovh\/envio-en-mision-ad-gentes\/"},"modified":"2024-03-06T09:46:19","modified_gmt":"2024-03-06T08:46:19","slug":"envio-en-mision-ad-gentes","status":"publish","type":"post","link":"https:\/\/filles-de-la-charite.org\/fr\/envio-en-mision-ad-gentes\/","title":{"rendered":"Envoi en mission Ad Gentes"},"content":{"rendered":"\n<p><em>\u00ab Je ne suis point d\u2019ici ni de l\u00e0, mais de partout o\u00f9 il plaira \u00e0 Dieu que je sois\u2026 \u00bb<\/em><\/p>\n\n\n\n<p>Ce 4 octobre, en la f\u00eate de St Fran\u00e7ois d\u2019Assise, nous avons c\u00e9l\u00e9br\u00e9, dans l\u2019action de gr\u00e2ces, l\u2019envoi en mission Ad Gentes de S\u0153ur Sonia Joao Chilave, envoy\u00e9e dans la Province Espana-Norte pour la mission de Guin\u00e9e Equatoriale, et de S\u0153ur Sabina Konopka, envoy\u00e9e dans la Province d\u2019Afrique Centrale.<\/p>\n\n\n\n<p>Les laudes durant lesquelles nous avons lou\u00e9 Dieu avec toute la cr\u00e9ation, ont pr\u00e9c\u00e9d\u00e9 l\u2019Eucharistie festive.<\/p>\n\n\n\n<figure class=\"wp-block-image size-full\"><img loading=\"lazy\" decoding=\"async\" width=\"1024\" height=\"681\" src=\"https:\/\/filles-de-la-charite.org\/wp-content\/uploads\/2024\/03\/News-11.23-Envio-mision-ad-gentes-1.jpeg\" alt=\"\" class=\"wp-image-33847\" srcset=\"https:\/\/filles-de-la-charite.org\/wp-content\/uploads\/2024\/03\/News-11.23-Envio-mision-ad-gentes-1.jpeg 1024w, https:\/\/filles-de-la-charite.org\/wp-content\/uploads\/2024\/03\/News-11.23-Envio-mision-ad-gentes-1-980x652.jpeg 980w, https:\/\/filles-de-la-charite.org\/wp-content\/uploads\/2024\/03\/News-11.23-Envio-mision-ad-gentes-1-480x319.jpeg 480w\" sizes=\"(min-width: 0px) and (max-width: 480px) 480px, (min-width: 481px) and (max-width: 980px) 980px, (min-width: 981px) 1024px, 100vw\" \/><\/figure>\n\n\n\n<p>Le chant d\u2019entr\u00e9e en polonais, centr\u00e9 sur la mission, a introduit la c\u00e9l\u00e9bration.<\/p>\n\n\n\n<p>Dans son hom\u00e9lie, le P\u00e8re Jos\u00e9 Antonio Gonzalez a soulign\u00e9, \u00e0 partir de l\u2019Evangile du jour, deux aspects importants de la suite de J\u00e9sus : la joie et le d\u00e9fi que cela suppose. Il a ensuite souhait\u00e9 \u00e0 S\u0153ur Sonia et Soeur Sabina qu\u2019elles puissent entretenir leur joie dans la certitude que c\u2019est Dieu qui les envoie et que l\u2019Esprit rallumera toujours la bont\u00e9 en leur c\u0153ur. Il les invit\u00e9es \u00e0 se risquer \u00e0 aimer les pauvres avec le m\u00eame amour que Dieu a pour elles et avec celui que le Christ a pour les pauvres ! Enfin, qu\u2019elles puissent c\u00e9l\u00e9brer la fraternit\u00e9 avec leurs S\u0153urs et \u00eatre, parmi elles, une nouvelle s\u00e8ve de tendresse et de joie missionnaire.<\/p>\n\n\n\n<p>S\u0153ur Fran\u00e7oise Petit a remis \u00e0 chacune la croix missionnaire, pr\u00e9alablement b\u00e9nie. C\u2019est toujours un moment d\u2019\u00e9motion forte pour nous toutes !<\/p>\n\n\n\n<figure class=\"wp-block-image size-full\"><img loading=\"lazy\" decoding=\"async\" width=\"1024\" height=\"681\" src=\"https:\/\/filles-de-la-charite.org\/wp-content\/uploads\/2024\/03\/News-11.23-Envio-mision-ad-gentes-3.jpeg\" alt=\"\" class=\"wp-image-33859\" srcset=\"https:\/\/filles-de-la-charite.org\/wp-content\/uploads\/2024\/03\/News-11.23-Envio-mision-ad-gentes-3.jpeg 1024w, https:\/\/filles-de-la-charite.org\/wp-content\/uploads\/2024\/03\/News-11.23-Envio-mision-ad-gentes-3-980x652.jpeg 980w, https:\/\/filles-de-la-charite.org\/wp-content\/uploads\/2024\/03\/News-11.23-Envio-mision-ad-gentes-3-480x319.jpeg 480w\" sizes=\"(min-width: 0px) and (max-width: 480px) 480px, (min-width: 481px) and (max-width: 980px) 980px, (min-width: 981px) 1024px, 100vw\" \/><\/figure>\n\n\n\n<p>Apr\u00e8s la pri\u00e8re universelle, la procession des offrandes a \u00e9galement manifest\u00e9 le sens de cet envoi :<\/p>\n\n\n\n<p>Le cierge, porteur de Lumi\u00e8re, appel \u00e0 suivre J\u00e9sus, notre vraie Lumi\u00e8re, et \u00e0 se laisser renouveler par l\u2019Esprit.<\/p>\n\n\n\n<p>Le tambour, signe de joie, appel \u00e0 la puiser \u00e0 la source de l\u2019amour et \u00e0 la communiquer.<\/p>\n\n\n\n<p>Le vin, signe de f\u00eate, appel \u00e0 regarder Marie \u00e0 Cana et \u00e0 croire en la force r\u00e9volutionnaire de la tendresse (cf. La joie de l\u2019Evangile N\u00b0 288).<\/p>\n\n\n\n<p>Le pain, n\u00e9cessaire \u00e0 la vie, appel \u00e0 partager l\u2019Evangile avec nos fr\u00e8res et s\u0153urs, avec un amour patient et respectueux, car Dieu seul donne la foi.<\/p>\n\n\n\n<figure class=\"wp-block-image size-full\"><img loading=\"lazy\" decoding=\"async\" width=\"1024\" height=\"681\" src=\"https:\/\/filles-de-la-charite.org\/wp-content\/uploads\/2024\/03\/News-11.23-Envio-mision-ad-gentes-4.jpeg\" alt=\"\" class=\"wp-image-33865\" srcset=\"https:\/\/filles-de-la-charite.org\/wp-content\/uploads\/2024\/03\/News-11.23-Envio-mision-ad-gentes-4.jpeg 1024w, https:\/\/filles-de-la-charite.org\/wp-content\/uploads\/2024\/03\/News-11.23-Envio-mision-ad-gentes-4-980x652.jpeg 980w, https:\/\/filles-de-la-charite.org\/wp-content\/uploads\/2024\/03\/News-11.23-Envio-mision-ad-gentes-4-480x319.jpeg 480w\" sizes=\"(min-width: 0px) and (max-width: 480px) 480px, (min-width: 481px) and (max-width: 980px) 980px, (min-width: 981px) 1024px, 100vw\" \/><\/figure>\n\n\n\n<p>Le chant final, en portugais \u00ab Luz de Pentecostes \u00bb \u00e9tait celui compos\u00e9 \u00e0 l\u2019occasion du quatri\u00e8me centenaire de la lumi\u00e8re de Pentec\u00f4te de Sainte Louise.<\/p>\n\n\n\n<p>En ce moment de c\u00e9l\u00e9bration joyeuse, St Vincent nous rappelle que nous ne sommes point \u00ab d\u2019ici ni de l\u00e0, mais de partout o\u00f9 il plaira \u00e0 Dieu \u00bb que nous soyons.<\/p>\n\n\n\n<p>Bon vent \u00e0 S\u0153ur Sonia et S\u0153ur Sabina<\/p>\n","protected":false},"excerpt":{"rendered":"<p>\u00ab Je ne suis point d\u2019ici ni de l\u00e0, mais de partout o\u00f9 il plaira \u00e0 Dieu que je sois\u2026 \u00bb Ce 4 octobre, en la f\u00eate de St Fran\u00e7ois d\u2019Assise, nous avons c\u00e9l\u00e9br\u00e9, dans l\u2019action de gr\u00e2ces, l\u2019envoi en mission Ad Gentes de S\u0153ur Sonia Joao Chilave, envoy\u00e9e dans la Province Espana-Norte pour la [&hellip;]<\/p>\n","protected":false},"author":5,"featured_media":33850,"comment_status":"closed","ping_status":"closed","sticky":false,"template":"","format":"standard","meta":{"_acf_changed":false,"_et_pb_use_builder":"","_et_pb_old_content":"","_et_gb_content_width":"","footnotes":"","_links_to":"","_links_to_target":""},"categories":[558],"tags":[],"class_list":["post-33869","post","type-post","status-publish","format-standard","has-post-thumbnail","hentry","category-maison-mere-fr"],"acf":[],"yoast_head":"<!-- This site is optimized with the Yoast SEO plugin v27.5 - https:\/\/yoast.com\/product\/yoast-seo-wordpress\/ -->\n<title>Envoi en mission Ad Gentes - Filles de la Charit\u00e9<\/title>\n<meta name=\"robots\" content=\"index, follow, max-snippet:-1, max-image-preview:large, max-video-preview:-1\" \/>\n<link rel=\"canonical\" href=\"https:\/\/filles-de-la-charite.org\/fr\/envio-en-mision-ad-gentes\/\" \/>\n<meta property=\"og:locale\" content=\"fr_FR\" \/>\n<meta property=\"og:type\" content=\"article\" \/>\n<meta property=\"og:title\" content=\"Envoi en mission Ad Gentes - Filles de la Charit\u00e9\" \/>\n<meta property=\"og:description\" content=\"\u00ab Je ne suis point d\u2019ici ni de l\u00e0, mais de partout o\u00f9 il plaira \u00e0 Dieu que je sois\u2026 \u00bb Ce 4 octobre, en la f\u00eate de St Fran\u00e7ois d\u2019Assise, nous avons c\u00e9l\u00e9br\u00e9, dans l\u2019action de gr\u00e2ces, l\u2019envoi en mission Ad Gentes de S\u0153ur Sonia Joao Chilave, envoy\u00e9e dans la Province Espana-Norte pour la [&hellip;]\" \/>\n<meta property=\"og:url\" content=\"https:\/\/filles-de-la-charite.org\/fr\/envio-en-mision-ad-gentes\/\" \/>\n<meta property=\"og:site_name\" content=\"Filles de la Charit\u00e9\" \/>\n<meta property=\"article:published_time\" content=\"2023-11-01T08:40:04+00:00\" \/>\n<meta property=\"article:modified_time\" content=\"2024-03-06T08:46:19+00:00\" \/>\n<meta property=\"og:image\" content=\"https:\/\/filles-de-la-charite.org\/wp-content\/uploads\/2024\/03\/News-11.23-Envio-mision-ad-gentes-2.jpeg\" \/>\n\t<meta property=\"og:image:width\" content=\"1512\" \/>\n\t<meta property=\"og:image:height\" content=\"850\" \/>\n\t<meta property=\"og:image:type\" content=\"image\/jpeg\" \/>\n<meta name=\"author\" content=\"SOR MARTA\" \/>\n<meta name=\"twitter:card\" content=\"summary_large_image\" \/>\n<meta name=\"twitter:label1\" content=\"\u00c9crit par\" \/>\n\t<meta name=\"twitter:data1\" content=\"SOR MARTA\" \/>\n\t<meta name=\"twitter:label2\" content=\"Dur\u00e9e de lecture estim\u00e9e\" \/>\n\t<meta name=\"twitter:data2\" content=\"2 minutes\" \/>\n<script type=\"application\/ld+json\" class=\"yoast-schema-graph\">{\"@context\":\"https:\\\/\\\/schema.org\",\"@graph\":[{\"@type\":\"Article\",\"@id\":\"https:\\\/\\\/filles-de-la-charite.org\\\/fr\\\/envio-en-mision-ad-gentes\\\/#article\",\"isPartOf\":{\"@id\":\"https:\\\/\\\/filles-de-la-charite.org\\\/fr\\\/envio-en-mision-ad-gentes\\\/\"},\"author\":{\"name\":\"SOR MARTA\",\"@id\":\"https:\\\/\\\/filles-de-la-charite.org\\\/fr\\\/#\\\/schema\\\/person\\\/0c922b6ca71280639858d297b3a7209f\"},\"headline\":\"Envoi en mission Ad Gentes\",\"datePublished\":\"2023-11-01T08:40:04+00:00\",\"dateModified\":\"2024-03-06T08:46:19+00:00\",\"mainEntityOfPage\":{\"@id\":\"https:\\\/\\\/filles-de-la-charite.org\\\/fr\\\/envio-en-mision-ad-gentes\\\/\"},\"wordCount\":458,\"publisher\":{\"@id\":\"https:\\\/\\\/filles-de-la-charite.org\\\/fr\\\/#organization\"},\"image\":{\"@id\":\"https:\\\/\\\/filles-de-la-charite.org\\\/fr\\\/envio-en-mision-ad-gentes\\\/#primaryimage\"},\"thumbnailUrl\":\"https:\\\/\\\/filles-de-la-charite.org\\\/wp-content\\\/uploads\\\/2024\\\/03\\\/News-11.23-Envio-mision-ad-gentes-2.jpeg\",\"articleSection\":[\"Maison-M\u00e8re\"],\"inLanguage\":\"fr-FR\"},{\"@type\":\"WebPage\",\"@id\":\"https:\\\/\\\/filles-de-la-charite.org\\\/fr\\\/envio-en-mision-ad-gentes\\\/\",\"url\":\"https:\\\/\\\/filles-de-la-charite.org\\\/fr\\\/envio-en-mision-ad-gentes\\\/\",\"name\":\"Envoi en mission Ad Gentes - Filles de la Charit\u00e9\",\"isPartOf\":{\"@id\":\"https:\\\/\\\/filles-de-la-charite.org\\\/fr\\\/#website\"},\"primaryImageOfPage\":{\"@id\":\"https:\\\/\\\/filles-de-la-charite.org\\\/fr\\\/envio-en-mision-ad-gentes\\\/#primaryimage\"},\"image\":{\"@id\":\"https:\\\/\\\/filles-de-la-charite.org\\\/fr\\\/envio-en-mision-ad-gentes\\\/#primaryimage\"},\"thumbnailUrl\":\"https:\\\/\\\/filles-de-la-charite.org\\\/wp-content\\\/uploads\\\/2024\\\/03\\\/News-11.23-Envio-mision-ad-gentes-2.jpeg\",\"datePublished\":\"2023-11-01T08:40:04+00:00\",\"dateModified\":\"2024-03-06T08:46:19+00:00\",\"breadcrumb\":{\"@id\":\"https:\\\/\\\/filles-de-la-charite.org\\\/fr\\\/envio-en-mision-ad-gentes\\\/#breadcrumb\"},\"inLanguage\":\"fr-FR\",\"potentialAction\":[{\"@type\":\"ReadAction\",\"target\":[\"https:\\\/\\\/filles-de-la-charite.org\\\/fr\\\/envio-en-mision-ad-gentes\\\/\"]}]},{\"@type\":\"ImageObject\",\"inLanguage\":\"fr-FR\",\"@id\":\"https:\\\/\\\/filles-de-la-charite.org\\\/fr\\\/envio-en-mision-ad-gentes\\\/#primaryimage\",\"url\":\"https:\\\/\\\/filles-de-la-charite.org\\\/wp-content\\\/uploads\\\/2024\\\/03\\\/News-11.23-Envio-mision-ad-gentes-2.jpeg\",\"contentUrl\":\"https:\\\/\\\/filles-de-la-charite.org\\\/wp-content\\\/uploads\\\/2024\\\/03\\\/News-11.23-Envio-mision-ad-gentes-2.jpeg\",\"width\":1512,\"height\":850},{\"@type\":\"BreadcrumbList\",\"@id\":\"https:\\\/\\\/filles-de-la-charite.org\\\/fr\\\/envio-en-mision-ad-gentes\\\/#breadcrumb\",\"itemListElement\":[{\"@type\":\"ListItem\",\"position\":1,\"name\":\"Maison-M\u00e8re\",\"item\":\"https:\\\/\\\/filles-de-la-charite.org\\\/fr\\\/category\\\/maison-mere-fr\\\/\"},{\"@type\":\"ListItem\",\"position\":2,\"name\":\"Envoi en mission Ad Gentes\"}]},{\"@type\":\"WebSite\",\"@id\":\"https:\\\/\\\/filles-de-la-charite.org\\\/fr\\\/#website\",\"url\":\"https:\\\/\\\/filles-de-la-charite.org\\\/fr\\\/\",\"name\":\"Hijas de la Caridad\",\"description\":\"L\u2019amour de J\u00e9sus nous presse \u00e0 prendre soin des personnes les plus d\u00e9munies\",\"publisher\":{\"@id\":\"https:\\\/\\\/filles-de-la-charite.org\\\/fr\\\/#organization\"},\"potentialAction\":[{\"@type\":\"SearchAction\",\"target\":{\"@type\":\"EntryPoint\",\"urlTemplate\":\"https:\\\/\\\/filles-de-la-charite.org\\\/fr\\\/?s={search_term_string}\"},\"query-input\":{\"@type\":\"PropertyValueSpecification\",\"valueRequired\":true,\"valueName\":\"search_term_string\"}}],\"inLanguage\":\"fr-FR\"},{\"@type\":\"Organization\",\"@id\":\"https:\\\/\\\/filles-de-la-charite.org\\\/fr\\\/#organization\",\"name\":\"Hijas de la Caridad\",\"url\":\"https:\\\/\\\/filles-de-la-charite.org\\\/fr\\\/\",\"logo\":{\"@type\":\"ImageObject\",\"inLanguage\":\"fr-FR\",\"@id\":\"https:\\\/\\\/filles-de-la-charite.org\\\/fr\\\/#\\\/schema\\\/logo\\\/image\\\/\",\"url\":\"https:\\\/\\\/filles-de-la-charite.org\\\/wp-content\\\/uploads\\\/2023\\\/03\\\/isotipo-Hijas-de-la-Caridad.png\",\"contentUrl\":\"https:\\\/\\\/filles-de-la-charite.org\\\/wp-content\\\/uploads\\\/2023\\\/03\\\/isotipo-Hijas-de-la-Caridad.png\",\"width\":1417,\"height\":1417,\"caption\":\"Hijas de la Caridad\"},\"image\":{\"@id\":\"https:\\\/\\\/filles-de-la-charite.org\\\/fr\\\/#\\\/schema\\\/logo\\\/image\\\/\"}},{\"@type\":\"Person\",\"@id\":\"https:\\\/\\\/filles-de-la-charite.org\\\/fr\\\/#\\\/schema\\\/person\\\/0c922b6ca71280639858d297b3a7209f\",\"name\":\"SOR MARTA\",\"image\":{\"@type\":\"ImageObject\",\"inLanguage\":\"fr-FR\",\"@id\":\"https:\\\/\\\/secure.gravatar.com\\\/avatar\\\/d2c45b0fd6bf2d3e2670ab3d112257c24ac80fa960360bba1bdc0676485d1d09?s=96&d=mm&r=g\",\"url\":\"https:\\\/\\\/secure.gravatar.com\\\/avatar\\\/d2c45b0fd6bf2d3e2670ab3d112257c24ac80fa960360bba1bdc0676485d1d09?s=96&d=mm&r=g\",\"contentUrl\":\"https:\\\/\\\/secure.gravatar.com\\\/avatar\\\/d2c45b0fd6bf2d3e2670ab3d112257c24ac80fa960360bba1bdc0676485d1d09?s=96&d=mm&r=g\",\"caption\":\"SOR MARTA\"},\"url\":\"https:\\\/\\\/filles-de-la-charite.org\\\/fr\\\/author\\\/martaemn\\\/\"}]}<\/script>\n<!-- \/ Yoast SEO plugin. -->","yoast_head_json":{"title":"Envoi en mission Ad Gentes - Filles de la Charit\u00e9","robots":{"index":"index","follow":"follow","max-snippet":"max-snippet:-1","max-image-preview":"max-image-preview:large","max-video-preview":"max-video-preview:-1"},"canonical":"https:\/\/filles-de-la-charite.org\/fr\/envio-en-mision-ad-gentes\/","og_locale":"fr_FR","og_type":"article","og_title":"Envoi en mission Ad Gentes - Filles de la Charit\u00e9","og_description":"\u00ab Je ne suis point d\u2019ici ni de l\u00e0, mais de partout o\u00f9 il plaira \u00e0 Dieu que je sois\u2026 \u00bb Ce 4 octobre, en la f\u00eate de St Fran\u00e7ois d\u2019Assise, nous avons c\u00e9l\u00e9br\u00e9, dans l\u2019action de gr\u00e2ces, l\u2019envoi en mission Ad Gentes de S\u0153ur Sonia Joao Chilave, envoy\u00e9e dans la Province Espana-Norte pour la [&hellip;]","og_url":"https:\/\/filles-de-la-charite.org\/fr\/envio-en-mision-ad-gentes\/","og_site_name":"Filles de la Charit\u00e9","article_published_time":"2023-11-01T08:40:04+00:00","article_modified_time":"2024-03-06T08:46:19+00:00","og_image":[{"width":1512,"height":850,"url":"https:\/\/filles-de-la-charite.org\/wp-content\/uploads\/2024\/03\/News-11.23-Envio-mision-ad-gentes-2.jpeg","type":"image\/jpeg"}],"author":"SOR MARTA","twitter_card":"summary_large_image","twitter_misc":{"\u00c9crit par":"SOR MARTA","Dur\u00e9e de lecture estim\u00e9e":"2 minutes"},"schema":{"@context":"https:\/\/schema.org","@graph":[{"@type":"Article","@id":"https:\/\/filles-de-la-charite.org\/fr\/envio-en-mision-ad-gentes\/#article","isPartOf":{"@id":"https:\/\/filles-de-la-charite.org\/fr\/envio-en-mision-ad-gentes\/"},"author":{"name":"SOR MARTA","@id":"https:\/\/filles-de-la-charite.org\/fr\/#\/schema\/person\/0c922b6ca71280639858d297b3a7209f"},"headline":"Envoi en mission Ad Gentes","datePublished":"2023-11-01T08:40:04+00:00","dateModified":"2024-03-06T08:46:19+00:00","mainEntityOfPage":{"@id":"https:\/\/filles-de-la-charite.org\/fr\/envio-en-mision-ad-gentes\/"},"wordCount":458,"publisher":{"@id":"https:\/\/filles-de-la-charite.org\/fr\/#organization"},"image":{"@id":"https:\/\/filles-de-la-charite.org\/fr\/envio-en-mision-ad-gentes\/#primaryimage"},"thumbnailUrl":"https:\/\/filles-de-la-charite.org\/wp-content\/uploads\/2024\/03\/News-11.23-Envio-mision-ad-gentes-2.jpeg","articleSection":["Maison-M\u00e8re"],"inLanguage":"fr-FR"},{"@type":"WebPage","@id":"https:\/\/filles-de-la-charite.org\/fr\/envio-en-mision-ad-gentes\/","url":"https:\/\/filles-de-la-charite.org\/fr\/envio-en-mision-ad-gentes\/","name":"Envoi en mission Ad Gentes - Filles de la Charit\u00e9","isPartOf":{"@id":"https:\/\/filles-de-la-charite.org\/fr\/#website"},"primaryImageOfPage":{"@id":"https:\/\/filles-de-la-charite.org\/fr\/envio-en-mision-ad-gentes\/#primaryimage"},"image":{"@id":"https:\/\/filles-de-la-charite.org\/fr\/envio-en-mision-ad-gentes\/#primaryimage"},"thumbnailUrl":"https:\/\/filles-de-la-charite.org\/wp-content\/uploads\/2024\/03\/News-11.23-Envio-mision-ad-gentes-2.jpeg","datePublished":"2023-11-01T08:40:04+00:00","dateModified":"2024-03-06T08:46:19+00:00","breadcrumb":{"@id":"https:\/\/filles-de-la-charite.org\/fr\/envio-en-mision-ad-gentes\/#breadcrumb"},"inLanguage":"fr-FR","potentialAction":[{"@type":"ReadAction","target":["https:\/\/filles-de-la-charite.org\/fr\/envio-en-mision-ad-gentes\/"]}]},{"@type":"ImageObject","inLanguage":"fr-FR","@id":"https:\/\/filles-de-la-charite.org\/fr\/envio-en-mision-ad-gentes\/#primaryimage","url":"https:\/\/filles-de-la-charite.org\/wp-content\/uploads\/2024\/03\/News-11.23-Envio-mision-ad-gentes-2.jpeg","contentUrl":"https:\/\/filles-de-la-charite.org\/wp-content\/uploads\/2024\/03\/News-11.23-Envio-mision-ad-gentes-2.jpeg","width":1512,"height":850},{"@type":"BreadcrumbList","@id":"https:\/\/filles-de-la-charite.org\/fr\/envio-en-mision-ad-gentes\/#breadcrumb","itemListElement":[{"@type":"ListItem","position":1,"name":"Maison-M\u00e8re","item":"https:\/\/filles-de-la-charite.org\/fr\/category\/maison-mere-fr\/"},{"@type":"ListItem","position":2,"name":"Envoi en mission Ad Gentes"}]},{"@type":"WebSite","@id":"https:\/\/filles-de-la-charite.org\/fr\/#website","url":"https:\/\/filles-de-la-charite.org\/fr\/","name":"Hijas de la Caridad","description":"L\u2019amour de J\u00e9sus nous presse \u00e0 prendre soin des personnes les plus d\u00e9munies","publisher":{"@id":"https:\/\/filles-de-la-charite.org\/fr\/#organization"},"potentialAction":[{"@type":"SearchAction","target":{"@type":"EntryPoint","urlTemplate":"https:\/\/filles-de-la-charite.org\/fr\/?s={search_term_string}"},"query-input":{"@type":"PropertyValueSpecification","valueRequired":true,"valueName":"search_term_string"}}],"inLanguage":"fr-FR"},{"@type":"Organization","@id":"https:\/\/filles-de-la-charite.org\/fr\/#organization","name":"Hijas de la Caridad","url":"https:\/\/filles-de-la-charite.org\/fr\/","logo":{"@type":"ImageObject","inLanguage":"fr-FR","@id":"https:\/\/filles-de-la-charite.org\/fr\/#\/schema\/logo\/image\/","url":"https:\/\/filles-de-la-charite.org\/wp-content\/uploads\/2023\/03\/isotipo-Hijas-de-la-Caridad.png","contentUrl":"https:\/\/filles-de-la-charite.org\/wp-content\/uploads\/2023\/03\/isotipo-Hijas-de-la-Caridad.png","width":1417,"height":1417,"caption":"Hijas de la Caridad"},"image":{"@id":"https:\/\/filles-de-la-charite.org\/fr\/#\/schema\/logo\/image\/"}},{"@type":"Person","@id":"https:\/\/filles-de-la-charite.org\/fr\/#\/schema\/person\/0c922b6ca71280639858d297b3a7209f","name":"SOR MARTA","image":{"@type":"ImageObject","inLanguage":"fr-FR","@id":"https:\/\/secure.gravatar.com\/avatar\/d2c45b0fd6bf2d3e2670ab3d112257c24ac80fa960360bba1bdc0676485d1d09?s=96&d=mm&r=g","url":"https:\/\/secure.gravatar.com\/avatar\/d2c45b0fd6bf2d3e2670ab3d112257c24ac80fa960360bba1bdc0676485d1d09?s=96&d=mm&r=g","contentUrl":"https:\/\/secure.gravatar.com\/avatar\/d2c45b0fd6bf2d3e2670ab3d112257c24ac80fa960360bba1bdc0676485d1d09?s=96&d=mm&r=g","caption":"SOR MARTA"},"url":"https:\/\/filles-de-la-charite.org\/fr\/author\/martaemn\/"}]}},"_links":{"self":[{"href":"https:\/\/filles-de-la-charite.org\/fr\/wp-json\/wp\/v2\/posts\/33869","targetHints":{"allow":["GET"]}}],"collection":[{"href":"https:\/\/filles-de-la-charite.org\/fr\/wp-json\/wp\/v2\/posts"}],"about":[{"href":"https:\/\/filles-de-la-charite.org\/fr\/wp-json\/wp\/v2\/types\/post"}],"author":[{"embeddable":true,"href":"https:\/\/filles-de-la-charite.org\/fr\/wp-json\/wp\/v2\/users\/5"}],"replies":[{"embeddable":true,"href":"https:\/\/filles-de-la-charite.org\/fr\/wp-json\/wp\/v2\/comments?post=33869"}],"version-history":[{"count":1,"href":"https:\/\/filles-de-la-charite.org\/fr\/wp-json\/wp\/v2\/posts\/33869\/revisions"}],"predecessor-version":[{"id":33874,"href":"https:\/\/filles-de-la-charite.org\/fr\/wp-json\/wp\/v2\/posts\/33869\/revisions\/33874"}],"wp:featuredmedia":[{"embeddable":true,"href":"https:\/\/filles-de-la-charite.org\/fr\/wp-json\/wp\/v2\/media\/33850"}],"wp:attachment":[{"href":"https:\/\/filles-de-la-charite.org\/fr\/wp-json\/wp\/v2\/media?parent=33869"}],"wp:term":[{"taxonomy":"category","embeddable":true,"href":"https:\/\/filles-de-la-charite.org\/fr\/wp-json\/wp\/v2\/categories?post=33869"},{"taxonomy":"post_tag","embeddable":true,"href":"https:\/\/filles-de-la-charite.org\/fr\/wp-json\/wp\/v2\/tags?post=33869"}],"curies":[{"name":"wp","href":"https:\/\/api.w.org\/{rel}","templated":true}]}}