{"id":33996,"date":"2023-11-13T09:55:13","date_gmt":"2023-11-13T08:55:13","guid":{"rendered":"https:\/\/hijascaridad.sjdigitaldemo.ovh\/visita-de-la-superiora-general-a-la-provincia-del-caribe\/"},"modified":"2024-03-06T10:01:58","modified_gmt":"2024-03-06T09:01:58","slug":"visita-de-la-superiora-general-a-la-provincia-del-caribe","status":"publish","type":"post","link":"https:\/\/filles-de-la-charite.org\/fr\/visita-de-la-superiora-general-a-la-provincia-del-caribe\/","title":{"rendered":"Visite de la Sup\u00e9rieure G\u00e9n\u00e9rale \u00e0 la Province des Cara\u00efbes"},"content":{"rendered":"\n<figure class=\"wp-block-image alignleft size-large\"><img loading=\"lazy\" decoding=\"async\" width=\"1024\" height=\"768\" src=\"https:\/\/filles-de-la-charite.org\/wp-content\/uploads\/2024\/03\/News-11.23-visita-Caribe-11-1024x768.jpg\" alt=\"\" class=\"wp-image-33932\" srcset=\"https:\/\/filles-de-la-charite.org\/wp-content\/uploads\/2024\/03\/News-11.23-visita-Caribe-11-980x735.jpg 980w, https:\/\/filles-de-la-charite.org\/wp-content\/uploads\/2024\/03\/News-11.23-visita-Caribe-11-480x360.jpg 480w\" sizes=\"(min-width: 0px) and (max-width: 480px) 480px, (min-width: 481px) and (max-width: 980px) 980px, (min-width: 981px) 1024px, 100vw\" \/><\/figure>\n\n\n\n<p>Le 12 octobre, f\u00eate de Notre Dame du Pilier, nous avons eu la joie d\u2019accueillir notre Sup\u00e9rieure G\u00e9n\u00e9rale, S\u0153ur Fran\u00e7oise PETIT et S\u0153ur Alicia Margarita CORT\u00c9S, Conseill\u00e8re G\u00e9n\u00e9rale pour l\u2019Am\u00e9rique Latine, en visite dans notre Province des Cara\u00efbes en cette ann\u00e9e du dixi\u00e8me anniversaire de sa fondation. Elles ont \u00e9t\u00e9 accueillies avec joie \u00e0 la maison provinciale par les s\u0153urs de la communaut\u00e9 et d\u2019autres maisons voisines.<\/p>\n\n\n\n<figure class=\"wp-block-image size-full\"><img loading=\"lazy\" decoding=\"async\" width=\"768\" height=\"1024\" src=\"https:\/\/filles-de-la-charite.org\/wp-content\/uploads\/2024\/03\/News-11.23-visita-Caribe-8.jpg\" alt=\"\" class=\"wp-image-33920\" srcset=\"https:\/\/filles-de-la-charite.org\/wp-content\/uploads\/2024\/03\/News-11.23-visita-Caribe-8.jpg 768w, https:\/\/filles-de-la-charite.org\/wp-content\/uploads\/2024\/03\/News-11.23-visita-Caribe-8-480x640.jpg 480w\" sizes=\"(min-width: 0px) and (max-width: 480px) 480px, (min-width: 481px) 768px, 100vw\" \/><\/figure>\n\n\n\n<p>Pendant leur s\u00e9jour, S\u0153ur Fran\u00e7oise et S\u0153ur Alicia Margarita ont visit\u00e9 quelques communaut\u00e9s en R\u00e9publique Dominicaine et \u00e0 Cuba, \u00e9coutant les s\u0153urs, les collaborateurs et quelques b\u00e9n\u00e9ficiaires partager leur vie, leurs espoirs et leurs difficult\u00e9s.<\/p>\n\n\n\n<p>Gr\u00e2ce \u00e0 la technologie, elles ont \u00e9galement pu rencontrer les s\u0153urs de Porto Rico, Miami et Ha\u00efti qui se sont r\u00e9jouies de les recevoir, de les \u00e9couter et d\u2019\u00e9changer sur la vie quotidienne dans les diff\u00e9rentes missions, les joies et les d\u00e9fis.<\/p>\n\n\n\n<p>Au cours de la visite, S\u0153ur Fran\u00e7oise et S\u0153ur Alicia Margarita ont rencontr\u00e9 des S\u0153urs de 4 \u00e0 25 ans de vocation. Elles ont exprim\u00e9 leurs pr\u00e9occupations, leurs d\u00e9sirs et leurs r\u00eaves pour la Compagnie d\u2019aujourd\u2019hui et de demain. S\u0153ur Fran\u00e7oise les a invit\u00e9es \u00e0 \u00eatre lumi\u00e8re au milieu de tant de t\u00e9n\u00e8bres qui nous entourent dans le monde d\u2019aujourd\u2019hui.<\/p>\n\n\n\n<p>Lors des rencontres avec les S\u0153urs, elle nous a exhort\u00e9es \u00e0 vivre la vie fraternelle comme un signe proph\u00e9tique d\u2019unit\u00e9 dans la diversit\u00e9. Elle nous a invit\u00e9es \u00e0 prendre soin des temps et des espaces communautaires, en cr\u00e9ant des temps et des lieux de paix et de communion pour nous-m\u00eames et pour les autres. S\u0153ur Fran\u00e7oise a \u00e9galement partag\u00e9 avec nous quelques nouvelles de la vie des S\u0153urs dans diff\u00e9rents pays, r\u00e9pondant en particulier \u00e0 notre int\u00e9r\u00eat pour les S\u0153urs dans les lieux de conflit.<\/p>\n\n\n\n<p>Dans les communaut\u00e9s qu\u2019elles ont visit\u00e9es, S\u0153ur Fran\u00e7oise et S\u0153ur Alicia Margarita ont appr\u00e9ci\u00e9 la richesse culturelle de nos peuples exprim\u00e9e par des danses, des chants et des po\u00e8mes, pr\u00e9sent\u00e9s par les enfants, les jeunes et les personnes \u00e2g\u00e9es, ainsi que par des artistes locaux.<\/p>\n\n\n\n<figure class=\"wp-block-image size-full\"><img loading=\"lazy\" decoding=\"async\" width=\"1024\" height=\"768\" src=\"https:\/\/filles-de-la-charite.org\/wp-content\/uploads\/2024\/03\/News-11.23-visita-Caribe-19.jpg\" alt=\"\" class=\"wp-image-33974\" srcset=\"https:\/\/filles-de-la-charite.org\/wp-content\/uploads\/2024\/03\/News-11.23-visita-Caribe-19.jpg 1024w, https:\/\/filles-de-la-charite.org\/wp-content\/uploads\/2024\/03\/News-11.23-visita-Caribe-19-980x735.jpg 980w, https:\/\/filles-de-la-charite.org\/wp-content\/uploads\/2024\/03\/News-11.23-visita-Caribe-19-480x360.jpg 480w\" sizes=\"(min-width: 0px) and (max-width: 480px) 480px, (min-width: 481px) and (max-width: 980px) 980px, (min-width: 981px) 1024px, 100vw\" \/><\/figure>\n\n\n\n<p>Nous remercions Dieu pour ce moment de gr\u00e2ce pour notre Province en ce 400e anniversaire de la Lumi\u00e8re de la Pentec\u00f4te, pour le don d\u2019avoir S\u0153ur Fran\u00e7oise et S\u0153ur Alicia Margarita parmi nous pour animer et renouveler notre esprit et notre charisme pour une nouvelle Pentec\u00f4te dans ces terres des Cara\u00efbes.<\/p>\n\n\n\n<p><\/p>\n\n\n\n<p><\/p>\n\n\n\n<figure class=\"wp-block-gallery has-nested-images columns-default is-cropped wp-block-gallery-1 is-layout-flex wp-block-gallery-is-layout-flex\">\n<figure class=\"wp-block-image size-large\"><a href=\"https:\/\/filles-de-la-charite.org\/wp-content\/uploads\/2024\/03\/News-11.23-visita-Caribe-17.jpg\" target=\"_blank\" rel=\"noopener\" data-rel=\"lightbox-image-0\" data-rl_title=\"\" data-rl_caption=\"\" title=\"\"><img loading=\"lazy\" decoding=\"async\" width=\"1024\" height=\"768\" data-id=\"33962\" src=\"https:\/\/filles-de-la-charite.org\/wp-content\/uploads\/2024\/03\/News-11.23-visita-Caribe-17.jpg\" alt=\"\" class=\"wp-image-33962\" srcset=\"https:\/\/filles-de-la-charite.org\/wp-content\/uploads\/2024\/03\/News-11.23-visita-Caribe-17.jpg 1024w, https:\/\/filles-de-la-charite.org\/wp-content\/uploads\/2024\/03\/News-11.23-visita-Caribe-17-980x735.jpg 980w, https:\/\/filles-de-la-charite.org\/wp-content\/uploads\/2024\/03\/News-11.23-visita-Caribe-17-480x360.jpg 480w\" sizes=\"(min-width: 0px) and (max-width: 480px) 480px, (min-width: 481px) and (max-width: 980px) 980px, (min-width: 981px) 1024px, 100vw\" \/><\/a><\/figure>\n\n\n\n<figure class=\"wp-block-image size-large\"><a href=\"https:\/\/filles-de-la-charite.org\/wp-content\/uploads\/2024\/03\/News-11.23-visita-Caribe-1.jpg\" target=\"_blank\" rel=\"noopener\" data-rel=\"lightbox-image-1\" data-rl_title=\"\" data-rl_caption=\"\" title=\"\"><img loading=\"lazy\" decoding=\"async\" width=\"1024\" height=\"768\" data-id=\"33986\" src=\"https:\/\/filles-de-la-charite.org\/wp-content\/uploads\/2024\/03\/News-11.23-visita-Caribe-1.jpg\" alt=\"\" class=\"wp-image-33986\" srcset=\"https:\/\/filles-de-la-charite.org\/wp-content\/uploads\/2024\/03\/News-11.23-visita-Caribe-1.jpg 1024w, https:\/\/filles-de-la-charite.org\/wp-content\/uploads\/2024\/03\/News-11.23-visita-Caribe-1-980x735.jpg 980w, https:\/\/filles-de-la-charite.org\/wp-content\/uploads\/2024\/03\/News-11.23-visita-Caribe-1-480x360.jpg 480w\" sizes=\"(min-width: 0px) and (max-width: 480px) 480px, (min-width: 481px) and (max-width: 980px) 980px, (min-width: 981px) 1024px, 100vw\" \/><\/a><\/figure>\n\n\n\n<figure class=\"wp-block-image size-large\"><a href=\"https:\/\/filles-de-la-charite.org\/wp-content\/uploads\/2024\/03\/News-11.23-visita-Caribe-20.jpg\" target=\"_blank\" rel=\"noopener\" data-rel=\"lightbox-image-2\" data-rl_title=\"\" data-rl_caption=\"\" title=\"\"><img loading=\"lazy\" decoding=\"async\" width=\"1024\" height=\"768\" data-id=\"33980\" src=\"https:\/\/filles-de-la-charite.org\/wp-content\/uploads\/2024\/03\/News-11.23-visita-Caribe-20.jpg\" alt=\"\" class=\"wp-image-33980\" srcset=\"https:\/\/filles-de-la-charite.org\/wp-content\/uploads\/2024\/03\/News-11.23-visita-Caribe-20.jpg 1024w, https:\/\/filles-de-la-charite.org\/wp-content\/uploads\/2024\/03\/News-11.23-visita-Caribe-20-980x735.jpg 980w, https:\/\/filles-de-la-charite.org\/wp-content\/uploads\/2024\/03\/News-11.23-visita-Caribe-20-480x360.jpg 480w\" sizes=\"(min-width: 0px) and (max-width: 480px) 480px, (min-width: 481px) and (max-width: 980px) 980px, (min-width: 981px) 1024px, 100vw\" \/><\/a><\/figure>\n\n\n\n<figure class=\"wp-block-image size-large\"><a href=\"https:\/\/filles-de-la-charite.org\/wp-content\/uploads\/2024\/03\/News-11.23-visita-Caribe-16.jpg\" target=\"_blank\" rel=\"noopener\" data-rel=\"lightbox-image-3\" data-rl_title=\"\" data-rl_caption=\"\" title=\"\"><img loading=\"lazy\" decoding=\"async\" width=\"1024\" height=\"768\" data-id=\"33956\" src=\"https:\/\/filles-de-la-charite.org\/wp-content\/uploads\/2024\/03\/News-11.23-visita-Caribe-16.jpg\" alt=\"\" class=\"wp-image-33956\" srcset=\"https:\/\/filles-de-la-charite.org\/wp-content\/uploads\/2024\/03\/News-11.23-visita-Caribe-16.jpg 1024w, https:\/\/filles-de-la-charite.org\/wp-content\/uploads\/2024\/03\/News-11.23-visita-Caribe-16-980x735.jpg 980w, https:\/\/filles-de-la-charite.org\/wp-content\/uploads\/2024\/03\/News-11.23-visita-Caribe-16-480x360.jpg 480w\" sizes=\"(min-width: 0px) and (max-width: 480px) 480px, (min-width: 481px) and (max-width: 980px) 980px, (min-width: 981px) 1024px, 100vw\" \/><\/a><\/figure>\n\n\n\n<figure class=\"wp-block-image size-large\"><a href=\"https:\/\/filles-de-la-charite.org\/wp-content\/uploads\/2024\/03\/News-11.23-visita-Caribe-18.jpg\" target=\"_blank\" rel=\"noopener\" data-rel=\"lightbox-image-4\" data-rl_title=\"\" data-rl_caption=\"\" title=\"\"><img loading=\"lazy\" decoding=\"async\" width=\"768\" height=\"1024\" data-id=\"33968\" src=\"https:\/\/filles-de-la-charite.org\/wp-content\/uploads\/2024\/03\/News-11.23-visita-Caribe-18.jpg\" alt=\"\" class=\"wp-image-33968\" srcset=\"https:\/\/filles-de-la-charite.org\/wp-content\/uploads\/2024\/03\/News-11.23-visita-Caribe-18.jpg 768w, https:\/\/filles-de-la-charite.org\/wp-content\/uploads\/2024\/03\/News-11.23-visita-Caribe-18-480x640.jpg 480w\" sizes=\"(min-width: 0px) and (max-width: 480px) 480px, (min-width: 481px) 768px, 100vw\" \/><\/a><\/figure>\n\n\n\n<figure class=\"wp-block-image size-large\"><a href=\"https:\/\/filles-de-la-charite.org\/wp-content\/uploads\/2024\/03\/News-11.23-visita-Caribe-15.jpg\" target=\"_blank\" rel=\"noopener\" data-rel=\"lightbox-image-5\" data-rl_title=\"\" data-rl_caption=\"\" title=\"\"><img loading=\"lazy\" decoding=\"async\" width=\"1024\" height=\"768\" data-id=\"33950\" src=\"https:\/\/filles-de-la-charite.org\/wp-content\/uploads\/2024\/03\/News-11.23-visita-Caribe-15.jpg\" alt=\"\" class=\"wp-image-33950\" srcset=\"https:\/\/filles-de-la-charite.org\/wp-content\/uploads\/2024\/03\/News-11.23-visita-Caribe-15.jpg 1024w, https:\/\/filles-de-la-charite.org\/wp-content\/uploads\/2024\/03\/News-11.23-visita-Caribe-15-980x735.jpg 980w, https:\/\/filles-de-la-charite.org\/wp-content\/uploads\/2024\/03\/News-11.23-visita-Caribe-15-480x360.jpg 480w\" sizes=\"(min-width: 0px) and (max-width: 480px) 480px, (min-width: 481px) and (max-width: 980px) 980px, (min-width: 981px) 1024px, 100vw\" \/><\/a><\/figure>\n\n\n\n<figure class=\"wp-block-image size-large\"><a href=\"https:\/\/filles-de-la-charite.org\/wp-content\/uploads\/2024\/03\/News-11.23-visita-Caribe-14.jpg\" target=\"_blank\" rel=\"noopener\" data-rel=\"lightbox-image-6\" data-rl_title=\"\" data-rl_caption=\"\" title=\"\"><img loading=\"lazy\" decoding=\"async\" width=\"1000\" height=\"750\" data-id=\"33944\" src=\"https:\/\/filles-de-la-charite.org\/wp-content\/uploads\/2024\/03\/News-11.23-visita-Caribe-14.jpg\" alt=\"\" class=\"wp-image-33944\" srcset=\"https:\/\/filles-de-la-charite.org\/wp-content\/uploads\/2024\/03\/News-11.23-visita-Caribe-14.jpg 1000w, https:\/\/filles-de-la-charite.org\/wp-content\/uploads\/2024\/03\/News-11.23-visita-Caribe-14-980x735.jpg 980w, https:\/\/filles-de-la-charite.org\/wp-content\/uploads\/2024\/03\/News-11.23-visita-Caribe-14-480x360.jpg 480w\" sizes=\"(min-width: 0px) and (max-width: 480px) 480px, (min-width: 481px) and (max-width: 980px) 980px, (min-width: 981px) 1000px, 100vw\" \/><\/a><\/figure>\n\n\n\n<figure class=\"wp-block-image size-large\"><a href=\"https:\/\/filles-de-la-charite.org\/wp-content\/uploads\/2024\/03\/News-11.23-visita-Caribe-13.jpg\" target=\"_blank\" rel=\"noopener\" data-rel=\"lightbox-image-7\" data-rl_title=\"\" data-rl_caption=\"\" title=\"\"><img loading=\"lazy\" decoding=\"async\" width=\"1020\" height=\"768\" data-id=\"33938\" src=\"https:\/\/filles-de-la-charite.org\/wp-content\/uploads\/2024\/03\/News-11.23-visita-Caribe-13.jpg\" alt=\"\" class=\"wp-image-33938\" srcset=\"https:\/\/filles-de-la-charite.org\/wp-content\/uploads\/2024\/03\/News-11.23-visita-Caribe-13.jpg 1020w, https:\/\/filles-de-la-charite.org\/wp-content\/uploads\/2024\/03\/News-11.23-visita-Caribe-13-980x738.jpg 980w, https:\/\/filles-de-la-charite.org\/wp-content\/uploads\/2024\/03\/News-11.23-visita-Caribe-13-480x361.jpg 480w\" sizes=\"(min-width: 0px) and (max-width: 480px) 480px, (min-width: 481px) and (max-width: 980px) 980px, (min-width: 981px) 1020px, 100vw\" \/><\/a><\/figure>\n\n\n\n<figure class=\"wp-block-image size-large\"><a href=\"https:\/\/filles-de-la-charite.org\/wp-content\/uploads\/2024\/03\/News-11.23-visita-Caribe-10-1024x768.jpg\" target=\"_blank\" rel=\"noopener\" data-rel=\"lightbox-image-8\" data-rl_title=\"\" data-rl_caption=\"\" title=\"\"><img loading=\"lazy\" decoding=\"async\" width=\"1024\" height=\"768\" data-id=\"33926\" src=\"https:\/\/filles-de-la-charite.org\/wp-content\/uploads\/2024\/03\/News-11.23-visita-Caribe-10-1024x768.jpg\" alt=\"\" class=\"wp-image-33926\" srcset=\"https:\/\/filles-de-la-charite.org\/wp-content\/uploads\/2024\/03\/News-11.23-visita-Caribe-10-980x735.jpg 980w, https:\/\/filles-de-la-charite.org\/wp-content\/uploads\/2024\/03\/News-11.23-visita-Caribe-10-480x360.jpg 480w\" sizes=\"(min-width: 0px) and (max-width: 480px) 480px, (min-width: 481px) and (max-width: 980px) 980px, (min-width: 981px) 1024px, 100vw\" \/><\/a><\/figure>\n\n\n\n<figure class=\"wp-block-image size-large\"><a href=\"https:\/\/filles-de-la-charite.org\/wp-content\/uploads\/2024\/03\/News-11.23-visita-Caribe-7-497x1024.jpg\" target=\"_blank\" rel=\"noopener\" data-rel=\"lightbox-image-9\" data-rl_title=\"\" data-rl_caption=\"\" title=\"\"><img loading=\"lazy\" decoding=\"async\" width=\"497\" height=\"1024\" data-id=\"33914\" src=\"https:\/\/filles-de-la-charite.org\/wp-content\/uploads\/2024\/03\/News-11.23-visita-Caribe-7-497x1024.jpg\" alt=\"\" class=\"wp-image-33914\" srcset=\"https:\/\/filles-de-la-charite.org\/wp-content\/uploads\/2024\/03\/News-11.23-visita-Caribe-7-497x1024.jpg 497w, https:\/\/filles-de-la-charite.org\/wp-content\/uploads\/2024\/03\/News-11.23-visita-Caribe-7-480x989.jpg 480w\" sizes=\"(min-width: 0px) and (max-width: 480px) 480px, (min-width: 481px) 497px, 100vw\" \/><\/a><\/figure>\n\n\n\n<figure class=\"wp-block-image size-large\"><a href=\"https:\/\/filles-de-la-charite.org\/wp-content\/uploads\/2024\/03\/News-11.23-visita-Caribe-5.jpg\" target=\"_blank\" rel=\"noopener\" data-rel=\"lightbox-image-10\" data-rl_title=\"\" data-rl_caption=\"\" title=\"\"><img loading=\"lazy\" decoding=\"async\" width=\"1000\" height=\"750\" data-id=\"33902\" src=\"https:\/\/filles-de-la-charite.org\/wp-content\/uploads\/2024\/03\/News-11.23-visita-Caribe-5.jpg\" alt=\"\" class=\"wp-image-33902\" srcset=\"https:\/\/filles-de-la-charite.org\/wp-content\/uploads\/2024\/03\/News-11.23-visita-Caribe-5.jpg 1000w, https:\/\/filles-de-la-charite.org\/wp-content\/uploads\/2024\/03\/News-11.23-visita-Caribe-5-980x735.jpg 980w, https:\/\/filles-de-la-charite.org\/wp-content\/uploads\/2024\/03\/News-11.23-visita-Caribe-5-480x360.jpg 480w\" sizes=\"(min-width: 0px) and (max-width: 480px) 480px, (min-width: 481px) and (max-width: 980px) 980px, (min-width: 981px) 1000px, 100vw\" \/><\/a><\/figure>\n\n\n\n<figure class=\"wp-block-image size-large\"><a href=\"https:\/\/filles-de-la-charite.org\/wp-content\/uploads\/2024\/03\/News-11.23-visita-Caribe-4.jpg\" target=\"_blank\" rel=\"noopener\" data-rel=\"lightbox-image-11\" data-rl_title=\"\" data-rl_caption=\"\" title=\"\"><img loading=\"lazy\" decoding=\"async\" width=\"750\" height=\"1000\" data-id=\"33901\" src=\"https:\/\/filles-de-la-charite.org\/wp-content\/uploads\/2024\/03\/News-11.23-visita-Caribe-4.jpg\" alt=\"\" class=\"wp-image-33901\" srcset=\"https:\/\/filles-de-la-charite.org\/wp-content\/uploads\/2024\/03\/News-11.23-visita-Caribe-4.jpg 750w, https:\/\/filles-de-la-charite.org\/wp-content\/uploads\/2024\/03\/News-11.23-visita-Caribe-4-480x640.jpg 480w\" sizes=\"(min-width: 0px) and (max-width: 480px) 480px, (min-width: 481px) 750px, 100vw\" \/><\/a><\/figure>\n\n\n\n<figure class=\"wp-block-image size-large\"><a href=\"https:\/\/filles-de-la-charite.org\/wp-content\/uploads\/2024\/03\/News-11.23-visita-Caribe-3.jpg\" target=\"_blank\" rel=\"noopener\" data-rel=\"lightbox-image-12\" data-rl_title=\"\" data-rl_caption=\"\" title=\"\"><img loading=\"lazy\" decoding=\"async\" width=\"1024\" height=\"768\" data-id=\"33895\" src=\"https:\/\/filles-de-la-charite.org\/wp-content\/uploads\/2024\/03\/News-11.23-visita-Caribe-3.jpg\" alt=\"\" class=\"wp-image-33895\" srcset=\"https:\/\/filles-de-la-charite.org\/wp-content\/uploads\/2024\/03\/News-11.23-visita-Caribe-3.jpg 1024w, https:\/\/filles-de-la-charite.org\/wp-content\/uploads\/2024\/03\/News-11.23-visita-Caribe-3-980x735.jpg 980w, https:\/\/filles-de-la-charite.org\/wp-content\/uploads\/2024\/03\/News-11.23-visita-Caribe-3-480x360.jpg 480w\" sizes=\"(min-width: 0px) and (max-width: 480px) 480px, (min-width: 481px) and (max-width: 980px) 980px, (min-width: 981px) 1024px, 100vw\" \/><\/a><\/figure>\n\n\n\n<figure class=\"wp-block-image size-large\"><a href=\"https:\/\/filles-de-la-charite.org\/wp-content\/uploads\/2024\/03\/News-11.23-visita-Caribe-2.jpg\" target=\"_blank\" rel=\"noopener\" data-rel=\"lightbox-image-13\" data-rl_title=\"\" data-rl_caption=\"\" title=\"\"><img loading=\"lazy\" decoding=\"async\" width=\"1024\" height=\"768\" data-id=\"33889\" src=\"https:\/\/filles-de-la-charite.org\/wp-content\/uploads\/2024\/03\/News-11.23-visita-Caribe-2.jpg\" alt=\"\" class=\"wp-image-33889\" srcset=\"https:\/\/filles-de-la-charite.org\/wp-content\/uploads\/2024\/03\/News-11.23-visita-Caribe-2.jpg 1024w, https:\/\/filles-de-la-charite.org\/wp-content\/uploads\/2024\/03\/News-11.23-visita-Caribe-2-980x735.jpg 980w, https:\/\/filles-de-la-charite.org\/wp-content\/uploads\/2024\/03\/News-11.23-visita-Caribe-2-480x360.jpg 480w\" sizes=\"(min-width: 0px) and (max-width: 480px) 480px, (min-width: 481px) and (max-width: 980px) 980px, (min-width: 981px) 1024px, 100vw\" \/><\/a><\/figure>\n<\/figure>\n","protected":false},"excerpt":{"rendered":"<p>Le 12 octobre, f\u00eate de Notre Dame du Pilier, nous avons eu la joie d\u2019accueillir notre Sup\u00e9rieure G\u00e9n\u00e9rale, S\u0153ur Fran\u00e7oise PETIT et S\u0153ur Alicia Margarita CORT\u00c9S, Conseill\u00e8re G\u00e9n\u00e9rale pour l\u2019Am\u00e9rique Latine, en visite dans notre Province des Cara\u00efbes en cette ann\u00e9e du dixi\u00e8me anniversaire de sa fondation. Elles ont \u00e9t\u00e9 accueillies avec joie \u00e0 la [&hellip;]<\/p>\n","protected":false},"author":5,"featured_media":33880,"comment_status":"closed","ping_status":"closed","sticky":false,"template":"","format":"standard","meta":{"_acf_changed":false,"_et_pb_use_builder":"","_et_pb_old_content":"","_et_gb_content_width":"","footnotes":"","_links_to":"","_links_to_target":""},"categories":[755],"tags":[],"class_list":["post-33996","post","type-post","status-publish","format-standard","has-post-thumbnail","hentry","category-caribe-fr"],"acf":[],"yoast_head":"<!-- This site is optimized with the Yoast SEO plugin v27.5 - https:\/\/yoast.com\/product\/yoast-seo-wordpress\/ -->\n<title>Visite de la Sup\u00e9rieure G\u00e9n\u00e9rale \u00e0 la Province des Cara\u00efbes - Filles de la Charit\u00e9<\/title>\n<meta name=\"robots\" content=\"index, follow, max-snippet:-1, max-image-preview:large, max-video-preview:-1\" \/>\n<link rel=\"canonical\" href=\"https:\/\/filles-de-la-charite.org\/fr\/visita-de-la-superiora-general-a-la-provincia-del-caribe\/\" \/>\n<meta property=\"og:locale\" content=\"fr_FR\" \/>\n<meta property=\"og:type\" content=\"article\" \/>\n<meta property=\"og:title\" content=\"Visite de la Sup\u00e9rieure G\u00e9n\u00e9rale \u00e0 la Province des Cara\u00efbes - Filles de la Charit\u00e9\" \/>\n<meta property=\"og:description\" content=\"Le 12 octobre, f\u00eate de Notre Dame du Pilier, nous avons eu la joie d\u2019accueillir notre Sup\u00e9rieure G\u00e9n\u00e9rale, S\u0153ur Fran\u00e7oise PETIT et S\u0153ur Alicia Margarita CORT\u00c9S, Conseill\u00e8re G\u00e9n\u00e9rale pour l\u2019Am\u00e9rique Latine, en visite dans notre Province des Cara\u00efbes en cette ann\u00e9e du dixi\u00e8me anniversaire de sa fondation. Elles ont \u00e9t\u00e9 accueillies avec joie \u00e0 la [&hellip;]\" \/>\n<meta property=\"og:url\" content=\"https:\/\/filles-de-la-charite.org\/fr\/visita-de-la-superiora-general-a-la-provincia-del-caribe\/\" \/>\n<meta property=\"og:site_name\" content=\"Filles de la Charit\u00e9\" \/>\n<meta property=\"article:published_time\" content=\"2023-11-13T08:55:13+00:00\" \/>\n<meta property=\"article:modified_time\" content=\"2024-03-06T09:01:58+00:00\" \/>\n<meta property=\"og:image\" content=\"https:\/\/filles-de-la-charite.org\/wp-content\/uploads\/2024\/03\/News-11.23-visita-Caribe-1-1024x576.png\" \/>\n\t<meta property=\"og:image:width\" content=\"1024\" \/>\n\t<meta property=\"og:image:height\" content=\"576\" \/>\n\t<meta property=\"og:image:type\" content=\"image\/png\" \/>\n<meta name=\"author\" content=\"SOR MARTA\" \/>\n<meta name=\"twitter:card\" content=\"summary_large_image\" \/>\n<meta name=\"twitter:label1\" content=\"\u00c9crit par\" \/>\n\t<meta name=\"twitter:data1\" content=\"SOR MARTA\" \/>\n\t<meta name=\"twitter:label2\" content=\"Dur\u00e9e de lecture estim\u00e9e\" \/>\n\t<meta name=\"twitter:data2\" content=\"2 minutes\" \/>\n<script type=\"application\/ld+json\" class=\"yoast-schema-graph\">{\"@context\":\"https:\\\/\\\/schema.org\",\"@graph\":[{\"@type\":\"Article\",\"@id\":\"https:\\\/\\\/filles-de-la-charite.org\\\/fr\\\/visita-de-la-superiora-general-a-la-provincia-del-caribe\\\/#article\",\"isPartOf\":{\"@id\":\"https:\\\/\\\/filles-de-la-charite.org\\\/fr\\\/visita-de-la-superiora-general-a-la-provincia-del-caribe\\\/\"},\"author\":{\"name\":\"SOR MARTA\",\"@id\":\"https:\\\/\\\/filles-de-la-charite.org\\\/fr\\\/#\\\/schema\\\/person\\\/0c922b6ca71280639858d297b3a7209f\"},\"headline\":\"Visite de la Sup\u00e9rieure G\u00e9n\u00e9rale \u00e0 la Province des Cara\u00efbes\",\"datePublished\":\"2023-11-13T08:55:13+00:00\",\"dateModified\":\"2024-03-06T09:01:58+00:00\",\"mainEntityOfPage\":{\"@id\":\"https:\\\/\\\/filles-de-la-charite.org\\\/fr\\\/visita-de-la-superiora-general-a-la-provincia-del-caribe\\\/\"},\"wordCount\":476,\"publisher\":{\"@id\":\"https:\\\/\\\/filles-de-la-charite.org\\\/fr\\\/#organization\"},\"image\":{\"@id\":\"https:\\\/\\\/filles-de-la-charite.org\\\/fr\\\/visita-de-la-superiora-general-a-la-provincia-del-caribe\\\/#primaryimage\"},\"thumbnailUrl\":\"https:\\\/\\\/filles-de-la-charite.org\\\/wp-content\\\/uploads\\\/2024\\\/03\\\/News-11.23-visita-Caribe-1.png\",\"articleSection\":[\"Cara\u00efbes\"],\"inLanguage\":\"fr-FR\"},{\"@type\":\"WebPage\",\"@id\":\"https:\\\/\\\/filles-de-la-charite.org\\\/fr\\\/visita-de-la-superiora-general-a-la-provincia-del-caribe\\\/\",\"url\":\"https:\\\/\\\/filles-de-la-charite.org\\\/fr\\\/visita-de-la-superiora-general-a-la-provincia-del-caribe\\\/\",\"name\":\"Visite de la Sup\u00e9rieure G\u00e9n\u00e9rale \u00e0 la Province des Cara\u00efbes - Filles de la Charit\u00e9\",\"isPartOf\":{\"@id\":\"https:\\\/\\\/filles-de-la-charite.org\\\/fr\\\/#website\"},\"primaryImageOfPage\":{\"@id\":\"https:\\\/\\\/filles-de-la-charite.org\\\/fr\\\/visita-de-la-superiora-general-a-la-provincia-del-caribe\\\/#primaryimage\"},\"image\":{\"@id\":\"https:\\\/\\\/filles-de-la-charite.org\\\/fr\\\/visita-de-la-superiora-general-a-la-provincia-del-caribe\\\/#primaryimage\"},\"thumbnailUrl\":\"https:\\\/\\\/filles-de-la-charite.org\\\/wp-content\\\/uploads\\\/2024\\\/03\\\/News-11.23-visita-Caribe-1.png\",\"datePublished\":\"2023-11-13T08:55:13+00:00\",\"dateModified\":\"2024-03-06T09:01:58+00:00\",\"breadcrumb\":{\"@id\":\"https:\\\/\\\/filles-de-la-charite.org\\\/fr\\\/visita-de-la-superiora-general-a-la-provincia-del-caribe\\\/#breadcrumb\"},\"inLanguage\":\"fr-FR\",\"potentialAction\":[{\"@type\":\"ReadAction\",\"target\":[\"https:\\\/\\\/filles-de-la-charite.org\\\/fr\\\/visita-de-la-superiora-general-a-la-provincia-del-caribe\\\/\"]}]},{\"@type\":\"ImageObject\",\"inLanguage\":\"fr-FR\",\"@id\":\"https:\\\/\\\/filles-de-la-charite.org\\\/fr\\\/visita-de-la-superiora-general-a-la-provincia-del-caribe\\\/#primaryimage\",\"url\":\"https:\\\/\\\/filles-de-la-charite.org\\\/wp-content\\\/uploads\\\/2024\\\/03\\\/News-11.23-visita-Caribe-1.png\",\"contentUrl\":\"https:\\\/\\\/filles-de-la-charite.org\\\/wp-content\\\/uploads\\\/2024\\\/03\\\/News-11.23-visita-Caribe-1.png\",\"width\":1978,\"height\":1113},{\"@type\":\"BreadcrumbList\",\"@id\":\"https:\\\/\\\/filles-de-la-charite.org\\\/fr\\\/visita-de-la-superiora-general-a-la-provincia-del-caribe\\\/#breadcrumb\",\"itemListElement\":[{\"@type\":\"ListItem\",\"position\":1,\"name\":\"Cara\u00efbes\",\"item\":\"https:\\\/\\\/filles-de-la-charite.org\\\/fr\\\/category\\\/caribe-fr\\\/\"},{\"@type\":\"ListItem\",\"position\":2,\"name\":\"Visite de la Sup\u00e9rieure G\u00e9n\u00e9rale \u00e0 la Province des Cara\u00efbes\"}]},{\"@type\":\"WebSite\",\"@id\":\"https:\\\/\\\/filles-de-la-charite.org\\\/fr\\\/#website\",\"url\":\"https:\\\/\\\/filles-de-la-charite.org\\\/fr\\\/\",\"name\":\"Hijas de la Caridad\",\"description\":\"L\u2019amour de J\u00e9sus nous presse \u00e0 prendre soin des personnes les plus d\u00e9munies\",\"publisher\":{\"@id\":\"https:\\\/\\\/filles-de-la-charite.org\\\/fr\\\/#organization\"},\"potentialAction\":[{\"@type\":\"SearchAction\",\"target\":{\"@type\":\"EntryPoint\",\"urlTemplate\":\"https:\\\/\\\/filles-de-la-charite.org\\\/fr\\\/?s={search_term_string}\"},\"query-input\":{\"@type\":\"PropertyValueSpecification\",\"valueRequired\":true,\"valueName\":\"search_term_string\"}}],\"inLanguage\":\"fr-FR\"},{\"@type\":\"Organization\",\"@id\":\"https:\\\/\\\/filles-de-la-charite.org\\\/fr\\\/#organization\",\"name\":\"Hijas de la Caridad\",\"url\":\"https:\\\/\\\/filles-de-la-charite.org\\\/fr\\\/\",\"logo\":{\"@type\":\"ImageObject\",\"inLanguage\":\"fr-FR\",\"@id\":\"https:\\\/\\\/filles-de-la-charite.org\\\/fr\\\/#\\\/schema\\\/logo\\\/image\\\/\",\"url\":\"https:\\\/\\\/filles-de-la-charite.org\\\/wp-content\\\/uploads\\\/2023\\\/03\\\/isotipo-Hijas-de-la-Caridad.png\",\"contentUrl\":\"https:\\\/\\\/filles-de-la-charite.org\\\/wp-content\\\/uploads\\\/2023\\\/03\\\/isotipo-Hijas-de-la-Caridad.png\",\"width\":1417,\"height\":1417,\"caption\":\"Hijas de la Caridad\"},\"image\":{\"@id\":\"https:\\\/\\\/filles-de-la-charite.org\\\/fr\\\/#\\\/schema\\\/logo\\\/image\\\/\"}},{\"@type\":\"Person\",\"@id\":\"https:\\\/\\\/filles-de-la-charite.org\\\/fr\\\/#\\\/schema\\\/person\\\/0c922b6ca71280639858d297b3a7209f\",\"name\":\"SOR MARTA\",\"image\":{\"@type\":\"ImageObject\",\"inLanguage\":\"fr-FR\",\"@id\":\"https:\\\/\\\/secure.gravatar.com\\\/avatar\\\/d2c45b0fd6bf2d3e2670ab3d112257c24ac80fa960360bba1bdc0676485d1d09?s=96&d=mm&r=g\",\"url\":\"https:\\\/\\\/secure.gravatar.com\\\/avatar\\\/d2c45b0fd6bf2d3e2670ab3d112257c24ac80fa960360bba1bdc0676485d1d09?s=96&d=mm&r=g\",\"contentUrl\":\"https:\\\/\\\/secure.gravatar.com\\\/avatar\\\/d2c45b0fd6bf2d3e2670ab3d112257c24ac80fa960360bba1bdc0676485d1d09?s=96&d=mm&r=g\",\"caption\":\"SOR MARTA\"},\"url\":\"https:\\\/\\\/filles-de-la-charite.org\\\/fr\\\/author\\\/martaemn\\\/\"}]}<\/script>\n<!-- \/ Yoast SEO plugin. -->","yoast_head_json":{"title":"Visite de la Sup\u00e9rieure G\u00e9n\u00e9rale \u00e0 la Province des Cara\u00efbes - Filles de la Charit\u00e9","robots":{"index":"index","follow":"follow","max-snippet":"max-snippet:-1","max-image-preview":"max-image-preview:large","max-video-preview":"max-video-preview:-1"},"canonical":"https:\/\/filles-de-la-charite.org\/fr\/visita-de-la-superiora-general-a-la-provincia-del-caribe\/","og_locale":"fr_FR","og_type":"article","og_title":"Visite de la Sup\u00e9rieure G\u00e9n\u00e9rale \u00e0 la Province des Cara\u00efbes - Filles de la Charit\u00e9","og_description":"Le 12 octobre, f\u00eate de Notre Dame du Pilier, nous avons eu la joie d\u2019accueillir notre Sup\u00e9rieure G\u00e9n\u00e9rale, S\u0153ur Fran\u00e7oise PETIT et S\u0153ur Alicia Margarita CORT\u00c9S, Conseill\u00e8re G\u00e9n\u00e9rale pour l\u2019Am\u00e9rique Latine, en visite dans notre Province des Cara\u00efbes en cette ann\u00e9e du dixi\u00e8me anniversaire de sa fondation. Elles ont \u00e9t\u00e9 accueillies avec joie \u00e0 la [&hellip;]","og_url":"https:\/\/filles-de-la-charite.org\/fr\/visita-de-la-superiora-general-a-la-provincia-del-caribe\/","og_site_name":"Filles de la Charit\u00e9","article_published_time":"2023-11-13T08:55:13+00:00","article_modified_time":"2024-03-06T09:01:58+00:00","og_image":[{"width":1024,"height":576,"url":"https:\/\/filles-de-la-charite.org\/wp-content\/uploads\/2024\/03\/News-11.23-visita-Caribe-1-1024x576.png","type":"image\/png"}],"author":"SOR MARTA","twitter_card":"summary_large_image","twitter_misc":{"\u00c9crit par":"SOR MARTA","Dur\u00e9e de lecture estim\u00e9e":"2 minutes"},"schema":{"@context":"https:\/\/schema.org","@graph":[{"@type":"Article","@id":"https:\/\/filles-de-la-charite.org\/fr\/visita-de-la-superiora-general-a-la-provincia-del-caribe\/#article","isPartOf":{"@id":"https:\/\/filles-de-la-charite.org\/fr\/visita-de-la-superiora-general-a-la-provincia-del-caribe\/"},"author":{"name":"SOR MARTA","@id":"https:\/\/filles-de-la-charite.org\/fr\/#\/schema\/person\/0c922b6ca71280639858d297b3a7209f"},"headline":"Visite de la Sup\u00e9rieure G\u00e9n\u00e9rale \u00e0 la Province des Cara\u00efbes","datePublished":"2023-11-13T08:55:13+00:00","dateModified":"2024-03-06T09:01:58+00:00","mainEntityOfPage":{"@id":"https:\/\/filles-de-la-charite.org\/fr\/visita-de-la-superiora-general-a-la-provincia-del-caribe\/"},"wordCount":476,"publisher":{"@id":"https:\/\/filles-de-la-charite.org\/fr\/#organization"},"image":{"@id":"https:\/\/filles-de-la-charite.org\/fr\/visita-de-la-superiora-general-a-la-provincia-del-caribe\/#primaryimage"},"thumbnailUrl":"https:\/\/filles-de-la-charite.org\/wp-content\/uploads\/2024\/03\/News-11.23-visita-Caribe-1.png","articleSection":["Cara\u00efbes"],"inLanguage":"fr-FR"},{"@type":"WebPage","@id":"https:\/\/filles-de-la-charite.org\/fr\/visita-de-la-superiora-general-a-la-provincia-del-caribe\/","url":"https:\/\/filles-de-la-charite.org\/fr\/visita-de-la-superiora-general-a-la-provincia-del-caribe\/","name":"Visite de la Sup\u00e9rieure G\u00e9n\u00e9rale \u00e0 la Province des Cara\u00efbes - Filles de la Charit\u00e9","isPartOf":{"@id":"https:\/\/filles-de-la-charite.org\/fr\/#website"},"primaryImageOfPage":{"@id":"https:\/\/filles-de-la-charite.org\/fr\/visita-de-la-superiora-general-a-la-provincia-del-caribe\/#primaryimage"},"image":{"@id":"https:\/\/filles-de-la-charite.org\/fr\/visita-de-la-superiora-general-a-la-provincia-del-caribe\/#primaryimage"},"thumbnailUrl":"https:\/\/filles-de-la-charite.org\/wp-content\/uploads\/2024\/03\/News-11.23-visita-Caribe-1.png","datePublished":"2023-11-13T08:55:13+00:00","dateModified":"2024-03-06T09:01:58+00:00","breadcrumb":{"@id":"https:\/\/filles-de-la-charite.org\/fr\/visita-de-la-superiora-general-a-la-provincia-del-caribe\/#breadcrumb"},"inLanguage":"fr-FR","potentialAction":[{"@type":"ReadAction","target":["https:\/\/filles-de-la-charite.org\/fr\/visita-de-la-superiora-general-a-la-provincia-del-caribe\/"]}]},{"@type":"ImageObject","inLanguage":"fr-FR","@id":"https:\/\/filles-de-la-charite.org\/fr\/visita-de-la-superiora-general-a-la-provincia-del-caribe\/#primaryimage","url":"https:\/\/filles-de-la-charite.org\/wp-content\/uploads\/2024\/03\/News-11.23-visita-Caribe-1.png","contentUrl":"https:\/\/filles-de-la-charite.org\/wp-content\/uploads\/2024\/03\/News-11.23-visita-Caribe-1.png","width":1978,"height":1113},{"@type":"BreadcrumbList","@id":"https:\/\/filles-de-la-charite.org\/fr\/visita-de-la-superiora-general-a-la-provincia-del-caribe\/#breadcrumb","itemListElement":[{"@type":"ListItem","position":1,"name":"Cara\u00efbes","item":"https:\/\/filles-de-la-charite.org\/fr\/category\/caribe-fr\/"},{"@type":"ListItem","position":2,"name":"Visite de la Sup\u00e9rieure G\u00e9n\u00e9rale \u00e0 la Province des Cara\u00efbes"}]},{"@type":"WebSite","@id":"https:\/\/filles-de-la-charite.org\/fr\/#website","url":"https:\/\/filles-de-la-charite.org\/fr\/","name":"Hijas de la Caridad","description":"L\u2019amour de J\u00e9sus nous presse \u00e0 prendre soin des personnes les plus d\u00e9munies","publisher":{"@id":"https:\/\/filles-de-la-charite.org\/fr\/#organization"},"potentialAction":[{"@type":"SearchAction","target":{"@type":"EntryPoint","urlTemplate":"https:\/\/filles-de-la-charite.org\/fr\/?s={search_term_string}"},"query-input":{"@type":"PropertyValueSpecification","valueRequired":true,"valueName":"search_term_string"}}],"inLanguage":"fr-FR"},{"@type":"Organization","@id":"https:\/\/filles-de-la-charite.org\/fr\/#organization","name":"Hijas de la Caridad","url":"https:\/\/filles-de-la-charite.org\/fr\/","logo":{"@type":"ImageObject","inLanguage":"fr-FR","@id":"https:\/\/filles-de-la-charite.org\/fr\/#\/schema\/logo\/image\/","url":"https:\/\/filles-de-la-charite.org\/wp-content\/uploads\/2023\/03\/isotipo-Hijas-de-la-Caridad.png","contentUrl":"https:\/\/filles-de-la-charite.org\/wp-content\/uploads\/2023\/03\/isotipo-Hijas-de-la-Caridad.png","width":1417,"height":1417,"caption":"Hijas de la Caridad"},"image":{"@id":"https:\/\/filles-de-la-charite.org\/fr\/#\/schema\/logo\/image\/"}},{"@type":"Person","@id":"https:\/\/filles-de-la-charite.org\/fr\/#\/schema\/person\/0c922b6ca71280639858d297b3a7209f","name":"SOR MARTA","image":{"@type":"ImageObject","inLanguage":"fr-FR","@id":"https:\/\/secure.gravatar.com\/avatar\/d2c45b0fd6bf2d3e2670ab3d112257c24ac80fa960360bba1bdc0676485d1d09?s=96&d=mm&r=g","url":"https:\/\/secure.gravatar.com\/avatar\/d2c45b0fd6bf2d3e2670ab3d112257c24ac80fa960360bba1bdc0676485d1d09?s=96&d=mm&r=g","contentUrl":"https:\/\/secure.gravatar.com\/avatar\/d2c45b0fd6bf2d3e2670ab3d112257c24ac80fa960360bba1bdc0676485d1d09?s=96&d=mm&r=g","caption":"SOR MARTA"},"url":"https:\/\/filles-de-la-charite.org\/fr\/author\/martaemn\/"}]}},"_links":{"self":[{"href":"https:\/\/filles-de-la-charite.org\/fr\/wp-json\/wp\/v2\/posts\/33996","targetHints":{"allow":["GET"]}}],"collection":[{"href":"https:\/\/filles-de-la-charite.org\/fr\/wp-json\/wp\/v2\/posts"}],"about":[{"href":"https:\/\/filles-de-la-charite.org\/fr\/wp-json\/wp\/v2\/types\/post"}],"author":[{"embeddable":true,"href":"https:\/\/filles-de-la-charite.org\/fr\/wp-json\/wp\/v2\/users\/5"}],"replies":[{"embeddable":true,"href":"https:\/\/filles-de-la-charite.org\/fr\/wp-json\/wp\/v2\/comments?post=33996"}],"version-history":[{"count":1,"href":"https:\/\/filles-de-la-charite.org\/fr\/wp-json\/wp\/v2\/posts\/33996\/revisions"}],"predecessor-version":[{"id":34001,"href":"https:\/\/filles-de-la-charite.org\/fr\/wp-json\/wp\/v2\/posts\/33996\/revisions\/34001"}],"wp:featuredmedia":[{"embeddable":true,"href":"https:\/\/filles-de-la-charite.org\/fr\/wp-json\/wp\/v2\/media\/33880"}],"wp:attachment":[{"href":"https:\/\/filles-de-la-charite.org\/fr\/wp-json\/wp\/v2\/media?parent=33996"}],"wp:term":[{"taxonomy":"category","embeddable":true,"href":"https:\/\/filles-de-la-charite.org\/fr\/wp-json\/wp\/v2\/categories?post=33996"},{"taxonomy":"post_tag","embeddable":true,"href":"https:\/\/filles-de-la-charite.org\/fr\/wp-json\/wp\/v2\/tags?post=33996"}],"curies":[{"name":"wp","href":"https:\/\/api.w.org\/{rel}","templated":true}]}}