{"id":34057,"date":"2023-12-01T10:08:32","date_gmt":"2023-12-01T09:08:32","guid":{"rendered":"https:\/\/hijascaridad.sjdigitaldemo.ovh\/celebracion-de-los-25-anos\/"},"modified":"2024-03-06T10:16:09","modified_gmt":"2024-03-06T09:16:09","slug":"celebracion-de-los-25-anos","status":"publish","type":"post","link":"https:\/\/filles-de-la-charite.org\/fr\/celebracion-de-los-25-anos\/","title":{"rendered":"C\u00e9l\u00e9bration des 25 ans !"},"content":{"rendered":"\n<p>Dix-sept \u00e9coles, coll\u00e8ges et une universit\u00e9 des Philippines, membres du Syst\u00e8me Educatif des Filles de la Charit\u00e9 \u2013 Sainte Louise de Marillac, se sont r\u00e9unis au Concordia College de Manille du 11 au 13 novembre pour c\u00e9l\u00e9brer la fid\u00e9lit\u00e9 et la providence de Dieu ! Les s\u0153urs, les partenaires la\u00efcs de la mission et les \u00e9tudiants se sont r\u00e9unis pour louer Dieu pour 25 ans d\u2019un seul esprit, d\u2019un seul c\u0153ur et d\u2019une seule mission dans la formation et l\u2019\u00e9ducation des jeunes, avec le th\u00e8me : &nbsp;\u00bb Marcher ensemble dans la joie pour garder vivants l\u2019esprit et la mission vincentiens \u00ab&nbsp;.<\/p>\n\n\n\n<figure class=\"wp-block-image size-full\"><img loading=\"lazy\" decoding=\"async\" width=\"921\" height=\"1024\" src=\"https:\/\/filles-de-la-charite.org\/wp-content\/uploads\/2024\/03\/News-12.23-Celebracion-de-los-25-a-4.jpg\" alt=\"\" class=\"wp-image-34010\" srcset=\"https:\/\/filles-de-la-charite.org\/wp-content\/uploads\/2024\/03\/News-12.23-Celebracion-de-los-25-a-4.jpg 921w, https:\/\/filles-de-la-charite.org\/wp-content\/uploads\/2024\/03\/News-12.23-Celebracion-de-los-25-a-4-480x534.jpg 480w\" sizes=\"(min-width: 0px) and (max-width: 480px) 480px, (min-width: 481px) 921px, 100vw\" \/><\/figure>\n\n\n\n<p>La c\u00e9l\u00e9bration de trois jours a commenc\u00e9 par une Eucharistie pr\u00e9sid\u00e9e par le P\u00e8re Gerardo VIBAR, CM, Directeur Provincial. Elle a \u00e9t\u00e9 suivie d\u2019une entr\u00e9e remarquable de la banni\u00e8re de chaque \u00e9cole DC, du logo DC et du logo DC-SLMES. Maria Ana Rosario G. EVIDENTE, DC, et Sr Anna Wiwiek SOEPRAPTIWI, DC, ont prononc\u00e9 leur chaleureux discours de bienvenue et leur message d\u2019inspiration, respectivement, via Internet.<\/p>\n\n\n\n<figure class=\"wp-block-image size-full\"><img loading=\"lazy\" decoding=\"async\" width=\"1024\" height=\"576\" src=\"https:\/\/filles-de-la-charite.org\/wp-content\/uploads\/2024\/03\/News-12.23-Celebracion-de-los-25-a-5.jpg\" alt=\"\" class=\"wp-image-34016\" srcset=\"https:\/\/filles-de-la-charite.org\/wp-content\/uploads\/2024\/03\/News-12.23-Celebracion-de-los-25-a-5.jpg 1024w, https:\/\/filles-de-la-charite.org\/wp-content\/uploads\/2024\/03\/News-12.23-Celebracion-de-los-25-a-5-980x551.jpg 980w, https:\/\/filles-de-la-charite.org\/wp-content\/uploads\/2024\/03\/News-12.23-Celebracion-de-los-25-a-5-480x270.jpg 480w\" sizes=\"(min-width: 0px) and (max-width: 480px) 480px, (min-width: 481px) and (max-width: 980px) 980px, (min-width: 981px) 1024px, 100vw\" \/><\/figure>\n\n\n\n<p>La c\u00e9l\u00e9bration comprenait la reconnaissance de deux anciens \u00e9l\u00e8ves exceptionnels : l\u2019ancienne vice-pr\u00e9sidente des Philippines, Leni Gerona ROBREDO, dipl\u00f4m\u00e9e de l\u2019Universidad de Santa Isabel, et l\u2019ancienne commissaire de la Commission d\u2019audit et sous-secr\u00e9taire du Bureau de contr\u00f4le interne des Nations unies, Heidi M. MENDOZA, dipl\u00f4m\u00e9e du Coll\u00e8ge du Sacr\u00e9-C\u0153ur. Elles ont v\u00e9cu et continuent de vivre les valeurs vincentiennes d\u2019excellence, d\u2019int\u00e9grit\u00e9, de v\u00e9rit\u00e9 et de service d\u00e9vou\u00e9 inspir\u00e9 par la foi pour le pays et son peuple, en particulier ceux qui sont en marge de la soci\u00e9t\u00e9.<\/p>\n\n\n\n<figure class=\"wp-block-image size-full\"><img loading=\"lazy\" decoding=\"async\" width=\"1024\" height=\"478\" src=\"https:\/\/filles-de-la-charite.org\/wp-content\/uploads\/2024\/03\/News-12.23-Celebracion-de-los-25-a-6.jpg\" alt=\"\" class=\"wp-image-34017\" srcset=\"https:\/\/filles-de-la-charite.org\/wp-content\/uploads\/2024\/03\/News-12.23-Celebracion-de-los-25-a-6.jpg 1024w, https:\/\/filles-de-la-charite.org\/wp-content\/uploads\/2024\/03\/News-12.23-Celebracion-de-los-25-a-6-980x457.jpg 980w, https:\/\/filles-de-la-charite.org\/wp-content\/uploads\/2024\/03\/News-12.23-Celebracion-de-los-25-a-6-480x224.jpg 480w\" sizes=\"(min-width: 0px) and (max-width: 480px) 480px, (min-width: 481px) and (max-width: 980px) 980px, (min-width: 981px) 1024px, 100vw\" \/><\/figure>\n\n\n\n<figure class=\"wp-block-image size-full\"><img loading=\"lazy\" decoding=\"async\" width=\"461\" height=\"1024\" src=\"https:\/\/filles-de-la-charite.org\/wp-content\/uploads\/2024\/03\/News-12.23-Celebracion-de-los-25-a-7.jpg\" alt=\"\" class=\"wp-image-34023\" srcset=\"https:\/\/filles-de-la-charite.org\/wp-content\/uploads\/2024\/03\/News-12.23-Celebracion-de-los-25-a-7.jpg 461w, https:\/\/filles-de-la-charite.org\/wp-content\/uploads\/2024\/03\/News-12.23-Celebracion-de-los-25-a-7-135x300.jpg 135w\" sizes=\"(max-width: 461px) 100vw, 461px\" \/><\/figure>\n\n\n\n<p>Des pr\u00e9sentations du patrimoine culturel des r\u00e9gions o\u00f9 sont situ\u00e9es les \u00e9coles ont ajout\u00e9 des couleurs vives \u00e0 l\u2019anniversaire. Des \u00e9l\u00e8ves accompagn\u00e9s de partenaires la\u00efcs et de s\u0153urs ont dans\u00e9 et chant\u00e9, donnant au public un aper\u00e7u de la richesse de leur peuple. Les participants ont \u00e9galement eu l\u2019occasion de s\u2019impliquer dans le service communautaire. R\u00e9partis en deux groupes, certains ont plant\u00e9 des arbres \u00e0 la maison provinciale des FC, conform\u00e9ment \u00e0 notre engagement de prendre soin de notre maison commune, tandis que d\u2019autres ont rencontr\u00e9 des personnes ayant des besoins particuliers, des personnes \u00e2g\u00e9es et des enfants \u00e0 l\u2019hospice Saint-Joseph, conform\u00e9ment \u00e0 notre engagement de respecter la dignit\u00e9 humaine.<\/p>\n\n\n\n<figure class=\"wp-block-image size-full\"><img loading=\"lazy\" decoding=\"async\" width=\"1024\" height=\"576\" src=\"https:\/\/filles-de-la-charite.org\/wp-content\/uploads\/2024\/03\/News-12.23-Celebracion-de-los-25-a-8.jpg\" alt=\"\" class=\"wp-image-34029\" srcset=\"https:\/\/filles-de-la-charite.org\/wp-content\/uploads\/2024\/03\/News-12.23-Celebracion-de-los-25-a-8.jpg 1024w, https:\/\/filles-de-la-charite.org\/wp-content\/uploads\/2024\/03\/News-12.23-Celebracion-de-los-25-a-8-980x551.jpg 980w, https:\/\/filles-de-la-charite.org\/wp-content\/uploads\/2024\/03\/News-12.23-Celebracion-de-los-25-a-8-480x270.jpg 480w\" sizes=\"(min-width: 0px) and (max-width: 480px) 480px, (min-width: 481px) and (max-width: 980px) 980px, (min-width: 981px) 1024px, 100vw\" \/><\/figure>\n\n\n\n<figure class=\"wp-block-image size-full\"><img loading=\"lazy\" decoding=\"async\" width=\"1024\" height=\"768\" src=\"https:\/\/filles-de-la-charite.org\/wp-content\/uploads\/2024\/03\/News-12.23-Celebracion-de-los-25-a-3.jpg\" alt=\"\" class=\"wp-image-34048\" srcset=\"https:\/\/filles-de-la-charite.org\/wp-content\/uploads\/2024\/03\/News-12.23-Celebracion-de-los-25-a-3.jpg 1024w, https:\/\/filles-de-la-charite.org\/wp-content\/uploads\/2024\/03\/News-12.23-Celebracion-de-los-25-a-3-980x735.jpg 980w, https:\/\/filles-de-la-charite.org\/wp-content\/uploads\/2024\/03\/News-12.23-Celebracion-de-los-25-a-3-480x360.jpg 480w\" sizes=\"(min-width: 0px) and (max-width: 480px) 480px, (min-width: 481px) and (max-width: 980px) 980px, (min-width: 981px) 1024px, 100vw\" \/><\/figure>\n\n\n\n<p>Les participants ont fait le tour d\u2019un carrousel d\u2019expositions pr\u00e9par\u00e9es par chaque r\u00e9gion ; les yeux et les oreilles se sont d\u00e9lect\u00e9s des expositions et des pr\u00e9sentations vid\u00e9o sur les meilleures pratiques de chaque \u00e9cole de DC en mati\u00e8re de programme et d\u2019enseignement, de recherche et d\u2019implication de la communaut\u00e9, tandis que les langues ont savour\u00e9 les diff\u00e9rents mets gastronomiques propres \u00e0 chaque r\u00e9gion.<\/p>\n\n\n\n<p>Le Dr Pamela MANTUHAC, de l\u2019universit\u00e9 Adamson de Manille, a fait un expos\u00e9 sur le changement syst\u00e9mique. Les participants se sont ensuite mis au travail : ils ont r\u00e9fl\u00e9chi et \u00e9labor\u00e9 des plans d\u2019action concrets pour am\u00e9liorer le syst\u00e8me \u00e9ducatif au cours des prochaines ann\u00e9es.<\/p>\n\n\n\n<figure class=\"wp-block-image size-full\"><img loading=\"lazy\" decoding=\"async\" width=\"1024\" height=\"576\" src=\"https:\/\/filles-de-la-charite.org\/wp-content\/uploads\/2024\/03\/News-12.23-Celebracion-de-los-25-a-2.jpg\" alt=\"\" class=\"wp-image-34042\" srcset=\"https:\/\/filles-de-la-charite.org\/wp-content\/uploads\/2024\/03\/News-12.23-Celebracion-de-los-25-a-2.jpg 1024w, https:\/\/filles-de-la-charite.org\/wp-content\/uploads\/2024\/03\/News-12.23-Celebracion-de-los-25-a-2-980x551.jpg 980w, https:\/\/filles-de-la-charite.org\/wp-content\/uploads\/2024\/03\/News-12.23-Celebracion-de-los-25-a-2-480x270.jpg 480w\" sizes=\"(min-width: 0px) and (max-width: 480px) 480px, (min-width: 481px) and (max-width: 980px) 980px, (min-width: 981px) 1024px, 100vw\" \/><\/figure>\n\n\n\n<p>Au cours des 25 derni\u00e8res ann\u00e9es, DC-SLMES a \u00e9t\u00e9 un phare d\u2019apprentissage, une p\u00e9pini\u00e8re d\u2019excellence vincentienne et un catalyseur de changement positif dans la vie d\u2019innombrables personnes. Sa passion et son engagement pour la mission font d\u2019elle une avocate de la formation holistique. A Dieu la plus grande gloire et la plus grande louange ! Que cette c\u00e9l\u00e9bration soit le d\u00e9but de 25 autres ann\u00e9es de cheminement avec et pour les jeunes afin de fa\u00e7onner un monde meilleur o\u00f9 ol fera bon vivre !<\/p>\n\n\n\n<p><em>Aberdeen, Jhana, Jlyne, Renz,<\/em><\/p>\n\n\n\n<p><em>Ron, Rosyll, e Ir. Shirley, FC<\/em><\/p>\n\n\n\n<figure class=\"wp-block-embed is-type-video is-provider-youtube wp-block-embed-youtube wp-embed-aspect-16-9 wp-has-aspect-ratio\"><div class=\"wp-block-embed__wrapper\">\n<iframe loading=\"lazy\" title=\"CELEBRATING 25\" width=\"1080\" height=\"608\" src=\"https:\/\/www.youtube.com\/embed\/OVJieirHQUk?feature=oembed\"  allow=\"accelerometer; autoplay; clipboard-write; encrypted-media; gyroscope; picture-in-picture; web-share\" allowfullscreen><\/iframe>\n<\/div><\/figure>\n","protected":false},"excerpt":{"rendered":"<p>Dix-sept \u00e9coles, coll\u00e8ges et une universit\u00e9 des Philippines, membres du Syst\u00e8me Educatif des Filles de la Charit\u00e9 \u2013 Sainte Louise de Marillac, se sont r\u00e9unis au Concordia College de Manille du 11 au 13 novembre pour c\u00e9l\u00e9brer la fid\u00e9lit\u00e9 et la providence de Dieu ! Les s\u0153urs, les partenaires la\u00efcs de la mission et les [&hellip;]<\/p>\n","protected":false},"author":5,"featured_media":34038,"comment_status":"closed","ping_status":"closed","sticky":false,"template":"","format":"standard","meta":{"_acf_changed":false,"_et_pb_use_builder":"","_et_pb_old_content":"","_et_gb_content_width":"","footnotes":"","_links_to":"","_links_to_target":""},"categories":[760],"tags":[],"class_list":["post-34057","post","type-post","status-publish","format-standard","has-post-thumbnail","hentry","category-sainte-louise-asie-fr"],"acf":[],"yoast_head":"<!-- This site is optimized with the Yoast SEO plugin v27.4 - https:\/\/yoast.com\/product\/yoast-seo-wordpress\/ -->\n<title>C\u00e9l\u00e9bration des 25 ans ! - Filles de la Charit\u00e9<\/title>\n<meta name=\"robots\" content=\"index, follow, max-snippet:-1, max-image-preview:large, max-video-preview:-1\" \/>\n<link rel=\"canonical\" href=\"https:\/\/filles-de-la-charite.org\/fr\/celebracion-de-los-25-anos\/\" \/>\n<meta property=\"og:locale\" content=\"fr_FR\" \/>\n<meta property=\"og:type\" content=\"article\" \/>\n<meta property=\"og:title\" content=\"C\u00e9l\u00e9bration des 25 ans ! - Filles de la Charit\u00e9\" \/>\n<meta property=\"og:description\" content=\"Dix-sept \u00e9coles, coll\u00e8ges et une universit\u00e9 des Philippines, membres du Syst\u00e8me Educatif des Filles de la Charit\u00e9 \u2013 Sainte Louise de Marillac, se sont r\u00e9unis au Concordia College de Manille du 11 au 13 novembre pour c\u00e9l\u00e9brer la fid\u00e9lit\u00e9 et la providence de Dieu ! Les s\u0153urs, les partenaires la\u00efcs de la mission et les [&hellip;]\" \/>\n<meta property=\"og:url\" content=\"https:\/\/filles-de-la-charite.org\/fr\/celebracion-de-los-25-anos\/\" \/>\n<meta property=\"og:site_name\" content=\"Filles de la Charit\u00e9\" \/>\n<meta property=\"article:published_time\" content=\"2023-12-01T09:08:32+00:00\" \/>\n<meta property=\"article:modified_time\" content=\"2024-03-06T09:16:09+00:00\" \/>\n<meta property=\"og:image\" content=\"https:\/\/filles-de-la-charite.org\/wp-content\/uploads\/2024\/03\/News-12.23-Celebracion-de-los-25-a-1.jpg\" \/>\n\t<meta property=\"og:image:width\" content=\"2560\" \/>\n\t<meta property=\"og:image:height\" content=\"1440\" \/>\n\t<meta property=\"og:image:type\" content=\"image\/jpeg\" \/>\n<meta name=\"author\" content=\"SOR MARTA\" \/>\n<meta name=\"twitter:card\" content=\"summary_large_image\" \/>\n<meta name=\"twitter:label1\" content=\"\u00c9crit par\" \/>\n\t<meta name=\"twitter:data1\" content=\"SOR MARTA\" \/>\n\t<meta name=\"twitter:label2\" content=\"Dur\u00e9e de lecture estim\u00e9e\" \/>\n\t<meta name=\"twitter:data2\" content=\"3 minutes\" \/>\n<script type=\"application\/ld+json\" class=\"yoast-schema-graph\">{\"@context\":\"https:\\\/\\\/schema.org\",\"@graph\":[{\"@type\":\"Article\",\"@id\":\"https:\\\/\\\/filles-de-la-charite.org\\\/fr\\\/celebracion-de-los-25-anos\\\/#article\",\"isPartOf\":{\"@id\":\"https:\\\/\\\/filles-de-la-charite.org\\\/fr\\\/celebracion-de-los-25-anos\\\/\"},\"author\":{\"name\":\"SOR MARTA\",\"@id\":\"https:\\\/\\\/filles-de-la-charite.org\\\/fr\\\/#\\\/schema\\\/person\\\/0c922b6ca71280639858d297b3a7209f\"},\"headline\":\"C\u00e9l\u00e9bration des 25 ans !\",\"datePublished\":\"2023-12-01T09:08:32+00:00\",\"dateModified\":\"2024-03-06T09:16:09+00:00\",\"mainEntityOfPage\":{\"@id\":\"https:\\\/\\\/filles-de-la-charite.org\\\/fr\\\/celebracion-de-los-25-anos\\\/\"},\"wordCount\":658,\"publisher\":{\"@id\":\"https:\\\/\\\/filles-de-la-charite.org\\\/fr\\\/#organization\"},\"image\":{\"@id\":\"https:\\\/\\\/filles-de-la-charite.org\\\/fr\\\/celebracion-de-los-25-anos\\\/#primaryimage\"},\"thumbnailUrl\":\"https:\\\/\\\/filles-de-la-charite.org\\\/wp-content\\\/uploads\\\/2024\\\/03\\\/News-12.23-Celebracion-de-los-25-a-1.jpg\",\"articleSection\":[\"Sainte Louise - Asie\"],\"inLanguage\":\"fr-FR\"},{\"@type\":\"WebPage\",\"@id\":\"https:\\\/\\\/filles-de-la-charite.org\\\/fr\\\/celebracion-de-los-25-anos\\\/\",\"url\":\"https:\\\/\\\/filles-de-la-charite.org\\\/fr\\\/celebracion-de-los-25-anos\\\/\",\"name\":\"C\u00e9l\u00e9bration des 25 ans ! - Filles de la Charit\u00e9\",\"isPartOf\":{\"@id\":\"https:\\\/\\\/filles-de-la-charite.org\\\/fr\\\/#website\"},\"primaryImageOfPage\":{\"@id\":\"https:\\\/\\\/filles-de-la-charite.org\\\/fr\\\/celebracion-de-los-25-anos\\\/#primaryimage\"},\"image\":{\"@id\":\"https:\\\/\\\/filles-de-la-charite.org\\\/fr\\\/celebracion-de-los-25-anos\\\/#primaryimage\"},\"thumbnailUrl\":\"https:\\\/\\\/filles-de-la-charite.org\\\/wp-content\\\/uploads\\\/2024\\\/03\\\/News-12.23-Celebracion-de-los-25-a-1.jpg\",\"datePublished\":\"2023-12-01T09:08:32+00:00\",\"dateModified\":\"2024-03-06T09:16:09+00:00\",\"breadcrumb\":{\"@id\":\"https:\\\/\\\/filles-de-la-charite.org\\\/fr\\\/celebracion-de-los-25-anos\\\/#breadcrumb\"},\"inLanguage\":\"fr-FR\",\"potentialAction\":[{\"@type\":\"ReadAction\",\"target\":[\"https:\\\/\\\/filles-de-la-charite.org\\\/fr\\\/celebracion-de-los-25-anos\\\/\"]}]},{\"@type\":\"ImageObject\",\"inLanguage\":\"fr-FR\",\"@id\":\"https:\\\/\\\/filles-de-la-charite.org\\\/fr\\\/celebracion-de-los-25-anos\\\/#primaryimage\",\"url\":\"https:\\\/\\\/filles-de-la-charite.org\\\/wp-content\\\/uploads\\\/2024\\\/03\\\/News-12.23-Celebracion-de-los-25-a-1.jpg\",\"contentUrl\":\"https:\\\/\\\/filles-de-la-charite.org\\\/wp-content\\\/uploads\\\/2024\\\/03\\\/News-12.23-Celebracion-de-los-25-a-1.jpg\",\"width\":2560,\"height\":1440},{\"@type\":\"BreadcrumbList\",\"@id\":\"https:\\\/\\\/filles-de-la-charite.org\\\/fr\\\/celebracion-de-los-25-anos\\\/#breadcrumb\",\"itemListElement\":[{\"@type\":\"ListItem\",\"position\":1,\"name\":\"Sainte Louise - Asie\",\"item\":\"https:\\\/\\\/filles-de-la-charite.org\\\/fr\\\/category\\\/sainte-louise-asie-fr\\\/\"},{\"@type\":\"ListItem\",\"position\":2,\"name\":\"C\u00e9l\u00e9bration des 25 ans !\"}]},{\"@type\":\"WebSite\",\"@id\":\"https:\\\/\\\/filles-de-la-charite.org\\\/fr\\\/#website\",\"url\":\"https:\\\/\\\/filles-de-la-charite.org\\\/fr\\\/\",\"name\":\"Hijas de la Caridad\",\"description\":\"L\u2019amour de J\u00e9sus nous presse \u00e0 prendre soin des personnes les plus d\u00e9munies\",\"publisher\":{\"@id\":\"https:\\\/\\\/filles-de-la-charite.org\\\/fr\\\/#organization\"},\"potentialAction\":[{\"@type\":\"SearchAction\",\"target\":{\"@type\":\"EntryPoint\",\"urlTemplate\":\"https:\\\/\\\/filles-de-la-charite.org\\\/fr\\\/?s={search_term_string}\"},\"query-input\":{\"@type\":\"PropertyValueSpecification\",\"valueRequired\":true,\"valueName\":\"search_term_string\"}}],\"inLanguage\":\"fr-FR\"},{\"@type\":\"Organization\",\"@id\":\"https:\\\/\\\/filles-de-la-charite.org\\\/fr\\\/#organization\",\"name\":\"Hijas de la Caridad\",\"url\":\"https:\\\/\\\/filles-de-la-charite.org\\\/fr\\\/\",\"logo\":{\"@type\":\"ImageObject\",\"inLanguage\":\"fr-FR\",\"@id\":\"https:\\\/\\\/filles-de-la-charite.org\\\/fr\\\/#\\\/schema\\\/logo\\\/image\\\/\",\"url\":\"https:\\\/\\\/filles-de-la-charite.org\\\/wp-content\\\/uploads\\\/2023\\\/03\\\/isotipo-Hijas-de-la-Caridad.png\",\"contentUrl\":\"https:\\\/\\\/filles-de-la-charite.org\\\/wp-content\\\/uploads\\\/2023\\\/03\\\/isotipo-Hijas-de-la-Caridad.png\",\"width\":1417,\"height\":1417,\"caption\":\"Hijas de la Caridad\"},\"image\":{\"@id\":\"https:\\\/\\\/filles-de-la-charite.org\\\/fr\\\/#\\\/schema\\\/logo\\\/image\\\/\"}},{\"@type\":\"Person\",\"@id\":\"https:\\\/\\\/filles-de-la-charite.org\\\/fr\\\/#\\\/schema\\\/person\\\/0c922b6ca71280639858d297b3a7209f\",\"name\":\"SOR MARTA\",\"image\":{\"@type\":\"ImageObject\",\"inLanguage\":\"fr-FR\",\"@id\":\"https:\\\/\\\/secure.gravatar.com\\\/avatar\\\/d2c45b0fd6bf2d3e2670ab3d112257c24ac80fa960360bba1bdc0676485d1d09?s=96&d=mm&r=g\",\"url\":\"https:\\\/\\\/secure.gravatar.com\\\/avatar\\\/d2c45b0fd6bf2d3e2670ab3d112257c24ac80fa960360bba1bdc0676485d1d09?s=96&d=mm&r=g\",\"contentUrl\":\"https:\\\/\\\/secure.gravatar.com\\\/avatar\\\/d2c45b0fd6bf2d3e2670ab3d112257c24ac80fa960360bba1bdc0676485d1d09?s=96&d=mm&r=g\",\"caption\":\"SOR MARTA\"},\"url\":\"https:\\\/\\\/filles-de-la-charite.org\\\/fr\\\/author\\\/martaemn\\\/\"}]}<\/script>\n<!-- \/ Yoast SEO plugin. -->","yoast_head_json":{"title":"C\u00e9l\u00e9bration des 25 ans ! - Filles de la Charit\u00e9","robots":{"index":"index","follow":"follow","max-snippet":"max-snippet:-1","max-image-preview":"max-image-preview:large","max-video-preview":"max-video-preview:-1"},"canonical":"https:\/\/filles-de-la-charite.org\/fr\/celebracion-de-los-25-anos\/","og_locale":"fr_FR","og_type":"article","og_title":"C\u00e9l\u00e9bration des 25 ans ! - Filles de la Charit\u00e9","og_description":"Dix-sept \u00e9coles, coll\u00e8ges et une universit\u00e9 des Philippines, membres du Syst\u00e8me Educatif des Filles de la Charit\u00e9 \u2013 Sainte Louise de Marillac, se sont r\u00e9unis au Concordia College de Manille du 11 au 13 novembre pour c\u00e9l\u00e9brer la fid\u00e9lit\u00e9 et la providence de Dieu ! Les s\u0153urs, les partenaires la\u00efcs de la mission et les [&hellip;]","og_url":"https:\/\/filles-de-la-charite.org\/fr\/celebracion-de-los-25-anos\/","og_site_name":"Filles de la Charit\u00e9","article_published_time":"2023-12-01T09:08:32+00:00","article_modified_time":"2024-03-06T09:16:09+00:00","og_image":[{"width":2560,"height":1440,"url":"https:\/\/filles-de-la-charite.org\/wp-content\/uploads\/2024\/03\/News-12.23-Celebracion-de-los-25-a-1.jpg","type":"image\/jpeg"}],"author":"SOR MARTA","twitter_card":"summary_large_image","twitter_misc":{"\u00c9crit par":"SOR MARTA","Dur\u00e9e de lecture estim\u00e9e":"3 minutes"},"schema":{"@context":"https:\/\/schema.org","@graph":[{"@type":"Article","@id":"https:\/\/filles-de-la-charite.org\/fr\/celebracion-de-los-25-anos\/#article","isPartOf":{"@id":"https:\/\/filles-de-la-charite.org\/fr\/celebracion-de-los-25-anos\/"},"author":{"name":"SOR MARTA","@id":"https:\/\/filles-de-la-charite.org\/fr\/#\/schema\/person\/0c922b6ca71280639858d297b3a7209f"},"headline":"C\u00e9l\u00e9bration des 25 ans !","datePublished":"2023-12-01T09:08:32+00:00","dateModified":"2024-03-06T09:16:09+00:00","mainEntityOfPage":{"@id":"https:\/\/filles-de-la-charite.org\/fr\/celebracion-de-los-25-anos\/"},"wordCount":658,"publisher":{"@id":"https:\/\/filles-de-la-charite.org\/fr\/#organization"},"image":{"@id":"https:\/\/filles-de-la-charite.org\/fr\/celebracion-de-los-25-anos\/#primaryimage"},"thumbnailUrl":"https:\/\/filles-de-la-charite.org\/wp-content\/uploads\/2024\/03\/News-12.23-Celebracion-de-los-25-a-1.jpg","articleSection":["Sainte Louise - Asie"],"inLanguage":"fr-FR"},{"@type":"WebPage","@id":"https:\/\/filles-de-la-charite.org\/fr\/celebracion-de-los-25-anos\/","url":"https:\/\/filles-de-la-charite.org\/fr\/celebracion-de-los-25-anos\/","name":"C\u00e9l\u00e9bration des 25 ans ! - Filles de la Charit\u00e9","isPartOf":{"@id":"https:\/\/filles-de-la-charite.org\/fr\/#website"},"primaryImageOfPage":{"@id":"https:\/\/filles-de-la-charite.org\/fr\/celebracion-de-los-25-anos\/#primaryimage"},"image":{"@id":"https:\/\/filles-de-la-charite.org\/fr\/celebracion-de-los-25-anos\/#primaryimage"},"thumbnailUrl":"https:\/\/filles-de-la-charite.org\/wp-content\/uploads\/2024\/03\/News-12.23-Celebracion-de-los-25-a-1.jpg","datePublished":"2023-12-01T09:08:32+00:00","dateModified":"2024-03-06T09:16:09+00:00","breadcrumb":{"@id":"https:\/\/filles-de-la-charite.org\/fr\/celebracion-de-los-25-anos\/#breadcrumb"},"inLanguage":"fr-FR","potentialAction":[{"@type":"ReadAction","target":["https:\/\/filles-de-la-charite.org\/fr\/celebracion-de-los-25-anos\/"]}]},{"@type":"ImageObject","inLanguage":"fr-FR","@id":"https:\/\/filles-de-la-charite.org\/fr\/celebracion-de-los-25-anos\/#primaryimage","url":"https:\/\/filles-de-la-charite.org\/wp-content\/uploads\/2024\/03\/News-12.23-Celebracion-de-los-25-a-1.jpg","contentUrl":"https:\/\/filles-de-la-charite.org\/wp-content\/uploads\/2024\/03\/News-12.23-Celebracion-de-los-25-a-1.jpg","width":2560,"height":1440},{"@type":"BreadcrumbList","@id":"https:\/\/filles-de-la-charite.org\/fr\/celebracion-de-los-25-anos\/#breadcrumb","itemListElement":[{"@type":"ListItem","position":1,"name":"Sainte Louise - Asie","item":"https:\/\/filles-de-la-charite.org\/fr\/category\/sainte-louise-asie-fr\/"},{"@type":"ListItem","position":2,"name":"C\u00e9l\u00e9bration des 25 ans !"}]},{"@type":"WebSite","@id":"https:\/\/filles-de-la-charite.org\/fr\/#website","url":"https:\/\/filles-de-la-charite.org\/fr\/","name":"Hijas de la Caridad","description":"L\u2019amour de J\u00e9sus nous presse \u00e0 prendre soin des personnes les plus d\u00e9munies","publisher":{"@id":"https:\/\/filles-de-la-charite.org\/fr\/#organization"},"potentialAction":[{"@type":"SearchAction","target":{"@type":"EntryPoint","urlTemplate":"https:\/\/filles-de-la-charite.org\/fr\/?s={search_term_string}"},"query-input":{"@type":"PropertyValueSpecification","valueRequired":true,"valueName":"search_term_string"}}],"inLanguage":"fr-FR"},{"@type":"Organization","@id":"https:\/\/filles-de-la-charite.org\/fr\/#organization","name":"Hijas de la Caridad","url":"https:\/\/filles-de-la-charite.org\/fr\/","logo":{"@type":"ImageObject","inLanguage":"fr-FR","@id":"https:\/\/filles-de-la-charite.org\/fr\/#\/schema\/logo\/image\/","url":"https:\/\/filles-de-la-charite.org\/wp-content\/uploads\/2023\/03\/isotipo-Hijas-de-la-Caridad.png","contentUrl":"https:\/\/filles-de-la-charite.org\/wp-content\/uploads\/2023\/03\/isotipo-Hijas-de-la-Caridad.png","width":1417,"height":1417,"caption":"Hijas de la Caridad"},"image":{"@id":"https:\/\/filles-de-la-charite.org\/fr\/#\/schema\/logo\/image\/"}},{"@type":"Person","@id":"https:\/\/filles-de-la-charite.org\/fr\/#\/schema\/person\/0c922b6ca71280639858d297b3a7209f","name":"SOR MARTA","image":{"@type":"ImageObject","inLanguage":"fr-FR","@id":"https:\/\/secure.gravatar.com\/avatar\/d2c45b0fd6bf2d3e2670ab3d112257c24ac80fa960360bba1bdc0676485d1d09?s=96&d=mm&r=g","url":"https:\/\/secure.gravatar.com\/avatar\/d2c45b0fd6bf2d3e2670ab3d112257c24ac80fa960360bba1bdc0676485d1d09?s=96&d=mm&r=g","contentUrl":"https:\/\/secure.gravatar.com\/avatar\/d2c45b0fd6bf2d3e2670ab3d112257c24ac80fa960360bba1bdc0676485d1d09?s=96&d=mm&r=g","caption":"SOR MARTA"},"url":"https:\/\/filles-de-la-charite.org\/fr\/author\/martaemn\/"}]}},"_links":{"self":[{"href":"https:\/\/filles-de-la-charite.org\/fr\/wp-json\/wp\/v2\/posts\/34057","targetHints":{"allow":["GET"]}}],"collection":[{"href":"https:\/\/filles-de-la-charite.org\/fr\/wp-json\/wp\/v2\/posts"}],"about":[{"href":"https:\/\/filles-de-la-charite.org\/fr\/wp-json\/wp\/v2\/types\/post"}],"author":[{"embeddable":true,"href":"https:\/\/filles-de-la-charite.org\/fr\/wp-json\/wp\/v2\/users\/5"}],"replies":[{"embeddable":true,"href":"https:\/\/filles-de-la-charite.org\/fr\/wp-json\/wp\/v2\/comments?post=34057"}],"version-history":[{"count":1,"href":"https:\/\/filles-de-la-charite.org\/fr\/wp-json\/wp\/v2\/posts\/34057\/revisions"}],"predecessor-version":[{"id":34064,"href":"https:\/\/filles-de-la-charite.org\/fr\/wp-json\/wp\/v2\/posts\/34057\/revisions\/34064"}],"wp:featuredmedia":[{"embeddable":true,"href":"https:\/\/filles-de-la-charite.org\/fr\/wp-json\/wp\/v2\/media\/34038"}],"wp:attachment":[{"href":"https:\/\/filles-de-la-charite.org\/fr\/wp-json\/wp\/v2\/media?parent=34057"}],"wp:term":[{"taxonomy":"category","embeddable":true,"href":"https:\/\/filles-de-la-charite.org\/fr\/wp-json\/wp\/v2\/categories?post=34057"},{"taxonomy":"post_tag","embeddable":true,"href":"https:\/\/filles-de-la-charite.org\/fr\/wp-json\/wp\/v2\/tags?post=34057"}],"curies":[{"name":"wp","href":"https:\/\/api.w.org\/{rel}","templated":true}]}}