{"id":34122,"date":"2023-12-01T10:23:20","date_gmt":"2023-12-01T09:23:20","guid":{"rendered":"https:\/\/hijascaridad.sjdigitaldemo.ovh\/jornadas-misioneras-en-la-rue-du-bac\/"},"modified":"2024-03-06T10:28:46","modified_gmt":"2024-03-06T09:28:46","slug":"jornadas-misioneras-en-la-rue-du-bac","status":"publish","type":"post","link":"https:\/\/filles-de-la-charite.org\/fr\/jornadas-misioneras-en-la-rue-du-bac\/","title":{"rendered":"Journ\u00e9es missionnaires \u00e0 la rue du Bac"},"content":{"rendered":"\n<p>En 1926, le Pape Pie XI avait institu\u00e9 la Journ\u00e9e Missionnaire Mondiale afin de r\u00e9veiller dans l\u2019Eglise enti\u00e8re l\u2019importance de la solidarit\u00e9 universelle et de l\u2019engagement missionnaire.<\/p>\n\n\n\n<p>Depuis plusieurs ann\u00e9es, la c\u00e9l\u00e9bration des journ\u00e9es missionnaires est devenue une vraie tradition \u00e0 la Maison-M\u00e8re notamment par l\u2019exposition missionnaire.<\/p>\n\n\n\n<figure class=\"wp-block-image size-full\"><img loading=\"lazy\" decoding=\"async\" width=\"1024\" height=\"681\" src=\"https:\/\/filles-de-la-charite.org\/wp-content\/uploads\/2024\/03\/News-12.23-Jornadas-misioneras-en-la-rue-du-Bac-7.jpg\" alt=\"\" class=\"wp-image-34118\" srcset=\"https:\/\/filles-de-la-charite.org\/wp-content\/uploads\/2024\/03\/News-12.23-Jornadas-misioneras-en-la-rue-du-Bac-7.jpg 1024w, https:\/\/filles-de-la-charite.org\/wp-content\/uploads\/2024\/03\/News-12.23-Jornadas-misioneras-en-la-rue-du-Bac-7-980x652.jpg 980w, https:\/\/filles-de-la-charite.org\/wp-content\/uploads\/2024\/03\/News-12.23-Jornadas-misioneras-en-la-rue-du-Bac-7-480x319.jpg 480w\" sizes=\"(min-width: 0px) and (max-width: 480px) 480px, (min-width: 481px) and (max-width: 980px) 980px, (min-width: 981px) 1024px, 100vw\" \/><\/figure>\n\n\n\n<p>Cette ann\u00e9e, elles ont eu lieu les 21 au 22 octobre et ont \u00e9t\u00e9 marqu\u00e9es par le 400<sup>\u00e8me<\/sup>&nbsp;anniversaire de la Lumi\u00e8re de sainte Louise. Dans l\u2019all\u00e9e de la Chapelle, des panneaux la pr\u00e9sentaient pratiquant les \u0153uvres de mis\u00e9ricorde avec des photos de Filles de la Charit\u00e9 d\u2019aujourd\u2019hui au service dans diverses r\u00e9gions du monde.<\/p>\n\n\n\n<figure class=\"wp-block-image size-full\"><img loading=\"lazy\" decoding=\"async\" width=\"1024\" height=\"473\" src=\"https:\/\/filles-de-la-charite.org\/wp-content\/uploads\/2024\/03\/News-12.23-Jornadas-misioneras-en-la-rue-du-Bac-1.jpg\" alt=\"\" class=\"wp-image-34082\" srcset=\"https:\/\/filles-de-la-charite.org\/wp-content\/uploads\/2024\/03\/News-12.23-Jornadas-misioneras-en-la-rue-du-Bac-1.jpg 1024w, https:\/\/filles-de-la-charite.org\/wp-content\/uploads\/2024\/03\/News-12.23-Jornadas-misioneras-en-la-rue-du-Bac-1-980x453.jpg 980w, https:\/\/filles-de-la-charite.org\/wp-content\/uploads\/2024\/03\/News-12.23-Jornadas-misioneras-en-la-rue-du-Bac-1-480x222.jpg 480w\" sizes=\"(min-width: 0px) and (max-width: 480px) 480px, (min-width: 481px) and (max-width: 980px) 980px, (min-width: 981px) 1024px, 100vw\" \/><\/figure>\n\n\n\n<p>L\u2019objectif de notre exposition missionnaire cette ann\u00e9e \u00e9tait le soutien de deux projets&nbsp;:<\/p>\n\n\n\n<figure class=\"wp-block-image size-full\"><img loading=\"lazy\" decoding=\"async\" width=\"1024\" height=\"771\" src=\"https:\/\/filles-de-la-charite.org\/wp-content\/uploads\/2024\/03\/News-12.23-Jornadas-misioneras-en-la-rue-du-Bac-1.jpeg\" alt=\"\" class=\"wp-image-34076\" srcset=\"https:\/\/filles-de-la-charite.org\/wp-content\/uploads\/2024\/03\/News-12.23-Jornadas-misioneras-en-la-rue-du-Bac-1.jpeg 1024w, https:\/\/filles-de-la-charite.org\/wp-content\/uploads\/2024\/03\/News-12.23-Jornadas-misioneras-en-la-rue-du-Bac-1-980x738.jpeg 980w, https:\/\/filles-de-la-charite.org\/wp-content\/uploads\/2024\/03\/News-12.23-Jornadas-misioneras-en-la-rue-du-Bac-1-480x361.jpeg 480w\" sizes=\"(min-width: 0px) and (max-width: 480px) 480px, (min-width: 481px) and (max-width: 980px) 980px, (min-width: 981px) 1024px, 100vw\" \/><\/figure>\n\n\n\n<ul class=\"wp-block-list\">\n<li>Le coll\u00e8ge Sainte Catherine Labour\u00e9 de Midjivin (Cameroun) \u2013&nbsp;<em>S\u00e9curiser et v\u00e9g\u00e9taliser pour r\u00e9duire la surchauffe du coll\u00e8ge<\/em>.<\/li>\n\n\n\n<li>Une mission dans une banlieue de Curitiba (Br\u00e9sil)&nbsp;\u2013&nbsp;<em>Prot\u00e9ger les enfants et les adolescents de la violence et de la consommation des drogues en leur am\u00e9nageant un espace pour la pratique du sport.<\/em><\/li>\n<\/ul>\n\n\n\n<p>Le vendredi soir, nous avons v\u00e9cu une veill\u00e9e \u00e0 la Chapelle avec le groupe \u00ab&nbsp;A J\u00e9sus par Marie&nbsp;\u00bb.&nbsp; Notre pri\u00e8re \u00e0 l\u2019intention des peuples de tous les continents a \u00e9t\u00e9 soutenue par la m\u00e9ditation sur le message du Pape Fran\u00e7ois pour la Journ\u00e9e Missionnaire Mondiale&nbsp;:&nbsp;<em>\u00ab&nbsp;Des c\u0153urs br\u00fblants, des pieds en marche&nbsp;\u00bb<\/em>&nbsp;(cf. Lc 24, 13-35).<\/p>\n\n\n\n<figure class=\"wp-block-image size-full\"><img loading=\"lazy\" decoding=\"async\" width=\"1024\" height=\"681\" src=\"https:\/\/filles-de-la-charite.org\/wp-content\/uploads\/2024\/03\/News-12.23-Jornadas-misioneras-en-la-rue-du-Bac-6.jpg\" alt=\"\" class=\"wp-image-34112\" srcset=\"https:\/\/filles-de-la-charite.org\/wp-content\/uploads\/2024\/03\/News-12.23-Jornadas-misioneras-en-la-rue-du-Bac-6.jpg 1024w, https:\/\/filles-de-la-charite.org\/wp-content\/uploads\/2024\/03\/News-12.23-Jornadas-misioneras-en-la-rue-du-Bac-6-980x652.jpg 980w, https:\/\/filles-de-la-charite.org\/wp-content\/uploads\/2024\/03\/News-12.23-Jornadas-misioneras-en-la-rue-du-Bac-6-480x319.jpg 480w\" sizes=\"(min-width: 0px) and (max-width: 480px) 480px, (min-width: 481px) and (max-width: 980px) 980px, (min-width: 981px) 1024px, 100vw\" \/><\/figure>\n\n\n\n<p>Le samedi matin, pour l\u2019ouverture, en pr\u00e9sence des premiers visiteurs, les stands ont \u00e9t\u00e9 b\u00e9nis&nbsp;: Tr\u00e9sors Spirituels, Artisans au-del\u00e0 des fronti\u00e8res, Doigts de F\u00e9e, Coup de c\u0153ur, panier \u00ab&nbsp;surprise&nbsp;\u00bb, cafeteria. Un espace attendait les enfants pour un voyage en train. Il a donn\u00e9 beaucoup de joie, non seulement pour les enfants, mais aussi pour les adultes\u2026<\/p>\n\n\n\n<figure class=\"wp-block-image size-full\"><img loading=\"lazy\" decoding=\"async\" width=\"1024\" height=\"473\" src=\"https:\/\/filles-de-la-charite.org\/wp-content\/uploads\/2024\/03\/News-12.23-Jornadas-misioneras-en-la-rue-du-Bac-3.jpg\" alt=\"\" class=\"wp-image-34094\" srcset=\"https:\/\/filles-de-la-charite.org\/wp-content\/uploads\/2024\/03\/News-12.23-Jornadas-misioneras-en-la-rue-du-Bac-3.jpg 1024w, https:\/\/filles-de-la-charite.org\/wp-content\/uploads\/2024\/03\/News-12.23-Jornadas-misioneras-en-la-rue-du-Bac-3-980x453.jpg 980w, https:\/\/filles-de-la-charite.org\/wp-content\/uploads\/2024\/03\/News-12.23-Jornadas-misioneras-en-la-rue-du-Bac-3-480x222.jpg 480w\" sizes=\"(min-width: 0px) and (max-width: 480px) 480px, (min-width: 481px) and (max-width: 980px) 980px, (min-width: 981px) 1024px, 100vw\" \/><\/figure>\n\n\n\n<p>Nombreuses personnes, b\u00e9n\u00e9voles et salari\u00e9s se sont engag\u00e9s pour apporter leur part \u00e0 cet \u00e9v\u00e9nement. L\u2019ambiance \u00e9tait tr\u00e8s joyeuse et fraternelle, au rythme de musique et de danses de l\u2019Afrique, de l\u2019Asie et autres\u2026<\/p>\n\n\n\n<figure class=\"wp-block-image size-full\"><img loading=\"lazy\" decoding=\"async\" width=\"1024\" height=\"681\" src=\"https:\/\/filles-de-la-charite.org\/wp-content\/uploads\/2024\/03\/News-12.23-Jornadas-misioneras-en-la-rue-du-Bac-4.jpg\" alt=\"\" class=\"wp-image-34100\" srcset=\"https:\/\/filles-de-la-charite.org\/wp-content\/uploads\/2024\/03\/News-12.23-Jornadas-misioneras-en-la-rue-du-Bac-4.jpg 1024w, https:\/\/filles-de-la-charite.org\/wp-content\/uploads\/2024\/03\/News-12.23-Jornadas-misioneras-en-la-rue-du-Bac-4-980x652.jpg 980w, https:\/\/filles-de-la-charite.org\/wp-content\/uploads\/2024\/03\/News-12.23-Jornadas-misioneras-en-la-rue-du-Bac-4-480x319.jpg 480w\" sizes=\"(min-width: 0px) and (max-width: 480px) 480px, (min-width: 481px) and (max-width: 980px) 980px, (min-width: 981px) 1024px, 100vw\" \/><\/figure>\n\n\n\n<p>Nous avons senti que les personnes aiment les missions et veulent soutenir les projets en faveur des fr\u00e8res et s\u0153urs pauvres.<\/p>\n\n\n\n<p><em>\u00ab&nbsp;Dieu aime les pauvres et, par cons\u00e9quent, Il aime ceux qui aiment les pauvres&nbsp;\u00bb<\/em>&nbsp;(St Vincent de Paul).<\/p>\n\n\n\n<p>A la fin de ces deux journ\u00e9es, ensemble \u00e0 la Chapelle, nous avons pri\u00e9, exprim\u00e9 notre reconnaissance envers tous ceux et celles qui ont \u00e9t\u00e9 avec nous pendant ces moments forts et rendu gr\u00e2ce au Seigneur.<\/p>\n\n\n\n<figure class=\"wp-block-image size-full\"><img loading=\"lazy\" decoding=\"async\" width=\"1024\" height=\"473\" src=\"https:\/\/filles-de-la-charite.org\/wp-content\/uploads\/2024\/03\/News-12.23-Jornadas-misioneras-en-la-rue-du-Bac-2.jpg\" alt=\"\" class=\"wp-image-34088\" srcset=\"https:\/\/filles-de-la-charite.org\/wp-content\/uploads\/2024\/03\/News-12.23-Jornadas-misioneras-en-la-rue-du-Bac-2.jpg 1024w, https:\/\/filles-de-la-charite.org\/wp-content\/uploads\/2024\/03\/News-12.23-Jornadas-misioneras-en-la-rue-du-Bac-2-980x453.jpg 980w, https:\/\/filles-de-la-charite.org\/wp-content\/uploads\/2024\/03\/News-12.23-Jornadas-misioneras-en-la-rue-du-Bac-2-480x222.jpg 480w\" sizes=\"(min-width: 0px) and (max-width: 480px) 480px, (min-width: 481px) and (max-width: 980px) 980px, (min-width: 981px) 1024px, 100vw\" \/><\/figure>\n\n\n\n<p><em>\u00ab\u00a0\u2026 A semer largement, on r\u00e9colte largement. Que chacun donne comme il a d\u00e9cid\u00e9 dans son c\u0153ur, sans regret et sans contrainte, car Dieu aime celui qui donne joyeusement. Et Dieu est assez puissant pour vous donner toute gr\u00e2ce en abondance, afin que vous ayez, en toute chose et toujours, tout ce qu\u2019il vous faut, et m\u00eame que vous ayez en abondance de quoi faire toute sorte de bien\u00a0\u00bb (2 Co 9, 6-8).<\/em><\/p>\n","protected":false},"excerpt":{"rendered":"<p>En 1926, le Pape Pie XI avait institu\u00e9 la Journ\u00e9e Missionnaire Mondiale afin de r\u00e9veiller dans l\u2019Eglise enti\u00e8re l\u2019importance de la solidarit\u00e9 universelle et de l\u2019engagement missionnaire. Depuis plusieurs ann\u00e9es, la c\u00e9l\u00e9bration des journ\u00e9es missionnaires est devenue une vraie tradition \u00e0 la Maison-M\u00e8re notamment par l\u2019exposition missionnaire. Cette ann\u00e9e, elles ont eu lieu les 21 [&hellip;]<\/p>\n","protected":false},"author":5,"featured_media":34103,"comment_status":"closed","ping_status":"closed","sticky":false,"template":"","format":"standard","meta":{"_acf_changed":false,"footnotes":"","_links_to":"","_links_to_target":""},"categories":[558],"tags":[],"class_list":["post-34122","post","type-post","status-publish","format-standard","has-post-thumbnail","hentry","category-maison-mere-fr"],"acf":[],"yoast_head":"<!-- This site is optimized with the Yoast SEO plugin v27.5 - https:\/\/yoast.com\/product\/yoast-seo-wordpress\/ -->\n<title>Journ\u00e9es missionnaires \u00e0 la rue du Bac - Filles de la Charit\u00e9<\/title>\n<meta name=\"robots\" content=\"index, follow, max-snippet:-1, max-image-preview:large, max-video-preview:-1\" \/>\n<link rel=\"canonical\" href=\"https:\/\/filles-de-la-charite.org\/fr\/jornadas-misioneras-en-la-rue-du-bac\/\" \/>\n<meta property=\"og:locale\" content=\"fr_FR\" \/>\n<meta property=\"og:type\" content=\"article\" \/>\n<meta property=\"og:title\" content=\"Journ\u00e9es missionnaires \u00e0 la rue du Bac - Filles de la Charit\u00e9\" \/>\n<meta property=\"og:description\" content=\"En 1926, le Pape Pie XI avait institu\u00e9 la Journ\u00e9e Missionnaire Mondiale afin de r\u00e9veiller dans l\u2019Eglise enti\u00e8re l\u2019importance de la solidarit\u00e9 universelle et de l\u2019engagement missionnaire. Depuis plusieurs ann\u00e9es, la c\u00e9l\u00e9bration des journ\u00e9es missionnaires est devenue une vraie tradition \u00e0 la Maison-M\u00e8re notamment par l\u2019exposition missionnaire. Cette ann\u00e9e, elles ont eu lieu les 21 [&hellip;]\" \/>\n<meta property=\"og:url\" content=\"https:\/\/filles-de-la-charite.org\/fr\/jornadas-misioneras-en-la-rue-du-bac\/\" \/>\n<meta property=\"og:site_name\" content=\"Filles de la Charit\u00e9\" \/>\n<meta property=\"article:published_time\" content=\"2023-12-01T09:23:20+00:00\" \/>\n<meta property=\"article:modified_time\" content=\"2024-03-06T09:28:46+00:00\" \/>\n<meta property=\"og:image\" content=\"https:\/\/filles-de-la-charite.org\/wp-content\/uploads\/2024\/03\/News-12.23-Jornadas-misioneras-en-la-rue-du-Bac-5.jpg\" \/>\n\t<meta property=\"og:image:width\" content=\"2560\" \/>\n\t<meta property=\"og:image:height\" content=\"1182\" \/>\n\t<meta property=\"og:image:type\" content=\"image\/jpeg\" \/>\n<meta name=\"author\" content=\"SOR MARTA\" \/>\n<meta name=\"twitter:card\" content=\"summary_large_image\" \/>\n<meta name=\"twitter:label1\" content=\"\u00c9crit par\" \/>\n\t<meta name=\"twitter:data1\" content=\"SOR MARTA\" \/>\n\t<meta name=\"twitter:label2\" content=\"Dur\u00e9e de lecture estim\u00e9e\" \/>\n\t<meta name=\"twitter:data2\" content=\"3 minutes\" \/>\n<script type=\"application\/ld+json\" class=\"yoast-schema-graph\">{\"@context\":\"https:\\\/\\\/schema.org\",\"@graph\":[{\"@type\":\"Article\",\"@id\":\"https:\\\/\\\/filles-de-la-charite.org\\\/fr\\\/jornadas-misioneras-en-la-rue-du-bac\\\/#article\",\"isPartOf\":{\"@id\":\"https:\\\/\\\/filles-de-la-charite.org\\\/fr\\\/jornadas-misioneras-en-la-rue-du-bac\\\/\"},\"author\":{\"name\":\"SOR MARTA\",\"@id\":\"https:\\\/\\\/filles-de-la-charite.org\\\/fr\\\/#\\\/schema\\\/person\\\/0c922b6ca71280639858d297b3a7209f\"},\"headline\":\"Journ\u00e9es missionnaires \u00e0 la rue du Bac\",\"datePublished\":\"2023-12-01T09:23:20+00:00\",\"dateModified\":\"2024-03-06T09:28:46+00:00\",\"mainEntityOfPage\":{\"@id\":\"https:\\\/\\\/filles-de-la-charite.org\\\/fr\\\/jornadas-misioneras-en-la-rue-du-bac\\\/\"},\"wordCount\":543,\"publisher\":{\"@id\":\"https:\\\/\\\/filles-de-la-charite.org\\\/fr\\\/#organization\"},\"image\":{\"@id\":\"https:\\\/\\\/filles-de-la-charite.org\\\/fr\\\/jornadas-misioneras-en-la-rue-du-bac\\\/#primaryimage\"},\"thumbnailUrl\":\"https:\\\/\\\/filles-de-la-charite.org\\\/wp-content\\\/uploads\\\/2024\\\/03\\\/News-12.23-Jornadas-misioneras-en-la-rue-du-Bac-5.jpg\",\"articleSection\":[\"Maison-M\u00e8re\"],\"inLanguage\":\"fr-FR\"},{\"@type\":\"WebPage\",\"@id\":\"https:\\\/\\\/filles-de-la-charite.org\\\/fr\\\/jornadas-misioneras-en-la-rue-du-bac\\\/\",\"url\":\"https:\\\/\\\/filles-de-la-charite.org\\\/fr\\\/jornadas-misioneras-en-la-rue-du-bac\\\/\",\"name\":\"Journ\u00e9es missionnaires \u00e0 la rue du Bac - Filles de la Charit\u00e9\",\"isPartOf\":{\"@id\":\"https:\\\/\\\/filles-de-la-charite.org\\\/fr\\\/#website\"},\"primaryImageOfPage\":{\"@id\":\"https:\\\/\\\/filles-de-la-charite.org\\\/fr\\\/jornadas-misioneras-en-la-rue-du-bac\\\/#primaryimage\"},\"image\":{\"@id\":\"https:\\\/\\\/filles-de-la-charite.org\\\/fr\\\/jornadas-misioneras-en-la-rue-du-bac\\\/#primaryimage\"},\"thumbnailUrl\":\"https:\\\/\\\/filles-de-la-charite.org\\\/wp-content\\\/uploads\\\/2024\\\/03\\\/News-12.23-Jornadas-misioneras-en-la-rue-du-Bac-5.jpg\",\"datePublished\":\"2023-12-01T09:23:20+00:00\",\"dateModified\":\"2024-03-06T09:28:46+00:00\",\"breadcrumb\":{\"@id\":\"https:\\\/\\\/filles-de-la-charite.org\\\/fr\\\/jornadas-misioneras-en-la-rue-du-bac\\\/#breadcrumb\"},\"inLanguage\":\"fr-FR\",\"potentialAction\":[{\"@type\":\"ReadAction\",\"target\":[\"https:\\\/\\\/filles-de-la-charite.org\\\/fr\\\/jornadas-misioneras-en-la-rue-du-bac\\\/\"]}]},{\"@type\":\"ImageObject\",\"inLanguage\":\"fr-FR\",\"@id\":\"https:\\\/\\\/filles-de-la-charite.org\\\/fr\\\/jornadas-misioneras-en-la-rue-du-bac\\\/#primaryimage\",\"url\":\"https:\\\/\\\/filles-de-la-charite.org\\\/wp-content\\\/uploads\\\/2024\\\/03\\\/News-12.23-Jornadas-misioneras-en-la-rue-du-Bac-5.jpg\",\"contentUrl\":\"https:\\\/\\\/filles-de-la-charite.org\\\/wp-content\\\/uploads\\\/2024\\\/03\\\/News-12.23-Jornadas-misioneras-en-la-rue-du-Bac-5.jpg\",\"width\":2560,\"height\":1182},{\"@type\":\"BreadcrumbList\",\"@id\":\"https:\\\/\\\/filles-de-la-charite.org\\\/fr\\\/jornadas-misioneras-en-la-rue-du-bac\\\/#breadcrumb\",\"itemListElement\":[{\"@type\":\"ListItem\",\"position\":1,\"name\":\"Maison-M\u00e8re\",\"item\":\"https:\\\/\\\/filles-de-la-charite.org\\\/fr\\\/category\\\/maison-mere-fr\\\/\"},{\"@type\":\"ListItem\",\"position\":2,\"name\":\"Journ\u00e9es missionnaires \u00e0 la rue du Bac\"}]},{\"@type\":\"WebSite\",\"@id\":\"https:\\\/\\\/filles-de-la-charite.org\\\/fr\\\/#website\",\"url\":\"https:\\\/\\\/filles-de-la-charite.org\\\/fr\\\/\",\"name\":\"Hijas de la Caridad\",\"description\":\"L\u2019amour de J\u00e9sus nous presse \u00e0 prendre soin des personnes les plus d\u00e9munies\",\"publisher\":{\"@id\":\"https:\\\/\\\/filles-de-la-charite.org\\\/fr\\\/#organization\"},\"potentialAction\":[{\"@type\":\"SearchAction\",\"target\":{\"@type\":\"EntryPoint\",\"urlTemplate\":\"https:\\\/\\\/filles-de-la-charite.org\\\/fr\\\/?s={search_term_string}\"},\"query-input\":{\"@type\":\"PropertyValueSpecification\",\"valueRequired\":true,\"valueName\":\"search_term_string\"}}],\"inLanguage\":\"fr-FR\"},{\"@type\":\"Organization\",\"@id\":\"https:\\\/\\\/filles-de-la-charite.org\\\/fr\\\/#organization\",\"name\":\"Hijas de la Caridad\",\"url\":\"https:\\\/\\\/filles-de-la-charite.org\\\/fr\\\/\",\"logo\":{\"@type\":\"ImageObject\",\"inLanguage\":\"fr-FR\",\"@id\":\"https:\\\/\\\/filles-de-la-charite.org\\\/fr\\\/#\\\/schema\\\/logo\\\/image\\\/\",\"url\":\"https:\\\/\\\/filles-de-la-charite.org\\\/wp-content\\\/uploads\\\/2023\\\/03\\\/isotipo-Hijas-de-la-Caridad.png\",\"contentUrl\":\"https:\\\/\\\/filles-de-la-charite.org\\\/wp-content\\\/uploads\\\/2023\\\/03\\\/isotipo-Hijas-de-la-Caridad.png\",\"width\":1417,\"height\":1417,\"caption\":\"Hijas de la Caridad\"},\"image\":{\"@id\":\"https:\\\/\\\/filles-de-la-charite.org\\\/fr\\\/#\\\/schema\\\/logo\\\/image\\\/\"}},{\"@type\":\"Person\",\"@id\":\"https:\\\/\\\/filles-de-la-charite.org\\\/fr\\\/#\\\/schema\\\/person\\\/0c922b6ca71280639858d297b3a7209f\",\"name\":\"SOR MARTA\",\"image\":{\"@type\":\"ImageObject\",\"inLanguage\":\"fr-FR\",\"@id\":\"https:\\\/\\\/secure.gravatar.com\\\/avatar\\\/d2c45b0fd6bf2d3e2670ab3d112257c24ac80fa960360bba1bdc0676485d1d09?s=96&d=mm&r=g\",\"url\":\"https:\\\/\\\/secure.gravatar.com\\\/avatar\\\/d2c45b0fd6bf2d3e2670ab3d112257c24ac80fa960360bba1bdc0676485d1d09?s=96&d=mm&r=g\",\"contentUrl\":\"https:\\\/\\\/secure.gravatar.com\\\/avatar\\\/d2c45b0fd6bf2d3e2670ab3d112257c24ac80fa960360bba1bdc0676485d1d09?s=96&d=mm&r=g\",\"caption\":\"SOR MARTA\"},\"url\":\"https:\\\/\\\/filles-de-la-charite.org\\\/fr\\\/author\\\/martaemn\\\/\"}]}<\/script>\n<!-- \/ Yoast SEO plugin. -->","yoast_head_json":{"title":"Journ\u00e9es missionnaires \u00e0 la rue du Bac - Filles de la Charit\u00e9","robots":{"index":"index","follow":"follow","max-snippet":"max-snippet:-1","max-image-preview":"max-image-preview:large","max-video-preview":"max-video-preview:-1"},"canonical":"https:\/\/filles-de-la-charite.org\/fr\/jornadas-misioneras-en-la-rue-du-bac\/","og_locale":"fr_FR","og_type":"article","og_title":"Journ\u00e9es missionnaires \u00e0 la rue du Bac - Filles de la Charit\u00e9","og_description":"En 1926, le Pape Pie XI avait institu\u00e9 la Journ\u00e9e Missionnaire Mondiale afin de r\u00e9veiller dans l\u2019Eglise enti\u00e8re l\u2019importance de la solidarit\u00e9 universelle et de l\u2019engagement missionnaire. Depuis plusieurs ann\u00e9es, la c\u00e9l\u00e9bration des journ\u00e9es missionnaires est devenue une vraie tradition \u00e0 la Maison-M\u00e8re notamment par l\u2019exposition missionnaire. Cette ann\u00e9e, elles ont eu lieu les 21 [&hellip;]","og_url":"https:\/\/filles-de-la-charite.org\/fr\/jornadas-misioneras-en-la-rue-du-bac\/","og_site_name":"Filles de la Charit\u00e9","article_published_time":"2023-12-01T09:23:20+00:00","article_modified_time":"2024-03-06T09:28:46+00:00","og_image":[{"width":2560,"height":1182,"url":"https:\/\/filles-de-la-charite.org\/wp-content\/uploads\/2024\/03\/News-12.23-Jornadas-misioneras-en-la-rue-du-Bac-5.jpg","type":"image\/jpeg"}],"author":"SOR MARTA","twitter_card":"summary_large_image","twitter_misc":{"\u00c9crit par":"SOR MARTA","Dur\u00e9e de lecture estim\u00e9e":"3 minutes"},"schema":{"@context":"https:\/\/schema.org","@graph":[{"@type":"Article","@id":"https:\/\/filles-de-la-charite.org\/fr\/jornadas-misioneras-en-la-rue-du-bac\/#article","isPartOf":{"@id":"https:\/\/filles-de-la-charite.org\/fr\/jornadas-misioneras-en-la-rue-du-bac\/"},"author":{"name":"SOR MARTA","@id":"https:\/\/filles-de-la-charite.org\/fr\/#\/schema\/person\/0c922b6ca71280639858d297b3a7209f"},"headline":"Journ\u00e9es missionnaires \u00e0 la rue du Bac","datePublished":"2023-12-01T09:23:20+00:00","dateModified":"2024-03-06T09:28:46+00:00","mainEntityOfPage":{"@id":"https:\/\/filles-de-la-charite.org\/fr\/jornadas-misioneras-en-la-rue-du-bac\/"},"wordCount":543,"publisher":{"@id":"https:\/\/filles-de-la-charite.org\/fr\/#organization"},"image":{"@id":"https:\/\/filles-de-la-charite.org\/fr\/jornadas-misioneras-en-la-rue-du-bac\/#primaryimage"},"thumbnailUrl":"https:\/\/filles-de-la-charite.org\/wp-content\/uploads\/2024\/03\/News-12.23-Jornadas-misioneras-en-la-rue-du-Bac-5.jpg","articleSection":["Maison-M\u00e8re"],"inLanguage":"fr-FR"},{"@type":"WebPage","@id":"https:\/\/filles-de-la-charite.org\/fr\/jornadas-misioneras-en-la-rue-du-bac\/","url":"https:\/\/filles-de-la-charite.org\/fr\/jornadas-misioneras-en-la-rue-du-bac\/","name":"Journ\u00e9es missionnaires \u00e0 la rue du Bac - Filles de la Charit\u00e9","isPartOf":{"@id":"https:\/\/filles-de-la-charite.org\/fr\/#website"},"primaryImageOfPage":{"@id":"https:\/\/filles-de-la-charite.org\/fr\/jornadas-misioneras-en-la-rue-du-bac\/#primaryimage"},"image":{"@id":"https:\/\/filles-de-la-charite.org\/fr\/jornadas-misioneras-en-la-rue-du-bac\/#primaryimage"},"thumbnailUrl":"https:\/\/filles-de-la-charite.org\/wp-content\/uploads\/2024\/03\/News-12.23-Jornadas-misioneras-en-la-rue-du-Bac-5.jpg","datePublished":"2023-12-01T09:23:20+00:00","dateModified":"2024-03-06T09:28:46+00:00","breadcrumb":{"@id":"https:\/\/filles-de-la-charite.org\/fr\/jornadas-misioneras-en-la-rue-du-bac\/#breadcrumb"},"inLanguage":"fr-FR","potentialAction":[{"@type":"ReadAction","target":["https:\/\/filles-de-la-charite.org\/fr\/jornadas-misioneras-en-la-rue-du-bac\/"]}]},{"@type":"ImageObject","inLanguage":"fr-FR","@id":"https:\/\/filles-de-la-charite.org\/fr\/jornadas-misioneras-en-la-rue-du-bac\/#primaryimage","url":"https:\/\/filles-de-la-charite.org\/wp-content\/uploads\/2024\/03\/News-12.23-Jornadas-misioneras-en-la-rue-du-Bac-5.jpg","contentUrl":"https:\/\/filles-de-la-charite.org\/wp-content\/uploads\/2024\/03\/News-12.23-Jornadas-misioneras-en-la-rue-du-Bac-5.jpg","width":2560,"height":1182},{"@type":"BreadcrumbList","@id":"https:\/\/filles-de-la-charite.org\/fr\/jornadas-misioneras-en-la-rue-du-bac\/#breadcrumb","itemListElement":[{"@type":"ListItem","position":1,"name":"Maison-M\u00e8re","item":"https:\/\/filles-de-la-charite.org\/fr\/category\/maison-mere-fr\/"},{"@type":"ListItem","position":2,"name":"Journ\u00e9es missionnaires \u00e0 la rue du Bac"}]},{"@type":"WebSite","@id":"https:\/\/filles-de-la-charite.org\/fr\/#website","url":"https:\/\/filles-de-la-charite.org\/fr\/","name":"Hijas de la Caridad","description":"L\u2019amour de J\u00e9sus nous presse \u00e0 prendre soin des personnes les plus d\u00e9munies","publisher":{"@id":"https:\/\/filles-de-la-charite.org\/fr\/#organization"},"potentialAction":[{"@type":"SearchAction","target":{"@type":"EntryPoint","urlTemplate":"https:\/\/filles-de-la-charite.org\/fr\/?s={search_term_string}"},"query-input":{"@type":"PropertyValueSpecification","valueRequired":true,"valueName":"search_term_string"}}],"inLanguage":"fr-FR"},{"@type":"Organization","@id":"https:\/\/filles-de-la-charite.org\/fr\/#organization","name":"Hijas de la Caridad","url":"https:\/\/filles-de-la-charite.org\/fr\/","logo":{"@type":"ImageObject","inLanguage":"fr-FR","@id":"https:\/\/filles-de-la-charite.org\/fr\/#\/schema\/logo\/image\/","url":"https:\/\/filles-de-la-charite.org\/wp-content\/uploads\/2023\/03\/isotipo-Hijas-de-la-Caridad.png","contentUrl":"https:\/\/filles-de-la-charite.org\/wp-content\/uploads\/2023\/03\/isotipo-Hijas-de-la-Caridad.png","width":1417,"height":1417,"caption":"Hijas de la Caridad"},"image":{"@id":"https:\/\/filles-de-la-charite.org\/fr\/#\/schema\/logo\/image\/"}},{"@type":"Person","@id":"https:\/\/filles-de-la-charite.org\/fr\/#\/schema\/person\/0c922b6ca71280639858d297b3a7209f","name":"SOR MARTA","image":{"@type":"ImageObject","inLanguage":"fr-FR","@id":"https:\/\/secure.gravatar.com\/avatar\/d2c45b0fd6bf2d3e2670ab3d112257c24ac80fa960360bba1bdc0676485d1d09?s=96&d=mm&r=g","url":"https:\/\/secure.gravatar.com\/avatar\/d2c45b0fd6bf2d3e2670ab3d112257c24ac80fa960360bba1bdc0676485d1d09?s=96&d=mm&r=g","contentUrl":"https:\/\/secure.gravatar.com\/avatar\/d2c45b0fd6bf2d3e2670ab3d112257c24ac80fa960360bba1bdc0676485d1d09?s=96&d=mm&r=g","caption":"SOR MARTA"},"url":"https:\/\/filles-de-la-charite.org\/fr\/author\/martaemn\/"}]}},"_links":{"self":[{"href":"https:\/\/filles-de-la-charite.org\/fr\/wp-json\/wp\/v2\/posts\/34122","targetHints":{"allow":["GET"]}}],"collection":[{"href":"https:\/\/filles-de-la-charite.org\/fr\/wp-json\/wp\/v2\/posts"}],"about":[{"href":"https:\/\/filles-de-la-charite.org\/fr\/wp-json\/wp\/v2\/types\/post"}],"author":[{"embeddable":true,"href":"https:\/\/filles-de-la-charite.org\/fr\/wp-json\/wp\/v2\/users\/5"}],"replies":[{"embeddable":true,"href":"https:\/\/filles-de-la-charite.org\/fr\/wp-json\/wp\/v2\/comments?post=34122"}],"version-history":[{"count":1,"href":"https:\/\/filles-de-la-charite.org\/fr\/wp-json\/wp\/v2\/posts\/34122\/revisions"}],"predecessor-version":[{"id":34129,"href":"https:\/\/filles-de-la-charite.org\/fr\/wp-json\/wp\/v2\/posts\/34122\/revisions\/34129"}],"wp:featuredmedia":[{"embeddable":true,"href":"https:\/\/filles-de-la-charite.org\/fr\/wp-json\/wp\/v2\/media\/34103"}],"wp:attachment":[{"href":"https:\/\/filles-de-la-charite.org\/fr\/wp-json\/wp\/v2\/media?parent=34122"}],"wp:term":[{"taxonomy":"category","embeddable":true,"href":"https:\/\/filles-de-la-charite.org\/fr\/wp-json\/wp\/v2\/categories?post=34122"},{"taxonomy":"post_tag","embeddable":true,"href":"https:\/\/filles-de-la-charite.org\/fr\/wp-json\/wp\/v2\/tags?post=34122"}],"curies":[{"name":"wp","href":"https:\/\/api.w.org\/{rel}","templated":true}]}}