{"id":34175,"date":"2024-01-08T11:47:38","date_gmt":"2024-01-08T10:47:38","guid":{"rendered":"https:\/\/hijascaridad.sjdigitaldemo.ovh\/fallecimiento-de-sor-evelyne-franc\/"},"modified":"2024-03-06T11:54:00","modified_gmt":"2024-03-06T10:54:00","slug":"fallecimiento-de-sor-evelyne-franc","status":"publish","type":"post","link":"https:\/\/filles-de-la-charite.org\/fr\/fallecimiento-de-sor-evelyne-franc\/","title":{"rendered":"D\u00e9c\u00e8s de S\u0153ur Evelyne Franc"},"content":{"rendered":"\n<p>Soeur Evelyne FRANC, Sup\u00e9rieure g\u00e9n\u00e9rale de 2003 \u00e0 2015, est d\u00e9c\u00e9d\u00e9e ce lundi 8 janvier 2024, \u00e2g\u00e9e de 75 ans, 49 ans de vocation.<\/p>\n\n\n\n<p>Ses fun\u00e9railles seront c\u00e9l\u00e9br\u00e9es le vendredi 12 janvier 2024 \u00e0 11 heures, \u00e0 la chapelle de la R\u00e9sidence de la Providence au Coteau, Communaut\u00e9 de la Province Belgique-France-Suisse qu\u2019elle avait rejoint \u00e0 la fin de son mandat de Sup\u00e9rieure g\u00e9n\u00e9rale.<\/p>\n\n\n\n<p>Nous rendons gr\u00e2ce \u00e0 Dieu pour sa belle vie, pour son attachement ind\u00e9fectible au Christ et son d\u00e9vouement inlassable au service de la Compagnie durant toutes ces ann\u00e9es.<\/p>\n\n\n\n<p>Nous prions pour elle, sa famille, les pauvres qu\u2019elle a servis et aim\u00e9s et les S\u0153urs qu\u2019elle a connues et accompagn\u00e9es.<\/p>\n\n\n\n<p>Que le Seigneur l\u2019accueille dans sa paix et sa joie&nbsp;!<\/p>\n","protected":false},"excerpt":{"rendered":"<p>Soeur Evelyne FRANC, Sup\u00e9rieure g\u00e9n\u00e9rale de 2003 \u00e0 2015, est d\u00e9c\u00e9d\u00e9e ce lundi 8 janvier 2024, \u00e2g\u00e9e de 75 ans, 49 ans de vocation. Ses fun\u00e9railles seront c\u00e9l\u00e9br\u00e9es le vendredi 12 janvier 2024 \u00e0 11 heures, \u00e0 la chapelle de la R\u00e9sidence de la Providence au Coteau, Communaut\u00e9 de la Province Belgique-France-Suisse qu\u2019elle avait rejoint [&hellip;]<\/p>\n","protected":false},"author":5,"featured_media":34137,"comment_status":"closed","ping_status":"closed","sticky":false,"template":"","format":"standard","meta":{"_acf_changed":false,"_et_pb_use_builder":"","_et_pb_old_content":"","_et_gb_content_width":"","footnotes":"","_links_to":"","_links_to_target":""},"categories":[558],"tags":[],"class_list":["post-34175","post","type-post","status-publish","format-standard","has-post-thumbnail","hentry","category-maison-mere-fr"],"acf":[],"yoast_head":"<!-- This site is optimized with the Yoast SEO plugin v27.5 - https:\/\/yoast.com\/product\/yoast-seo-wordpress\/ -->\n<title>D\u00e9c\u00e8s de S\u0153ur Evelyne Franc - Filles de la Charit\u00e9<\/title>\n<meta name=\"robots\" content=\"index, follow, max-snippet:-1, max-image-preview:large, max-video-preview:-1\" \/>\n<link rel=\"canonical\" href=\"https:\/\/filles-de-la-charite.org\/fr\/fallecimiento-de-sor-evelyne-franc\/\" \/>\n<meta property=\"og:locale\" content=\"fr_FR\" \/>\n<meta property=\"og:type\" content=\"article\" \/>\n<meta property=\"og:title\" content=\"D\u00e9c\u00e8s de S\u0153ur Evelyne Franc - Filles de la Charit\u00e9\" \/>\n<meta property=\"og:description\" content=\"Soeur Evelyne FRANC, Sup\u00e9rieure g\u00e9n\u00e9rale de 2003 \u00e0 2015, est d\u00e9c\u00e9d\u00e9e ce lundi 8 janvier 2024, \u00e2g\u00e9e de 75 ans, 49 ans de vocation. Ses fun\u00e9railles seront c\u00e9l\u00e9br\u00e9es le vendredi 12 janvier 2024 \u00e0 11 heures, \u00e0 la chapelle de la R\u00e9sidence de la Providence au Coteau, Communaut\u00e9 de la Province Belgique-France-Suisse qu\u2019elle avait rejoint [&hellip;]\" \/>\n<meta property=\"og:url\" content=\"https:\/\/filles-de-la-charite.org\/fr\/fallecimiento-de-sor-evelyne-franc\/\" \/>\n<meta property=\"og:site_name\" content=\"Filles de la Charit\u00e9\" \/>\n<meta property=\"article:published_time\" content=\"2024-01-08T10:47:38+00:00\" \/>\n<meta property=\"article:modified_time\" content=\"2024-03-06T10:54:00+00:00\" \/>\n<meta property=\"og:image\" content=\"https:\/\/filles-de-la-charite.org\/wp-content\/uploads\/2024\/03\/News-08.01.24-Sor-Evelyne-Franc-2-scaled-1.jpg\" \/>\n\t<meta property=\"og:image:width\" content=\"2560\" \/>\n\t<meta property=\"og:image:height\" content=\"1440\" \/>\n\t<meta property=\"og:image:type\" content=\"image\/jpeg\" \/>\n<meta name=\"author\" content=\"SOR MARTA\" \/>\n<meta name=\"twitter:card\" content=\"summary_large_image\" \/>\n<meta name=\"twitter:label1\" content=\"\u00c9crit par\" \/>\n\t<meta name=\"twitter:data1\" content=\"SOR MARTA\" \/>\n\t<meta name=\"twitter:label2\" content=\"Dur\u00e9e de lecture estim\u00e9e\" \/>\n\t<meta name=\"twitter:data2\" content=\"1 minute\" \/>\n<script type=\"application\/ld+json\" class=\"yoast-schema-graph\">{\"@context\":\"https:\\\/\\\/schema.org\",\"@graph\":[{\"@type\":\"Article\",\"@id\":\"https:\\\/\\\/filles-de-la-charite.org\\\/fr\\\/fallecimiento-de-sor-evelyne-franc\\\/#article\",\"isPartOf\":{\"@id\":\"https:\\\/\\\/filles-de-la-charite.org\\\/fr\\\/fallecimiento-de-sor-evelyne-franc\\\/\"},\"author\":{\"name\":\"SOR MARTA\",\"@id\":\"https:\\\/\\\/filles-de-la-charite.org\\\/fr\\\/#\\\/schema\\\/person\\\/0c922b6ca71280639858d297b3a7209f\"},\"headline\":\"D\u00e9c\u00e8s de S\u0153ur Evelyne Franc\",\"datePublished\":\"2024-01-08T10:47:38+00:00\",\"dateModified\":\"2024-03-06T10:54:00+00:00\",\"mainEntityOfPage\":{\"@id\":\"https:\\\/\\\/filles-de-la-charite.org\\\/fr\\\/fallecimiento-de-sor-evelyne-franc\\\/\"},\"wordCount\":144,\"publisher\":{\"@id\":\"https:\\\/\\\/filles-de-la-charite.org\\\/fr\\\/#organization\"},\"image\":{\"@id\":\"https:\\\/\\\/filles-de-la-charite.org\\\/fr\\\/fallecimiento-de-sor-evelyne-franc\\\/#primaryimage\"},\"thumbnailUrl\":\"https:\\\/\\\/filles-de-la-charite.org\\\/wp-content\\\/uploads\\\/2024\\\/03\\\/News-08.01.24-Sor-Evelyne-Franc-2-scaled-1.jpg\",\"articleSection\":[\"Maison-M\u00e8re\"],\"inLanguage\":\"fr-FR\"},{\"@type\":\"WebPage\",\"@id\":\"https:\\\/\\\/filles-de-la-charite.org\\\/fr\\\/fallecimiento-de-sor-evelyne-franc\\\/\",\"url\":\"https:\\\/\\\/filles-de-la-charite.org\\\/fr\\\/fallecimiento-de-sor-evelyne-franc\\\/\",\"name\":\"D\u00e9c\u00e8s de S\u0153ur Evelyne Franc - Filles de la Charit\u00e9\",\"isPartOf\":{\"@id\":\"https:\\\/\\\/filles-de-la-charite.org\\\/fr\\\/#website\"},\"primaryImageOfPage\":{\"@id\":\"https:\\\/\\\/filles-de-la-charite.org\\\/fr\\\/fallecimiento-de-sor-evelyne-franc\\\/#primaryimage\"},\"image\":{\"@id\":\"https:\\\/\\\/filles-de-la-charite.org\\\/fr\\\/fallecimiento-de-sor-evelyne-franc\\\/#primaryimage\"},\"thumbnailUrl\":\"https:\\\/\\\/filles-de-la-charite.org\\\/wp-content\\\/uploads\\\/2024\\\/03\\\/News-08.01.24-Sor-Evelyne-Franc-2-scaled-1.jpg\",\"datePublished\":\"2024-01-08T10:47:38+00:00\",\"dateModified\":\"2024-03-06T10:54:00+00:00\",\"breadcrumb\":{\"@id\":\"https:\\\/\\\/filles-de-la-charite.org\\\/fr\\\/fallecimiento-de-sor-evelyne-franc\\\/#breadcrumb\"},\"inLanguage\":\"fr-FR\",\"potentialAction\":[{\"@type\":\"ReadAction\",\"target\":[\"https:\\\/\\\/filles-de-la-charite.org\\\/fr\\\/fallecimiento-de-sor-evelyne-franc\\\/\"]}]},{\"@type\":\"ImageObject\",\"inLanguage\":\"fr-FR\",\"@id\":\"https:\\\/\\\/filles-de-la-charite.org\\\/fr\\\/fallecimiento-de-sor-evelyne-franc\\\/#primaryimage\",\"url\":\"https:\\\/\\\/filles-de-la-charite.org\\\/wp-content\\\/uploads\\\/2024\\\/03\\\/News-08.01.24-Sor-Evelyne-Franc-2-scaled-1.jpg\",\"contentUrl\":\"https:\\\/\\\/filles-de-la-charite.org\\\/wp-content\\\/uploads\\\/2024\\\/03\\\/News-08.01.24-Sor-Evelyne-Franc-2-scaled-1.jpg\",\"width\":2560,\"height\":1440},{\"@type\":\"BreadcrumbList\",\"@id\":\"https:\\\/\\\/filles-de-la-charite.org\\\/fr\\\/fallecimiento-de-sor-evelyne-franc\\\/#breadcrumb\",\"itemListElement\":[{\"@type\":\"ListItem\",\"position\":1,\"name\":\"Maison-M\u00e8re\",\"item\":\"https:\\\/\\\/filles-de-la-charite.org\\\/fr\\\/category\\\/maison-mere-fr\\\/\"},{\"@type\":\"ListItem\",\"position\":2,\"name\":\"D\u00e9c\u00e8s de S\u0153ur Evelyne Franc\"}]},{\"@type\":\"WebSite\",\"@id\":\"https:\\\/\\\/filles-de-la-charite.org\\\/fr\\\/#website\",\"url\":\"https:\\\/\\\/filles-de-la-charite.org\\\/fr\\\/\",\"name\":\"Hijas de la Caridad\",\"description\":\"L\u2019amour de J\u00e9sus nous presse \u00e0 prendre soin des personnes les plus d\u00e9munies\",\"publisher\":{\"@id\":\"https:\\\/\\\/filles-de-la-charite.org\\\/fr\\\/#organization\"},\"potentialAction\":[{\"@type\":\"SearchAction\",\"target\":{\"@type\":\"EntryPoint\",\"urlTemplate\":\"https:\\\/\\\/filles-de-la-charite.org\\\/fr\\\/?s={search_term_string}\"},\"query-input\":{\"@type\":\"PropertyValueSpecification\",\"valueRequired\":true,\"valueName\":\"search_term_string\"}}],\"inLanguage\":\"fr-FR\"},{\"@type\":\"Organization\",\"@id\":\"https:\\\/\\\/filles-de-la-charite.org\\\/fr\\\/#organization\",\"name\":\"Hijas de la Caridad\",\"url\":\"https:\\\/\\\/filles-de-la-charite.org\\\/fr\\\/\",\"logo\":{\"@type\":\"ImageObject\",\"inLanguage\":\"fr-FR\",\"@id\":\"https:\\\/\\\/filles-de-la-charite.org\\\/fr\\\/#\\\/schema\\\/logo\\\/image\\\/\",\"url\":\"https:\\\/\\\/filles-de-la-charite.org\\\/wp-content\\\/uploads\\\/2023\\\/03\\\/isotipo-Hijas-de-la-Caridad.png\",\"contentUrl\":\"https:\\\/\\\/filles-de-la-charite.org\\\/wp-content\\\/uploads\\\/2023\\\/03\\\/isotipo-Hijas-de-la-Caridad.png\",\"width\":1417,\"height\":1417,\"caption\":\"Hijas de la Caridad\"},\"image\":{\"@id\":\"https:\\\/\\\/filles-de-la-charite.org\\\/fr\\\/#\\\/schema\\\/logo\\\/image\\\/\"}},{\"@type\":\"Person\",\"@id\":\"https:\\\/\\\/filles-de-la-charite.org\\\/fr\\\/#\\\/schema\\\/person\\\/0c922b6ca71280639858d297b3a7209f\",\"name\":\"SOR MARTA\",\"image\":{\"@type\":\"ImageObject\",\"inLanguage\":\"fr-FR\",\"@id\":\"https:\\\/\\\/secure.gravatar.com\\\/avatar\\\/d2c45b0fd6bf2d3e2670ab3d112257c24ac80fa960360bba1bdc0676485d1d09?s=96&d=mm&r=g\",\"url\":\"https:\\\/\\\/secure.gravatar.com\\\/avatar\\\/d2c45b0fd6bf2d3e2670ab3d112257c24ac80fa960360bba1bdc0676485d1d09?s=96&d=mm&r=g\",\"contentUrl\":\"https:\\\/\\\/secure.gravatar.com\\\/avatar\\\/d2c45b0fd6bf2d3e2670ab3d112257c24ac80fa960360bba1bdc0676485d1d09?s=96&d=mm&r=g\",\"caption\":\"SOR MARTA\"},\"url\":\"https:\\\/\\\/filles-de-la-charite.org\\\/fr\\\/author\\\/martaemn\\\/\"}]}<\/script>\n<!-- \/ Yoast SEO plugin. -->","yoast_head_json":{"title":"D\u00e9c\u00e8s de S\u0153ur Evelyne Franc - Filles de la Charit\u00e9","robots":{"index":"index","follow":"follow","max-snippet":"max-snippet:-1","max-image-preview":"max-image-preview:large","max-video-preview":"max-video-preview:-1"},"canonical":"https:\/\/filles-de-la-charite.org\/fr\/fallecimiento-de-sor-evelyne-franc\/","og_locale":"fr_FR","og_type":"article","og_title":"D\u00e9c\u00e8s de S\u0153ur Evelyne Franc - Filles de la Charit\u00e9","og_description":"Soeur Evelyne FRANC, Sup\u00e9rieure g\u00e9n\u00e9rale de 2003 \u00e0 2015, est d\u00e9c\u00e9d\u00e9e ce lundi 8 janvier 2024, \u00e2g\u00e9e de 75 ans, 49 ans de vocation. Ses fun\u00e9railles seront c\u00e9l\u00e9br\u00e9es le vendredi 12 janvier 2024 \u00e0 11 heures, \u00e0 la chapelle de la R\u00e9sidence de la Providence au Coteau, Communaut\u00e9 de la Province Belgique-France-Suisse qu\u2019elle avait rejoint [&hellip;]","og_url":"https:\/\/filles-de-la-charite.org\/fr\/fallecimiento-de-sor-evelyne-franc\/","og_site_name":"Filles de la Charit\u00e9","article_published_time":"2024-01-08T10:47:38+00:00","article_modified_time":"2024-03-06T10:54:00+00:00","og_image":[{"width":2560,"height":1440,"url":"https:\/\/filles-de-la-charite.org\/wp-content\/uploads\/2024\/03\/News-08.01.24-Sor-Evelyne-Franc-2-scaled-1.jpg","type":"image\/jpeg"}],"author":"SOR MARTA","twitter_card":"summary_large_image","twitter_misc":{"\u00c9crit par":"SOR MARTA","Dur\u00e9e de lecture estim\u00e9e":"1 minute"},"schema":{"@context":"https:\/\/schema.org","@graph":[{"@type":"Article","@id":"https:\/\/filles-de-la-charite.org\/fr\/fallecimiento-de-sor-evelyne-franc\/#article","isPartOf":{"@id":"https:\/\/filles-de-la-charite.org\/fr\/fallecimiento-de-sor-evelyne-franc\/"},"author":{"name":"SOR MARTA","@id":"https:\/\/filles-de-la-charite.org\/fr\/#\/schema\/person\/0c922b6ca71280639858d297b3a7209f"},"headline":"D\u00e9c\u00e8s de S\u0153ur Evelyne Franc","datePublished":"2024-01-08T10:47:38+00:00","dateModified":"2024-03-06T10:54:00+00:00","mainEntityOfPage":{"@id":"https:\/\/filles-de-la-charite.org\/fr\/fallecimiento-de-sor-evelyne-franc\/"},"wordCount":144,"publisher":{"@id":"https:\/\/filles-de-la-charite.org\/fr\/#organization"},"image":{"@id":"https:\/\/filles-de-la-charite.org\/fr\/fallecimiento-de-sor-evelyne-franc\/#primaryimage"},"thumbnailUrl":"https:\/\/filles-de-la-charite.org\/wp-content\/uploads\/2024\/03\/News-08.01.24-Sor-Evelyne-Franc-2-scaled-1.jpg","articleSection":["Maison-M\u00e8re"],"inLanguage":"fr-FR"},{"@type":"WebPage","@id":"https:\/\/filles-de-la-charite.org\/fr\/fallecimiento-de-sor-evelyne-franc\/","url":"https:\/\/filles-de-la-charite.org\/fr\/fallecimiento-de-sor-evelyne-franc\/","name":"D\u00e9c\u00e8s de S\u0153ur Evelyne Franc - Filles de la Charit\u00e9","isPartOf":{"@id":"https:\/\/filles-de-la-charite.org\/fr\/#website"},"primaryImageOfPage":{"@id":"https:\/\/filles-de-la-charite.org\/fr\/fallecimiento-de-sor-evelyne-franc\/#primaryimage"},"image":{"@id":"https:\/\/filles-de-la-charite.org\/fr\/fallecimiento-de-sor-evelyne-franc\/#primaryimage"},"thumbnailUrl":"https:\/\/filles-de-la-charite.org\/wp-content\/uploads\/2024\/03\/News-08.01.24-Sor-Evelyne-Franc-2-scaled-1.jpg","datePublished":"2024-01-08T10:47:38+00:00","dateModified":"2024-03-06T10:54:00+00:00","breadcrumb":{"@id":"https:\/\/filles-de-la-charite.org\/fr\/fallecimiento-de-sor-evelyne-franc\/#breadcrumb"},"inLanguage":"fr-FR","potentialAction":[{"@type":"ReadAction","target":["https:\/\/filles-de-la-charite.org\/fr\/fallecimiento-de-sor-evelyne-franc\/"]}]},{"@type":"ImageObject","inLanguage":"fr-FR","@id":"https:\/\/filles-de-la-charite.org\/fr\/fallecimiento-de-sor-evelyne-franc\/#primaryimage","url":"https:\/\/filles-de-la-charite.org\/wp-content\/uploads\/2024\/03\/News-08.01.24-Sor-Evelyne-Franc-2-scaled-1.jpg","contentUrl":"https:\/\/filles-de-la-charite.org\/wp-content\/uploads\/2024\/03\/News-08.01.24-Sor-Evelyne-Franc-2-scaled-1.jpg","width":2560,"height":1440},{"@type":"BreadcrumbList","@id":"https:\/\/filles-de-la-charite.org\/fr\/fallecimiento-de-sor-evelyne-franc\/#breadcrumb","itemListElement":[{"@type":"ListItem","position":1,"name":"Maison-M\u00e8re","item":"https:\/\/filles-de-la-charite.org\/fr\/category\/maison-mere-fr\/"},{"@type":"ListItem","position":2,"name":"D\u00e9c\u00e8s de S\u0153ur Evelyne Franc"}]},{"@type":"WebSite","@id":"https:\/\/filles-de-la-charite.org\/fr\/#website","url":"https:\/\/filles-de-la-charite.org\/fr\/","name":"Hijas de la Caridad","description":"L\u2019amour de J\u00e9sus nous presse \u00e0 prendre soin des personnes les plus d\u00e9munies","publisher":{"@id":"https:\/\/filles-de-la-charite.org\/fr\/#organization"},"potentialAction":[{"@type":"SearchAction","target":{"@type":"EntryPoint","urlTemplate":"https:\/\/filles-de-la-charite.org\/fr\/?s={search_term_string}"},"query-input":{"@type":"PropertyValueSpecification","valueRequired":true,"valueName":"search_term_string"}}],"inLanguage":"fr-FR"},{"@type":"Organization","@id":"https:\/\/filles-de-la-charite.org\/fr\/#organization","name":"Hijas de la Caridad","url":"https:\/\/filles-de-la-charite.org\/fr\/","logo":{"@type":"ImageObject","inLanguage":"fr-FR","@id":"https:\/\/filles-de-la-charite.org\/fr\/#\/schema\/logo\/image\/","url":"https:\/\/filles-de-la-charite.org\/wp-content\/uploads\/2023\/03\/isotipo-Hijas-de-la-Caridad.png","contentUrl":"https:\/\/filles-de-la-charite.org\/wp-content\/uploads\/2023\/03\/isotipo-Hijas-de-la-Caridad.png","width":1417,"height":1417,"caption":"Hijas de la Caridad"},"image":{"@id":"https:\/\/filles-de-la-charite.org\/fr\/#\/schema\/logo\/image\/"}},{"@type":"Person","@id":"https:\/\/filles-de-la-charite.org\/fr\/#\/schema\/person\/0c922b6ca71280639858d297b3a7209f","name":"SOR MARTA","image":{"@type":"ImageObject","inLanguage":"fr-FR","@id":"https:\/\/secure.gravatar.com\/avatar\/d2c45b0fd6bf2d3e2670ab3d112257c24ac80fa960360bba1bdc0676485d1d09?s=96&d=mm&r=g","url":"https:\/\/secure.gravatar.com\/avatar\/d2c45b0fd6bf2d3e2670ab3d112257c24ac80fa960360bba1bdc0676485d1d09?s=96&d=mm&r=g","contentUrl":"https:\/\/secure.gravatar.com\/avatar\/d2c45b0fd6bf2d3e2670ab3d112257c24ac80fa960360bba1bdc0676485d1d09?s=96&d=mm&r=g","caption":"SOR MARTA"},"url":"https:\/\/filles-de-la-charite.org\/fr\/author\/martaemn\/"}]}},"_links":{"self":[{"href":"https:\/\/filles-de-la-charite.org\/fr\/wp-json\/wp\/v2\/posts\/34175","targetHints":{"allow":["GET"]}}],"collection":[{"href":"https:\/\/filles-de-la-charite.org\/fr\/wp-json\/wp\/v2\/posts"}],"about":[{"href":"https:\/\/filles-de-la-charite.org\/fr\/wp-json\/wp\/v2\/types\/post"}],"author":[{"embeddable":true,"href":"https:\/\/filles-de-la-charite.org\/fr\/wp-json\/wp\/v2\/users\/5"}],"replies":[{"embeddable":true,"href":"https:\/\/filles-de-la-charite.org\/fr\/wp-json\/wp\/v2\/comments?post=34175"}],"version-history":[{"count":1,"href":"https:\/\/filles-de-la-charite.org\/fr\/wp-json\/wp\/v2\/posts\/34175\/revisions"}],"predecessor-version":[{"id":34180,"href":"https:\/\/filles-de-la-charite.org\/fr\/wp-json\/wp\/v2\/posts\/34175\/revisions\/34180"}],"wp:featuredmedia":[{"embeddable":true,"href":"https:\/\/filles-de-la-charite.org\/fr\/wp-json\/wp\/v2\/media\/34137"}],"wp:attachment":[{"href":"https:\/\/filles-de-la-charite.org\/fr\/wp-json\/wp\/v2\/media?parent=34175"}],"wp:term":[{"taxonomy":"category","embeddable":true,"href":"https:\/\/filles-de-la-charite.org\/fr\/wp-json\/wp\/v2\/categories?post=34175"},{"taxonomy":"post_tag","embeddable":true,"href":"https:\/\/filles-de-la-charite.org\/fr\/wp-json\/wp\/v2\/tags?post=34175"}],"curies":[{"name":"wp","href":"https:\/\/api.w.org\/{rel}","templated":true}]}}