{"id":38782,"date":"2024-08-04T13:23:50","date_gmt":"2024-08-04T11:23:50","guid":{"rendered":"https:\/\/filles-de-la-charite.org\/?p=38782"},"modified":"2024-08-03T22:32:11","modified_gmt":"2024-08-03T20:32:11","slug":"meeting-of-the-international-team-of-the-web-site-of-the-daughters-of-charity-at-the-mother-house-in-paris","status":"publish","type":"post","link":"https:\/\/filles-de-la-charite.org\/fr\/meeting-of-the-international-team-of-the-web-site-of-the-daughters-of-charity-at-the-mother-house-in-paris\/","title":{"rendered":"R\u00e9union de l&rsquo;\u00e9quipe internationale du site web des Filles de la Charit\u00e9 \u00e0 la Maison M\u00e8re \u00e0 Paris"},"content":{"rendered":"\n<p>Du 30 juillet au 3 ao\u00fbt, l&rsquo;\u00e9quipe internationale du site web de la Compagnie des Filles de la Charit\u00e9 s&rsquo;est r\u00e9unie pour sa r\u00e9union annuelle, un v\u00e9ritable atelier d&rsquo;id\u00e9es, d&rsquo;inspiration et de cr\u00e9ativit\u00e9. Cet \u00e9v\u00e9nement a \u00e9t\u00e9 un moment important dans la planification du contenu multim\u00e9dia qui enrichira notre site web au cours de l&rsquo;ann\u00e9e \u00e0 venir.<\/p>\n\n\n\n<figure class=\"wp-block-image alignleft size-large\"><img loading=\"lazy\" decoding=\"async\" width=\"768\" height=\"1024\" src=\"https:\/\/filles-de-la-charite.org\/wp-content\/uploads\/2024\/08\/WhatsApp-Image-2024-08-01-at-16.54.22-768x1024.jpeg\" alt=\"\" class=\"wp-image-38754\"\/><\/figure>\n\n\n\n<p>L&rsquo;un des points forts de la r\u00e9union a \u00e9t\u00e9 la discussion ouverte et constructive entre les membres de l&rsquo;\u00e9quipe, une occasion pr\u00e9cieuse de discuter et de r\u00e9fl\u00e9chir aux nombreux aspects de la communication num\u00e9rique. Chaque jour a apport\u00e9 son lot de nouveaut\u00e9s, avec en point d&rsquo;orgue, le jeudi 1er ao\u00fbt, une demi-journ\u00e9e de formation anim\u00e9e par Sophie Nouaille, responsable de la communication de la CORREF (Conf\u00e9rence des religieux et religieuses de France).<\/p>\n\n\n\n<figure class=\"wp-block-image size-large\"><img loading=\"lazy\" decoding=\"async\" width=\"1024\" height=\"681\" src=\"https:\/\/filles-de-la-charite.org\/wp-content\/uploads\/2024\/08\/DSC_0022-1024x681.jpg\" alt=\"\" class=\"wp-image-38766\" srcset=\"https:\/\/filles-de-la-charite.org\/wp-content\/uploads\/2024\/08\/DSC_0022-980x652.jpg 980w, https:\/\/filles-de-la-charite.org\/wp-content\/uploads\/2024\/08\/DSC_0022-480x319.jpg 480w\" sizes=\"(min-width: 0px) and (max-width: 480px) 480px, (min-width: 481px) and (max-width: 980px) 980px, (min-width: 981px) 1024px, 100vw\" \/><\/figure>\n\n\n\n<p>Le samedi matin a \u00e9t\u00e9 un moment fort pour l&rsquo;\u00e9quipe : une rencontre joyeuse et informelle avec S\u0153ur Fran\u00e7oise, Sup\u00e9rieure G\u00e9n\u00e9rale, qui a r\u00e9affirm\u00e9 l&rsquo;importance cruciale de la communication num\u00e9rique dans la Compagnie, encourageant l&rsquo;\u00e9quipe \u00e0 s\u2019ajuster au moment pr\u00e9sent et \u00e0 utiliser les technologies modernes pour diffuser notre message d&rsquo;esp\u00e9rance et de charit\u00e9.<\/p>\n\n\n\n<p>Au cours de la r\u00e9union, l&rsquo;\u00e9quipe a exprim\u00e9 sa gratitude \u00e0 S\u0153ur Annabelle Escoto (pour la langue anglaise) et \u00e0 S\u0153ur Irene Malate (pour la langue portugaise) qui ont termin\u00e9 leur mandat au site Web international. Leur travail infatigable et cr\u00e9atif a laiss\u00e9 une empreinte ind\u00e9l\u00e9bile sur toute l&rsquo;\u00e9quipe. Le relais est maintenant pass\u00e9 \u00e0 S\u0153ur Karina Yuyun Katharina, d&rsquo;Indon\u00e9sie, et \u00e0 S\u0153ur Alessandra Sousa, du Br\u00e9sil, qui sont pr\u00eates \u00e0 poursuivre l&rsquo;h\u00e9ritage qui leur a \u00e9t\u00e9 transmis avec passion et d\u00e9vouement.<\/p>\n\n\n\n<p>Cette r\u00e9union a renforc\u00e9 les liens entre nous tous, nourrissant notre mission commune. Nous sommes impatientes de relever les d\u00e9fis \u00e0 venir et pr\u00eats \u00e0 construire, petit \u00e0 petit, un pont num\u00e9rique qui nous conduira au \u00ab sixi\u00e8me continent \u00bb (monde num\u00e9rique).<\/p>\n\n\n\n<figure class=\"wp-block-image size-large\"><img loading=\"lazy\" decoding=\"async\" width=\"1024\" height=\"684\" src=\"https:\/\/filles-de-la-charite.org\/wp-content\/uploads\/2024\/08\/WhatsApp-Image-2024-08-03-at-13.03.31-1024x684.jpeg\" alt=\"\" class=\"wp-image-38772\" srcset=\"https:\/\/filles-de-la-charite.org\/wp-content\/uploads\/2024\/08\/WhatsApp-Image-2024-08-03-at-13.03.31-980x654.jpeg 980w, https:\/\/filles-de-la-charite.org\/wp-content\/uploads\/2024\/08\/WhatsApp-Image-2024-08-03-at-13.03.31-480x320.jpeg 480w\" sizes=\"(min-width: 0px) and (max-width: 480px) 480px, (min-width: 481px) and (max-width: 980px) 980px, (min-width: 981px) 1024px, 100vw\" \/><\/figure>\n\n\n\n<p>L&rsquo;\u00e9quipe du site web international de la Compagnie des Filles de la Charit\u00e9 est reconnaissante de pouvoir poursuivre ce chemin num\u00e9rique, le c\u0153ur rempli de gratitude et les yeux tourn\u00e9s vers l&rsquo;avenir, toujours guid\u00e9es par la lumi\u00e8re de nos Fondateurs et par Marie, Unique M\u00e8re de la Compagnie.<\/p>\n","protected":false},"excerpt":{"rendered":"<p>Du 30 juillet au 3 ao\u00fbt, l&rsquo;\u00e9quipe internationale du site web de la Compagnie des Filles de la Charit\u00e9 s&rsquo;est r\u00e9unie pour sa r\u00e9union annuelle, un v\u00e9ritable atelier d&rsquo;id\u00e9es, d&rsquo;inspiration et de cr\u00e9ativit\u00e9. Cet \u00e9v\u00e9nement a \u00e9t\u00e9 un moment important dans la planification du contenu multim\u00e9dia qui enrichira notre site web au cours de l&rsquo;ann\u00e9e [&hellip;]<\/p>\n","protected":false},"author":5,"featured_media":38761,"comment_status":"closed","ping_status":"closed","sticky":false,"template":"","format":"standard","meta":{"_acf_changed":false,"_et_pb_use_builder":"","_et_pb_old_content":"","_et_gb_content_width":"","footnotes":"","_links_to":"","_links_to_target":""},"categories":[558],"tags":[],"class_list":["post-38782","post","type-post","status-publish","format-standard","has-post-thumbnail","hentry","category-maison-mere-fr"],"acf":[],"yoast_head":"<!-- This site is optimized with the Yoast SEO plugin v27.5 - https:\/\/yoast.com\/product\/yoast-seo-wordpress\/ -->\n<title>R\u00e9union de l&#039;\u00e9quipe internationale du site web des Filles de la Charit\u00e9 \u00e0 la Maison M\u00e8re \u00e0 Paris - Filles de la Charit\u00e9<\/title>\n<meta name=\"robots\" content=\"index, follow, max-snippet:-1, max-image-preview:large, max-video-preview:-1\" \/>\n<link rel=\"canonical\" href=\"https:\/\/filles-de-la-charite.org\/fr\/meeting-of-the-international-team-of-the-web-site-of-the-daughters-of-charity-at-the-mother-house-in-paris\/\" \/>\n<meta property=\"og:locale\" content=\"fr_FR\" \/>\n<meta property=\"og:type\" content=\"article\" \/>\n<meta property=\"og:title\" content=\"R\u00e9union de l&#039;\u00e9quipe internationale du site web des Filles de la Charit\u00e9 \u00e0 la Maison M\u00e8re \u00e0 Paris - Filles de la Charit\u00e9\" \/>\n<meta property=\"og:description\" content=\"Du 30 juillet au 3 ao\u00fbt, l&rsquo;\u00e9quipe internationale du site web de la Compagnie des Filles de la Charit\u00e9 s&rsquo;est r\u00e9unie pour sa r\u00e9union annuelle, un v\u00e9ritable atelier d&rsquo;id\u00e9es, d&rsquo;inspiration et de cr\u00e9ativit\u00e9. Cet \u00e9v\u00e9nement a \u00e9t\u00e9 un moment important dans la planification du contenu multim\u00e9dia qui enrichira notre site web au cours de l&rsquo;ann\u00e9e [&hellip;]\" \/>\n<meta property=\"og:url\" content=\"https:\/\/filles-de-la-charite.org\/fr\/meeting-of-the-international-team-of-the-web-site-of-the-daughters-of-charity-at-the-mother-house-in-paris\/\" \/>\n<meta property=\"og:site_name\" content=\"Filles de la Charit\u00e9\" \/>\n<meta property=\"article:published_time\" content=\"2024-08-04T11:23:50+00:00\" \/>\n<meta property=\"og:image\" content=\"https:\/\/filles-de-la-charite.org\/wp-content\/uploads\/2024\/08\/WhatsApp-Image-2024-08-03-at-13.27.06.jpeg\" \/>\n\t<meta property=\"og:image:width\" content=\"2000\" \/>\n\t<meta property=\"og:image:height\" content=\"1500\" \/>\n\t<meta property=\"og:image:type\" content=\"image\/jpeg\" \/>\n<meta name=\"author\" content=\"SOR MARTA\" \/>\n<meta name=\"twitter:card\" content=\"summary_large_image\" \/>\n<meta name=\"twitter:label1\" content=\"\u00c9crit par\" \/>\n\t<meta name=\"twitter:data1\" content=\"SOR MARTA\" \/>\n\t<meta name=\"twitter:label2\" content=\"Dur\u00e9e de lecture estim\u00e9e\" \/>\n\t<meta name=\"twitter:data2\" content=\"3 minutes\" \/>\n<script type=\"application\/ld+json\" class=\"yoast-schema-graph\">{\"@context\":\"https:\\\/\\\/schema.org\",\"@graph\":[{\"@type\":\"Article\",\"@id\":\"https:\\\/\\\/filles-de-la-charite.org\\\/fr\\\/meeting-of-the-international-team-of-the-web-site-of-the-daughters-of-charity-at-the-mother-house-in-paris\\\/#article\",\"isPartOf\":{\"@id\":\"https:\\\/\\\/filles-de-la-charite.org\\\/fr\\\/meeting-of-the-international-team-of-the-web-site-of-the-daughters-of-charity-at-the-mother-house-in-paris\\\/\"},\"author\":{\"name\":\"SOR MARTA\",\"@id\":\"https:\\\/\\\/filles-de-la-charite.org\\\/fr\\\/#\\\/schema\\\/person\\\/0c922b6ca71280639858d297b3a7209f\"},\"headline\":\"R\u00e9union de l&rsquo;\u00e9quipe internationale du site web des Filles de la Charit\u00e9 \u00e0 la Maison M\u00e8re \u00e0 Paris\",\"datePublished\":\"2024-08-04T11:23:50+00:00\",\"mainEntityOfPage\":{\"@id\":\"https:\\\/\\\/filles-de-la-charite.org\\\/fr\\\/meeting-of-the-international-team-of-the-web-site-of-the-daughters-of-charity-at-the-mother-house-in-paris\\\/\"},\"wordCount\":430,\"publisher\":{\"@id\":\"https:\\\/\\\/filles-de-la-charite.org\\\/fr\\\/#organization\"},\"image\":{\"@id\":\"https:\\\/\\\/filles-de-la-charite.org\\\/fr\\\/meeting-of-the-international-team-of-the-web-site-of-the-daughters-of-charity-at-the-mother-house-in-paris\\\/#primaryimage\"},\"thumbnailUrl\":\"https:\\\/\\\/filles-de-la-charite.org\\\/wp-content\\\/uploads\\\/2024\\\/08\\\/WhatsApp-Image-2024-08-03-at-13.27.06.jpeg\",\"articleSection\":[\"Maison-M\u00e8re\"],\"inLanguage\":\"fr-FR\"},{\"@type\":\"WebPage\",\"@id\":\"https:\\\/\\\/filles-de-la-charite.org\\\/fr\\\/meeting-of-the-international-team-of-the-web-site-of-the-daughters-of-charity-at-the-mother-house-in-paris\\\/\",\"url\":\"https:\\\/\\\/filles-de-la-charite.org\\\/fr\\\/meeting-of-the-international-team-of-the-web-site-of-the-daughters-of-charity-at-the-mother-house-in-paris\\\/\",\"name\":\"R\u00e9union de l'\u00e9quipe internationale du site web des Filles de la Charit\u00e9 \u00e0 la Maison M\u00e8re \u00e0 Paris - Filles de la Charit\u00e9\",\"isPartOf\":{\"@id\":\"https:\\\/\\\/filles-de-la-charite.org\\\/fr\\\/#website\"},\"primaryImageOfPage\":{\"@id\":\"https:\\\/\\\/filles-de-la-charite.org\\\/fr\\\/meeting-of-the-international-team-of-the-web-site-of-the-daughters-of-charity-at-the-mother-house-in-paris\\\/#primaryimage\"},\"image\":{\"@id\":\"https:\\\/\\\/filles-de-la-charite.org\\\/fr\\\/meeting-of-the-international-team-of-the-web-site-of-the-daughters-of-charity-at-the-mother-house-in-paris\\\/#primaryimage\"},\"thumbnailUrl\":\"https:\\\/\\\/filles-de-la-charite.org\\\/wp-content\\\/uploads\\\/2024\\\/08\\\/WhatsApp-Image-2024-08-03-at-13.27.06.jpeg\",\"datePublished\":\"2024-08-04T11:23:50+00:00\",\"breadcrumb\":{\"@id\":\"https:\\\/\\\/filles-de-la-charite.org\\\/fr\\\/meeting-of-the-international-team-of-the-web-site-of-the-daughters-of-charity-at-the-mother-house-in-paris\\\/#breadcrumb\"},\"inLanguage\":\"fr-FR\",\"potentialAction\":[{\"@type\":\"ReadAction\",\"target\":[\"https:\\\/\\\/filles-de-la-charite.org\\\/fr\\\/meeting-of-the-international-team-of-the-web-site-of-the-daughters-of-charity-at-the-mother-house-in-paris\\\/\"]}]},{\"@type\":\"ImageObject\",\"inLanguage\":\"fr-FR\",\"@id\":\"https:\\\/\\\/filles-de-la-charite.org\\\/fr\\\/meeting-of-the-international-team-of-the-web-site-of-the-daughters-of-charity-at-the-mother-house-in-paris\\\/#primaryimage\",\"url\":\"https:\\\/\\\/filles-de-la-charite.org\\\/wp-content\\\/uploads\\\/2024\\\/08\\\/WhatsApp-Image-2024-08-03-at-13.27.06.jpeg\",\"contentUrl\":\"https:\\\/\\\/filles-de-la-charite.org\\\/wp-content\\\/uploads\\\/2024\\\/08\\\/WhatsApp-Image-2024-08-03-at-13.27.06.jpeg\",\"width\":2000,\"height\":1500},{\"@type\":\"BreadcrumbList\",\"@id\":\"https:\\\/\\\/filles-de-la-charite.org\\\/fr\\\/meeting-of-the-international-team-of-the-web-site-of-the-daughters-of-charity-at-the-mother-house-in-paris\\\/#breadcrumb\",\"itemListElement\":[{\"@type\":\"ListItem\",\"position\":1,\"name\":\"Maison-M\u00e8re\",\"item\":\"https:\\\/\\\/filles-de-la-charite.org\\\/fr\\\/category\\\/maison-mere-fr\\\/\"},{\"@type\":\"ListItem\",\"position\":2,\"name\":\"R\u00e9union de l&rsquo;\u00e9quipe internationale du site web des Filles de la Charit\u00e9 \u00e0 la Maison M\u00e8re \u00e0 Paris\"}]},{\"@type\":\"WebSite\",\"@id\":\"https:\\\/\\\/filles-de-la-charite.org\\\/fr\\\/#website\",\"url\":\"https:\\\/\\\/filles-de-la-charite.org\\\/fr\\\/\",\"name\":\"Hijas de la Caridad\",\"description\":\"L\u2019amour de J\u00e9sus nous presse \u00e0 prendre soin des personnes les plus d\u00e9munies\",\"publisher\":{\"@id\":\"https:\\\/\\\/filles-de-la-charite.org\\\/fr\\\/#organization\"},\"potentialAction\":[{\"@type\":\"SearchAction\",\"target\":{\"@type\":\"EntryPoint\",\"urlTemplate\":\"https:\\\/\\\/filles-de-la-charite.org\\\/fr\\\/?s={search_term_string}\"},\"query-input\":{\"@type\":\"PropertyValueSpecification\",\"valueRequired\":true,\"valueName\":\"search_term_string\"}}],\"inLanguage\":\"fr-FR\"},{\"@type\":\"Organization\",\"@id\":\"https:\\\/\\\/filles-de-la-charite.org\\\/fr\\\/#organization\",\"name\":\"Hijas de la Caridad\",\"url\":\"https:\\\/\\\/filles-de-la-charite.org\\\/fr\\\/\",\"logo\":{\"@type\":\"ImageObject\",\"inLanguage\":\"fr-FR\",\"@id\":\"https:\\\/\\\/filles-de-la-charite.org\\\/fr\\\/#\\\/schema\\\/logo\\\/image\\\/\",\"url\":\"https:\\\/\\\/filles-de-la-charite.org\\\/wp-content\\\/uploads\\\/2023\\\/03\\\/isotipo-Hijas-de-la-Caridad.png\",\"contentUrl\":\"https:\\\/\\\/filles-de-la-charite.org\\\/wp-content\\\/uploads\\\/2023\\\/03\\\/isotipo-Hijas-de-la-Caridad.png\",\"width\":1417,\"height\":1417,\"caption\":\"Hijas de la Caridad\"},\"image\":{\"@id\":\"https:\\\/\\\/filles-de-la-charite.org\\\/fr\\\/#\\\/schema\\\/logo\\\/image\\\/\"}},{\"@type\":\"Person\",\"@id\":\"https:\\\/\\\/filles-de-la-charite.org\\\/fr\\\/#\\\/schema\\\/person\\\/0c922b6ca71280639858d297b3a7209f\",\"name\":\"SOR MARTA\",\"image\":{\"@type\":\"ImageObject\",\"inLanguage\":\"fr-FR\",\"@id\":\"https:\\\/\\\/secure.gravatar.com\\\/avatar\\\/d2c45b0fd6bf2d3e2670ab3d112257c24ac80fa960360bba1bdc0676485d1d09?s=96&d=mm&r=g\",\"url\":\"https:\\\/\\\/secure.gravatar.com\\\/avatar\\\/d2c45b0fd6bf2d3e2670ab3d112257c24ac80fa960360bba1bdc0676485d1d09?s=96&d=mm&r=g\",\"contentUrl\":\"https:\\\/\\\/secure.gravatar.com\\\/avatar\\\/d2c45b0fd6bf2d3e2670ab3d112257c24ac80fa960360bba1bdc0676485d1d09?s=96&d=mm&r=g\",\"caption\":\"SOR MARTA\"},\"url\":\"https:\\\/\\\/filles-de-la-charite.org\\\/fr\\\/author\\\/martaemn\\\/\"}]}<\/script>\n<!-- \/ Yoast SEO plugin. -->","yoast_head_json":{"title":"R\u00e9union de l'\u00e9quipe internationale du site web des Filles de la Charit\u00e9 \u00e0 la Maison M\u00e8re \u00e0 Paris - Filles de la Charit\u00e9","robots":{"index":"index","follow":"follow","max-snippet":"max-snippet:-1","max-image-preview":"max-image-preview:large","max-video-preview":"max-video-preview:-1"},"canonical":"https:\/\/filles-de-la-charite.org\/fr\/meeting-of-the-international-team-of-the-web-site-of-the-daughters-of-charity-at-the-mother-house-in-paris\/","og_locale":"fr_FR","og_type":"article","og_title":"R\u00e9union de l'\u00e9quipe internationale du site web des Filles de la Charit\u00e9 \u00e0 la Maison M\u00e8re \u00e0 Paris - Filles de la Charit\u00e9","og_description":"Du 30 juillet au 3 ao\u00fbt, l&rsquo;\u00e9quipe internationale du site web de la Compagnie des Filles de la Charit\u00e9 s&rsquo;est r\u00e9unie pour sa r\u00e9union annuelle, un v\u00e9ritable atelier d&rsquo;id\u00e9es, d&rsquo;inspiration et de cr\u00e9ativit\u00e9. Cet \u00e9v\u00e9nement a \u00e9t\u00e9 un moment important dans la planification du contenu multim\u00e9dia qui enrichira notre site web au cours de l&rsquo;ann\u00e9e [&hellip;]","og_url":"https:\/\/filles-de-la-charite.org\/fr\/meeting-of-the-international-team-of-the-web-site-of-the-daughters-of-charity-at-the-mother-house-in-paris\/","og_site_name":"Filles de la Charit\u00e9","article_published_time":"2024-08-04T11:23:50+00:00","og_image":[{"width":2000,"height":1500,"url":"https:\/\/filles-de-la-charite.org\/wp-content\/uploads\/2024\/08\/WhatsApp-Image-2024-08-03-at-13.27.06.jpeg","type":"image\/jpeg"}],"author":"SOR MARTA","twitter_card":"summary_large_image","twitter_misc":{"\u00c9crit par":"SOR MARTA","Dur\u00e9e de lecture estim\u00e9e":"3 minutes"},"schema":{"@context":"https:\/\/schema.org","@graph":[{"@type":"Article","@id":"https:\/\/filles-de-la-charite.org\/fr\/meeting-of-the-international-team-of-the-web-site-of-the-daughters-of-charity-at-the-mother-house-in-paris\/#article","isPartOf":{"@id":"https:\/\/filles-de-la-charite.org\/fr\/meeting-of-the-international-team-of-the-web-site-of-the-daughters-of-charity-at-the-mother-house-in-paris\/"},"author":{"name":"SOR MARTA","@id":"https:\/\/filles-de-la-charite.org\/fr\/#\/schema\/person\/0c922b6ca71280639858d297b3a7209f"},"headline":"R\u00e9union de l&rsquo;\u00e9quipe internationale du site web des Filles de la Charit\u00e9 \u00e0 la Maison M\u00e8re \u00e0 Paris","datePublished":"2024-08-04T11:23:50+00:00","mainEntityOfPage":{"@id":"https:\/\/filles-de-la-charite.org\/fr\/meeting-of-the-international-team-of-the-web-site-of-the-daughters-of-charity-at-the-mother-house-in-paris\/"},"wordCount":430,"publisher":{"@id":"https:\/\/filles-de-la-charite.org\/fr\/#organization"},"image":{"@id":"https:\/\/filles-de-la-charite.org\/fr\/meeting-of-the-international-team-of-the-web-site-of-the-daughters-of-charity-at-the-mother-house-in-paris\/#primaryimage"},"thumbnailUrl":"https:\/\/filles-de-la-charite.org\/wp-content\/uploads\/2024\/08\/WhatsApp-Image-2024-08-03-at-13.27.06.jpeg","articleSection":["Maison-M\u00e8re"],"inLanguage":"fr-FR"},{"@type":"WebPage","@id":"https:\/\/filles-de-la-charite.org\/fr\/meeting-of-the-international-team-of-the-web-site-of-the-daughters-of-charity-at-the-mother-house-in-paris\/","url":"https:\/\/filles-de-la-charite.org\/fr\/meeting-of-the-international-team-of-the-web-site-of-the-daughters-of-charity-at-the-mother-house-in-paris\/","name":"R\u00e9union de l'\u00e9quipe internationale du site web des Filles de la Charit\u00e9 \u00e0 la Maison M\u00e8re \u00e0 Paris - Filles de la Charit\u00e9","isPartOf":{"@id":"https:\/\/filles-de-la-charite.org\/fr\/#website"},"primaryImageOfPage":{"@id":"https:\/\/filles-de-la-charite.org\/fr\/meeting-of-the-international-team-of-the-web-site-of-the-daughters-of-charity-at-the-mother-house-in-paris\/#primaryimage"},"image":{"@id":"https:\/\/filles-de-la-charite.org\/fr\/meeting-of-the-international-team-of-the-web-site-of-the-daughters-of-charity-at-the-mother-house-in-paris\/#primaryimage"},"thumbnailUrl":"https:\/\/filles-de-la-charite.org\/wp-content\/uploads\/2024\/08\/WhatsApp-Image-2024-08-03-at-13.27.06.jpeg","datePublished":"2024-08-04T11:23:50+00:00","breadcrumb":{"@id":"https:\/\/filles-de-la-charite.org\/fr\/meeting-of-the-international-team-of-the-web-site-of-the-daughters-of-charity-at-the-mother-house-in-paris\/#breadcrumb"},"inLanguage":"fr-FR","potentialAction":[{"@type":"ReadAction","target":["https:\/\/filles-de-la-charite.org\/fr\/meeting-of-the-international-team-of-the-web-site-of-the-daughters-of-charity-at-the-mother-house-in-paris\/"]}]},{"@type":"ImageObject","inLanguage":"fr-FR","@id":"https:\/\/filles-de-la-charite.org\/fr\/meeting-of-the-international-team-of-the-web-site-of-the-daughters-of-charity-at-the-mother-house-in-paris\/#primaryimage","url":"https:\/\/filles-de-la-charite.org\/wp-content\/uploads\/2024\/08\/WhatsApp-Image-2024-08-03-at-13.27.06.jpeg","contentUrl":"https:\/\/filles-de-la-charite.org\/wp-content\/uploads\/2024\/08\/WhatsApp-Image-2024-08-03-at-13.27.06.jpeg","width":2000,"height":1500},{"@type":"BreadcrumbList","@id":"https:\/\/filles-de-la-charite.org\/fr\/meeting-of-the-international-team-of-the-web-site-of-the-daughters-of-charity-at-the-mother-house-in-paris\/#breadcrumb","itemListElement":[{"@type":"ListItem","position":1,"name":"Maison-M\u00e8re","item":"https:\/\/filles-de-la-charite.org\/fr\/category\/maison-mere-fr\/"},{"@type":"ListItem","position":2,"name":"R\u00e9union de l&rsquo;\u00e9quipe internationale du site web des Filles de la Charit\u00e9 \u00e0 la Maison M\u00e8re \u00e0 Paris"}]},{"@type":"WebSite","@id":"https:\/\/filles-de-la-charite.org\/fr\/#website","url":"https:\/\/filles-de-la-charite.org\/fr\/","name":"Hijas de la Caridad","description":"L\u2019amour de J\u00e9sus nous presse \u00e0 prendre soin des personnes les plus d\u00e9munies","publisher":{"@id":"https:\/\/filles-de-la-charite.org\/fr\/#organization"},"potentialAction":[{"@type":"SearchAction","target":{"@type":"EntryPoint","urlTemplate":"https:\/\/filles-de-la-charite.org\/fr\/?s={search_term_string}"},"query-input":{"@type":"PropertyValueSpecification","valueRequired":true,"valueName":"search_term_string"}}],"inLanguage":"fr-FR"},{"@type":"Organization","@id":"https:\/\/filles-de-la-charite.org\/fr\/#organization","name":"Hijas de la Caridad","url":"https:\/\/filles-de-la-charite.org\/fr\/","logo":{"@type":"ImageObject","inLanguage":"fr-FR","@id":"https:\/\/filles-de-la-charite.org\/fr\/#\/schema\/logo\/image\/","url":"https:\/\/filles-de-la-charite.org\/wp-content\/uploads\/2023\/03\/isotipo-Hijas-de-la-Caridad.png","contentUrl":"https:\/\/filles-de-la-charite.org\/wp-content\/uploads\/2023\/03\/isotipo-Hijas-de-la-Caridad.png","width":1417,"height":1417,"caption":"Hijas de la Caridad"},"image":{"@id":"https:\/\/filles-de-la-charite.org\/fr\/#\/schema\/logo\/image\/"}},{"@type":"Person","@id":"https:\/\/filles-de-la-charite.org\/fr\/#\/schema\/person\/0c922b6ca71280639858d297b3a7209f","name":"SOR MARTA","image":{"@type":"ImageObject","inLanguage":"fr-FR","@id":"https:\/\/secure.gravatar.com\/avatar\/d2c45b0fd6bf2d3e2670ab3d112257c24ac80fa960360bba1bdc0676485d1d09?s=96&d=mm&r=g","url":"https:\/\/secure.gravatar.com\/avatar\/d2c45b0fd6bf2d3e2670ab3d112257c24ac80fa960360bba1bdc0676485d1d09?s=96&d=mm&r=g","contentUrl":"https:\/\/secure.gravatar.com\/avatar\/d2c45b0fd6bf2d3e2670ab3d112257c24ac80fa960360bba1bdc0676485d1d09?s=96&d=mm&r=g","caption":"SOR MARTA"},"url":"https:\/\/filles-de-la-charite.org\/fr\/author\/martaemn\/"}]}},"_links":{"self":[{"href":"https:\/\/filles-de-la-charite.org\/fr\/wp-json\/wp\/v2\/posts\/38782","targetHints":{"allow":["GET"]}}],"collection":[{"href":"https:\/\/filles-de-la-charite.org\/fr\/wp-json\/wp\/v2\/posts"}],"about":[{"href":"https:\/\/filles-de-la-charite.org\/fr\/wp-json\/wp\/v2\/types\/post"}],"author":[{"embeddable":true,"href":"https:\/\/filles-de-la-charite.org\/fr\/wp-json\/wp\/v2\/users\/5"}],"replies":[{"embeddable":true,"href":"https:\/\/filles-de-la-charite.org\/fr\/wp-json\/wp\/v2\/comments?post=38782"}],"version-history":[{"count":1,"href":"https:\/\/filles-de-la-charite.org\/fr\/wp-json\/wp\/v2\/posts\/38782\/revisions"}],"predecessor-version":[{"id":38795,"href":"https:\/\/filles-de-la-charite.org\/fr\/wp-json\/wp\/v2\/posts\/38782\/revisions\/38795"}],"wp:featuredmedia":[{"embeddable":true,"href":"https:\/\/filles-de-la-charite.org\/fr\/wp-json\/wp\/v2\/media\/38761"}],"wp:attachment":[{"href":"https:\/\/filles-de-la-charite.org\/fr\/wp-json\/wp\/v2\/media?parent=38782"}],"wp:term":[{"taxonomy":"category","embeddable":true,"href":"https:\/\/filles-de-la-charite.org\/fr\/wp-json\/wp\/v2\/categories?post=38782"},{"taxonomy":"post_tag","embeddable":true,"href":"https:\/\/filles-de-la-charite.org\/fr\/wp-json\/wp\/v2\/tags?post=38782"}],"curies":[{"name":"wp","href":"https:\/\/api.w.org\/{rel}","templated":true}]}}