{"id":39050,"date":"2024-08-08T00:14:43","date_gmt":"2024-08-07T22:14:43","guid":{"rendered":"https:\/\/filles-de-la-charite.org\/?p=39050"},"modified":"2024-09-06T00:51:52","modified_gmt":"2024-09-05T22:51:52","slug":"rencontre-avec-soeur-francoise-petit-soeur-alicia-margarita-cortes-et-le-pere-jose-antonio-gonzalez-prieto-au-mexique","status":"publish","type":"post","link":"https:\/\/filles-de-la-charite.org\/fr\/rencontre-avec-soeur-francoise-petit-soeur-alicia-margarita-cortes-et-le-pere-jose-antonio-gonzalez-prieto-au-mexique\/","title":{"rendered":"Rencontre avec S\u0153ur Fran\u00e7oise Petit, S\u0153ur Alicia Margarita Cort\u00e9s et le P\u00e8re Jos\u00e9 Antonio Gonz\u00e1lez Prieto, au Mexique."},"content":{"rendered":"\n<p>Le 20 juillet, la Province du Mexique et les Jeunes S\u0153urs d&rsquo;Am\u00e9rique Latine et des Cara\u00efbes, participantes \u00e0 CIEVI 2024, ont eu la joie d&rsquo;accueillir S\u0153ur Fran\u00e7oise Petit, Sup\u00e9rieure g\u00e9n\u00e9rale, S\u0153ur Alicia Margarita Cort\u00e9s, Conseill\u00e8re g\u00e9n\u00e9rale, et le P\u00e8re Jos\u00e9 Antonio Gonz\u00e1lez Prieto, Directeur g\u00e9n\u00e9ral, rappelant, comme nous l&rsquo;avons exp\u00e9riment\u00e9 dans la Compagnie, que \u00ab La pr\u00e9sence des Sup\u00e9rieures parmi nous, c&rsquo;est la pr\u00e9sence de Dieu \u00bb.<\/p>\n\n\n\n<figure class=\"wp-block-image size-large\"><img loading=\"lazy\" decoding=\"async\" width=\"1024\" height=\"461\" src=\"https:\/\/filles-de-la-charite.org\/wp-content\/uploads\/2024\/09\/Participantes-CIEVI-modalidad-presencial-y-virtual-con-Hnas.-de-Ecuador--1024x461.jpeg\" alt=\"\" class=\"wp-image-38968\" srcset=\"https:\/\/filles-de-la-charite.org\/wp-content\/uploads\/2024\/09\/Participantes-CIEVI-modalidad-presencial-y-virtual-con-Hnas.-de-Ecuador--1024x461.jpeg 1024w, https:\/\/filles-de-la-charite.org\/wp-content\/uploads\/2024\/09\/Participantes-CIEVI-modalidad-presencial-y-virtual-con-Hnas.-de-Ecuador--980x441.jpeg 980w, https:\/\/filles-de-la-charite.org\/wp-content\/uploads\/2024\/09\/Participantes-CIEVI-modalidad-presencial-y-virtual-con-Hnas.-de-Ecuador--480x216.jpeg 480w\" sizes=\"(min-width: 0px) and (max-width: 480px) 480px, (min-width: 481px) and (max-width: 980px) 980px, (min-width: 981px) 1024px, 100vw\" \/><\/figure>\n\n\n\n<p>Les cloches de la maison provinciale ont sonn\u00e9, appelant joyeusement les S\u0153urs pr\u00e9sentes et celles qui ont pu venir des communaut\u00e9s voisines. Salutations, embrassades, sourires&#8230; pleins de joie, nous rendent fr\u00e8res et s\u0153urs et \u00e9largissent nos c\u0153urs.<\/p>\n\n\n\n<p>Nous sommes all\u00e9es \u00e0 la chapelle pour exprimer notre gratitude pour cette merveilleuse VISITE DE NOS SUP\u00c9RIEURES, et en m\u00eame temps pour confier \u00e0 notre Sainte M\u00e8re, gardienne de la Compagnie, les jours \u00e0 venir de notre rencontre.<\/p>\n\n\n\n<p>Au cours de cette courte visite, nous avons eu la gr\u00e2ce de vivre des moments importants qui marqueront la vie de la Province du Mexique, ainsi que des rencontres \u00e9mouvantes au sein de la CIEVI 2024.<\/p>\n\n\n\n<figure class=\"wp-block-image size-large\"><img loading=\"lazy\" decoding=\"async\" width=\"1024\" height=\"576\" src=\"https:\/\/filles-de-la-charite.org\/wp-content\/uploads\/2024\/09\/Foto-con-Hermanas-Jubilares-25-50-y-60-anos-1024x576.jpg\" alt=\"\" class=\"wp-image-39004\" srcset=\"https:\/\/filles-de-la-charite.org\/wp-content\/uploads\/2024\/09\/Foto-con-Hermanas-Jubilares-25-50-y-60-anos-980x551.jpg 980w, https:\/\/filles-de-la-charite.org\/wp-content\/uploads\/2024\/09\/Foto-con-Hermanas-Jubilares-25-50-y-60-anos-480x270.jpg 480w\" sizes=\"(min-width: 0px) and (max-width: 480px) 480px, (min-width: 481px) and (max-width: 980px) 980px, (min-width: 981px) 1024px, 100vw\" \/><\/figure>\n\n\n\n<p>L&rsquo;Eucharistie d&rsquo;ouverture a \u00e9t\u00e9 c\u00e9l\u00e9br\u00e9e avec une joie et une gratitude particuli\u00e8res, les voix joviales des s\u0153urs s&rsquo;harmonisant joyeusement dans les louanges \u00e0 Notre Dieu, ce qui nous a permis de commencer notre \u00ab Rencontre CIEVI 2024 \u201c, qui accueille cette ann\u00e9e les jeunes s\u0153urs de 4 \u00e0 6 ans de vocation, pour les accompagner dans leur pr\u00e9paration aux v\u0153ux pour la premi\u00e8re fois, sous la devise : \u201d Avec Foi et Amour, nous nous donnons \u00e0 Dieu \u00bb.<\/p>\n\n\n\n<figure class=\"wp-block-image size-large\"><img loading=\"lazy\" decoding=\"async\" width=\"1024\" height=\"607\" src=\"https:\/\/filles-de-la-charite.org\/wp-content\/uploads\/2024\/09\/Eucaristia-casa-Provincial-Mexico-1024x607.jpeg\" alt=\"\" class=\"wp-image-38974\" srcset=\"https:\/\/filles-de-la-charite.org\/wp-content\/uploads\/2024\/09\/Eucaristia-casa-Provincial-Mexico-980x581.jpeg 980w, https:\/\/filles-de-la-charite.org\/wp-content\/uploads\/2024\/09\/Eucaristia-casa-Provincial-Mexico-480x284.jpeg 480w\" sizes=\"(min-width: 0px) and (max-width: 480px) 480px, (min-width: 481px) and (max-width: 980px) 980px, (min-width: 981px) 1024px, 100vw\" \/><\/figure>\n\n\n\n<p>Notre premi\u00e8re rencontre pour nous saluer et nous \u00e9couter a \u00e9t\u00e9 tr\u00e8s \u00e9mouvante. Nous avons exprim\u00e9 nos joies, nos r\u00eaves, nos peurs et nos questions. S\u0153ur Fran\u00e7oise nous a invit\u00e9es \u00e0 nous confier de plus en plus \u00e0 J\u00e9sus et \u00e0 ne pas nous lasser de r\u00eaver ensemble, car c&rsquo;est la base de la vie fraternelle. S\u0153ur Fran\u00e7oise, S\u0153ur Alicia Margarita et notre Directeur, le P\u00e8re Jos\u00e9 Antonio, ont patiemment accueilli nos partages.<\/p>\n\n\n\n<figure class=\"wp-block-image size-large\"><img loading=\"lazy\" decoding=\"async\" width=\"1024\" height=\"576\" src=\"https:\/\/filles-de-la-charite.org\/wp-content\/uploads\/2024\/09\/Mexico-y-Ecuador--1024x576.jpeg\" alt=\"\" class=\"wp-image-38962\" srcset=\"https:\/\/filles-de-la-charite.org\/wp-content\/uploads\/2024\/09\/Mexico-y-Ecuador--980x551.jpeg 980w, https:\/\/filles-de-la-charite.org\/wp-content\/uploads\/2024\/09\/Mexico-y-Ecuador--480x270.jpeg 480w\" sizes=\"(min-width: 0px) and (max-width: 480px) 480px, (min-width: 481px) and (max-width: 980px) 980px, (min-width: 981px) 1024px, 100vw\" \/><\/figure>\n\n\n\n<p>Comme pr\u00e9vu au d\u00e9but de notre rencontre, nous avons visit\u00e9 ensemble la Basilique de Notre Dame de Guadalupe, et l\u00e0, aux pieds de la Petite Vierge de Tepeyac, nous avons pr\u00e9sent\u00e9 nos c\u0153urs avec toutes les intentions de la Compagnie et confi\u00e9 ce CIEVI 2024.<\/p>\n\n\n\n<figure class=\"wp-block-image size-large\"><img loading=\"lazy\" decoding=\"async\" width=\"1024\" height=\"683\" src=\"https:\/\/filles-de-la-charite.org\/wp-content\/uploads\/2024\/09\/Basilica-3-1024x683.jpg\" alt=\"\" class=\"wp-image-38986\" srcset=\"https:\/\/filles-de-la-charite.org\/wp-content\/uploads\/2024\/09\/Basilica-3-980x653.jpg 980w, https:\/\/filles-de-la-charite.org\/wp-content\/uploads\/2024\/09\/Basilica-3-480x320.jpg 480w\" sizes=\"(min-width: 0px) and (max-width: 480px) 480px, (min-width: 481px) and (max-width: 980px) 980px, (min-width: 981px) 1024px, 100vw\" \/><\/figure>\n\n\n\n<p>De retour \u00e0 la Maison, nous avons c\u00e9l\u00e9br\u00e9 l&rsquo;anniversaire de S\u0153ur Fran\u00e7oise, chaque Province participante a pr\u00e9sent\u00e9 une danse ou un chant en son honneur. Ce fut une journ\u00e9e tr\u00e8s joyeuse et fraternelle.<\/p>\n\n\n\n<figure class=\"wp-block-image size-large\"><img loading=\"lazy\" decoding=\"async\" width=\"1024\" height=\"768\" src=\"https:\/\/filles-de-la-charite.org\/wp-content\/uploads\/2024\/09\/Comuniad-Ramon-Arbide-1024x768.jpg\" alt=\"\" class=\"wp-image-38950\" srcset=\"https:\/\/filles-de-la-charite.org\/wp-content\/uploads\/2024\/09\/Comuniad-Ramon-Arbide-980x735.jpg 980w, https:\/\/filles-de-la-charite.org\/wp-content\/uploads\/2024\/09\/Comuniad-Ramon-Arbide-480x360.jpg 480w\" sizes=\"(min-width: 0px) and (max-width: 480px) 480px, (min-width: 481px) and (max-width: 980px) 980px, (min-width: 981px) 1024px, 100vw\" \/><\/figure>\n\n\n\n<p>S\u0153ur Fran\u00e7oise, dans ses conf\u00e9rences pour la pr\u00e9paration des v\u0153ux, nous a encourag\u00e9es \u00e0 vivre les Conseils Evang\u00e9liques, en suivant l&rsquo;exemple de notre Seigneur et les vertus \u00e9vang\u00e9liques d&rsquo;humilit\u00e9, de simplicit\u00e9 et de charit\u00e9, o\u00f9 que nous soyons. Nous devons cultiver une vie de pri\u00e8re et ne pas oublier que nous sommes des Servantes.<\/p>\n\n\n\n<figure class=\"wp-block-image size-large\"><img loading=\"lazy\" decoding=\"async\" width=\"1024\" height=\"768\" src=\"https:\/\/filles-de-la-charite.org\/wp-content\/uploads\/2024\/09\/Conferencia-Casa-Provincial-1024x768.jpg\" alt=\"\" class=\"wp-image-38938\" srcset=\"https:\/\/filles-de-la-charite.org\/wp-content\/uploads\/2024\/09\/Conferencia-Casa-Provincial-980x735.jpg 980w, https:\/\/filles-de-la-charite.org\/wp-content\/uploads\/2024\/09\/Conferencia-Casa-Provincial-480x360.jpg 480w\" sizes=\"(min-width: 0px) and (max-width: 480px) 480px, (min-width: 481px) and (max-width: 980px) 980px, (min-width: 981px) 1024px, 100vw\" \/><\/figure>\n\n\n\n<p>Elle a \u00e9galement visit\u00e9 certaines communaut\u00e9s de la Province, o\u00f9 elle a appris \u00e0 conna\u00eetre les r\u00e9alit\u00e9s et les contextes dans lesquels nous servons nos fr\u00e8res et s\u0153urs pauvres.<\/p>\n\n\n\n<figure class=\"wp-block-image size-large\"><img loading=\"lazy\" decoding=\"async\" width=\"1024\" height=\"768\" src=\"https:\/\/filles-de-la-charite.org\/wp-content\/uploads\/2024\/09\/Comunidad-Marillac-1024x768.jpg\" alt=\"\" class=\"wp-image-39034\" srcset=\"https:\/\/filles-de-la-charite.org\/wp-content\/uploads\/2024\/09\/Comunidad-Marillac-980x735.jpg 980w, https:\/\/filles-de-la-charite.org\/wp-content\/uploads\/2024\/09\/Comunidad-Marillac-480x360.jpg 480w\" sizes=\"(min-width: 0px) and (max-width: 480px) 480px, (min-width: 481px) and (max-width: 980px) 980px, (min-width: 981px) 1024px, 100vw\" \/><\/figure>\n\n\n\n<p>Notre c\u0153ur reconnaissant est la meilleure offrande que nous pr\u00e9sentons \u00e0 Dieu pour nous avoir permis de vivre cette visite de notre Sup\u00e9rieure G\u00e9n\u00e9rale, en m\u00eame temps que cette rencontre de formation pour nos s\u0153urs d&rsquo;Am\u00e9rique Latine et des Cara\u00efbes.<\/p>\n\n\n\n<figure class=\"wp-block-image size-large\"><img loading=\"lazy\" decoding=\"async\" width=\"1024\" height=\"461\" src=\"https:\/\/filles-de-la-charite.org\/wp-content\/uploads\/2024\/09\/Final-CIEVI-1024x461.jpeg\" alt=\"\" class=\"wp-image-38956\" srcset=\"https:\/\/filles-de-la-charite.org\/wp-content\/uploads\/2024\/09\/Final-CIEVI-980x441.jpeg 980w, https:\/\/filles-de-la-charite.org\/wp-content\/uploads\/2024\/09\/Final-CIEVI-480x216.jpeg 480w\" sizes=\"(min-width: 0px) and (max-width: 480px) 480px, (min-width: 481px) and (max-width: 980px) 980px, (min-width: 981px) 1024px, 100vw\" \/><\/figure>\n\n\n\n<p>Tout cela nous dispose \u00e0 nous ouvrir \u00e0 la volont\u00e9 de Dieu. Merci \u00e0 notre Sup\u00e9rieure G\u00e9n\u00e9rale pour sa visite, sa simplicit\u00e9 et sa proximit\u00e9, mais surtout pour ses paroles qui continuent \u00e0 nous motiver et \u00e0 nous encourager \u00e0 <strong>franchir <\/strong>la porte&#8230; de notre c\u0153ur, \u00e0 <strong>aller vers<\/strong>&#8230; la nouveaut\u00e9 de notre charisme et <strong>\u00e0 rencontrer<\/strong>&#8230; tout \u00eatre humain pour \u00eatre des signes de tendresse, comme nous y invitaient Saint Vincent et Sainte Louise. Merci du fond du c\u0153ur.<\/p>\n\n\n\n<figure class=\"wp-block-image size-large\"><img loading=\"lazy\" decoding=\"async\" width=\"1024\" height=\"768\" src=\"https:\/\/filles-de-la-charite.org\/wp-content\/uploads\/2024\/09\/Aeropuerto-Merida-Yuc-1024x768.jpg\" alt=\"\" class=\"wp-image-38944\" srcset=\"https:\/\/filles-de-la-charite.org\/wp-content\/uploads\/2024\/09\/Aeropuerto-Merida-Yuc-1024x768.jpg 1024w, https:\/\/filles-de-la-charite.org\/wp-content\/uploads\/2024\/09\/Aeropuerto-Merida-Yuc-980x735.jpg 980w, https:\/\/filles-de-la-charite.org\/wp-content\/uploads\/2024\/09\/Aeropuerto-Merida-Yuc-480x360.jpg 480w\" sizes=\"(min-width: 0px) and (max-width: 480px) 480px, (min-width: 481px) and (max-width: 980px) 980px, (min-width: 981px) 1024px, 100vw\" \/><\/figure>\n","protected":false},"excerpt":{"rendered":"<p>Le 20 juillet, la Province du Mexique et les Jeunes S\u0153urs d&rsquo;Am\u00e9rique Latine et des Cara\u00efbes, participantes \u00e0 CIEVI 2024, ont eu la joie d&rsquo;accueillir S\u0153ur Fran\u00e7oise Petit, Sup\u00e9rieure g\u00e9n\u00e9rale, S\u0153ur Alicia Margarita Cort\u00e9s, Conseill\u00e8re g\u00e9n\u00e9rale, et le P\u00e8re Jos\u00e9 Antonio Gonz\u00e1lez Prieto, Directeur g\u00e9n\u00e9ral, rappelant, comme nous l&rsquo;avons exp\u00e9riment\u00e9 dans la Compagnie, que \u00ab [&hellip;]<\/p>\n","protected":false},"author":5,"featured_media":39000,"comment_status":"closed","ping_status":"closed","sticky":false,"template":"","format":"standard","meta":{"_acf_changed":false,"_et_pb_use_builder":"","_et_pb_old_content":"","_et_gb_content_width":"","footnotes":"","_links_to":"","_links_to_target":""},"categories":[831],"tags":[],"class_list":["post-39050","post","type-post","status-publish","format-standard","has-post-thumbnail","hentry","category-mexique"],"acf":[],"yoast_head":"<!-- This site is optimized with the Yoast SEO plugin v27.5 - https:\/\/yoast.com\/product\/yoast-seo-wordpress\/ -->\n<title>Rencontre avec S\u0153ur Fran\u00e7oise Petit, S\u0153ur Alicia Margarita Cort\u00e9s et le P\u00e8re Jos\u00e9 Antonio Gonz\u00e1lez Prieto, au Mexique. - Filles de la Charit\u00e9<\/title>\n<meta name=\"robots\" content=\"index, follow, max-snippet:-1, max-image-preview:large, max-video-preview:-1\" \/>\n<link rel=\"canonical\" href=\"https:\/\/filles-de-la-charite.org\/fr\/rencontre-avec-soeur-francoise-petit-soeur-alicia-margarita-cortes-et-le-pere-jose-antonio-gonzalez-prieto-au-mexique\/\" \/>\n<meta property=\"og:locale\" content=\"fr_FR\" \/>\n<meta property=\"og:type\" content=\"article\" \/>\n<meta property=\"og:title\" content=\"Rencontre avec S\u0153ur Fran\u00e7oise Petit, S\u0153ur Alicia Margarita Cort\u00e9s et le P\u00e8re Jos\u00e9 Antonio Gonz\u00e1lez Prieto, au Mexique. - Filles de la Charit\u00e9\" \/>\n<meta property=\"og:description\" content=\"Le 20 juillet, la Province du Mexique et les Jeunes S\u0153urs d&rsquo;Am\u00e9rique Latine et des Cara\u00efbes, participantes \u00e0 CIEVI 2024, ont eu la joie d&rsquo;accueillir S\u0153ur Fran\u00e7oise Petit, Sup\u00e9rieure g\u00e9n\u00e9rale, S\u0153ur Alicia Margarita Cort\u00e9s, Conseill\u00e8re g\u00e9n\u00e9rale, et le P\u00e8re Jos\u00e9 Antonio Gonz\u00e1lez Prieto, Directeur g\u00e9n\u00e9ral, rappelant, comme nous l&rsquo;avons exp\u00e9riment\u00e9 dans la Compagnie, que \u00ab [&hellip;]\" \/>\n<meta property=\"og:url\" content=\"https:\/\/filles-de-la-charite.org\/fr\/rencontre-avec-soeur-francoise-petit-soeur-alicia-margarita-cortes-et-le-pere-jose-antonio-gonzalez-prieto-au-mexique\/\" \/>\n<meta property=\"og:site_name\" content=\"Filles de la Charit\u00e9\" \/>\n<meta property=\"article:published_time\" content=\"2024-08-07T22:14:43+00:00\" \/>\n<meta property=\"article:modified_time\" content=\"2024-09-05T22:51:52+00:00\" \/>\n<meta property=\"og:image\" content=\"https:\/\/filles-de-la-charite.org\/wp-content\/uploads\/2024\/09\/Basilica-4-scaled.jpg\" \/>\n\t<meta property=\"og:image:width\" content=\"2560\" \/>\n\t<meta property=\"og:image:height\" content=\"1707\" \/>\n\t<meta property=\"og:image:type\" content=\"image\/jpeg\" \/>\n<meta name=\"author\" content=\"SOR MARTA\" \/>\n<meta name=\"twitter:card\" content=\"summary_large_image\" \/>\n<meta name=\"twitter:label1\" content=\"\u00c9crit par\" \/>\n\t<meta name=\"twitter:data1\" content=\"SOR MARTA\" \/>\n\t<meta name=\"twitter:label2\" content=\"Dur\u00e9e de lecture estim\u00e9e\" \/>\n\t<meta name=\"twitter:data2\" content=\"5 minutes\" \/>\n<script type=\"application\/ld+json\" class=\"yoast-schema-graph\">{\"@context\":\"https:\\\/\\\/schema.org\",\"@graph\":[{\"@type\":\"Article\",\"@id\":\"https:\\\/\\\/filles-de-la-charite.org\\\/fr\\\/rencontre-avec-soeur-francoise-petit-soeur-alicia-margarita-cortes-et-le-pere-jose-antonio-gonzalez-prieto-au-mexique\\\/#article\",\"isPartOf\":{\"@id\":\"https:\\\/\\\/filles-de-la-charite.org\\\/fr\\\/rencontre-avec-soeur-francoise-petit-soeur-alicia-margarita-cortes-et-le-pere-jose-antonio-gonzalez-prieto-au-mexique\\\/\"},\"author\":{\"name\":\"SOR MARTA\",\"@id\":\"https:\\\/\\\/filles-de-la-charite.org\\\/fr\\\/#\\\/schema\\\/person\\\/0c922b6ca71280639858d297b3a7209f\"},\"headline\":\"Rencontre avec S\u0153ur Fran\u00e7oise Petit, S\u0153ur Alicia Margarita Cort\u00e9s et le P\u00e8re Jos\u00e9 Antonio Gonz\u00e1lez Prieto, au Mexique.\",\"datePublished\":\"2024-08-07T22:14:43+00:00\",\"dateModified\":\"2024-09-05T22:51:52+00:00\",\"mainEntityOfPage\":{\"@id\":\"https:\\\/\\\/filles-de-la-charite.org\\\/fr\\\/rencontre-avec-soeur-francoise-petit-soeur-alicia-margarita-cortes-et-le-pere-jose-antonio-gonzalez-prieto-au-mexique\\\/\"},\"wordCount\":705,\"publisher\":{\"@id\":\"https:\\\/\\\/filles-de-la-charite.org\\\/fr\\\/#organization\"},\"image\":{\"@id\":\"https:\\\/\\\/filles-de-la-charite.org\\\/fr\\\/rencontre-avec-soeur-francoise-petit-soeur-alicia-margarita-cortes-et-le-pere-jose-antonio-gonzalez-prieto-au-mexique\\\/#primaryimage\"},\"thumbnailUrl\":\"https:\\\/\\\/filles-de-la-charite.org\\\/wp-content\\\/uploads\\\/2024\\\/09\\\/Basilica-4-scaled.jpg\",\"articleSection\":[\"Mexique\"],\"inLanguage\":\"fr-FR\"},{\"@type\":\"WebPage\",\"@id\":\"https:\\\/\\\/filles-de-la-charite.org\\\/fr\\\/rencontre-avec-soeur-francoise-petit-soeur-alicia-margarita-cortes-et-le-pere-jose-antonio-gonzalez-prieto-au-mexique\\\/\",\"url\":\"https:\\\/\\\/filles-de-la-charite.org\\\/fr\\\/rencontre-avec-soeur-francoise-petit-soeur-alicia-margarita-cortes-et-le-pere-jose-antonio-gonzalez-prieto-au-mexique\\\/\",\"name\":\"Rencontre avec S\u0153ur Fran\u00e7oise Petit, S\u0153ur Alicia Margarita Cort\u00e9s et le P\u00e8re Jos\u00e9 Antonio Gonz\u00e1lez Prieto, au Mexique. - Filles de la Charit\u00e9\",\"isPartOf\":{\"@id\":\"https:\\\/\\\/filles-de-la-charite.org\\\/fr\\\/#website\"},\"primaryImageOfPage\":{\"@id\":\"https:\\\/\\\/filles-de-la-charite.org\\\/fr\\\/rencontre-avec-soeur-francoise-petit-soeur-alicia-margarita-cortes-et-le-pere-jose-antonio-gonzalez-prieto-au-mexique\\\/#primaryimage\"},\"image\":{\"@id\":\"https:\\\/\\\/filles-de-la-charite.org\\\/fr\\\/rencontre-avec-soeur-francoise-petit-soeur-alicia-margarita-cortes-et-le-pere-jose-antonio-gonzalez-prieto-au-mexique\\\/#primaryimage\"},\"thumbnailUrl\":\"https:\\\/\\\/filles-de-la-charite.org\\\/wp-content\\\/uploads\\\/2024\\\/09\\\/Basilica-4-scaled.jpg\",\"datePublished\":\"2024-08-07T22:14:43+00:00\",\"dateModified\":\"2024-09-05T22:51:52+00:00\",\"breadcrumb\":{\"@id\":\"https:\\\/\\\/filles-de-la-charite.org\\\/fr\\\/rencontre-avec-soeur-francoise-petit-soeur-alicia-margarita-cortes-et-le-pere-jose-antonio-gonzalez-prieto-au-mexique\\\/#breadcrumb\"},\"inLanguage\":\"fr-FR\",\"potentialAction\":[{\"@type\":\"ReadAction\",\"target\":[\"https:\\\/\\\/filles-de-la-charite.org\\\/fr\\\/rencontre-avec-soeur-francoise-petit-soeur-alicia-margarita-cortes-et-le-pere-jose-antonio-gonzalez-prieto-au-mexique\\\/\"]}]},{\"@type\":\"ImageObject\",\"inLanguage\":\"fr-FR\",\"@id\":\"https:\\\/\\\/filles-de-la-charite.org\\\/fr\\\/rencontre-avec-soeur-francoise-petit-soeur-alicia-margarita-cortes-et-le-pere-jose-antonio-gonzalez-prieto-au-mexique\\\/#primaryimage\",\"url\":\"https:\\\/\\\/filles-de-la-charite.org\\\/wp-content\\\/uploads\\\/2024\\\/09\\\/Basilica-4-scaled.jpg\",\"contentUrl\":\"https:\\\/\\\/filles-de-la-charite.org\\\/wp-content\\\/uploads\\\/2024\\\/09\\\/Basilica-4-scaled.jpg\",\"width\":2560,\"height\":1707},{\"@type\":\"BreadcrumbList\",\"@id\":\"https:\\\/\\\/filles-de-la-charite.org\\\/fr\\\/rencontre-avec-soeur-francoise-petit-soeur-alicia-margarita-cortes-et-le-pere-jose-antonio-gonzalez-prieto-au-mexique\\\/#breadcrumb\",\"itemListElement\":[{\"@type\":\"ListItem\",\"position\":1,\"name\":\"Mexique\",\"item\":\"https:\\\/\\\/filles-de-la-charite.org\\\/fr\\\/category\\\/mexique\\\/\"},{\"@type\":\"ListItem\",\"position\":2,\"name\":\"Rencontre avec S\u0153ur Fran\u00e7oise Petit, S\u0153ur Alicia Margarita Cort\u00e9s et le P\u00e8re Jos\u00e9 Antonio Gonz\u00e1lez Prieto, au Mexique.\"}]},{\"@type\":\"WebSite\",\"@id\":\"https:\\\/\\\/filles-de-la-charite.org\\\/fr\\\/#website\",\"url\":\"https:\\\/\\\/filles-de-la-charite.org\\\/fr\\\/\",\"name\":\"Hijas de la Caridad\",\"description\":\"L\u2019amour de J\u00e9sus nous presse \u00e0 prendre soin des personnes les plus d\u00e9munies\",\"publisher\":{\"@id\":\"https:\\\/\\\/filles-de-la-charite.org\\\/fr\\\/#organization\"},\"potentialAction\":[{\"@type\":\"SearchAction\",\"target\":{\"@type\":\"EntryPoint\",\"urlTemplate\":\"https:\\\/\\\/filles-de-la-charite.org\\\/fr\\\/?s={search_term_string}\"},\"query-input\":{\"@type\":\"PropertyValueSpecification\",\"valueRequired\":true,\"valueName\":\"search_term_string\"}}],\"inLanguage\":\"fr-FR\"},{\"@type\":\"Organization\",\"@id\":\"https:\\\/\\\/filles-de-la-charite.org\\\/fr\\\/#organization\",\"name\":\"Hijas de la Caridad\",\"url\":\"https:\\\/\\\/filles-de-la-charite.org\\\/fr\\\/\",\"logo\":{\"@type\":\"ImageObject\",\"inLanguage\":\"fr-FR\",\"@id\":\"https:\\\/\\\/filles-de-la-charite.org\\\/fr\\\/#\\\/schema\\\/logo\\\/image\\\/\",\"url\":\"https:\\\/\\\/filles-de-la-charite.org\\\/wp-content\\\/uploads\\\/2023\\\/03\\\/isotipo-Hijas-de-la-Caridad.png\",\"contentUrl\":\"https:\\\/\\\/filles-de-la-charite.org\\\/wp-content\\\/uploads\\\/2023\\\/03\\\/isotipo-Hijas-de-la-Caridad.png\",\"width\":1417,\"height\":1417,\"caption\":\"Hijas de la Caridad\"},\"image\":{\"@id\":\"https:\\\/\\\/filles-de-la-charite.org\\\/fr\\\/#\\\/schema\\\/logo\\\/image\\\/\"}},{\"@type\":\"Person\",\"@id\":\"https:\\\/\\\/filles-de-la-charite.org\\\/fr\\\/#\\\/schema\\\/person\\\/0c922b6ca71280639858d297b3a7209f\",\"name\":\"SOR MARTA\",\"image\":{\"@type\":\"ImageObject\",\"inLanguage\":\"fr-FR\",\"@id\":\"https:\\\/\\\/secure.gravatar.com\\\/avatar\\\/d2c45b0fd6bf2d3e2670ab3d112257c24ac80fa960360bba1bdc0676485d1d09?s=96&d=mm&r=g\",\"url\":\"https:\\\/\\\/secure.gravatar.com\\\/avatar\\\/d2c45b0fd6bf2d3e2670ab3d112257c24ac80fa960360bba1bdc0676485d1d09?s=96&d=mm&r=g\",\"contentUrl\":\"https:\\\/\\\/secure.gravatar.com\\\/avatar\\\/d2c45b0fd6bf2d3e2670ab3d112257c24ac80fa960360bba1bdc0676485d1d09?s=96&d=mm&r=g\",\"caption\":\"SOR MARTA\"},\"url\":\"https:\\\/\\\/filles-de-la-charite.org\\\/fr\\\/author\\\/martaemn\\\/\"}]}<\/script>\n<!-- \/ Yoast SEO plugin. -->","yoast_head_json":{"title":"Rencontre avec S\u0153ur Fran\u00e7oise Petit, S\u0153ur Alicia Margarita Cort\u00e9s et le P\u00e8re Jos\u00e9 Antonio Gonz\u00e1lez Prieto, au Mexique. - Filles de la Charit\u00e9","robots":{"index":"index","follow":"follow","max-snippet":"max-snippet:-1","max-image-preview":"max-image-preview:large","max-video-preview":"max-video-preview:-1"},"canonical":"https:\/\/filles-de-la-charite.org\/fr\/rencontre-avec-soeur-francoise-petit-soeur-alicia-margarita-cortes-et-le-pere-jose-antonio-gonzalez-prieto-au-mexique\/","og_locale":"fr_FR","og_type":"article","og_title":"Rencontre avec S\u0153ur Fran\u00e7oise Petit, S\u0153ur Alicia Margarita Cort\u00e9s et le P\u00e8re Jos\u00e9 Antonio Gonz\u00e1lez Prieto, au Mexique. - Filles de la Charit\u00e9","og_description":"Le 20 juillet, la Province du Mexique et les Jeunes S\u0153urs d&rsquo;Am\u00e9rique Latine et des Cara\u00efbes, participantes \u00e0 CIEVI 2024, ont eu la joie d&rsquo;accueillir S\u0153ur Fran\u00e7oise Petit, Sup\u00e9rieure g\u00e9n\u00e9rale, S\u0153ur Alicia Margarita Cort\u00e9s, Conseill\u00e8re g\u00e9n\u00e9rale, et le P\u00e8re Jos\u00e9 Antonio Gonz\u00e1lez Prieto, Directeur g\u00e9n\u00e9ral, rappelant, comme nous l&rsquo;avons exp\u00e9riment\u00e9 dans la Compagnie, que \u00ab [&hellip;]","og_url":"https:\/\/filles-de-la-charite.org\/fr\/rencontre-avec-soeur-francoise-petit-soeur-alicia-margarita-cortes-et-le-pere-jose-antonio-gonzalez-prieto-au-mexique\/","og_site_name":"Filles de la Charit\u00e9","article_published_time":"2024-08-07T22:14:43+00:00","article_modified_time":"2024-09-05T22:51:52+00:00","og_image":[{"width":2560,"height":1707,"url":"https:\/\/filles-de-la-charite.org\/wp-content\/uploads\/2024\/09\/Basilica-4-scaled.jpg","type":"image\/jpeg"}],"author":"SOR MARTA","twitter_card":"summary_large_image","twitter_misc":{"\u00c9crit par":"SOR MARTA","Dur\u00e9e de lecture estim\u00e9e":"5 minutes"},"schema":{"@context":"https:\/\/schema.org","@graph":[{"@type":"Article","@id":"https:\/\/filles-de-la-charite.org\/fr\/rencontre-avec-soeur-francoise-petit-soeur-alicia-margarita-cortes-et-le-pere-jose-antonio-gonzalez-prieto-au-mexique\/#article","isPartOf":{"@id":"https:\/\/filles-de-la-charite.org\/fr\/rencontre-avec-soeur-francoise-petit-soeur-alicia-margarita-cortes-et-le-pere-jose-antonio-gonzalez-prieto-au-mexique\/"},"author":{"name":"SOR MARTA","@id":"https:\/\/filles-de-la-charite.org\/fr\/#\/schema\/person\/0c922b6ca71280639858d297b3a7209f"},"headline":"Rencontre avec S\u0153ur Fran\u00e7oise Petit, S\u0153ur Alicia Margarita Cort\u00e9s et le P\u00e8re Jos\u00e9 Antonio Gonz\u00e1lez Prieto, au Mexique.","datePublished":"2024-08-07T22:14:43+00:00","dateModified":"2024-09-05T22:51:52+00:00","mainEntityOfPage":{"@id":"https:\/\/filles-de-la-charite.org\/fr\/rencontre-avec-soeur-francoise-petit-soeur-alicia-margarita-cortes-et-le-pere-jose-antonio-gonzalez-prieto-au-mexique\/"},"wordCount":705,"publisher":{"@id":"https:\/\/filles-de-la-charite.org\/fr\/#organization"},"image":{"@id":"https:\/\/filles-de-la-charite.org\/fr\/rencontre-avec-soeur-francoise-petit-soeur-alicia-margarita-cortes-et-le-pere-jose-antonio-gonzalez-prieto-au-mexique\/#primaryimage"},"thumbnailUrl":"https:\/\/filles-de-la-charite.org\/wp-content\/uploads\/2024\/09\/Basilica-4-scaled.jpg","articleSection":["Mexique"],"inLanguage":"fr-FR"},{"@type":"WebPage","@id":"https:\/\/filles-de-la-charite.org\/fr\/rencontre-avec-soeur-francoise-petit-soeur-alicia-margarita-cortes-et-le-pere-jose-antonio-gonzalez-prieto-au-mexique\/","url":"https:\/\/filles-de-la-charite.org\/fr\/rencontre-avec-soeur-francoise-petit-soeur-alicia-margarita-cortes-et-le-pere-jose-antonio-gonzalez-prieto-au-mexique\/","name":"Rencontre avec S\u0153ur Fran\u00e7oise Petit, S\u0153ur Alicia Margarita Cort\u00e9s et le P\u00e8re Jos\u00e9 Antonio Gonz\u00e1lez Prieto, au Mexique. - Filles de la Charit\u00e9","isPartOf":{"@id":"https:\/\/filles-de-la-charite.org\/fr\/#website"},"primaryImageOfPage":{"@id":"https:\/\/filles-de-la-charite.org\/fr\/rencontre-avec-soeur-francoise-petit-soeur-alicia-margarita-cortes-et-le-pere-jose-antonio-gonzalez-prieto-au-mexique\/#primaryimage"},"image":{"@id":"https:\/\/filles-de-la-charite.org\/fr\/rencontre-avec-soeur-francoise-petit-soeur-alicia-margarita-cortes-et-le-pere-jose-antonio-gonzalez-prieto-au-mexique\/#primaryimage"},"thumbnailUrl":"https:\/\/filles-de-la-charite.org\/wp-content\/uploads\/2024\/09\/Basilica-4-scaled.jpg","datePublished":"2024-08-07T22:14:43+00:00","dateModified":"2024-09-05T22:51:52+00:00","breadcrumb":{"@id":"https:\/\/filles-de-la-charite.org\/fr\/rencontre-avec-soeur-francoise-petit-soeur-alicia-margarita-cortes-et-le-pere-jose-antonio-gonzalez-prieto-au-mexique\/#breadcrumb"},"inLanguage":"fr-FR","potentialAction":[{"@type":"ReadAction","target":["https:\/\/filles-de-la-charite.org\/fr\/rencontre-avec-soeur-francoise-petit-soeur-alicia-margarita-cortes-et-le-pere-jose-antonio-gonzalez-prieto-au-mexique\/"]}]},{"@type":"ImageObject","inLanguage":"fr-FR","@id":"https:\/\/filles-de-la-charite.org\/fr\/rencontre-avec-soeur-francoise-petit-soeur-alicia-margarita-cortes-et-le-pere-jose-antonio-gonzalez-prieto-au-mexique\/#primaryimage","url":"https:\/\/filles-de-la-charite.org\/wp-content\/uploads\/2024\/09\/Basilica-4-scaled.jpg","contentUrl":"https:\/\/filles-de-la-charite.org\/wp-content\/uploads\/2024\/09\/Basilica-4-scaled.jpg","width":2560,"height":1707},{"@type":"BreadcrumbList","@id":"https:\/\/filles-de-la-charite.org\/fr\/rencontre-avec-soeur-francoise-petit-soeur-alicia-margarita-cortes-et-le-pere-jose-antonio-gonzalez-prieto-au-mexique\/#breadcrumb","itemListElement":[{"@type":"ListItem","position":1,"name":"Mexique","item":"https:\/\/filles-de-la-charite.org\/fr\/category\/mexique\/"},{"@type":"ListItem","position":2,"name":"Rencontre avec S\u0153ur Fran\u00e7oise Petit, S\u0153ur Alicia Margarita Cort\u00e9s et le P\u00e8re Jos\u00e9 Antonio Gonz\u00e1lez Prieto, au Mexique."}]},{"@type":"WebSite","@id":"https:\/\/filles-de-la-charite.org\/fr\/#website","url":"https:\/\/filles-de-la-charite.org\/fr\/","name":"Hijas de la Caridad","description":"L\u2019amour de J\u00e9sus nous presse \u00e0 prendre soin des personnes les plus d\u00e9munies","publisher":{"@id":"https:\/\/filles-de-la-charite.org\/fr\/#organization"},"potentialAction":[{"@type":"SearchAction","target":{"@type":"EntryPoint","urlTemplate":"https:\/\/filles-de-la-charite.org\/fr\/?s={search_term_string}"},"query-input":{"@type":"PropertyValueSpecification","valueRequired":true,"valueName":"search_term_string"}}],"inLanguage":"fr-FR"},{"@type":"Organization","@id":"https:\/\/filles-de-la-charite.org\/fr\/#organization","name":"Hijas de la Caridad","url":"https:\/\/filles-de-la-charite.org\/fr\/","logo":{"@type":"ImageObject","inLanguage":"fr-FR","@id":"https:\/\/filles-de-la-charite.org\/fr\/#\/schema\/logo\/image\/","url":"https:\/\/filles-de-la-charite.org\/wp-content\/uploads\/2023\/03\/isotipo-Hijas-de-la-Caridad.png","contentUrl":"https:\/\/filles-de-la-charite.org\/wp-content\/uploads\/2023\/03\/isotipo-Hijas-de-la-Caridad.png","width":1417,"height":1417,"caption":"Hijas de la Caridad"},"image":{"@id":"https:\/\/filles-de-la-charite.org\/fr\/#\/schema\/logo\/image\/"}},{"@type":"Person","@id":"https:\/\/filles-de-la-charite.org\/fr\/#\/schema\/person\/0c922b6ca71280639858d297b3a7209f","name":"SOR MARTA","image":{"@type":"ImageObject","inLanguage":"fr-FR","@id":"https:\/\/secure.gravatar.com\/avatar\/d2c45b0fd6bf2d3e2670ab3d112257c24ac80fa960360bba1bdc0676485d1d09?s=96&d=mm&r=g","url":"https:\/\/secure.gravatar.com\/avatar\/d2c45b0fd6bf2d3e2670ab3d112257c24ac80fa960360bba1bdc0676485d1d09?s=96&d=mm&r=g","contentUrl":"https:\/\/secure.gravatar.com\/avatar\/d2c45b0fd6bf2d3e2670ab3d112257c24ac80fa960360bba1bdc0676485d1d09?s=96&d=mm&r=g","caption":"SOR MARTA"},"url":"https:\/\/filles-de-la-charite.org\/fr\/author\/martaemn\/"}]}},"_links":{"self":[{"href":"https:\/\/filles-de-la-charite.org\/fr\/wp-json\/wp\/v2\/posts\/39050","targetHints":{"allow":["GET"]}}],"collection":[{"href":"https:\/\/filles-de-la-charite.org\/fr\/wp-json\/wp\/v2\/posts"}],"about":[{"href":"https:\/\/filles-de-la-charite.org\/fr\/wp-json\/wp\/v2\/types\/post"}],"author":[{"embeddable":true,"href":"https:\/\/filles-de-la-charite.org\/fr\/wp-json\/wp\/v2\/users\/5"}],"replies":[{"embeddable":true,"href":"https:\/\/filles-de-la-charite.org\/fr\/wp-json\/wp\/v2\/comments?post=39050"}],"version-history":[{"count":4,"href":"https:\/\/filles-de-la-charite.org\/fr\/wp-json\/wp\/v2\/posts\/39050\/revisions"}],"predecessor-version":[{"id":39170,"href":"https:\/\/filles-de-la-charite.org\/fr\/wp-json\/wp\/v2\/posts\/39050\/revisions\/39170"}],"wp:featuredmedia":[{"embeddable":true,"href":"https:\/\/filles-de-la-charite.org\/fr\/wp-json\/wp\/v2\/media\/39000"}],"wp:attachment":[{"href":"https:\/\/filles-de-la-charite.org\/fr\/wp-json\/wp\/v2\/media?parent=39050"}],"wp:term":[{"taxonomy":"category","embeddable":true,"href":"https:\/\/filles-de-la-charite.org\/fr\/wp-json\/wp\/v2\/categories?post=39050"},{"taxonomy":"post_tag","embeddable":true,"href":"https:\/\/filles-de-la-charite.org\/fr\/wp-json\/wp\/v2\/tags?post=39050"}],"curies":[{"name":"wp","href":"https:\/\/api.w.org\/{rel}","templated":true}]}}