{"id":40567,"date":"2024-11-23T13:22:47","date_gmt":"2024-11-23T12:22:47","guid":{"rendered":"https:\/\/filles-de-la-charite.org\/?p=40567"},"modified":"2024-11-23T14:03:52","modified_gmt":"2024-11-23T13:03:52","slug":"encuentro-internacional-de-economas-provinciales","status":"publish","type":"post","link":"https:\/\/filles-de-la-charite.org\/fr\/encuentro-internacional-de-economas-provinciales\/","title":{"rendered":"Rencontre internationale des Economes provinciales"},"content":{"rendered":"\n<p>La rencontre des Economes provinciales de la Compagnie des Filles de la Charit\u00e9, qui s\u2019est tenue \u00e0 la Maison M\u00e8re \u00e0 Paris du 4 au 17 novembre, a \u00e9t\u00e9 un \u00e9v\u00e9nement riche en \u00e9changes et en r\u00e9flexion autour de l\u2019administration des biens au service de la mission. La premi\u00e8re semaine a \u00e9t\u00e9 consacr\u00e9e \u00e0 un approfondissement des orientations de l\u2019Eglise et de la Compagnie sur la gestion des biens. Soeur Fran\u00e7oise PETIT a inaugur\u00e9 la Rencontre en donnant un \u00e9clairage sur le r\u00f4le de l\u2019Econome provinciale \u00e0 la lumi\u00e8re du charisme. Puis, c\u2019est le Cardinal Jo\u00e3o BRAZ DE AVIZ qui a mis en \u00e9vidence la mani\u00e8re dont l\u2019\u00e9conomie peut devenir un outil au service de la mission \u00e9vang\u00e9lique. Les interventions se sont ensuite centr\u00e9es sur les engagements li\u00e9s au v\u0153u de pauvret\u00e9, la synodalit\u00e9 et les valeurs de la bonne administration selon les Fondateurs.<\/p>\n\n\n\n<p>La deuxi\u00e8me semaine de la Rencontre a \u00e9t\u00e9 d\u00e9di\u00e9e aux aspects techniques de la mission de l\u2019Econome. Ce temps a permis d'approfondir des sujets essentiels pour une administration efficace. Pendant trois jours, les participantes ont r\u00e9fl\u00e9chi sur la comptabilit\u00e9, le budget pr\u00e9visionnel et l\u2019importance des inventaires. Une journ\u00e9e a \u00e9t\u00e9 consacr\u00e9e \u00e0 la finance, suivie d\u2019une autre pour r\u00e9fl\u00e9chir sur le th\u00e8me de l\u2019\u00e9laboration des projets ainsi que les ressources mises \u00e0 disposition pour les financer.<\/p>\n\n\n\n<p>Les participantes ont pris le temps de relire et d\u2019int\u00e9grer ces orientations pour une meilleure administration des biens de la Compagnie. Les \u00e9changes, riches et profonds, ont permis de mieux comprendre comment la gestion des ressources pouvait \u00eatre mise en coh\u00e9rence avec la mission de la Compagnie pour r\u00e9pondre aux d\u00e9fis actuels. Cette Rencontre a renforc\u00e9 l\u2019engagement des Economes \u00e0 g\u00e9rer les biens avec discernement et cr\u00e9ativit\u00e9, toujours au service des plus pauvres.<\/p>\n\n\n\n<div class=\"wp-block-responsive-lightbox-gallery\"><div class=\"et_pb_slider et_pb_slider_fullwidth_off et_pb_gallery_post_type\">\n\t\t\t\t<div class=\"et_pb_slides\">\n\t\t\t\t\t<div class=\"et_pb_slide\" style=\"background: url(https:\/\/filles-de-la-charite.org\/wp-content\/uploads\/2024\/11\/Imagem-do-WhatsApp-de-2024-11-05-as-07.04.32_e4ec0bf3.jpg);\"><\/div><div class=\"et_pb_slide\" style=\"background: url(https:\/\/filles-de-la-charite.org\/wp-content\/uploads\/2024\/11\/Imagem-do-WhatsApp-de-2024-11-06-as-17.12.10_d5f8a968-scaled.jpg);\"><\/div><div class=\"et_pb_slide\" style=\"background: url(https:\/\/filles-de-la-charite.org\/wp-content\/uploads\/2024\/11\/Imagem-do-WhatsApp-de-2024-11-06-as-17.12.18_fbe2e6f4-scaled.jpg);\"><\/div><div class=\"et_pb_slide\" style=\"background: url(https:\/\/filles-de-la-charite.org\/wp-content\/uploads\/2024\/11\/Imagem-do-WhatsApp-de-2024-11-06-as-17.12.23_9ef856bf-scaled.jpg);\"><\/div><div class=\"et_pb_slide\" style=\"background: url(https:\/\/filles-de-la-charite.org\/wp-content\/uploads\/2024\/11\/Imagem-do-WhatsApp-de-2024-11-06-as-17.12.39_7b62514c-scaled.jpg);\"><\/div><div class=\"et_pb_slide\" style=\"background: url(https:\/\/filles-de-la-charite.org\/wp-content\/uploads\/2024\/11\/Imagem-do-WhatsApp-de-2024-11-06-as-17.12.41_f5ed9993-scaled.jpg);\"><\/div><div class=\"et_pb_slide\" style=\"background: url(https:\/\/filles-de-la-charite.org\/wp-content\/uploads\/2024\/11\/Imagem-do-WhatsApp-de-2024-11-06-as-17.12.50_5636ceb1-scaled.jpg);\"><\/div><div class=\"et_pb_slide\" style=\"background: url(https:\/\/filles-de-la-charite.org\/wp-content\/uploads\/2024\/11\/Imagem-do-WhatsApp-de-2024-11-06-as-17.12.54_40e934e0-scaled.jpg);\"><\/div><div class=\"et_pb_slide\" style=\"background: url(https:\/\/filles-de-la-charite.org\/wp-content\/uploads\/2024\/11\/Rencontre-des-Economes-5-scaled.jpg);\"><\/div><div class=\"et_pb_slide\" style=\"background: url(https:\/\/filles-de-la-charite.org\/wp-content\/uploads\/2024\/11\/Rencontre-des-Economes-8-scaled.jpg);\"><\/div><div class=\"et_pb_slide\" style=\"background: url(https:\/\/filles-de-la-charite.org\/wp-content\/uploads\/2024\/11\/Rencontre-des-Economes-11-scaled.jpg);\"><\/div><div class=\"et_pb_slide\" style=\"background: url(https:\/\/filles-de-la-charite.org\/wp-content\/uploads\/2024\/11\/Rencontre-des-Economes-12-scaled.jpg);\"><\/div><div class=\"et_pb_slide\" style=\"background: url(https:\/\/filles-de-la-charite.org\/wp-content\/uploads\/2024\/11\/Imagem-do-WhatsApp-de-2024-11-06-as-17.12.00_3e4b1c20-scaled.jpg);\"><\/div><div class=\"et_pb_slide\" style=\"background: url(https:\/\/filles-de-la-charite.org\/wp-content\/uploads\/2024\/11\/Imagem-do-WhatsApp-de-2024-11-05-as-20.12.11_8ccc02c2-scaled.jpg);\"><\/div><div class=\"et_pb_slide\" style=\"background: url(https:\/\/filles-de-la-charite.org\/wp-content\/uploads\/2024\/11\/Imagem-do-WhatsApp-de-2024-11-05-as-07.05.09_242a601b.jpg);\"><\/div><div class=\"et_pb_slide\" style=\"background: url(https:\/\/filles-de-la-charite.org\/wp-content\/uploads\/2024\/11\/Imagem-do-WhatsApp-de-2024-11-05-as-20.10.32_6a466ec8.jpg);\"><\/div><div class=\"et_pb_slide\" style=\"background: url(https:\/\/filles-de-la-charite.org\/wp-content\/uploads\/2024\/11\/Imagem-do-WhatsApp-de-2024-11-05-as-20.10.34_a6fe6234.jpg);\"><\/div><div class=\"et_pb_slide\" style=\"background: url(https:\/\/filles-de-la-charite.org\/wp-content\/uploads\/2024\/11\/Imagem-do-WhatsApp-de-2024-11-05-as-20.10.36_fd781b89.jpg);\"><\/div><div class=\"et_pb_slide\" style=\"background: url(https:\/\/filles-de-la-charite.org\/wp-content\/uploads\/2024\/11\/Imagem-do-WhatsApp-de-2024-11-05-as-20.11.50_69b94d96-scaled.jpg);\"><\/div><div class=\"et_pb_slide\" style=\"background: url(https:\/\/filles-de-la-charite.org\/wp-content\/uploads\/2024\/11\/Imagem-do-WhatsApp-de-2024-11-05-as-20.11.54_7a2c0e88-scaled.jpg);\"><\/div><div class=\"et_pb_slide\" style=\"background: url(https:\/\/filles-de-la-charite.org\/wp-content\/uploads\/2024\/11\/Imagem-do-WhatsApp-de-2024-11-05-as-20.11.58_1379b0a6-scaled.jpg);\"><\/div><div class=\"et_pb_slide\" style=\"background: url(https:\/\/filles-de-la-charite.org\/wp-content\/uploads\/2024\/11\/Imagem-do-WhatsApp-de-2024-11-05-as-20.12.02_e52b1892-scaled.jpg);\"><\/div><div class=\"et_pb_slide\" style=\"background: url(https:\/\/filles-de-la-charite.org\/wp-content\/uploads\/2024\/11\/Imagem-do-WhatsApp-de-2024-11-05-as-20.12.06_309f6711-scaled.jpg);\"><\/div><div class=\"et_pb_slide\" style=\"background: url(https:\/\/filles-de-la-charite.org\/wp-content\/uploads\/2024\/11\/Imagem-do-WhatsApp-de-2024-11-05-as-20.12.06_d5971c64-scaled.jpg);\"><\/div><div class=\"et_pb_slide\" style=\"background: url(https:\/\/filles-de-la-charite.org\/wp-content\/uploads\/2024\/11\/Imagem-do-WhatsApp-de-2024-11-05-as-20.12.10_18e18fd6-scaled.jpg);\"><\/div><div class=\"et_pb_slide\" style=\"background: url(https:\/\/filles-de-la-charite.org\/wp-content\/uploads\/2024\/11\/Rencontre-des-Economes-15-scaled.jpg);\"><\/div>\n\t\t\t\t<\/div>\n\t\t\t<\/div><\/div>\n","protected":false},"excerpt":{"rendered":"<p>La rencontre des Economes provinciales de la Compagnie des Filles de la Charit\u00e9, qui s\u2019est tenue \u00e0 la Maison M\u00e8re \u00e0 Paris du 4 au 17 novembre, a \u00e9t\u00e9 un \u00e9v\u00e9nement riche en \u00e9changes et en r\u00e9flexion autour de l\u2019administration des biens au service de la mission. La premi\u00e8re semaine a \u00e9t\u00e9 consacr\u00e9e \u00e0 un [&hellip;]<\/p>\n","protected":false},"author":5,"featured_media":40558,"comment_status":"closed","ping_status":"closed","sticky":false,"template":"","format":"standard","meta":{"_acf_changed":false,"footnotes":"","_links_to":"","_links_to_target":""},"categories":[843,558],"tags":[],"class_list":["post-40567","post","type-post","status-publish","format-standard","has-post-thumbnail","hentry","category-international-fr","category-maison-mere-fr"],"acf":[],"yoast_head":"<!-- This site is optimized with the Yoast SEO plugin v27.5 - https:\/\/yoast.com\/product\/yoast-seo-wordpress\/ -->\n<title>Rencontre internationale des Economes provinciales - Filles de la Charit\u00e9<\/title>\n<meta name=\"robots\" content=\"index, follow, max-snippet:-1, max-image-preview:large, max-video-preview:-1\" \/>\n<link rel=\"canonical\" href=\"https:\/\/filles-de-la-charite.org\/fr\/encuentro-internacional-de-economas-provinciales\/\" \/>\n<meta property=\"og:locale\" content=\"fr_FR\" \/>\n<meta property=\"og:type\" content=\"article\" \/>\n<meta property=\"og:title\" content=\"Rencontre internationale des Economes provinciales - Filles de la Charit\u00e9\" \/>\n<meta property=\"og:description\" content=\"La rencontre des Economes provinciales de la Compagnie des Filles de la Charit\u00e9, qui s\u2019est tenue \u00e0 la Maison M\u00e8re \u00e0 Paris du 4 au 17 novembre, a \u00e9t\u00e9 un \u00e9v\u00e9nement riche en \u00e9changes et en r\u00e9flexion autour de l\u2019administration des biens au service de la mission. La premi\u00e8re semaine a \u00e9t\u00e9 consacr\u00e9e \u00e0 un [&hellip;]\" \/>\n<meta property=\"og:url\" content=\"https:\/\/filles-de-la-charite.org\/fr\/encuentro-internacional-de-economas-provinciales\/\" \/>\n<meta property=\"og:site_name\" content=\"Filles de la Charit\u00e9\" \/>\n<meta property=\"article:published_time\" content=\"2024-11-23T12:22:47+00:00\" \/>\n<meta property=\"article:modified_time\" content=\"2024-11-23T13:03:52+00:00\" \/>\n<meta property=\"og:image\" content=\"https:\/\/filles-de-la-charite.org\/wp-content\/uploads\/2024\/11\/Rencontre-des-Economes-Miniatura-scaled.jpg\" \/>\n\t<meta property=\"og:image:width\" content=\"2560\" \/>\n\t<meta property=\"og:image:height\" content=\"1440\" \/>\n\t<meta property=\"og:image:type\" content=\"image\/jpeg\" \/>\n<meta name=\"author\" content=\"SOR MARTA\" \/>\n<meta name=\"twitter:card\" content=\"summary_large_image\" \/>\n<meta name=\"twitter:label1\" content=\"\u00c9crit par\" \/>\n\t<meta name=\"twitter:data1\" content=\"SOR MARTA\" \/>\n\t<meta name=\"twitter:label2\" content=\"Dur\u00e9e de lecture estim\u00e9e\" \/>\n\t<meta name=\"twitter:data2\" content=\"2 minutes\" \/>\n<script type=\"application\/ld+json\" class=\"yoast-schema-graph\">{\"@context\":\"https:\\\/\\\/schema.org\",\"@graph\":[{\"@type\":\"Article\",\"@id\":\"https:\\\/\\\/filles-de-la-charite.org\\\/fr\\\/encuentro-internacional-de-economas-provinciales\\\/#article\",\"isPartOf\":{\"@id\":\"https:\\\/\\\/filles-de-la-charite.org\\\/fr\\\/encuentro-internacional-de-economas-provinciales\\\/\"},\"author\":{\"name\":\"SOR MARTA\",\"@id\":\"https:\\\/\\\/filles-de-la-charite.org\\\/fr\\\/#\\\/schema\\\/person\\\/0c922b6ca71280639858d297b3a7209f\"},\"headline\":\"Rencontre internationale des Economes provinciales\",\"datePublished\":\"2024-11-23T12:22:47+00:00\",\"dateModified\":\"2024-11-23T13:03:52+00:00\",\"mainEntityOfPage\":{\"@id\":\"https:\\\/\\\/filles-de-la-charite.org\\\/fr\\\/encuentro-internacional-de-economas-provinciales\\\/\"},\"wordCount\":336,\"publisher\":{\"@id\":\"https:\\\/\\\/filles-de-la-charite.org\\\/fr\\\/#organization\"},\"image\":{\"@id\":\"https:\\\/\\\/filles-de-la-charite.org\\\/fr\\\/encuentro-internacional-de-economas-provinciales\\\/#primaryimage\"},\"thumbnailUrl\":\"https:\\\/\\\/filles-de-la-charite.org\\\/wp-content\\\/uploads\\\/2024\\\/11\\\/Rencontre-des-Economes-Miniatura-scaled.jpg\",\"articleSection\":[\"International\",\"Maison-M\u00e8re\"],\"inLanguage\":\"fr-FR\"},{\"@type\":\"WebPage\",\"@id\":\"https:\\\/\\\/filles-de-la-charite.org\\\/fr\\\/encuentro-internacional-de-economas-provinciales\\\/\",\"url\":\"https:\\\/\\\/filles-de-la-charite.org\\\/fr\\\/encuentro-internacional-de-economas-provinciales\\\/\",\"name\":\"Rencontre internationale des Economes provinciales - Filles de la Charit\u00e9\",\"isPartOf\":{\"@id\":\"https:\\\/\\\/filles-de-la-charite.org\\\/fr\\\/#website\"},\"primaryImageOfPage\":{\"@id\":\"https:\\\/\\\/filles-de-la-charite.org\\\/fr\\\/encuentro-internacional-de-economas-provinciales\\\/#primaryimage\"},\"image\":{\"@id\":\"https:\\\/\\\/filles-de-la-charite.org\\\/fr\\\/encuentro-internacional-de-economas-provinciales\\\/#primaryimage\"},\"thumbnailUrl\":\"https:\\\/\\\/filles-de-la-charite.org\\\/wp-content\\\/uploads\\\/2024\\\/11\\\/Rencontre-des-Economes-Miniatura-scaled.jpg\",\"datePublished\":\"2024-11-23T12:22:47+00:00\",\"dateModified\":\"2024-11-23T13:03:52+00:00\",\"breadcrumb\":{\"@id\":\"https:\\\/\\\/filles-de-la-charite.org\\\/fr\\\/encuentro-internacional-de-economas-provinciales\\\/#breadcrumb\"},\"inLanguage\":\"fr-FR\",\"potentialAction\":[{\"@type\":\"ReadAction\",\"target\":[\"https:\\\/\\\/filles-de-la-charite.org\\\/fr\\\/encuentro-internacional-de-economas-provinciales\\\/\"]}]},{\"@type\":\"ImageObject\",\"inLanguage\":\"fr-FR\",\"@id\":\"https:\\\/\\\/filles-de-la-charite.org\\\/fr\\\/encuentro-internacional-de-economas-provinciales\\\/#primaryimage\",\"url\":\"https:\\\/\\\/filles-de-la-charite.org\\\/wp-content\\\/uploads\\\/2024\\\/11\\\/Rencontre-des-Economes-Miniatura-scaled.jpg\",\"contentUrl\":\"https:\\\/\\\/filles-de-la-charite.org\\\/wp-content\\\/uploads\\\/2024\\\/11\\\/Rencontre-des-Economes-Miniatura-scaled.jpg\",\"width\":2560,\"height\":1440},{\"@type\":\"BreadcrumbList\",\"@id\":\"https:\\\/\\\/filles-de-la-charite.org\\\/fr\\\/encuentro-internacional-de-economas-provinciales\\\/#breadcrumb\",\"itemListElement\":[{\"@type\":\"ListItem\",\"position\":1,\"name\":\"International\",\"item\":\"https:\\\/\\\/filles-de-la-charite.org\\\/fr\\\/category\\\/international-fr\\\/\"},{\"@type\":\"ListItem\",\"position\":2,\"name\":\"Rencontre internationale des Economes provinciales\"}]},{\"@type\":\"WebSite\",\"@id\":\"https:\\\/\\\/filles-de-la-charite.org\\\/fr\\\/#website\",\"url\":\"https:\\\/\\\/filles-de-la-charite.org\\\/fr\\\/\",\"name\":\"Hijas de la Caridad\",\"description\":\"L\u2019amour de J\u00e9sus nous presse \u00e0 prendre soin des personnes les plus d\u00e9munies\",\"publisher\":{\"@id\":\"https:\\\/\\\/filles-de-la-charite.org\\\/fr\\\/#organization\"},\"potentialAction\":[{\"@type\":\"SearchAction\",\"target\":{\"@type\":\"EntryPoint\",\"urlTemplate\":\"https:\\\/\\\/filles-de-la-charite.org\\\/fr\\\/?s={search_term_string}\"},\"query-input\":{\"@type\":\"PropertyValueSpecification\",\"valueRequired\":true,\"valueName\":\"search_term_string\"}}],\"inLanguage\":\"fr-FR\"},{\"@type\":\"Organization\",\"@id\":\"https:\\\/\\\/filles-de-la-charite.org\\\/fr\\\/#organization\",\"name\":\"Hijas de la Caridad\",\"url\":\"https:\\\/\\\/filles-de-la-charite.org\\\/fr\\\/\",\"logo\":{\"@type\":\"ImageObject\",\"inLanguage\":\"fr-FR\",\"@id\":\"https:\\\/\\\/filles-de-la-charite.org\\\/fr\\\/#\\\/schema\\\/logo\\\/image\\\/\",\"url\":\"https:\\\/\\\/filles-de-la-charite.org\\\/wp-content\\\/uploads\\\/2023\\\/03\\\/isotipo-Hijas-de-la-Caridad.png\",\"contentUrl\":\"https:\\\/\\\/filles-de-la-charite.org\\\/wp-content\\\/uploads\\\/2023\\\/03\\\/isotipo-Hijas-de-la-Caridad.png\",\"width\":1417,\"height\":1417,\"caption\":\"Hijas de la Caridad\"},\"image\":{\"@id\":\"https:\\\/\\\/filles-de-la-charite.org\\\/fr\\\/#\\\/schema\\\/logo\\\/image\\\/\"}},{\"@type\":\"Person\",\"@id\":\"https:\\\/\\\/filles-de-la-charite.org\\\/fr\\\/#\\\/schema\\\/person\\\/0c922b6ca71280639858d297b3a7209f\",\"name\":\"SOR MARTA\",\"image\":{\"@type\":\"ImageObject\",\"inLanguage\":\"fr-FR\",\"@id\":\"https:\\\/\\\/secure.gravatar.com\\\/avatar\\\/d2c45b0fd6bf2d3e2670ab3d112257c24ac80fa960360bba1bdc0676485d1d09?s=96&d=mm&r=g\",\"url\":\"https:\\\/\\\/secure.gravatar.com\\\/avatar\\\/d2c45b0fd6bf2d3e2670ab3d112257c24ac80fa960360bba1bdc0676485d1d09?s=96&d=mm&r=g\",\"contentUrl\":\"https:\\\/\\\/secure.gravatar.com\\\/avatar\\\/d2c45b0fd6bf2d3e2670ab3d112257c24ac80fa960360bba1bdc0676485d1d09?s=96&d=mm&r=g\",\"caption\":\"SOR MARTA\"},\"url\":\"https:\\\/\\\/filles-de-la-charite.org\\\/fr\\\/author\\\/martaemn\\\/\"}]}<\/script>\n<!-- \/ Yoast SEO plugin. -->","yoast_head_json":{"title":"Rencontre internationale des Economes provinciales - Filles de la Charit\u00e9","robots":{"index":"index","follow":"follow","max-snippet":"max-snippet:-1","max-image-preview":"max-image-preview:large","max-video-preview":"max-video-preview:-1"},"canonical":"https:\/\/filles-de-la-charite.org\/fr\/encuentro-internacional-de-economas-provinciales\/","og_locale":"fr_FR","og_type":"article","og_title":"Rencontre internationale des Economes provinciales - Filles de la Charit\u00e9","og_description":"La rencontre des Economes provinciales de la Compagnie des Filles de la Charit\u00e9, qui s\u2019est tenue \u00e0 la Maison M\u00e8re \u00e0 Paris du 4 au 17 novembre, a \u00e9t\u00e9 un \u00e9v\u00e9nement riche en \u00e9changes et en r\u00e9flexion autour de l\u2019administration des biens au service de la mission. La premi\u00e8re semaine a \u00e9t\u00e9 consacr\u00e9e \u00e0 un [&hellip;]","og_url":"https:\/\/filles-de-la-charite.org\/fr\/encuentro-internacional-de-economas-provinciales\/","og_site_name":"Filles de la Charit\u00e9","article_published_time":"2024-11-23T12:22:47+00:00","article_modified_time":"2024-11-23T13:03:52+00:00","og_image":[{"width":2560,"height":1440,"url":"https:\/\/filles-de-la-charite.org\/wp-content\/uploads\/2024\/11\/Rencontre-des-Economes-Miniatura-scaled.jpg","type":"image\/jpeg"}],"author":"SOR MARTA","twitter_card":"summary_large_image","twitter_misc":{"\u00c9crit par":"SOR MARTA","Dur\u00e9e de lecture estim\u00e9e":"2 minutes"},"schema":{"@context":"https:\/\/schema.org","@graph":[{"@type":"Article","@id":"https:\/\/filles-de-la-charite.org\/fr\/encuentro-internacional-de-economas-provinciales\/#article","isPartOf":{"@id":"https:\/\/filles-de-la-charite.org\/fr\/encuentro-internacional-de-economas-provinciales\/"},"author":{"name":"SOR MARTA","@id":"https:\/\/filles-de-la-charite.org\/fr\/#\/schema\/person\/0c922b6ca71280639858d297b3a7209f"},"headline":"Rencontre internationale des Economes provinciales","datePublished":"2024-11-23T12:22:47+00:00","dateModified":"2024-11-23T13:03:52+00:00","mainEntityOfPage":{"@id":"https:\/\/filles-de-la-charite.org\/fr\/encuentro-internacional-de-economas-provinciales\/"},"wordCount":336,"publisher":{"@id":"https:\/\/filles-de-la-charite.org\/fr\/#organization"},"image":{"@id":"https:\/\/filles-de-la-charite.org\/fr\/encuentro-internacional-de-economas-provinciales\/#primaryimage"},"thumbnailUrl":"https:\/\/filles-de-la-charite.org\/wp-content\/uploads\/2024\/11\/Rencontre-des-Economes-Miniatura-scaled.jpg","articleSection":["International","Maison-M\u00e8re"],"inLanguage":"fr-FR"},{"@type":"WebPage","@id":"https:\/\/filles-de-la-charite.org\/fr\/encuentro-internacional-de-economas-provinciales\/","url":"https:\/\/filles-de-la-charite.org\/fr\/encuentro-internacional-de-economas-provinciales\/","name":"Rencontre internationale des Economes provinciales - Filles de la Charit\u00e9","isPartOf":{"@id":"https:\/\/filles-de-la-charite.org\/fr\/#website"},"primaryImageOfPage":{"@id":"https:\/\/filles-de-la-charite.org\/fr\/encuentro-internacional-de-economas-provinciales\/#primaryimage"},"image":{"@id":"https:\/\/filles-de-la-charite.org\/fr\/encuentro-internacional-de-economas-provinciales\/#primaryimage"},"thumbnailUrl":"https:\/\/filles-de-la-charite.org\/wp-content\/uploads\/2024\/11\/Rencontre-des-Economes-Miniatura-scaled.jpg","datePublished":"2024-11-23T12:22:47+00:00","dateModified":"2024-11-23T13:03:52+00:00","breadcrumb":{"@id":"https:\/\/filles-de-la-charite.org\/fr\/encuentro-internacional-de-economas-provinciales\/#breadcrumb"},"inLanguage":"fr-FR","potentialAction":[{"@type":"ReadAction","target":["https:\/\/filles-de-la-charite.org\/fr\/encuentro-internacional-de-economas-provinciales\/"]}]},{"@type":"ImageObject","inLanguage":"fr-FR","@id":"https:\/\/filles-de-la-charite.org\/fr\/encuentro-internacional-de-economas-provinciales\/#primaryimage","url":"https:\/\/filles-de-la-charite.org\/wp-content\/uploads\/2024\/11\/Rencontre-des-Economes-Miniatura-scaled.jpg","contentUrl":"https:\/\/filles-de-la-charite.org\/wp-content\/uploads\/2024\/11\/Rencontre-des-Economes-Miniatura-scaled.jpg","width":2560,"height":1440},{"@type":"BreadcrumbList","@id":"https:\/\/filles-de-la-charite.org\/fr\/encuentro-internacional-de-economas-provinciales\/#breadcrumb","itemListElement":[{"@type":"ListItem","position":1,"name":"International","item":"https:\/\/filles-de-la-charite.org\/fr\/category\/international-fr\/"},{"@type":"ListItem","position":2,"name":"Rencontre internationale des Economes provinciales"}]},{"@type":"WebSite","@id":"https:\/\/filles-de-la-charite.org\/fr\/#website","url":"https:\/\/filles-de-la-charite.org\/fr\/","name":"Hijas de la Caridad","description":"L\u2019amour de J\u00e9sus nous presse \u00e0 prendre soin des personnes les plus d\u00e9munies","publisher":{"@id":"https:\/\/filles-de-la-charite.org\/fr\/#organization"},"potentialAction":[{"@type":"SearchAction","target":{"@type":"EntryPoint","urlTemplate":"https:\/\/filles-de-la-charite.org\/fr\/?s={search_term_string}"},"query-input":{"@type":"PropertyValueSpecification","valueRequired":true,"valueName":"search_term_string"}}],"inLanguage":"fr-FR"},{"@type":"Organization","@id":"https:\/\/filles-de-la-charite.org\/fr\/#organization","name":"Hijas de la Caridad","url":"https:\/\/filles-de-la-charite.org\/fr\/","logo":{"@type":"ImageObject","inLanguage":"fr-FR","@id":"https:\/\/filles-de-la-charite.org\/fr\/#\/schema\/logo\/image\/","url":"https:\/\/filles-de-la-charite.org\/wp-content\/uploads\/2023\/03\/isotipo-Hijas-de-la-Caridad.png","contentUrl":"https:\/\/filles-de-la-charite.org\/wp-content\/uploads\/2023\/03\/isotipo-Hijas-de-la-Caridad.png","width":1417,"height":1417,"caption":"Hijas de la Caridad"},"image":{"@id":"https:\/\/filles-de-la-charite.org\/fr\/#\/schema\/logo\/image\/"}},{"@type":"Person","@id":"https:\/\/filles-de-la-charite.org\/fr\/#\/schema\/person\/0c922b6ca71280639858d297b3a7209f","name":"SOR MARTA","image":{"@type":"ImageObject","inLanguage":"fr-FR","@id":"https:\/\/secure.gravatar.com\/avatar\/d2c45b0fd6bf2d3e2670ab3d112257c24ac80fa960360bba1bdc0676485d1d09?s=96&d=mm&r=g","url":"https:\/\/secure.gravatar.com\/avatar\/d2c45b0fd6bf2d3e2670ab3d112257c24ac80fa960360bba1bdc0676485d1d09?s=96&d=mm&r=g","contentUrl":"https:\/\/secure.gravatar.com\/avatar\/d2c45b0fd6bf2d3e2670ab3d112257c24ac80fa960360bba1bdc0676485d1d09?s=96&d=mm&r=g","caption":"SOR MARTA"},"url":"https:\/\/filles-de-la-charite.org\/fr\/author\/martaemn\/"}]}},"_links":{"self":[{"href":"https:\/\/filles-de-la-charite.org\/fr\/wp-json\/wp\/v2\/posts\/40567","targetHints":{"allow":["GET"]}}],"collection":[{"href":"https:\/\/filles-de-la-charite.org\/fr\/wp-json\/wp\/v2\/posts"}],"about":[{"href":"https:\/\/filles-de-la-charite.org\/fr\/wp-json\/wp\/v2\/types\/post"}],"author":[{"embeddable":true,"href":"https:\/\/filles-de-la-charite.org\/fr\/wp-json\/wp\/v2\/users\/5"}],"replies":[{"embeddable":true,"href":"https:\/\/filles-de-la-charite.org\/fr\/wp-json\/wp\/v2\/comments?post=40567"}],"version-history":[{"count":1,"href":"https:\/\/filles-de-la-charite.org\/fr\/wp-json\/wp\/v2\/posts\/40567\/revisions"}],"predecessor-version":[{"id":40575,"href":"https:\/\/filles-de-la-charite.org\/fr\/wp-json\/wp\/v2\/posts\/40567\/revisions\/40575"}],"wp:featuredmedia":[{"embeddable":true,"href":"https:\/\/filles-de-la-charite.org\/fr\/wp-json\/wp\/v2\/media\/40558"}],"wp:attachment":[{"href":"https:\/\/filles-de-la-charite.org\/fr\/wp-json\/wp\/v2\/media?parent=40567"}],"wp:term":[{"taxonomy":"category","embeddable":true,"href":"https:\/\/filles-de-la-charite.org\/fr\/wp-json\/wp\/v2\/categories?post=40567"},{"taxonomy":"post_tag","embeddable":true,"href":"https:\/\/filles-de-la-charite.org\/fr\/wp-json\/wp\/v2\/tags?post=40567"}],"curies":[{"name":"wp","href":"https:\/\/api.w.org\/{rel}","templated":true}]}}