{"id":41519,"date":"2025-02-03T20:31:16","date_gmt":"2025-02-03T19:31:16","guid":{"rendered":"https:\/\/filles-de-la-charite.org\/?p=41519"},"modified":"2025-02-02T00:33:37","modified_gmt":"2025-02-01T23:33:37","slug":"carta-del-papa-francisco-al-p-tomaz-mavric-superior-general-de-la-congregacion-de-la-mision-con-motivo-del-iv-centenario-de-su-fundacion","status":"publish","type":"post","link":"https:\/\/filles-de-la-charite.org\/fr\/carta-del-papa-francisco-al-p-tomaz-mavric-superior-general-de-la-congregacion-de-la-mision-con-motivo-del-iv-centenario-de-su-fundacion\/","title":{"rendered":"Lettre du Pape Fran\u00e7ois au p\u00e8re Toma\u017e Mavri\u010d Sup\u00e9rieur g\u00e9n\u00e9ral de la Congr\u00e9gation de la Mission \u00e0 l\u2019occasion du IVe centenaire de sa fondation."},"content":{"rendered":"\n<p>Le 17 avril 1625,naissait la Petite Compagnie de la Congr\u00e9gation de la Mission de Saint-Vincent de Paul. En cette ann\u00e9e jubilaire o\u00f9 la Congr\u00e9gation de la Mission c\u00e9l\u00e8bre le quatri\u00e8me centenaire de sa fondation, le Pape Fran\u00e7ois a adress\u00e9 un beau message \u00e0 notre Sup\u00e9rieur G\u00e9n\u00e9ral, le P\u00e8re Thomas Mavric, \u00e0 tous les confr\u00e8res du monde entier et \u00e0 toute la Famille Vincentienne.<\/p>\n\n\n\n<p>La lettre du Saint P\u00e8re est un encouragement \u00e0 vivre cet anniversaire dans la joie afin qu'il soit pour nous tous un engagement \u00e0 approfondir notre spiritualit\u00e9 et \u00e0 renouveler notre fid\u00e9lit\u00e9 au charisme vincentien, qui se fonde sur l'exemple du Christ \u00e9vang\u00e9lisateur et serviteur des pauvres.<\/p>\n\n\n\n<figure class=\"wp-block-image aligncenter size-large\"><img loading=\"lazy\" decoding=\"async\" width=\"576\" height=\"1024\" src=\"https:\/\/filles-de-la-charite.org\/wp-content\/uploads\/2025\/02\/Message-du-Pape-Francois-FR-576x1024.jpg\" alt=\"\" class=\"wp-image-41513\" srcset=\"https:\/\/filles-de-la-charite.org\/wp-content\/uploads\/2025\/02\/Message-du-Pape-Francois-FR-576x1024.jpg 576w, https:\/\/filles-de-la-charite.org\/wp-content\/uploads\/2025\/02\/Message-du-Pape-Francois-FR-480x853.jpg 480w\" sizes=\"(min-width: 0px) and (max-width: 480px) 480px, (min-width: 481px) 576px, 100vw\" \/><\/figure>\n\n\n\n<figure class=\"wp-block-embed aligncenter is-type-wp-embed is-provider-congregatio-missionis wp-block-embed-congregatio-missionis\"><div class=\"wp-block-embed__wrapper\">\n<blockquote class=\"wp-embedded-content\" data-secret=\"5QWMaR4PbK\"><a href=\"https:\/\/congregatiomissionis.org\/fr\/2025\/01\/20\/lettre-de-pad-francesco-a-la-congregation-de-la-mission\/\">Lettre du Pape Fran\u00e7ois au p\u00e8re Toma\u017e Mavri\u010d sup\u00e9rieur g\u00e9n\u00e9ral de la Congr\u00e9gation de la mission.<\/a><\/blockquote><iframe loading=\"lazy\" class=\"wp-embedded-content\" sandbox=\"allow-scripts\" security=\"restricted\" style=\"position: absolute; visibility: hidden;\" title=\"\u00ab\u00a0Lettre du Pape Fran\u00e7ois au p\u00e8re Toma\u017e Mavri\u010d sup\u00e9rieur g\u00e9n\u00e9ral de la Congr\u00e9gation de la mission.\u00a0\u00bb &#8212; Congregatio Missionis\" src=\"https:\/\/congregatiomissionis.org\/fr\/2025\/01\/20\/lettre-de-pad-francesco-a-la-congregation-de-la-mission\/embed\/#?secret=lni6JnKyy8#?secret=5QWMaR4PbK\" data-secret=\"5QWMaR4PbK\" width=\"600\" height=\"338\" frameborder=\"0\" marginwidth=\"0\" marginheight=\"0\" scrolling=\"no\"><\/iframe>\n<\/div><\/figure>\n","protected":false},"excerpt":{"rendered":"<p>Le 17 avril 1625,naissait la Petite Compagnie de la Congr\u00e9gation de la Mission de Saint-Vincent de Paul. En cette ann\u00e9e jubilaire o\u00f9 la Congr\u00e9gation de la Mission c\u00e9l\u00e8bre le quatri\u00e8me centenaire de sa fondation, le Pape Fran\u00e7ois a adress\u00e9 un beau message \u00e0 notre Sup\u00e9rieur G\u00e9n\u00e9ral, le P\u00e8re Thomas Mavric, \u00e0 tous les confr\u00e8res du [&hellip;]<\/p>\n","protected":false},"author":5,"featured_media":41487,"comment_status":"closed","ping_status":"closed","sticky":false,"template":"","format":"standard","meta":{"_acf_changed":false,"footnotes":"","_links_to":"","_links_to_target":""},"categories":[843],"tags":[],"class_list":["post-41519","post","type-post","status-publish","format-standard","has-post-thumbnail","hentry","category-international-fr"],"acf":[],"yoast_head":"<!-- This site is optimized with the Yoast SEO plugin v27.5 - https:\/\/yoast.com\/product\/yoast-seo-wordpress\/ -->\n<title>Lettre du Pape Fran\u00e7ois au p\u00e8re Toma\u017e Mavri\u010d Sup\u00e9rieur g\u00e9n\u00e9ral de la Congr\u00e9gation de la Mission \u00e0 l\u2019occasion du IVe centenaire de sa fondation. - Filles de la Charit\u00e9<\/title>\n<meta name=\"robots\" content=\"index, follow, max-snippet:-1, max-image-preview:large, max-video-preview:-1\" \/>\n<link rel=\"canonical\" href=\"https:\/\/filles-de-la-charite.org\/fr\/carta-del-papa-francisco-al-p-tomaz-mavric-superior-general-de-la-congregacion-de-la-mision-con-motivo-del-iv-centenario-de-su-fundacion\/\" \/>\n<meta property=\"og:locale\" content=\"fr_FR\" \/>\n<meta property=\"og:type\" content=\"article\" \/>\n<meta property=\"og:title\" content=\"Lettre du Pape Fran\u00e7ois au p\u00e8re Toma\u017e Mavri\u010d Sup\u00e9rieur g\u00e9n\u00e9ral de la Congr\u00e9gation de la Mission \u00e0 l\u2019occasion du IVe centenaire de sa fondation. - Filles de la Charit\u00e9\" \/>\n<meta property=\"og:description\" content=\"Le 17 avril 1625,naissait la Petite Compagnie de la Congr\u00e9gation de la Mission de Saint-Vincent de Paul. En cette ann\u00e9e jubilaire o\u00f9 la Congr\u00e9gation de la Mission c\u00e9l\u00e8bre le quatri\u00e8me centenaire de sa fondation, le Pape Fran\u00e7ois a adress\u00e9 un beau message \u00e0 notre Sup\u00e9rieur G\u00e9n\u00e9ral, le P\u00e8re Thomas Mavric, \u00e0 tous les confr\u00e8res du [&hellip;]\" \/>\n<meta property=\"og:url\" content=\"https:\/\/filles-de-la-charite.org\/fr\/carta-del-papa-francisco-al-p-tomaz-mavric-superior-general-de-la-congregacion-de-la-mision-con-motivo-del-iv-centenario-de-su-fundacion\/\" \/>\n<meta property=\"og:site_name\" content=\"Filles de la Charit\u00e9\" \/>\n<meta property=\"article:published_time\" content=\"2025-02-03T19:31:16+00:00\" \/>\n<meta property=\"og:image\" content=\"https:\/\/filles-de-la-charite.org\/wp-content\/uploads\/2025\/02\/Lettera-di-Papa-Francesco-A-P.-Tomaz-Mavric-Superiore-Generale-della-Congregazione-della-Missione.jpg\" \/>\n\t<meta property=\"og:image:width\" content=\"1280\" \/>\n\t<meta property=\"og:image:height\" content=\"720\" \/>\n\t<meta property=\"og:image:type\" content=\"image\/jpeg\" \/>\n<meta name=\"author\" content=\"SOR MARTA\" \/>\n<meta name=\"twitter:card\" content=\"summary_large_image\" \/>\n<meta name=\"twitter:label1\" content=\"\u00c9crit par\" \/>\n\t<meta name=\"twitter:data1\" content=\"SOR MARTA\" \/>\n\t<meta name=\"twitter:label2\" content=\"Dur\u00e9e de lecture estim\u00e9e\" \/>\n\t<meta name=\"twitter:data2\" content=\"1 minute\" \/>\n<script type=\"application\/ld+json\" class=\"yoast-schema-graph\">{\"@context\":\"https:\\\/\\\/schema.org\",\"@graph\":[{\"@type\":\"Article\",\"@id\":\"https:\\\/\\\/filles-de-la-charite.org\\\/fr\\\/carta-del-papa-francisco-al-p-tomaz-mavric-superior-general-de-la-congregacion-de-la-mision-con-motivo-del-iv-centenario-de-su-fundacion\\\/#article\",\"isPartOf\":{\"@id\":\"https:\\\/\\\/filles-de-la-charite.org\\\/fr\\\/carta-del-papa-francisco-al-p-tomaz-mavric-superior-general-de-la-congregacion-de-la-mision-con-motivo-del-iv-centenario-de-su-fundacion\\\/\"},\"author\":{\"name\":\"SOR MARTA\",\"@id\":\"https:\\\/\\\/filles-de-la-charite.org\\\/fr\\\/#\\\/schema\\\/person\\\/0c922b6ca71280639858d297b3a7209f\"},\"headline\":\"Lettre du Pape Fran\u00e7ois au p\u00e8re Toma\u017e Mavri\u010d Sup\u00e9rieur g\u00e9n\u00e9ral de la Congr\u00e9gation de la Mission \u00e0 l\u2019occasion du IVe centenaire de sa fondation.\",\"datePublished\":\"2025-02-03T19:31:16+00:00\",\"mainEntityOfPage\":{\"@id\":\"https:\\\/\\\/filles-de-la-charite.org\\\/fr\\\/carta-del-papa-francisco-al-p-tomaz-mavric-superior-general-de-la-congregacion-de-la-mision-con-motivo-del-iv-centenario-de-su-fundacion\\\/\"},\"wordCount\":155,\"publisher\":{\"@id\":\"https:\\\/\\\/filles-de-la-charite.org\\\/fr\\\/#organization\"},\"image\":{\"@id\":\"https:\\\/\\\/filles-de-la-charite.org\\\/fr\\\/carta-del-papa-francisco-al-p-tomaz-mavric-superior-general-de-la-congregacion-de-la-mision-con-motivo-del-iv-centenario-de-su-fundacion\\\/#primaryimage\"},\"thumbnailUrl\":\"https:\\\/\\\/filles-de-la-charite.org\\\/wp-content\\\/uploads\\\/2025\\\/02\\\/Lettera-di-Papa-Francesco-A-P.-Tomaz-Mavric-Superiore-Generale-della-Congregazione-della-Missione.jpg\",\"articleSection\":[\"International\"],\"inLanguage\":\"fr-FR\"},{\"@type\":\"WebPage\",\"@id\":\"https:\\\/\\\/filles-de-la-charite.org\\\/fr\\\/carta-del-papa-francisco-al-p-tomaz-mavric-superior-general-de-la-congregacion-de-la-mision-con-motivo-del-iv-centenario-de-su-fundacion\\\/\",\"url\":\"https:\\\/\\\/filles-de-la-charite.org\\\/fr\\\/carta-del-papa-francisco-al-p-tomaz-mavric-superior-general-de-la-congregacion-de-la-mision-con-motivo-del-iv-centenario-de-su-fundacion\\\/\",\"name\":\"Lettre du Pape Fran\u00e7ois au p\u00e8re Toma\u017e Mavri\u010d Sup\u00e9rieur g\u00e9n\u00e9ral de la Congr\u00e9gation de la Mission \u00e0 l\u2019occasion du IVe centenaire de sa fondation. - Filles de la Charit\u00e9\",\"isPartOf\":{\"@id\":\"https:\\\/\\\/filles-de-la-charite.org\\\/fr\\\/#website\"},\"primaryImageOfPage\":{\"@id\":\"https:\\\/\\\/filles-de-la-charite.org\\\/fr\\\/carta-del-papa-francisco-al-p-tomaz-mavric-superior-general-de-la-congregacion-de-la-mision-con-motivo-del-iv-centenario-de-su-fundacion\\\/#primaryimage\"},\"image\":{\"@id\":\"https:\\\/\\\/filles-de-la-charite.org\\\/fr\\\/carta-del-papa-francisco-al-p-tomaz-mavric-superior-general-de-la-congregacion-de-la-mision-con-motivo-del-iv-centenario-de-su-fundacion\\\/#primaryimage\"},\"thumbnailUrl\":\"https:\\\/\\\/filles-de-la-charite.org\\\/wp-content\\\/uploads\\\/2025\\\/02\\\/Lettera-di-Papa-Francesco-A-P.-Tomaz-Mavric-Superiore-Generale-della-Congregazione-della-Missione.jpg\",\"datePublished\":\"2025-02-03T19:31:16+00:00\",\"breadcrumb\":{\"@id\":\"https:\\\/\\\/filles-de-la-charite.org\\\/fr\\\/carta-del-papa-francisco-al-p-tomaz-mavric-superior-general-de-la-congregacion-de-la-mision-con-motivo-del-iv-centenario-de-su-fundacion\\\/#breadcrumb\"},\"inLanguage\":\"fr-FR\",\"potentialAction\":[{\"@type\":\"ReadAction\",\"target\":[\"https:\\\/\\\/filles-de-la-charite.org\\\/fr\\\/carta-del-papa-francisco-al-p-tomaz-mavric-superior-general-de-la-congregacion-de-la-mision-con-motivo-del-iv-centenario-de-su-fundacion\\\/\"]}]},{\"@type\":\"ImageObject\",\"inLanguage\":\"fr-FR\",\"@id\":\"https:\\\/\\\/filles-de-la-charite.org\\\/fr\\\/carta-del-papa-francisco-al-p-tomaz-mavric-superior-general-de-la-congregacion-de-la-mision-con-motivo-del-iv-centenario-de-su-fundacion\\\/#primaryimage\",\"url\":\"https:\\\/\\\/filles-de-la-charite.org\\\/wp-content\\\/uploads\\\/2025\\\/02\\\/Lettera-di-Papa-Francesco-A-P.-Tomaz-Mavric-Superiore-Generale-della-Congregazione-della-Missione.jpg\",\"contentUrl\":\"https:\\\/\\\/filles-de-la-charite.org\\\/wp-content\\\/uploads\\\/2025\\\/02\\\/Lettera-di-Papa-Francesco-A-P.-Tomaz-Mavric-Superiore-Generale-della-Congregazione-della-Missione.jpg\",\"width\":1280,\"height\":720},{\"@type\":\"BreadcrumbList\",\"@id\":\"https:\\\/\\\/filles-de-la-charite.org\\\/fr\\\/carta-del-papa-francisco-al-p-tomaz-mavric-superior-general-de-la-congregacion-de-la-mision-con-motivo-del-iv-centenario-de-su-fundacion\\\/#breadcrumb\",\"itemListElement\":[{\"@type\":\"ListItem\",\"position\":1,\"name\":\"International\",\"item\":\"https:\\\/\\\/filles-de-la-charite.org\\\/fr\\\/category\\\/international-fr\\\/\"},{\"@type\":\"ListItem\",\"position\":2,\"name\":\"Lettre du Pape Fran\u00e7ois au p\u00e8re Toma\u017e Mavri\u010d Sup\u00e9rieur g\u00e9n\u00e9ral de la Congr\u00e9gation de la Mission \u00e0 l\u2019occasion du IVe centenaire de sa fondation.\"}]},{\"@type\":\"WebSite\",\"@id\":\"https:\\\/\\\/filles-de-la-charite.org\\\/fr\\\/#website\",\"url\":\"https:\\\/\\\/filles-de-la-charite.org\\\/fr\\\/\",\"name\":\"Hijas de la Caridad\",\"description\":\"L\u2019amour de J\u00e9sus nous presse \u00e0 prendre soin des personnes les plus d\u00e9munies\",\"publisher\":{\"@id\":\"https:\\\/\\\/filles-de-la-charite.org\\\/fr\\\/#organization\"},\"potentialAction\":[{\"@type\":\"SearchAction\",\"target\":{\"@type\":\"EntryPoint\",\"urlTemplate\":\"https:\\\/\\\/filles-de-la-charite.org\\\/fr\\\/?s={search_term_string}\"},\"query-input\":{\"@type\":\"PropertyValueSpecification\",\"valueRequired\":true,\"valueName\":\"search_term_string\"}}],\"inLanguage\":\"fr-FR\"},{\"@type\":\"Organization\",\"@id\":\"https:\\\/\\\/filles-de-la-charite.org\\\/fr\\\/#organization\",\"name\":\"Hijas de la Caridad\",\"url\":\"https:\\\/\\\/filles-de-la-charite.org\\\/fr\\\/\",\"logo\":{\"@type\":\"ImageObject\",\"inLanguage\":\"fr-FR\",\"@id\":\"https:\\\/\\\/filles-de-la-charite.org\\\/fr\\\/#\\\/schema\\\/logo\\\/image\\\/\",\"url\":\"https:\\\/\\\/filles-de-la-charite.org\\\/wp-content\\\/uploads\\\/2023\\\/03\\\/isotipo-Hijas-de-la-Caridad.png\",\"contentUrl\":\"https:\\\/\\\/filles-de-la-charite.org\\\/wp-content\\\/uploads\\\/2023\\\/03\\\/isotipo-Hijas-de-la-Caridad.png\",\"width\":1417,\"height\":1417,\"caption\":\"Hijas de la Caridad\"},\"image\":{\"@id\":\"https:\\\/\\\/filles-de-la-charite.org\\\/fr\\\/#\\\/schema\\\/logo\\\/image\\\/\"}},{\"@type\":\"Person\",\"@id\":\"https:\\\/\\\/filles-de-la-charite.org\\\/fr\\\/#\\\/schema\\\/person\\\/0c922b6ca71280639858d297b3a7209f\",\"name\":\"SOR MARTA\",\"image\":{\"@type\":\"ImageObject\",\"inLanguage\":\"fr-FR\",\"@id\":\"https:\\\/\\\/secure.gravatar.com\\\/avatar\\\/d2c45b0fd6bf2d3e2670ab3d112257c24ac80fa960360bba1bdc0676485d1d09?s=96&d=mm&r=g\",\"url\":\"https:\\\/\\\/secure.gravatar.com\\\/avatar\\\/d2c45b0fd6bf2d3e2670ab3d112257c24ac80fa960360bba1bdc0676485d1d09?s=96&d=mm&r=g\",\"contentUrl\":\"https:\\\/\\\/secure.gravatar.com\\\/avatar\\\/d2c45b0fd6bf2d3e2670ab3d112257c24ac80fa960360bba1bdc0676485d1d09?s=96&d=mm&r=g\",\"caption\":\"SOR MARTA\"},\"url\":\"https:\\\/\\\/filles-de-la-charite.org\\\/fr\\\/author\\\/martaemn\\\/\"}]}<\/script>\n<!-- \/ Yoast SEO plugin. -->","yoast_head_json":{"title":"Lettre du Pape Fran\u00e7ois au p\u00e8re Toma\u017e Mavri\u010d Sup\u00e9rieur g\u00e9n\u00e9ral de la Congr\u00e9gation de la Mission \u00e0 l\u2019occasion du IVe centenaire de sa fondation. - Filles de la Charit\u00e9","robots":{"index":"index","follow":"follow","max-snippet":"max-snippet:-1","max-image-preview":"max-image-preview:large","max-video-preview":"max-video-preview:-1"},"canonical":"https:\/\/filles-de-la-charite.org\/fr\/carta-del-papa-francisco-al-p-tomaz-mavric-superior-general-de-la-congregacion-de-la-mision-con-motivo-del-iv-centenario-de-su-fundacion\/","og_locale":"fr_FR","og_type":"article","og_title":"Lettre du Pape Fran\u00e7ois au p\u00e8re Toma\u017e Mavri\u010d Sup\u00e9rieur g\u00e9n\u00e9ral de la Congr\u00e9gation de la Mission \u00e0 l\u2019occasion du IVe centenaire de sa fondation. - Filles de la Charit\u00e9","og_description":"Le 17 avril 1625,naissait la Petite Compagnie de la Congr\u00e9gation de la Mission de Saint-Vincent de Paul. En cette ann\u00e9e jubilaire o\u00f9 la Congr\u00e9gation de la Mission c\u00e9l\u00e8bre le quatri\u00e8me centenaire de sa fondation, le Pape Fran\u00e7ois a adress\u00e9 un beau message \u00e0 notre Sup\u00e9rieur G\u00e9n\u00e9ral, le P\u00e8re Thomas Mavric, \u00e0 tous les confr\u00e8res du [&hellip;]","og_url":"https:\/\/filles-de-la-charite.org\/fr\/carta-del-papa-francisco-al-p-tomaz-mavric-superior-general-de-la-congregacion-de-la-mision-con-motivo-del-iv-centenario-de-su-fundacion\/","og_site_name":"Filles de la Charit\u00e9","article_published_time":"2025-02-03T19:31:16+00:00","og_image":[{"width":1280,"height":720,"url":"https:\/\/filles-de-la-charite.org\/wp-content\/uploads\/2025\/02\/Lettera-di-Papa-Francesco-A-P.-Tomaz-Mavric-Superiore-Generale-della-Congregazione-della-Missione.jpg","type":"image\/jpeg"}],"author":"SOR MARTA","twitter_card":"summary_large_image","twitter_misc":{"\u00c9crit par":"SOR MARTA","Dur\u00e9e de lecture estim\u00e9e":"1 minute"},"schema":{"@context":"https:\/\/schema.org","@graph":[{"@type":"Article","@id":"https:\/\/filles-de-la-charite.org\/fr\/carta-del-papa-francisco-al-p-tomaz-mavric-superior-general-de-la-congregacion-de-la-mision-con-motivo-del-iv-centenario-de-su-fundacion\/#article","isPartOf":{"@id":"https:\/\/filles-de-la-charite.org\/fr\/carta-del-papa-francisco-al-p-tomaz-mavric-superior-general-de-la-congregacion-de-la-mision-con-motivo-del-iv-centenario-de-su-fundacion\/"},"author":{"name":"SOR MARTA","@id":"https:\/\/filles-de-la-charite.org\/fr\/#\/schema\/person\/0c922b6ca71280639858d297b3a7209f"},"headline":"Lettre du Pape Fran\u00e7ois au p\u00e8re Toma\u017e Mavri\u010d Sup\u00e9rieur g\u00e9n\u00e9ral de la Congr\u00e9gation de la Mission \u00e0 l\u2019occasion du IVe centenaire de sa fondation.","datePublished":"2025-02-03T19:31:16+00:00","mainEntityOfPage":{"@id":"https:\/\/filles-de-la-charite.org\/fr\/carta-del-papa-francisco-al-p-tomaz-mavric-superior-general-de-la-congregacion-de-la-mision-con-motivo-del-iv-centenario-de-su-fundacion\/"},"wordCount":155,"publisher":{"@id":"https:\/\/filles-de-la-charite.org\/fr\/#organization"},"image":{"@id":"https:\/\/filles-de-la-charite.org\/fr\/carta-del-papa-francisco-al-p-tomaz-mavric-superior-general-de-la-congregacion-de-la-mision-con-motivo-del-iv-centenario-de-su-fundacion\/#primaryimage"},"thumbnailUrl":"https:\/\/filles-de-la-charite.org\/wp-content\/uploads\/2025\/02\/Lettera-di-Papa-Francesco-A-P.-Tomaz-Mavric-Superiore-Generale-della-Congregazione-della-Missione.jpg","articleSection":["International"],"inLanguage":"fr-FR"},{"@type":"WebPage","@id":"https:\/\/filles-de-la-charite.org\/fr\/carta-del-papa-francisco-al-p-tomaz-mavric-superior-general-de-la-congregacion-de-la-mision-con-motivo-del-iv-centenario-de-su-fundacion\/","url":"https:\/\/filles-de-la-charite.org\/fr\/carta-del-papa-francisco-al-p-tomaz-mavric-superior-general-de-la-congregacion-de-la-mision-con-motivo-del-iv-centenario-de-su-fundacion\/","name":"Lettre du Pape Fran\u00e7ois au p\u00e8re Toma\u017e Mavri\u010d Sup\u00e9rieur g\u00e9n\u00e9ral de la Congr\u00e9gation de la Mission \u00e0 l\u2019occasion du IVe centenaire de sa fondation. - Filles de la Charit\u00e9","isPartOf":{"@id":"https:\/\/filles-de-la-charite.org\/fr\/#website"},"primaryImageOfPage":{"@id":"https:\/\/filles-de-la-charite.org\/fr\/carta-del-papa-francisco-al-p-tomaz-mavric-superior-general-de-la-congregacion-de-la-mision-con-motivo-del-iv-centenario-de-su-fundacion\/#primaryimage"},"image":{"@id":"https:\/\/filles-de-la-charite.org\/fr\/carta-del-papa-francisco-al-p-tomaz-mavric-superior-general-de-la-congregacion-de-la-mision-con-motivo-del-iv-centenario-de-su-fundacion\/#primaryimage"},"thumbnailUrl":"https:\/\/filles-de-la-charite.org\/wp-content\/uploads\/2025\/02\/Lettera-di-Papa-Francesco-A-P.-Tomaz-Mavric-Superiore-Generale-della-Congregazione-della-Missione.jpg","datePublished":"2025-02-03T19:31:16+00:00","breadcrumb":{"@id":"https:\/\/filles-de-la-charite.org\/fr\/carta-del-papa-francisco-al-p-tomaz-mavric-superior-general-de-la-congregacion-de-la-mision-con-motivo-del-iv-centenario-de-su-fundacion\/#breadcrumb"},"inLanguage":"fr-FR","potentialAction":[{"@type":"ReadAction","target":["https:\/\/filles-de-la-charite.org\/fr\/carta-del-papa-francisco-al-p-tomaz-mavric-superior-general-de-la-congregacion-de-la-mision-con-motivo-del-iv-centenario-de-su-fundacion\/"]}]},{"@type":"ImageObject","inLanguage":"fr-FR","@id":"https:\/\/filles-de-la-charite.org\/fr\/carta-del-papa-francisco-al-p-tomaz-mavric-superior-general-de-la-congregacion-de-la-mision-con-motivo-del-iv-centenario-de-su-fundacion\/#primaryimage","url":"https:\/\/filles-de-la-charite.org\/wp-content\/uploads\/2025\/02\/Lettera-di-Papa-Francesco-A-P.-Tomaz-Mavric-Superiore-Generale-della-Congregazione-della-Missione.jpg","contentUrl":"https:\/\/filles-de-la-charite.org\/wp-content\/uploads\/2025\/02\/Lettera-di-Papa-Francesco-A-P.-Tomaz-Mavric-Superiore-Generale-della-Congregazione-della-Missione.jpg","width":1280,"height":720},{"@type":"BreadcrumbList","@id":"https:\/\/filles-de-la-charite.org\/fr\/carta-del-papa-francisco-al-p-tomaz-mavric-superior-general-de-la-congregacion-de-la-mision-con-motivo-del-iv-centenario-de-su-fundacion\/#breadcrumb","itemListElement":[{"@type":"ListItem","position":1,"name":"International","item":"https:\/\/filles-de-la-charite.org\/fr\/category\/international-fr\/"},{"@type":"ListItem","position":2,"name":"Lettre du Pape Fran\u00e7ois au p\u00e8re Toma\u017e Mavri\u010d Sup\u00e9rieur g\u00e9n\u00e9ral de la Congr\u00e9gation de la Mission \u00e0 l\u2019occasion du IVe centenaire de sa fondation."}]},{"@type":"WebSite","@id":"https:\/\/filles-de-la-charite.org\/fr\/#website","url":"https:\/\/filles-de-la-charite.org\/fr\/","name":"Hijas de la Caridad","description":"L\u2019amour de J\u00e9sus nous presse \u00e0 prendre soin des personnes les plus d\u00e9munies","publisher":{"@id":"https:\/\/filles-de-la-charite.org\/fr\/#organization"},"potentialAction":[{"@type":"SearchAction","target":{"@type":"EntryPoint","urlTemplate":"https:\/\/filles-de-la-charite.org\/fr\/?s={search_term_string}"},"query-input":{"@type":"PropertyValueSpecification","valueRequired":true,"valueName":"search_term_string"}}],"inLanguage":"fr-FR"},{"@type":"Organization","@id":"https:\/\/filles-de-la-charite.org\/fr\/#organization","name":"Hijas de la Caridad","url":"https:\/\/filles-de-la-charite.org\/fr\/","logo":{"@type":"ImageObject","inLanguage":"fr-FR","@id":"https:\/\/filles-de-la-charite.org\/fr\/#\/schema\/logo\/image\/","url":"https:\/\/filles-de-la-charite.org\/wp-content\/uploads\/2023\/03\/isotipo-Hijas-de-la-Caridad.png","contentUrl":"https:\/\/filles-de-la-charite.org\/wp-content\/uploads\/2023\/03\/isotipo-Hijas-de-la-Caridad.png","width":1417,"height":1417,"caption":"Hijas de la Caridad"},"image":{"@id":"https:\/\/filles-de-la-charite.org\/fr\/#\/schema\/logo\/image\/"}},{"@type":"Person","@id":"https:\/\/filles-de-la-charite.org\/fr\/#\/schema\/person\/0c922b6ca71280639858d297b3a7209f","name":"SOR MARTA","image":{"@type":"ImageObject","inLanguage":"fr-FR","@id":"https:\/\/secure.gravatar.com\/avatar\/d2c45b0fd6bf2d3e2670ab3d112257c24ac80fa960360bba1bdc0676485d1d09?s=96&d=mm&r=g","url":"https:\/\/secure.gravatar.com\/avatar\/d2c45b0fd6bf2d3e2670ab3d112257c24ac80fa960360bba1bdc0676485d1d09?s=96&d=mm&r=g","contentUrl":"https:\/\/secure.gravatar.com\/avatar\/d2c45b0fd6bf2d3e2670ab3d112257c24ac80fa960360bba1bdc0676485d1d09?s=96&d=mm&r=g","caption":"SOR MARTA"},"url":"https:\/\/filles-de-la-charite.org\/fr\/author\/martaemn\/"}]}},"_links":{"self":[{"href":"https:\/\/filles-de-la-charite.org\/fr\/wp-json\/wp\/v2\/posts\/41519","targetHints":{"allow":["GET"]}}],"collection":[{"href":"https:\/\/filles-de-la-charite.org\/fr\/wp-json\/wp\/v2\/posts"}],"about":[{"href":"https:\/\/filles-de-la-charite.org\/fr\/wp-json\/wp\/v2\/types\/post"}],"author":[{"embeddable":true,"href":"https:\/\/filles-de-la-charite.org\/fr\/wp-json\/wp\/v2\/users\/5"}],"replies":[{"embeddable":true,"href":"https:\/\/filles-de-la-charite.org\/fr\/wp-json\/wp\/v2\/comments?post=41519"}],"version-history":[{"count":1,"href":"https:\/\/filles-de-la-charite.org\/fr\/wp-json\/wp\/v2\/posts\/41519\/revisions"}],"predecessor-version":[{"id":41526,"href":"https:\/\/filles-de-la-charite.org\/fr\/wp-json\/wp\/v2\/posts\/41519\/revisions\/41526"}],"wp:featuredmedia":[{"embeddable":true,"href":"https:\/\/filles-de-la-charite.org\/fr\/wp-json\/wp\/v2\/media\/41487"}],"wp:attachment":[{"href":"https:\/\/filles-de-la-charite.org\/fr\/wp-json\/wp\/v2\/media?parent=41519"}],"wp:term":[{"taxonomy":"category","embeddable":true,"href":"https:\/\/filles-de-la-charite.org\/fr\/wp-json\/wp\/v2\/categories?post=41519"},{"taxonomy":"post_tag","embeddable":true,"href":"https:\/\/filles-de-la-charite.org\/fr\/wp-json\/wp\/v2\/tags?post=41519"}],"curies":[{"name":"wp","href":"https:\/\/api.w.org\/{rel}","templated":true}]}}