{"id":42461,"date":"2025-04-01T22:30:56","date_gmt":"2025-04-01T20:30:56","guid":{"rendered":"https:\/\/filles-de-la-charite.org\/el-centro-inclusivo-socio-educativo-santa-luisa-de-nouna-cisesl-una-historia-de-esperanza-y-resiliencia\/"},"modified":"2025-04-07T15:49:53","modified_gmt":"2025-04-07T13:49:53","slug":"el-centro-inclusivo-socio-educativo-santa-luisa-de-nouna-cisesl-una-historia-de-esperanza-y-resiliencia","status":"publish","type":"post","link":"https:\/\/filles-de-la-charite.org\/fr\/el-centro-inclusivo-socio-educativo-santa-luisa-de-nouna-cisesl-una-historia-de-esperanza-y-resiliencia\/","title":{"rendered":"Le Centre Inclusif Socio Educatif Sainte Louise de Nouna (CISESL) : une histoire d&rsquo;espoir et de r\u00e9silience"},"content":{"rendered":"\n<p>L&rsquo;histoire du Centre Inclusif Socio-Educatif Sainte Louise de Nouna illustre <strong>LE POUVOIR DE L&rsquo;ESPERANCE ET DE LA FOI PROACTIVE EN LA PROVIDENCE DE<\/strong> DIEU. Apr\u00e8s la malheureuse attaque contre les S\u0153urs \u00e0 Kolonkoura, la situation semblait d\u00e9sastreuse. Cependant, ce d\u00e9fi est devenu un catalyseur pour une action constructive. La communaut\u00e9 paroissiale, dirig\u00e9e par un pr\u00eatre d\u00e9vou\u00e9, a apport\u00e9 un soutien essentiel en offrant des salles de classe dans les locaux de la paroisse, permettant \u00e0 l&rsquo;\u00e9cole de continuer \u00e0 fonctionner sans heurts pendant les ann\u00e9es scolaires 2021 \u00e0 2023.<\/p>\n\n\n\n<p>Dans un contexte de grande ins\u00e9curit\u00e9, de nombreuses familles ont \u00e9t\u00e9 d\u00e9plac\u00e9es et les paroisses environnantes, ainsi que leurs cat\u00e9chistes, se sont tourn\u00e9es vers Nouna pour trouver refuge. En r\u00e9ponse \u00e0 cet afflux, le pr\u00eatre de la paroisse s&rsquo;est adapt\u00e9 efficacement en r\u00e9pondant \u00e0 ces besoins suppl\u00e9mentaires dans les salles de classe existantes. Des solutions cr\u00e9atives, comme l&rsquo;utilisation de b\u00e2ches pour agrandir l&rsquo;espace utilisable, ont d\u00e9montr\u00e9 l&rsquo;ing\u00e9niosit\u00e9 de la communaut\u00e9 en cas de besoin.<\/p>\n\n\n\n<figure class=\"wp-block-image aligncenter size-large\"><img loading=\"lazy\" decoding=\"async\" width=\"1024\" height=\"576\" src=\"https:\/\/filles-de-la-charite.org\/wp-content\/uploads\/2025\/04\/WhatsApp-Image-2025-04-01-at-17.52.57-1024x576.jpeg\" alt=\"\" class=\"wp-image-42445\" srcset=\"https:\/\/filles-de-la-charite.org\/wp-content\/uploads\/2025\/04\/WhatsApp-Image-2025-04-01-at-17.52.57-1024x576.jpeg 1024w, https:\/\/filles-de-la-charite.org\/wp-content\/uploads\/2025\/04\/WhatsApp-Image-2025-04-01-at-17.52.57-980x551.jpeg 980w, https:\/\/filles-de-la-charite.org\/wp-content\/uploads\/2025\/04\/WhatsApp-Image-2025-04-01-at-17.52.57-480x270.jpeg 480w\" sizes=\"(min-width: 0px) and (max-width: 480px) 480px, (min-width: 481px) and (max-width: 980px) 980px, (min-width: 981px) 1024px, 100vw\" \/><\/figure>\n\n\n\n<p>Conscient des besoins \u00e0 long terme de la communaut\u00e9, l&rsquo;\u00e9v\u00eaque Mgr Joseph SAMA est intervenu en apportant une contribution importante : Il a offert un demi-hectare de terrain aux s\u0153urs pour reconstruire l&rsquo;\u00e9cole pr\u00e8s de la communaut\u00e9 du Mont Tabor, dans la ville de Nouna. Cet acte a non seulement apport\u00e9 une solution pratique, mais a \u00e9galement insuffl\u00e9 un regain d&rsquo;espoir et de motivation au sein de la communaut\u00e9.<\/p>\n\n\n\n<figure class=\"wp-block-image aligncenter size-large\"><img loading=\"lazy\" decoding=\"async\" width=\"1024\" height=\"576\" src=\"https:\/\/filles-de-la-charite.org\/wp-content\/uploads\/2025\/04\/WhatsApp-Image-2025-04-01-at-17.52.56-1024x576.jpeg\" alt=\"\" class=\"wp-image-42433\" srcset=\"https:\/\/filles-de-la-charite.org\/wp-content\/uploads\/2025\/04\/WhatsApp-Image-2025-04-01-at-17.52.56-1024x576.jpeg 1024w, https:\/\/filles-de-la-charite.org\/wp-content\/uploads\/2025\/04\/WhatsApp-Image-2025-04-01-at-17.52.56-980x551.jpeg 980w, https:\/\/filles-de-la-charite.org\/wp-content\/uploads\/2025\/04\/WhatsApp-Image-2025-04-01-at-17.52.56-480x270.jpeg 480w\" sizes=\"(min-width: 0px) and (max-width: 480px) 480px, (min-width: 481px) and (max-width: 980px) 980px, (min-width: 981px) 1024px, 100vw\" \/><\/figure>\n\n\n\n<p>Poursuivant sur cette lanc\u00e9e, l&rsquo;\u00e9cole a fait preuve d&rsquo;une pers\u00e9v\u00e9rance remarquable. Gr\u00e2ce \u00e0 l&rsquo;initiative de S\u0153ur Toyin Abegunde, DC, et l\u2019aide du projet \u00ab Equality from the Start \u00bb d&rsquo;African Action, la construction de l&rsquo;\u00e9cole maternelle a \u00e9t\u00e9 r\u00e9alis\u00e9e et s&rsquo;est achev\u00e9e en juillet 2023. Cette nouvelle installation, qui comprend quatre salles de classe et un hall, est un tremplin pour la croissance et le d\u00e9veloppement.<\/p>\n\n\n\n<figure class=\"wp-block-image aligncenter size-large\"><img loading=\"lazy\" decoding=\"async\" width=\"1024\" height=\"576\" src=\"https:\/\/filles-de-la-charite.org\/wp-content\/uploads\/2025\/04\/WhatsApp-Image-2025-04-01-at-17.52.57-1-1024x576.jpeg\" alt=\"\" class=\"wp-image-42439\" srcset=\"https:\/\/filles-de-la-charite.org\/wp-content\/uploads\/2025\/04\/WhatsApp-Image-2025-04-01-at-17.52.57-1-1024x576.jpeg 1024w, https:\/\/filles-de-la-charite.org\/wp-content\/uploads\/2025\/04\/WhatsApp-Image-2025-04-01-at-17.52.57-1-980x551.jpeg 980w, https:\/\/filles-de-la-charite.org\/wp-content\/uploads\/2025\/04\/WhatsApp-Image-2025-04-01-at-17.52.57-1-480x270.jpeg 480w\" sizes=\"(min-width: 0px) and (max-width: 480px) 480px, (min-width: 481px) and (max-width: 980px) 980px, (min-width: 981px) 1024px, 100vw\" \/><\/figure>\n\n\n\n<p>Alors que nous entamons la nouvelle ann\u00e9e acad\u00e9mique, nous sommes heureuses d&rsquo;utiliser le b\u00e2timent de la cr\u00e8che, ce qui facilite un environnement collaboratif o\u00f9 l&rsquo;\u00e9cole primaire partage ses salles de classe. La construction du b\u00e2timent de l&rsquo;\u00e9cole primaire, financ\u00e9e par le projet Missio, a commenc\u00e9 en juillet 2024 et s&rsquo;est achev\u00e9e en janvier 2025. La joie partag\u00e9e des s\u0153urs, des enfants, des enseignants et des parents \u00e0 l&rsquo;id\u00e9e de ce nouveau d\u00e9part t\u00e9moigne avec force de ce que l&rsquo;unit\u00e9 et la r\u00e9silience peuvent accomplir. Ensemble, nous ne reconstruisons pas seulement une \u00e9cole ; nous favorisons une communaut\u00e9 o\u00f9 l&rsquo;espoir et le potentiel s&rsquo;\u00e9panouissent.<\/p>\n\n\n\n<figure class=\"wp-block-image aligncenter size-large\"><img loading=\"lazy\" decoding=\"async\" width=\"1024\" height=\"576\" src=\"https:\/\/filles-de-la-charite.org\/wp-content\/uploads\/2025\/04\/WhatsApp-Image-2025-04-01-at-17.52.56-1-1024x576.jpeg\" alt=\"\" class=\"wp-image-42451\" srcset=\"https:\/\/filles-de-la-charite.org\/wp-content\/uploads\/2025\/04\/WhatsApp-Image-2025-04-01-at-17.52.56-1-1024x576.jpeg 1024w, https:\/\/filles-de-la-charite.org\/wp-content\/uploads\/2025\/04\/WhatsApp-Image-2025-04-01-at-17.52.56-1-980x551.jpeg 980w, https:\/\/filles-de-la-charite.org\/wp-content\/uploads\/2025\/04\/WhatsApp-Image-2025-04-01-at-17.52.56-1-480x270.jpeg 480w\" sizes=\"(min-width: 0px) and (max-width: 480px) 480px, (min-width: 481px) and (max-width: 980px) 980px, (min-width: 981px) 1024px, 100vw\" \/><\/figure>\n","protected":false},"excerpt":{"rendered":"<p>L&rsquo;histoire du Centre Inclusif Socio-Educatif Sainte Louise de Nouna illustre LE POUVOIR DE L&rsquo;ESPERANCE ET DE LA FOI PROACTIVE EN LA PROVIDENCE DE DIEU. Apr\u00e8s la malheureuse attaque contre les S\u0153urs \u00e0 Kolonkoura, la situation semblait d\u00e9sastreuse. Cependant, ce d\u00e9fi est devenu un catalyseur pour une action constructive. La communaut\u00e9 paroissiale, dirig\u00e9e par un pr\u00eatre [&hellip;]<\/p>\n","protected":false},"author":5,"featured_media":42429,"comment_status":"closed","ping_status":"closed","sticky":false,"template":"","format":"standard","meta":{"_acf_changed":false,"_et_pb_use_builder":"","_et_pb_old_content":"","_et_gb_content_width":"","footnotes":"","_links_to":"","_links_to_target":""},"categories":[629],"tags":[],"class_list":["post-42461","post","type-post","status-publish","format-standard","has-post-thumbnail","hentry","category-nigeria-fr"],"acf":[],"yoast_head":"<!-- This site is optimized with the Yoast SEO plugin v27.5 - https:\/\/yoast.com\/product\/yoast-seo-wordpress\/ -->\n<title>Le Centre Inclusif Socio Educatif Sainte Louise de Nouna (CISESL) : une histoire d&#039;espoir et de r\u00e9silience - Filles de la Charit\u00e9<\/title>\n<meta name=\"robots\" content=\"index, follow, max-snippet:-1, max-image-preview:large, max-video-preview:-1\" \/>\n<link rel=\"canonical\" href=\"https:\/\/filles-de-la-charite.org\/fr\/el-centro-inclusivo-socio-educativo-santa-luisa-de-nouna-cisesl-una-historia-de-esperanza-y-resiliencia\/\" \/>\n<meta property=\"og:locale\" content=\"fr_FR\" \/>\n<meta property=\"og:type\" content=\"article\" \/>\n<meta property=\"og:title\" content=\"Le Centre Inclusif Socio Educatif Sainte Louise de Nouna (CISESL) : une histoire d&#039;espoir et de r\u00e9silience - Filles de la Charit\u00e9\" \/>\n<meta property=\"og:description\" content=\"L&rsquo;histoire du Centre Inclusif Socio-Educatif Sainte Louise de Nouna illustre LE POUVOIR DE L&rsquo;ESPERANCE ET DE LA FOI PROACTIVE EN LA PROVIDENCE DE DIEU. Apr\u00e8s la malheureuse attaque contre les S\u0153urs \u00e0 Kolonkoura, la situation semblait d\u00e9sastreuse. Cependant, ce d\u00e9fi est devenu un catalyseur pour une action constructive. La communaut\u00e9 paroissiale, dirig\u00e9e par un pr\u00eatre [&hellip;]\" \/>\n<meta property=\"og:url\" content=\"https:\/\/filles-de-la-charite.org\/fr\/el-centro-inclusivo-socio-educativo-santa-luisa-de-nouna-cisesl-una-historia-de-esperanza-y-resiliencia\/\" \/>\n<meta property=\"og:site_name\" content=\"Filles de la Charit\u00e9\" \/>\n<meta property=\"article:published_time\" content=\"2025-04-01T20:30:56+00:00\" \/>\n<meta property=\"article:modified_time\" content=\"2025-04-07T13:49:53+00:00\" \/>\n<meta property=\"og:image\" content=\"https:\/\/filles-de-la-charite.org\/wp-content\/uploads\/2025\/04\/WhatsApp-Image-2025-04-01-at-17.52.56-2.jpeg\" \/>\n\t<meta property=\"og:image:width\" content=\"1280\" \/>\n\t<meta property=\"og:image:height\" content=\"720\" \/>\n\t<meta property=\"og:image:type\" content=\"image\/jpeg\" \/>\n<meta name=\"author\" content=\"SOR MARTA\" \/>\n<meta name=\"twitter:card\" content=\"summary_large_image\" \/>\n<meta name=\"twitter:label1\" content=\"\u00c9crit par\" \/>\n\t<meta name=\"twitter:data1\" content=\"SOR MARTA\" \/>\n\t<meta name=\"twitter:label2\" content=\"Dur\u00e9e de lecture estim\u00e9e\" \/>\n\t<meta name=\"twitter:data2\" content=\"3 minutes\" \/>\n<script type=\"application\/ld+json\" class=\"yoast-schema-graph\">{\"@context\":\"https:\\\/\\\/schema.org\",\"@graph\":[{\"@type\":\"Article\",\"@id\":\"https:\\\/\\\/filles-de-la-charite.org\\\/fr\\\/el-centro-inclusivo-socio-educativo-santa-luisa-de-nouna-cisesl-una-historia-de-esperanza-y-resiliencia\\\/#article\",\"isPartOf\":{\"@id\":\"https:\\\/\\\/filles-de-la-charite.org\\\/fr\\\/el-centro-inclusivo-socio-educativo-santa-luisa-de-nouna-cisesl-una-historia-de-esperanza-y-resiliencia\\\/\"},\"author\":{\"name\":\"SOR MARTA\",\"@id\":\"https:\\\/\\\/filles-de-la-charite.org\\\/fr\\\/#\\\/schema\\\/person\\\/0c922b6ca71280639858d297b3a7209f\"},\"headline\":\"Le Centre Inclusif Socio Educatif Sainte Louise de Nouna (CISESL) : une histoire d&rsquo;espoir et de r\u00e9silience\",\"datePublished\":\"2025-04-01T20:30:56+00:00\",\"dateModified\":\"2025-04-07T13:49:53+00:00\",\"mainEntityOfPage\":{\"@id\":\"https:\\\/\\\/filles-de-la-charite.org\\\/fr\\\/el-centro-inclusivo-socio-educativo-santa-luisa-de-nouna-cisesl-una-historia-de-esperanza-y-resiliencia\\\/\"},\"wordCount\":472,\"publisher\":{\"@id\":\"https:\\\/\\\/filles-de-la-charite.org\\\/fr\\\/#organization\"},\"image\":{\"@id\":\"https:\\\/\\\/filles-de-la-charite.org\\\/fr\\\/el-centro-inclusivo-socio-educativo-santa-luisa-de-nouna-cisesl-una-historia-de-esperanza-y-resiliencia\\\/#primaryimage\"},\"thumbnailUrl\":\"https:\\\/\\\/filles-de-la-charite.org\\\/wp-content\\\/uploads\\\/2025\\\/04\\\/WhatsApp-Image-2025-04-01-at-17.52.56-2.jpeg\",\"articleSection\":[\"Nigeria\"],\"inLanguage\":\"fr-FR\"},{\"@type\":\"WebPage\",\"@id\":\"https:\\\/\\\/filles-de-la-charite.org\\\/fr\\\/el-centro-inclusivo-socio-educativo-santa-luisa-de-nouna-cisesl-una-historia-de-esperanza-y-resiliencia\\\/\",\"url\":\"https:\\\/\\\/filles-de-la-charite.org\\\/fr\\\/el-centro-inclusivo-socio-educativo-santa-luisa-de-nouna-cisesl-una-historia-de-esperanza-y-resiliencia\\\/\",\"name\":\"Le Centre Inclusif Socio Educatif Sainte Louise de Nouna (CISESL) : une histoire d'espoir et de r\u00e9silience - Filles de la Charit\u00e9\",\"isPartOf\":{\"@id\":\"https:\\\/\\\/filles-de-la-charite.org\\\/fr\\\/#website\"},\"primaryImageOfPage\":{\"@id\":\"https:\\\/\\\/filles-de-la-charite.org\\\/fr\\\/el-centro-inclusivo-socio-educativo-santa-luisa-de-nouna-cisesl-una-historia-de-esperanza-y-resiliencia\\\/#primaryimage\"},\"image\":{\"@id\":\"https:\\\/\\\/filles-de-la-charite.org\\\/fr\\\/el-centro-inclusivo-socio-educativo-santa-luisa-de-nouna-cisesl-una-historia-de-esperanza-y-resiliencia\\\/#primaryimage\"},\"thumbnailUrl\":\"https:\\\/\\\/filles-de-la-charite.org\\\/wp-content\\\/uploads\\\/2025\\\/04\\\/WhatsApp-Image-2025-04-01-at-17.52.56-2.jpeg\",\"datePublished\":\"2025-04-01T20:30:56+00:00\",\"dateModified\":\"2025-04-07T13:49:53+00:00\",\"breadcrumb\":{\"@id\":\"https:\\\/\\\/filles-de-la-charite.org\\\/fr\\\/el-centro-inclusivo-socio-educativo-santa-luisa-de-nouna-cisesl-una-historia-de-esperanza-y-resiliencia\\\/#breadcrumb\"},\"inLanguage\":\"fr-FR\",\"potentialAction\":[{\"@type\":\"ReadAction\",\"target\":[\"https:\\\/\\\/filles-de-la-charite.org\\\/fr\\\/el-centro-inclusivo-socio-educativo-santa-luisa-de-nouna-cisesl-una-historia-de-esperanza-y-resiliencia\\\/\"]}]},{\"@type\":\"ImageObject\",\"inLanguage\":\"fr-FR\",\"@id\":\"https:\\\/\\\/filles-de-la-charite.org\\\/fr\\\/el-centro-inclusivo-socio-educativo-santa-luisa-de-nouna-cisesl-una-historia-de-esperanza-y-resiliencia\\\/#primaryimage\",\"url\":\"https:\\\/\\\/filles-de-la-charite.org\\\/wp-content\\\/uploads\\\/2025\\\/04\\\/WhatsApp-Image-2025-04-01-at-17.52.56-2.jpeg\",\"contentUrl\":\"https:\\\/\\\/filles-de-la-charite.org\\\/wp-content\\\/uploads\\\/2025\\\/04\\\/WhatsApp-Image-2025-04-01-at-17.52.56-2.jpeg\",\"width\":1280,\"height\":720},{\"@type\":\"BreadcrumbList\",\"@id\":\"https:\\\/\\\/filles-de-la-charite.org\\\/fr\\\/el-centro-inclusivo-socio-educativo-santa-luisa-de-nouna-cisesl-una-historia-de-esperanza-y-resiliencia\\\/#breadcrumb\",\"itemListElement\":[{\"@type\":\"ListItem\",\"position\":1,\"name\":\"Nigeria\",\"item\":\"https:\\\/\\\/filles-de-la-charite.org\\\/fr\\\/category\\\/nigeria-fr\\\/\"},{\"@type\":\"ListItem\",\"position\":2,\"name\":\"Le Centre Inclusif Socio Educatif Sainte Louise de Nouna (CISESL) : une histoire d&rsquo;espoir et de r\u00e9silience\"}]},{\"@type\":\"WebSite\",\"@id\":\"https:\\\/\\\/filles-de-la-charite.org\\\/fr\\\/#website\",\"url\":\"https:\\\/\\\/filles-de-la-charite.org\\\/fr\\\/\",\"name\":\"Hijas de la Caridad\",\"description\":\"L\u2019amour de J\u00e9sus nous presse \u00e0 prendre soin des personnes les plus d\u00e9munies\",\"publisher\":{\"@id\":\"https:\\\/\\\/filles-de-la-charite.org\\\/fr\\\/#organization\"},\"potentialAction\":[{\"@type\":\"SearchAction\",\"target\":{\"@type\":\"EntryPoint\",\"urlTemplate\":\"https:\\\/\\\/filles-de-la-charite.org\\\/fr\\\/?s={search_term_string}\"},\"query-input\":{\"@type\":\"PropertyValueSpecification\",\"valueRequired\":true,\"valueName\":\"search_term_string\"}}],\"inLanguage\":\"fr-FR\"},{\"@type\":\"Organization\",\"@id\":\"https:\\\/\\\/filles-de-la-charite.org\\\/fr\\\/#organization\",\"name\":\"Hijas de la Caridad\",\"url\":\"https:\\\/\\\/filles-de-la-charite.org\\\/fr\\\/\",\"logo\":{\"@type\":\"ImageObject\",\"inLanguage\":\"fr-FR\",\"@id\":\"https:\\\/\\\/filles-de-la-charite.org\\\/fr\\\/#\\\/schema\\\/logo\\\/image\\\/\",\"url\":\"https:\\\/\\\/filles-de-la-charite.org\\\/wp-content\\\/uploads\\\/2023\\\/03\\\/isotipo-Hijas-de-la-Caridad.png\",\"contentUrl\":\"https:\\\/\\\/filles-de-la-charite.org\\\/wp-content\\\/uploads\\\/2023\\\/03\\\/isotipo-Hijas-de-la-Caridad.png\",\"width\":1417,\"height\":1417,\"caption\":\"Hijas de la Caridad\"},\"image\":{\"@id\":\"https:\\\/\\\/filles-de-la-charite.org\\\/fr\\\/#\\\/schema\\\/logo\\\/image\\\/\"}},{\"@type\":\"Person\",\"@id\":\"https:\\\/\\\/filles-de-la-charite.org\\\/fr\\\/#\\\/schema\\\/person\\\/0c922b6ca71280639858d297b3a7209f\",\"name\":\"SOR MARTA\",\"image\":{\"@type\":\"ImageObject\",\"inLanguage\":\"fr-FR\",\"@id\":\"https:\\\/\\\/secure.gravatar.com\\\/avatar\\\/d2c45b0fd6bf2d3e2670ab3d112257c24ac80fa960360bba1bdc0676485d1d09?s=96&d=mm&r=g\",\"url\":\"https:\\\/\\\/secure.gravatar.com\\\/avatar\\\/d2c45b0fd6bf2d3e2670ab3d112257c24ac80fa960360bba1bdc0676485d1d09?s=96&d=mm&r=g\",\"contentUrl\":\"https:\\\/\\\/secure.gravatar.com\\\/avatar\\\/d2c45b0fd6bf2d3e2670ab3d112257c24ac80fa960360bba1bdc0676485d1d09?s=96&d=mm&r=g\",\"caption\":\"SOR MARTA\"},\"url\":\"https:\\\/\\\/filles-de-la-charite.org\\\/fr\\\/author\\\/martaemn\\\/\"}]}<\/script>\n<!-- \/ Yoast SEO plugin. -->","yoast_head_json":{"title":"Le Centre Inclusif Socio Educatif Sainte Louise de Nouna (CISESL) : une histoire d'espoir et de r\u00e9silience - Filles de la Charit\u00e9","robots":{"index":"index","follow":"follow","max-snippet":"max-snippet:-1","max-image-preview":"max-image-preview:large","max-video-preview":"max-video-preview:-1"},"canonical":"https:\/\/filles-de-la-charite.org\/fr\/el-centro-inclusivo-socio-educativo-santa-luisa-de-nouna-cisesl-una-historia-de-esperanza-y-resiliencia\/","og_locale":"fr_FR","og_type":"article","og_title":"Le Centre Inclusif Socio Educatif Sainte Louise de Nouna (CISESL) : une histoire d'espoir et de r\u00e9silience - Filles de la Charit\u00e9","og_description":"L&rsquo;histoire du Centre Inclusif Socio-Educatif Sainte Louise de Nouna illustre LE POUVOIR DE L&rsquo;ESPERANCE ET DE LA FOI PROACTIVE EN LA PROVIDENCE DE DIEU. Apr\u00e8s la malheureuse attaque contre les S\u0153urs \u00e0 Kolonkoura, la situation semblait d\u00e9sastreuse. Cependant, ce d\u00e9fi est devenu un catalyseur pour une action constructive. La communaut\u00e9 paroissiale, dirig\u00e9e par un pr\u00eatre [&hellip;]","og_url":"https:\/\/filles-de-la-charite.org\/fr\/el-centro-inclusivo-socio-educativo-santa-luisa-de-nouna-cisesl-una-historia-de-esperanza-y-resiliencia\/","og_site_name":"Filles de la Charit\u00e9","article_published_time":"2025-04-01T20:30:56+00:00","article_modified_time":"2025-04-07T13:49:53+00:00","og_image":[{"width":1280,"height":720,"url":"https:\/\/filles-de-la-charite.org\/wp-content\/uploads\/2025\/04\/WhatsApp-Image-2025-04-01-at-17.52.56-2.jpeg","type":"image\/jpeg"}],"author":"SOR MARTA","twitter_card":"summary_large_image","twitter_misc":{"\u00c9crit par":"SOR MARTA","Dur\u00e9e de lecture estim\u00e9e":"3 minutes"},"schema":{"@context":"https:\/\/schema.org","@graph":[{"@type":"Article","@id":"https:\/\/filles-de-la-charite.org\/fr\/el-centro-inclusivo-socio-educativo-santa-luisa-de-nouna-cisesl-una-historia-de-esperanza-y-resiliencia\/#article","isPartOf":{"@id":"https:\/\/filles-de-la-charite.org\/fr\/el-centro-inclusivo-socio-educativo-santa-luisa-de-nouna-cisesl-una-historia-de-esperanza-y-resiliencia\/"},"author":{"name":"SOR MARTA","@id":"https:\/\/filles-de-la-charite.org\/fr\/#\/schema\/person\/0c922b6ca71280639858d297b3a7209f"},"headline":"Le Centre Inclusif Socio Educatif Sainte Louise de Nouna (CISESL) : une histoire d&rsquo;espoir et de r\u00e9silience","datePublished":"2025-04-01T20:30:56+00:00","dateModified":"2025-04-07T13:49:53+00:00","mainEntityOfPage":{"@id":"https:\/\/filles-de-la-charite.org\/fr\/el-centro-inclusivo-socio-educativo-santa-luisa-de-nouna-cisesl-una-historia-de-esperanza-y-resiliencia\/"},"wordCount":472,"publisher":{"@id":"https:\/\/filles-de-la-charite.org\/fr\/#organization"},"image":{"@id":"https:\/\/filles-de-la-charite.org\/fr\/el-centro-inclusivo-socio-educativo-santa-luisa-de-nouna-cisesl-una-historia-de-esperanza-y-resiliencia\/#primaryimage"},"thumbnailUrl":"https:\/\/filles-de-la-charite.org\/wp-content\/uploads\/2025\/04\/WhatsApp-Image-2025-04-01-at-17.52.56-2.jpeg","articleSection":["Nigeria"],"inLanguage":"fr-FR"},{"@type":"WebPage","@id":"https:\/\/filles-de-la-charite.org\/fr\/el-centro-inclusivo-socio-educativo-santa-luisa-de-nouna-cisesl-una-historia-de-esperanza-y-resiliencia\/","url":"https:\/\/filles-de-la-charite.org\/fr\/el-centro-inclusivo-socio-educativo-santa-luisa-de-nouna-cisesl-una-historia-de-esperanza-y-resiliencia\/","name":"Le Centre Inclusif Socio Educatif Sainte Louise de Nouna (CISESL) : une histoire d'espoir et de r\u00e9silience - Filles de la Charit\u00e9","isPartOf":{"@id":"https:\/\/filles-de-la-charite.org\/fr\/#website"},"primaryImageOfPage":{"@id":"https:\/\/filles-de-la-charite.org\/fr\/el-centro-inclusivo-socio-educativo-santa-luisa-de-nouna-cisesl-una-historia-de-esperanza-y-resiliencia\/#primaryimage"},"image":{"@id":"https:\/\/filles-de-la-charite.org\/fr\/el-centro-inclusivo-socio-educativo-santa-luisa-de-nouna-cisesl-una-historia-de-esperanza-y-resiliencia\/#primaryimage"},"thumbnailUrl":"https:\/\/filles-de-la-charite.org\/wp-content\/uploads\/2025\/04\/WhatsApp-Image-2025-04-01-at-17.52.56-2.jpeg","datePublished":"2025-04-01T20:30:56+00:00","dateModified":"2025-04-07T13:49:53+00:00","breadcrumb":{"@id":"https:\/\/filles-de-la-charite.org\/fr\/el-centro-inclusivo-socio-educativo-santa-luisa-de-nouna-cisesl-una-historia-de-esperanza-y-resiliencia\/#breadcrumb"},"inLanguage":"fr-FR","potentialAction":[{"@type":"ReadAction","target":["https:\/\/filles-de-la-charite.org\/fr\/el-centro-inclusivo-socio-educativo-santa-luisa-de-nouna-cisesl-una-historia-de-esperanza-y-resiliencia\/"]}]},{"@type":"ImageObject","inLanguage":"fr-FR","@id":"https:\/\/filles-de-la-charite.org\/fr\/el-centro-inclusivo-socio-educativo-santa-luisa-de-nouna-cisesl-una-historia-de-esperanza-y-resiliencia\/#primaryimage","url":"https:\/\/filles-de-la-charite.org\/wp-content\/uploads\/2025\/04\/WhatsApp-Image-2025-04-01-at-17.52.56-2.jpeg","contentUrl":"https:\/\/filles-de-la-charite.org\/wp-content\/uploads\/2025\/04\/WhatsApp-Image-2025-04-01-at-17.52.56-2.jpeg","width":1280,"height":720},{"@type":"BreadcrumbList","@id":"https:\/\/filles-de-la-charite.org\/fr\/el-centro-inclusivo-socio-educativo-santa-luisa-de-nouna-cisesl-una-historia-de-esperanza-y-resiliencia\/#breadcrumb","itemListElement":[{"@type":"ListItem","position":1,"name":"Nigeria","item":"https:\/\/filles-de-la-charite.org\/fr\/category\/nigeria-fr\/"},{"@type":"ListItem","position":2,"name":"Le Centre Inclusif Socio Educatif Sainte Louise de Nouna (CISESL) : une histoire d&rsquo;espoir et de r\u00e9silience"}]},{"@type":"WebSite","@id":"https:\/\/filles-de-la-charite.org\/fr\/#website","url":"https:\/\/filles-de-la-charite.org\/fr\/","name":"Hijas de la Caridad","description":"L\u2019amour de J\u00e9sus nous presse \u00e0 prendre soin des personnes les plus d\u00e9munies","publisher":{"@id":"https:\/\/filles-de-la-charite.org\/fr\/#organization"},"potentialAction":[{"@type":"SearchAction","target":{"@type":"EntryPoint","urlTemplate":"https:\/\/filles-de-la-charite.org\/fr\/?s={search_term_string}"},"query-input":{"@type":"PropertyValueSpecification","valueRequired":true,"valueName":"search_term_string"}}],"inLanguage":"fr-FR"},{"@type":"Organization","@id":"https:\/\/filles-de-la-charite.org\/fr\/#organization","name":"Hijas de la Caridad","url":"https:\/\/filles-de-la-charite.org\/fr\/","logo":{"@type":"ImageObject","inLanguage":"fr-FR","@id":"https:\/\/filles-de-la-charite.org\/fr\/#\/schema\/logo\/image\/","url":"https:\/\/filles-de-la-charite.org\/wp-content\/uploads\/2023\/03\/isotipo-Hijas-de-la-Caridad.png","contentUrl":"https:\/\/filles-de-la-charite.org\/wp-content\/uploads\/2023\/03\/isotipo-Hijas-de-la-Caridad.png","width":1417,"height":1417,"caption":"Hijas de la Caridad"},"image":{"@id":"https:\/\/filles-de-la-charite.org\/fr\/#\/schema\/logo\/image\/"}},{"@type":"Person","@id":"https:\/\/filles-de-la-charite.org\/fr\/#\/schema\/person\/0c922b6ca71280639858d297b3a7209f","name":"SOR MARTA","image":{"@type":"ImageObject","inLanguage":"fr-FR","@id":"https:\/\/secure.gravatar.com\/avatar\/d2c45b0fd6bf2d3e2670ab3d112257c24ac80fa960360bba1bdc0676485d1d09?s=96&d=mm&r=g","url":"https:\/\/secure.gravatar.com\/avatar\/d2c45b0fd6bf2d3e2670ab3d112257c24ac80fa960360bba1bdc0676485d1d09?s=96&d=mm&r=g","contentUrl":"https:\/\/secure.gravatar.com\/avatar\/d2c45b0fd6bf2d3e2670ab3d112257c24ac80fa960360bba1bdc0676485d1d09?s=96&d=mm&r=g","caption":"SOR MARTA"},"url":"https:\/\/filles-de-la-charite.org\/fr\/author\/martaemn\/"}]}},"_links":{"self":[{"href":"https:\/\/filles-de-la-charite.org\/fr\/wp-json\/wp\/v2\/posts\/42461","targetHints":{"allow":["GET"]}}],"collection":[{"href":"https:\/\/filles-de-la-charite.org\/fr\/wp-json\/wp\/v2\/posts"}],"about":[{"href":"https:\/\/filles-de-la-charite.org\/fr\/wp-json\/wp\/v2\/types\/post"}],"author":[{"embeddable":true,"href":"https:\/\/filles-de-la-charite.org\/fr\/wp-json\/wp\/v2\/users\/5"}],"replies":[{"embeddable":true,"href":"https:\/\/filles-de-la-charite.org\/fr\/wp-json\/wp\/v2\/comments?post=42461"}],"version-history":[{"count":2,"href":"https:\/\/filles-de-la-charite.org\/fr\/wp-json\/wp\/v2\/posts\/42461\/revisions"}],"predecessor-version":[{"id":42509,"href":"https:\/\/filles-de-la-charite.org\/fr\/wp-json\/wp\/v2\/posts\/42461\/revisions\/42509"}],"wp:featuredmedia":[{"embeddable":true,"href":"https:\/\/filles-de-la-charite.org\/fr\/wp-json\/wp\/v2\/media\/42429"}],"wp:attachment":[{"href":"https:\/\/filles-de-la-charite.org\/fr\/wp-json\/wp\/v2\/media?parent=42461"}],"wp:term":[{"taxonomy":"category","embeddable":true,"href":"https:\/\/filles-de-la-charite.org\/fr\/wp-json\/wp\/v2\/categories?post=42461"},{"taxonomy":"post_tag","embeddable":true,"href":"https:\/\/filles-de-la-charite.org\/fr\/wp-json\/wp\/v2\/tags?post=42461"}],"curies":[{"name":"wp","href":"https:\/\/api.w.org\/{rel}","templated":true}]}}