{"id":42538,"date":"2025-04-10T20:56:00","date_gmt":"2025-04-10T18:56:00","guid":{"rendered":"https:\/\/filles-de-la-charite.org\/?p=42538"},"modified":"2025-04-10T20:30:39","modified_gmt":"2025-04-10T18:30:39","slug":"iniciativa-impulsada-por-la-comunidad-para-plantar-100-millones-de-arboles-autoctonos-irlandeses-en-toda-irlanda","status":"publish","type":"post","link":"https:\/\/filles-de-la-charite.org\/fr\/iniciativa-impulsada-por-la-comunidad-para-plantar-100-millones-de-arboles-autoctonos-irlandeses-en-toda-irlanda\/","title":{"rendered":"Initiative communautaire visant \u00e0 planter 100 millions d&rsquo;arbres indig\u00e8nes irlandais \u00e0 travers l&rsquo;Irlande"},"content":{"rendered":"\n<p>Les Filles de la Charit\u00e9 ont fi\u00e8rement rejoint une initiative communautaire sinc\u00e8re qui refl\u00e8te leur profond engagement envers l&rsquo;\u00e9cologie et la protection de notre environnement.<\/p>\n\n\n\n<p>Le projet 100 Million Trees, men\u00e9 par les passionn\u00e9s Richard, David et Tina Mulcahy, vise \u00e0 planter la quantit\u00e9 impressionnante de 100 millions d&rsquo;arbres locaux irlandais sur la magnifique \u00eele d&rsquo;Irlande au cours de la prochaine d\u00e9cennie. Cet effort significatif ne vise pas seulement \u00e0 augmenter la population d&rsquo;arbres indig\u00e8nes ; il s&rsquo;agit d&rsquo;enrichir notre biodiversit\u00e9 et de contribuer \u00e0 la lutte contre les \u00e9missions de dioxyde de carbone, en assurant une plan\u00e8te plus saine pour les g\u00e9n\u00e9rations futures.<\/p>\n\n\n\n<figure class=\"wp-block-image aligncenter size-full\"><img loading=\"lazy\" decoding=\"async\" width=\"602\" height=\"342\" src=\"https:\/\/filles-de-la-charite.org\/wp-content\/uploads\/2025\/04\/Imagen1.png\" alt=\"\" class=\"wp-image-42523\" srcset=\"https:\/\/filles-de-la-charite.org\/wp-content\/uploads\/2025\/04\/Imagen1.png 602w, https:\/\/filles-de-la-charite.org\/wp-content\/uploads\/2025\/04\/Imagen1-480x273.png 480w\" sizes=\"(min-width: 0px) and (max-width: 480px) 480px, (min-width: 481px) 602px, 100vw\" \/><\/figure>\n\n\n\n<p>Nous sommes ravis d&rsquo;annoncer que le 19 mars 2025, nous nous sommes lanc\u00e9es dans un projet ambitieux visant \u00e0 planter jusqu&rsquo;\u00e0 2 500 arbres indig\u00e8nes irlandais dans des mini-for\u00eats sur des sites d&rsquo;un quart d&rsquo;acre \u00e0 St. Catherines, Dunardagh, Temple Hill et Blackrock, dans le comt\u00e9 de Dublin, en collaboration avec notre sponsor, UNIPHAR.<\/p>\n\n\n\n<p>Voici la liste des 2 500 arbres plant\u00e9s sur ce site : merisier, merisier \u00e0 grappes, prunellier, \u00e9glantier, viorne, pommier sauvage, aulne commun, bouleau pubescent, ch\u00eane, aub\u00e9pine\/aub\u00e9pine blanche, pin sylvestre, sorbier des oiseleurs, noisetier, fusain d&rsquo;Europe.<\/p>\n\n\n\n<p>En utilisant la m\u00e9thode innovante Miyawaki, d\u00e9velopp\u00e9e par le botaniste japonais compatissant, le professeur Akira Miyawaki, dans les ann\u00e9es 1970, nous visons \u00e0 restaurer et \u00e0 rajeunir notre environnement. Cette technique a connu un succ\u00e8s incroyable dans la revitalisation des terres d\u00e9grad\u00e9es, et nous sommes inspir\u00e9s par les 3 000 mini-for\u00eats qui prosp\u00e8rent maintenant dans le monde entier. Ensemble, travaillons pour un avenir plus vert et plus sain pour notre communaut\u00e9.<\/p>\n\n\n\n<figure class=\"wp-block-image aligncenter size-full\"><img loading=\"lazy\" decoding=\"async\" width=\"602\" height=\"342\" src=\"https:\/\/filles-de-la-charite.org\/wp-content\/uploads\/2025\/04\/Imagen2.png\" alt=\"\" class=\"wp-image-42529\" srcset=\"https:\/\/filles-de-la-charite.org\/wp-content\/uploads\/2025\/04\/Imagen2.png 602w, https:\/\/filles-de-la-charite.org\/wp-content\/uploads\/2025\/04\/Imagen2-480x273.png 480w\" sizes=\"(min-width: 0px) and (max-width: 480px) 480px, (min-width: 481px) 602px, 100vw\" \/><\/figure>\n\n\n\n<p>En plantant des arbres \u00e0 proximit\u00e9 les uns des autres, la m\u00e9thode Miyawaki favorise une croissance rapide et am\u00e9liore consid\u00e9rablement la biodiversit\u00e9, tout en cr\u00e9ant des puits de carbone efficaces. Cette approche nous permet de tirer le meilleur parti des petites parcelles de terrain souvent inutilis\u00e9es en Irlande, en les transformant en espaces verts luxuriants.<\/p>\n\n\n\n<figure class=\"wp-block-image aligncenter size-full\"><img loading=\"lazy\" decoding=\"async\" width=\"602\" height=\"333\" src=\"https:\/\/filles-de-la-charite.org\/wp-content\/uploads\/2025\/04\/Imagen3.png\" alt=\"\" class=\"wp-image-42517\" srcset=\"https:\/\/filles-de-la-charite.org\/wp-content\/uploads\/2025\/04\/Imagen3.png 602w, https:\/\/filles-de-la-charite.org\/wp-content\/uploads\/2025\/04\/Imagen3-480x266.png 480w\" sizes=\"(min-width: 0px) and (max-width: 480px) 480px, (min-width: 481px) 602px, 100vw\" \/><\/figure>\n\n\n\n<p>Si vous souhaitez participer \u00e0 ce projet et que vous avez acc\u00e8s \u00e0 un terrain d&rsquo;environ 1 000 m\u00b2 pour une mini-for\u00eat, nous serions ravis de vous soutenir en faisant don d&rsquo;arbres et en plantant la mini-for\u00eat gratuitement. Il suffit de cliquer sur ce lien : <a href=\"https:\/\/100milliontreesproject.ie\/sites\/\">https:\/\/100milliontreesproject.ie\/sites\/<\/a><\/p>\n\n\n\n<p>Nous adressons nos sinc\u00e8res remerciements aux Filles de la Charit\u00e9 pour leur pr\u00e9cieuse contribution \u00e0 la plantation d&rsquo;une magnifique mini-for\u00eat d&rsquo;arbres indig\u00e8nes irlandais au c\u0153ur de la ville de Blackrock, une \u00e9tape essentielle dans la lutte contre le changement climatique. Nous remercions tout particuli\u00e8rement S\u0153ur Eileen pour son enthousiasme et sa foi in\u00e9branlables dans ce projet, ainsi que S\u0153urs Marie, Olivia, Eil\u00eds, Mary W, Bernadette, Christina, Anna, Geraldine, \u00c1ine MacNamara, et les S\u0153urs de Dunardagh et de Laboure House, qui ont soutenu le projet par leurs pri\u00e8res. Nous tenons \u00e9galement \u00e0 remercier Alan Andrews et Stephen Tracey pour leur pr\u00e9paration diligente du terrain, ainsi que les planteurs d&rsquo;arbres d\u00e9vou\u00e9s des services forestiers &#8211; nous appr\u00e9cions profond\u00e9ment vos efforts. Merci \u00e0 tous d&rsquo;avoir cru en cette cause importante et de l&rsquo;avoir soutenue !<\/p>\n\n\n\n<p><\/p>\n\n\n\n<figure class=\"wp-block-embed aligncenter is-type-video is-provider-youtube wp-block-embed-youtube wp-embed-aspect-16-9 wp-has-aspect-ratio\"><div class=\"wp-block-embed__wrapper\">\n<iframe loading=\"lazy\" title=\"Daughters of Charity Blackrock plant a mini-forest\" width=\"1080\" height=\"608\" src=\"https:\/\/www.youtube.com\/embed\/oUsqwJeJW2w?feature=oembed\"  allow=\"accelerometer; autoplay; clipboard-write; encrypted-media; gyroscope; picture-in-picture; web-share\" referrerpolicy=\"strict-origin-when-cross-origin\" allowfullscreen><\/iframe>\n<\/div><\/figure>\n","protected":false},"excerpt":{"rendered":"<p>Les Filles de la Charit\u00e9 ont fi\u00e8rement rejoint une initiative communautaire sinc\u00e8re qui refl\u00e8te leur profond engagement envers l&rsquo;\u00e9cologie et la protection de notre environnement. Le projet 100 Million Trees, men\u00e9 par les passionn\u00e9s Richard, David et Tina Mulcahy, vise \u00e0 planter la quantit\u00e9 impressionnante de 100 millions d&rsquo;arbres locaux irlandais sur la magnifique \u00eele [&hellip;]<\/p>\n","protected":false},"author":5,"featured_media":42513,"comment_status":"closed","ping_status":"closed","sticky":false,"template":"","format":"standard","meta":{"_acf_changed":false,"_et_pb_use_builder":"","_et_pb_old_content":"","_et_gb_content_width":"","footnotes":"","_links_to":"","_links_to_target":""},"categories":[608],"tags":[],"class_list":["post-42538","post","type-post","status-publish","format-standard","has-post-thumbnail","hentry","category-irlande-fr"],"acf":[],"yoast_head":"<!-- This site is optimized with the Yoast SEO plugin v27.5 - https:\/\/yoast.com\/product\/yoast-seo-wordpress\/ -->\n<title>Initiative communautaire visant \u00e0 planter 100 millions d&#039;arbres indig\u00e8nes irlandais \u00e0 travers l&#039;Irlande - Filles de la Charit\u00e9<\/title>\n<meta name=\"robots\" content=\"index, follow, max-snippet:-1, max-image-preview:large, max-video-preview:-1\" \/>\n<link rel=\"canonical\" href=\"https:\/\/filles-de-la-charite.org\/fr\/iniciativa-impulsada-por-la-comunidad-para-plantar-100-millones-de-arboles-autoctonos-irlandeses-en-toda-irlanda\/\" \/>\n<meta property=\"og:locale\" content=\"fr_FR\" \/>\n<meta property=\"og:type\" content=\"article\" \/>\n<meta property=\"og:title\" content=\"Initiative communautaire visant \u00e0 planter 100 millions d&#039;arbres indig\u00e8nes irlandais \u00e0 travers l&#039;Irlande - Filles de la Charit\u00e9\" \/>\n<meta property=\"og:description\" content=\"Les Filles de la Charit\u00e9 ont fi\u00e8rement rejoint une initiative communautaire sinc\u00e8re qui refl\u00e8te leur profond engagement envers l&rsquo;\u00e9cologie et la protection de notre environnement. Le projet 100 Million Trees, men\u00e9 par les passionn\u00e9s Richard, David et Tina Mulcahy, vise \u00e0 planter la quantit\u00e9 impressionnante de 100 millions d&rsquo;arbres locaux irlandais sur la magnifique \u00eele [&hellip;]\" \/>\n<meta property=\"og:url\" content=\"https:\/\/filles-de-la-charite.org\/fr\/iniciativa-impulsada-por-la-comunidad-para-plantar-100-millones-de-arboles-autoctonos-irlandeses-en-toda-irlanda\/\" \/>\n<meta property=\"og:site_name\" content=\"Filles de la Charit\u00e9\" \/>\n<meta property=\"article:published_time\" content=\"2025-04-10T18:56:00+00:00\" \/>\n<meta property=\"og:image\" content=\"https:\/\/filles-de-la-charite.org\/wp-content\/uploads\/2025\/04\/thumbnail-news-Ireland-scaled.jpg\" \/>\n\t<meta property=\"og:image:width\" content=\"2560\" \/>\n\t<meta property=\"og:image:height\" content=\"1440\" \/>\n\t<meta property=\"og:image:type\" content=\"image\/jpeg\" \/>\n<meta name=\"author\" content=\"SOR MARTA\" \/>\n<meta name=\"twitter:card\" content=\"summary_large_image\" \/>\n<meta name=\"twitter:label1\" content=\"\u00c9crit par\" \/>\n\t<meta name=\"twitter:data1\" content=\"SOR MARTA\" \/>\n\t<meta name=\"twitter:label2\" content=\"Dur\u00e9e de lecture estim\u00e9e\" \/>\n\t<meta name=\"twitter:data2\" content=\"4 minutes\" \/>\n<script type=\"application\/ld+json\" class=\"yoast-schema-graph\">{\"@context\":\"https:\\\/\\\/schema.org\",\"@graph\":[{\"@type\":\"Article\",\"@id\":\"https:\\\/\\\/filles-de-la-charite.org\\\/fr\\\/iniciativa-impulsada-por-la-comunidad-para-plantar-100-millones-de-arboles-autoctonos-irlandeses-en-toda-irlanda\\\/#article\",\"isPartOf\":{\"@id\":\"https:\\\/\\\/filles-de-la-charite.org\\\/fr\\\/iniciativa-impulsada-por-la-comunidad-para-plantar-100-millones-de-arboles-autoctonos-irlandeses-en-toda-irlanda\\\/\"},\"author\":{\"name\":\"SOR MARTA\",\"@id\":\"https:\\\/\\\/filles-de-la-charite.org\\\/fr\\\/#\\\/schema\\\/person\\\/0c922b6ca71280639858d297b3a7209f\"},\"headline\":\"Initiative communautaire visant \u00e0 planter 100 millions d&rsquo;arbres indig\u00e8nes irlandais \u00e0 travers l&rsquo;Irlande\",\"datePublished\":\"2025-04-10T18:56:00+00:00\",\"mainEntityOfPage\":{\"@id\":\"https:\\\/\\\/filles-de-la-charite.org\\\/fr\\\/iniciativa-impulsada-por-la-comunidad-para-plantar-100-millones-de-arboles-autoctonos-irlandeses-en-toda-irlanda\\\/\"},\"wordCount\":561,\"publisher\":{\"@id\":\"https:\\\/\\\/filles-de-la-charite.org\\\/fr\\\/#organization\"},\"image\":{\"@id\":\"https:\\\/\\\/filles-de-la-charite.org\\\/fr\\\/iniciativa-impulsada-por-la-comunidad-para-plantar-100-millones-de-arboles-autoctonos-irlandeses-en-toda-irlanda\\\/#primaryimage\"},\"thumbnailUrl\":\"https:\\\/\\\/filles-de-la-charite.org\\\/wp-content\\\/uploads\\\/2025\\\/04\\\/thumbnail-news-Ireland-scaled.jpg\",\"articleSection\":[\"Irlande\"],\"inLanguage\":\"fr-FR\"},{\"@type\":\"WebPage\",\"@id\":\"https:\\\/\\\/filles-de-la-charite.org\\\/fr\\\/iniciativa-impulsada-por-la-comunidad-para-plantar-100-millones-de-arboles-autoctonos-irlandeses-en-toda-irlanda\\\/\",\"url\":\"https:\\\/\\\/filles-de-la-charite.org\\\/fr\\\/iniciativa-impulsada-por-la-comunidad-para-plantar-100-millones-de-arboles-autoctonos-irlandeses-en-toda-irlanda\\\/\",\"name\":\"Initiative communautaire visant \u00e0 planter 100 millions d'arbres indig\u00e8nes irlandais \u00e0 travers l'Irlande - Filles de la Charit\u00e9\",\"isPartOf\":{\"@id\":\"https:\\\/\\\/filles-de-la-charite.org\\\/fr\\\/#website\"},\"primaryImageOfPage\":{\"@id\":\"https:\\\/\\\/filles-de-la-charite.org\\\/fr\\\/iniciativa-impulsada-por-la-comunidad-para-plantar-100-millones-de-arboles-autoctonos-irlandeses-en-toda-irlanda\\\/#primaryimage\"},\"image\":{\"@id\":\"https:\\\/\\\/filles-de-la-charite.org\\\/fr\\\/iniciativa-impulsada-por-la-comunidad-para-plantar-100-millones-de-arboles-autoctonos-irlandeses-en-toda-irlanda\\\/#primaryimage\"},\"thumbnailUrl\":\"https:\\\/\\\/filles-de-la-charite.org\\\/wp-content\\\/uploads\\\/2025\\\/04\\\/thumbnail-news-Ireland-scaled.jpg\",\"datePublished\":\"2025-04-10T18:56:00+00:00\",\"breadcrumb\":{\"@id\":\"https:\\\/\\\/filles-de-la-charite.org\\\/fr\\\/iniciativa-impulsada-por-la-comunidad-para-plantar-100-millones-de-arboles-autoctonos-irlandeses-en-toda-irlanda\\\/#breadcrumb\"},\"inLanguage\":\"fr-FR\",\"potentialAction\":[{\"@type\":\"ReadAction\",\"target\":[\"https:\\\/\\\/filles-de-la-charite.org\\\/fr\\\/iniciativa-impulsada-por-la-comunidad-para-plantar-100-millones-de-arboles-autoctonos-irlandeses-en-toda-irlanda\\\/\"]}]},{\"@type\":\"ImageObject\",\"inLanguage\":\"fr-FR\",\"@id\":\"https:\\\/\\\/filles-de-la-charite.org\\\/fr\\\/iniciativa-impulsada-por-la-comunidad-para-plantar-100-millones-de-arboles-autoctonos-irlandeses-en-toda-irlanda\\\/#primaryimage\",\"url\":\"https:\\\/\\\/filles-de-la-charite.org\\\/wp-content\\\/uploads\\\/2025\\\/04\\\/thumbnail-news-Ireland-scaled.jpg\",\"contentUrl\":\"https:\\\/\\\/filles-de-la-charite.org\\\/wp-content\\\/uploads\\\/2025\\\/04\\\/thumbnail-news-Ireland-scaled.jpg\",\"width\":2560,\"height\":1440},{\"@type\":\"BreadcrumbList\",\"@id\":\"https:\\\/\\\/filles-de-la-charite.org\\\/fr\\\/iniciativa-impulsada-por-la-comunidad-para-plantar-100-millones-de-arboles-autoctonos-irlandeses-en-toda-irlanda\\\/#breadcrumb\",\"itemListElement\":[{\"@type\":\"ListItem\",\"position\":1,\"name\":\"Irlande\",\"item\":\"https:\\\/\\\/filles-de-la-charite.org\\\/fr\\\/category\\\/irlande-fr\\\/\"},{\"@type\":\"ListItem\",\"position\":2,\"name\":\"Initiative communautaire visant \u00e0 planter 100 millions d&#8217;arbres indig\u00e8nes irlandais \u00e0 travers l&#8217;Irlande\"}]},{\"@type\":\"WebSite\",\"@id\":\"https:\\\/\\\/filles-de-la-charite.org\\\/fr\\\/#website\",\"url\":\"https:\\\/\\\/filles-de-la-charite.org\\\/fr\\\/\",\"name\":\"Hijas de la Caridad\",\"description\":\"L\u2019amour de J\u00e9sus nous presse \u00e0 prendre soin des personnes les plus d\u00e9munies\",\"publisher\":{\"@id\":\"https:\\\/\\\/filles-de-la-charite.org\\\/fr\\\/#organization\"},\"potentialAction\":[{\"@type\":\"SearchAction\",\"target\":{\"@type\":\"EntryPoint\",\"urlTemplate\":\"https:\\\/\\\/filles-de-la-charite.org\\\/fr\\\/?s={search_term_string}\"},\"query-input\":{\"@type\":\"PropertyValueSpecification\",\"valueRequired\":true,\"valueName\":\"search_term_string\"}}],\"inLanguage\":\"fr-FR\"},{\"@type\":\"Organization\",\"@id\":\"https:\\\/\\\/filles-de-la-charite.org\\\/fr\\\/#organization\",\"name\":\"Hijas de la Caridad\",\"url\":\"https:\\\/\\\/filles-de-la-charite.org\\\/fr\\\/\",\"logo\":{\"@type\":\"ImageObject\",\"inLanguage\":\"fr-FR\",\"@id\":\"https:\\\/\\\/filles-de-la-charite.org\\\/fr\\\/#\\\/schema\\\/logo\\\/image\\\/\",\"url\":\"https:\\\/\\\/filles-de-la-charite.org\\\/wp-content\\\/uploads\\\/2023\\\/03\\\/isotipo-Hijas-de-la-Caridad.png\",\"contentUrl\":\"https:\\\/\\\/filles-de-la-charite.org\\\/wp-content\\\/uploads\\\/2023\\\/03\\\/isotipo-Hijas-de-la-Caridad.png\",\"width\":1417,\"height\":1417,\"caption\":\"Hijas de la Caridad\"},\"image\":{\"@id\":\"https:\\\/\\\/filles-de-la-charite.org\\\/fr\\\/#\\\/schema\\\/logo\\\/image\\\/\"}},{\"@type\":\"Person\",\"@id\":\"https:\\\/\\\/filles-de-la-charite.org\\\/fr\\\/#\\\/schema\\\/person\\\/0c922b6ca71280639858d297b3a7209f\",\"name\":\"SOR MARTA\",\"image\":{\"@type\":\"ImageObject\",\"inLanguage\":\"fr-FR\",\"@id\":\"https:\\\/\\\/secure.gravatar.com\\\/avatar\\\/d2c45b0fd6bf2d3e2670ab3d112257c24ac80fa960360bba1bdc0676485d1d09?s=96&d=mm&r=g\",\"url\":\"https:\\\/\\\/secure.gravatar.com\\\/avatar\\\/d2c45b0fd6bf2d3e2670ab3d112257c24ac80fa960360bba1bdc0676485d1d09?s=96&d=mm&r=g\",\"contentUrl\":\"https:\\\/\\\/secure.gravatar.com\\\/avatar\\\/d2c45b0fd6bf2d3e2670ab3d112257c24ac80fa960360bba1bdc0676485d1d09?s=96&d=mm&r=g\",\"caption\":\"SOR MARTA\"},\"url\":\"https:\\\/\\\/filles-de-la-charite.org\\\/fr\\\/author\\\/martaemn\\\/\"}]}<\/script>\n<!-- \/ Yoast SEO plugin. -->","yoast_head_json":{"title":"Initiative communautaire visant \u00e0 planter 100 millions d'arbres indig\u00e8nes irlandais \u00e0 travers l'Irlande - Filles de la Charit\u00e9","robots":{"index":"index","follow":"follow","max-snippet":"max-snippet:-1","max-image-preview":"max-image-preview:large","max-video-preview":"max-video-preview:-1"},"canonical":"https:\/\/filles-de-la-charite.org\/fr\/iniciativa-impulsada-por-la-comunidad-para-plantar-100-millones-de-arboles-autoctonos-irlandeses-en-toda-irlanda\/","og_locale":"fr_FR","og_type":"article","og_title":"Initiative communautaire visant \u00e0 planter 100 millions d'arbres indig\u00e8nes irlandais \u00e0 travers l'Irlande - Filles de la Charit\u00e9","og_description":"Les Filles de la Charit\u00e9 ont fi\u00e8rement rejoint une initiative communautaire sinc\u00e8re qui refl\u00e8te leur profond engagement envers l&rsquo;\u00e9cologie et la protection de notre environnement. Le projet 100 Million Trees, men\u00e9 par les passionn\u00e9s Richard, David et Tina Mulcahy, vise \u00e0 planter la quantit\u00e9 impressionnante de 100 millions d&rsquo;arbres locaux irlandais sur la magnifique \u00eele [&hellip;]","og_url":"https:\/\/filles-de-la-charite.org\/fr\/iniciativa-impulsada-por-la-comunidad-para-plantar-100-millones-de-arboles-autoctonos-irlandeses-en-toda-irlanda\/","og_site_name":"Filles de la Charit\u00e9","article_published_time":"2025-04-10T18:56:00+00:00","og_image":[{"width":2560,"height":1440,"url":"https:\/\/filles-de-la-charite.org\/wp-content\/uploads\/2025\/04\/thumbnail-news-Ireland-scaled.jpg","type":"image\/jpeg"}],"author":"SOR MARTA","twitter_card":"summary_large_image","twitter_misc":{"\u00c9crit par":"SOR MARTA","Dur\u00e9e de lecture estim\u00e9e":"4 minutes"},"schema":{"@context":"https:\/\/schema.org","@graph":[{"@type":"Article","@id":"https:\/\/filles-de-la-charite.org\/fr\/iniciativa-impulsada-por-la-comunidad-para-plantar-100-millones-de-arboles-autoctonos-irlandeses-en-toda-irlanda\/#article","isPartOf":{"@id":"https:\/\/filles-de-la-charite.org\/fr\/iniciativa-impulsada-por-la-comunidad-para-plantar-100-millones-de-arboles-autoctonos-irlandeses-en-toda-irlanda\/"},"author":{"name":"SOR MARTA","@id":"https:\/\/filles-de-la-charite.org\/fr\/#\/schema\/person\/0c922b6ca71280639858d297b3a7209f"},"headline":"Initiative communautaire visant \u00e0 planter 100 millions d&rsquo;arbres indig\u00e8nes irlandais \u00e0 travers l&rsquo;Irlande","datePublished":"2025-04-10T18:56:00+00:00","mainEntityOfPage":{"@id":"https:\/\/filles-de-la-charite.org\/fr\/iniciativa-impulsada-por-la-comunidad-para-plantar-100-millones-de-arboles-autoctonos-irlandeses-en-toda-irlanda\/"},"wordCount":561,"publisher":{"@id":"https:\/\/filles-de-la-charite.org\/fr\/#organization"},"image":{"@id":"https:\/\/filles-de-la-charite.org\/fr\/iniciativa-impulsada-por-la-comunidad-para-plantar-100-millones-de-arboles-autoctonos-irlandeses-en-toda-irlanda\/#primaryimage"},"thumbnailUrl":"https:\/\/filles-de-la-charite.org\/wp-content\/uploads\/2025\/04\/thumbnail-news-Ireland-scaled.jpg","articleSection":["Irlande"],"inLanguage":"fr-FR"},{"@type":"WebPage","@id":"https:\/\/filles-de-la-charite.org\/fr\/iniciativa-impulsada-por-la-comunidad-para-plantar-100-millones-de-arboles-autoctonos-irlandeses-en-toda-irlanda\/","url":"https:\/\/filles-de-la-charite.org\/fr\/iniciativa-impulsada-por-la-comunidad-para-plantar-100-millones-de-arboles-autoctonos-irlandeses-en-toda-irlanda\/","name":"Initiative communautaire visant \u00e0 planter 100 millions d'arbres indig\u00e8nes irlandais \u00e0 travers l'Irlande - Filles de la Charit\u00e9","isPartOf":{"@id":"https:\/\/filles-de-la-charite.org\/fr\/#website"},"primaryImageOfPage":{"@id":"https:\/\/filles-de-la-charite.org\/fr\/iniciativa-impulsada-por-la-comunidad-para-plantar-100-millones-de-arboles-autoctonos-irlandeses-en-toda-irlanda\/#primaryimage"},"image":{"@id":"https:\/\/filles-de-la-charite.org\/fr\/iniciativa-impulsada-por-la-comunidad-para-plantar-100-millones-de-arboles-autoctonos-irlandeses-en-toda-irlanda\/#primaryimage"},"thumbnailUrl":"https:\/\/filles-de-la-charite.org\/wp-content\/uploads\/2025\/04\/thumbnail-news-Ireland-scaled.jpg","datePublished":"2025-04-10T18:56:00+00:00","breadcrumb":{"@id":"https:\/\/filles-de-la-charite.org\/fr\/iniciativa-impulsada-por-la-comunidad-para-plantar-100-millones-de-arboles-autoctonos-irlandeses-en-toda-irlanda\/#breadcrumb"},"inLanguage":"fr-FR","potentialAction":[{"@type":"ReadAction","target":["https:\/\/filles-de-la-charite.org\/fr\/iniciativa-impulsada-por-la-comunidad-para-plantar-100-millones-de-arboles-autoctonos-irlandeses-en-toda-irlanda\/"]}]},{"@type":"ImageObject","inLanguage":"fr-FR","@id":"https:\/\/filles-de-la-charite.org\/fr\/iniciativa-impulsada-por-la-comunidad-para-plantar-100-millones-de-arboles-autoctonos-irlandeses-en-toda-irlanda\/#primaryimage","url":"https:\/\/filles-de-la-charite.org\/wp-content\/uploads\/2025\/04\/thumbnail-news-Ireland-scaled.jpg","contentUrl":"https:\/\/filles-de-la-charite.org\/wp-content\/uploads\/2025\/04\/thumbnail-news-Ireland-scaled.jpg","width":2560,"height":1440},{"@type":"BreadcrumbList","@id":"https:\/\/filles-de-la-charite.org\/fr\/iniciativa-impulsada-por-la-comunidad-para-plantar-100-millones-de-arboles-autoctonos-irlandeses-en-toda-irlanda\/#breadcrumb","itemListElement":[{"@type":"ListItem","position":1,"name":"Irlande","item":"https:\/\/filles-de-la-charite.org\/fr\/category\/irlande-fr\/"},{"@type":"ListItem","position":2,"name":"Initiative communautaire visant \u00e0 planter 100 millions d&#8217;arbres indig\u00e8nes irlandais \u00e0 travers l&#8217;Irlande"}]},{"@type":"WebSite","@id":"https:\/\/filles-de-la-charite.org\/fr\/#website","url":"https:\/\/filles-de-la-charite.org\/fr\/","name":"Hijas de la Caridad","description":"L\u2019amour de J\u00e9sus nous presse \u00e0 prendre soin des personnes les plus d\u00e9munies","publisher":{"@id":"https:\/\/filles-de-la-charite.org\/fr\/#organization"},"potentialAction":[{"@type":"SearchAction","target":{"@type":"EntryPoint","urlTemplate":"https:\/\/filles-de-la-charite.org\/fr\/?s={search_term_string}"},"query-input":{"@type":"PropertyValueSpecification","valueRequired":true,"valueName":"search_term_string"}}],"inLanguage":"fr-FR"},{"@type":"Organization","@id":"https:\/\/filles-de-la-charite.org\/fr\/#organization","name":"Hijas de la Caridad","url":"https:\/\/filles-de-la-charite.org\/fr\/","logo":{"@type":"ImageObject","inLanguage":"fr-FR","@id":"https:\/\/filles-de-la-charite.org\/fr\/#\/schema\/logo\/image\/","url":"https:\/\/filles-de-la-charite.org\/wp-content\/uploads\/2023\/03\/isotipo-Hijas-de-la-Caridad.png","contentUrl":"https:\/\/filles-de-la-charite.org\/wp-content\/uploads\/2023\/03\/isotipo-Hijas-de-la-Caridad.png","width":1417,"height":1417,"caption":"Hijas de la Caridad"},"image":{"@id":"https:\/\/filles-de-la-charite.org\/fr\/#\/schema\/logo\/image\/"}},{"@type":"Person","@id":"https:\/\/filles-de-la-charite.org\/fr\/#\/schema\/person\/0c922b6ca71280639858d297b3a7209f","name":"SOR MARTA","image":{"@type":"ImageObject","inLanguage":"fr-FR","@id":"https:\/\/secure.gravatar.com\/avatar\/d2c45b0fd6bf2d3e2670ab3d112257c24ac80fa960360bba1bdc0676485d1d09?s=96&d=mm&r=g","url":"https:\/\/secure.gravatar.com\/avatar\/d2c45b0fd6bf2d3e2670ab3d112257c24ac80fa960360bba1bdc0676485d1d09?s=96&d=mm&r=g","contentUrl":"https:\/\/secure.gravatar.com\/avatar\/d2c45b0fd6bf2d3e2670ab3d112257c24ac80fa960360bba1bdc0676485d1d09?s=96&d=mm&r=g","caption":"SOR MARTA"},"url":"https:\/\/filles-de-la-charite.org\/fr\/author\/martaemn\/"}]}},"_links":{"self":[{"href":"https:\/\/filles-de-la-charite.org\/fr\/wp-json\/wp\/v2\/posts\/42538","targetHints":{"allow":["GET"]}}],"collection":[{"href":"https:\/\/filles-de-la-charite.org\/fr\/wp-json\/wp\/v2\/posts"}],"about":[{"href":"https:\/\/filles-de-la-charite.org\/fr\/wp-json\/wp\/v2\/types\/post"}],"author":[{"embeddable":true,"href":"https:\/\/filles-de-la-charite.org\/fr\/wp-json\/wp\/v2\/users\/5"}],"replies":[{"embeddable":true,"href":"https:\/\/filles-de-la-charite.org\/fr\/wp-json\/wp\/v2\/comments?post=42538"}],"version-history":[{"count":2,"href":"https:\/\/filles-de-la-charite.org\/fr\/wp-json\/wp\/v2\/posts\/42538\/revisions"}],"predecessor-version":[{"id":42549,"href":"https:\/\/filles-de-la-charite.org\/fr\/wp-json\/wp\/v2\/posts\/42538\/revisions\/42549"}],"wp:featuredmedia":[{"embeddable":true,"href":"https:\/\/filles-de-la-charite.org\/fr\/wp-json\/wp\/v2\/media\/42513"}],"wp:attachment":[{"href":"https:\/\/filles-de-la-charite.org\/fr\/wp-json\/wp\/v2\/media?parent=42538"}],"wp:term":[{"taxonomy":"category","embeddable":true,"href":"https:\/\/filles-de-la-charite.org\/fr\/wp-json\/wp\/v2\/categories?post=42538"},{"taxonomy":"post_tag","embeddable":true,"href":"https:\/\/filles-de-la-charite.org\/fr\/wp-json\/wp\/v2\/tags?post=42538"}],"curies":[{"name":"wp","href":"https:\/\/api.w.org\/{rel}","templated":true}]}}