{"id":42589,"date":"2025-04-12T23:58:57","date_gmt":"2025-04-12T21:58:57","guid":{"rendered":"https:\/\/filles-de-la-charite.org\/?p=42589"},"modified":"2025-04-12T23:51:30","modified_gmt":"2025-04-12T21:51:30","slug":"depaul-se-ha-convertido-en-un-hogar","status":"publish","type":"post","link":"https:\/\/filles-de-la-charite.org\/fr\/depaul-se-ha-convertido-en-un-hogar\/","title":{"rendered":"\u00ab Depaul est devenu mon foyer \u00bb"},"content":{"rendered":"\n<p><em>Dieu, accorde-moi la s\u00e9r\u00e9nit\u00e9<\/em><\/p>\n\n\n\n<p><em>pour accepter ce que je ne peux changer,<\/em><\/p>\n\n\n\n<p><em>le courage de changer ce que je peux changer<\/em><\/p>\n\n\n\n<p><em>et la sagesse d'\u00eatre capable de distinguer l'un de l'autre.<\/em><\/p>\n\n\n\n<p>Avec les mots de cette pri\u00e8re, nous commen\u00e7ons les rencontres du jeudi pour les femmes sans domicile fixe qui fr\u00e9quentent le Depaul d'Odessa. Pour beaucoup d'entre elles, la structure du Depaul est devenue un foyer, car elles y re\u00e7oivent ce dont tout \u00eatre humain a besoin : manger, se laver et se reposer. Une fois ces besoins primaires satisfaits, nous essayons de prendre soin de la dimension spirituelle de leur vie.<\/p>\n\n\n\n<figure class=\"wp-block-image aligncenter size-large\"><img loading=\"lazy\" decoding=\"async\" width=\"1024\" height=\"768\" src=\"https:\/\/filles-de-la-charite.org\/wp-content\/uploads\/2025\/04\/IMG_20250205_132400-1024x768.jpg\" alt=\"\" class=\"wp-image-42562\" srcset=\"https:\/\/filles-de-la-charite.org\/wp-content\/uploads\/2025\/04\/IMG_20250205_132400-980x735.jpg 980w, https:\/\/filles-de-la-charite.org\/wp-content\/uploads\/2025\/04\/IMG_20250205_132400-480x360.jpg 480w\" sizes=\"(min-width: 0px) and (max-width: 480px) 480px, (min-width: 481px) and (max-width: 980px) 980px, (min-width: 981px) 1024px, 100vw\" \/><\/figure>\n\n\n\n<p>Chaque semaine, 6 \u00e0 10 femmes participent \u00e0 ces rencontres. L'ann\u00e9e derni\u00e8re, nous avons d\u00e9couvert la vie des femmes dans la Bible, d'Eve \u00e0 Marie, la M\u00e8re de Dieu. Chaque personnage biblique nous a parl\u00e9 \u00e0 travers sa vie, pleine de joie et de douleur, de souffrance et d'humiliation, de p\u00e9ch\u00e9 et de saintet\u00e9. Ces femmes ont \u00e9t\u00e9 de plus en plus convaincues que Dieu n'est pas loin d'elles, qu'Il n'est pas indiff\u00e9rent \u00e0 ce qu'elles vivent et aux difficult\u00e9s qu'elles rencontrent. Il est souvent arriv\u00e9 que, lors d'un cours sur l'une des figures bibliques, elles tombent en larmes, preuve que ce qu'elles entendaient touchait leur c\u0153ur.<\/p>\n\n\n\n<p>Apr\u00e8s les rencontres centr\u00e9es sur les femmes bibliques, nous sommes pass\u00e9es \u00e0 un sujet sugg\u00e9r\u00e9 par nos femmes sans domicile fixe : \u00ab Comment faire face \u00e0 sa vie \u00bb. La plupart des femmes qui participent \u00e0 ces rencontres sont aux prises avec des probl\u00e8mes d'alcoolisme, elles utilisent souvent des substances pour \u00e9chapper aux exp\u00e9riences douloureuses qu'elles ont v\u00e9cues. \u00c0 travers les histoires des femmes bibliques, nous apprenons que nous ne sommes pas toujours responsables des blessures que nous infligent les autres. Cependant, nous sommes responsables de notre vie adulte pr\u00e9sente. M\u00eame si notre pass\u00e9 peut nous influencer, il ne nous d\u00e9finit pas. Nous pouvons apprendre \u00e0 nous aimer nous-m\u00eames et \u00e0 aimer les autres malgr\u00e9 nos histoires. Nous pouvons accepter notre vie et la vivre de mani\u00e8re cr\u00e9ative. Pendant les rencontres, il y a aussi du temps pour discuter en sirotant un th\u00e9, et les femmes partagent leurs pens\u00e9es et leurs exp\u00e9riences ou posent des questions.<\/p>\n\n\n\n<p>Dans ces moments-l\u00e0, je d\u00e9couvre comment les pauvres m'\u00e9vang\u00e9lisent ! En \u00e9coutant leurs histoires, je d\u00e9couvre par moi-m\u00eame la signification des mots de la Constitution 10a : <strong><em>Les S\u0153urs contemplent et atteignent le Christ dans le c\u0153ur et la vie des pauvres : en eux, sa gr\u00e2ce est toujours \u00e0 l'\u0153uvre pour les sanctifier et les sauver. <\/em><\/strong>\u00c0 travers leur vie, J\u00e9sus montre \u00e0 quel point il m'aime, combien j'ai re\u00e7u de lui et combien souvent je ne sais pas appr\u00e9cier ce qu'il me donne.<\/p>\n\n\n\n<p>\u00c0 titre d'exemple, je vais raconter l'histoire d'une femme qui participe r\u00e9guli\u00e8rement aux rencontres. Il y a quelques mois, \u00e0 Depaul, il y avait une dame nomm\u00e9e Maria, qui portait un chapelet autour du cou et pr\u00e9tendait \u00eatre catholique. Elle est la seule des femmes qui salue toujours en disant : \u00ab Que J\u00e9sus-Christ soit lou\u00e9 ! \u00bb.<\/p>\n\n\n\n<figure class=\"wp-block-image alignleft size-large\"><img loading=\"lazy\" decoding=\"async\" width=\"768\" height=\"1024\" src=\"https:\/\/filles-de-la-charite.org\/wp-content\/uploads\/2025\/04\/IMG_20250207_131816-768x1024.jpg\" alt=\"\" class=\"wp-image-42568\"\/><\/figure>\n\n\n\n<p>Elle vient de raconter son histoire lors d'une des rencontres. Elle est n\u00e9e en Transcarpathie dans une famille catholique. \u00c9lev\u00e9e par ses grands-parents et des parents croyants, elle a eu une vie de couple heureuse, un mari aimant et un bon travail. Malheureusement, apr\u00e8s la mort de son mari, son fils, qu'elle n'avait jamais connu auparavant, est apparu. Il a fait valoir son droit \u00e0 h\u00e9riter de leur appartement qui, malheureusement, lui a \u00e9t\u00e9 confisqu\u00e9 par le tribunal et Maria s'est retrouv\u00e9e sans domicile, \u00e0 la rue. Maria a accept\u00e9 cette r\u00e9alit\u00e9 en disant : \u00ab Peut-\u00eatre que le Seigneur Dieu a justement besoin d'un tel sacrifice de ma part \u00bb. Elle est indigente ; elle n'a pas encore atteint l'\u00e2ge de la retraite et sa sant\u00e9 ne lui permet pas de travailler. Elle remercie le Seigneur Dieu pour Depaul, car c'est un endroit o\u00f9 elle peut rester, malgr\u00e9 les nombreux inconv\u00e9nients li\u00e9s au fait de c\u00f4toyer des personnes sans domicile et toxicomanes.<\/p>\n\n\n\n<p>\u00c0 la fin d'une des rencontres, Maria a dit : \u00ab Ma S\u0153ur, je ne peux pas rester \u00e0 regarder, je veux faire quelque chose ! \u00bb. Nous lui avons donn\u00e9 un travail : enfiler les m\u00e9dailles miraculeuses et confectionner les scapulaires verts pour les soldats, exprimant ainsi sa joie de pouvoir contribuer \u00e0 la diffusion de la m\u00e9daille. Maria raconte: \u00ab Hier, j'ai donn\u00e9 des m\u00e9dailles. Quand ils voient que je les enfile, ils commencent \u00e0 s'y int\u00e9resser et me demandent une m\u00e9daille. Je la leur donne en leur disant de faire attention, car ce n'est pas un talisman, mais un signe de la protection de la Vierge Marie.<\/p>\n\n\n\n<p>Pour conclure, je reviens au pri\u00e8re avec laquelle j'ai commenc\u00e9 mon t\u00e9moignage. J'ai \u00e9galement affich\u00e9 cette pri\u00e8re dans ma chambre, afin que lorsque je me pr\u00e9pare pour la cat\u00e9ch\u00e8se ou pour les rencontres avec les pauvres, je n'oublie pas de dire au Seigneur : \u00ab O Dieu, donne-moi la s\u00e9r\u00e9nit\u00e9 d'accepter ce que je ne peux pas changer dans ma vie ou dans la vie des pauvres ; le courage de changer ce que je peux changer, et la sagesse de distinguer l'un de l'autre \u00bb.<\/p>\n","protected":false},"excerpt":{"rendered":"<p>Dieu, accorde-moi la s\u00e9r\u00e9nit\u00e9 pour accepter ce que je ne peux changer, le courage de changer ce que je peux changer et la sagesse d&rsquo;\u00eatre capable de distinguer l&rsquo;un de l&rsquo;autre. Avec les mots de cette pri\u00e8re, nous commen\u00e7ons les rencontres du jeudi pour les femmes sans domicile fixe qui fr\u00e9quentent le Depaul d&rsquo;Odessa. Pour [&hellip;]<\/p>\n","protected":false},"author":5,"featured_media":42580,"comment_status":"closed","ping_status":"closed","sticky":false,"template":"","format":"standard","meta":{"_acf_changed":false,"footnotes":"","_links_to":"","_links_to_target":""},"categories":[735],"tags":[],"class_list":["post-42589","post","type-post","status-publish","format-standard","has-post-thumbnail","hentry","category-cracovia-fr"],"acf":[],"yoast_head":"<!-- This site is optimized with the Yoast SEO plugin v27.5 - https:\/\/yoast.com\/product\/yoast-seo-wordpress\/ -->\n<title>\u00ab Depaul est devenu mon foyer \u00bb - Filles de la Charit\u00e9<\/title>\n<meta name=\"robots\" content=\"index, follow, max-snippet:-1, max-image-preview:large, max-video-preview:-1\" \/>\n<link rel=\"canonical\" href=\"https:\/\/filles-de-la-charite.org\/fr\/depaul-se-ha-convertido-en-un-hogar\/\" \/>\n<meta property=\"og:locale\" content=\"fr_FR\" \/>\n<meta property=\"og:type\" content=\"article\" \/>\n<meta property=\"og:title\" content=\"\u00ab Depaul est devenu mon foyer \u00bb - Filles de la Charit\u00e9\" \/>\n<meta property=\"og:description\" content=\"Dieu, accorde-moi la s\u00e9r\u00e9nit\u00e9 pour accepter ce que je ne peux changer, le courage de changer ce que je peux changer et la sagesse d&rsquo;\u00eatre capable de distinguer l&rsquo;un de l&rsquo;autre. Avec les mots de cette pri\u00e8re, nous commen\u00e7ons les rencontres du jeudi pour les femmes sans domicile fixe qui fr\u00e9quentent le Depaul d&rsquo;Odessa. Pour [&hellip;]\" \/>\n<meta property=\"og:url\" content=\"https:\/\/filles-de-la-charite.org\/fr\/depaul-se-ha-convertido-en-un-hogar\/\" \/>\n<meta property=\"og:site_name\" content=\"Filles de la Charit\u00e9\" \/>\n<meta property=\"article:published_time\" content=\"2025-04-12T21:58:57+00:00\" \/>\n<meta property=\"og:image\" content=\"https:\/\/filles-de-la-charite.org\/wp-content\/uploads\/2025\/04\/IMG_20240307_135539-copia-scaled.jpg\" \/>\n\t<meta property=\"og:image:width\" content=\"2560\" \/>\n\t<meta property=\"og:image:height\" content=\"1440\" \/>\n\t<meta property=\"og:image:type\" content=\"image\/jpeg\" \/>\n<meta name=\"author\" content=\"SOR MARTA\" \/>\n<meta name=\"twitter:card\" content=\"summary_large_image\" \/>\n<meta name=\"twitter:label1\" content=\"\u00c9crit par\" \/>\n\t<meta name=\"twitter:data1\" content=\"SOR MARTA\" \/>\n\t<meta name=\"twitter:label2\" content=\"Dur\u00e9e de lecture estim\u00e9e\" \/>\n\t<meta name=\"twitter:data2\" content=\"5 minutes\" \/>\n<script type=\"application\/ld+json\" class=\"yoast-schema-graph\">{\"@context\":\"https:\\\/\\\/schema.org\",\"@graph\":[{\"@type\":\"Article\",\"@id\":\"https:\\\/\\\/filles-de-la-charite.org\\\/fr\\\/depaul-se-ha-convertido-en-un-hogar\\\/#article\",\"isPartOf\":{\"@id\":\"https:\\\/\\\/filles-de-la-charite.org\\\/fr\\\/depaul-se-ha-convertido-en-un-hogar\\\/\"},\"author\":{\"name\":\"SOR MARTA\",\"@id\":\"https:\\\/\\\/filles-de-la-charite.org\\\/fr\\\/#\\\/schema\\\/person\\\/0c922b6ca71280639858d297b3a7209f\"},\"headline\":\"\u00ab Depaul est devenu mon foyer \u00bb\",\"datePublished\":\"2025-04-12T21:58:57+00:00\",\"mainEntityOfPage\":{\"@id\":\"https:\\\/\\\/filles-de-la-charite.org\\\/fr\\\/depaul-se-ha-convertido-en-un-hogar\\\/\"},\"wordCount\":937,\"publisher\":{\"@id\":\"https:\\\/\\\/filles-de-la-charite.org\\\/fr\\\/#organization\"},\"image\":{\"@id\":\"https:\\\/\\\/filles-de-la-charite.org\\\/fr\\\/depaul-se-ha-convertido-en-un-hogar\\\/#primaryimage\"},\"thumbnailUrl\":\"https:\\\/\\\/filles-de-la-charite.org\\\/wp-content\\\/uploads\\\/2025\\\/04\\\/IMG_20240307_135539-copia-scaled.jpg\",\"articleSection\":[\"Cracovie\"],\"inLanguage\":\"fr-FR\"},{\"@type\":\"WebPage\",\"@id\":\"https:\\\/\\\/filles-de-la-charite.org\\\/fr\\\/depaul-se-ha-convertido-en-un-hogar\\\/\",\"url\":\"https:\\\/\\\/filles-de-la-charite.org\\\/fr\\\/depaul-se-ha-convertido-en-un-hogar\\\/\",\"name\":\"\u00ab Depaul est devenu mon foyer \u00bb - Filles de la Charit\u00e9\",\"isPartOf\":{\"@id\":\"https:\\\/\\\/filles-de-la-charite.org\\\/fr\\\/#website\"},\"primaryImageOfPage\":{\"@id\":\"https:\\\/\\\/filles-de-la-charite.org\\\/fr\\\/depaul-se-ha-convertido-en-un-hogar\\\/#primaryimage\"},\"image\":{\"@id\":\"https:\\\/\\\/filles-de-la-charite.org\\\/fr\\\/depaul-se-ha-convertido-en-un-hogar\\\/#primaryimage\"},\"thumbnailUrl\":\"https:\\\/\\\/filles-de-la-charite.org\\\/wp-content\\\/uploads\\\/2025\\\/04\\\/IMG_20240307_135539-copia-scaled.jpg\",\"datePublished\":\"2025-04-12T21:58:57+00:00\",\"breadcrumb\":{\"@id\":\"https:\\\/\\\/filles-de-la-charite.org\\\/fr\\\/depaul-se-ha-convertido-en-un-hogar\\\/#breadcrumb\"},\"inLanguage\":\"fr-FR\",\"potentialAction\":[{\"@type\":\"ReadAction\",\"target\":[\"https:\\\/\\\/filles-de-la-charite.org\\\/fr\\\/depaul-se-ha-convertido-en-un-hogar\\\/\"]}]},{\"@type\":\"ImageObject\",\"inLanguage\":\"fr-FR\",\"@id\":\"https:\\\/\\\/filles-de-la-charite.org\\\/fr\\\/depaul-se-ha-convertido-en-un-hogar\\\/#primaryimage\",\"url\":\"https:\\\/\\\/filles-de-la-charite.org\\\/wp-content\\\/uploads\\\/2025\\\/04\\\/IMG_20240307_135539-copia-scaled.jpg\",\"contentUrl\":\"https:\\\/\\\/filles-de-la-charite.org\\\/wp-content\\\/uploads\\\/2025\\\/04\\\/IMG_20240307_135539-copia-scaled.jpg\",\"width\":2560,\"height\":1440,\"caption\":\"????????????????????????????????????????????????????????????????????????????????????????????????????????????????????????????????????????????????????????????????????????????????????????????????????????????????????????????????????????????\"},{\"@type\":\"BreadcrumbList\",\"@id\":\"https:\\\/\\\/filles-de-la-charite.org\\\/fr\\\/depaul-se-ha-convertido-en-un-hogar\\\/#breadcrumb\",\"itemListElement\":[{\"@type\":\"ListItem\",\"position\":1,\"name\":\"Cracovie\",\"item\":\"https:\\\/\\\/filles-de-la-charite.org\\\/fr\\\/category\\\/cracovia-fr\\\/\"},{\"@type\":\"ListItem\",\"position\":2,\"name\":\"\u00ab Depaul est devenu mon foyer \u00bb\"}]},{\"@type\":\"WebSite\",\"@id\":\"https:\\\/\\\/filles-de-la-charite.org\\\/fr\\\/#website\",\"url\":\"https:\\\/\\\/filles-de-la-charite.org\\\/fr\\\/\",\"name\":\"Hijas de la Caridad\",\"description\":\"L\u2019amour de J\u00e9sus nous presse \u00e0 prendre soin des personnes les plus d\u00e9munies\",\"publisher\":{\"@id\":\"https:\\\/\\\/filles-de-la-charite.org\\\/fr\\\/#organization\"},\"potentialAction\":[{\"@type\":\"SearchAction\",\"target\":{\"@type\":\"EntryPoint\",\"urlTemplate\":\"https:\\\/\\\/filles-de-la-charite.org\\\/fr\\\/?s={search_term_string}\"},\"query-input\":{\"@type\":\"PropertyValueSpecification\",\"valueRequired\":true,\"valueName\":\"search_term_string\"}}],\"inLanguage\":\"fr-FR\"},{\"@type\":\"Organization\",\"@id\":\"https:\\\/\\\/filles-de-la-charite.org\\\/fr\\\/#organization\",\"name\":\"Hijas de la Caridad\",\"url\":\"https:\\\/\\\/filles-de-la-charite.org\\\/fr\\\/\",\"logo\":{\"@type\":\"ImageObject\",\"inLanguage\":\"fr-FR\",\"@id\":\"https:\\\/\\\/filles-de-la-charite.org\\\/fr\\\/#\\\/schema\\\/logo\\\/image\\\/\",\"url\":\"https:\\\/\\\/filles-de-la-charite.org\\\/wp-content\\\/uploads\\\/2023\\\/03\\\/isotipo-Hijas-de-la-Caridad.png\",\"contentUrl\":\"https:\\\/\\\/filles-de-la-charite.org\\\/wp-content\\\/uploads\\\/2023\\\/03\\\/isotipo-Hijas-de-la-Caridad.png\",\"width\":1417,\"height\":1417,\"caption\":\"Hijas de la Caridad\"},\"image\":{\"@id\":\"https:\\\/\\\/filles-de-la-charite.org\\\/fr\\\/#\\\/schema\\\/logo\\\/image\\\/\"}},{\"@type\":\"Person\",\"@id\":\"https:\\\/\\\/filles-de-la-charite.org\\\/fr\\\/#\\\/schema\\\/person\\\/0c922b6ca71280639858d297b3a7209f\",\"name\":\"SOR MARTA\",\"image\":{\"@type\":\"ImageObject\",\"inLanguage\":\"fr-FR\",\"@id\":\"https:\\\/\\\/secure.gravatar.com\\\/avatar\\\/d2c45b0fd6bf2d3e2670ab3d112257c24ac80fa960360bba1bdc0676485d1d09?s=96&d=mm&r=g\",\"url\":\"https:\\\/\\\/secure.gravatar.com\\\/avatar\\\/d2c45b0fd6bf2d3e2670ab3d112257c24ac80fa960360bba1bdc0676485d1d09?s=96&d=mm&r=g\",\"contentUrl\":\"https:\\\/\\\/secure.gravatar.com\\\/avatar\\\/d2c45b0fd6bf2d3e2670ab3d112257c24ac80fa960360bba1bdc0676485d1d09?s=96&d=mm&r=g\",\"caption\":\"SOR MARTA\"},\"url\":\"https:\\\/\\\/filles-de-la-charite.org\\\/fr\\\/author\\\/martaemn\\\/\"}]}<\/script>\n<!-- \/ Yoast SEO plugin. -->","yoast_head_json":{"title":"\u00ab Depaul est devenu mon foyer \u00bb - Filles de la Charit\u00e9","robots":{"index":"index","follow":"follow","max-snippet":"max-snippet:-1","max-image-preview":"max-image-preview:large","max-video-preview":"max-video-preview:-1"},"canonical":"https:\/\/filles-de-la-charite.org\/fr\/depaul-se-ha-convertido-en-un-hogar\/","og_locale":"fr_FR","og_type":"article","og_title":"\u00ab Depaul est devenu mon foyer \u00bb - Filles de la Charit\u00e9","og_description":"Dieu, accorde-moi la s\u00e9r\u00e9nit\u00e9 pour accepter ce que je ne peux changer, le courage de changer ce que je peux changer et la sagesse d&rsquo;\u00eatre capable de distinguer l&rsquo;un de l&rsquo;autre. Avec les mots de cette pri\u00e8re, nous commen\u00e7ons les rencontres du jeudi pour les femmes sans domicile fixe qui fr\u00e9quentent le Depaul d&rsquo;Odessa. Pour [&hellip;]","og_url":"https:\/\/filles-de-la-charite.org\/fr\/depaul-se-ha-convertido-en-un-hogar\/","og_site_name":"Filles de la Charit\u00e9","article_published_time":"2025-04-12T21:58:57+00:00","og_image":[{"width":2560,"height":1440,"url":"https:\/\/filles-de-la-charite.org\/wp-content\/uploads\/2025\/04\/IMG_20240307_135539-copia-scaled.jpg","type":"image\/jpeg"}],"author":"SOR MARTA","twitter_card":"summary_large_image","twitter_misc":{"\u00c9crit par":"SOR MARTA","Dur\u00e9e de lecture estim\u00e9e":"5 minutes"},"schema":{"@context":"https:\/\/schema.org","@graph":[{"@type":"Article","@id":"https:\/\/filles-de-la-charite.org\/fr\/depaul-se-ha-convertido-en-un-hogar\/#article","isPartOf":{"@id":"https:\/\/filles-de-la-charite.org\/fr\/depaul-se-ha-convertido-en-un-hogar\/"},"author":{"name":"SOR MARTA","@id":"https:\/\/filles-de-la-charite.org\/fr\/#\/schema\/person\/0c922b6ca71280639858d297b3a7209f"},"headline":"\u00ab Depaul est devenu mon foyer \u00bb","datePublished":"2025-04-12T21:58:57+00:00","mainEntityOfPage":{"@id":"https:\/\/filles-de-la-charite.org\/fr\/depaul-se-ha-convertido-en-un-hogar\/"},"wordCount":937,"publisher":{"@id":"https:\/\/filles-de-la-charite.org\/fr\/#organization"},"image":{"@id":"https:\/\/filles-de-la-charite.org\/fr\/depaul-se-ha-convertido-en-un-hogar\/#primaryimage"},"thumbnailUrl":"https:\/\/filles-de-la-charite.org\/wp-content\/uploads\/2025\/04\/IMG_20240307_135539-copia-scaled.jpg","articleSection":["Cracovie"],"inLanguage":"fr-FR"},{"@type":"WebPage","@id":"https:\/\/filles-de-la-charite.org\/fr\/depaul-se-ha-convertido-en-un-hogar\/","url":"https:\/\/filles-de-la-charite.org\/fr\/depaul-se-ha-convertido-en-un-hogar\/","name":"\u00ab Depaul est devenu mon foyer \u00bb - Filles de la Charit\u00e9","isPartOf":{"@id":"https:\/\/filles-de-la-charite.org\/fr\/#website"},"primaryImageOfPage":{"@id":"https:\/\/filles-de-la-charite.org\/fr\/depaul-se-ha-convertido-en-un-hogar\/#primaryimage"},"image":{"@id":"https:\/\/filles-de-la-charite.org\/fr\/depaul-se-ha-convertido-en-un-hogar\/#primaryimage"},"thumbnailUrl":"https:\/\/filles-de-la-charite.org\/wp-content\/uploads\/2025\/04\/IMG_20240307_135539-copia-scaled.jpg","datePublished":"2025-04-12T21:58:57+00:00","breadcrumb":{"@id":"https:\/\/filles-de-la-charite.org\/fr\/depaul-se-ha-convertido-en-un-hogar\/#breadcrumb"},"inLanguage":"fr-FR","potentialAction":[{"@type":"ReadAction","target":["https:\/\/filles-de-la-charite.org\/fr\/depaul-se-ha-convertido-en-un-hogar\/"]}]},{"@type":"ImageObject","inLanguage":"fr-FR","@id":"https:\/\/filles-de-la-charite.org\/fr\/depaul-se-ha-convertido-en-un-hogar\/#primaryimage","url":"https:\/\/filles-de-la-charite.org\/wp-content\/uploads\/2025\/04\/IMG_20240307_135539-copia-scaled.jpg","contentUrl":"https:\/\/filles-de-la-charite.org\/wp-content\/uploads\/2025\/04\/IMG_20240307_135539-copia-scaled.jpg","width":2560,"height":1440,"caption":"????????????????????????????????????????????????????????????????????????????????????????????????????????????????????????????????????????????????????????????????????????????????????????????????????????????????????????????????????????????"},{"@type":"BreadcrumbList","@id":"https:\/\/filles-de-la-charite.org\/fr\/depaul-se-ha-convertido-en-un-hogar\/#breadcrumb","itemListElement":[{"@type":"ListItem","position":1,"name":"Cracovie","item":"https:\/\/filles-de-la-charite.org\/fr\/category\/cracovia-fr\/"},{"@type":"ListItem","position":2,"name":"\u00ab Depaul est devenu mon foyer \u00bb"}]},{"@type":"WebSite","@id":"https:\/\/filles-de-la-charite.org\/fr\/#website","url":"https:\/\/filles-de-la-charite.org\/fr\/","name":"Hijas de la Caridad","description":"L\u2019amour de J\u00e9sus nous presse \u00e0 prendre soin des personnes les plus d\u00e9munies","publisher":{"@id":"https:\/\/filles-de-la-charite.org\/fr\/#organization"},"potentialAction":[{"@type":"SearchAction","target":{"@type":"EntryPoint","urlTemplate":"https:\/\/filles-de-la-charite.org\/fr\/?s={search_term_string}"},"query-input":{"@type":"PropertyValueSpecification","valueRequired":true,"valueName":"search_term_string"}}],"inLanguage":"fr-FR"},{"@type":"Organization","@id":"https:\/\/filles-de-la-charite.org\/fr\/#organization","name":"Hijas de la Caridad","url":"https:\/\/filles-de-la-charite.org\/fr\/","logo":{"@type":"ImageObject","inLanguage":"fr-FR","@id":"https:\/\/filles-de-la-charite.org\/fr\/#\/schema\/logo\/image\/","url":"https:\/\/filles-de-la-charite.org\/wp-content\/uploads\/2023\/03\/isotipo-Hijas-de-la-Caridad.png","contentUrl":"https:\/\/filles-de-la-charite.org\/wp-content\/uploads\/2023\/03\/isotipo-Hijas-de-la-Caridad.png","width":1417,"height":1417,"caption":"Hijas de la Caridad"},"image":{"@id":"https:\/\/filles-de-la-charite.org\/fr\/#\/schema\/logo\/image\/"}},{"@type":"Person","@id":"https:\/\/filles-de-la-charite.org\/fr\/#\/schema\/person\/0c922b6ca71280639858d297b3a7209f","name":"SOR MARTA","image":{"@type":"ImageObject","inLanguage":"fr-FR","@id":"https:\/\/secure.gravatar.com\/avatar\/d2c45b0fd6bf2d3e2670ab3d112257c24ac80fa960360bba1bdc0676485d1d09?s=96&d=mm&r=g","url":"https:\/\/secure.gravatar.com\/avatar\/d2c45b0fd6bf2d3e2670ab3d112257c24ac80fa960360bba1bdc0676485d1d09?s=96&d=mm&r=g","contentUrl":"https:\/\/secure.gravatar.com\/avatar\/d2c45b0fd6bf2d3e2670ab3d112257c24ac80fa960360bba1bdc0676485d1d09?s=96&d=mm&r=g","caption":"SOR MARTA"},"url":"https:\/\/filles-de-la-charite.org\/fr\/author\/martaemn\/"}]}},"_links":{"self":[{"href":"https:\/\/filles-de-la-charite.org\/fr\/wp-json\/wp\/v2\/posts\/42589","targetHints":{"allow":["GET"]}}],"collection":[{"href":"https:\/\/filles-de-la-charite.org\/fr\/wp-json\/wp\/v2\/posts"}],"about":[{"href":"https:\/\/filles-de-la-charite.org\/fr\/wp-json\/wp\/v2\/types\/post"}],"author":[{"embeddable":true,"href":"https:\/\/filles-de-la-charite.org\/fr\/wp-json\/wp\/v2\/users\/5"}],"replies":[{"embeddable":true,"href":"https:\/\/filles-de-la-charite.org\/fr\/wp-json\/wp\/v2\/comments?post=42589"}],"version-history":[{"count":1,"href":"https:\/\/filles-de-la-charite.org\/fr\/wp-json\/wp\/v2\/posts\/42589\/revisions"}],"predecessor-version":[{"id":42601,"href":"https:\/\/filles-de-la-charite.org\/fr\/wp-json\/wp\/v2\/posts\/42589\/revisions\/42601"}],"wp:featuredmedia":[{"embeddable":true,"href":"https:\/\/filles-de-la-charite.org\/fr\/wp-json\/wp\/v2\/media\/42580"}],"wp:attachment":[{"href":"https:\/\/filles-de-la-charite.org\/fr\/wp-json\/wp\/v2\/media?parent=42589"}],"wp:term":[{"taxonomy":"category","embeddable":true,"href":"https:\/\/filles-de-la-charite.org\/fr\/wp-json\/wp\/v2\/categories?post=42589"},{"taxonomy":"post_tag","embeddable":true,"href":"https:\/\/filles-de-la-charite.org\/fr\/wp-json\/wp\/v2\/tags?post=42589"}],"curies":[{"name":"wp","href":"https:\/\/api.w.org\/{rel}","templated":true}]}}