{"id":42927,"date":"2025-05-18T18:18:47","date_gmt":"2025-05-18T16:18:47","guid":{"rendered":"https:\/\/filles-de-la-charite.org\/?p=42927"},"modified":"2025-05-25T18:19:25","modified_gmt":"2025-05-25T16:19:25","slug":"un-dia-de-los-inocentes-diferente","status":"publish","type":"post","link":"https:\/\/filles-de-la-charite.org\/fr\/un-dia-de-los-inocentes-diferente\/","title":{"rendered":"Un poisson d&rsquo;avril pas comme les autres"},"content":{"rendered":"\n<figure class=\"wp-block-image size-large\"><img loading=\"lazy\" decoding=\"async\" width=\"553\" height=\"1024\" src=\"https:\/\/filles-de-la-charite.org\/wp-content\/uploads\/2025\/05\/WhatsApp-Image-2025-05-13-at-21.08.45-2-553x1024.jpeg\" alt=\"\" class=\"wp-image-42919\" srcset=\"https:\/\/filles-de-la-charite.org\/wp-content\/uploads\/2025\/05\/WhatsApp-Image-2025-05-13-at-21.08.45-2-553x1024.jpeg 553w, https:\/\/filles-de-la-charite.org\/wp-content\/uploads\/2025\/05\/WhatsApp-Image-2025-05-13-at-21.08.45-2-480x888.jpeg 480w\" sizes=\"(min-width: 0px) and (max-width: 480px) 480px, (min-width: 481px) 553px, 100vw\" \/><\/figure>\n\n\n\n<p>C&rsquo;\u00e9tait une belle journ\u00e9e de printemps, le 1er avril 2025, ici \u00e0 Manchester. Nous nous sommes r\u00e9veill\u00e9s avec un beau soleil qui illuminait la pi\u00e8ce et j&rsquo;\u00e9tais pr\u00eate \u00e0 aller faire du b\u00e9n\u00e9volat \u00e0 la St. Barnabas Nursery and Primary School \u00e0 Openshaw, Manchester. Cette \u00e9cole compte plus de 200 \u00e9l\u00e8ves et environ 30 membres du personnel. Elle se consacre au service des \u00e9l\u00e8ves en r\u00e9pondant \u00e0 leurs besoins individuels et collectifs.<\/p>\n\n\n\n<p>Bien avant aujourd&rsquo;hui, Joan, membre du personnel de la Maison des S\u0153urs de Hulme et cuisini\u00e8re \u00e0 plein temps \u00e0 St. Barnabas, qui s&rsquo;occupe des repas scolaires, m&rsquo;a demand\u00e9 la recette du riz Jollof africain. J&rsquo;ai cherch\u00e9 la recette en ligne et je la lui ai envoy\u00e9e via WhatsApp. Cependant, elle a insist\u00e9 pour que je lui montre comment le pr\u00e9parer. Avec l&rsquo;autorisation de la directrice p\u00e9dagogique et de son responsable commercial, nous avons convenu que je pourrais venir \u00e0 l&rsquo;\u00e9cole pour faire une d\u00e9monstration, afin que les autres cuisiniers puissent \u00e9galement apprendre.<\/p>\n\n\n\n<p>Les \u00e9l\u00e8ves et le personnel ont \u00e9t\u00e9 inform\u00e9s de ma visite et l&rsquo;\u00e9cole \u00e9tait en effervescence. Joan a achet\u00e9 tous les ingr\u00e9dients n\u00e9cessaires, y compris les cuisses de poulet pour accompagner le riz. \u00c0 10 heures du matin, je suis arriv\u00e9e \u00e0 l&rsquo;\u00e9cole. Apr\u00e8s m&rsquo;\u00eatre inscrite en tant qu&rsquo;invit\u00e9e, conform\u00e9ment \u00e0 la politique en mati\u00e8re de bonnes pratiques, je me suis mise au travail, car nous n&rsquo;avions que deux heures et demie pour pr\u00e9parer le d\u00e9jeuner. La cuisine \u00e9tait un espace mod\u00e9r\u00e9 et compact, \u00e9quip\u00e9 de tout le n\u00e9cessaire. Elle \u00e9tait tr\u00e8s propre et bien organis\u00e9e par le personnel aimable et travailleur, qui travaillait en \u00e9quipe, chacun accomplissant les t\u00e2ches qui lui \u00e9taient assign\u00e9es.<\/p>\n\n\n\n<figure class=\"wp-block-image size-large\"><img loading=\"lazy\" decoding=\"async\" width=\"768\" height=\"1024\" src=\"https:\/\/filles-de-la-charite.org\/wp-content\/uploads\/2025\/05\/WhatsApp-Image-2025-05-13-at-21.08.45-1-768x1024.jpeg\" alt=\"\" class=\"wp-image-42888\" srcset=\"https:\/\/filles-de-la-charite.org\/wp-content\/uploads\/2025\/05\/WhatsApp-Image-2025-05-13-at-21.08.45-1-768x1024.jpeg 768w, https:\/\/filles-de-la-charite.org\/wp-content\/uploads\/2025\/05\/WhatsApp-Image-2025-05-13-at-21.08.45-1-480x640.jpeg 480w\" sizes=\"(min-width: 0px) and (max-width: 480px) 480px, (min-width: 481px) 768px, 100vw\" \/><\/figure>\n\n\n\n<p>Nous avons d&rsquo;abord lav\u00e9, assaisonn\u00e9 et mis les cuisses de poulet au four pour les faire r\u00f4tir. En peu de temps, une d\u00e9licieuse odeur s&rsquo;est r\u00e9pandue dans l&rsquo;air. Pendant ce temps, j&rsquo;ai fait bouillir le riz, je l&rsquo;ai lav\u00e9 et assaisonn\u00e9, puis je l&rsquo;ai mis dans un cuiseur vapeur. Comme je n&rsquo;\u00e9tais pas habitu\u00e9e \u00e0 la cuisson \u00e0 la vapeur, je m&rsquo;inqui\u00e9tais un peu de la fa\u00e7on dont l&rsquo;eau du riz allait s&rsquo;\u00e9vaporer. Mais tout s&rsquo;est bien pass\u00e9 et tout \u00e9tait pr\u00eat \u00e0 l&rsquo;heure. Les \u00e9l\u00e8ves sont entr\u00e9s tour \u00e0 tour dans la salle \u00e0 manger, tous avec un sourire radieux et une expression enthousiaste. Ceux qui connaissaient le riz Jollof ont appr\u00e9ci\u00e9 chaque bouch\u00e9e, tandis que ceux qui le go\u00fbtaient pour la premi\u00e8re fois ont approuv\u00e9 son go\u00fbt. J&rsquo;\u00e9tais satisfaite du r\u00e9sultat.<\/p>\n\n\n\n<p>En faisant un petit tour dans l&rsquo;\u00e9cole, j&rsquo;ai \u00e9t\u00e9 fascin\u00e9e par quelques pr\u00e9sentoirs dans la salle \u00e0 manger contenant du mat\u00e9riel destin\u00e9 \u00e0 transmettre la foi et \u00e0 rappeler aux enfants que <strong>Dieu est pr\u00e9sent dans cet endroit.<\/strong><\/p>\n\n\n\n<figure class=\"wp-block-image size-large\"><img loading=\"lazy\" decoding=\"async\" width=\"768\" height=\"1024\" src=\"https:\/\/filles-de-la-charite.org\/wp-content\/uploads\/2025\/05\/WhatsApp-Image-2025-05-13-at-21.08.45--768x1024.jpeg\" alt=\"\" class=\"wp-image-42900\" srcset=\"https:\/\/filles-de-la-charite.org\/wp-content\/uploads\/2025\/05\/WhatsApp-Image-2025-05-13-at-21.08.45--768x1024.jpeg 768w, https:\/\/filles-de-la-charite.org\/wp-content\/uploads\/2025\/05\/WhatsApp-Image-2025-05-13-at-21.08.45--480x640.jpeg 480w\" sizes=\"(min-width: 0px) and (max-width: 480px) 480px, (min-width: 481px) 768px, 100vw\" \/><\/figure>\n\n\n\n<p>Il n&rsquo;y avait pas de meilleure fa\u00e7on de passer une journ\u00e9e agr\u00e9able en faisant ce que j&rsquo;aime vraiment faire. Avant de quitter l&rsquo;\u00e9cole, j&rsquo;ai rendu une br\u00e8ve visite aux \u00e9l\u00e8ves de sixi\u00e8me ann\u00e9e, qui ont \u00e9t\u00e9 tr\u00e8s gentils et d\u00e9sireux d&rsquo;exprimer leur gratitude pour le service qui leur a \u00e9t\u00e9 rendu. Entre-temps, nous avons convenu avec la directrice que, \u00e0 mon retour de Gen\u00e8ve, je pourrais venir faire quelques s\u00e9ances avec les \u00e9l\u00e8ves de derni\u00e8re ann\u00e9e sur mon travail aux Nations unies et \u00e9galement lancer un club de cuisine pour ceux qui souhaiteraient en savoir plus sur l&rsquo;art culinaire. Ce sera un grand plaisir pour moi de partager certaines comp\u00e9tences qui peuvent apporter du bonheur et nourrir la valeur de l&rsquo;hospitalit\u00e9 et de l&rsquo;interculturalit\u00e9 parmi les jeunes, ainsi qu&rsquo;un moyen d&rsquo;appliquer \u00ab la cr\u00e9ativit\u00e9 \u00e0 l&rsquo;infini \u00bb.<\/p>\n\n\n\n<figure class=\"wp-block-image size-large\"><img loading=\"lazy\" decoding=\"async\" width=\"768\" height=\"1024\" src=\"https:\/\/filles-de-la-charite.org\/wp-content\/uploads\/2025\/05\/WhatsApp-Image-2025-05-13-at-21.08.44-1-768x1024.jpeg\" alt=\"\" class=\"wp-image-42907\" srcset=\"https:\/\/filles-de-la-charite.org\/wp-content\/uploads\/2025\/05\/WhatsApp-Image-2025-05-13-at-21.08.44-1-768x1024.jpeg 768w, https:\/\/filles-de-la-charite.org\/wp-content\/uploads\/2025\/05\/WhatsApp-Image-2025-05-13-at-21.08.44-1-480x640.jpeg 480w\" sizes=\"(min-width: 0px) and (max-width: 480px) 480px, (min-width: 481px) 768px, 100vw\" \/><\/figure>\n\n\n\n<p><em>Sr Franca Edet, Fille de la Charit\u00e9<\/em><\/p>\n","protected":false},"excerpt":{"rendered":"<p>C&rsquo;\u00e9tait une belle journ\u00e9e de printemps, le 1er avril 2025, ici \u00e0 Manchester. Nous nous sommes r\u00e9veill\u00e9s avec un beau soleil qui illuminait la pi\u00e8ce et j&rsquo;\u00e9tais pr\u00eate \u00e0 aller faire du b\u00e9n\u00e9volat \u00e0 la St. Barnabas Nursery and Primary School \u00e0 Openshaw, Manchester. Cette \u00e9cole compte plus de 200 \u00e9l\u00e8ves et environ 30 membres [&hellip;]<\/p>\n","protected":false},"author":5,"featured_media":42915,"comment_status":"closed","ping_status":"closed","sticky":false,"template":"","format":"standard","meta":{"_acf_changed":false,"_et_pb_use_builder":"","_et_pb_old_content":"","_et_gb_content_width":"","footnotes":"","_links_to":"","_links_to_target":""},"categories":[673],"tags":[],"class_list":["post-42927","post","type-post","status-publish","format-standard","has-post-thumbnail","hentry","category-rosalie-rendu-royaume-uni-et-australie-fr"],"acf":[],"yoast_head":"<!-- This site is optimized with the Yoast SEO plugin v27.5 - https:\/\/yoast.com\/product\/yoast-seo-wordpress\/ -->\n<title>Un poisson d&#039;avril pas comme les autres - Filles de la Charit\u00e9<\/title>\n<meta name=\"robots\" content=\"index, follow, max-snippet:-1, max-image-preview:large, max-video-preview:-1\" \/>\n<link rel=\"canonical\" href=\"https:\/\/filles-de-la-charite.org\/fr\/un-dia-de-los-inocentes-diferente\/\" \/>\n<meta property=\"og:locale\" content=\"fr_FR\" \/>\n<meta property=\"og:type\" content=\"article\" \/>\n<meta property=\"og:title\" content=\"Un poisson d&#039;avril pas comme les autres - Filles de la Charit\u00e9\" \/>\n<meta property=\"og:description\" content=\"C&rsquo;\u00e9tait une belle journ\u00e9e de printemps, le 1er avril 2025, ici \u00e0 Manchester. Nous nous sommes r\u00e9veill\u00e9s avec un beau soleil qui illuminait la pi\u00e8ce et j&rsquo;\u00e9tais pr\u00eate \u00e0 aller faire du b\u00e9n\u00e9volat \u00e0 la St. Barnabas Nursery and Primary School \u00e0 Openshaw, Manchester. Cette \u00e9cole compte plus de 200 \u00e9l\u00e8ves et environ 30 membres [&hellip;]\" \/>\n<meta property=\"og:url\" content=\"https:\/\/filles-de-la-charite.org\/fr\/un-dia-de-los-inocentes-diferente\/\" \/>\n<meta property=\"og:site_name\" content=\"Filles de la Charit\u00e9\" \/>\n<meta property=\"article:published_time\" content=\"2025-05-18T16:18:47+00:00\" \/>\n<meta property=\"article:modified_time\" content=\"2025-05-25T16:19:25+00:00\" \/>\n<meta property=\"og:image\" content=\"https:\/\/filles-de-la-charite.org\/wp-content\/uploads\/2025\/05\/WhatsApp-Image-2025-05-13-at-21.08.44.jpeg\" \/>\n\t<meta property=\"og:image:width\" content=\"960\" \/>\n\t<meta property=\"og:image:height\" content=\"1280\" \/>\n\t<meta property=\"og:image:type\" content=\"image\/jpeg\" \/>\n<meta name=\"author\" content=\"SOR MARTA\" \/>\n<meta name=\"twitter:card\" content=\"summary_large_image\" \/>\n<meta name=\"twitter:label1\" content=\"\u00c9crit par\" \/>\n\t<meta name=\"twitter:data1\" content=\"SOR MARTA\" \/>\n\t<meta name=\"twitter:label2\" content=\"Dur\u00e9e de lecture estim\u00e9e\" \/>\n\t<meta name=\"twitter:data2\" content=\"4 minutes\" \/>\n<script type=\"application\/ld+json\" class=\"yoast-schema-graph\">{\"@context\":\"https:\\\/\\\/schema.org\",\"@graph\":[{\"@type\":\"Article\",\"@id\":\"https:\\\/\\\/filles-de-la-charite.org\\\/fr\\\/un-dia-de-los-inocentes-diferente\\\/#article\",\"isPartOf\":{\"@id\":\"https:\\\/\\\/filles-de-la-charite.org\\\/fr\\\/un-dia-de-los-inocentes-diferente\\\/\"},\"author\":{\"name\":\"SOR MARTA\",\"@id\":\"https:\\\/\\\/filles-de-la-charite.org\\\/fr\\\/#\\\/schema\\\/person\\\/0c922b6ca71280639858d297b3a7209f\"},\"headline\":\"Un poisson d&rsquo;avril pas comme les autres\",\"datePublished\":\"2025-05-18T16:18:47+00:00\",\"dateModified\":\"2025-05-25T16:19:25+00:00\",\"mainEntityOfPage\":{\"@id\":\"https:\\\/\\\/filles-de-la-charite.org\\\/fr\\\/un-dia-de-los-inocentes-diferente\\\/\"},\"wordCount\":682,\"publisher\":{\"@id\":\"https:\\\/\\\/filles-de-la-charite.org\\\/fr\\\/#organization\"},\"image\":{\"@id\":\"https:\\\/\\\/filles-de-la-charite.org\\\/fr\\\/un-dia-de-los-inocentes-diferente\\\/#primaryimage\"},\"thumbnailUrl\":\"https:\\\/\\\/filles-de-la-charite.org\\\/wp-content\\\/uploads\\\/2025\\\/05\\\/WhatsApp-Image-2025-05-13-at-21.08.44.jpeg\",\"articleSection\":[\"Rosalie Rendu - Royaume-Uni et Australie\"],\"inLanguage\":\"fr-FR\"},{\"@type\":\"WebPage\",\"@id\":\"https:\\\/\\\/filles-de-la-charite.org\\\/fr\\\/un-dia-de-los-inocentes-diferente\\\/\",\"url\":\"https:\\\/\\\/filles-de-la-charite.org\\\/fr\\\/un-dia-de-los-inocentes-diferente\\\/\",\"name\":\"Un poisson d'avril pas comme les autres - Filles de la Charit\u00e9\",\"isPartOf\":{\"@id\":\"https:\\\/\\\/filles-de-la-charite.org\\\/fr\\\/#website\"},\"primaryImageOfPage\":{\"@id\":\"https:\\\/\\\/filles-de-la-charite.org\\\/fr\\\/un-dia-de-los-inocentes-diferente\\\/#primaryimage\"},\"image\":{\"@id\":\"https:\\\/\\\/filles-de-la-charite.org\\\/fr\\\/un-dia-de-los-inocentes-diferente\\\/#primaryimage\"},\"thumbnailUrl\":\"https:\\\/\\\/filles-de-la-charite.org\\\/wp-content\\\/uploads\\\/2025\\\/05\\\/WhatsApp-Image-2025-05-13-at-21.08.44.jpeg\",\"datePublished\":\"2025-05-18T16:18:47+00:00\",\"dateModified\":\"2025-05-25T16:19:25+00:00\",\"breadcrumb\":{\"@id\":\"https:\\\/\\\/filles-de-la-charite.org\\\/fr\\\/un-dia-de-los-inocentes-diferente\\\/#breadcrumb\"},\"inLanguage\":\"fr-FR\",\"potentialAction\":[{\"@type\":\"ReadAction\",\"target\":[\"https:\\\/\\\/filles-de-la-charite.org\\\/fr\\\/un-dia-de-los-inocentes-diferente\\\/\"]}]},{\"@type\":\"ImageObject\",\"inLanguage\":\"fr-FR\",\"@id\":\"https:\\\/\\\/filles-de-la-charite.org\\\/fr\\\/un-dia-de-los-inocentes-diferente\\\/#primaryimage\",\"url\":\"https:\\\/\\\/filles-de-la-charite.org\\\/wp-content\\\/uploads\\\/2025\\\/05\\\/WhatsApp-Image-2025-05-13-at-21.08.44.jpeg\",\"contentUrl\":\"https:\\\/\\\/filles-de-la-charite.org\\\/wp-content\\\/uploads\\\/2025\\\/05\\\/WhatsApp-Image-2025-05-13-at-21.08.44.jpeg\",\"width\":960,\"height\":1280},{\"@type\":\"BreadcrumbList\",\"@id\":\"https:\\\/\\\/filles-de-la-charite.org\\\/fr\\\/un-dia-de-los-inocentes-diferente\\\/#breadcrumb\",\"itemListElement\":[{\"@type\":\"ListItem\",\"position\":1,\"name\":\"Rosalie Rendu - Royaume-Uni et Australie\",\"item\":\"https:\\\/\\\/filles-de-la-charite.org\\\/fr\\\/category\\\/rosalie-rendu-royaume-uni-et-australie-fr\\\/\"},{\"@type\":\"ListItem\",\"position\":2,\"name\":\"Un poisson d&#8217;avril pas comme les autres\"}]},{\"@type\":\"WebSite\",\"@id\":\"https:\\\/\\\/filles-de-la-charite.org\\\/fr\\\/#website\",\"url\":\"https:\\\/\\\/filles-de-la-charite.org\\\/fr\\\/\",\"name\":\"Hijas de la Caridad\",\"description\":\"L\u2019amour de J\u00e9sus nous presse \u00e0 prendre soin des personnes les plus d\u00e9munies\",\"publisher\":{\"@id\":\"https:\\\/\\\/filles-de-la-charite.org\\\/fr\\\/#organization\"},\"potentialAction\":[{\"@type\":\"SearchAction\",\"target\":{\"@type\":\"EntryPoint\",\"urlTemplate\":\"https:\\\/\\\/filles-de-la-charite.org\\\/fr\\\/?s={search_term_string}\"},\"query-input\":{\"@type\":\"PropertyValueSpecification\",\"valueRequired\":true,\"valueName\":\"search_term_string\"}}],\"inLanguage\":\"fr-FR\"},{\"@type\":\"Organization\",\"@id\":\"https:\\\/\\\/filles-de-la-charite.org\\\/fr\\\/#organization\",\"name\":\"Hijas de la Caridad\",\"url\":\"https:\\\/\\\/filles-de-la-charite.org\\\/fr\\\/\",\"logo\":{\"@type\":\"ImageObject\",\"inLanguage\":\"fr-FR\",\"@id\":\"https:\\\/\\\/filles-de-la-charite.org\\\/fr\\\/#\\\/schema\\\/logo\\\/image\\\/\",\"url\":\"https:\\\/\\\/filles-de-la-charite.org\\\/wp-content\\\/uploads\\\/2023\\\/03\\\/isotipo-Hijas-de-la-Caridad.png\",\"contentUrl\":\"https:\\\/\\\/filles-de-la-charite.org\\\/wp-content\\\/uploads\\\/2023\\\/03\\\/isotipo-Hijas-de-la-Caridad.png\",\"width\":1417,\"height\":1417,\"caption\":\"Hijas de la Caridad\"},\"image\":{\"@id\":\"https:\\\/\\\/filles-de-la-charite.org\\\/fr\\\/#\\\/schema\\\/logo\\\/image\\\/\"}},{\"@type\":\"Person\",\"@id\":\"https:\\\/\\\/filles-de-la-charite.org\\\/fr\\\/#\\\/schema\\\/person\\\/0c922b6ca71280639858d297b3a7209f\",\"name\":\"SOR MARTA\",\"image\":{\"@type\":\"ImageObject\",\"inLanguage\":\"fr-FR\",\"@id\":\"https:\\\/\\\/secure.gravatar.com\\\/avatar\\\/d2c45b0fd6bf2d3e2670ab3d112257c24ac80fa960360bba1bdc0676485d1d09?s=96&d=mm&r=g\",\"url\":\"https:\\\/\\\/secure.gravatar.com\\\/avatar\\\/d2c45b0fd6bf2d3e2670ab3d112257c24ac80fa960360bba1bdc0676485d1d09?s=96&d=mm&r=g\",\"contentUrl\":\"https:\\\/\\\/secure.gravatar.com\\\/avatar\\\/d2c45b0fd6bf2d3e2670ab3d112257c24ac80fa960360bba1bdc0676485d1d09?s=96&d=mm&r=g\",\"caption\":\"SOR MARTA\"},\"url\":\"https:\\\/\\\/filles-de-la-charite.org\\\/fr\\\/author\\\/martaemn\\\/\"}]}<\/script>\n<!-- \/ Yoast SEO plugin. -->","yoast_head_json":{"title":"Un poisson d'avril pas comme les autres - Filles de la Charit\u00e9","robots":{"index":"index","follow":"follow","max-snippet":"max-snippet:-1","max-image-preview":"max-image-preview:large","max-video-preview":"max-video-preview:-1"},"canonical":"https:\/\/filles-de-la-charite.org\/fr\/un-dia-de-los-inocentes-diferente\/","og_locale":"fr_FR","og_type":"article","og_title":"Un poisson d'avril pas comme les autres - Filles de la Charit\u00e9","og_description":"C&rsquo;\u00e9tait une belle journ\u00e9e de printemps, le 1er avril 2025, ici \u00e0 Manchester. Nous nous sommes r\u00e9veill\u00e9s avec un beau soleil qui illuminait la pi\u00e8ce et j&rsquo;\u00e9tais pr\u00eate \u00e0 aller faire du b\u00e9n\u00e9volat \u00e0 la St. Barnabas Nursery and Primary School \u00e0 Openshaw, Manchester. Cette \u00e9cole compte plus de 200 \u00e9l\u00e8ves et environ 30 membres [&hellip;]","og_url":"https:\/\/filles-de-la-charite.org\/fr\/un-dia-de-los-inocentes-diferente\/","og_site_name":"Filles de la Charit\u00e9","article_published_time":"2025-05-18T16:18:47+00:00","article_modified_time":"2025-05-25T16:19:25+00:00","og_image":[{"width":960,"height":1280,"url":"https:\/\/filles-de-la-charite.org\/wp-content\/uploads\/2025\/05\/WhatsApp-Image-2025-05-13-at-21.08.44.jpeg","type":"image\/jpeg"}],"author":"SOR MARTA","twitter_card":"summary_large_image","twitter_misc":{"\u00c9crit par":"SOR MARTA","Dur\u00e9e de lecture estim\u00e9e":"4 minutes"},"schema":{"@context":"https:\/\/schema.org","@graph":[{"@type":"Article","@id":"https:\/\/filles-de-la-charite.org\/fr\/un-dia-de-los-inocentes-diferente\/#article","isPartOf":{"@id":"https:\/\/filles-de-la-charite.org\/fr\/un-dia-de-los-inocentes-diferente\/"},"author":{"name":"SOR MARTA","@id":"https:\/\/filles-de-la-charite.org\/fr\/#\/schema\/person\/0c922b6ca71280639858d297b3a7209f"},"headline":"Un poisson d&rsquo;avril pas comme les autres","datePublished":"2025-05-18T16:18:47+00:00","dateModified":"2025-05-25T16:19:25+00:00","mainEntityOfPage":{"@id":"https:\/\/filles-de-la-charite.org\/fr\/un-dia-de-los-inocentes-diferente\/"},"wordCount":682,"publisher":{"@id":"https:\/\/filles-de-la-charite.org\/fr\/#organization"},"image":{"@id":"https:\/\/filles-de-la-charite.org\/fr\/un-dia-de-los-inocentes-diferente\/#primaryimage"},"thumbnailUrl":"https:\/\/filles-de-la-charite.org\/wp-content\/uploads\/2025\/05\/WhatsApp-Image-2025-05-13-at-21.08.44.jpeg","articleSection":["Rosalie Rendu - Royaume-Uni et Australie"],"inLanguage":"fr-FR"},{"@type":"WebPage","@id":"https:\/\/filles-de-la-charite.org\/fr\/un-dia-de-los-inocentes-diferente\/","url":"https:\/\/filles-de-la-charite.org\/fr\/un-dia-de-los-inocentes-diferente\/","name":"Un poisson d'avril pas comme les autres - Filles de la Charit\u00e9","isPartOf":{"@id":"https:\/\/filles-de-la-charite.org\/fr\/#website"},"primaryImageOfPage":{"@id":"https:\/\/filles-de-la-charite.org\/fr\/un-dia-de-los-inocentes-diferente\/#primaryimage"},"image":{"@id":"https:\/\/filles-de-la-charite.org\/fr\/un-dia-de-los-inocentes-diferente\/#primaryimage"},"thumbnailUrl":"https:\/\/filles-de-la-charite.org\/wp-content\/uploads\/2025\/05\/WhatsApp-Image-2025-05-13-at-21.08.44.jpeg","datePublished":"2025-05-18T16:18:47+00:00","dateModified":"2025-05-25T16:19:25+00:00","breadcrumb":{"@id":"https:\/\/filles-de-la-charite.org\/fr\/un-dia-de-los-inocentes-diferente\/#breadcrumb"},"inLanguage":"fr-FR","potentialAction":[{"@type":"ReadAction","target":["https:\/\/filles-de-la-charite.org\/fr\/un-dia-de-los-inocentes-diferente\/"]}]},{"@type":"ImageObject","inLanguage":"fr-FR","@id":"https:\/\/filles-de-la-charite.org\/fr\/un-dia-de-los-inocentes-diferente\/#primaryimage","url":"https:\/\/filles-de-la-charite.org\/wp-content\/uploads\/2025\/05\/WhatsApp-Image-2025-05-13-at-21.08.44.jpeg","contentUrl":"https:\/\/filles-de-la-charite.org\/wp-content\/uploads\/2025\/05\/WhatsApp-Image-2025-05-13-at-21.08.44.jpeg","width":960,"height":1280},{"@type":"BreadcrumbList","@id":"https:\/\/filles-de-la-charite.org\/fr\/un-dia-de-los-inocentes-diferente\/#breadcrumb","itemListElement":[{"@type":"ListItem","position":1,"name":"Rosalie Rendu - Royaume-Uni et Australie","item":"https:\/\/filles-de-la-charite.org\/fr\/category\/rosalie-rendu-royaume-uni-et-australie-fr\/"},{"@type":"ListItem","position":2,"name":"Un poisson d&#8217;avril pas comme les autres"}]},{"@type":"WebSite","@id":"https:\/\/filles-de-la-charite.org\/fr\/#website","url":"https:\/\/filles-de-la-charite.org\/fr\/","name":"Hijas de la Caridad","description":"L\u2019amour de J\u00e9sus nous presse \u00e0 prendre soin des personnes les plus d\u00e9munies","publisher":{"@id":"https:\/\/filles-de-la-charite.org\/fr\/#organization"},"potentialAction":[{"@type":"SearchAction","target":{"@type":"EntryPoint","urlTemplate":"https:\/\/filles-de-la-charite.org\/fr\/?s={search_term_string}"},"query-input":{"@type":"PropertyValueSpecification","valueRequired":true,"valueName":"search_term_string"}}],"inLanguage":"fr-FR"},{"@type":"Organization","@id":"https:\/\/filles-de-la-charite.org\/fr\/#organization","name":"Hijas de la Caridad","url":"https:\/\/filles-de-la-charite.org\/fr\/","logo":{"@type":"ImageObject","inLanguage":"fr-FR","@id":"https:\/\/filles-de-la-charite.org\/fr\/#\/schema\/logo\/image\/","url":"https:\/\/filles-de-la-charite.org\/wp-content\/uploads\/2023\/03\/isotipo-Hijas-de-la-Caridad.png","contentUrl":"https:\/\/filles-de-la-charite.org\/wp-content\/uploads\/2023\/03\/isotipo-Hijas-de-la-Caridad.png","width":1417,"height":1417,"caption":"Hijas de la Caridad"},"image":{"@id":"https:\/\/filles-de-la-charite.org\/fr\/#\/schema\/logo\/image\/"}},{"@type":"Person","@id":"https:\/\/filles-de-la-charite.org\/fr\/#\/schema\/person\/0c922b6ca71280639858d297b3a7209f","name":"SOR MARTA","image":{"@type":"ImageObject","inLanguage":"fr-FR","@id":"https:\/\/secure.gravatar.com\/avatar\/d2c45b0fd6bf2d3e2670ab3d112257c24ac80fa960360bba1bdc0676485d1d09?s=96&d=mm&r=g","url":"https:\/\/secure.gravatar.com\/avatar\/d2c45b0fd6bf2d3e2670ab3d112257c24ac80fa960360bba1bdc0676485d1d09?s=96&d=mm&r=g","contentUrl":"https:\/\/secure.gravatar.com\/avatar\/d2c45b0fd6bf2d3e2670ab3d112257c24ac80fa960360bba1bdc0676485d1d09?s=96&d=mm&r=g","caption":"SOR MARTA"},"url":"https:\/\/filles-de-la-charite.org\/fr\/author\/martaemn\/"}]}},"_links":{"self":[{"href":"https:\/\/filles-de-la-charite.org\/fr\/wp-json\/wp\/v2\/posts\/42927","targetHints":{"allow":["GET"]}}],"collection":[{"href":"https:\/\/filles-de-la-charite.org\/fr\/wp-json\/wp\/v2\/posts"}],"about":[{"href":"https:\/\/filles-de-la-charite.org\/fr\/wp-json\/wp\/v2\/types\/post"}],"author":[{"embeddable":true,"href":"https:\/\/filles-de-la-charite.org\/fr\/wp-json\/wp\/v2\/users\/5"}],"replies":[{"embeddable":true,"href":"https:\/\/filles-de-la-charite.org\/fr\/wp-json\/wp\/v2\/comments?post=42927"}],"version-history":[{"count":2,"href":"https:\/\/filles-de-la-charite.org\/fr\/wp-json\/wp\/v2\/posts\/42927\/revisions"}],"predecessor-version":[{"id":43342,"href":"https:\/\/filles-de-la-charite.org\/fr\/wp-json\/wp\/v2\/posts\/42927\/revisions\/43342"}],"wp:featuredmedia":[{"embeddable":true,"href":"https:\/\/filles-de-la-charite.org\/fr\/wp-json\/wp\/v2\/media\/42915"}],"wp:attachment":[{"href":"https:\/\/filles-de-la-charite.org\/fr\/wp-json\/wp\/v2\/media?parent=42927"}],"wp:term":[{"taxonomy":"category","embeddable":true,"href":"https:\/\/filles-de-la-charite.org\/fr\/wp-json\/wp\/v2\/categories?post=42927"},{"taxonomy":"post_tag","embeddable":true,"href":"https:\/\/filles-de-la-charite.org\/fr\/wp-json\/wp\/v2\/tags?post=42927"}],"curies":[{"name":"wp","href":"https:\/\/api.w.org\/{rel}","templated":true}]}}