{"id":43525,"date":"2025-05-26T08:40:00","date_gmt":"2025-05-26T06:40:00","guid":{"rendered":"https:\/\/filles-de-la-charite.org\/encuentro-para-la-revision-apostolica\/"},"modified":"2025-05-26T23:58:49","modified_gmt":"2025-05-26T21:58:49","slug":"encuentro-para-la-revision-apostolica","status":"publish","type":"post","link":"https:\/\/filles-de-la-charite.org\/fr\/encuentro-para-la-revision-apostolica\/","title":{"rendered":"Rencontre de r\u00e9vision apostolique"},"content":{"rendered":"\n<p>La Rencontre de r\u00e9vision apostolique s&rsquo;est d\u00e9roul\u00e9e \u00e0 la Maison provinciale des Filles de la Charit\u00e9 \u00e0 Bel\u00e9m, dans l&rsquo;\u00c9tat du Par\u00e1, du 24 au 27 avril 2025. Trente et une S\u0153urs repr\u00e9sentant les communaut\u00e9s de la Province Amazonienne y ont particip\u00e9. Lors de l&rsquo;ouverture, nous avons confi\u00e9 cette rencontre \u00e0 la protection de Notre-Dame de Gr\u00e2ce lors d&rsquo;une messe c\u00e9l\u00e9br\u00e9e dans la chapelle de la M\u00e9daille miraculeuse.<\/p>\n\n\n\n<figure class=\"wp-block-image size-large\"><img loading=\"lazy\" decoding=\"async\" width=\"1024\" height=\"712\" src=\"https:\/\/filles-de-la-charite.org\/wp-content\/uploads\/2025\/05\/IMG-20250512-WA0006-1024x712.jpg\" alt=\"\" class=\"wp-image-42961\" srcset=\"https:\/\/filles-de-la-charite.org\/wp-content\/uploads\/2025\/05\/IMG-20250512-WA0006-1024x712.jpg 1024w, https:\/\/filles-de-la-charite.org\/wp-content\/uploads\/2025\/05\/IMG-20250512-WA0006-980x681.jpg 980w, https:\/\/filles-de-la-charite.org\/wp-content\/uploads\/2025\/05\/IMG-20250512-WA0006-480x334.jpg 480w\" sizes=\"(min-width: 0px) and (max-width: 480px) 480px, (min-width: 481px) and (max-width: 980px) 980px, (min-width: 981px) 1024px, 100vw\" \/><\/figure>\n\n\n\n<p>Toutes les participantes ont \u00e9t\u00e9 dynamis\u00e9es par le th\u00e8me \u00ab Raviver la flamme vivante de l&rsquo;esp\u00e9rance \u00bb, en harmonie avec l&rsquo;Ann\u00e9e jubilaire. Les sous-th\u00e8mes propos\u00e9s ont permis de passer en revue le cheminement apostolique des Filles de la Charit\u00e9, en abordant les aspects physiques, \u00e9motionnels, spirituels et missionnaires. En effet, pour mieux servir, il est essentiel d&rsquo;\u00eatre bien dans sa peau, d&rsquo;\u00eatre attentive aux d\u00e9fis du temps pr\u00e9sent et de chercher des r\u00e9ponses pour renforcer les piliers de notre vocation.<\/p>\n\n\n\n<figure class=\"wp-block-image size-large\"><img loading=\"lazy\" decoding=\"async\" width=\"1024\" height=\"768\" src=\"https:\/\/filles-de-la-charite.org\/wp-content\/uploads\/2025\/05\/IMG-20250429-WA0032-1024x768.jpg\" alt=\"\" class=\"wp-image-42975\" srcset=\"https:\/\/filles-de-la-charite.org\/wp-content\/uploads\/2025\/05\/IMG-20250429-WA0032-980x735.jpg 980w, https:\/\/filles-de-la-charite.org\/wp-content\/uploads\/2025\/05\/IMG-20250429-WA0032-480x360.jpg 480w\" sizes=\"(min-width: 0px) and (max-width: 480px) 480px, (min-width: 481px) and (max-width: 980px) 980px, (min-width: 981px) 1024px, 100vw\" \/><\/figure>\n\n\n\n<p>Mues par la flamme vivante de l&rsquo;esp\u00e9rance, les S\u0153urs se sont lanc\u00e9es dans un p\u00e8lerinage, visitant les \u00e9glises historiques de Bel\u00e9m, passant par la Porte Sainte de la cath\u00e9drale de la S\u00e9 et ouvrant leur c\u0153ur pour recevoir les indulgences de cette Ann\u00e9e Sainte du Jubil\u00e9 de l&rsquo;Esp\u00e9rance. Cette exp\u00e9rience spirituelle profonde a \u00e9t\u00e9 accompagn\u00e9e d&rsquo;une appr\u00e9ciation contemplative de la beaut\u00e9 de l&rsquo;histoire de notre \u00c9glise, ainsi que du renforcement des relations fraternelles entre les S\u0153urs, favorisant une v\u00e9ritable \u00ab culture de la rencontre \u00bb.<\/p>\n\n\n\n<figure class=\"wp-block-image size-large\"><img loading=\"lazy\" decoding=\"async\" width=\"1024\" height=\"768\" src=\"https:\/\/filles-de-la-charite.org\/wp-content\/uploads\/2025\/05\/IMG-20250429-WA0031-1024x768.jpg\" alt=\"\" class=\"wp-image-42968\" srcset=\"https:\/\/filles-de-la-charite.org\/wp-content\/uploads\/2025\/05\/IMG-20250429-WA0031-980x735.jpg 980w, https:\/\/filles-de-la-charite.org\/wp-content\/uploads\/2025\/05\/IMG-20250429-WA0031-480x360.jpg 480w\" sizes=\"(min-width: 0px) and (max-width: 480px) 480px, (min-width: 481px) and (max-width: 980px) 980px, (min-width: 981px) 1024px, 100vw\" \/><\/figure>\n\n\n\n<p>La rencontre a \u00e9t\u00e9 enrichie par de nombreux \u00ab signes d&rsquo;esp\u00e9rance \u00bb exprim\u00e9s \u00e0 travers le partage dynamique des exp\u00e9riences missionnaires des communaut\u00e9s amazoniennes, symbolis\u00e9es par des bateaux et des ancres, qui sont profond\u00e9ment repr\u00e9sentatifs de notre r\u00e9alit\u00e9 amazonienne. Comme il est merveilleux d&rsquo;\u00eatre t\u00e9moin du d\u00e9vouement de chaque S\u0153ur dans sa mission de maintenir vivante la flamme de l&rsquo;amour pour J\u00e9sus-Christ dans la personne des pauvres !<\/p>\n\n\n\n<p>Lors de la c\u00e9l\u00e9bration eucharistique de cl\u00f4ture, nous avons uni nos pri\u00e8res pour louer Dieu en cette f\u00eate de la Divine Mis\u00e9ricorde. Le c\u0153ur renouvel\u00e9 par ces journ\u00e9es de formation et de r\u00e9flexion apostolique, nous avons senti grandir l&rsquo;esprit de communion et la joie de la mission nous pousser en avant, ravivant la flamme vivante de l&rsquo;esp\u00e9rance pour continuer \u00e0 servir les pauvres, la raison de notre vocation.<\/p>\n\n\n\n<figure class=\"wp-block-image size-large\"><img loading=\"lazy\" decoding=\"async\" width=\"1024\" height=\"768\" src=\"https:\/\/filles-de-la-charite.org\/wp-content\/uploads\/2025\/05\/IMG-20250427-WA0013-1024x768.jpg\" alt=\"\" class=\"wp-image-42962\" srcset=\"https:\/\/filles-de-la-charite.org\/wp-content\/uploads\/2025\/05\/IMG-20250427-WA0013-980x735.jpg 980w, https:\/\/filles-de-la-charite.org\/wp-content\/uploads\/2025\/05\/IMG-20250427-WA0013-480x360.jpg 480w\" sizes=\"(min-width: 0px) and (max-width: 480px) 480px, (min-width: 481px) and (max-width: 980px) 980px, (min-width: 981px) 1024px, 100vw\" \/><\/figure>\n","protected":false},"excerpt":{"rendered":"<p>La Rencontre de r\u00e9vision apostolique s&rsquo;est d\u00e9roul\u00e9e \u00e0 la Maison provinciale des Filles de la Charit\u00e9 \u00e0 Bel\u00e9m, dans l&rsquo;\u00c9tat du Par\u00e1, du 24 au 27 avril 2025. Trente et une S\u0153urs repr\u00e9sentant les communaut\u00e9s de la Province Amazonienne y ont particip\u00e9. Lors de l&rsquo;ouverture, nous avons confi\u00e9 cette rencontre \u00e0 la protection de Notre-Dame [&hellip;]<\/p>\n","protected":false},"author":5,"featured_media":42983,"comment_status":"closed","ping_status":"closed","sticky":false,"template":"","format":"standard","meta":{"_acf_changed":false,"_et_pb_use_builder":"","_et_pb_old_content":"","_et_gb_content_width":"","footnotes":"","_links_to":"","_links_to_target":""},"categories":[885],"tags":[],"class_list":["post-43525","post","type-post","status-publish","format-standard","has-post-thumbnail","hentry","category-amazonie"],"acf":[],"yoast_head":"<!-- This site is optimized with the Yoast SEO plugin v27.5 - https:\/\/yoast.com\/product\/yoast-seo-wordpress\/ -->\n<title>Rencontre de r\u00e9vision apostolique - Filles de la Charit\u00e9<\/title>\n<meta name=\"robots\" content=\"index, follow, max-snippet:-1, max-image-preview:large, max-video-preview:-1\" \/>\n<link rel=\"canonical\" href=\"https:\/\/filles-de-la-charite.org\/fr\/encuentro-para-la-revision-apostolica\/\" \/>\n<meta property=\"og:locale\" content=\"fr_FR\" \/>\n<meta property=\"og:type\" content=\"article\" \/>\n<meta property=\"og:title\" content=\"Rencontre de r\u00e9vision apostolique - Filles de la Charit\u00e9\" \/>\n<meta property=\"og:description\" content=\"La Rencontre de r\u00e9vision apostolique s&rsquo;est d\u00e9roul\u00e9e \u00e0 la Maison provinciale des Filles de la Charit\u00e9 \u00e0 Bel\u00e9m, dans l&rsquo;\u00c9tat du Par\u00e1, du 24 au 27 avril 2025. Trente et une S\u0153urs repr\u00e9sentant les communaut\u00e9s de la Province Amazonienne y ont particip\u00e9. Lors de l&rsquo;ouverture, nous avons confi\u00e9 cette rencontre \u00e0 la protection de Notre-Dame [&hellip;]\" \/>\n<meta property=\"og:url\" content=\"https:\/\/filles-de-la-charite.org\/fr\/encuentro-para-la-revision-apostolica\/\" \/>\n<meta property=\"og:site_name\" content=\"Filles de la Charit\u00e9\" \/>\n<meta property=\"article:published_time\" content=\"2025-05-26T06:40:00+00:00\" \/>\n<meta property=\"article:modified_time\" content=\"2025-05-26T21:58:49+00:00\" \/>\n<meta property=\"og:image\" content=\"https:\/\/filles-de-la-charite.org\/wp-content\/uploads\/2025\/05\/IMG-20250429-WA0033.jpg\" \/>\n\t<meta property=\"og:image:width\" content=\"1600\" \/>\n\t<meta property=\"og:image:height\" content=\"1200\" \/>\n\t<meta property=\"og:image:type\" content=\"image\/jpeg\" \/>\n<meta name=\"author\" content=\"SOR MARTA\" \/>\n<meta name=\"twitter:card\" content=\"summary_large_image\" \/>\n<meta name=\"twitter:label1\" content=\"\u00c9crit par\" \/>\n\t<meta name=\"twitter:data1\" content=\"SOR MARTA\" \/>\n\t<meta name=\"twitter:label2\" content=\"Dur\u00e9e de lecture estim\u00e9e\" \/>\n\t<meta name=\"twitter:data2\" content=\"3 minutes\" \/>\n<script type=\"application\/ld+json\" class=\"yoast-schema-graph\">{\"@context\":\"https:\\\/\\\/schema.org\",\"@graph\":[{\"@type\":\"Article\",\"@id\":\"https:\\\/\\\/filles-de-la-charite.org\\\/fr\\\/encuentro-para-la-revision-apostolica\\\/#article\",\"isPartOf\":{\"@id\":\"https:\\\/\\\/filles-de-la-charite.org\\\/fr\\\/encuentro-para-la-revision-apostolica\\\/\"},\"author\":{\"name\":\"SOR MARTA\",\"@id\":\"https:\\\/\\\/filles-de-la-charite.org\\\/fr\\\/#\\\/schema\\\/person\\\/0c922b6ca71280639858d297b3a7209f\"},\"headline\":\"Rencontre de r\u00e9vision apostolique\",\"datePublished\":\"2025-05-26T06:40:00+00:00\",\"dateModified\":\"2025-05-26T21:58:49+00:00\",\"mainEntityOfPage\":{\"@id\":\"https:\\\/\\\/filles-de-la-charite.org\\\/fr\\\/encuentro-para-la-revision-apostolica\\\/\"},\"wordCount\":433,\"publisher\":{\"@id\":\"https:\\\/\\\/filles-de-la-charite.org\\\/fr\\\/#organization\"},\"image\":{\"@id\":\"https:\\\/\\\/filles-de-la-charite.org\\\/fr\\\/encuentro-para-la-revision-apostolica\\\/#primaryimage\"},\"thumbnailUrl\":\"https:\\\/\\\/filles-de-la-charite.org\\\/wp-content\\\/uploads\\\/2025\\\/05\\\/IMG-20250429-WA0033.jpg\",\"articleSection\":[\"Amazonie\"],\"inLanguage\":\"fr-FR\"},{\"@type\":\"WebPage\",\"@id\":\"https:\\\/\\\/filles-de-la-charite.org\\\/fr\\\/encuentro-para-la-revision-apostolica\\\/\",\"url\":\"https:\\\/\\\/filles-de-la-charite.org\\\/fr\\\/encuentro-para-la-revision-apostolica\\\/\",\"name\":\"Rencontre de r\u00e9vision apostolique - Filles de la Charit\u00e9\",\"isPartOf\":{\"@id\":\"https:\\\/\\\/filles-de-la-charite.org\\\/fr\\\/#website\"},\"primaryImageOfPage\":{\"@id\":\"https:\\\/\\\/filles-de-la-charite.org\\\/fr\\\/encuentro-para-la-revision-apostolica\\\/#primaryimage\"},\"image\":{\"@id\":\"https:\\\/\\\/filles-de-la-charite.org\\\/fr\\\/encuentro-para-la-revision-apostolica\\\/#primaryimage\"},\"thumbnailUrl\":\"https:\\\/\\\/filles-de-la-charite.org\\\/wp-content\\\/uploads\\\/2025\\\/05\\\/IMG-20250429-WA0033.jpg\",\"datePublished\":\"2025-05-26T06:40:00+00:00\",\"dateModified\":\"2025-05-26T21:58:49+00:00\",\"breadcrumb\":{\"@id\":\"https:\\\/\\\/filles-de-la-charite.org\\\/fr\\\/encuentro-para-la-revision-apostolica\\\/#breadcrumb\"},\"inLanguage\":\"fr-FR\",\"potentialAction\":[{\"@type\":\"ReadAction\",\"target\":[\"https:\\\/\\\/filles-de-la-charite.org\\\/fr\\\/encuentro-para-la-revision-apostolica\\\/\"]}]},{\"@type\":\"ImageObject\",\"inLanguage\":\"fr-FR\",\"@id\":\"https:\\\/\\\/filles-de-la-charite.org\\\/fr\\\/encuentro-para-la-revision-apostolica\\\/#primaryimage\",\"url\":\"https:\\\/\\\/filles-de-la-charite.org\\\/wp-content\\\/uploads\\\/2025\\\/05\\\/IMG-20250429-WA0033.jpg\",\"contentUrl\":\"https:\\\/\\\/filles-de-la-charite.org\\\/wp-content\\\/uploads\\\/2025\\\/05\\\/IMG-20250429-WA0033.jpg\",\"width\":1600,\"height\":1200},{\"@type\":\"BreadcrumbList\",\"@id\":\"https:\\\/\\\/filles-de-la-charite.org\\\/fr\\\/encuentro-para-la-revision-apostolica\\\/#breadcrumb\",\"itemListElement\":[{\"@type\":\"ListItem\",\"position\":1,\"name\":\"Amazonie\",\"item\":\"https:\\\/\\\/filles-de-la-charite.org\\\/fr\\\/category\\\/amazonie\\\/\"},{\"@type\":\"ListItem\",\"position\":2,\"name\":\"Rencontre de r\u00e9vision apostolique\"}]},{\"@type\":\"WebSite\",\"@id\":\"https:\\\/\\\/filles-de-la-charite.org\\\/fr\\\/#website\",\"url\":\"https:\\\/\\\/filles-de-la-charite.org\\\/fr\\\/\",\"name\":\"Hijas de la Caridad\",\"description\":\"L\u2019amour de J\u00e9sus nous presse \u00e0 prendre soin des personnes les plus d\u00e9munies\",\"publisher\":{\"@id\":\"https:\\\/\\\/filles-de-la-charite.org\\\/fr\\\/#organization\"},\"potentialAction\":[{\"@type\":\"SearchAction\",\"target\":{\"@type\":\"EntryPoint\",\"urlTemplate\":\"https:\\\/\\\/filles-de-la-charite.org\\\/fr\\\/?s={search_term_string}\"},\"query-input\":{\"@type\":\"PropertyValueSpecification\",\"valueRequired\":true,\"valueName\":\"search_term_string\"}}],\"inLanguage\":\"fr-FR\"},{\"@type\":\"Organization\",\"@id\":\"https:\\\/\\\/filles-de-la-charite.org\\\/fr\\\/#organization\",\"name\":\"Hijas de la Caridad\",\"url\":\"https:\\\/\\\/filles-de-la-charite.org\\\/fr\\\/\",\"logo\":{\"@type\":\"ImageObject\",\"inLanguage\":\"fr-FR\",\"@id\":\"https:\\\/\\\/filles-de-la-charite.org\\\/fr\\\/#\\\/schema\\\/logo\\\/image\\\/\",\"url\":\"https:\\\/\\\/filles-de-la-charite.org\\\/wp-content\\\/uploads\\\/2023\\\/03\\\/isotipo-Hijas-de-la-Caridad.png\",\"contentUrl\":\"https:\\\/\\\/filles-de-la-charite.org\\\/wp-content\\\/uploads\\\/2023\\\/03\\\/isotipo-Hijas-de-la-Caridad.png\",\"width\":1417,\"height\":1417,\"caption\":\"Hijas de la Caridad\"},\"image\":{\"@id\":\"https:\\\/\\\/filles-de-la-charite.org\\\/fr\\\/#\\\/schema\\\/logo\\\/image\\\/\"}},{\"@type\":\"Person\",\"@id\":\"https:\\\/\\\/filles-de-la-charite.org\\\/fr\\\/#\\\/schema\\\/person\\\/0c922b6ca71280639858d297b3a7209f\",\"name\":\"SOR MARTA\",\"image\":{\"@type\":\"ImageObject\",\"inLanguage\":\"fr-FR\",\"@id\":\"https:\\\/\\\/secure.gravatar.com\\\/avatar\\\/d2c45b0fd6bf2d3e2670ab3d112257c24ac80fa960360bba1bdc0676485d1d09?s=96&d=mm&r=g\",\"url\":\"https:\\\/\\\/secure.gravatar.com\\\/avatar\\\/d2c45b0fd6bf2d3e2670ab3d112257c24ac80fa960360bba1bdc0676485d1d09?s=96&d=mm&r=g\",\"contentUrl\":\"https:\\\/\\\/secure.gravatar.com\\\/avatar\\\/d2c45b0fd6bf2d3e2670ab3d112257c24ac80fa960360bba1bdc0676485d1d09?s=96&d=mm&r=g\",\"caption\":\"SOR MARTA\"},\"url\":\"https:\\\/\\\/filles-de-la-charite.org\\\/fr\\\/author\\\/martaemn\\\/\"}]}<\/script>\n<!-- \/ Yoast SEO plugin. -->","yoast_head_json":{"title":"Rencontre de r\u00e9vision apostolique - Filles de la Charit\u00e9","robots":{"index":"index","follow":"follow","max-snippet":"max-snippet:-1","max-image-preview":"max-image-preview:large","max-video-preview":"max-video-preview:-1"},"canonical":"https:\/\/filles-de-la-charite.org\/fr\/encuentro-para-la-revision-apostolica\/","og_locale":"fr_FR","og_type":"article","og_title":"Rencontre de r\u00e9vision apostolique - Filles de la Charit\u00e9","og_description":"La Rencontre de r\u00e9vision apostolique s&rsquo;est d\u00e9roul\u00e9e \u00e0 la Maison provinciale des Filles de la Charit\u00e9 \u00e0 Bel\u00e9m, dans l&rsquo;\u00c9tat du Par\u00e1, du 24 au 27 avril 2025. Trente et une S\u0153urs repr\u00e9sentant les communaut\u00e9s de la Province Amazonienne y ont particip\u00e9. Lors de l&rsquo;ouverture, nous avons confi\u00e9 cette rencontre \u00e0 la protection de Notre-Dame [&hellip;]","og_url":"https:\/\/filles-de-la-charite.org\/fr\/encuentro-para-la-revision-apostolica\/","og_site_name":"Filles de la Charit\u00e9","article_published_time":"2025-05-26T06:40:00+00:00","article_modified_time":"2025-05-26T21:58:49+00:00","og_image":[{"width":1600,"height":1200,"url":"https:\/\/filles-de-la-charite.org\/wp-content\/uploads\/2025\/05\/IMG-20250429-WA0033.jpg","type":"image\/jpeg"}],"author":"SOR MARTA","twitter_card":"summary_large_image","twitter_misc":{"\u00c9crit par":"SOR MARTA","Dur\u00e9e de lecture estim\u00e9e":"3 minutes"},"schema":{"@context":"https:\/\/schema.org","@graph":[{"@type":"Article","@id":"https:\/\/filles-de-la-charite.org\/fr\/encuentro-para-la-revision-apostolica\/#article","isPartOf":{"@id":"https:\/\/filles-de-la-charite.org\/fr\/encuentro-para-la-revision-apostolica\/"},"author":{"name":"SOR MARTA","@id":"https:\/\/filles-de-la-charite.org\/fr\/#\/schema\/person\/0c922b6ca71280639858d297b3a7209f"},"headline":"Rencontre de r\u00e9vision apostolique","datePublished":"2025-05-26T06:40:00+00:00","dateModified":"2025-05-26T21:58:49+00:00","mainEntityOfPage":{"@id":"https:\/\/filles-de-la-charite.org\/fr\/encuentro-para-la-revision-apostolica\/"},"wordCount":433,"publisher":{"@id":"https:\/\/filles-de-la-charite.org\/fr\/#organization"},"image":{"@id":"https:\/\/filles-de-la-charite.org\/fr\/encuentro-para-la-revision-apostolica\/#primaryimage"},"thumbnailUrl":"https:\/\/filles-de-la-charite.org\/wp-content\/uploads\/2025\/05\/IMG-20250429-WA0033.jpg","articleSection":["Amazonie"],"inLanguage":"fr-FR"},{"@type":"WebPage","@id":"https:\/\/filles-de-la-charite.org\/fr\/encuentro-para-la-revision-apostolica\/","url":"https:\/\/filles-de-la-charite.org\/fr\/encuentro-para-la-revision-apostolica\/","name":"Rencontre de r\u00e9vision apostolique - Filles de la Charit\u00e9","isPartOf":{"@id":"https:\/\/filles-de-la-charite.org\/fr\/#website"},"primaryImageOfPage":{"@id":"https:\/\/filles-de-la-charite.org\/fr\/encuentro-para-la-revision-apostolica\/#primaryimage"},"image":{"@id":"https:\/\/filles-de-la-charite.org\/fr\/encuentro-para-la-revision-apostolica\/#primaryimage"},"thumbnailUrl":"https:\/\/filles-de-la-charite.org\/wp-content\/uploads\/2025\/05\/IMG-20250429-WA0033.jpg","datePublished":"2025-05-26T06:40:00+00:00","dateModified":"2025-05-26T21:58:49+00:00","breadcrumb":{"@id":"https:\/\/filles-de-la-charite.org\/fr\/encuentro-para-la-revision-apostolica\/#breadcrumb"},"inLanguage":"fr-FR","potentialAction":[{"@type":"ReadAction","target":["https:\/\/filles-de-la-charite.org\/fr\/encuentro-para-la-revision-apostolica\/"]}]},{"@type":"ImageObject","inLanguage":"fr-FR","@id":"https:\/\/filles-de-la-charite.org\/fr\/encuentro-para-la-revision-apostolica\/#primaryimage","url":"https:\/\/filles-de-la-charite.org\/wp-content\/uploads\/2025\/05\/IMG-20250429-WA0033.jpg","contentUrl":"https:\/\/filles-de-la-charite.org\/wp-content\/uploads\/2025\/05\/IMG-20250429-WA0033.jpg","width":1600,"height":1200},{"@type":"BreadcrumbList","@id":"https:\/\/filles-de-la-charite.org\/fr\/encuentro-para-la-revision-apostolica\/#breadcrumb","itemListElement":[{"@type":"ListItem","position":1,"name":"Amazonie","item":"https:\/\/filles-de-la-charite.org\/fr\/category\/amazonie\/"},{"@type":"ListItem","position":2,"name":"Rencontre de r\u00e9vision apostolique"}]},{"@type":"WebSite","@id":"https:\/\/filles-de-la-charite.org\/fr\/#website","url":"https:\/\/filles-de-la-charite.org\/fr\/","name":"Hijas de la Caridad","description":"L\u2019amour de J\u00e9sus nous presse \u00e0 prendre soin des personnes les plus d\u00e9munies","publisher":{"@id":"https:\/\/filles-de-la-charite.org\/fr\/#organization"},"potentialAction":[{"@type":"SearchAction","target":{"@type":"EntryPoint","urlTemplate":"https:\/\/filles-de-la-charite.org\/fr\/?s={search_term_string}"},"query-input":{"@type":"PropertyValueSpecification","valueRequired":true,"valueName":"search_term_string"}}],"inLanguage":"fr-FR"},{"@type":"Organization","@id":"https:\/\/filles-de-la-charite.org\/fr\/#organization","name":"Hijas de la Caridad","url":"https:\/\/filles-de-la-charite.org\/fr\/","logo":{"@type":"ImageObject","inLanguage":"fr-FR","@id":"https:\/\/filles-de-la-charite.org\/fr\/#\/schema\/logo\/image\/","url":"https:\/\/filles-de-la-charite.org\/wp-content\/uploads\/2023\/03\/isotipo-Hijas-de-la-Caridad.png","contentUrl":"https:\/\/filles-de-la-charite.org\/wp-content\/uploads\/2023\/03\/isotipo-Hijas-de-la-Caridad.png","width":1417,"height":1417,"caption":"Hijas de la Caridad"},"image":{"@id":"https:\/\/filles-de-la-charite.org\/fr\/#\/schema\/logo\/image\/"}},{"@type":"Person","@id":"https:\/\/filles-de-la-charite.org\/fr\/#\/schema\/person\/0c922b6ca71280639858d297b3a7209f","name":"SOR MARTA","image":{"@type":"ImageObject","inLanguage":"fr-FR","@id":"https:\/\/secure.gravatar.com\/avatar\/d2c45b0fd6bf2d3e2670ab3d112257c24ac80fa960360bba1bdc0676485d1d09?s=96&d=mm&r=g","url":"https:\/\/secure.gravatar.com\/avatar\/d2c45b0fd6bf2d3e2670ab3d112257c24ac80fa960360bba1bdc0676485d1d09?s=96&d=mm&r=g","contentUrl":"https:\/\/secure.gravatar.com\/avatar\/d2c45b0fd6bf2d3e2670ab3d112257c24ac80fa960360bba1bdc0676485d1d09?s=96&d=mm&r=g","caption":"SOR MARTA"},"url":"https:\/\/filles-de-la-charite.org\/fr\/author\/martaemn\/"}]}},"_links":{"self":[{"href":"https:\/\/filles-de-la-charite.org\/fr\/wp-json\/wp\/v2\/posts\/43525","targetHints":{"allow":["GET"]}}],"collection":[{"href":"https:\/\/filles-de-la-charite.org\/fr\/wp-json\/wp\/v2\/posts"}],"about":[{"href":"https:\/\/filles-de-la-charite.org\/fr\/wp-json\/wp\/v2\/types\/post"}],"author":[{"embeddable":true,"href":"https:\/\/filles-de-la-charite.org\/fr\/wp-json\/wp\/v2\/users\/5"}],"replies":[{"embeddable":true,"href":"https:\/\/filles-de-la-charite.org\/fr\/wp-json\/wp\/v2\/comments?post=43525"}],"version-history":[{"count":1,"href":"https:\/\/filles-de-la-charite.org\/fr\/wp-json\/wp\/v2\/posts\/43525\/revisions"}],"predecessor-version":[{"id":43527,"href":"https:\/\/filles-de-la-charite.org\/fr\/wp-json\/wp\/v2\/posts\/43525\/revisions\/43527"}],"wp:featuredmedia":[{"embeddable":true,"href":"https:\/\/filles-de-la-charite.org\/fr\/wp-json\/wp\/v2\/media\/42983"}],"wp:attachment":[{"href":"https:\/\/filles-de-la-charite.org\/fr\/wp-json\/wp\/v2\/media?parent=43525"}],"wp:term":[{"taxonomy":"category","embeddable":true,"href":"https:\/\/filles-de-la-charite.org\/fr\/wp-json\/wp\/v2\/categories?post=43525"},{"taxonomy":"post_tag","embeddable":true,"href":"https:\/\/filles-de-la-charite.org\/fr\/wp-json\/wp\/v2\/tags?post=43525"}],"curies":[{"name":"wp","href":"https:\/\/api.w.org\/{rel}","templated":true}]}}