{"id":44067,"date":"2025-06-27T23:03:00","date_gmt":"2025-06-27T21:03:00","guid":{"rendered":"https:\/\/filles-de-la-charite.org\/encuentro-raemh-en-marruecos-tejiendo-redes-de-justicia-y-esperanza\/"},"modified":"2025-06-28T09:38:13","modified_gmt":"2025-06-28T07:38:13","slug":"encuentro-raemh-en-marruecos-tejiendo-redes-de-justicia-y-esperanza","status":"publish","type":"post","link":"https:\/\/filles-de-la-charite.org\/fr\/encuentro-raemh-en-marruecos-tejiendo-redes-de-justicia-y-esperanza\/","title":{"rendered":"Rencontre RAEMH au Maroc : tisser des r\u00e9seaux de justice et d\u2019esp\u00e9rance"},"content":{"rendered":"\n<p>Du 23 au 27 juin 2025, Rabat (Maroc) a accueilli l\u2019atelier multipays du R\u00e9seau Afrique-Europe pour la Mobilit\u00e9 Humaine (<a href=\"https:\/\/raemh.org\/index.php\" target=\"_blank\" rel=\"noreferrer noopener\"><strong>RAEMH<\/strong><\/a>), r\u00e9unissant environ 60 participants de 11 pays africains et europ\u00e9ens, dans le but de renforcer la collaboration dans l\u2019accompagnement des personnes migrantes et d\u00e9plac\u00e9es.<\/p>\n\n\n\n<figure class=\"wp-block-image size-large\"><img loading=\"lazy\" decoding=\"async\" width=\"1024\" height=\"576\" src=\"https:\/\/filles-de-la-charite.org\/wp-content\/uploads\/2025\/06\/RAEMH-1024x576.jpeg\" alt=\"\" class=\"wp-image-44058\" srcset=\"https:\/\/filles-de-la-charite.org\/wp-content\/uploads\/2025\/06\/RAEMH-980x551.jpeg 980w, https:\/\/filles-de-la-charite.org\/wp-content\/uploads\/2025\/06\/RAEMH-480x270.jpeg 480w\" sizes=\"(min-width: 0px) and (max-width: 480px) 480px, (min-width: 481px) and (max-width: 980px) 980px, (min-width: 981px) 1024px, 100vw\" \/><\/figure>\n\n\n\n<p>Dans son intervention d\u2019ouverture, Mgr Crist\u00f3bal L\u00f3pez Romero, archev\u00eaque de Rabat, a rappel\u00e9 que la migration est un droit humain fondamental et un appel \u00e0 reconna\u00eetre le visage du Christ dans ceux qui marchent sans lieu s\u00fbr o\u00f9 se reposer.<\/p>\n\n\n\n<p>Tout au long de la semaine, des th\u00e8mes essentiels ont \u00e9t\u00e9 abord\u00e9s : la r\u00e9alit\u00e9 migratoire, l\u2019accompagnement en transit, l\u2019accueil et l\u2019int\u00e9gration, ainsi que la protection des personnes d\u00e9plac\u00e9es de force. Une attention particuli\u00e8re a \u00e9t\u00e9 port\u00e9e au deuil migratoire et aux blessures invisibles laiss\u00e9es par le chemin, de la perte d\u2019identit\u00e9 \u00e0 la douleur li\u00e9e aux disparus, soulignant l\u2019urgence d\u2019une r\u00e9ponse psychosociale communautaire qui humanise les parcours. Les participants ont travaill\u00e9 \u00e0 la construction d\u2019un r\u00e9cit commun fond\u00e9 sur la dignit\u00e9 et la r\u00e9silience, afin de faire entendre les voix de ceux qui, trop souvent, ne sont pas \u00e9cout\u00e9s.<\/p>\n\n\n\n<figure class=\"wp-block-image size-large\"><img loading=\"lazy\" decoding=\"async\" width=\"1024\" height=\"702\" src=\"https:\/\/filles-de-la-charite.org\/wp-content\/uploads\/2025\/06\/WhatsApp-Image-2025-06-28-at-09.14.19-1-copia-1024x702.jpeg\" alt=\"\" class=\"wp-image-44095\" srcset=\"https:\/\/filles-de-la-charite.org\/wp-content\/uploads\/2025\/06\/WhatsApp-Image-2025-06-28-at-09.14.19-1-copia-980x672.jpeg 980w, https:\/\/filles-de-la-charite.org\/wp-content\/uploads\/2025\/06\/WhatsApp-Image-2025-06-28-at-09.14.19-1-copia-480x329.jpeg 480w\" sizes=\"(min-width: 0px) and (max-width: 480px) 480px, (min-width: 481px) and (max-width: 980px) 980px, (min-width: 981px) 1024px, 100vw\" \/><\/figure>\n\n\n\n<p>Parmi les participants figurait la pr\u00e9sence vincentienne d\u2019une Fille de la Charit\u00e9 de l\u2019\u00e9quipe de Caritas Marrakech. Sa participation a exprim\u00e9 l\u2019engagement de la Compagnie envers les personnes migrantes et d\u00e9plac\u00e9es. \u00catre aux c\u00f4t\u00e9s de ceux qui souffrent de l\u2019exil et de l\u2019exclusion fait partie int\u00e9grante de notre mission, v\u00e9cue dans la proximit\u00e9, l\u2019\u00e9coute active et la d\u00e9fense de la dignit\u00e9 de toute personne.<\/p>\n\n\n\n<p>Cette rencontre fut un espace de communion et d\u2019engagement partag\u00e9. En tant que Filles de la Charit\u00e9, en tant qu\u2019\u00c9glise incarn\u00e9e dans l\u2019histoire, nous sommes appel\u00e9es \u00e0 \u00eatre artisans d\u2019esp\u00e9rance, tissant des liens fraternels et proclamant par des gestes concrets que toute vie m\u00e9rite d\u2019\u00eatre accueillie avec justice, tendresse et respect.<\/p>\n","protected":false},"excerpt":{"rendered":"<p>Du 23 au 27 juin 2025, Rabat (Maroc) a accueilli l\u2019atelier multipays du R\u00e9seau Afrique-Europe pour la Mobilit\u00e9 Humaine (RAEMH), r\u00e9unissant environ 60 participants de 11 pays africains et europ\u00e9ens, dans le but de renforcer la collaboration dans l\u2019accompagnement des personnes migrantes et d\u00e9plac\u00e9es. Dans son intervention d\u2019ouverture, Mgr Crist\u00f3bal L\u00f3pez Romero, archev\u00eaque de Rabat, [&hellip;]<\/p>\n","protected":false},"author":5,"featured_media":44054,"comment_status":"closed","ping_status":"closed","sticky":false,"template":"","format":"standard","meta":{"_acf_changed":false,"_et_pb_use_builder":"","_et_pb_old_content":"","_et_gb_content_width":"","footnotes":"","_links_to":"","_links_to_target":""},"categories":[843],"tags":[],"class_list":["post-44067","post","type-post","status-publish","format-standard","has-post-thumbnail","hentry","category-international-fr"],"acf":[],"yoast_head":"<!-- This site is optimized with the Yoast SEO plugin v27.5 - https:\/\/yoast.com\/product\/yoast-seo-wordpress\/ -->\n<title>Rencontre RAEMH au Maroc : tisser des r\u00e9seaux de justice et d\u2019esp\u00e9rance - Filles de la Charit\u00e9<\/title>\n<meta name=\"robots\" content=\"index, follow, max-snippet:-1, max-image-preview:large, max-video-preview:-1\" \/>\n<link rel=\"canonical\" href=\"https:\/\/filles-de-la-charite.org\/fr\/encuentro-raemh-en-marruecos-tejiendo-redes-de-justicia-y-esperanza\/\" \/>\n<meta property=\"og:locale\" content=\"fr_FR\" \/>\n<meta property=\"og:type\" content=\"article\" \/>\n<meta property=\"og:title\" content=\"Rencontre RAEMH au Maroc : tisser des r\u00e9seaux de justice et d\u2019esp\u00e9rance - Filles de la Charit\u00e9\" \/>\n<meta property=\"og:description\" content=\"Du 23 au 27 juin 2025, Rabat (Maroc) a accueilli l\u2019atelier multipays du R\u00e9seau Afrique-Europe pour la Mobilit\u00e9 Humaine (RAEMH), r\u00e9unissant environ 60 participants de 11 pays africains et europ\u00e9ens, dans le but de renforcer la collaboration dans l\u2019accompagnement des personnes migrantes et d\u00e9plac\u00e9es. Dans son intervention d\u2019ouverture, Mgr Crist\u00f3bal L\u00f3pez Romero, archev\u00eaque de Rabat, [&hellip;]\" \/>\n<meta property=\"og:url\" content=\"https:\/\/filles-de-la-charite.org\/fr\/encuentro-raemh-en-marruecos-tejiendo-redes-de-justicia-y-esperanza\/\" \/>\n<meta property=\"og:site_name\" content=\"Filles de la Charit\u00e9\" \/>\n<meta property=\"article:published_time\" content=\"2025-06-27T21:03:00+00:00\" \/>\n<meta property=\"article:modified_time\" content=\"2025-06-28T07:38:13+00:00\" \/>\n<meta property=\"og:image\" content=\"https:\/\/filles-de-la-charite.org\/wp-content\/uploads\/2025\/06\/miniatura-RAEMH-scaled.jpg\" \/>\n\t<meta property=\"og:image:width\" content=\"2560\" \/>\n\t<meta property=\"og:image:height\" content=\"1440\" \/>\n\t<meta property=\"og:image:type\" content=\"image\/jpeg\" \/>\n<meta name=\"author\" content=\"SOR MARTA\" \/>\n<meta name=\"twitter:card\" content=\"summary_large_image\" \/>\n<meta name=\"twitter:label1\" content=\"\u00c9crit par\" \/>\n\t<meta name=\"twitter:data1\" content=\"SOR MARTA\" \/>\n\t<meta name=\"twitter:label2\" content=\"Dur\u00e9e de lecture estim\u00e9e\" \/>\n\t<meta name=\"twitter:data2\" content=\"2 minutes\" \/>\n<script type=\"application\/ld+json\" class=\"yoast-schema-graph\">{\"@context\":\"https:\\\/\\\/schema.org\",\"@graph\":[{\"@type\":\"Article\",\"@id\":\"https:\\\/\\\/filles-de-la-charite.org\\\/fr\\\/encuentro-raemh-en-marruecos-tejiendo-redes-de-justicia-y-esperanza\\\/#article\",\"isPartOf\":{\"@id\":\"https:\\\/\\\/filles-de-la-charite.org\\\/fr\\\/encuentro-raemh-en-marruecos-tejiendo-redes-de-justicia-y-esperanza\\\/\"},\"author\":{\"name\":\"SOR MARTA\",\"@id\":\"https:\\\/\\\/filles-de-la-charite.org\\\/fr\\\/#\\\/schema\\\/person\\\/0c922b6ca71280639858d297b3a7209f\"},\"headline\":\"Rencontre RAEMH au Maroc : tisser des r\u00e9seaux de justice et d\u2019esp\u00e9rance\",\"datePublished\":\"2025-06-27T21:03:00+00:00\",\"dateModified\":\"2025-06-28T07:38:13+00:00\",\"mainEntityOfPage\":{\"@id\":\"https:\\\/\\\/filles-de-la-charite.org\\\/fr\\\/encuentro-raemh-en-marruecos-tejiendo-redes-de-justicia-y-esperanza\\\/\"},\"wordCount\":360,\"publisher\":{\"@id\":\"https:\\\/\\\/filles-de-la-charite.org\\\/fr\\\/#organization\"},\"image\":{\"@id\":\"https:\\\/\\\/filles-de-la-charite.org\\\/fr\\\/encuentro-raemh-en-marruecos-tejiendo-redes-de-justicia-y-esperanza\\\/#primaryimage\"},\"thumbnailUrl\":\"https:\\\/\\\/filles-de-la-charite.org\\\/wp-content\\\/uploads\\\/2025\\\/06\\\/miniatura-RAEMH-scaled.jpg\",\"articleSection\":[\"International\"],\"inLanguage\":\"fr-FR\"},{\"@type\":\"WebPage\",\"@id\":\"https:\\\/\\\/filles-de-la-charite.org\\\/fr\\\/encuentro-raemh-en-marruecos-tejiendo-redes-de-justicia-y-esperanza\\\/\",\"url\":\"https:\\\/\\\/filles-de-la-charite.org\\\/fr\\\/encuentro-raemh-en-marruecos-tejiendo-redes-de-justicia-y-esperanza\\\/\",\"name\":\"Rencontre RAEMH au Maroc : tisser des r\u00e9seaux de justice et d\u2019esp\u00e9rance - Filles de la Charit\u00e9\",\"isPartOf\":{\"@id\":\"https:\\\/\\\/filles-de-la-charite.org\\\/fr\\\/#website\"},\"primaryImageOfPage\":{\"@id\":\"https:\\\/\\\/filles-de-la-charite.org\\\/fr\\\/encuentro-raemh-en-marruecos-tejiendo-redes-de-justicia-y-esperanza\\\/#primaryimage\"},\"image\":{\"@id\":\"https:\\\/\\\/filles-de-la-charite.org\\\/fr\\\/encuentro-raemh-en-marruecos-tejiendo-redes-de-justicia-y-esperanza\\\/#primaryimage\"},\"thumbnailUrl\":\"https:\\\/\\\/filles-de-la-charite.org\\\/wp-content\\\/uploads\\\/2025\\\/06\\\/miniatura-RAEMH-scaled.jpg\",\"datePublished\":\"2025-06-27T21:03:00+00:00\",\"dateModified\":\"2025-06-28T07:38:13+00:00\",\"breadcrumb\":{\"@id\":\"https:\\\/\\\/filles-de-la-charite.org\\\/fr\\\/encuentro-raemh-en-marruecos-tejiendo-redes-de-justicia-y-esperanza\\\/#breadcrumb\"},\"inLanguage\":\"fr-FR\",\"potentialAction\":[{\"@type\":\"ReadAction\",\"target\":[\"https:\\\/\\\/filles-de-la-charite.org\\\/fr\\\/encuentro-raemh-en-marruecos-tejiendo-redes-de-justicia-y-esperanza\\\/\"]}]},{\"@type\":\"ImageObject\",\"inLanguage\":\"fr-FR\",\"@id\":\"https:\\\/\\\/filles-de-la-charite.org\\\/fr\\\/encuentro-raemh-en-marruecos-tejiendo-redes-de-justicia-y-esperanza\\\/#primaryimage\",\"url\":\"https:\\\/\\\/filles-de-la-charite.org\\\/wp-content\\\/uploads\\\/2025\\\/06\\\/miniatura-RAEMH-scaled.jpg\",\"contentUrl\":\"https:\\\/\\\/filles-de-la-charite.org\\\/wp-content\\\/uploads\\\/2025\\\/06\\\/miniatura-RAEMH-scaled.jpg\",\"width\":2560,\"height\":1440},{\"@type\":\"BreadcrumbList\",\"@id\":\"https:\\\/\\\/filles-de-la-charite.org\\\/fr\\\/encuentro-raemh-en-marruecos-tejiendo-redes-de-justicia-y-esperanza\\\/#breadcrumb\",\"itemListElement\":[{\"@type\":\"ListItem\",\"position\":1,\"name\":\"International\",\"item\":\"https:\\\/\\\/filles-de-la-charite.org\\\/fr\\\/category\\\/international-fr\\\/\"},{\"@type\":\"ListItem\",\"position\":2,\"name\":\"Rencontre RAEMH au Maroc : tisser des r\u00e9seaux de justice et d\u2019esp\u00e9rance\"}]},{\"@type\":\"WebSite\",\"@id\":\"https:\\\/\\\/filles-de-la-charite.org\\\/fr\\\/#website\",\"url\":\"https:\\\/\\\/filles-de-la-charite.org\\\/fr\\\/\",\"name\":\"Hijas de la Caridad\",\"description\":\"L\u2019amour de J\u00e9sus nous presse \u00e0 prendre soin des personnes les plus d\u00e9munies\",\"publisher\":{\"@id\":\"https:\\\/\\\/filles-de-la-charite.org\\\/fr\\\/#organization\"},\"potentialAction\":[{\"@type\":\"SearchAction\",\"target\":{\"@type\":\"EntryPoint\",\"urlTemplate\":\"https:\\\/\\\/filles-de-la-charite.org\\\/fr\\\/?s={search_term_string}\"},\"query-input\":{\"@type\":\"PropertyValueSpecification\",\"valueRequired\":true,\"valueName\":\"search_term_string\"}}],\"inLanguage\":\"fr-FR\"},{\"@type\":\"Organization\",\"@id\":\"https:\\\/\\\/filles-de-la-charite.org\\\/fr\\\/#organization\",\"name\":\"Hijas de la Caridad\",\"url\":\"https:\\\/\\\/filles-de-la-charite.org\\\/fr\\\/\",\"logo\":{\"@type\":\"ImageObject\",\"inLanguage\":\"fr-FR\",\"@id\":\"https:\\\/\\\/filles-de-la-charite.org\\\/fr\\\/#\\\/schema\\\/logo\\\/image\\\/\",\"url\":\"https:\\\/\\\/filles-de-la-charite.org\\\/wp-content\\\/uploads\\\/2023\\\/03\\\/isotipo-Hijas-de-la-Caridad.png\",\"contentUrl\":\"https:\\\/\\\/filles-de-la-charite.org\\\/wp-content\\\/uploads\\\/2023\\\/03\\\/isotipo-Hijas-de-la-Caridad.png\",\"width\":1417,\"height\":1417,\"caption\":\"Hijas de la Caridad\"},\"image\":{\"@id\":\"https:\\\/\\\/filles-de-la-charite.org\\\/fr\\\/#\\\/schema\\\/logo\\\/image\\\/\"}},{\"@type\":\"Person\",\"@id\":\"https:\\\/\\\/filles-de-la-charite.org\\\/fr\\\/#\\\/schema\\\/person\\\/0c922b6ca71280639858d297b3a7209f\",\"name\":\"SOR MARTA\",\"image\":{\"@type\":\"ImageObject\",\"inLanguage\":\"fr-FR\",\"@id\":\"https:\\\/\\\/secure.gravatar.com\\\/avatar\\\/d2c45b0fd6bf2d3e2670ab3d112257c24ac80fa960360bba1bdc0676485d1d09?s=96&d=mm&r=g\",\"url\":\"https:\\\/\\\/secure.gravatar.com\\\/avatar\\\/d2c45b0fd6bf2d3e2670ab3d112257c24ac80fa960360bba1bdc0676485d1d09?s=96&d=mm&r=g\",\"contentUrl\":\"https:\\\/\\\/secure.gravatar.com\\\/avatar\\\/d2c45b0fd6bf2d3e2670ab3d112257c24ac80fa960360bba1bdc0676485d1d09?s=96&d=mm&r=g\",\"caption\":\"SOR MARTA\"},\"url\":\"https:\\\/\\\/filles-de-la-charite.org\\\/fr\\\/author\\\/martaemn\\\/\"}]}<\/script>\n<!-- \/ Yoast SEO plugin. -->","yoast_head_json":{"title":"Rencontre RAEMH au Maroc : tisser des r\u00e9seaux de justice et d\u2019esp\u00e9rance - Filles de la Charit\u00e9","robots":{"index":"index","follow":"follow","max-snippet":"max-snippet:-1","max-image-preview":"max-image-preview:large","max-video-preview":"max-video-preview:-1"},"canonical":"https:\/\/filles-de-la-charite.org\/fr\/encuentro-raemh-en-marruecos-tejiendo-redes-de-justicia-y-esperanza\/","og_locale":"fr_FR","og_type":"article","og_title":"Rencontre RAEMH au Maroc : tisser des r\u00e9seaux de justice et d\u2019esp\u00e9rance - Filles de la Charit\u00e9","og_description":"Du 23 au 27 juin 2025, Rabat (Maroc) a accueilli l\u2019atelier multipays du R\u00e9seau Afrique-Europe pour la Mobilit\u00e9 Humaine (RAEMH), r\u00e9unissant environ 60 participants de 11 pays africains et europ\u00e9ens, dans le but de renforcer la collaboration dans l\u2019accompagnement des personnes migrantes et d\u00e9plac\u00e9es. Dans son intervention d\u2019ouverture, Mgr Crist\u00f3bal L\u00f3pez Romero, archev\u00eaque de Rabat, [&hellip;]","og_url":"https:\/\/filles-de-la-charite.org\/fr\/encuentro-raemh-en-marruecos-tejiendo-redes-de-justicia-y-esperanza\/","og_site_name":"Filles de la Charit\u00e9","article_published_time":"2025-06-27T21:03:00+00:00","article_modified_time":"2025-06-28T07:38:13+00:00","og_image":[{"width":2560,"height":1440,"url":"https:\/\/filles-de-la-charite.org\/wp-content\/uploads\/2025\/06\/miniatura-RAEMH-scaled.jpg","type":"image\/jpeg"}],"author":"SOR MARTA","twitter_card":"summary_large_image","twitter_misc":{"\u00c9crit par":"SOR MARTA","Dur\u00e9e de lecture estim\u00e9e":"2 minutes"},"schema":{"@context":"https:\/\/schema.org","@graph":[{"@type":"Article","@id":"https:\/\/filles-de-la-charite.org\/fr\/encuentro-raemh-en-marruecos-tejiendo-redes-de-justicia-y-esperanza\/#article","isPartOf":{"@id":"https:\/\/filles-de-la-charite.org\/fr\/encuentro-raemh-en-marruecos-tejiendo-redes-de-justicia-y-esperanza\/"},"author":{"name":"SOR MARTA","@id":"https:\/\/filles-de-la-charite.org\/fr\/#\/schema\/person\/0c922b6ca71280639858d297b3a7209f"},"headline":"Rencontre RAEMH au Maroc : tisser des r\u00e9seaux de justice et d\u2019esp\u00e9rance","datePublished":"2025-06-27T21:03:00+00:00","dateModified":"2025-06-28T07:38:13+00:00","mainEntityOfPage":{"@id":"https:\/\/filles-de-la-charite.org\/fr\/encuentro-raemh-en-marruecos-tejiendo-redes-de-justicia-y-esperanza\/"},"wordCount":360,"publisher":{"@id":"https:\/\/filles-de-la-charite.org\/fr\/#organization"},"image":{"@id":"https:\/\/filles-de-la-charite.org\/fr\/encuentro-raemh-en-marruecos-tejiendo-redes-de-justicia-y-esperanza\/#primaryimage"},"thumbnailUrl":"https:\/\/filles-de-la-charite.org\/wp-content\/uploads\/2025\/06\/miniatura-RAEMH-scaled.jpg","articleSection":["International"],"inLanguage":"fr-FR"},{"@type":"WebPage","@id":"https:\/\/filles-de-la-charite.org\/fr\/encuentro-raemh-en-marruecos-tejiendo-redes-de-justicia-y-esperanza\/","url":"https:\/\/filles-de-la-charite.org\/fr\/encuentro-raemh-en-marruecos-tejiendo-redes-de-justicia-y-esperanza\/","name":"Rencontre RAEMH au Maroc : tisser des r\u00e9seaux de justice et d\u2019esp\u00e9rance - Filles de la Charit\u00e9","isPartOf":{"@id":"https:\/\/filles-de-la-charite.org\/fr\/#website"},"primaryImageOfPage":{"@id":"https:\/\/filles-de-la-charite.org\/fr\/encuentro-raemh-en-marruecos-tejiendo-redes-de-justicia-y-esperanza\/#primaryimage"},"image":{"@id":"https:\/\/filles-de-la-charite.org\/fr\/encuentro-raemh-en-marruecos-tejiendo-redes-de-justicia-y-esperanza\/#primaryimage"},"thumbnailUrl":"https:\/\/filles-de-la-charite.org\/wp-content\/uploads\/2025\/06\/miniatura-RAEMH-scaled.jpg","datePublished":"2025-06-27T21:03:00+00:00","dateModified":"2025-06-28T07:38:13+00:00","breadcrumb":{"@id":"https:\/\/filles-de-la-charite.org\/fr\/encuentro-raemh-en-marruecos-tejiendo-redes-de-justicia-y-esperanza\/#breadcrumb"},"inLanguage":"fr-FR","potentialAction":[{"@type":"ReadAction","target":["https:\/\/filles-de-la-charite.org\/fr\/encuentro-raemh-en-marruecos-tejiendo-redes-de-justicia-y-esperanza\/"]}]},{"@type":"ImageObject","inLanguage":"fr-FR","@id":"https:\/\/filles-de-la-charite.org\/fr\/encuentro-raemh-en-marruecos-tejiendo-redes-de-justicia-y-esperanza\/#primaryimage","url":"https:\/\/filles-de-la-charite.org\/wp-content\/uploads\/2025\/06\/miniatura-RAEMH-scaled.jpg","contentUrl":"https:\/\/filles-de-la-charite.org\/wp-content\/uploads\/2025\/06\/miniatura-RAEMH-scaled.jpg","width":2560,"height":1440},{"@type":"BreadcrumbList","@id":"https:\/\/filles-de-la-charite.org\/fr\/encuentro-raemh-en-marruecos-tejiendo-redes-de-justicia-y-esperanza\/#breadcrumb","itemListElement":[{"@type":"ListItem","position":1,"name":"International","item":"https:\/\/filles-de-la-charite.org\/fr\/category\/international-fr\/"},{"@type":"ListItem","position":2,"name":"Rencontre RAEMH au Maroc : tisser des r\u00e9seaux de justice et d\u2019esp\u00e9rance"}]},{"@type":"WebSite","@id":"https:\/\/filles-de-la-charite.org\/fr\/#website","url":"https:\/\/filles-de-la-charite.org\/fr\/","name":"Hijas de la Caridad","description":"L\u2019amour de J\u00e9sus nous presse \u00e0 prendre soin des personnes les plus d\u00e9munies","publisher":{"@id":"https:\/\/filles-de-la-charite.org\/fr\/#organization"},"potentialAction":[{"@type":"SearchAction","target":{"@type":"EntryPoint","urlTemplate":"https:\/\/filles-de-la-charite.org\/fr\/?s={search_term_string}"},"query-input":{"@type":"PropertyValueSpecification","valueRequired":true,"valueName":"search_term_string"}}],"inLanguage":"fr-FR"},{"@type":"Organization","@id":"https:\/\/filles-de-la-charite.org\/fr\/#organization","name":"Hijas de la Caridad","url":"https:\/\/filles-de-la-charite.org\/fr\/","logo":{"@type":"ImageObject","inLanguage":"fr-FR","@id":"https:\/\/filles-de-la-charite.org\/fr\/#\/schema\/logo\/image\/","url":"https:\/\/filles-de-la-charite.org\/wp-content\/uploads\/2023\/03\/isotipo-Hijas-de-la-Caridad.png","contentUrl":"https:\/\/filles-de-la-charite.org\/wp-content\/uploads\/2023\/03\/isotipo-Hijas-de-la-Caridad.png","width":1417,"height":1417,"caption":"Hijas de la Caridad"},"image":{"@id":"https:\/\/filles-de-la-charite.org\/fr\/#\/schema\/logo\/image\/"}},{"@type":"Person","@id":"https:\/\/filles-de-la-charite.org\/fr\/#\/schema\/person\/0c922b6ca71280639858d297b3a7209f","name":"SOR MARTA","image":{"@type":"ImageObject","inLanguage":"fr-FR","@id":"https:\/\/secure.gravatar.com\/avatar\/d2c45b0fd6bf2d3e2670ab3d112257c24ac80fa960360bba1bdc0676485d1d09?s=96&d=mm&r=g","url":"https:\/\/secure.gravatar.com\/avatar\/d2c45b0fd6bf2d3e2670ab3d112257c24ac80fa960360bba1bdc0676485d1d09?s=96&d=mm&r=g","contentUrl":"https:\/\/secure.gravatar.com\/avatar\/d2c45b0fd6bf2d3e2670ab3d112257c24ac80fa960360bba1bdc0676485d1d09?s=96&d=mm&r=g","caption":"SOR MARTA"},"url":"https:\/\/filles-de-la-charite.org\/fr\/author\/martaemn\/"}]}},"_links":{"self":[{"href":"https:\/\/filles-de-la-charite.org\/fr\/wp-json\/wp\/v2\/posts\/44067","targetHints":{"allow":["GET"]}}],"collection":[{"href":"https:\/\/filles-de-la-charite.org\/fr\/wp-json\/wp\/v2\/posts"}],"about":[{"href":"https:\/\/filles-de-la-charite.org\/fr\/wp-json\/wp\/v2\/types\/post"}],"author":[{"embeddable":true,"href":"https:\/\/filles-de-la-charite.org\/fr\/wp-json\/wp\/v2\/users\/5"}],"replies":[{"embeddable":true,"href":"https:\/\/filles-de-la-charite.org\/fr\/wp-json\/wp\/v2\/comments?post=44067"}],"version-history":[{"count":3,"href":"https:\/\/filles-de-la-charite.org\/fr\/wp-json\/wp\/v2\/posts\/44067\/revisions"}],"predecessor-version":[{"id":44101,"href":"https:\/\/filles-de-la-charite.org\/fr\/wp-json\/wp\/v2\/posts\/44067\/revisions\/44101"}],"wp:featuredmedia":[{"embeddable":true,"href":"https:\/\/filles-de-la-charite.org\/fr\/wp-json\/wp\/v2\/media\/44054"}],"wp:attachment":[{"href":"https:\/\/filles-de-la-charite.org\/fr\/wp-json\/wp\/v2\/media?parent=44067"}],"wp:term":[{"taxonomy":"category","embeddable":true,"href":"https:\/\/filles-de-la-charite.org\/fr\/wp-json\/wp\/v2\/categories?post=44067"},{"taxonomy":"post_tag","embeddable":true,"href":"https:\/\/filles-de-la-charite.org\/fr\/wp-json\/wp\/v2\/tags?post=44067"}],"curies":[{"name":"wp","href":"https:\/\/api.w.org\/{rel}","templated":true}]}}