{"id":46318,"date":"2025-09-04T08:22:00","date_gmt":"2025-09-04T06:22:00","guid":{"rendered":"https:\/\/filles-de-la-charite.org\/?p=46318"},"modified":"2025-09-04T09:41:19","modified_gmt":"2025-09-04T07:41:19","slug":"yo-encuentro-a-jesus-en-mis-hermanos-y-hermanas-los-jovenes-albaneses-viven-una-semana-de-servicio-vicenciano","status":"publish","type":"post","link":"https:\/\/filles-de-la-charite.org\/fr\/yo-encuentro-a-jesus-en-mis-hermanos-y-hermanas-los-jovenes-albaneses-viven-una-semana-de-servicio-vicenciano\/","title":{"rendered":"\u00ab\u00a0Je rencontre J\u00e9sus dans mes fr\u00e8res et s\u0153urs \u00bb : Les jeunes albanais vivent une semaine de service vincentien"},"content":{"rendered":"\n<p>Shkodra, Albanie \u2014 La ville de Shkodra s\u2019est remplie de la joie et de la vitalit\u00e9 d&rsquo;une soixantaine de jeunes venus de toute l\u2019Albanie, cette fois-ci non pas seulement pour une rencontre ou une promenade, mais pour vivre une semaine de service \u00e0 la mani\u00e8re vincentienne. Avec les Filles de la Charit\u00e9, les Lazaristes, la JMV, l\u2019AMM et d\u2019autres jeunes collaborateurs de la Famille vincentienne, ils ont v\u00e9cu le camp-service.<\/p>\n\n\n\n<figure class=\"wp-block-image size-large\"><img loading=\"lazy\" decoding=\"async\" width=\"1024\" height=\"769\" src=\"https:\/\/filles-de-la-charite.org\/wp-content\/uploads\/2025\/09\/IMG-20250901-WA0012-1024x769.jpg\" alt=\"\" class=\"wp-image-46290\" srcset=\"https:\/\/filles-de-la-charite.org\/wp-content\/uploads\/2025\/09\/IMG-20250901-WA0012-980x736.jpg 980w, https:\/\/filles-de-la-charite.org\/wp-content\/uploads\/2025\/09\/IMG-20250901-WA0012-480x360.jpg 480w\" sizes=\"(min-width: 0px) and (max-width: 480px) 480px, (min-width: 481px) and (max-width: 980px) 980px, (min-width: 981px) 1024px, 100vw\" \/><\/figure>\n\n\n\n<p>Ce camp a \u00e9t\u00e9 une exp\u00e9rience riche de pri\u00e8re, de service, de formation, d\u2019amiti\u00e9 et de divertissement. Il a offert aux jeunes l\u2019opportunit\u00e9 de grandir dans les valeurs humaines et chr\u00e9tiennes, de renforcer leur relation avec le Christ et d\u2019approfondir leur solidarit\u00e9 et leur amour envers tous ceux qui sont dans des besoins vari\u00e9s.<\/p>\n\n\n\n<figure class=\"wp-block-image size-large\"><img loading=\"lazy\" decoding=\"async\" width=\"1024\" height=\"768\" src=\"https:\/\/filles-de-la-charite.org\/wp-content\/uploads\/2025\/09\/IMG-20250901-WA0017-1024x768.jpg\" alt=\"\" class=\"wp-image-46218\" srcset=\"https:\/\/filles-de-la-charite.org\/wp-content\/uploads\/2025\/09\/IMG-20250901-WA0017-980x735.jpg 980w, https:\/\/filles-de-la-charite.org\/wp-content\/uploads\/2025\/09\/IMG-20250901-WA0017-480x360.jpg 480w\" sizes=\"(min-width: 0px) and (max-width: 480px) 480px, (min-width: 481px) and (max-width: 980px) 980px, (min-width: 981px) 1024px, 100vw\" \/><\/figure>\n\n\n\n<p>Cette ann\u00e9e, les th\u00e8mes de formation choisis ont \u00e9t\u00e9 les suivants : P\u00e8lerins d\u2019Esp\u00e9rance, Intelligence Artificielle, Vocation et Vierge Marie dans notre vie. Il est vraiment merveilleux de voir la g\u00e9n\u00e9rosit\u00e9, la vitalit\u00e9, la joie et le d\u00e9vouement des jeunes. Pour nous, c\u2019est un signe de grande esp\u00e9rance dans l\u2019\u00c9glise et dans le monde.<\/p>\n\n\n\n<p>L\u2019exp\u00e9rience de service aupr\u00e8s des malades, des enfants, des personnes \u00e2g\u00e9es, des personnes handicap\u00e9es et des personnes ayant des difficult\u00e9s psychiques, a suscit\u00e9 chez les jeunes des r\u00e9flexions profondes jusqu\u2019aux larmes. Ils ont v\u00e9cu cette exp\u00e9rience comme une gr\u00e2ce et comme une le\u00e7on pour devenir plus reconnaissants du don de la sant\u00e9, de la famille et de tous les autres bienfaits.<\/p>\n\n\n\n<p>\u00c0 travers le camp-service, la Famille vincentienne continue de vivifier la flamme de notre charisme vincentien.<\/p>\n\n\n\n<div class=\"wp-block-responsive-lightbox-gallery\"><div class=\"et_pb_slider et_pb_slider_fullwidth_off et_pb_gallery_post_type\">\n\t\t\t\t<div class=\"et_pb_slides\">\n\t\t\t\t\t<div class=\"et_pb_slide\" style=\"background: url(https:\/\/filles-de-la-charite.org\/wp-content\/uploads\/2025\/09\/IMG-20250901-WA0016.jpg);\"><\/div><div class=\"et_pb_slide\" style=\"background: url(https:\/\/filles-de-la-charite.org\/wp-content\/uploads\/2025\/09\/IMG-20250901-WA0014.jpg);\"><\/div><div class=\"et_pb_slide\" style=\"background: url(https:\/\/filles-de-la-charite.org\/wp-content\/uploads\/2025\/09\/IMG-20250901-WA0013-scaled.jpg);\"><\/div><div class=\"et_pb_slide\" style=\"background: url(https:\/\/filles-de-la-charite.org\/wp-content\/uploads\/2025\/09\/IMG-20250901-WA0012.jpg);\"><\/div><div class=\"et_pb_slide\" style=\"background: url(https:\/\/filles-de-la-charite.org\/wp-content\/uploads\/2025\/09\/IMG-20250901-WA0011.jpg);\"><\/div><div class=\"et_pb_slide\" style=\"background: url(https:\/\/filles-de-la-charite.org\/wp-content\/uploads\/2025\/09\/IMG-20250901-WA0010.jpg);\"><\/div><div class=\"et_pb_slide\" style=\"background: url(https:\/\/filles-de-la-charite.org\/wp-content\/uploads\/2025\/09\/2025-09-01-o-11.06.25_22223ed9.jpg);\"><\/div><div class=\"et_pb_slide\" style=\"background: url(https:\/\/filles-de-la-charite.org\/wp-content\/uploads\/2025\/09\/2025-09-01-o-11.06.25_6c2c07da.jpg);\"><\/div><div class=\"et_pb_slide\" style=\"background: url(https:\/\/filles-de-la-charite.org\/wp-content\/uploads\/2025\/09\/2025-09-01-o-11.06.24_beef5da2.jpg);\"><\/div><div class=\"et_pb_slide\" style=\"background: url(https:\/\/filles-de-la-charite.org\/wp-content\/uploads\/2025\/09\/2025-09-01-o-11.06.21_e5e67ad8-scaled.jpg);\"><\/div><div class=\"et_pb_slide\" style=\"background: url(https:\/\/filles-de-la-charite.org\/wp-content\/uploads\/2025\/09\/2025-09-01-o-11.06.21_03602c0f.jpg);\"><\/div><div class=\"et_pb_slide\" style=\"background: url(https:\/\/filles-de-la-charite.org\/wp-content\/uploads\/2025\/09\/2025-09-01-o-11.06.21_545e8e06.jpg);\"><\/div><div class=\"et_pb_slide\" style=\"background: url(https:\/\/filles-de-la-charite.org\/wp-content\/uploads\/2025\/09\/IMG-20250901-WA0020.jpg);\"><\/div><div class=\"et_pb_slide\" style=\"background: url(https:\/\/filles-de-la-charite.org\/wp-content\/uploads\/2025\/09\/IMG-20250901-WA0019.jpg);\"><\/div><div class=\"et_pb_slide\" style=\"background: url(https:\/\/filles-de-la-charite.org\/wp-content\/uploads\/2025\/09\/IMG-20250901-WA0018.jpg);\"><\/div><div class=\"et_pb_slide\" style=\"background: url(https:\/\/filles-de-la-charite.org\/wp-content\/uploads\/2025\/09\/IMG-20250901-WA0017.jpg);\"><\/div><div class=\"et_pb_slide\" style=\"background: url(https:\/\/filles-de-la-charite.org\/wp-content\/uploads\/2025\/09\/IMG-20250901-WA0015.jpg);\"><\/div>\n\t\t\t\t<\/div>\n\t\t\t<\/div><\/div>\n","protected":false},"excerpt":{"rendered":"<p>Shkodra, Albanie \u2014 La ville de Shkodra s\u2019est remplie de la joie et de la vitalit\u00e9 d&rsquo;une soixantaine de jeunes venus de toute l\u2019Albanie, cette fois-ci non pas seulement pour une rencontre ou une promenade, mais pour vivre une semaine de service \u00e0 la mani\u00e8re vincentienne. Avec les Filles de la Charit\u00e9, les Lazaristes, la [&hellip;]<\/p>\n","protected":false},"author":5,"featured_media":46256,"comment_status":"closed","ping_status":"closed","sticky":false,"template":"","format":"standard","meta":{"_acf_changed":false,"_et_pb_use_builder":"","_et_pb_old_content":"","_et_gb_content_width":"","footnotes":"","_links_to":"","_links_to_target":""},"categories":[908],"tags":[],"class_list":["post-46318","post","type-post","status-publish","format-standard","has-post-thumbnail","hentry","category-albanie"],"acf":[],"yoast_head":"<!-- This site is optimized with the Yoast SEO plugin v27.5 - https:\/\/yoast.com\/product\/yoast-seo-wordpress\/ -->\n<title>\u00ab\u00a0Je rencontre J\u00e9sus dans mes fr\u00e8res et s\u0153urs \u00bb : Les jeunes albanais vivent une semaine de service vincentien - Filles de la Charit\u00e9<\/title>\n<meta name=\"robots\" content=\"index, follow, max-snippet:-1, max-image-preview:large, max-video-preview:-1\" \/>\n<link rel=\"canonical\" href=\"https:\/\/filles-de-la-charite.org\/fr\/yo-encuentro-a-jesus-en-mis-hermanos-y-hermanas-los-jovenes-albaneses-viven-una-semana-de-servicio-vicenciano\/\" \/>\n<meta property=\"og:locale\" content=\"fr_FR\" \/>\n<meta property=\"og:type\" content=\"article\" \/>\n<meta property=\"og:title\" content=\"\u00ab\u00a0Je rencontre J\u00e9sus dans mes fr\u00e8res et s\u0153urs \u00bb : Les jeunes albanais vivent une semaine de service vincentien - Filles de la Charit\u00e9\" \/>\n<meta property=\"og:description\" content=\"Shkodra, Albanie \u2014 La ville de Shkodra s\u2019est remplie de la joie et de la vitalit\u00e9 d&rsquo;une soixantaine de jeunes venus de toute l\u2019Albanie, cette fois-ci non pas seulement pour une rencontre ou une promenade, mais pour vivre une semaine de service \u00e0 la mani\u00e8re vincentienne. Avec les Filles de la Charit\u00e9, les Lazaristes, la [&hellip;]\" \/>\n<meta property=\"og:url\" content=\"https:\/\/filles-de-la-charite.org\/fr\/yo-encuentro-a-jesus-en-mis-hermanos-y-hermanas-los-jovenes-albaneses-viven-una-semana-de-servicio-vicenciano\/\" \/>\n<meta property=\"og:site_name\" content=\"Filles de la Charit\u00e9\" \/>\n<meta property=\"article:published_time\" content=\"2025-09-04T06:22:00+00:00\" \/>\n<meta property=\"article:modified_time\" content=\"2025-09-04T07:41:19+00:00\" \/>\n<meta property=\"og:image\" content=\"https:\/\/filles-de-la-charite.org\/wp-content\/uploads\/2025\/09\/2025-09-01-o-11.06.21_e5e67ad8-scaled.jpg\" \/>\n\t<meta property=\"og:image:width\" content=\"2349\" \/>\n\t<meta property=\"og:image:height\" content=\"2560\" \/>\n\t<meta property=\"og:image:type\" content=\"image\/jpeg\" \/>\n<meta name=\"author\" content=\"SOR MARTA\" \/>\n<meta name=\"twitter:card\" content=\"summary_large_image\" \/>\n<meta name=\"twitter:label1\" content=\"\u00c9crit par\" \/>\n\t<meta name=\"twitter:data1\" content=\"SOR MARTA\" \/>\n\t<meta name=\"twitter:label2\" content=\"Dur\u00e9e de lecture estim\u00e9e\" \/>\n\t<meta name=\"twitter:data2\" content=\"2 minutes\" \/>\n<script type=\"application\/ld+json\" class=\"yoast-schema-graph\">{\"@context\":\"https:\\\/\\\/schema.org\",\"@graph\":[{\"@type\":\"Article\",\"@id\":\"https:\\\/\\\/filles-de-la-charite.org\\\/fr\\\/yo-encuentro-a-jesus-en-mis-hermanos-y-hermanas-los-jovenes-albaneses-viven-una-semana-de-servicio-vicenciano\\\/#article\",\"isPartOf\":{\"@id\":\"https:\\\/\\\/filles-de-la-charite.org\\\/fr\\\/yo-encuentro-a-jesus-en-mis-hermanos-y-hermanas-los-jovenes-albaneses-viven-una-semana-de-servicio-vicenciano\\\/\"},\"author\":{\"name\":\"SOR MARTA\",\"@id\":\"https:\\\/\\\/filles-de-la-charite.org\\\/fr\\\/#\\\/schema\\\/person\\\/0c922b6ca71280639858d297b3a7209f\"},\"headline\":\"\u00ab\u00a0Je rencontre J\u00e9sus dans mes fr\u00e8res et s\u0153urs \u00bb : Les jeunes albanais vivent une semaine de service vincentien\",\"datePublished\":\"2025-09-04T06:22:00+00:00\",\"dateModified\":\"2025-09-04T07:41:19+00:00\",\"mainEntityOfPage\":{\"@id\":\"https:\\\/\\\/filles-de-la-charite.org\\\/fr\\\/yo-encuentro-a-jesus-en-mis-hermanos-y-hermanas-los-jovenes-albaneses-viven-una-semana-de-servicio-vicenciano\\\/\"},\"wordCount\":311,\"publisher\":{\"@id\":\"https:\\\/\\\/filles-de-la-charite.org\\\/fr\\\/#organization\"},\"image\":{\"@id\":\"https:\\\/\\\/filles-de-la-charite.org\\\/fr\\\/yo-encuentro-a-jesus-en-mis-hermanos-y-hermanas-los-jovenes-albaneses-viven-una-semana-de-servicio-vicenciano\\\/#primaryimage\"},\"thumbnailUrl\":\"https:\\\/\\\/filles-de-la-charite.org\\\/wp-content\\\/uploads\\\/2025\\\/09\\\/2025-09-01-o-11.06.21_e5e67ad8-scaled.jpg\",\"articleSection\":[\"Albanie\"],\"inLanguage\":\"fr-FR\"},{\"@type\":\"WebPage\",\"@id\":\"https:\\\/\\\/filles-de-la-charite.org\\\/fr\\\/yo-encuentro-a-jesus-en-mis-hermanos-y-hermanas-los-jovenes-albaneses-viven-una-semana-de-servicio-vicenciano\\\/\",\"url\":\"https:\\\/\\\/filles-de-la-charite.org\\\/fr\\\/yo-encuentro-a-jesus-en-mis-hermanos-y-hermanas-los-jovenes-albaneses-viven-una-semana-de-servicio-vicenciano\\\/\",\"name\":\"\u00ab\u00a0Je rencontre J\u00e9sus dans mes fr\u00e8res et s\u0153urs \u00bb : Les jeunes albanais vivent une semaine de service vincentien - Filles de la Charit\u00e9\",\"isPartOf\":{\"@id\":\"https:\\\/\\\/filles-de-la-charite.org\\\/fr\\\/#website\"},\"primaryImageOfPage\":{\"@id\":\"https:\\\/\\\/filles-de-la-charite.org\\\/fr\\\/yo-encuentro-a-jesus-en-mis-hermanos-y-hermanas-los-jovenes-albaneses-viven-una-semana-de-servicio-vicenciano\\\/#primaryimage\"},\"image\":{\"@id\":\"https:\\\/\\\/filles-de-la-charite.org\\\/fr\\\/yo-encuentro-a-jesus-en-mis-hermanos-y-hermanas-los-jovenes-albaneses-viven-una-semana-de-servicio-vicenciano\\\/#primaryimage\"},\"thumbnailUrl\":\"https:\\\/\\\/filles-de-la-charite.org\\\/wp-content\\\/uploads\\\/2025\\\/09\\\/2025-09-01-o-11.06.21_e5e67ad8-scaled.jpg\",\"datePublished\":\"2025-09-04T06:22:00+00:00\",\"dateModified\":\"2025-09-04T07:41:19+00:00\",\"breadcrumb\":{\"@id\":\"https:\\\/\\\/filles-de-la-charite.org\\\/fr\\\/yo-encuentro-a-jesus-en-mis-hermanos-y-hermanas-los-jovenes-albaneses-viven-una-semana-de-servicio-vicenciano\\\/#breadcrumb\"},\"inLanguage\":\"fr-FR\",\"potentialAction\":[{\"@type\":\"ReadAction\",\"target\":[\"https:\\\/\\\/filles-de-la-charite.org\\\/fr\\\/yo-encuentro-a-jesus-en-mis-hermanos-y-hermanas-los-jovenes-albaneses-viven-una-semana-de-servicio-vicenciano\\\/\"]}]},{\"@type\":\"ImageObject\",\"inLanguage\":\"fr-FR\",\"@id\":\"https:\\\/\\\/filles-de-la-charite.org\\\/fr\\\/yo-encuentro-a-jesus-en-mis-hermanos-y-hermanas-los-jovenes-albaneses-viven-una-semana-de-servicio-vicenciano\\\/#primaryimage\",\"url\":\"https:\\\/\\\/filles-de-la-charite.org\\\/wp-content\\\/uploads\\\/2025\\\/09\\\/2025-09-01-o-11.06.21_e5e67ad8-scaled.jpg\",\"contentUrl\":\"https:\\\/\\\/filles-de-la-charite.org\\\/wp-content\\\/uploads\\\/2025\\\/09\\\/2025-09-01-o-11.06.21_e5e67ad8-scaled.jpg\",\"width\":2349,\"height\":2560},{\"@type\":\"BreadcrumbList\",\"@id\":\"https:\\\/\\\/filles-de-la-charite.org\\\/fr\\\/yo-encuentro-a-jesus-en-mis-hermanos-y-hermanas-los-jovenes-albaneses-viven-una-semana-de-servicio-vicenciano\\\/#breadcrumb\",\"itemListElement\":[{\"@type\":\"ListItem\",\"position\":1,\"name\":\"Albanie\",\"item\":\"https:\\\/\\\/filles-de-la-charite.org\\\/fr\\\/category\\\/albanie\\\/\"},{\"@type\":\"ListItem\",\"position\":2,\"name\":\"\u00ab\u00a0Je rencontre J\u00e9sus dans mes fr\u00e8res et s\u0153urs \u00bb : Les jeunes albanais vivent une semaine de service vincentien\"}]},{\"@type\":\"WebSite\",\"@id\":\"https:\\\/\\\/filles-de-la-charite.org\\\/fr\\\/#website\",\"url\":\"https:\\\/\\\/filles-de-la-charite.org\\\/fr\\\/\",\"name\":\"Hijas de la Caridad\",\"description\":\"L\u2019amour de J\u00e9sus nous presse \u00e0 prendre soin des personnes les plus d\u00e9munies\",\"publisher\":{\"@id\":\"https:\\\/\\\/filles-de-la-charite.org\\\/fr\\\/#organization\"},\"potentialAction\":[{\"@type\":\"SearchAction\",\"target\":{\"@type\":\"EntryPoint\",\"urlTemplate\":\"https:\\\/\\\/filles-de-la-charite.org\\\/fr\\\/?s={search_term_string}\"},\"query-input\":{\"@type\":\"PropertyValueSpecification\",\"valueRequired\":true,\"valueName\":\"search_term_string\"}}],\"inLanguage\":\"fr-FR\"},{\"@type\":\"Organization\",\"@id\":\"https:\\\/\\\/filles-de-la-charite.org\\\/fr\\\/#organization\",\"name\":\"Hijas de la Caridad\",\"url\":\"https:\\\/\\\/filles-de-la-charite.org\\\/fr\\\/\",\"logo\":{\"@type\":\"ImageObject\",\"inLanguage\":\"fr-FR\",\"@id\":\"https:\\\/\\\/filles-de-la-charite.org\\\/fr\\\/#\\\/schema\\\/logo\\\/image\\\/\",\"url\":\"https:\\\/\\\/filles-de-la-charite.org\\\/wp-content\\\/uploads\\\/2023\\\/03\\\/isotipo-Hijas-de-la-Caridad.png\",\"contentUrl\":\"https:\\\/\\\/filles-de-la-charite.org\\\/wp-content\\\/uploads\\\/2023\\\/03\\\/isotipo-Hijas-de-la-Caridad.png\",\"width\":1417,\"height\":1417,\"caption\":\"Hijas de la Caridad\"},\"image\":{\"@id\":\"https:\\\/\\\/filles-de-la-charite.org\\\/fr\\\/#\\\/schema\\\/logo\\\/image\\\/\"}},{\"@type\":\"Person\",\"@id\":\"https:\\\/\\\/filles-de-la-charite.org\\\/fr\\\/#\\\/schema\\\/person\\\/0c922b6ca71280639858d297b3a7209f\",\"name\":\"SOR MARTA\",\"image\":{\"@type\":\"ImageObject\",\"inLanguage\":\"fr-FR\",\"@id\":\"https:\\\/\\\/secure.gravatar.com\\\/avatar\\\/d2c45b0fd6bf2d3e2670ab3d112257c24ac80fa960360bba1bdc0676485d1d09?s=96&d=mm&r=g\",\"url\":\"https:\\\/\\\/secure.gravatar.com\\\/avatar\\\/d2c45b0fd6bf2d3e2670ab3d112257c24ac80fa960360bba1bdc0676485d1d09?s=96&d=mm&r=g\",\"contentUrl\":\"https:\\\/\\\/secure.gravatar.com\\\/avatar\\\/d2c45b0fd6bf2d3e2670ab3d112257c24ac80fa960360bba1bdc0676485d1d09?s=96&d=mm&r=g\",\"caption\":\"SOR MARTA\"},\"url\":\"https:\\\/\\\/filles-de-la-charite.org\\\/fr\\\/author\\\/martaemn\\\/\"}]}<\/script>\n<!-- \/ Yoast SEO plugin. -->","yoast_head_json":{"title":"\u00ab\u00a0Je rencontre J\u00e9sus dans mes fr\u00e8res et s\u0153urs \u00bb : Les jeunes albanais vivent une semaine de service vincentien - Filles de la Charit\u00e9","robots":{"index":"index","follow":"follow","max-snippet":"max-snippet:-1","max-image-preview":"max-image-preview:large","max-video-preview":"max-video-preview:-1"},"canonical":"https:\/\/filles-de-la-charite.org\/fr\/yo-encuentro-a-jesus-en-mis-hermanos-y-hermanas-los-jovenes-albaneses-viven-una-semana-de-servicio-vicenciano\/","og_locale":"fr_FR","og_type":"article","og_title":"\u00ab\u00a0Je rencontre J\u00e9sus dans mes fr\u00e8res et s\u0153urs \u00bb : Les jeunes albanais vivent une semaine de service vincentien - Filles de la Charit\u00e9","og_description":"Shkodra, Albanie \u2014 La ville de Shkodra s\u2019est remplie de la joie et de la vitalit\u00e9 d&rsquo;une soixantaine de jeunes venus de toute l\u2019Albanie, cette fois-ci non pas seulement pour une rencontre ou une promenade, mais pour vivre une semaine de service \u00e0 la mani\u00e8re vincentienne. Avec les Filles de la Charit\u00e9, les Lazaristes, la [&hellip;]","og_url":"https:\/\/filles-de-la-charite.org\/fr\/yo-encuentro-a-jesus-en-mis-hermanos-y-hermanas-los-jovenes-albaneses-viven-una-semana-de-servicio-vicenciano\/","og_site_name":"Filles de la Charit\u00e9","article_published_time":"2025-09-04T06:22:00+00:00","article_modified_time":"2025-09-04T07:41:19+00:00","og_image":[{"width":2349,"height":2560,"url":"https:\/\/filles-de-la-charite.org\/wp-content\/uploads\/2025\/09\/2025-09-01-o-11.06.21_e5e67ad8-scaled.jpg","type":"image\/jpeg"}],"author":"SOR MARTA","twitter_card":"summary_large_image","twitter_misc":{"\u00c9crit par":"SOR MARTA","Dur\u00e9e de lecture estim\u00e9e":"2 minutes"},"schema":{"@context":"https:\/\/schema.org","@graph":[{"@type":"Article","@id":"https:\/\/filles-de-la-charite.org\/fr\/yo-encuentro-a-jesus-en-mis-hermanos-y-hermanas-los-jovenes-albaneses-viven-una-semana-de-servicio-vicenciano\/#article","isPartOf":{"@id":"https:\/\/filles-de-la-charite.org\/fr\/yo-encuentro-a-jesus-en-mis-hermanos-y-hermanas-los-jovenes-albaneses-viven-una-semana-de-servicio-vicenciano\/"},"author":{"name":"SOR MARTA","@id":"https:\/\/filles-de-la-charite.org\/fr\/#\/schema\/person\/0c922b6ca71280639858d297b3a7209f"},"headline":"\u00ab\u00a0Je rencontre J\u00e9sus dans mes fr\u00e8res et s\u0153urs \u00bb : Les jeunes albanais vivent une semaine de service vincentien","datePublished":"2025-09-04T06:22:00+00:00","dateModified":"2025-09-04T07:41:19+00:00","mainEntityOfPage":{"@id":"https:\/\/filles-de-la-charite.org\/fr\/yo-encuentro-a-jesus-en-mis-hermanos-y-hermanas-los-jovenes-albaneses-viven-una-semana-de-servicio-vicenciano\/"},"wordCount":311,"publisher":{"@id":"https:\/\/filles-de-la-charite.org\/fr\/#organization"},"image":{"@id":"https:\/\/filles-de-la-charite.org\/fr\/yo-encuentro-a-jesus-en-mis-hermanos-y-hermanas-los-jovenes-albaneses-viven-una-semana-de-servicio-vicenciano\/#primaryimage"},"thumbnailUrl":"https:\/\/filles-de-la-charite.org\/wp-content\/uploads\/2025\/09\/2025-09-01-o-11.06.21_e5e67ad8-scaled.jpg","articleSection":["Albanie"],"inLanguage":"fr-FR"},{"@type":"WebPage","@id":"https:\/\/filles-de-la-charite.org\/fr\/yo-encuentro-a-jesus-en-mis-hermanos-y-hermanas-los-jovenes-albaneses-viven-una-semana-de-servicio-vicenciano\/","url":"https:\/\/filles-de-la-charite.org\/fr\/yo-encuentro-a-jesus-en-mis-hermanos-y-hermanas-los-jovenes-albaneses-viven-una-semana-de-servicio-vicenciano\/","name":"\u00ab\u00a0Je rencontre J\u00e9sus dans mes fr\u00e8res et s\u0153urs \u00bb : Les jeunes albanais vivent une semaine de service vincentien - Filles de la Charit\u00e9","isPartOf":{"@id":"https:\/\/filles-de-la-charite.org\/fr\/#website"},"primaryImageOfPage":{"@id":"https:\/\/filles-de-la-charite.org\/fr\/yo-encuentro-a-jesus-en-mis-hermanos-y-hermanas-los-jovenes-albaneses-viven-una-semana-de-servicio-vicenciano\/#primaryimage"},"image":{"@id":"https:\/\/filles-de-la-charite.org\/fr\/yo-encuentro-a-jesus-en-mis-hermanos-y-hermanas-los-jovenes-albaneses-viven-una-semana-de-servicio-vicenciano\/#primaryimage"},"thumbnailUrl":"https:\/\/filles-de-la-charite.org\/wp-content\/uploads\/2025\/09\/2025-09-01-o-11.06.21_e5e67ad8-scaled.jpg","datePublished":"2025-09-04T06:22:00+00:00","dateModified":"2025-09-04T07:41:19+00:00","breadcrumb":{"@id":"https:\/\/filles-de-la-charite.org\/fr\/yo-encuentro-a-jesus-en-mis-hermanos-y-hermanas-los-jovenes-albaneses-viven-una-semana-de-servicio-vicenciano\/#breadcrumb"},"inLanguage":"fr-FR","potentialAction":[{"@type":"ReadAction","target":["https:\/\/filles-de-la-charite.org\/fr\/yo-encuentro-a-jesus-en-mis-hermanos-y-hermanas-los-jovenes-albaneses-viven-una-semana-de-servicio-vicenciano\/"]}]},{"@type":"ImageObject","inLanguage":"fr-FR","@id":"https:\/\/filles-de-la-charite.org\/fr\/yo-encuentro-a-jesus-en-mis-hermanos-y-hermanas-los-jovenes-albaneses-viven-una-semana-de-servicio-vicenciano\/#primaryimage","url":"https:\/\/filles-de-la-charite.org\/wp-content\/uploads\/2025\/09\/2025-09-01-o-11.06.21_e5e67ad8-scaled.jpg","contentUrl":"https:\/\/filles-de-la-charite.org\/wp-content\/uploads\/2025\/09\/2025-09-01-o-11.06.21_e5e67ad8-scaled.jpg","width":2349,"height":2560},{"@type":"BreadcrumbList","@id":"https:\/\/filles-de-la-charite.org\/fr\/yo-encuentro-a-jesus-en-mis-hermanos-y-hermanas-los-jovenes-albaneses-viven-una-semana-de-servicio-vicenciano\/#breadcrumb","itemListElement":[{"@type":"ListItem","position":1,"name":"Albanie","item":"https:\/\/filles-de-la-charite.org\/fr\/category\/albanie\/"},{"@type":"ListItem","position":2,"name":"\u00ab\u00a0Je rencontre J\u00e9sus dans mes fr\u00e8res et s\u0153urs \u00bb : Les jeunes albanais vivent une semaine de service vincentien"}]},{"@type":"WebSite","@id":"https:\/\/filles-de-la-charite.org\/fr\/#website","url":"https:\/\/filles-de-la-charite.org\/fr\/","name":"Hijas de la Caridad","description":"L\u2019amour de J\u00e9sus nous presse \u00e0 prendre soin des personnes les plus d\u00e9munies","publisher":{"@id":"https:\/\/filles-de-la-charite.org\/fr\/#organization"},"potentialAction":[{"@type":"SearchAction","target":{"@type":"EntryPoint","urlTemplate":"https:\/\/filles-de-la-charite.org\/fr\/?s={search_term_string}"},"query-input":{"@type":"PropertyValueSpecification","valueRequired":true,"valueName":"search_term_string"}}],"inLanguage":"fr-FR"},{"@type":"Organization","@id":"https:\/\/filles-de-la-charite.org\/fr\/#organization","name":"Hijas de la Caridad","url":"https:\/\/filles-de-la-charite.org\/fr\/","logo":{"@type":"ImageObject","inLanguage":"fr-FR","@id":"https:\/\/filles-de-la-charite.org\/fr\/#\/schema\/logo\/image\/","url":"https:\/\/filles-de-la-charite.org\/wp-content\/uploads\/2023\/03\/isotipo-Hijas-de-la-Caridad.png","contentUrl":"https:\/\/filles-de-la-charite.org\/wp-content\/uploads\/2023\/03\/isotipo-Hijas-de-la-Caridad.png","width":1417,"height":1417,"caption":"Hijas de la Caridad"},"image":{"@id":"https:\/\/filles-de-la-charite.org\/fr\/#\/schema\/logo\/image\/"}},{"@type":"Person","@id":"https:\/\/filles-de-la-charite.org\/fr\/#\/schema\/person\/0c922b6ca71280639858d297b3a7209f","name":"SOR MARTA","image":{"@type":"ImageObject","inLanguage":"fr-FR","@id":"https:\/\/secure.gravatar.com\/avatar\/d2c45b0fd6bf2d3e2670ab3d112257c24ac80fa960360bba1bdc0676485d1d09?s=96&d=mm&r=g","url":"https:\/\/secure.gravatar.com\/avatar\/d2c45b0fd6bf2d3e2670ab3d112257c24ac80fa960360bba1bdc0676485d1d09?s=96&d=mm&r=g","contentUrl":"https:\/\/secure.gravatar.com\/avatar\/d2c45b0fd6bf2d3e2670ab3d112257c24ac80fa960360bba1bdc0676485d1d09?s=96&d=mm&r=g","caption":"SOR MARTA"},"url":"https:\/\/filles-de-la-charite.org\/fr\/author\/martaemn\/"}]}},"_links":{"self":[{"href":"https:\/\/filles-de-la-charite.org\/fr\/wp-json\/wp\/v2\/posts\/46318","targetHints":{"allow":["GET"]}}],"collection":[{"href":"https:\/\/filles-de-la-charite.org\/fr\/wp-json\/wp\/v2\/posts"}],"about":[{"href":"https:\/\/filles-de-la-charite.org\/fr\/wp-json\/wp\/v2\/types\/post"}],"author":[{"embeddable":true,"href":"https:\/\/filles-de-la-charite.org\/fr\/wp-json\/wp\/v2\/users\/5"}],"replies":[{"embeddable":true,"href":"https:\/\/filles-de-la-charite.org\/fr\/wp-json\/wp\/v2\/comments?post=46318"}],"version-history":[{"count":3,"href":"https:\/\/filles-de-la-charite.org\/fr\/wp-json\/wp\/v2\/posts\/46318\/revisions"}],"predecessor-version":[{"id":46356,"href":"https:\/\/filles-de-la-charite.org\/fr\/wp-json\/wp\/v2\/posts\/46318\/revisions\/46356"}],"wp:featuredmedia":[{"embeddable":true,"href":"https:\/\/filles-de-la-charite.org\/fr\/wp-json\/wp\/v2\/media\/46256"}],"wp:attachment":[{"href":"https:\/\/filles-de-la-charite.org\/fr\/wp-json\/wp\/v2\/media?parent=46318"}],"wp:term":[{"taxonomy":"category","embeddable":true,"href":"https:\/\/filles-de-la-charite.org\/fr\/wp-json\/wp\/v2\/categories?post=46318"},{"taxonomy":"post_tag","embeddable":true,"href":"https:\/\/filles-de-la-charite.org\/fr\/wp-json\/wp\/v2\/tags?post=46318"}],"curies":[{"name":"wp","href":"https:\/\/api.w.org\/{rel}","templated":true}]}}