{"id":47116,"date":"2025-10-03T05:30:00","date_gmt":"2025-10-03T03:30:00","guid":{"rendered":"https:\/\/filles-de-la-charite.org\/?p=47116"},"modified":"2025-10-03T00:05:36","modified_gmt":"2025-10-02T22:05:36","slug":"encuentro-y-eucaristia-en-honor-de-san-vicente-de-paul","status":"publish","type":"post","link":"https:\/\/filles-de-la-charite.org\/fr\/encuentro-y-eucaristia-en-honor-de-san-vicente-de-paul\/","title":{"rendered":"R\u00c9UNION ET MESSE SOLENNELLE EN L&rsquo;HONNEUR DE SAINT VINCENT DE PAUL"},"content":{"rendered":"\n<p><strong>Saigon \u2013 20 septembre 2025<\/strong><\/p>\n\n\n\n<p>Pr\u00e8s de 300 membres de la Famille Vincentienne du Vietnam, ainsi que des bienfaiteurs et des invit\u00e9s, se sont joyeusement r\u00e9unis \u00e0 la Maison Provinciale des Filles de la Charit\u00e9 du Vietnam pour une rencontre fraternelle et une messe solennelle en l&rsquo;honneur de notre fondateur, Saint Vincent de Paul, le 20 septembre. La c\u00e9l\u00e9bration de cette ann\u00e9e \u00e9tait organis\u00e9e par la Jeunesse Mariale Vincentienne du Vietnam, avec le soutien de la Famille Vincentienne du Vietnam.<\/p>\n\n\n\n<figure class=\"wp-block-image size-large\"><img loading=\"lazy\" decoding=\"async\" width=\"1024\" height=\"682\" src=\"https:\/\/filles-de-la-charite.org\/wp-content\/uploads\/2025\/09\/WhatsApp-Image-2025-09-26-at-12.53.05-1024x682.jpeg\" alt=\"\" class=\"wp-image-46862\" srcset=\"https:\/\/filles-de-la-charite.org\/wp-content\/uploads\/2025\/09\/WhatsApp-Image-2025-09-26-at-12.53.05-1024x682.jpeg 1024w, https:\/\/filles-de-la-charite.org\/wp-content\/uploads\/2025\/09\/WhatsApp-Image-2025-09-26-at-12.53.05-980x653.jpeg 980w, https:\/\/filles-de-la-charite.org\/wp-content\/uploads\/2025\/09\/WhatsApp-Image-2025-09-26-at-12.53.05-480x320.jpeg 480w\" sizes=\"(min-width: 0px) and (max-width: 480px) 480px, (min-width: 481px) and (max-width: 980px) 980px, (min-width: 981px) 1024px, 100vw\" \/><\/figure>\n\n\n\n<p>La pr\u00e9sence du P\u00e8re Kiko, directeur g\u00e9n\u00e9ral adjoint de la JMV, et de Mme Marie Claire Balo, membre du Conseil Asie-Oc\u00e9anie de la JMV, qui si\u00e8ge \u00e9galement au Conseil ex\u00e9cutif de la Famille Vincentienne Internationale, a rendu cette rencontre particuli\u00e8rement significative.<\/p>\n\n\n\n<figure class=\"wp-block-image size-large\"><img loading=\"lazy\" decoding=\"async\" width=\"1024\" height=\"682\" src=\"https:\/\/filles-de-la-charite.org\/wp-content\/uploads\/2025\/09\/WhatsApp-Image-2025-09-26-at-12.52.51-1024x682.jpeg\" alt=\"\" class=\"wp-image-46868\" srcset=\"https:\/\/filles-de-la-charite.org\/wp-content\/uploads\/2025\/09\/WhatsApp-Image-2025-09-26-at-12.52.51-1024x682.jpeg 1024w, https:\/\/filles-de-la-charite.org\/wp-content\/uploads\/2025\/09\/WhatsApp-Image-2025-09-26-at-12.52.51-980x653.jpeg 980w, https:\/\/filles-de-la-charite.org\/wp-content\/uploads\/2025\/09\/WhatsApp-Image-2025-09-26-at-12.52.51-480x320.jpeg 480w\" sizes=\"(min-width: 0px) and (max-width: 480px) 480px, (min-width: 481px) and (max-width: 980px) 980px, (min-width: 981px) 1024px, 100vw\" \/><\/figure>\n\n\n\n<p>La journ\u00e9e a commenc\u00e9 par un accueil chaleureux et un moment de fraternit\u00e9, suivi d&rsquo;un discours de bienvenue du pr\u00e9sident de la Famille Vincentienne du Vietnam, qui a pr\u00e9sent\u00e9 le Conseil National de Coordination et a parl\u00e9 de sa mission et de ses activit\u00e9s. Ensuite, le discours sinc\u00e8re de Mme Claire a aid\u00e9 les membres au Vietnam \u00e0 mieux comprendre la mission mondiale de la Famille Vincentienne, inspirant \u00e0 tous un sentiment renouvel\u00e9 d&rsquo;unit\u00e9 dans l&rsquo;esprit vincentien et encourageant de nouvelles initiatives et collaborations pour servir ceux qui vivent dans la pauvret\u00e9.<\/p>\n\n\n\n<figure class=\"wp-block-image size-large\"><img loading=\"lazy\" decoding=\"async\" width=\"1024\" height=\"717\" src=\"https:\/\/filles-de-la-charite.org\/wp-content\/uploads\/2025\/09\/WhatsApp-Image-2025-09-26-at-12.52.27-1024x717.jpeg\" alt=\"\" class=\"wp-image-46856\" srcset=\"https:\/\/filles-de-la-charite.org\/wp-content\/uploads\/2025\/09\/WhatsApp-Image-2025-09-26-at-12.52.27-1024x717.jpeg 1024w, https:\/\/filles-de-la-charite.org\/wp-content\/uploads\/2025\/09\/WhatsApp-Image-2025-09-26-at-12.52.27-980x686.jpeg 980w, https:\/\/filles-de-la-charite.org\/wp-content\/uploads\/2025\/09\/WhatsApp-Image-2025-09-26-at-12.52.27-480x336.jpeg 480w\" sizes=\"(min-width: 0px) and (max-width: 480px) 480px, (min-width: 481px) and (max-width: 980px) 980px, (min-width: 981px) 1024px, 100vw\" \/><\/figure>\n\n\n\n<p>L&rsquo;un des moments forts de la c\u00e9l\u00e9bration a \u00e9t\u00e9 une repr\u00e9sentation \u00e9mouvante sur l&rsquo;esprit vincentien \u00e0 travers la vie du bienheureux Pier Giorgio Frassati, pr\u00e9sent\u00e9e par la JMV de Binh Loi, suivie d&rsquo;une messe solennelle et priante conc\u00e9l\u00e9br\u00e9e.<\/p>\n\n\n\n<figure class=\"wp-block-image size-large\"><img loading=\"lazy\" decoding=\"async\" width=\"1024\" height=\"682\" src=\"https:\/\/filles-de-la-charite.org\/wp-content\/uploads\/2025\/09\/WhatsApp-Image-2025-09-26-at-12.52.41-1024x682.jpeg\" alt=\"\" class=\"wp-image-46874\" srcset=\"https:\/\/filles-de-la-charite.org\/wp-content\/uploads\/2025\/09\/WhatsApp-Image-2025-09-26-at-12.52.41-1024x682.jpeg 1024w, https:\/\/filles-de-la-charite.org\/wp-content\/uploads\/2025\/09\/WhatsApp-Image-2025-09-26-at-12.52.41-980x653.jpeg 980w, https:\/\/filles-de-la-charite.org\/wp-content\/uploads\/2025\/09\/WhatsApp-Image-2025-09-26-at-12.52.41-480x320.jpeg 480w\" sizes=\"(min-width: 0px) and (max-width: 480px) 480px, (min-width: 481px) and (max-width: 980px) 980px, (min-width: 981px) 1024px, 100vw\" \/><\/figure>\n\n\n\n<p>Nous rendons gr\u00e2ce \u00e0 Dieu de nous avoir r\u00e9unis dans le charisme de la charit\u00e9 transmis par saint Vincent. Qu&rsquo;Il continue \u00e0 nous b\u00e9nir par l&rsquo;unit\u00e9 et l&rsquo;amour, afin que, dans chaque acte de service et de compassion, nous puissions glorifier Son nom.<\/p>\n","protected":false},"excerpt":{"rendered":"<p>Saigon \u2013 20 septembre 2025 Pr\u00e8s de 300 membres de la Famille Vincentienne du Vietnam, ainsi que des bienfaiteurs et des invit\u00e9s, se sont joyeusement r\u00e9unis \u00e0 la Maison Provinciale des Filles de la Charit\u00e9 du Vietnam pour une rencontre fraternelle et une messe solennelle en l&rsquo;honneur de notre fondateur, Saint Vincent de Paul, le [&hellip;]<\/p>\n","protected":false},"author":5,"featured_media":46858,"comment_status":"closed","ping_status":"closed","sticky":false,"template":"","format":"standard","meta":{"_acf_changed":false,"_et_pb_use_builder":"","_et_pb_old_content":"","_et_gb_content_width":"","footnotes":"","_links_to":"","_links_to_target":""},"categories":[648],"tags":[],"class_list":["post-47116","post","type-post","status-publish","format-standard","has-post-thumbnail","hentry","category-province-du-vietnam-fr"],"acf":[],"yoast_head":"<!-- This site is optimized with the Yoast SEO plugin v27.5 - https:\/\/yoast.com\/product\/yoast-seo-wordpress\/ -->\n<title>R\u00c9UNION ET MESSE SOLENNELLE EN L&#039;HONNEUR DE SAINT VINCENT DE PAUL - Filles de la Charit\u00e9<\/title>\n<meta name=\"robots\" content=\"index, follow, max-snippet:-1, max-image-preview:large, max-video-preview:-1\" \/>\n<link rel=\"canonical\" href=\"https:\/\/filles-de-la-charite.org\/fr\/encuentro-y-eucaristia-en-honor-de-san-vicente-de-paul\/\" \/>\n<meta property=\"og:locale\" content=\"fr_FR\" \/>\n<meta property=\"og:type\" content=\"article\" \/>\n<meta property=\"og:title\" content=\"R\u00c9UNION ET MESSE SOLENNELLE EN L&#039;HONNEUR DE SAINT VINCENT DE PAUL - Filles de la Charit\u00e9\" \/>\n<meta property=\"og:description\" content=\"Saigon \u2013 20 septembre 2025 Pr\u00e8s de 300 membres de la Famille Vincentienne du Vietnam, ainsi que des bienfaiteurs et des invit\u00e9s, se sont joyeusement r\u00e9unis \u00e0 la Maison Provinciale des Filles de la Charit\u00e9 du Vietnam pour une rencontre fraternelle et une messe solennelle en l&rsquo;honneur de notre fondateur, Saint Vincent de Paul, le [&hellip;]\" \/>\n<meta property=\"og:url\" content=\"https:\/\/filles-de-la-charite.org\/fr\/encuentro-y-eucaristia-en-honor-de-san-vicente-de-paul\/\" \/>\n<meta property=\"og:site_name\" content=\"Filles de la Charit\u00e9\" \/>\n<meta property=\"article:published_time\" content=\"2025-10-03T03:30:00+00:00\" \/>\n<meta property=\"og:image\" content=\"https:\/\/filles-de-la-charite.org\/wp-content\/uploads\/2025\/09\/WhatsApp-Image-2025-09-26-at-12.52.27.jpeg\" \/>\n\t<meta property=\"og:image:width\" content=\"1280\" \/>\n\t<meta property=\"og:image:height\" content=\"896\" \/>\n\t<meta property=\"og:image:type\" content=\"image\/jpeg\" \/>\n<meta name=\"author\" content=\"SOR MARTA\" \/>\n<meta name=\"twitter:card\" content=\"summary_large_image\" \/>\n<meta name=\"twitter:label1\" content=\"\u00c9crit par\" \/>\n\t<meta name=\"twitter:data1\" content=\"SOR MARTA\" \/>\n\t<meta name=\"twitter:label2\" content=\"Dur\u00e9e de lecture estim\u00e9e\" \/>\n\t<meta name=\"twitter:data2\" content=\"3 minutes\" \/>\n<script type=\"application\/ld+json\" class=\"yoast-schema-graph\">{\"@context\":\"https:\\\/\\\/schema.org\",\"@graph\":[{\"@type\":\"Article\",\"@id\":\"https:\\\/\\\/filles-de-la-charite.org\\\/fr\\\/encuentro-y-eucaristia-en-honor-de-san-vicente-de-paul\\\/#article\",\"isPartOf\":{\"@id\":\"https:\\\/\\\/filles-de-la-charite.org\\\/fr\\\/encuentro-y-eucaristia-en-honor-de-san-vicente-de-paul\\\/\"},\"author\":{\"name\":\"SOR MARTA\",\"@id\":\"https:\\\/\\\/filles-de-la-charite.org\\\/fr\\\/#\\\/schema\\\/person\\\/0c922b6ca71280639858d297b3a7209f\"},\"headline\":\"R\u00c9UNION ET MESSE SOLENNELLE EN L&rsquo;HONNEUR DE SAINT VINCENT DE PAUL\",\"datePublished\":\"2025-10-03T03:30:00+00:00\",\"mainEntityOfPage\":{\"@id\":\"https:\\\/\\\/filles-de-la-charite.org\\\/fr\\\/encuentro-y-eucaristia-en-honor-de-san-vicente-de-paul\\\/\"},\"wordCount\":337,\"publisher\":{\"@id\":\"https:\\\/\\\/filles-de-la-charite.org\\\/fr\\\/#organization\"},\"image\":{\"@id\":\"https:\\\/\\\/filles-de-la-charite.org\\\/fr\\\/encuentro-y-eucaristia-en-honor-de-san-vicente-de-paul\\\/#primaryimage\"},\"thumbnailUrl\":\"https:\\\/\\\/filles-de-la-charite.org\\\/wp-content\\\/uploads\\\/2025\\\/09\\\/WhatsApp-Image-2025-09-26-at-12.52.27.jpeg\",\"articleSection\":[\"Province du Vietnam\"],\"inLanguage\":\"fr-FR\"},{\"@type\":\"WebPage\",\"@id\":\"https:\\\/\\\/filles-de-la-charite.org\\\/fr\\\/encuentro-y-eucaristia-en-honor-de-san-vicente-de-paul\\\/\",\"url\":\"https:\\\/\\\/filles-de-la-charite.org\\\/fr\\\/encuentro-y-eucaristia-en-honor-de-san-vicente-de-paul\\\/\",\"name\":\"R\u00c9UNION ET MESSE SOLENNELLE EN L'HONNEUR DE SAINT VINCENT DE PAUL - Filles de la Charit\u00e9\",\"isPartOf\":{\"@id\":\"https:\\\/\\\/filles-de-la-charite.org\\\/fr\\\/#website\"},\"primaryImageOfPage\":{\"@id\":\"https:\\\/\\\/filles-de-la-charite.org\\\/fr\\\/encuentro-y-eucaristia-en-honor-de-san-vicente-de-paul\\\/#primaryimage\"},\"image\":{\"@id\":\"https:\\\/\\\/filles-de-la-charite.org\\\/fr\\\/encuentro-y-eucaristia-en-honor-de-san-vicente-de-paul\\\/#primaryimage\"},\"thumbnailUrl\":\"https:\\\/\\\/filles-de-la-charite.org\\\/wp-content\\\/uploads\\\/2025\\\/09\\\/WhatsApp-Image-2025-09-26-at-12.52.27.jpeg\",\"datePublished\":\"2025-10-03T03:30:00+00:00\",\"breadcrumb\":{\"@id\":\"https:\\\/\\\/filles-de-la-charite.org\\\/fr\\\/encuentro-y-eucaristia-en-honor-de-san-vicente-de-paul\\\/#breadcrumb\"},\"inLanguage\":\"fr-FR\",\"potentialAction\":[{\"@type\":\"ReadAction\",\"target\":[\"https:\\\/\\\/filles-de-la-charite.org\\\/fr\\\/encuentro-y-eucaristia-en-honor-de-san-vicente-de-paul\\\/\"]}]},{\"@type\":\"ImageObject\",\"inLanguage\":\"fr-FR\",\"@id\":\"https:\\\/\\\/filles-de-la-charite.org\\\/fr\\\/encuentro-y-eucaristia-en-honor-de-san-vicente-de-paul\\\/#primaryimage\",\"url\":\"https:\\\/\\\/filles-de-la-charite.org\\\/wp-content\\\/uploads\\\/2025\\\/09\\\/WhatsApp-Image-2025-09-26-at-12.52.27.jpeg\",\"contentUrl\":\"https:\\\/\\\/filles-de-la-charite.org\\\/wp-content\\\/uploads\\\/2025\\\/09\\\/WhatsApp-Image-2025-09-26-at-12.52.27.jpeg\",\"width\":1280,\"height\":896},{\"@type\":\"BreadcrumbList\",\"@id\":\"https:\\\/\\\/filles-de-la-charite.org\\\/fr\\\/encuentro-y-eucaristia-en-honor-de-san-vicente-de-paul\\\/#breadcrumb\",\"itemListElement\":[{\"@type\":\"ListItem\",\"position\":1,\"name\":\"Province du Vietnam\",\"item\":\"https:\\\/\\\/filles-de-la-charite.org\\\/fr\\\/category\\\/province-du-vietnam-fr\\\/\"},{\"@type\":\"ListItem\",\"position\":2,\"name\":\"R\u00c9UNION ET MESSE SOLENNELLE EN L&#8217;HONNEUR DE SAINT VINCENT DE PAUL\"}]},{\"@type\":\"WebSite\",\"@id\":\"https:\\\/\\\/filles-de-la-charite.org\\\/fr\\\/#website\",\"url\":\"https:\\\/\\\/filles-de-la-charite.org\\\/fr\\\/\",\"name\":\"Hijas de la Caridad\",\"description\":\"L\u2019amour de J\u00e9sus nous presse \u00e0 prendre soin des personnes les plus d\u00e9munies\",\"publisher\":{\"@id\":\"https:\\\/\\\/filles-de-la-charite.org\\\/fr\\\/#organization\"},\"potentialAction\":[{\"@type\":\"SearchAction\",\"target\":{\"@type\":\"EntryPoint\",\"urlTemplate\":\"https:\\\/\\\/filles-de-la-charite.org\\\/fr\\\/?s={search_term_string}\"},\"query-input\":{\"@type\":\"PropertyValueSpecification\",\"valueRequired\":true,\"valueName\":\"search_term_string\"}}],\"inLanguage\":\"fr-FR\"},{\"@type\":\"Organization\",\"@id\":\"https:\\\/\\\/filles-de-la-charite.org\\\/fr\\\/#organization\",\"name\":\"Hijas de la Caridad\",\"url\":\"https:\\\/\\\/filles-de-la-charite.org\\\/fr\\\/\",\"logo\":{\"@type\":\"ImageObject\",\"inLanguage\":\"fr-FR\",\"@id\":\"https:\\\/\\\/filles-de-la-charite.org\\\/fr\\\/#\\\/schema\\\/logo\\\/image\\\/\",\"url\":\"https:\\\/\\\/filles-de-la-charite.org\\\/wp-content\\\/uploads\\\/2023\\\/03\\\/isotipo-Hijas-de-la-Caridad.png\",\"contentUrl\":\"https:\\\/\\\/filles-de-la-charite.org\\\/wp-content\\\/uploads\\\/2023\\\/03\\\/isotipo-Hijas-de-la-Caridad.png\",\"width\":1417,\"height\":1417,\"caption\":\"Hijas de la Caridad\"},\"image\":{\"@id\":\"https:\\\/\\\/filles-de-la-charite.org\\\/fr\\\/#\\\/schema\\\/logo\\\/image\\\/\"}},{\"@type\":\"Person\",\"@id\":\"https:\\\/\\\/filles-de-la-charite.org\\\/fr\\\/#\\\/schema\\\/person\\\/0c922b6ca71280639858d297b3a7209f\",\"name\":\"SOR MARTA\",\"image\":{\"@type\":\"ImageObject\",\"inLanguage\":\"fr-FR\",\"@id\":\"https:\\\/\\\/secure.gravatar.com\\\/avatar\\\/d2c45b0fd6bf2d3e2670ab3d112257c24ac80fa960360bba1bdc0676485d1d09?s=96&d=mm&r=g\",\"url\":\"https:\\\/\\\/secure.gravatar.com\\\/avatar\\\/d2c45b0fd6bf2d3e2670ab3d112257c24ac80fa960360bba1bdc0676485d1d09?s=96&d=mm&r=g\",\"contentUrl\":\"https:\\\/\\\/secure.gravatar.com\\\/avatar\\\/d2c45b0fd6bf2d3e2670ab3d112257c24ac80fa960360bba1bdc0676485d1d09?s=96&d=mm&r=g\",\"caption\":\"SOR MARTA\"},\"url\":\"https:\\\/\\\/filles-de-la-charite.org\\\/fr\\\/author\\\/martaemn\\\/\"}]}<\/script>\n<!-- \/ Yoast SEO plugin. -->","yoast_head_json":{"title":"R\u00c9UNION ET MESSE SOLENNELLE EN L'HONNEUR DE SAINT VINCENT DE PAUL - Filles de la Charit\u00e9","robots":{"index":"index","follow":"follow","max-snippet":"max-snippet:-1","max-image-preview":"max-image-preview:large","max-video-preview":"max-video-preview:-1"},"canonical":"https:\/\/filles-de-la-charite.org\/fr\/encuentro-y-eucaristia-en-honor-de-san-vicente-de-paul\/","og_locale":"fr_FR","og_type":"article","og_title":"R\u00c9UNION ET MESSE SOLENNELLE EN L'HONNEUR DE SAINT VINCENT DE PAUL - Filles de la Charit\u00e9","og_description":"Saigon \u2013 20 septembre 2025 Pr\u00e8s de 300 membres de la Famille Vincentienne du Vietnam, ainsi que des bienfaiteurs et des invit\u00e9s, se sont joyeusement r\u00e9unis \u00e0 la Maison Provinciale des Filles de la Charit\u00e9 du Vietnam pour une rencontre fraternelle et une messe solennelle en l&rsquo;honneur de notre fondateur, Saint Vincent de Paul, le [&hellip;]","og_url":"https:\/\/filles-de-la-charite.org\/fr\/encuentro-y-eucaristia-en-honor-de-san-vicente-de-paul\/","og_site_name":"Filles de la Charit\u00e9","article_published_time":"2025-10-03T03:30:00+00:00","og_image":[{"width":1280,"height":896,"url":"https:\/\/filles-de-la-charite.org\/wp-content\/uploads\/2025\/09\/WhatsApp-Image-2025-09-26-at-12.52.27.jpeg","type":"image\/jpeg"}],"author":"SOR MARTA","twitter_card":"summary_large_image","twitter_misc":{"\u00c9crit par":"SOR MARTA","Dur\u00e9e de lecture estim\u00e9e":"3 minutes"},"schema":{"@context":"https:\/\/schema.org","@graph":[{"@type":"Article","@id":"https:\/\/filles-de-la-charite.org\/fr\/encuentro-y-eucaristia-en-honor-de-san-vicente-de-paul\/#article","isPartOf":{"@id":"https:\/\/filles-de-la-charite.org\/fr\/encuentro-y-eucaristia-en-honor-de-san-vicente-de-paul\/"},"author":{"name":"SOR MARTA","@id":"https:\/\/filles-de-la-charite.org\/fr\/#\/schema\/person\/0c922b6ca71280639858d297b3a7209f"},"headline":"R\u00c9UNION ET MESSE SOLENNELLE EN L&rsquo;HONNEUR DE SAINT VINCENT DE PAUL","datePublished":"2025-10-03T03:30:00+00:00","mainEntityOfPage":{"@id":"https:\/\/filles-de-la-charite.org\/fr\/encuentro-y-eucaristia-en-honor-de-san-vicente-de-paul\/"},"wordCount":337,"publisher":{"@id":"https:\/\/filles-de-la-charite.org\/fr\/#organization"},"image":{"@id":"https:\/\/filles-de-la-charite.org\/fr\/encuentro-y-eucaristia-en-honor-de-san-vicente-de-paul\/#primaryimage"},"thumbnailUrl":"https:\/\/filles-de-la-charite.org\/wp-content\/uploads\/2025\/09\/WhatsApp-Image-2025-09-26-at-12.52.27.jpeg","articleSection":["Province du Vietnam"],"inLanguage":"fr-FR"},{"@type":"WebPage","@id":"https:\/\/filles-de-la-charite.org\/fr\/encuentro-y-eucaristia-en-honor-de-san-vicente-de-paul\/","url":"https:\/\/filles-de-la-charite.org\/fr\/encuentro-y-eucaristia-en-honor-de-san-vicente-de-paul\/","name":"R\u00c9UNION ET MESSE SOLENNELLE EN L'HONNEUR DE SAINT VINCENT DE PAUL - Filles de la Charit\u00e9","isPartOf":{"@id":"https:\/\/filles-de-la-charite.org\/fr\/#website"},"primaryImageOfPage":{"@id":"https:\/\/filles-de-la-charite.org\/fr\/encuentro-y-eucaristia-en-honor-de-san-vicente-de-paul\/#primaryimage"},"image":{"@id":"https:\/\/filles-de-la-charite.org\/fr\/encuentro-y-eucaristia-en-honor-de-san-vicente-de-paul\/#primaryimage"},"thumbnailUrl":"https:\/\/filles-de-la-charite.org\/wp-content\/uploads\/2025\/09\/WhatsApp-Image-2025-09-26-at-12.52.27.jpeg","datePublished":"2025-10-03T03:30:00+00:00","breadcrumb":{"@id":"https:\/\/filles-de-la-charite.org\/fr\/encuentro-y-eucaristia-en-honor-de-san-vicente-de-paul\/#breadcrumb"},"inLanguage":"fr-FR","potentialAction":[{"@type":"ReadAction","target":["https:\/\/filles-de-la-charite.org\/fr\/encuentro-y-eucaristia-en-honor-de-san-vicente-de-paul\/"]}]},{"@type":"ImageObject","inLanguage":"fr-FR","@id":"https:\/\/filles-de-la-charite.org\/fr\/encuentro-y-eucaristia-en-honor-de-san-vicente-de-paul\/#primaryimage","url":"https:\/\/filles-de-la-charite.org\/wp-content\/uploads\/2025\/09\/WhatsApp-Image-2025-09-26-at-12.52.27.jpeg","contentUrl":"https:\/\/filles-de-la-charite.org\/wp-content\/uploads\/2025\/09\/WhatsApp-Image-2025-09-26-at-12.52.27.jpeg","width":1280,"height":896},{"@type":"BreadcrumbList","@id":"https:\/\/filles-de-la-charite.org\/fr\/encuentro-y-eucaristia-en-honor-de-san-vicente-de-paul\/#breadcrumb","itemListElement":[{"@type":"ListItem","position":1,"name":"Province du Vietnam","item":"https:\/\/filles-de-la-charite.org\/fr\/category\/province-du-vietnam-fr\/"},{"@type":"ListItem","position":2,"name":"R\u00c9UNION ET MESSE SOLENNELLE EN L&#8217;HONNEUR DE SAINT VINCENT DE PAUL"}]},{"@type":"WebSite","@id":"https:\/\/filles-de-la-charite.org\/fr\/#website","url":"https:\/\/filles-de-la-charite.org\/fr\/","name":"Hijas de la Caridad","description":"L\u2019amour de J\u00e9sus nous presse \u00e0 prendre soin des personnes les plus d\u00e9munies","publisher":{"@id":"https:\/\/filles-de-la-charite.org\/fr\/#organization"},"potentialAction":[{"@type":"SearchAction","target":{"@type":"EntryPoint","urlTemplate":"https:\/\/filles-de-la-charite.org\/fr\/?s={search_term_string}"},"query-input":{"@type":"PropertyValueSpecification","valueRequired":true,"valueName":"search_term_string"}}],"inLanguage":"fr-FR"},{"@type":"Organization","@id":"https:\/\/filles-de-la-charite.org\/fr\/#organization","name":"Hijas de la Caridad","url":"https:\/\/filles-de-la-charite.org\/fr\/","logo":{"@type":"ImageObject","inLanguage":"fr-FR","@id":"https:\/\/filles-de-la-charite.org\/fr\/#\/schema\/logo\/image\/","url":"https:\/\/filles-de-la-charite.org\/wp-content\/uploads\/2023\/03\/isotipo-Hijas-de-la-Caridad.png","contentUrl":"https:\/\/filles-de-la-charite.org\/wp-content\/uploads\/2023\/03\/isotipo-Hijas-de-la-Caridad.png","width":1417,"height":1417,"caption":"Hijas de la Caridad"},"image":{"@id":"https:\/\/filles-de-la-charite.org\/fr\/#\/schema\/logo\/image\/"}},{"@type":"Person","@id":"https:\/\/filles-de-la-charite.org\/fr\/#\/schema\/person\/0c922b6ca71280639858d297b3a7209f","name":"SOR MARTA","image":{"@type":"ImageObject","inLanguage":"fr-FR","@id":"https:\/\/secure.gravatar.com\/avatar\/d2c45b0fd6bf2d3e2670ab3d112257c24ac80fa960360bba1bdc0676485d1d09?s=96&d=mm&r=g","url":"https:\/\/secure.gravatar.com\/avatar\/d2c45b0fd6bf2d3e2670ab3d112257c24ac80fa960360bba1bdc0676485d1d09?s=96&d=mm&r=g","contentUrl":"https:\/\/secure.gravatar.com\/avatar\/d2c45b0fd6bf2d3e2670ab3d112257c24ac80fa960360bba1bdc0676485d1d09?s=96&d=mm&r=g","caption":"SOR MARTA"},"url":"https:\/\/filles-de-la-charite.org\/fr\/author\/martaemn\/"}]}},"_links":{"self":[{"href":"https:\/\/filles-de-la-charite.org\/fr\/wp-json\/wp\/v2\/posts\/47116","targetHints":{"allow":["GET"]}}],"collection":[{"href":"https:\/\/filles-de-la-charite.org\/fr\/wp-json\/wp\/v2\/posts"}],"about":[{"href":"https:\/\/filles-de-la-charite.org\/fr\/wp-json\/wp\/v2\/types\/post"}],"author":[{"embeddable":true,"href":"https:\/\/filles-de-la-charite.org\/fr\/wp-json\/wp\/v2\/users\/5"}],"replies":[{"embeddable":true,"href":"https:\/\/filles-de-la-charite.org\/fr\/wp-json\/wp\/v2\/comments?post=47116"}],"version-history":[{"count":1,"href":"https:\/\/filles-de-la-charite.org\/fr\/wp-json\/wp\/v2\/posts\/47116\/revisions"}],"predecessor-version":[{"id":47118,"href":"https:\/\/filles-de-la-charite.org\/fr\/wp-json\/wp\/v2\/posts\/47116\/revisions\/47118"}],"wp:featuredmedia":[{"embeddable":true,"href":"https:\/\/filles-de-la-charite.org\/fr\/wp-json\/wp\/v2\/media\/46858"}],"wp:attachment":[{"href":"https:\/\/filles-de-la-charite.org\/fr\/wp-json\/wp\/v2\/media?parent=47116"}],"wp:term":[{"taxonomy":"category","embeddable":true,"href":"https:\/\/filles-de-la-charite.org\/fr\/wp-json\/wp\/v2\/categories?post=47116"},{"taxonomy":"post_tag","embeddable":true,"href":"https:\/\/filles-de-la-charite.org\/fr\/wp-json\/wp\/v2\/tags?post=47116"}],"curies":[{"name":"wp","href":"https:\/\/api.w.org\/{rel}","templated":true}]}}