{"id":47638,"date":"2025-11-09T00:12:56","date_gmt":"2025-11-08T23:12:56","guid":{"rendered":"https:\/\/filles-de-la-charite.org\/?p=47638"},"modified":"2025-11-09T00:12:18","modified_gmt":"2025-11-08T23:12:18","slug":"un-nuevo-camino-de-comunion-la-admision-de-sor-piergrazia-licandro-en-la-compania-de-las-hijas-de-la-caridad","status":"publish","type":"post","link":"https:\/\/filles-de-la-charite.org\/fr\/un-nuevo-camino-de-comunion-la-admision-de-sor-piergrazia-licandro-en-la-compania-de-las-hijas-de-la-caridad\/","title":{"rendered":"Un nouveau chemin de communion : l&rsquo;admission de S\u0153ur Piergrazia Licandro dans la Compagnie des Filles de la Charit\u00e9"},"content":{"rendered":"\n<p>La solennit\u00e9 de la Toussaint, qui c\u00e9l\u00e8bre ceux qui ont v\u00e9cu pleinement l&rsquo;amour du Christ, a \u00e9t\u00e9 pour nous une journ\u00e9e remplie de gr\u00e2ce et d&rsquo;esp\u00e9rance.<\/p>\n\n\n\n<p>Avec l&rsquo;admission de S\u0153ur Piergrazia Licandro dans la Compagnie des Filles de la Charit\u00e9, la Province de Saint-Vincent en Italie a rejoint le S\u00e9minaire interprovincial des Provinces d&rsquo;Espagne. Cela marque une nouvelle \u00e9tape et un signe de l&rsquo;Esprit qui ouvre des voies de communion et de collaboration entre nos Provinces europ\u00e9ennes.<\/p>\n\n\n\n<figure class=\"wp-block-image size-large\"><img loading=\"lazy\" decoding=\"async\" width=\"1024\" height=\"768\" src=\"https:\/\/filles-de-la-charite.org\/wp-content\/uploads\/2025\/11\/3-1024x768.jpg\" alt=\"\" class=\"wp-image-47591\" srcset=\"https:\/\/filles-de-la-charite.org\/wp-content\/uploads\/2025\/11\/3-1024x768.jpg 1024w, https:\/\/filles-de-la-charite.org\/wp-content\/uploads\/2025\/11\/3-980x735.jpg 980w, https:\/\/filles-de-la-charite.org\/wp-content\/uploads\/2025\/11\/3-480x360.jpg 480w\" sizes=\"(min-width: 0px) and (max-width: 480px) 480px, (min-width: 481px) and (max-width: 980px) 980px, (min-width: 981px) 1024px, 100vw\" \/><\/figure>\n\n\n\n<p>\u00c0 une \u00e9poque o\u00f9 le d\u00e9clin des vocations et les diff\u00e9rences entre les Provinces europ\u00e9ennes peuvent parfois nous d\u00e9concerter, cette nouvelle voie est pour nous une source de joie profonde et de confiance. Une fois de plus, la Parole de Dieu nous rejoint comme une promesse vivante :<\/p>\n\n\n\n<p>\u00ab Car je vais faire une chose nouvelle. Voici, j&rsquo;ai commenc\u00e9 \u00e0 agir, et vous ne le voyez pas. Je vais ouvrir un chemin dans le d\u00e9sert, je vais cr\u00e9er des fleuves dans la solitude. \u00bb (Isa\u00efe 43, 19)<\/p>\n\n\n\n<figure class=\"wp-block-image size-large\"><img loading=\"lazy\" decoding=\"async\" width=\"1024\" height=\"768\" src=\"https:\/\/filles-de-la-charite.org\/wp-content\/uploads\/2025\/11\/1-1024x768.jpg\" alt=\"\" class=\"wp-image-47589\" srcset=\"https:\/\/filles-de-la-charite.org\/wp-content\/uploads\/2025\/11\/1-980x735.jpg 980w, https:\/\/filles-de-la-charite.org\/wp-content\/uploads\/2025\/11\/1-480x360.jpg 480w\" sizes=\"(min-width: 0px) and (max-width: 480px) 480px, (min-width: 481px) and (max-width: 980px) 980px, (min-width: 981px) 1024px, 100vw\" \/><\/figure>\n\n\n\n<p>La c\u00e9l\u00e9bration de l&rsquo;admission de s\u0153ur Piergrazia, qui a eu lieu \u00e0 la Maison provinciale de Rome, s&rsquo;est d\u00e9roul\u00e9e dans un climat de pri\u00e8re et de fraternit\u00e9.<\/p>\n\n\n\n<p>La communaut\u00e9 du s\u00e9minaire interprovincial d&rsquo;Espagne ,des jeunes s\u0153urs et plusieurs s\u0153urs de diff\u00e9rentes communaut\u00e9s italiennes ont pris part \u00e0 cette c\u00e9l\u00e9bration. \u00c9taient \u00e9galement pr\u00e9sentes Sr Visitaci\u00f3n Garc\u00eda, Visitatrice de la Province du Nord de l&rsquo;Espagne et coordinatrice des Provinces d&rsquo;Espagne, ainsi que Sr Maria Rosaria Matranga, Visitatrice de la Province d&rsquo;Italie. De plus, certaines Conseill\u00e8res provinciales, la Secr\u00e9taire et la Tr\u00e9sori\u00e8re \u00e9taient pr\u00e9sentes.<\/p>\n\n\n\n<figure class=\"wp-block-image size-large\"><img loading=\"lazy\" decoding=\"async\" width=\"1024\" height=\"768\" src=\"https:\/\/filles-de-la-charite.org\/wp-content\/uploads\/2025\/11\/5-1024x768.jpg\" alt=\"\" class=\"wp-image-47594\" srcset=\"https:\/\/filles-de-la-charite.org\/wp-content\/uploads\/2025\/11\/5-1024x768.jpg 1024w, https:\/\/filles-de-la-charite.org\/wp-content\/uploads\/2025\/11\/5-980x735.jpg 980w, https:\/\/filles-de-la-charite.org\/wp-content\/uploads\/2025\/11\/5-480x360.jpg 480w\" sizes=\"(min-width: 0px) and (max-width: 480px) 480px, (min-width: 481px) and (max-width: 980px) 980px, (min-width: 981px) 1024px, 100vw\" \/><\/figure>\n\n\n\n<p>La pr\u00e9sence des conseill\u00e8res g\u00e9n\u00e9rales S\u0153ur Luisa Farri et S\u0153ur Antonia Gonz\u00e1lez a \u00e9t\u00e9 particuli\u00e8rement significative, car elles ont c\u00e9l\u00e9br\u00e9 ce moment de gr\u00e2ce avec nous. Leur participation, ainsi que le souvenir et la proximit\u00e9 de la Sup\u00e9rieure g\u00e9n\u00e9rale, S\u0153ur Fran\u00e7oise Petit, nous ont fait sentir la pr\u00e9sence concr\u00e8te de toute la Compagnie, qui nous accompagne et nous soutient dans cette \u00e9tape de communion.<\/p>\n\n\n\n<p>Cette journ\u00e9e a \u00e9t\u00e9 v\u00e9ritablement un \u00ab Ephata \u00bb, qui signifie \u00ab ouvre-toi \u00bb, nous invitant \u00e0 accueillir avec confiance la nouveaut\u00e9 de l&rsquo;Esprit.<\/p>\n\n\n\n<p>Elle a \u00e9t\u00e9 encore enrichie par le d\u00e9but du postulat d&rsquo;Elena Follini, symbolisant l&rsquo;abondance des dons de Dieu.<\/p>\n\n\n\n<p>Compte tenu de la forte dimension vocationnelle de cette journ\u00e9e, nous avons choisi de partager cette exp\u00e9rience avec plusieurs jeunes femmes qui sont actuellement en chemin de discernement, la transformant ainsi en une v\u00e9ritable c\u00e9l\u00e9bration de la vocation.<\/p>\n\n\n\n<figure class=\"wp-block-image size-large\"><img loading=\"lazy\" decoding=\"async\" width=\"1024\" height=\"576\" src=\"https:\/\/filles-de-la-charite.org\/wp-content\/uploads\/2025\/11\/2-1024x576.jpg\" alt=\"\" class=\"wp-image-47590\" srcset=\"https:\/\/filles-de-la-charite.org\/wp-content\/uploads\/2025\/11\/2-980x551.jpg 980w, https:\/\/filles-de-la-charite.org\/wp-content\/uploads\/2025\/11\/2-480x270.jpg 480w\" sizes=\"(min-width: 0px) and (max-width: 480px) 480px, (min-width: 481px) and (max-width: 980px) 980px, (min-width: 981px) 1024px, 100vw\" \/><\/figure>\n\n\n\n<p>La veille de la f\u00eate a \u00e9t\u00e9 un temps de pr\u00e9paration, au cours duquel nous avons v\u00e9cu une profonde communion spirituelle. Le p\u00e8re Nicola Albanesi, CM, a anim\u00e9 une m\u00e9ditation guid\u00e9e sur le th\u00e8me de la saintet\u00e9. Il nous a rappel\u00e9 que le don de soi est le chemin qui nous rend r\u00e9ceptifs \u00e0 l&rsquo;action de la gr\u00e2ce et nous permet de devenir les gardiens de l&rsquo;Esprit. Le t\u00e9moignage vocationnel d&rsquo;Elena, ainsi que l&rsquo;adoration et la pri\u00e8re vocationnelle, ont aid\u00e9 chacune \u00e0 s&rsquo;immerger dans une atmosph\u00e8re d&rsquo;\u00e9coute et de gratitude pour le don de leur vocation.<\/p>\n\n\n\n<p>Ce furent des moments simples mais profonds qui ont favoris\u00e9 une rencontre authentique avec le Seigneur et entre nous.<\/p>\n\n\n\n<p>Ces journ\u00e9es ont \u00e9t\u00e9 remplies d&rsquo;un esprit de fraternit\u00e9, de simplicit\u00e9, de partage et de joie. Nous avons d\u00e9couvert que les diff\u00e9rences linguistiques n&rsquo;\u00e9taient pas une barri\u00e8re, mais plut\u00f4t une richesse qui renfor\u00e7ait notre sentiment d&rsquo;appartenance \u00e0 une communaut\u00e9.<\/p>\n\n\n\n<p>Tout a culmin\u00e9 avec un d\u00e9jeuner festif, symbolisant notre joie et notre gratitude communes pour ce que le Seigneur fait parmi nous.<\/p>\n\n\n\n<figure class=\"wp-block-image size-large\"><img loading=\"lazy\" decoding=\"async\" width=\"1024\" height=\"768\" src=\"https:\/\/filles-de-la-charite.org\/wp-content\/uploads\/2025\/11\/4-1024x768.jpg\" alt=\"\" class=\"wp-image-47592\" srcset=\"https:\/\/filles-de-la-charite.org\/wp-content\/uploads\/2025\/11\/4-1024x768.jpg 1024w, https:\/\/filles-de-la-charite.org\/wp-content\/uploads\/2025\/11\/4-980x735.jpg 980w, https:\/\/filles-de-la-charite.org\/wp-content\/uploads\/2025\/11\/4-480x360.jpg 480w\" sizes=\"(min-width: 0px) and (max-width: 480px) 480px, (min-width: 481px) and (max-width: 980px) 980px, (min-width: 981px) 1024px, 100vw\" \/><\/figure>\n\n\n\n<p>Avec confiance, nous confions ce nouveau cheminement interprovincial au Seigneur, en esp\u00e9rant qu&rsquo;il portera des fruits de communion, d&rsquo;esp\u00e9rance et de vitalit\u00e9 vocationnelle renouvel\u00e9e pour toute la Compagnie.<\/p>\n","protected":false},"excerpt":{"rendered":"<p>La solennit\u00e9 de la Toussaint, qui c\u00e9l\u00e8bre ceux qui ont v\u00e9cu pleinement l&rsquo;amour du Christ, a \u00e9t\u00e9 pour nous une journ\u00e9e remplie de gr\u00e2ce et d&rsquo;esp\u00e9rance. Avec l&rsquo;admission de S\u0153ur Piergrazia Licandro dans la Compagnie des Filles de la Charit\u00e9, la Province de Saint-Vincent en Italie a rejoint le S\u00e9minaire interprovincial des Provinces d&rsquo;Espagne. Cela [&hellip;]<\/p>\n","protected":false},"author":5,"featured_media":47639,"comment_status":"closed","ping_status":"closed","sticky":false,"template":"","format":"standard","meta":{"_acf_changed":false,"_et_pb_use_builder":"","_et_pb_old_content":"","_et_gb_content_width":"","footnotes":"","_links_to":"","_links_to_target":""},"categories":[765,472],"tags":[],"class_list":["post-47638","post","type-post","status-publish","format-standard","has-post-thumbnail","hentry","category-espana-fr","category-italie"],"acf":[],"yoast_head":"<!-- This site is optimized with the Yoast SEO plugin v27.5 - https:\/\/yoast.com\/product\/yoast-seo-wordpress\/ -->\n<title>Un nouveau chemin de communion : l&#039;admission de S\u0153ur Piergrazia Licandro dans la Compagnie des Filles de la Charit\u00e9 - Filles de la Charit\u00e9<\/title>\n<meta name=\"robots\" content=\"index, follow, max-snippet:-1, max-image-preview:large, max-video-preview:-1\" \/>\n<link rel=\"canonical\" href=\"https:\/\/filles-de-la-charite.org\/fr\/un-nuevo-camino-de-comunion-la-admision-de-sor-piergrazia-licandro-en-la-compania-de-las-hijas-de-la-caridad\/\" \/>\n<meta property=\"og:locale\" content=\"fr_FR\" \/>\n<meta property=\"og:type\" content=\"article\" \/>\n<meta property=\"og:title\" content=\"Un nouveau chemin de communion : l&#039;admission de S\u0153ur Piergrazia Licandro dans la Compagnie des Filles de la Charit\u00e9 - Filles de la Charit\u00e9\" \/>\n<meta property=\"og:description\" content=\"La solennit\u00e9 de la Toussaint, qui c\u00e9l\u00e8bre ceux qui ont v\u00e9cu pleinement l&rsquo;amour du Christ, a \u00e9t\u00e9 pour nous une journ\u00e9e remplie de gr\u00e2ce et d&rsquo;esp\u00e9rance. Avec l&rsquo;admission de S\u0153ur Piergrazia Licandro dans la Compagnie des Filles de la Charit\u00e9, la Province de Saint-Vincent en Italie a rejoint le S\u00e9minaire interprovincial des Provinces d&rsquo;Espagne. Cela [&hellip;]\" \/>\n<meta property=\"og:url\" content=\"https:\/\/filles-de-la-charite.org\/fr\/un-nuevo-camino-de-comunion-la-admision-de-sor-piergrazia-licandro-en-la-compania-de-las-hijas-de-la-caridad\/\" \/>\n<meta property=\"og:site_name\" content=\"Filles de la Charit\u00e9\" \/>\n<meta property=\"article:published_time\" content=\"2025-11-08T23:12:56+00:00\" \/>\n<meta property=\"og:image\" content=\"https:\/\/filles-de-la-charite.org\/wp-content\/uploads\/2025\/11\/1-copia.jpg\" \/>\n\t<meta property=\"og:image:width\" content=\"1600\" \/>\n\t<meta property=\"og:image:height\" content=\"900\" \/>\n\t<meta property=\"og:image:type\" content=\"image\/jpeg\" \/>\n<meta name=\"author\" content=\"SOR MARTA\" \/>\n<meta name=\"twitter:card\" content=\"summary_large_image\" \/>\n<meta name=\"twitter:label1\" content=\"\u00c9crit par\" \/>\n\t<meta name=\"twitter:data1\" content=\"SOR MARTA\" \/>\n\t<meta name=\"twitter:label2\" content=\"Dur\u00e9e de lecture estim\u00e9e\" \/>\n\t<meta name=\"twitter:data2\" content=\"4 minutes\" \/>\n<script type=\"application\/ld+json\" class=\"yoast-schema-graph\">{\"@context\":\"https:\\\/\\\/schema.org\",\"@graph\":[{\"@type\":\"Article\",\"@id\":\"https:\\\/\\\/filles-de-la-charite.org\\\/fr\\\/un-nuevo-camino-de-comunion-la-admision-de-sor-piergrazia-licandro-en-la-compania-de-las-hijas-de-la-caridad\\\/#article\",\"isPartOf\":{\"@id\":\"https:\\\/\\\/filles-de-la-charite.org\\\/fr\\\/un-nuevo-camino-de-comunion-la-admision-de-sor-piergrazia-licandro-en-la-compania-de-las-hijas-de-la-caridad\\\/\"},\"author\":{\"name\":\"SOR MARTA\",\"@id\":\"https:\\\/\\\/filles-de-la-charite.org\\\/fr\\\/#\\\/schema\\\/person\\\/0c922b6ca71280639858d297b3a7209f\"},\"headline\":\"Un nouveau chemin de communion : l&rsquo;admission de S\u0153ur Piergrazia Licandro dans la Compagnie des Filles de la Charit\u00e9\",\"datePublished\":\"2025-11-08T23:12:56+00:00\",\"mainEntityOfPage\":{\"@id\":\"https:\\\/\\\/filles-de-la-charite.org\\\/fr\\\/un-nuevo-camino-de-comunion-la-admision-de-sor-piergrazia-licandro-en-la-compania-de-las-hijas-de-la-caridad\\\/\"},\"wordCount\":717,\"publisher\":{\"@id\":\"https:\\\/\\\/filles-de-la-charite.org\\\/fr\\\/#organization\"},\"image\":{\"@id\":\"https:\\\/\\\/filles-de-la-charite.org\\\/fr\\\/un-nuevo-camino-de-comunion-la-admision-de-sor-piergrazia-licandro-en-la-compania-de-las-hijas-de-la-caridad\\\/#primaryimage\"},\"thumbnailUrl\":\"https:\\\/\\\/filles-de-la-charite.org\\\/wp-content\\\/uploads\\\/2025\\\/11\\\/1-copia.jpg\",\"articleSection\":[\"Espagne\",\"Italie\"],\"inLanguage\":\"fr-FR\"},{\"@type\":\"WebPage\",\"@id\":\"https:\\\/\\\/filles-de-la-charite.org\\\/fr\\\/un-nuevo-camino-de-comunion-la-admision-de-sor-piergrazia-licandro-en-la-compania-de-las-hijas-de-la-caridad\\\/\",\"url\":\"https:\\\/\\\/filles-de-la-charite.org\\\/fr\\\/un-nuevo-camino-de-comunion-la-admision-de-sor-piergrazia-licandro-en-la-compania-de-las-hijas-de-la-caridad\\\/\",\"name\":\"Un nouveau chemin de communion : l'admission de S\u0153ur Piergrazia Licandro dans la Compagnie des Filles de la Charit\u00e9 - Filles de la Charit\u00e9\",\"isPartOf\":{\"@id\":\"https:\\\/\\\/filles-de-la-charite.org\\\/fr\\\/#website\"},\"primaryImageOfPage\":{\"@id\":\"https:\\\/\\\/filles-de-la-charite.org\\\/fr\\\/un-nuevo-camino-de-comunion-la-admision-de-sor-piergrazia-licandro-en-la-compania-de-las-hijas-de-la-caridad\\\/#primaryimage\"},\"image\":{\"@id\":\"https:\\\/\\\/filles-de-la-charite.org\\\/fr\\\/un-nuevo-camino-de-comunion-la-admision-de-sor-piergrazia-licandro-en-la-compania-de-las-hijas-de-la-caridad\\\/#primaryimage\"},\"thumbnailUrl\":\"https:\\\/\\\/filles-de-la-charite.org\\\/wp-content\\\/uploads\\\/2025\\\/11\\\/1-copia.jpg\",\"datePublished\":\"2025-11-08T23:12:56+00:00\",\"breadcrumb\":{\"@id\":\"https:\\\/\\\/filles-de-la-charite.org\\\/fr\\\/un-nuevo-camino-de-comunion-la-admision-de-sor-piergrazia-licandro-en-la-compania-de-las-hijas-de-la-caridad\\\/#breadcrumb\"},\"inLanguage\":\"fr-FR\",\"potentialAction\":[{\"@type\":\"ReadAction\",\"target\":[\"https:\\\/\\\/filles-de-la-charite.org\\\/fr\\\/un-nuevo-camino-de-comunion-la-admision-de-sor-piergrazia-licandro-en-la-compania-de-las-hijas-de-la-caridad\\\/\"]}]},{\"@type\":\"ImageObject\",\"inLanguage\":\"fr-FR\",\"@id\":\"https:\\\/\\\/filles-de-la-charite.org\\\/fr\\\/un-nuevo-camino-de-comunion-la-admision-de-sor-piergrazia-licandro-en-la-compania-de-las-hijas-de-la-caridad\\\/#primaryimage\",\"url\":\"https:\\\/\\\/filles-de-la-charite.org\\\/wp-content\\\/uploads\\\/2025\\\/11\\\/1-copia.jpg\",\"contentUrl\":\"https:\\\/\\\/filles-de-la-charite.org\\\/wp-content\\\/uploads\\\/2025\\\/11\\\/1-copia.jpg\",\"width\":1600,\"height\":900},{\"@type\":\"BreadcrumbList\",\"@id\":\"https:\\\/\\\/filles-de-la-charite.org\\\/fr\\\/un-nuevo-camino-de-comunion-la-admision-de-sor-piergrazia-licandro-en-la-compania-de-las-hijas-de-la-caridad\\\/#breadcrumb\",\"itemListElement\":[{\"@type\":\"ListItem\",\"position\":1,\"name\":\"Italie\",\"item\":\"https:\\\/\\\/filles-de-la-charite.org\\\/fr\\\/category\\\/italie\\\/\"},{\"@type\":\"ListItem\",\"position\":2,\"name\":\"Un nouveau chemin de communion : l&#8217;admission de S\u0153ur Piergrazia Licandro dans la Compagnie des Filles de la Charit\u00e9\"}]},{\"@type\":\"WebSite\",\"@id\":\"https:\\\/\\\/filles-de-la-charite.org\\\/fr\\\/#website\",\"url\":\"https:\\\/\\\/filles-de-la-charite.org\\\/fr\\\/\",\"name\":\"Hijas de la Caridad\",\"description\":\"L\u2019amour de J\u00e9sus nous presse \u00e0 prendre soin des personnes les plus d\u00e9munies\",\"publisher\":{\"@id\":\"https:\\\/\\\/filles-de-la-charite.org\\\/fr\\\/#organization\"},\"potentialAction\":[{\"@type\":\"SearchAction\",\"target\":{\"@type\":\"EntryPoint\",\"urlTemplate\":\"https:\\\/\\\/filles-de-la-charite.org\\\/fr\\\/?s={search_term_string}\"},\"query-input\":{\"@type\":\"PropertyValueSpecification\",\"valueRequired\":true,\"valueName\":\"search_term_string\"}}],\"inLanguage\":\"fr-FR\"},{\"@type\":\"Organization\",\"@id\":\"https:\\\/\\\/filles-de-la-charite.org\\\/fr\\\/#organization\",\"name\":\"Hijas de la Caridad\",\"url\":\"https:\\\/\\\/filles-de-la-charite.org\\\/fr\\\/\",\"logo\":{\"@type\":\"ImageObject\",\"inLanguage\":\"fr-FR\",\"@id\":\"https:\\\/\\\/filles-de-la-charite.org\\\/fr\\\/#\\\/schema\\\/logo\\\/image\\\/\",\"url\":\"https:\\\/\\\/filles-de-la-charite.org\\\/wp-content\\\/uploads\\\/2023\\\/03\\\/isotipo-Hijas-de-la-Caridad.png\",\"contentUrl\":\"https:\\\/\\\/filles-de-la-charite.org\\\/wp-content\\\/uploads\\\/2023\\\/03\\\/isotipo-Hijas-de-la-Caridad.png\",\"width\":1417,\"height\":1417,\"caption\":\"Hijas de la Caridad\"},\"image\":{\"@id\":\"https:\\\/\\\/filles-de-la-charite.org\\\/fr\\\/#\\\/schema\\\/logo\\\/image\\\/\"}},{\"@type\":\"Person\",\"@id\":\"https:\\\/\\\/filles-de-la-charite.org\\\/fr\\\/#\\\/schema\\\/person\\\/0c922b6ca71280639858d297b3a7209f\",\"name\":\"SOR MARTA\",\"image\":{\"@type\":\"ImageObject\",\"inLanguage\":\"fr-FR\",\"@id\":\"https:\\\/\\\/secure.gravatar.com\\\/avatar\\\/d2c45b0fd6bf2d3e2670ab3d112257c24ac80fa960360bba1bdc0676485d1d09?s=96&d=mm&r=g\",\"url\":\"https:\\\/\\\/secure.gravatar.com\\\/avatar\\\/d2c45b0fd6bf2d3e2670ab3d112257c24ac80fa960360bba1bdc0676485d1d09?s=96&d=mm&r=g\",\"contentUrl\":\"https:\\\/\\\/secure.gravatar.com\\\/avatar\\\/d2c45b0fd6bf2d3e2670ab3d112257c24ac80fa960360bba1bdc0676485d1d09?s=96&d=mm&r=g\",\"caption\":\"SOR MARTA\"},\"url\":\"https:\\\/\\\/filles-de-la-charite.org\\\/fr\\\/author\\\/martaemn\\\/\"}]}<\/script>\n<!-- \/ Yoast SEO plugin. -->","yoast_head_json":{"title":"Un nouveau chemin de communion : l'admission de S\u0153ur Piergrazia Licandro dans la Compagnie des Filles de la Charit\u00e9 - Filles de la Charit\u00e9","robots":{"index":"index","follow":"follow","max-snippet":"max-snippet:-1","max-image-preview":"max-image-preview:large","max-video-preview":"max-video-preview:-1"},"canonical":"https:\/\/filles-de-la-charite.org\/fr\/un-nuevo-camino-de-comunion-la-admision-de-sor-piergrazia-licandro-en-la-compania-de-las-hijas-de-la-caridad\/","og_locale":"fr_FR","og_type":"article","og_title":"Un nouveau chemin de communion : l'admission de S\u0153ur Piergrazia Licandro dans la Compagnie des Filles de la Charit\u00e9 - Filles de la Charit\u00e9","og_description":"La solennit\u00e9 de la Toussaint, qui c\u00e9l\u00e8bre ceux qui ont v\u00e9cu pleinement l&rsquo;amour du Christ, a \u00e9t\u00e9 pour nous une journ\u00e9e remplie de gr\u00e2ce et d&rsquo;esp\u00e9rance. Avec l&rsquo;admission de S\u0153ur Piergrazia Licandro dans la Compagnie des Filles de la Charit\u00e9, la Province de Saint-Vincent en Italie a rejoint le S\u00e9minaire interprovincial des Provinces d&rsquo;Espagne. Cela [&hellip;]","og_url":"https:\/\/filles-de-la-charite.org\/fr\/un-nuevo-camino-de-comunion-la-admision-de-sor-piergrazia-licandro-en-la-compania-de-las-hijas-de-la-caridad\/","og_site_name":"Filles de la Charit\u00e9","article_published_time":"2025-11-08T23:12:56+00:00","og_image":[{"width":1600,"height":900,"url":"https:\/\/filles-de-la-charite.org\/wp-content\/uploads\/2025\/11\/1-copia.jpg","type":"image\/jpeg"}],"author":"SOR MARTA","twitter_card":"summary_large_image","twitter_misc":{"\u00c9crit par":"SOR MARTA","Dur\u00e9e de lecture estim\u00e9e":"4 minutes"},"schema":{"@context":"https:\/\/schema.org","@graph":[{"@type":"Article","@id":"https:\/\/filles-de-la-charite.org\/fr\/un-nuevo-camino-de-comunion-la-admision-de-sor-piergrazia-licandro-en-la-compania-de-las-hijas-de-la-caridad\/#article","isPartOf":{"@id":"https:\/\/filles-de-la-charite.org\/fr\/un-nuevo-camino-de-comunion-la-admision-de-sor-piergrazia-licandro-en-la-compania-de-las-hijas-de-la-caridad\/"},"author":{"name":"SOR MARTA","@id":"https:\/\/filles-de-la-charite.org\/fr\/#\/schema\/person\/0c922b6ca71280639858d297b3a7209f"},"headline":"Un nouveau chemin de communion : l&rsquo;admission de S\u0153ur Piergrazia Licandro dans la Compagnie des Filles de la Charit\u00e9","datePublished":"2025-11-08T23:12:56+00:00","mainEntityOfPage":{"@id":"https:\/\/filles-de-la-charite.org\/fr\/un-nuevo-camino-de-comunion-la-admision-de-sor-piergrazia-licandro-en-la-compania-de-las-hijas-de-la-caridad\/"},"wordCount":717,"publisher":{"@id":"https:\/\/filles-de-la-charite.org\/fr\/#organization"},"image":{"@id":"https:\/\/filles-de-la-charite.org\/fr\/un-nuevo-camino-de-comunion-la-admision-de-sor-piergrazia-licandro-en-la-compania-de-las-hijas-de-la-caridad\/#primaryimage"},"thumbnailUrl":"https:\/\/filles-de-la-charite.org\/wp-content\/uploads\/2025\/11\/1-copia.jpg","articleSection":["Espagne","Italie"],"inLanguage":"fr-FR"},{"@type":"WebPage","@id":"https:\/\/filles-de-la-charite.org\/fr\/un-nuevo-camino-de-comunion-la-admision-de-sor-piergrazia-licandro-en-la-compania-de-las-hijas-de-la-caridad\/","url":"https:\/\/filles-de-la-charite.org\/fr\/un-nuevo-camino-de-comunion-la-admision-de-sor-piergrazia-licandro-en-la-compania-de-las-hijas-de-la-caridad\/","name":"Un nouveau chemin de communion : l'admission de S\u0153ur Piergrazia Licandro dans la Compagnie des Filles de la Charit\u00e9 - Filles de la Charit\u00e9","isPartOf":{"@id":"https:\/\/filles-de-la-charite.org\/fr\/#website"},"primaryImageOfPage":{"@id":"https:\/\/filles-de-la-charite.org\/fr\/un-nuevo-camino-de-comunion-la-admision-de-sor-piergrazia-licandro-en-la-compania-de-las-hijas-de-la-caridad\/#primaryimage"},"image":{"@id":"https:\/\/filles-de-la-charite.org\/fr\/un-nuevo-camino-de-comunion-la-admision-de-sor-piergrazia-licandro-en-la-compania-de-las-hijas-de-la-caridad\/#primaryimage"},"thumbnailUrl":"https:\/\/filles-de-la-charite.org\/wp-content\/uploads\/2025\/11\/1-copia.jpg","datePublished":"2025-11-08T23:12:56+00:00","breadcrumb":{"@id":"https:\/\/filles-de-la-charite.org\/fr\/un-nuevo-camino-de-comunion-la-admision-de-sor-piergrazia-licandro-en-la-compania-de-las-hijas-de-la-caridad\/#breadcrumb"},"inLanguage":"fr-FR","potentialAction":[{"@type":"ReadAction","target":["https:\/\/filles-de-la-charite.org\/fr\/un-nuevo-camino-de-comunion-la-admision-de-sor-piergrazia-licandro-en-la-compania-de-las-hijas-de-la-caridad\/"]}]},{"@type":"ImageObject","inLanguage":"fr-FR","@id":"https:\/\/filles-de-la-charite.org\/fr\/un-nuevo-camino-de-comunion-la-admision-de-sor-piergrazia-licandro-en-la-compania-de-las-hijas-de-la-caridad\/#primaryimage","url":"https:\/\/filles-de-la-charite.org\/wp-content\/uploads\/2025\/11\/1-copia.jpg","contentUrl":"https:\/\/filles-de-la-charite.org\/wp-content\/uploads\/2025\/11\/1-copia.jpg","width":1600,"height":900},{"@type":"BreadcrumbList","@id":"https:\/\/filles-de-la-charite.org\/fr\/un-nuevo-camino-de-comunion-la-admision-de-sor-piergrazia-licandro-en-la-compania-de-las-hijas-de-la-caridad\/#breadcrumb","itemListElement":[{"@type":"ListItem","position":1,"name":"Italie","item":"https:\/\/filles-de-la-charite.org\/fr\/category\/italie\/"},{"@type":"ListItem","position":2,"name":"Un nouveau chemin de communion : l&#8217;admission de S\u0153ur Piergrazia Licandro dans la Compagnie des Filles de la Charit\u00e9"}]},{"@type":"WebSite","@id":"https:\/\/filles-de-la-charite.org\/fr\/#website","url":"https:\/\/filles-de-la-charite.org\/fr\/","name":"Hijas de la Caridad","description":"L\u2019amour de J\u00e9sus nous presse \u00e0 prendre soin des personnes les plus d\u00e9munies","publisher":{"@id":"https:\/\/filles-de-la-charite.org\/fr\/#organization"},"potentialAction":[{"@type":"SearchAction","target":{"@type":"EntryPoint","urlTemplate":"https:\/\/filles-de-la-charite.org\/fr\/?s={search_term_string}"},"query-input":{"@type":"PropertyValueSpecification","valueRequired":true,"valueName":"search_term_string"}}],"inLanguage":"fr-FR"},{"@type":"Organization","@id":"https:\/\/filles-de-la-charite.org\/fr\/#organization","name":"Hijas de la Caridad","url":"https:\/\/filles-de-la-charite.org\/fr\/","logo":{"@type":"ImageObject","inLanguage":"fr-FR","@id":"https:\/\/filles-de-la-charite.org\/fr\/#\/schema\/logo\/image\/","url":"https:\/\/filles-de-la-charite.org\/wp-content\/uploads\/2023\/03\/isotipo-Hijas-de-la-Caridad.png","contentUrl":"https:\/\/filles-de-la-charite.org\/wp-content\/uploads\/2023\/03\/isotipo-Hijas-de-la-Caridad.png","width":1417,"height":1417,"caption":"Hijas de la Caridad"},"image":{"@id":"https:\/\/filles-de-la-charite.org\/fr\/#\/schema\/logo\/image\/"}},{"@type":"Person","@id":"https:\/\/filles-de-la-charite.org\/fr\/#\/schema\/person\/0c922b6ca71280639858d297b3a7209f","name":"SOR MARTA","image":{"@type":"ImageObject","inLanguage":"fr-FR","@id":"https:\/\/secure.gravatar.com\/avatar\/d2c45b0fd6bf2d3e2670ab3d112257c24ac80fa960360bba1bdc0676485d1d09?s=96&d=mm&r=g","url":"https:\/\/secure.gravatar.com\/avatar\/d2c45b0fd6bf2d3e2670ab3d112257c24ac80fa960360bba1bdc0676485d1d09?s=96&d=mm&r=g","contentUrl":"https:\/\/secure.gravatar.com\/avatar\/d2c45b0fd6bf2d3e2670ab3d112257c24ac80fa960360bba1bdc0676485d1d09?s=96&d=mm&r=g","caption":"SOR MARTA"},"url":"https:\/\/filles-de-la-charite.org\/fr\/author\/martaemn\/"}]}},"_links":{"self":[{"href":"https:\/\/filles-de-la-charite.org\/fr\/wp-json\/wp\/v2\/posts\/47638","targetHints":{"allow":["GET"]}}],"collection":[{"href":"https:\/\/filles-de-la-charite.org\/fr\/wp-json\/wp\/v2\/posts"}],"about":[{"href":"https:\/\/filles-de-la-charite.org\/fr\/wp-json\/wp\/v2\/types\/post"}],"author":[{"embeddable":true,"href":"https:\/\/filles-de-la-charite.org\/fr\/wp-json\/wp\/v2\/users\/5"}],"replies":[{"embeddable":true,"href":"https:\/\/filles-de-la-charite.org\/fr\/wp-json\/wp\/v2\/comments?post=47638"}],"version-history":[{"count":1,"href":"https:\/\/filles-de-la-charite.org\/fr\/wp-json\/wp\/v2\/posts\/47638\/revisions"}],"predecessor-version":[{"id":47646,"href":"https:\/\/filles-de-la-charite.org\/fr\/wp-json\/wp\/v2\/posts\/47638\/revisions\/47646"}],"wp:featuredmedia":[{"embeddable":true,"href":"https:\/\/filles-de-la-charite.org\/fr\/wp-json\/wp\/v2\/media\/47639"}],"wp:attachment":[{"href":"https:\/\/filles-de-la-charite.org\/fr\/wp-json\/wp\/v2\/media?parent=47638"}],"wp:term":[{"taxonomy":"category","embeddable":true,"href":"https:\/\/filles-de-la-charite.org\/fr\/wp-json\/wp\/v2\/categories?post=47638"},{"taxonomy":"post_tag","embeddable":true,"href":"https:\/\/filles-de-la-charite.org\/fr\/wp-json\/wp\/v2\/tags?post=47638"}],"curies":[{"name":"wp","href":"https:\/\/api.w.org\/{rel}","templated":true}]}}