{"id":47770,"date":"2025-11-13T13:08:38","date_gmt":"2025-11-13T12:08:38","guid":{"rendered":"https:\/\/filles-de-la-charite.org\/?p=47770"},"modified":"2025-11-13T13:14:25","modified_gmt":"2025-11-13T12:14:25","slug":"como-peregrinas-de-la-caridad-esperando-y-avanzando","status":"publish","type":"post","link":"https:\/\/filles-de-la-charite.org\/fr\/como-peregrinas-de-la-caridad-esperando-y-avanzando\/","title":{"rendered":"P\u00e8lerines de la Charit\u00e9 : Esp\u00e9rer et Avancer"},"content":{"rendered":"\n<h6 class=\"wp-block-heading\">1\u00e8re Rencontre Interprovinciale des S\u0153urs ayant jusqu\u2019\u00e0 15 ans de vocation \u2013 Provinces du Br\u00e9sil<br>Rio de Janeiro, Br\u00e9sil \u2013 14 au 18 octobre 2025<\/h6>\n\n\n\n<figure class=\"wp-block-image size-large\"><img loading=\"lazy\" decoding=\"async\" width=\"1024\" height=\"682\" src=\"https:\/\/filles-de-la-charite.org\/wp-content\/uploads\/2025\/11\/WhatsApp-Image-2025-11-10-at-01.16.02-1024x682.jpeg\" alt=\"\" class=\"wp-image-47763\" srcset=\"https:\/\/filles-de-la-charite.org\/wp-content\/uploads\/2025\/11\/WhatsApp-Image-2025-11-10-at-01.16.02-1024x682.jpeg 1024w, https:\/\/filles-de-la-charite.org\/wp-content\/uploads\/2025\/11\/WhatsApp-Image-2025-11-10-at-01.16.02-980x653.jpeg 980w, https:\/\/filles-de-la-charite.org\/wp-content\/uploads\/2025\/11\/WhatsApp-Image-2025-11-10-at-01.16.02-480x320.jpeg 480w\" sizes=\"(min-width: 0px) and (max-width: 480px) 480px, (min-width: 481px) and (max-width: 980px) 980px, (min-width: 981px) 1024px, 100vw\" \/><\/figure>\n\n\n\n<p>Du 14 au 18 octobre 2025, s\u2019est tenue \u00e0 Rio de Janeiro la 1\u00e8re Rencontre Interprovinciale des Jeunes S\u0153urs ayant jusqu\u2019\u00e0 15 ans de vocation. Nous nous sommes r\u00e9unies comme P\u00e8lerines de la Charit\u00e9, d\u00e9sireuses de renforcer notre identit\u00e9 vincentienne et de raviver notre ardeur missionnaire. D\u00e8s le premier instant, la joie fraternelle et le partage ont r\u00e9v\u00e9l\u00e9 la pr\u00e9sence vivante de Dieu parmi nous.<\/p>\n\n\n\n<figure class=\"wp-block-image size-large\"><img loading=\"lazy\" decoding=\"async\" width=\"1024\" height=\"682\" src=\"https:\/\/filles-de-la-charite.org\/wp-content\/uploads\/2025\/11\/WhatsApp-Image-2025-11-10-at-01.15.27-1-1024x682.jpeg\" alt=\"\" class=\"wp-image-47754\" srcset=\"https:\/\/filles-de-la-charite.org\/wp-content\/uploads\/2025\/11\/WhatsApp-Image-2025-11-10-at-01.15.27-1-1024x682.jpeg 1024w, https:\/\/filles-de-la-charite.org\/wp-content\/uploads\/2025\/11\/WhatsApp-Image-2025-11-10-at-01.15.27-1-980x653.jpeg 980w, https:\/\/filles-de-la-charite.org\/wp-content\/uploads\/2025\/11\/WhatsApp-Image-2025-11-10-at-01.15.27-1-480x320.jpeg 480w\" sizes=\"(min-width: 0px) and (max-width: 480px) 480px, (min-width: 481px) and (max-width: 980px) 980px, (min-width: 981px) 1024px, 100vw\" \/><\/figure>\n\n\n\n<h2 class=\"wp-block-heading\"><strong>Pr\u00e9sences Inspirantes<\/strong><\/h2>\n\n\n\n<p>La rencontre a \u00e9t\u00e9 enrichie par la pr\u00e9sence de S\u0153ur Fran\u00e7oise Petit, Sup\u00e9rieure G\u00e9n\u00e9rale, qui, avec tendresse et sagesse, nous a invit\u00e9es \u00e0 pers\u00e9v\u00e9rer dans la vocation avec joie et fid\u00e9lit\u00e9, en gardant les Pauvres au centre de notre service. Elle nous a rappel\u00e9 que \u00ab rien dans nos Constitutions ne freine l\u2019audace missionnaire \u00bb, et que la fid\u00e9lit\u00e9 est un chemin d\u2019amour quotidien. S\u0153ur Ana Am\u00e9lia Guedes, Conseill\u00e8re G\u00e9n\u00e9rale, nous a aid\u00e9es \u00e0 r\u00e9fl\u00e9chir sur le th\u00e8me de la rencontre, rappelant que la Communaut\u00e9 est un espace d\u2019\u00c9vangile v\u00e9cu, o\u00f9 l\u2019amour fraternel devient mission. Faisant allusion au th\u00e8me des Assembl\u00e9es, elle a compar\u00e9 la Compagnie \u00e0 un \u00ab grand atelier \u00bb o\u00f9 chaque S\u0153ur est une artisane de la Paix et de la Charit\u00e9, contribuant discr\u00e8tement \u00e0 la beaut\u00e9 de l\u2019ensemble. Le P\u00e8re Jos\u00e9 Antonio Gonz\u00e1lez Prieto, CM, Directeur G\u00e9n\u00e9ral, \u00e9tait \u00e9galement pr\u00e9sent et nous a rappel\u00e9 que la communion, la participation et la mission font partie de l\u2019essence vincentienne. La synodalit\u00e9, a-t-il dit, est l\u2019expression de l\u2019\u00e9coute de l\u2019Esprit et de la conversion pastorale \u00e0 laquelle nous sommes appel\u00e9es.<\/p>\n\n\n\n<p><\/p>\n\n\n\n<figure class=\"wp-block-image size-large\"><img loading=\"lazy\" decoding=\"async\" width=\"1024\" height=\"682\" src=\"https:\/\/filles-de-la-charite.org\/wp-content\/uploads\/2025\/11\/WhatsApp-Image-2025-11-10-at-01.15.30-1024x682.jpeg\" alt=\"\" class=\"wp-image-47757\" srcset=\"https:\/\/filles-de-la-charite.org\/wp-content\/uploads\/2025\/11\/WhatsApp-Image-2025-11-10-at-01.15.30-1024x682.jpeg 1024w, https:\/\/filles-de-la-charite.org\/wp-content\/uploads\/2025\/11\/WhatsApp-Image-2025-11-10-at-01.15.30-980x653.jpeg 980w, https:\/\/filles-de-la-charite.org\/wp-content\/uploads\/2025\/11\/WhatsApp-Image-2025-11-10-at-01.15.30-480x320.jpeg 480w\" sizes=\"(min-width: 0px) and (max-width: 480px) 480px, (min-width: 481px) and (max-width: 980px) 980px, (min-width: 981px) 1024px, 100vw\" \/><\/figure>\n\n\n\n<p>Abordant l\u2019importance de l\u2019\u00e9quilibre et de la souplesse dans notre vocation, le P. Ronaldo Zacharias, SDC, a soulign\u00e9 la n\u00e9cessit\u00e9 d\u2019int\u00e9grer corps, esprit et affectivit\u00e9 dans la suite du Christ. Le P. Eli Chaves, CM, nous a alert\u00e9es sur le danger d\u2019\u00eatre des \u00ab chr\u00e9tiennes sans J\u00e9sus \u00bb et nous a invit\u00e9es \u00e0 red\u00e9couvrir l\u2019enchantement du premier amour. \u00ab Ce n\u2019est qu\u2019avec les pieds sur terre ancr\u00e9es dans la r\u00e9alit\u00e9 et les yeux fix\u00e9s sur le Christ qu\u2019il est possible d\u2019esp\u00e9rer et d\u2019avancer \u00bb, a-t-il affirm\u00e9. Nous avons \u00e9galement re\u00e7u un message du P. Toma\u017e Mavri\u010d, CM, Sup\u00e9rieur G\u00e9n\u00e9ral, qui nous a encourag\u00e9es \u00e0 vivre une spiritualit\u00e9 ardente et missionnaire, en gardant vivant le Charisme Vincentien dans le service aux Pauvres.<\/p>\n\n\n\n<h2 class=\"wp-block-heading\"><strong>\u00c9vangile Incarn\u00e9 : Visite au Centre des R\u00e9fugi\u00e9s<\/strong><\/h2>\n\n\n\n<p>L\u2019un des moments les plus \u00e9mouvants fut la visite au Centre pour R\u00e9fugi\u00e9s et Immigr\u00e9s, tenu par la Province de Rio de Janeiro. L\u00e0, l\u2019\u00c9vangile a pris visage et voix dans les histoires de ceux qui ont trouv\u00e9 accueil et dignit\u00e9. Servir les Pauvres s\u2019est r\u00e9v\u00e9l\u00e9, une fois de plus, servir le Christ lui-m\u00eame.<strong><\/strong><\/p>\n\n\n\n<figure class=\"wp-block-image size-large\"><img loading=\"lazy\" decoding=\"async\" width=\"1024\" height=\"682\" src=\"https:\/\/filles-de-la-charite.org\/wp-content\/uploads\/2025\/11\/WhatsApp-Image-2025-11-10-at-01.15.47-1-1024x682.jpeg\" alt=\"\" class=\"wp-image-47758\" srcset=\"https:\/\/filles-de-la-charite.org\/wp-content\/uploads\/2025\/11\/WhatsApp-Image-2025-11-10-at-01.15.47-1-1024x682.jpeg 1024w, https:\/\/filles-de-la-charite.org\/wp-content\/uploads\/2025\/11\/WhatsApp-Image-2025-11-10-at-01.15.47-1-980x653.jpeg 980w, https:\/\/filles-de-la-charite.org\/wp-content\/uploads\/2025\/11\/WhatsApp-Image-2025-11-10-at-01.15.47-1-480x320.jpeg 480w\" sizes=\"(min-width: 0px) and (max-width: 480px) 480px, (min-width: 481px) and (max-width: 980px) 980px, (min-width: 981px) 1024px, 100vw\" \/><\/figure>\n\n\n\n<h2 class=\"wp-block-heading\"><strong>Cl\u00f4ture avec Esp\u00e9rance<\/strong><\/h2>\n\n\n\n<p>Dans son message final, S\u0153ur Fran\u00e7oise Petit, en portugais, a partag\u00e9 la joie d\u2019avoir chemin\u00e9 parmi nous. Elle a renouvel\u00e9 la cons\u00e9cration de la Compagnie \u00e0 Notre-Dame au Sanctuaire National d\u2019Aparecida et a r\u00e9affirm\u00e9 le geste de Sainte Louise il y a 381 ans \u00e0 Chartres. Avec foi, elle a d\u00e9clar\u00e9 :<strong><\/strong><\/p>\n\n\n\n<p>\u00ab Nous ne sommes pas seules. Nous marchons ensemble. Gardez l\u2019enthousiasme et approfondissez l\u2019enracinement en J\u00e9sus. \u00bb<\/p>\n\n\n\n<figure class=\"wp-block-image size-large\"><img loading=\"lazy\" decoding=\"async\" width=\"1024\" height=\"682\" src=\"https:\/\/filles-de-la-charite.org\/wp-content\/uploads\/2025\/11\/WhatsApp-Image-2025-11-10-at-01.16.04-1-1024x682.jpeg\" alt=\"\" class=\"wp-image-47764\" srcset=\"https:\/\/filles-de-la-charite.org\/wp-content\/uploads\/2025\/11\/WhatsApp-Image-2025-11-10-at-01.16.04-1-1024x682.jpeg 1024w, https:\/\/filles-de-la-charite.org\/wp-content\/uploads\/2025\/11\/WhatsApp-Image-2025-11-10-at-01.16.04-1-980x653.jpeg 980w, https:\/\/filles-de-la-charite.org\/wp-content\/uploads\/2025\/11\/WhatsApp-Image-2025-11-10-at-01.16.04-1-480x320.jpeg 480w\" sizes=\"(min-width: 0px) and (max-width: 480px) 480px, (min-width: 481px) and (max-width: 980px) 980px, (min-width: 981px) 1024px, 100vw\" \/><\/figure>\n\n\n\n<h2 class=\"wp-block-heading\"><strong>Chemin Raviv\u00e9<\/strong><\/h2>\n\n\n\n<p>Avec gratitude, nous sommes retourn\u00e9es dans nos communaut\u00e9s, portant la flamme raviv\u00e9e de la vocation. Que Marie, M\u00e8re et Gardienne de la Compagnie, nous aide \u00e0 conserver allum\u00e9es les lumi\u00e8res re\u00e7ues et \u00e0 avancer avec esp\u00e9rance, sur les pas de Vincent et Louise, \u00e0 la rencontre des Pauvres, o\u00f9 le Christ lui-m\u00eame nous attend.<\/p>\n\n\n\n<figure class=\"wp-block-image size-large\"><img loading=\"lazy\" decoding=\"async\" width=\"682\" height=\"1024\" src=\"https:\/\/filles-de-la-charite.org\/wp-content\/uploads\/2025\/11\/WhatsApp-Image-2025-11-10-at-01.16.22-682x1024.jpeg\" alt=\"\" class=\"wp-image-47766\" srcset=\"https:\/\/filles-de-la-charite.org\/wp-content\/uploads\/2025\/11\/WhatsApp-Image-2025-11-10-at-01.16.22-682x1024.jpeg 682w, https:\/\/filles-de-la-charite.org\/wp-content\/uploads\/2025\/11\/WhatsApp-Image-2025-11-10-at-01.16.22-480x720.jpeg 480w\" sizes=\"(min-width: 0px) and (max-width: 480px) 480px, (min-width: 481px) 682px, 100vw\" \/><\/figure>\n\n\n\n<p><strong><strong>B\u00e9ni soit Dieu, qui marche avec nous !<\/strong><\/strong><\/p>\n","protected":false},"excerpt":{"rendered":"<p>1\u00e8re Rencontre Interprovinciale des S\u0153urs ayant jusqu\u2019\u00e0 15 ans de vocation \u2013 Provinces du Br\u00e9silRio de Janeiro, Br\u00e9sil \u2013 14 au 18 octobre 2025 Du 14 au 18 octobre 2025, s\u2019est tenue \u00e0 Rio de Janeiro la 1\u00e8re Rencontre Interprovinciale des Jeunes S\u0153urs ayant jusqu\u2019\u00e0 15 ans de vocation. Nous nous sommes r\u00e9unies comme P\u00e8lerines [&hellip;]<\/p>\n","protected":false},"author":5,"featured_media":47771,"comment_status":"closed","ping_status":"closed","sticky":false,"template":"","format":"standard","meta":{"_acf_changed":false,"_et_pb_use_builder":"","_et_pb_old_content":"","_et_gb_content_width":"","footnotes":"","_links_to":"","_links_to_target":""},"categories":[851],"tags":[],"class_list":["post-47770","post","type-post","status-publish","format-standard","has-post-thumbnail","hentry","category-bresil"],"acf":[],"yoast_head":"<!-- This site is optimized with the Yoast SEO plugin v27.5 - https:\/\/yoast.com\/product\/yoast-seo-wordpress\/ -->\n<title>P\u00e8lerines de la Charit\u00e9 : Esp\u00e9rer et Avancer - Filles de la Charit\u00e9<\/title>\n<meta name=\"robots\" content=\"index, follow, max-snippet:-1, max-image-preview:large, max-video-preview:-1\" \/>\n<link rel=\"canonical\" href=\"https:\/\/filles-de-la-charite.org\/fr\/como-peregrinas-de-la-caridad-esperando-y-avanzando\/\" \/>\n<meta property=\"og:locale\" content=\"fr_FR\" \/>\n<meta property=\"og:type\" content=\"article\" \/>\n<meta property=\"og:title\" content=\"P\u00e8lerines de la Charit\u00e9 : Esp\u00e9rer et Avancer - Filles de la Charit\u00e9\" \/>\n<meta property=\"og:description\" content=\"1\u00e8re Rencontre Interprovinciale des S\u0153urs ayant jusqu\u2019\u00e0 15 ans de vocation \u2013 Provinces du Br\u00e9silRio de Janeiro, Br\u00e9sil \u2013 14 au 18 octobre 2025 Du 14 au 18 octobre 2025, s\u2019est tenue \u00e0 Rio de Janeiro la 1\u00e8re Rencontre Interprovinciale des Jeunes S\u0153urs ayant jusqu\u2019\u00e0 15 ans de vocation. Nous nous sommes r\u00e9unies comme P\u00e8lerines [&hellip;]\" \/>\n<meta property=\"og:url\" content=\"https:\/\/filles-de-la-charite.org\/fr\/como-peregrinas-de-la-caridad-esperando-y-avanzando\/\" \/>\n<meta property=\"og:site_name\" content=\"Filles de la Charit\u00e9\" \/>\n<meta property=\"article:published_time\" content=\"2025-11-13T12:08:38+00:00\" \/>\n<meta property=\"article:modified_time\" content=\"2025-11-13T12:14:25+00:00\" \/>\n<meta property=\"og:image\" content=\"https:\/\/filles-de-la-charite.org\/wp-content\/uploads\/2025\/11\/WhatsApp-Image-2025-11-10-at-01.15.27.jpeg\" \/>\n\t<meta property=\"og:image:width\" content=\"1280\" \/>\n\t<meta property=\"og:image:height\" content=\"719\" \/>\n\t<meta property=\"og:image:type\" content=\"image\/jpeg\" \/>\n<meta name=\"author\" content=\"SOR MARTA\" \/>\n<meta name=\"twitter:card\" content=\"summary_large_image\" \/>\n<meta name=\"twitter:label1\" content=\"\u00c9crit par\" \/>\n\t<meta name=\"twitter:data1\" content=\"SOR MARTA\" \/>\n\t<meta name=\"twitter:label2\" content=\"Dur\u00e9e de lecture estim\u00e9e\" \/>\n\t<meta name=\"twitter:data2\" content=\"4 minutes\" \/>\n<script type=\"application\/ld+json\" class=\"yoast-schema-graph\">{\"@context\":\"https:\\\/\\\/schema.org\",\"@graph\":[{\"@type\":\"Article\",\"@id\":\"https:\\\/\\\/filles-de-la-charite.org\\\/fr\\\/como-peregrinas-de-la-caridad-esperando-y-avanzando\\\/#article\",\"isPartOf\":{\"@id\":\"https:\\\/\\\/filles-de-la-charite.org\\\/fr\\\/como-peregrinas-de-la-caridad-esperando-y-avanzando\\\/\"},\"author\":{\"name\":\"SOR MARTA\",\"@id\":\"https:\\\/\\\/filles-de-la-charite.org\\\/fr\\\/#\\\/schema\\\/person\\\/0c922b6ca71280639858d297b3a7209f\"},\"headline\":\"P\u00e8lerines de la Charit\u00e9 : Esp\u00e9rer et Avancer\",\"datePublished\":\"2025-11-13T12:08:38+00:00\",\"dateModified\":\"2025-11-13T12:14:25+00:00\",\"mainEntityOfPage\":{\"@id\":\"https:\\\/\\\/filles-de-la-charite.org\\\/fr\\\/como-peregrinas-de-la-caridad-esperando-y-avanzando\\\/\"},\"wordCount\":675,\"publisher\":{\"@id\":\"https:\\\/\\\/filles-de-la-charite.org\\\/fr\\\/#organization\"},\"image\":{\"@id\":\"https:\\\/\\\/filles-de-la-charite.org\\\/fr\\\/como-peregrinas-de-la-caridad-esperando-y-avanzando\\\/#primaryimage\"},\"thumbnailUrl\":\"https:\\\/\\\/filles-de-la-charite.org\\\/wp-content\\\/uploads\\\/2025\\\/11\\\/WhatsApp-Image-2025-11-10-at-01.15.27.jpeg\",\"articleSection\":[\"Br\u00e9sil\"],\"inLanguage\":\"fr-FR\"},{\"@type\":\"WebPage\",\"@id\":\"https:\\\/\\\/filles-de-la-charite.org\\\/fr\\\/como-peregrinas-de-la-caridad-esperando-y-avanzando\\\/\",\"url\":\"https:\\\/\\\/filles-de-la-charite.org\\\/fr\\\/como-peregrinas-de-la-caridad-esperando-y-avanzando\\\/\",\"name\":\"P\u00e8lerines de la Charit\u00e9 : Esp\u00e9rer et Avancer - Filles de la Charit\u00e9\",\"isPartOf\":{\"@id\":\"https:\\\/\\\/filles-de-la-charite.org\\\/fr\\\/#website\"},\"primaryImageOfPage\":{\"@id\":\"https:\\\/\\\/filles-de-la-charite.org\\\/fr\\\/como-peregrinas-de-la-caridad-esperando-y-avanzando\\\/#primaryimage\"},\"image\":{\"@id\":\"https:\\\/\\\/filles-de-la-charite.org\\\/fr\\\/como-peregrinas-de-la-caridad-esperando-y-avanzando\\\/#primaryimage\"},\"thumbnailUrl\":\"https:\\\/\\\/filles-de-la-charite.org\\\/wp-content\\\/uploads\\\/2025\\\/11\\\/WhatsApp-Image-2025-11-10-at-01.15.27.jpeg\",\"datePublished\":\"2025-11-13T12:08:38+00:00\",\"dateModified\":\"2025-11-13T12:14:25+00:00\",\"breadcrumb\":{\"@id\":\"https:\\\/\\\/filles-de-la-charite.org\\\/fr\\\/como-peregrinas-de-la-caridad-esperando-y-avanzando\\\/#breadcrumb\"},\"inLanguage\":\"fr-FR\",\"potentialAction\":[{\"@type\":\"ReadAction\",\"target\":[\"https:\\\/\\\/filles-de-la-charite.org\\\/fr\\\/como-peregrinas-de-la-caridad-esperando-y-avanzando\\\/\"]}]},{\"@type\":\"ImageObject\",\"inLanguage\":\"fr-FR\",\"@id\":\"https:\\\/\\\/filles-de-la-charite.org\\\/fr\\\/como-peregrinas-de-la-caridad-esperando-y-avanzando\\\/#primaryimage\",\"url\":\"https:\\\/\\\/filles-de-la-charite.org\\\/wp-content\\\/uploads\\\/2025\\\/11\\\/WhatsApp-Image-2025-11-10-at-01.15.27.jpeg\",\"contentUrl\":\"https:\\\/\\\/filles-de-la-charite.org\\\/wp-content\\\/uploads\\\/2025\\\/11\\\/WhatsApp-Image-2025-11-10-at-01.15.27.jpeg\",\"width\":1280,\"height\":719},{\"@type\":\"BreadcrumbList\",\"@id\":\"https:\\\/\\\/filles-de-la-charite.org\\\/fr\\\/como-peregrinas-de-la-caridad-esperando-y-avanzando\\\/#breadcrumb\",\"itemListElement\":[{\"@type\":\"ListItem\",\"position\":1,\"name\":\"Br\u00e9sil\",\"item\":\"https:\\\/\\\/filles-de-la-charite.org\\\/fr\\\/category\\\/bresil\\\/\"},{\"@type\":\"ListItem\",\"position\":2,\"name\":\"P\u00e8lerines de la Charit\u00e9 : Esp\u00e9rer et Avancer\"}]},{\"@type\":\"WebSite\",\"@id\":\"https:\\\/\\\/filles-de-la-charite.org\\\/fr\\\/#website\",\"url\":\"https:\\\/\\\/filles-de-la-charite.org\\\/fr\\\/\",\"name\":\"Hijas de la Caridad\",\"description\":\"L\u2019amour de J\u00e9sus nous presse \u00e0 prendre soin des personnes les plus d\u00e9munies\",\"publisher\":{\"@id\":\"https:\\\/\\\/filles-de-la-charite.org\\\/fr\\\/#organization\"},\"potentialAction\":[{\"@type\":\"SearchAction\",\"target\":{\"@type\":\"EntryPoint\",\"urlTemplate\":\"https:\\\/\\\/filles-de-la-charite.org\\\/fr\\\/?s={search_term_string}\"},\"query-input\":{\"@type\":\"PropertyValueSpecification\",\"valueRequired\":true,\"valueName\":\"search_term_string\"}}],\"inLanguage\":\"fr-FR\"},{\"@type\":\"Organization\",\"@id\":\"https:\\\/\\\/filles-de-la-charite.org\\\/fr\\\/#organization\",\"name\":\"Hijas de la Caridad\",\"url\":\"https:\\\/\\\/filles-de-la-charite.org\\\/fr\\\/\",\"logo\":{\"@type\":\"ImageObject\",\"inLanguage\":\"fr-FR\",\"@id\":\"https:\\\/\\\/filles-de-la-charite.org\\\/fr\\\/#\\\/schema\\\/logo\\\/image\\\/\",\"url\":\"https:\\\/\\\/filles-de-la-charite.org\\\/wp-content\\\/uploads\\\/2023\\\/03\\\/isotipo-Hijas-de-la-Caridad.png\",\"contentUrl\":\"https:\\\/\\\/filles-de-la-charite.org\\\/wp-content\\\/uploads\\\/2023\\\/03\\\/isotipo-Hijas-de-la-Caridad.png\",\"width\":1417,\"height\":1417,\"caption\":\"Hijas de la Caridad\"},\"image\":{\"@id\":\"https:\\\/\\\/filles-de-la-charite.org\\\/fr\\\/#\\\/schema\\\/logo\\\/image\\\/\"}},{\"@type\":\"Person\",\"@id\":\"https:\\\/\\\/filles-de-la-charite.org\\\/fr\\\/#\\\/schema\\\/person\\\/0c922b6ca71280639858d297b3a7209f\",\"name\":\"SOR MARTA\",\"image\":{\"@type\":\"ImageObject\",\"inLanguage\":\"fr-FR\",\"@id\":\"https:\\\/\\\/secure.gravatar.com\\\/avatar\\\/d2c45b0fd6bf2d3e2670ab3d112257c24ac80fa960360bba1bdc0676485d1d09?s=96&d=mm&r=g\",\"url\":\"https:\\\/\\\/secure.gravatar.com\\\/avatar\\\/d2c45b0fd6bf2d3e2670ab3d112257c24ac80fa960360bba1bdc0676485d1d09?s=96&d=mm&r=g\",\"contentUrl\":\"https:\\\/\\\/secure.gravatar.com\\\/avatar\\\/d2c45b0fd6bf2d3e2670ab3d112257c24ac80fa960360bba1bdc0676485d1d09?s=96&d=mm&r=g\",\"caption\":\"SOR MARTA\"},\"url\":\"https:\\\/\\\/filles-de-la-charite.org\\\/fr\\\/author\\\/martaemn\\\/\"}]}<\/script>\n<!-- \/ Yoast SEO plugin. -->","yoast_head_json":{"title":"P\u00e8lerines de la Charit\u00e9 : Esp\u00e9rer et Avancer - Filles de la Charit\u00e9","robots":{"index":"index","follow":"follow","max-snippet":"max-snippet:-1","max-image-preview":"max-image-preview:large","max-video-preview":"max-video-preview:-1"},"canonical":"https:\/\/filles-de-la-charite.org\/fr\/como-peregrinas-de-la-caridad-esperando-y-avanzando\/","og_locale":"fr_FR","og_type":"article","og_title":"P\u00e8lerines de la Charit\u00e9 : Esp\u00e9rer et Avancer - Filles de la Charit\u00e9","og_description":"1\u00e8re Rencontre Interprovinciale des S\u0153urs ayant jusqu\u2019\u00e0 15 ans de vocation \u2013 Provinces du Br\u00e9silRio de Janeiro, Br\u00e9sil \u2013 14 au 18 octobre 2025 Du 14 au 18 octobre 2025, s\u2019est tenue \u00e0 Rio de Janeiro la 1\u00e8re Rencontre Interprovinciale des Jeunes S\u0153urs ayant jusqu\u2019\u00e0 15 ans de vocation. Nous nous sommes r\u00e9unies comme P\u00e8lerines [&hellip;]","og_url":"https:\/\/filles-de-la-charite.org\/fr\/como-peregrinas-de-la-caridad-esperando-y-avanzando\/","og_site_name":"Filles de la Charit\u00e9","article_published_time":"2025-11-13T12:08:38+00:00","article_modified_time":"2025-11-13T12:14:25+00:00","og_image":[{"width":1280,"height":719,"url":"https:\/\/filles-de-la-charite.org\/wp-content\/uploads\/2025\/11\/WhatsApp-Image-2025-11-10-at-01.15.27.jpeg","type":"image\/jpeg"}],"author":"SOR MARTA","twitter_card":"summary_large_image","twitter_misc":{"\u00c9crit par":"SOR MARTA","Dur\u00e9e de lecture estim\u00e9e":"4 minutes"},"schema":{"@context":"https:\/\/schema.org","@graph":[{"@type":"Article","@id":"https:\/\/filles-de-la-charite.org\/fr\/como-peregrinas-de-la-caridad-esperando-y-avanzando\/#article","isPartOf":{"@id":"https:\/\/filles-de-la-charite.org\/fr\/como-peregrinas-de-la-caridad-esperando-y-avanzando\/"},"author":{"name":"SOR MARTA","@id":"https:\/\/filles-de-la-charite.org\/fr\/#\/schema\/person\/0c922b6ca71280639858d297b3a7209f"},"headline":"P\u00e8lerines de la Charit\u00e9 : Esp\u00e9rer et Avancer","datePublished":"2025-11-13T12:08:38+00:00","dateModified":"2025-11-13T12:14:25+00:00","mainEntityOfPage":{"@id":"https:\/\/filles-de-la-charite.org\/fr\/como-peregrinas-de-la-caridad-esperando-y-avanzando\/"},"wordCount":675,"publisher":{"@id":"https:\/\/filles-de-la-charite.org\/fr\/#organization"},"image":{"@id":"https:\/\/filles-de-la-charite.org\/fr\/como-peregrinas-de-la-caridad-esperando-y-avanzando\/#primaryimage"},"thumbnailUrl":"https:\/\/filles-de-la-charite.org\/wp-content\/uploads\/2025\/11\/WhatsApp-Image-2025-11-10-at-01.15.27.jpeg","articleSection":["Br\u00e9sil"],"inLanguage":"fr-FR"},{"@type":"WebPage","@id":"https:\/\/filles-de-la-charite.org\/fr\/como-peregrinas-de-la-caridad-esperando-y-avanzando\/","url":"https:\/\/filles-de-la-charite.org\/fr\/como-peregrinas-de-la-caridad-esperando-y-avanzando\/","name":"P\u00e8lerines de la Charit\u00e9 : Esp\u00e9rer et Avancer - Filles de la Charit\u00e9","isPartOf":{"@id":"https:\/\/filles-de-la-charite.org\/fr\/#website"},"primaryImageOfPage":{"@id":"https:\/\/filles-de-la-charite.org\/fr\/como-peregrinas-de-la-caridad-esperando-y-avanzando\/#primaryimage"},"image":{"@id":"https:\/\/filles-de-la-charite.org\/fr\/como-peregrinas-de-la-caridad-esperando-y-avanzando\/#primaryimage"},"thumbnailUrl":"https:\/\/filles-de-la-charite.org\/wp-content\/uploads\/2025\/11\/WhatsApp-Image-2025-11-10-at-01.15.27.jpeg","datePublished":"2025-11-13T12:08:38+00:00","dateModified":"2025-11-13T12:14:25+00:00","breadcrumb":{"@id":"https:\/\/filles-de-la-charite.org\/fr\/como-peregrinas-de-la-caridad-esperando-y-avanzando\/#breadcrumb"},"inLanguage":"fr-FR","potentialAction":[{"@type":"ReadAction","target":["https:\/\/filles-de-la-charite.org\/fr\/como-peregrinas-de-la-caridad-esperando-y-avanzando\/"]}]},{"@type":"ImageObject","inLanguage":"fr-FR","@id":"https:\/\/filles-de-la-charite.org\/fr\/como-peregrinas-de-la-caridad-esperando-y-avanzando\/#primaryimage","url":"https:\/\/filles-de-la-charite.org\/wp-content\/uploads\/2025\/11\/WhatsApp-Image-2025-11-10-at-01.15.27.jpeg","contentUrl":"https:\/\/filles-de-la-charite.org\/wp-content\/uploads\/2025\/11\/WhatsApp-Image-2025-11-10-at-01.15.27.jpeg","width":1280,"height":719},{"@type":"BreadcrumbList","@id":"https:\/\/filles-de-la-charite.org\/fr\/como-peregrinas-de-la-caridad-esperando-y-avanzando\/#breadcrumb","itemListElement":[{"@type":"ListItem","position":1,"name":"Br\u00e9sil","item":"https:\/\/filles-de-la-charite.org\/fr\/category\/bresil\/"},{"@type":"ListItem","position":2,"name":"P\u00e8lerines de la Charit\u00e9 : Esp\u00e9rer et Avancer"}]},{"@type":"WebSite","@id":"https:\/\/filles-de-la-charite.org\/fr\/#website","url":"https:\/\/filles-de-la-charite.org\/fr\/","name":"Hijas de la Caridad","description":"L\u2019amour de J\u00e9sus nous presse \u00e0 prendre soin des personnes les plus d\u00e9munies","publisher":{"@id":"https:\/\/filles-de-la-charite.org\/fr\/#organization"},"potentialAction":[{"@type":"SearchAction","target":{"@type":"EntryPoint","urlTemplate":"https:\/\/filles-de-la-charite.org\/fr\/?s={search_term_string}"},"query-input":{"@type":"PropertyValueSpecification","valueRequired":true,"valueName":"search_term_string"}}],"inLanguage":"fr-FR"},{"@type":"Organization","@id":"https:\/\/filles-de-la-charite.org\/fr\/#organization","name":"Hijas de la Caridad","url":"https:\/\/filles-de-la-charite.org\/fr\/","logo":{"@type":"ImageObject","inLanguage":"fr-FR","@id":"https:\/\/filles-de-la-charite.org\/fr\/#\/schema\/logo\/image\/","url":"https:\/\/filles-de-la-charite.org\/wp-content\/uploads\/2023\/03\/isotipo-Hijas-de-la-Caridad.png","contentUrl":"https:\/\/filles-de-la-charite.org\/wp-content\/uploads\/2023\/03\/isotipo-Hijas-de-la-Caridad.png","width":1417,"height":1417,"caption":"Hijas de la Caridad"},"image":{"@id":"https:\/\/filles-de-la-charite.org\/fr\/#\/schema\/logo\/image\/"}},{"@type":"Person","@id":"https:\/\/filles-de-la-charite.org\/fr\/#\/schema\/person\/0c922b6ca71280639858d297b3a7209f","name":"SOR MARTA","image":{"@type":"ImageObject","inLanguage":"fr-FR","@id":"https:\/\/secure.gravatar.com\/avatar\/d2c45b0fd6bf2d3e2670ab3d112257c24ac80fa960360bba1bdc0676485d1d09?s=96&d=mm&r=g","url":"https:\/\/secure.gravatar.com\/avatar\/d2c45b0fd6bf2d3e2670ab3d112257c24ac80fa960360bba1bdc0676485d1d09?s=96&d=mm&r=g","contentUrl":"https:\/\/secure.gravatar.com\/avatar\/d2c45b0fd6bf2d3e2670ab3d112257c24ac80fa960360bba1bdc0676485d1d09?s=96&d=mm&r=g","caption":"SOR MARTA"},"url":"https:\/\/filles-de-la-charite.org\/fr\/author\/martaemn\/"}]}},"_links":{"self":[{"href":"https:\/\/filles-de-la-charite.org\/fr\/wp-json\/wp\/v2\/posts\/47770","targetHints":{"allow":["GET"]}}],"collection":[{"href":"https:\/\/filles-de-la-charite.org\/fr\/wp-json\/wp\/v2\/posts"}],"about":[{"href":"https:\/\/filles-de-la-charite.org\/fr\/wp-json\/wp\/v2\/types\/post"}],"author":[{"embeddable":true,"href":"https:\/\/filles-de-la-charite.org\/fr\/wp-json\/wp\/v2\/users\/5"}],"replies":[{"embeddable":true,"href":"https:\/\/filles-de-la-charite.org\/fr\/wp-json\/wp\/v2\/comments?post=47770"}],"version-history":[{"count":2,"href":"https:\/\/filles-de-la-charite.org\/fr\/wp-json\/wp\/v2\/posts\/47770\/revisions"}],"predecessor-version":[{"id":47842,"href":"https:\/\/filles-de-la-charite.org\/fr\/wp-json\/wp\/v2\/posts\/47770\/revisions\/47842"}],"wp:featuredmedia":[{"embeddable":true,"href":"https:\/\/filles-de-la-charite.org\/fr\/wp-json\/wp\/v2\/media\/47771"}],"wp:attachment":[{"href":"https:\/\/filles-de-la-charite.org\/fr\/wp-json\/wp\/v2\/media?parent=47770"}],"wp:term":[{"taxonomy":"category","embeddable":true,"href":"https:\/\/filles-de-la-charite.org\/fr\/wp-json\/wp\/v2\/categories?post=47770"},{"taxonomy":"post_tag","embeddable":true,"href":"https:\/\/filles-de-la-charite.org\/fr\/wp-json\/wp\/v2\/tags?post=47770"}],"curies":[{"name":"wp","href":"https:\/\/api.w.org\/{rel}","templated":true}]}}