{"id":47860,"date":"2025-11-13T12:24:37","date_gmt":"2025-11-13T11:24:37","guid":{"rendered":"https:\/\/filles-de-la-charite.org\/amazonia-tierra-de-esperanza-y-encuentro-vicenciano\/"},"modified":"2025-11-29T22:47:31","modified_gmt":"2025-11-29T21:47:31","slug":"amazonia-tierra-de-esperanza-y-encuentro-vicenciano","status":"publish","type":"post","link":"https:\/\/filles-de-la-charite.org\/fr\/amazonia-tierra-de-esperanza-y-encuentro-vicenciano\/","title":{"rendered":"Amazonie : terre d&rsquo;espoir et de rencontre vincentienne"},"content":{"rendered":"\n<p><strong><strong>Visite de la Sup\u00e9rieure g\u00e9n\u00e9rale et du Directeur g\u00e9n\u00e9ral des Filles de la Charit\u00e9 lors du C\u00edrio de Nazar\u00e9 2025 (<em>C\u00edrio de Nazar\u00e9 \u2013 l&rsquo;une des plus grandes processions mariales au monde<\/em>)<\/strong><\/strong><\/p>\n\n\n\n<figure class=\"wp-block-image size-large\"><img loading=\"lazy\" decoding=\"async\" width=\"1024\" height=\"576\" src=\"https:\/\/filles-de-la-charite.org\/wp-content\/uploads\/2025\/11\/WhatsApp-Image-2025-11-10-at-01.26.27-3-1024x576.jpeg\" alt=\"\" class=\"wp-image-47703\" srcset=\"https:\/\/filles-de-la-charite.org\/wp-content\/uploads\/2025\/11\/WhatsApp-Image-2025-11-10-at-01.26.27-3-980x551.jpeg 980w, https:\/\/filles-de-la-charite.org\/wp-content\/uploads\/2025\/11\/WhatsApp-Image-2025-11-10-at-01.26.27-3-480x270.jpeg 480w\" sizes=\"(min-width: 0px) and (max-width: 480px) 480px, (min-width: 481px) and (max-width: 980px) 980px, (min-width: 981px) 1024px, 100vw\" \/><\/figure>\n\n\n\n<p>En octobre 2025, Bel\u00e9m do Par\u00e1, porte d&rsquo;entr\u00e9e de l&rsquo;Amazonie br\u00e9silienne, a \u00e9t\u00e9 le th\u00e9\u00e2tre d&rsquo;une rencontre profond\u00e9ment symbolique entre le charisme vincentien et la spiritualit\u00e9 populaire. Au cours des c\u00e9l\u00e9brations du C\u00edrio de Nazar\u00e9 (<em>C\u00edrio de Nazar\u00e9 \u2013 l&rsquo;une des plus grandes processions mariales au monde<\/em>), la Sup\u00e9rieure g\u00e9n\u00e9rale des Filles de la Charit\u00e9 de Saint Vincent de Paul, S\u0153ur Fran\u00e7oise Petit, et le Directeur g\u00e9n\u00e9ral, le P\u00e8re Jos\u00e9 Antonio Gonz\u00e1lez Prieto, CM, ont visit\u00e9 la Province de l\u2019Amazonie, apportant avec eux un message de paix, d&rsquo;\u00e9coute attentive et d&rsquo;esp\u00e9rance.<\/p>\n\n\n\n<h2 class=\"wp-block-heading\"><strong>Une pr\u00e9sence qui console et inspire<\/strong><\/h2>\n\n\n\n<p>Du 9 au 14 octobre, S\u0153ur Fran\u00e7oise s&rsquo;est immerg\u00e9e dans l&rsquo;\u00e2me de l&rsquo;Amazonie. Elle a visit\u00e9 des communaut\u00e9s riveraines, s&rsquo;est inform\u00e9e sur des projets sociaux tels que \u00ab A\u00e7\u00e3o Partilha \u00bb (<em>Action de partage<\/em>) et \u00ab Do Lixo ao Luxo \u00bb (<em>Des d\u00e9chets au tr\u00e9sor<\/em>), et a particip\u00e9 aux p\u00e8lerinages du C\u00edrio avec les habitants du Par\u00e1. Sa pr\u00e9sence discr\u00e8te et fraternelle a r\u00e9v\u00e9l\u00e9 le c\u0153ur du charisme vincentien : \u00eatre pr\u00e9sent, \u00e9couter, servir avec tendresse et aimer les pauvres.<\/p>\n\n\n\n<p>Pendant le p\u00e8lerinage fluvial, des bateaux d\u00e9cor\u00e9s de fleurs et des chants ont transform\u00e9 le fleuve en un sanctuaire \u00e9mouvant. L&rsquo;image de Notre-Dame de Nazar\u00e9 a avanc\u00e9 sur les eaux de la baie de Guajar\u00e1, accompagn\u00e9e de milliers de fid\u00e8les. C&rsquo;\u00e9tait comme si Marie marchait sur les eaux de l&rsquo;Amazonie, b\u00e9nissant son peuple avec espoir.<\/p>\n\n\n\n<figure class=\"wp-block-image size-large\"><img loading=\"lazy\" decoding=\"async\" width=\"1024\" height=\"768\" src=\"https:\/\/filles-de-la-charite.org\/wp-content\/uploads\/2025\/11\/WhatsApp-Image-2025-11-10-at-01.26.27-2-1024x768.jpeg\" alt=\"\" class=\"wp-image-47702\" srcset=\"https:\/\/filles-de-la-charite.org\/wp-content\/uploads\/2025\/11\/WhatsApp-Image-2025-11-10-at-01.26.27-2-1024x768.jpeg 1024w, https:\/\/filles-de-la-charite.org\/wp-content\/uploads\/2025\/11\/WhatsApp-Image-2025-11-10-at-01.26.27-2-980x735.jpeg 980w, https:\/\/filles-de-la-charite.org\/wp-content\/uploads\/2025\/11\/WhatsApp-Image-2025-11-10-at-01.26.27-2-480x360.jpeg 480w\" sizes=\"(min-width: 0px) and (max-width: 480px) 480px, (min-width: 481px) and (max-width: 980px) 980px, (min-width: 981px) 1024px, 100vw\" \/><\/figure>\n\n\n\n<h2 class=\"wp-block-heading\"><strong>Une spiritualit\u00e9 n\u00e9e de la terre<\/strong><\/h2>\n\n\n\n<p>Pendant son s\u00e9jour, S\u0153ur Fran\u00e7oise a \u00e9t\u00e9 enchant\u00e9e par la culture locale. Elle a go\u00fbt\u00e9 des plats traditionnels tels que le <em>pato no tucupi<\/em> (canard \u00e0 la sauce tucupi), l&rsquo;<em>a\u00e7a\u00ed<\/em> et le poisson frais de rivi\u00e8re, elle a dans\u00e9 au rythme du <em>carimb\u00f3<\/em> (une danse traditionnelle amazonienne) et elle a appris la chanson populaire \u00ab Naza, Nazarezinha, Nazar\u00e9 Rainha&#8230; \u00bb (<em>\u00ab Naza, petite Nazareth, reine de Nazareth&#8230; \u00bb<\/em>), chant\u00e9e avec enthousiasme par la population. Chaque geste exprimait la communion et le respect de l&rsquo;identit\u00e9 amazonienne.<\/p>\n\n\n\n<p>La foi en Amazonie porte le parfum de la terre humide et se manifeste dans les rues, les march\u00e9s, les maisons et les berges. C&rsquo;est une spiritualit\u00e9 incarn\u00e9e, faite de gestes simples et accueillants, qui refl\u00e8te la fa\u00e7on dont les Filles de la Charit\u00e9 vivent leur vocation dans la r\u00e9gion depuis plus de 90 ans.<\/p>\n\n\n\n<figure class=\"wp-block-image size-large\"><img loading=\"lazy\" decoding=\"async\" width=\"768\" height=\"1024\" src=\"https:\/\/filles-de-la-charite.org\/wp-content\/uploads\/2025\/11\/WhatsApp-Image-2025-11-10-at-01.26.27-768x1024.jpeg\" alt=\"\" class=\"wp-image-47704\"\/><\/figure>\n\n\n\n<h2 class=\"wp-block-heading\"><strong>Un appel \u00e0 l&rsquo;\u00e9cologie int\u00e9grale et \u00e0 la fraternit\u00e9<\/strong><\/h2>\n\n\n\n<p>Inspir\u00e9e par <em>Laudato Si&rsquo;<\/em> du pape Fran\u00e7ois, la visite a renforc\u00e9 le lien entre le souci des pauvres et le souci de notre maison commune. Le th\u00e8me du C\u00edrio 2025, \u00ab Marie, M\u00e8re et Reine de toute la cr\u00e9ation \u00bb, a fait \u00e9cho \u00e0 cet appel \u00e0 la responsabilit\u00e9 collective pour l&rsquo;avenir de la Terre.<\/p>\n\n\n\n<p>Dans un geste profond\u00e9ment \u00e9mouvant, S\u0153ur Fran\u00e7oise a consacr\u00e9 toute la Compagnie \u00e0 la \u00ab Dame de la Berlinda \u00bb (<em>Senhora da Berlinda<\/em> \u2013 vocable donn\u00e9 \u00e0 Notre-Dame de Nazar\u00e9 pendant la procession), r\u00e9p\u00e9tant l&rsquo;acte de Sainte Louise de Marillac \u00e0 Chartres. Sa visite, pendant l&rsquo;Ann\u00e9e Sainte du Jubil\u00e9 de l&rsquo;Esp\u00e9rance, a \u00e9t\u00e9 un t\u00e9moignage vivant d&rsquo;une foi r\u00e9siliente, d&rsquo;une esp\u00e9rance concr\u00e8te et d&rsquo;une charit\u00e9 qui ne se lasse jamais de servir.<\/p>\n\n\n\n<figure class=\"wp-block-image size-large\"><img loading=\"lazy\" decoding=\"async\" width=\"768\" height=\"1024\" src=\"https:\/\/filles-de-la-charite.org\/wp-content\/uploads\/2025\/11\/WhatsApp-Image-2025-11-10-at-01.26.27-1-768x1024.jpeg\" alt=\"\" class=\"wp-image-47701\"\/><\/figure>\n\n\n\n<h2 class=\"wp-block-heading\"><strong>Une visite qui se poursuit dans la communion<\/strong><\/h2>\n\n\n\n<p>Les 20 et 21 octobre, alors que Bel\u00e9m vibrait encore de la foi du C\u00edrio, la ville a re\u00e7u une autre visite d&rsquo;une profonde signification spirituelle : celle du directeur g\u00e9n\u00e9ral de la Compagnie, le p\u00e8re Jos\u00e9 Antonio Gonz\u00e1lez Prieto, CM, qui a particip\u00e9 \u00e0 la Quinzena Nazarena (Quinzaine nazar\u00e9enne \u2013 p\u00e9riode d&rsquo;intense d\u00e9votion religieuse et de partage fraternel).<\/p>\n\n\n\n<p>Le p\u00e8re Jos\u00e9 Antonio a rencontr\u00e9 les S\u0153urs qui servent avec un d\u00e9vouement silencieux le long des fleuves et dans les banlieues. Enchant\u00e9 par la biodiversit\u00e9 et la beaut\u00e9 naturelle de l&rsquo;Amazonie, il y a reconnu un \u00c9vangile vivant : chaque arbre, chaque fleuve, chaque visage humain r\u00e9v\u00e8le la pr\u00e9sence cr\u00e9atrice et aimante de Dieu.<\/p>\n\n\n\n<p>Inspir\u00e9 par le th\u00e8me de l&rsquo;Assembl\u00e9e de la Compagnie, \u00ab Artisans de paix et d&rsquo;esp\u00e9rance \u00bb, il a soulign\u00e9 le r\u00f4le des S\u0153urs en tant que t\u00e9moins de la r\u00e9conciliation dans un monde bless\u00e9 par la division. Ses paroles ont profond\u00e9ment touch\u00e9 les communaut\u00e9s, affirmant les vocations et encourageant une vie fraternelle joyeuse et reconnaissante.<\/p>\n\n\n\n<figure class=\"wp-block-image size-large\"><img loading=\"lazy\" decoding=\"async\" width=\"1024\" height=\"768\" src=\"https:\/\/filles-de-la-charite.org\/wp-content\/uploads\/2025\/11\/WhatsApp-Image-2025-11-10-at-01.26.26-1024x768.jpeg\" alt=\"\" class=\"wp-image-47700\" srcset=\"https:\/\/filles-de-la-charite.org\/wp-content\/uploads\/2025\/11\/WhatsApp-Image-2025-11-10-at-01.26.26-980x735.jpeg 980w, https:\/\/filles-de-la-charite.org\/wp-content\/uploads\/2025\/11\/WhatsApp-Image-2025-11-10-at-01.26.26-480x360.jpeg 480w\" sizes=\"(min-width: 0px) and (max-width: 480px) 480px, (min-width: 481px) and (max-width: 980px) 980px, (min-width: 981px) 1024px, 100vw\" \/><\/figure>\n\n\n\n<h2 class=\"wp-block-heading\"><strong>Un t\u00e9moignage pour le monde<\/strong><\/h2>\n\n\n\n<p>La visite de la Sup\u00e9rieure g\u00e9n\u00e9rale et du Directeur g\u00e9n\u00e9ral \u00e0 Bel\u00e9m do Par\u00e1 restera dans les m\u00e9moires comme un signe proph\u00e9tique de communion universelle. En ces temps de crise environnementale, d&rsquo;in\u00e9galit\u00e9s et de conflits, l&rsquo;Amazonie s&rsquo;\u00e9l\u00e8ve comme un signe que l&rsquo;espoir est possible. La foi qui sourit m\u00eame lorsqu&rsquo;elle est fatigu\u00e9e, la charit\u00e9 qui ne se lasse jamais de servir et la spiritualit\u00e9 qui chante parmi les rivi\u00e8res et les march\u00e9s r\u00e9v\u00e8lent que Dieu marche avec nous.<\/p>\n\n\n\n<p>Que le C\u00edrio continue d&rsquo;\u00eatre une lumi\u00e8re pour le monde, un rappel que la paix commence lorsque nous apprenons \u00e0 nous rapprocher les uns des autres avec amour. Entre le parfum de l&rsquo;encens et l&rsquo;ar\u00f4me du <em>tucupi<\/em>, entre les chants des processions et le murmure des rivi\u00e8res, une certitude demeure : la paix et l&rsquo;espoir sont encore possibles lorsqu&rsquo;ils sont tiss\u00e9s avec amour, foi et proximit\u00e9.<\/p>\n\n\n\n<figure class=\"wp-block-image size-large\"><img loading=\"lazy\" decoding=\"async\" width=\"576\" height=\"1024\" src=\"https:\/\/filles-de-la-charite.org\/wp-content\/uploads\/2025\/11\/WhatsApp-Image-2025-11-10-at-01.26.26-1-576x1024.jpeg\" alt=\"\" class=\"wp-image-47699\" srcset=\"https:\/\/filles-de-la-charite.org\/wp-content\/uploads\/2025\/11\/WhatsApp-Image-2025-11-10-at-01.26.26-1-576x1024.jpeg 576w, https:\/\/filles-de-la-charite.org\/wp-content\/uploads\/2025\/11\/WhatsApp-Image-2025-11-10-at-01.26.26-1-480x853.jpeg 480w\" sizes=\"(min-width: 0px) and (max-width: 480px) 480px, (min-width: 481px) 576px, 100vw\" \/><\/figure>\n\n\n\n<p>Merci, Seigneur, pour ces visites si pleines de fraternit\u00e9 et d&rsquo;espoir, qui r\u00e9v\u00e8lent Tes douces caresses divines sur nous, qui appartenons \u00e0 cette terre sacr\u00e9e de l&rsquo;Amazonie.<\/p>\n\n\n\n<p><strong>Lou\u00e9 soit Dieu !<\/strong><\/p>\n\n\n\n<p><em>Sr. Maria Rejiane da Mata Dias, fdlc<\/em><\/p>\n\n\n\n<p><em>Sr. Anagilsa Sampaio Bentes, fdlc<\/em><\/p>\n\n\n\n<p><em><br><\/em><\/p>\n","protected":false},"excerpt":{"rendered":"<p>Visite de la Sup\u00e9rieure g\u00e9n\u00e9rale et du Directeur g\u00e9n\u00e9ral des Filles de la Charit\u00e9 lors du C\u00edrio de Nazar\u00e9 2025 (C\u00edrio de Nazar\u00e9 \u2013 l&rsquo;une des plus grandes processions mariales au monde) En octobre 2025, Bel\u00e9m do Par\u00e1, porte d&rsquo;entr\u00e9e de l&rsquo;Amazonie br\u00e9silienne, a \u00e9t\u00e9 le th\u00e9\u00e2tre d&rsquo;une rencontre profond\u00e9ment symbolique entre le charisme vincentien [&hellip;]<\/p>\n","protected":false},"author":5,"featured_media":48046,"comment_status":"closed","ping_status":"closed","sticky":false,"template":"","format":"standard","meta":{"_acf_changed":false,"_et_pb_use_builder":"","_et_pb_old_content":"","_et_gb_content_width":"","footnotes":"","_links_to":"","_links_to_target":""},"categories":[885],"tags":[],"class_list":["post-47860","post","type-post","status-publish","format-standard","has-post-thumbnail","hentry","category-amazonie"],"acf":[],"yoast_head":"<!-- This site is optimized with the Yoast SEO plugin v27.5 - https:\/\/yoast.com\/product\/yoast-seo-wordpress\/ -->\n<title>Amazonie : terre d&#039;espoir et de rencontre vincentienne - Filles de la Charit\u00e9<\/title>\n<meta name=\"robots\" content=\"index, follow, max-snippet:-1, max-image-preview:large, max-video-preview:-1\" \/>\n<link rel=\"canonical\" href=\"https:\/\/filles-de-la-charite.org\/fr\/amazonia-tierra-de-esperanza-y-encuentro-vicenciano\/\" \/>\n<meta property=\"og:locale\" content=\"fr_FR\" \/>\n<meta property=\"og:type\" content=\"article\" \/>\n<meta property=\"og:title\" content=\"Amazonie : terre d&#039;espoir et de rencontre vincentienne - Filles de la Charit\u00e9\" \/>\n<meta property=\"og:description\" content=\"Visite de la Sup\u00e9rieure g\u00e9n\u00e9rale et du Directeur g\u00e9n\u00e9ral des Filles de la Charit\u00e9 lors du C\u00edrio de Nazar\u00e9 2025 (C\u00edrio de Nazar\u00e9 \u2013 l&rsquo;une des plus grandes processions mariales au monde) En octobre 2025, Bel\u00e9m do Par\u00e1, porte d&rsquo;entr\u00e9e de l&rsquo;Amazonie br\u00e9silienne, a \u00e9t\u00e9 le th\u00e9\u00e2tre d&rsquo;une rencontre profond\u00e9ment symbolique entre le charisme vincentien [&hellip;]\" \/>\n<meta property=\"og:url\" content=\"https:\/\/filles-de-la-charite.org\/fr\/amazonia-tierra-de-esperanza-y-encuentro-vicenciano\/\" \/>\n<meta property=\"og:site_name\" content=\"Filles de la Charit\u00e9\" \/>\n<meta property=\"article:published_time\" content=\"2025-11-13T11:24:37+00:00\" \/>\n<meta property=\"article:modified_time\" content=\"2025-11-29T21:47:31+00:00\" \/>\n<meta property=\"og:image\" content=\"https:\/\/filles-de-la-charite.org\/wp-content\/uploads\/2025\/11\/WhatsApp-Image-2025-11-10-at-01.26.27-3-6.jpeg\" \/>\n\t<meta property=\"og:image:width\" content=\"1600\" \/>\n\t<meta property=\"og:image:height\" content=\"900\" \/>\n\t<meta property=\"og:image:type\" content=\"image\/jpeg\" \/>\n<meta name=\"author\" content=\"SOR MARTA\" \/>\n<meta name=\"twitter:card\" content=\"summary_large_image\" \/>\n<meta name=\"twitter:label1\" content=\"\u00c9crit par\" \/>\n\t<meta name=\"twitter:data1\" content=\"SOR MARTA\" \/>\n\t<meta name=\"twitter:label2\" content=\"Dur\u00e9e de lecture estim\u00e9e\" \/>\n\t<meta name=\"twitter:data2\" content=\"6 minutes\" \/>\n<script type=\"application\/ld+json\" class=\"yoast-schema-graph\">{\"@context\":\"https:\\\/\\\/schema.org\",\"@graph\":[{\"@type\":\"Article\",\"@id\":\"https:\\\/\\\/filles-de-la-charite.org\\\/fr\\\/amazonia-tierra-de-esperanza-y-encuentro-vicenciano\\\/#article\",\"isPartOf\":{\"@id\":\"https:\\\/\\\/filles-de-la-charite.org\\\/fr\\\/amazonia-tierra-de-esperanza-y-encuentro-vicenciano\\\/\"},\"author\":{\"name\":\"SOR MARTA\",\"@id\":\"https:\\\/\\\/filles-de-la-charite.org\\\/fr\\\/#\\\/schema\\\/person\\\/0c922b6ca71280639858d297b3a7209f\"},\"headline\":\"Amazonie : terre d&rsquo;espoir et de rencontre vincentienne\",\"datePublished\":\"2025-11-13T11:24:37+00:00\",\"dateModified\":\"2025-11-29T21:47:31+00:00\",\"mainEntityOfPage\":{\"@id\":\"https:\\\/\\\/filles-de-la-charite.org\\\/fr\\\/amazonia-tierra-de-esperanza-y-encuentro-vicenciano\\\/\"},\"wordCount\":1056,\"publisher\":{\"@id\":\"https:\\\/\\\/filles-de-la-charite.org\\\/fr\\\/#organization\"},\"image\":{\"@id\":\"https:\\\/\\\/filles-de-la-charite.org\\\/fr\\\/amazonia-tierra-de-esperanza-y-encuentro-vicenciano\\\/#primaryimage\"},\"thumbnailUrl\":\"https:\\\/\\\/filles-de-la-charite.org\\\/wp-content\\\/uploads\\\/2025\\\/11\\\/WhatsApp-Image-2025-11-10-at-01.26.27-3-6.jpeg\",\"articleSection\":[\"Amazonie\"],\"inLanguage\":\"fr-FR\"},{\"@type\":\"WebPage\",\"@id\":\"https:\\\/\\\/filles-de-la-charite.org\\\/fr\\\/amazonia-tierra-de-esperanza-y-encuentro-vicenciano\\\/\",\"url\":\"https:\\\/\\\/filles-de-la-charite.org\\\/fr\\\/amazonia-tierra-de-esperanza-y-encuentro-vicenciano\\\/\",\"name\":\"Amazonie : terre d'espoir et de rencontre vincentienne - Filles de la Charit\u00e9\",\"isPartOf\":{\"@id\":\"https:\\\/\\\/filles-de-la-charite.org\\\/fr\\\/#website\"},\"primaryImageOfPage\":{\"@id\":\"https:\\\/\\\/filles-de-la-charite.org\\\/fr\\\/amazonia-tierra-de-esperanza-y-encuentro-vicenciano\\\/#primaryimage\"},\"image\":{\"@id\":\"https:\\\/\\\/filles-de-la-charite.org\\\/fr\\\/amazonia-tierra-de-esperanza-y-encuentro-vicenciano\\\/#primaryimage\"},\"thumbnailUrl\":\"https:\\\/\\\/filles-de-la-charite.org\\\/wp-content\\\/uploads\\\/2025\\\/11\\\/WhatsApp-Image-2025-11-10-at-01.26.27-3-6.jpeg\",\"datePublished\":\"2025-11-13T11:24:37+00:00\",\"dateModified\":\"2025-11-29T21:47:31+00:00\",\"breadcrumb\":{\"@id\":\"https:\\\/\\\/filles-de-la-charite.org\\\/fr\\\/amazonia-tierra-de-esperanza-y-encuentro-vicenciano\\\/#breadcrumb\"},\"inLanguage\":\"fr-FR\",\"potentialAction\":[{\"@type\":\"ReadAction\",\"target\":[\"https:\\\/\\\/filles-de-la-charite.org\\\/fr\\\/amazonia-tierra-de-esperanza-y-encuentro-vicenciano\\\/\"]}]},{\"@type\":\"ImageObject\",\"inLanguage\":\"fr-FR\",\"@id\":\"https:\\\/\\\/filles-de-la-charite.org\\\/fr\\\/amazonia-tierra-de-esperanza-y-encuentro-vicenciano\\\/#primaryimage\",\"url\":\"https:\\\/\\\/filles-de-la-charite.org\\\/wp-content\\\/uploads\\\/2025\\\/11\\\/WhatsApp-Image-2025-11-10-at-01.26.27-3-6.jpeg\",\"contentUrl\":\"https:\\\/\\\/filles-de-la-charite.org\\\/wp-content\\\/uploads\\\/2025\\\/11\\\/WhatsApp-Image-2025-11-10-at-01.26.27-3-6.jpeg\",\"width\":1600,\"height\":900},{\"@type\":\"BreadcrumbList\",\"@id\":\"https:\\\/\\\/filles-de-la-charite.org\\\/fr\\\/amazonia-tierra-de-esperanza-y-encuentro-vicenciano\\\/#breadcrumb\",\"itemListElement\":[{\"@type\":\"ListItem\",\"position\":1,\"name\":\"Amazonie\",\"item\":\"https:\\\/\\\/filles-de-la-charite.org\\\/fr\\\/category\\\/amazonie\\\/\"},{\"@type\":\"ListItem\",\"position\":2,\"name\":\"Amazonie : terre d&#8217;espoir et de rencontre vincentienne\"}]},{\"@type\":\"WebSite\",\"@id\":\"https:\\\/\\\/filles-de-la-charite.org\\\/fr\\\/#website\",\"url\":\"https:\\\/\\\/filles-de-la-charite.org\\\/fr\\\/\",\"name\":\"Hijas de la Caridad\",\"description\":\"L\u2019amour de J\u00e9sus nous presse \u00e0 prendre soin des personnes les plus d\u00e9munies\",\"publisher\":{\"@id\":\"https:\\\/\\\/filles-de-la-charite.org\\\/fr\\\/#organization\"},\"potentialAction\":[{\"@type\":\"SearchAction\",\"target\":{\"@type\":\"EntryPoint\",\"urlTemplate\":\"https:\\\/\\\/filles-de-la-charite.org\\\/fr\\\/?s={search_term_string}\"},\"query-input\":{\"@type\":\"PropertyValueSpecification\",\"valueRequired\":true,\"valueName\":\"search_term_string\"}}],\"inLanguage\":\"fr-FR\"},{\"@type\":\"Organization\",\"@id\":\"https:\\\/\\\/filles-de-la-charite.org\\\/fr\\\/#organization\",\"name\":\"Hijas de la Caridad\",\"url\":\"https:\\\/\\\/filles-de-la-charite.org\\\/fr\\\/\",\"logo\":{\"@type\":\"ImageObject\",\"inLanguage\":\"fr-FR\",\"@id\":\"https:\\\/\\\/filles-de-la-charite.org\\\/fr\\\/#\\\/schema\\\/logo\\\/image\\\/\",\"url\":\"https:\\\/\\\/filles-de-la-charite.org\\\/wp-content\\\/uploads\\\/2023\\\/03\\\/isotipo-Hijas-de-la-Caridad.png\",\"contentUrl\":\"https:\\\/\\\/filles-de-la-charite.org\\\/wp-content\\\/uploads\\\/2023\\\/03\\\/isotipo-Hijas-de-la-Caridad.png\",\"width\":1417,\"height\":1417,\"caption\":\"Hijas de la Caridad\"},\"image\":{\"@id\":\"https:\\\/\\\/filles-de-la-charite.org\\\/fr\\\/#\\\/schema\\\/logo\\\/image\\\/\"}},{\"@type\":\"Person\",\"@id\":\"https:\\\/\\\/filles-de-la-charite.org\\\/fr\\\/#\\\/schema\\\/person\\\/0c922b6ca71280639858d297b3a7209f\",\"name\":\"SOR MARTA\",\"image\":{\"@type\":\"ImageObject\",\"inLanguage\":\"fr-FR\",\"@id\":\"https:\\\/\\\/secure.gravatar.com\\\/avatar\\\/d2c45b0fd6bf2d3e2670ab3d112257c24ac80fa960360bba1bdc0676485d1d09?s=96&d=mm&r=g\",\"url\":\"https:\\\/\\\/secure.gravatar.com\\\/avatar\\\/d2c45b0fd6bf2d3e2670ab3d112257c24ac80fa960360bba1bdc0676485d1d09?s=96&d=mm&r=g\",\"contentUrl\":\"https:\\\/\\\/secure.gravatar.com\\\/avatar\\\/d2c45b0fd6bf2d3e2670ab3d112257c24ac80fa960360bba1bdc0676485d1d09?s=96&d=mm&r=g\",\"caption\":\"SOR MARTA\"},\"url\":\"https:\\\/\\\/filles-de-la-charite.org\\\/fr\\\/author\\\/martaemn\\\/\"}]}<\/script>\n<!-- \/ Yoast SEO plugin. -->","yoast_head_json":{"title":"Amazonie : terre d'espoir et de rencontre vincentienne - Filles de la Charit\u00e9","robots":{"index":"index","follow":"follow","max-snippet":"max-snippet:-1","max-image-preview":"max-image-preview:large","max-video-preview":"max-video-preview:-1"},"canonical":"https:\/\/filles-de-la-charite.org\/fr\/amazonia-tierra-de-esperanza-y-encuentro-vicenciano\/","og_locale":"fr_FR","og_type":"article","og_title":"Amazonie : terre d'espoir et de rencontre vincentienne - Filles de la Charit\u00e9","og_description":"Visite de la Sup\u00e9rieure g\u00e9n\u00e9rale et du Directeur g\u00e9n\u00e9ral des Filles de la Charit\u00e9 lors du C\u00edrio de Nazar\u00e9 2025 (C\u00edrio de Nazar\u00e9 \u2013 l&rsquo;une des plus grandes processions mariales au monde) En octobre 2025, Bel\u00e9m do Par\u00e1, porte d&rsquo;entr\u00e9e de l&rsquo;Amazonie br\u00e9silienne, a \u00e9t\u00e9 le th\u00e9\u00e2tre d&rsquo;une rencontre profond\u00e9ment symbolique entre le charisme vincentien [&hellip;]","og_url":"https:\/\/filles-de-la-charite.org\/fr\/amazonia-tierra-de-esperanza-y-encuentro-vicenciano\/","og_site_name":"Filles de la Charit\u00e9","article_published_time":"2025-11-13T11:24:37+00:00","article_modified_time":"2025-11-29T21:47:31+00:00","og_image":[{"width":1600,"height":900,"url":"https:\/\/filles-de-la-charite.org\/wp-content\/uploads\/2025\/11\/WhatsApp-Image-2025-11-10-at-01.26.27-3-6.jpeg","type":"image\/jpeg"}],"author":"SOR MARTA","twitter_card":"summary_large_image","twitter_misc":{"\u00c9crit par":"SOR MARTA","Dur\u00e9e de lecture estim\u00e9e":"6 minutes"},"schema":{"@context":"https:\/\/schema.org","@graph":[{"@type":"Article","@id":"https:\/\/filles-de-la-charite.org\/fr\/amazonia-tierra-de-esperanza-y-encuentro-vicenciano\/#article","isPartOf":{"@id":"https:\/\/filles-de-la-charite.org\/fr\/amazonia-tierra-de-esperanza-y-encuentro-vicenciano\/"},"author":{"name":"SOR MARTA","@id":"https:\/\/filles-de-la-charite.org\/fr\/#\/schema\/person\/0c922b6ca71280639858d297b3a7209f"},"headline":"Amazonie : terre d&rsquo;espoir et de rencontre vincentienne","datePublished":"2025-11-13T11:24:37+00:00","dateModified":"2025-11-29T21:47:31+00:00","mainEntityOfPage":{"@id":"https:\/\/filles-de-la-charite.org\/fr\/amazonia-tierra-de-esperanza-y-encuentro-vicenciano\/"},"wordCount":1056,"publisher":{"@id":"https:\/\/filles-de-la-charite.org\/fr\/#organization"},"image":{"@id":"https:\/\/filles-de-la-charite.org\/fr\/amazonia-tierra-de-esperanza-y-encuentro-vicenciano\/#primaryimage"},"thumbnailUrl":"https:\/\/filles-de-la-charite.org\/wp-content\/uploads\/2025\/11\/WhatsApp-Image-2025-11-10-at-01.26.27-3-6.jpeg","articleSection":["Amazonie"],"inLanguage":"fr-FR"},{"@type":"WebPage","@id":"https:\/\/filles-de-la-charite.org\/fr\/amazonia-tierra-de-esperanza-y-encuentro-vicenciano\/","url":"https:\/\/filles-de-la-charite.org\/fr\/amazonia-tierra-de-esperanza-y-encuentro-vicenciano\/","name":"Amazonie : terre d'espoir et de rencontre vincentienne - Filles de la Charit\u00e9","isPartOf":{"@id":"https:\/\/filles-de-la-charite.org\/fr\/#website"},"primaryImageOfPage":{"@id":"https:\/\/filles-de-la-charite.org\/fr\/amazonia-tierra-de-esperanza-y-encuentro-vicenciano\/#primaryimage"},"image":{"@id":"https:\/\/filles-de-la-charite.org\/fr\/amazonia-tierra-de-esperanza-y-encuentro-vicenciano\/#primaryimage"},"thumbnailUrl":"https:\/\/filles-de-la-charite.org\/wp-content\/uploads\/2025\/11\/WhatsApp-Image-2025-11-10-at-01.26.27-3-6.jpeg","datePublished":"2025-11-13T11:24:37+00:00","dateModified":"2025-11-29T21:47:31+00:00","breadcrumb":{"@id":"https:\/\/filles-de-la-charite.org\/fr\/amazonia-tierra-de-esperanza-y-encuentro-vicenciano\/#breadcrumb"},"inLanguage":"fr-FR","potentialAction":[{"@type":"ReadAction","target":["https:\/\/filles-de-la-charite.org\/fr\/amazonia-tierra-de-esperanza-y-encuentro-vicenciano\/"]}]},{"@type":"ImageObject","inLanguage":"fr-FR","@id":"https:\/\/filles-de-la-charite.org\/fr\/amazonia-tierra-de-esperanza-y-encuentro-vicenciano\/#primaryimage","url":"https:\/\/filles-de-la-charite.org\/wp-content\/uploads\/2025\/11\/WhatsApp-Image-2025-11-10-at-01.26.27-3-6.jpeg","contentUrl":"https:\/\/filles-de-la-charite.org\/wp-content\/uploads\/2025\/11\/WhatsApp-Image-2025-11-10-at-01.26.27-3-6.jpeg","width":1600,"height":900},{"@type":"BreadcrumbList","@id":"https:\/\/filles-de-la-charite.org\/fr\/amazonia-tierra-de-esperanza-y-encuentro-vicenciano\/#breadcrumb","itemListElement":[{"@type":"ListItem","position":1,"name":"Amazonie","item":"https:\/\/filles-de-la-charite.org\/fr\/category\/amazonie\/"},{"@type":"ListItem","position":2,"name":"Amazonie : terre d&#8217;espoir et de rencontre vincentienne"}]},{"@type":"WebSite","@id":"https:\/\/filles-de-la-charite.org\/fr\/#website","url":"https:\/\/filles-de-la-charite.org\/fr\/","name":"Hijas de la Caridad","description":"L\u2019amour de J\u00e9sus nous presse \u00e0 prendre soin des personnes les plus d\u00e9munies","publisher":{"@id":"https:\/\/filles-de-la-charite.org\/fr\/#organization"},"potentialAction":[{"@type":"SearchAction","target":{"@type":"EntryPoint","urlTemplate":"https:\/\/filles-de-la-charite.org\/fr\/?s={search_term_string}"},"query-input":{"@type":"PropertyValueSpecification","valueRequired":true,"valueName":"search_term_string"}}],"inLanguage":"fr-FR"},{"@type":"Organization","@id":"https:\/\/filles-de-la-charite.org\/fr\/#organization","name":"Hijas de la Caridad","url":"https:\/\/filles-de-la-charite.org\/fr\/","logo":{"@type":"ImageObject","inLanguage":"fr-FR","@id":"https:\/\/filles-de-la-charite.org\/fr\/#\/schema\/logo\/image\/","url":"https:\/\/filles-de-la-charite.org\/wp-content\/uploads\/2023\/03\/isotipo-Hijas-de-la-Caridad.png","contentUrl":"https:\/\/filles-de-la-charite.org\/wp-content\/uploads\/2023\/03\/isotipo-Hijas-de-la-Caridad.png","width":1417,"height":1417,"caption":"Hijas de la Caridad"},"image":{"@id":"https:\/\/filles-de-la-charite.org\/fr\/#\/schema\/logo\/image\/"}},{"@type":"Person","@id":"https:\/\/filles-de-la-charite.org\/fr\/#\/schema\/person\/0c922b6ca71280639858d297b3a7209f","name":"SOR MARTA","image":{"@type":"ImageObject","inLanguage":"fr-FR","@id":"https:\/\/secure.gravatar.com\/avatar\/d2c45b0fd6bf2d3e2670ab3d112257c24ac80fa960360bba1bdc0676485d1d09?s=96&d=mm&r=g","url":"https:\/\/secure.gravatar.com\/avatar\/d2c45b0fd6bf2d3e2670ab3d112257c24ac80fa960360bba1bdc0676485d1d09?s=96&d=mm&r=g","contentUrl":"https:\/\/secure.gravatar.com\/avatar\/d2c45b0fd6bf2d3e2670ab3d112257c24ac80fa960360bba1bdc0676485d1d09?s=96&d=mm&r=g","caption":"SOR MARTA"},"url":"https:\/\/filles-de-la-charite.org\/fr\/author\/martaemn\/"}]}},"_links":{"self":[{"href":"https:\/\/filles-de-la-charite.org\/fr\/wp-json\/wp\/v2\/posts\/47860","targetHints":{"allow":["GET"]}}],"collection":[{"href":"https:\/\/filles-de-la-charite.org\/fr\/wp-json\/wp\/v2\/posts"}],"about":[{"href":"https:\/\/filles-de-la-charite.org\/fr\/wp-json\/wp\/v2\/types\/post"}],"author":[{"embeddable":true,"href":"https:\/\/filles-de-la-charite.org\/fr\/wp-json\/wp\/v2\/users\/5"}],"replies":[{"embeddable":true,"href":"https:\/\/filles-de-la-charite.org\/fr\/wp-json\/wp\/v2\/comments?post=47860"}],"version-history":[{"count":1,"href":"https:\/\/filles-de-la-charite.org\/fr\/wp-json\/wp\/v2\/posts\/47860\/revisions"}],"predecessor-version":[{"id":47868,"href":"https:\/\/filles-de-la-charite.org\/fr\/wp-json\/wp\/v2\/posts\/47860\/revisions\/47868"}],"wp:featuredmedia":[{"embeddable":true,"href":"https:\/\/filles-de-la-charite.org\/fr\/wp-json\/wp\/v2\/media\/48046"}],"wp:attachment":[{"href":"https:\/\/filles-de-la-charite.org\/fr\/wp-json\/wp\/v2\/media?parent=47860"}],"wp:term":[{"taxonomy":"category","embeddable":true,"href":"https:\/\/filles-de-la-charite.org\/fr\/wp-json\/wp\/v2\/categories?post=47860"},{"taxonomy":"post_tag","embeddable":true,"href":"https:\/\/filles-de-la-charite.org\/fr\/wp-json\/wp\/v2\/tags?post=47860"}],"curies":[{"name":"wp","href":"https:\/\/api.w.org\/{rel}","templated":true}]}}