{"id":47873,"date":"2025-11-13T17:38:23","date_gmt":"2025-11-13T16:38:23","guid":{"rendered":"https:\/\/filles-de-la-charite.org\/?p=47873"},"modified":"2025-11-13T17:26:29","modified_gmt":"2025-11-13T16:26:29","slug":"un-nuevo-tiempo-de-gracia-nace-la-provincia-luisa-de-marillac-brasil","status":"publish","type":"post","link":"https:\/\/filles-de-la-charite.org\/fr\/un-nuevo-tiempo-de-gracia-nace-la-provincia-luisa-de-marillac-brasil\/","title":{"rendered":"Un nouveau temps de gr\u00e2ce : naissance de la Province Louise de Marillac \u2013 Br\u00e9sil"},"content":{"rendered":"\n<h6 class=\"wp-block-heading\"><strong>C\u00e9l\u00e9bration historique au Sanctuaire de la M\u00e9daille Miraculeuse<\/strong><\/h6>\n\n\n\n<p>Le 19 octobre 2025, le Sanctuaire de Notre-Dame des Gr\u00e2ces de la M\u00e9daille Miraculeuse, \u00e0 Rio de Janeiro, a accueilli avec joie, \u00e9motion et profonde gratitude la c\u00e9l\u00e9bration eucharistique qui a officialis\u00e9 la reconfiguration des Provinces de Rio de Janeiro et de Belo Horizonte. Ce moment historique a donn\u00e9 naissance \u00e0 la nouvelle Province des Filles de la Charit\u00e9 Louise de Marillac \u2013 Br\u00e9sil, fruit d\u2019un long processus de discernement, de pri\u00e8re, de partage et de pr\u00e9paration.<\/p>\n\n\n\n<figure class=\"wp-block-image size-large\"><img loading=\"lazy\" decoding=\"async\" width=\"1024\" height=\"683\" src=\"https:\/\/filles-de-la-charite.org\/wp-content\/uploads\/2025\/11\/IMG_7307-1024x683.jpg\" alt=\"\" class=\"wp-image-47851\" srcset=\"https:\/\/filles-de-la-charite.org\/wp-content\/uploads\/2025\/11\/IMG_7307-980x653.jpg 980w, https:\/\/filles-de-la-charite.org\/wp-content\/uploads\/2025\/11\/IMG_7307-480x320.jpg 480w\" sizes=\"(min-width: 0px) and (max-width: 480px) 480px, (min-width: 481px) and (max-width: 980px) 980px, (min-width: 981px) 1024px, 100vw\" \/><\/figure>\n\n\n\n<h2 class=\"wp-block-heading\"><strong>Des pr\u00e9sences qui renforcent la communion<\/strong><\/h2>\n\n\n\n<p>La c\u00e9l\u00e9bration a r\u00e9uni les Sup\u00e9rieurs majeurs de la Compagnie des Filles de la Charit\u00e9 et de la Congr\u00e9gation de la Mission, dont la Sup\u00e9rieure G\u00e9n\u00e9rale, S\u0153ur Fran\u00e7oise Petit, le Directeur G\u00e9n\u00e9ral, P\u00e8re Jos\u00e9 Antonio Gonz\u00e1lez Prieto, ainsi que les Visitatrices et Directeurs Provinciaux de diverses r\u00e9gions du Br\u00e9sil. \u00c9taient \u00e9galement pr\u00e9sentes des S\u0153urs des communaut\u00e9s locales, des membres de l\u2019Association de la M\u00e9daille Miraculeuse, du MISEVI, de la Soci\u00e9t\u00e9 de Saint Vincent de Paul, des agents pastoraux et des fid\u00e8les du sanctuaire. La pr\u00e9sence de tant de voix et de c\u0153urs a renforc\u00e9 l\u2019esprit d\u2019unit\u00e9 et de renouveau qui marque cette nouvelle \u00e9tape.<\/p>\n\n\n\n<h2 class=\"wp-block-heading\"><strong>L\u2019Eucharistie comme centre de la mission<\/strong><\/h2>\n\n\n\n<p>Pr\u00e9sid\u00e9e par le P\u00e8re Jos\u00e9 Antonio, la messe a \u00e9t\u00e9 soigneusement pr\u00e9par\u00e9e par les S\u0153urs responsables de la liturgie et de la musique. Dans son hom\u00e9lie, le c\u00e9l\u00e9brant a soulign\u00e9 que l\u2019Eucharistie est le centre de la vie et de la mission des Filles de la Charit\u00e9, lieu de rencontre avec le Christ et avec les pauvres. Il a pr\u00e9sent\u00e9 la reconfiguration comme un acte de confiance en Dieu, qui nous appelle \u00e0 vivre avec esp\u00e9rance malgr\u00e9 les incertitudes. Inspir\u00e9 par les lectures bibliques, il a rappel\u00e9 que la fid\u00e9lit\u00e9 de Dieu soutient les chemins de la mission et renouvelle l\u2019engagement vocationnel.<\/p>\n\n\n\n<figure class=\"wp-block-image size-large\"><img loading=\"lazy\" decoding=\"async\" width=\"1024\" height=\"683\" src=\"https:\/\/filles-de-la-charite.org\/wp-content\/uploads\/2025\/11\/IMG_7310-1024x683.jpg\" alt=\"\" class=\"wp-image-47850\" srcset=\"https:\/\/filles-de-la-charite.org\/wp-content\/uploads\/2025\/11\/IMG_7310-980x653.jpg 980w, https:\/\/filles-de-la-charite.org\/wp-content\/uploads\/2025\/11\/IMG_7310-480x320.jpg 480w\" sizes=\"(min-width: 0px) and (max-width: 480px) 480px, (min-width: 481px) and (max-width: 980px) 980px, (min-width: 981px) 1024px, 100vw\" \/><\/figure>\n\n\n\n<h2 class=\"wp-block-heading\"><strong>Reconfiguration : un appel \u00e0 la confiance<\/strong><\/h2>\n\n\n\n<p>La Parole de Dieu proclam\u00e9e ce jour-l\u00e0 a \u00e9clair\u00e9 le sens profond de la reconfiguration. La premi\u00e8re lecture, tir\u00e9e du livre de l\u2019Exode, montre que la victoire du peuple de Dieu ne vient pas de la force, mais de la confiance. Le psaume renforce cette certitude : \u00ab Le secours me vient du Seigneur, qui a fait le ciel et la terre. \u00bb La lettre de Paul \u00e0 Timoth\u00e9e et l\u2019\u00e9vangile de la veuve pers\u00e9v\u00e9rante invitent \u00e0 une pri\u00e8re constante et \u00e0 la confiance dans la mis\u00e9ricorde divine. Se reconfigurer, c\u2019est renouveler l\u2019engagement missionnaire, permettre \u00e0 la charit\u00e9 de fleurir sous de nouvelles formes et dans de nouveaux chemins. C\u2019est croire que Dieu accueille les efforts sinc\u00e8res de ceux qui veulent mieux servir les pauvres et que, dans la foi, il est possible de surmonter les peurs et d\u2019embrasser la nouveaut\u00e9 avec courage et gratitude.<\/p>\n\n\n\n<figure class=\"wp-block-image size-large\"><img loading=\"lazy\" decoding=\"async\" width=\"1024\" height=\"683\" src=\"https:\/\/filles-de-la-charite.org\/wp-content\/uploads\/2025\/11\/IMG_7641-1024x683.jpg\" alt=\"\" class=\"wp-image-47847\" srcset=\"https:\/\/filles-de-la-charite.org\/wp-content\/uploads\/2025\/11\/IMG_7641-980x653.jpg 980w, https:\/\/filles-de-la-charite.org\/wp-content\/uploads\/2025\/11\/IMG_7641-480x320.jpg 480w\" sizes=\"(min-width: 0px) and (max-width: 480px) 480px, (min-width: 481px) and (max-width: 980px) 980px, (min-width: 981px) 1024px, 100vw\" \/><\/figure>\n\n\n\n<h2 class=\"wp-block-heading\"><strong>La pri\u00e8re comme source de communion et de mission<\/strong><\/h2>\n\n\n\n<p>La c\u00e9l\u00e9bration a \u00e9t\u00e9 marqu\u00e9e par une profonde dimension spirituelle. La pri\u00e8re a \u00e9t\u00e9 pr\u00e9sent\u00e9e comme un chemin essentiel pour renforcer la confiance et renouveler l\u2019esp\u00e9rance, inspir\u00e9e par l\u2019exemple de J\u00e9sus, qui priait en toutes circonstances : dans la joie, dans la douleur, dans le silence et dans la communion. La reconfiguration est comprise comme un appel \u00e0 la communion int\u00e9rieure et \u00e0 la proph\u00e9tie de la charit\u00e9. La pri\u00e8re contemplative, alli\u00e9e \u00e0 l\u2019engagement solidaire, est vue comme une source d\u2019unit\u00e9 et de f\u00e9condit\u00e9 pour la mission.<\/p>\n\n\n\n<figure class=\"wp-block-image size-large\"><img loading=\"lazy\" decoding=\"async\" width=\"683\" height=\"1024\" src=\"https:\/\/filles-de-la-charite.org\/wp-content\/uploads\/2025\/11\/IMG_7444-scaled-e1763049053578-683x1024.jpg\" alt=\"\" class=\"wp-image-47849\"\/><\/figure>\n\n\n\n<h2 class=\"wp-block-heading\"><strong>Gratitude pour le chemin parcouru et le service<\/strong><\/h2>\n\n\n\n<p>S\u0153ur Selma Aparecida dos Santos a exprim\u00e9 sa gratitude pour le chemin parcouru vers la reconfiguration. Elle a remerci\u00e9 le Conseil Provincial pour son service d\u00e9vou\u00e9, la Sup\u00e9rieure G\u00e9n\u00e9rale et son Conseil pour leur accompagnement fraternel, et les S\u0153urs des Provinces de Rio de Janeiro et de Belo Horizonte pour leur coresponsabilit\u00e9 et leur communion. Avec foi et esp\u00e9rance, elle a confi\u00e9 au Seigneur cette nouvelle \u00e9tape de la mission, soutenue par l\u2019intercession de Marie, de Saint Vincent de Paul et de Sainte Louise de Marillac. \u00ab Jusqu\u2019ici, le Seigneur nous a conduites\u2026 Et certainement, il nous conduira encore. \u00bb<\/p>\n\n\n\n<h2 class=\"wp-block-heading\"><strong>Installation de la nouvelle Visitatrice et prise de fonction du Conseil<\/strong><\/h2>\n\n\n\n<p>Lors de la c\u00e9r\u00e9monie, S\u0153ur Fran\u00e7oise Petit a soulign\u00e9 l\u2019importance historique de l\u2019union des Provinces et a remerci\u00e9 les S\u0153urs et les Conseils Provinciaux pour leur courage et leur esprit de synodalit\u00e9. Elle a proc\u00e9d\u00e9 \u00e0 l\u2019installation officielle de S\u0153ur Maria C\u00e9lia Costa S\u00e1 comme Visitatrice de la nouvelle Province, lui confiant la mission de conduire ce nouveau temps avec foi, cr\u00e9ativit\u00e9 et g\u00e9n\u00e9rosit\u00e9.<\/p>\n\n\n\n<p>Dans son premier message en tant que Visitatrice, S\u0153ur Maria C\u00e9lia a exprim\u00e9 une profonde gratitude et une grande joie, affirmant que ce temps est un moment de gr\u00e2ce et de renouveau guid\u00e9 par l\u2019Esprit Saint. Elle a remerci\u00e9 les responsables de la Compagnie et les S\u0153urs des anciennes Provinces, reconnaissant le service courageux et la construction commune de ce nouveau chemin. \u00ab Cette nouvelle Province est plus qu\u2019une structure organisationnelle. C\u2019est un appel \u00e0 la communion, \u00e0 la mission partag\u00e9e et \u00e0 la proph\u00e9tie de la charit\u00e9. \u00bb<\/p>\n\n\n\n<p>Elle a nomm\u00e9 les membres du nouveau Conseil Provincial : S\u0153ur Shirley Santos Silva (Assistante Provinciale), S\u0153ur Jane Carla Gomes de Souza, S\u0153ur Maria Aparecida Cirico Maciel, S\u0153ur Maria Cristina D\u2019Abruzzo, S\u0153ur M\u00e1rcia Helena do Ros\u00e1rio Santos et S\u0153ur Selma Aparecida dos Santos. S\u0153ur Sandilene Bocafoli a \u00e9t\u00e9 nomm\u00e9e Secr\u00e9taire Provinciale et S\u0153ur Rizomar Figueiredo, \u00c9conome Provinciale. Le P\u00e8re Agnaldo Aparecido de Paula a \u00e9t\u00e9 install\u00e9 comme Directeur Provincial.<strong> Sor Rizomar Figueiredo, Ec\u00f3noma Provincial. P. Agnaldo Aparecido de Paula<\/strong>tom\u00f3 posesi\u00f3n como<strong>Director Provincial.<\/strong><\/p>\n\n\n\n<figure class=\"wp-block-image size-large\"><img loading=\"lazy\" decoding=\"async\" width=\"1024\" height=\"683\" src=\"https:\/\/filles-de-la-charite.org\/wp-content\/uploads\/2025\/11\/IMG_7474-1024x683.jpg\" alt=\"\" class=\"wp-image-47848\" srcset=\"https:\/\/filles-de-la-charite.org\/wp-content\/uploads\/2025\/11\/IMG_7474-980x653.jpg 980w, https:\/\/filles-de-la-charite.org\/wp-content\/uploads\/2025\/11\/IMG_7474-480x320.jpg 480w\" sizes=\"(min-width: 0px) and (max-width: 480px) 480px, (min-width: 481px) and (max-width: 980px) 980px, (min-width: 981px) 1024px, 100vw\" \/><\/figure>\n\n\n\n<h2 class=\"wp-block-heading\"><strong>Un geste d\u2019affection et d\u2019esp\u00e9rance<\/strong><\/h2>\n\n\n\n<p>En signe d\u2019affection, S\u0153ur Maria C\u00e9lia a offert \u00e0 S\u0153ur Fran\u00e7oise Petit une pi\u00e8ce artisanale r\u00e9alis\u00e9e par S\u0153ur Maria L\u00facia Rocha, \u00e2g\u00e9e de 93 ans, comme symbole de gratitude et d\u2019esp\u00e9rance. La c\u00e9l\u00e9bration s\u2019est conclue par un d\u00e9jeuner fraternel, marqu\u00e9 par la joie et la communion entre les S\u0153urs.<\/p>\n\n\n\n<h2 class=\"wp-block-heading\"><strong>Marcher avec esp\u00e9rance et fid\u00e9lit\u00e9<\/strong><\/h2>\n\n\n\n<p>Ce nouveau temps est v\u00e9cu avec foi, courage et disponibilit\u00e9, comme expression de la confiance que \u00ab la charit\u00e9 du Christ nous presse \u00bb et que l\u2019esp\u00e9rance ne d\u00e9\u00e7oit jamais. La Province Louise de Marillac \u2013 Br\u00e9sil na\u00eet comme un signe de communion et de renouveau de la mission vincentienne, pour continuer \u00e0 servir avec joie les pr\u00e9f\u00e9r\u00e9s de Dieu.<\/p>\n","protected":false},"excerpt":{"rendered":"<p>C\u00e9l\u00e9bration historique au Sanctuaire de la M\u00e9daille Miraculeuse Le 19 octobre 2025, le Sanctuaire de Notre-Dame des Gr\u00e2ces de la M\u00e9daille Miraculeuse, \u00e0 Rio de Janeiro, a accueilli avec joie, \u00e9motion et profonde gratitude la c\u00e9l\u00e9bration eucharistique qui a officialis\u00e9 la reconfiguration des Provinces de Rio de Janeiro et de Belo Horizonte. Ce moment historique [&hellip;]<\/p>\n","protected":false},"author":5,"featured_media":47874,"comment_status":"closed","ping_status":"closed","sticky":false,"template":"","format":"standard","meta":{"_acf_changed":false,"_et_pb_use_builder":"","_et_pb_old_content":"","_et_gb_content_width":"","footnotes":"","_links_to":"","_links_to_target":""},"categories":[851],"tags":[],"class_list":["post-47873","post","type-post","status-publish","format-standard","has-post-thumbnail","hentry","category-bresil"],"acf":[],"yoast_head":"<!-- This site is optimized with the Yoast SEO plugin v27.5 - https:\/\/yoast.com\/product\/yoast-seo-wordpress\/ -->\n<title>Un nouveau temps de gr\u00e2ce : naissance de la Province Louise de Marillac \u2013 Br\u00e9sil - Filles de la Charit\u00e9<\/title>\n<meta name=\"robots\" content=\"index, follow, max-snippet:-1, max-image-preview:large, max-video-preview:-1\" \/>\n<link rel=\"canonical\" href=\"https:\/\/filles-de-la-charite.org\/fr\/un-nuevo-tiempo-de-gracia-nace-la-provincia-luisa-de-marillac-brasil\/\" \/>\n<meta property=\"og:locale\" content=\"fr_FR\" \/>\n<meta property=\"og:type\" content=\"article\" \/>\n<meta property=\"og:title\" content=\"Un nouveau temps de gr\u00e2ce : naissance de la Province Louise de Marillac \u2013 Br\u00e9sil - Filles de la Charit\u00e9\" \/>\n<meta property=\"og:description\" content=\"C\u00e9l\u00e9bration historique au Sanctuaire de la M\u00e9daille Miraculeuse Le 19 octobre 2025, le Sanctuaire de Notre-Dame des Gr\u00e2ces de la M\u00e9daille Miraculeuse, \u00e0 Rio de Janeiro, a accueilli avec joie, \u00e9motion et profonde gratitude la c\u00e9l\u00e9bration eucharistique qui a officialis\u00e9 la reconfiguration des Provinces de Rio de Janeiro et de Belo Horizonte. Ce moment historique [&hellip;]\" \/>\n<meta property=\"og:url\" content=\"https:\/\/filles-de-la-charite.org\/fr\/un-nuevo-tiempo-de-gracia-nace-la-provincia-luisa-de-marillac-brasil\/\" \/>\n<meta property=\"og:site_name\" content=\"Filles de la Charit\u00e9\" \/>\n<meta property=\"article:published_time\" content=\"2025-11-13T16:38:23+00:00\" \/>\n<meta property=\"og:image\" content=\"https:\/\/filles-de-la-charite.org\/wp-content\/uploads\/2025\/11\/IMG_7275-scaled.jpg\" \/>\n\t<meta property=\"og:image:width\" content=\"2560\" \/>\n\t<meta property=\"og:image:height\" content=\"1707\" \/>\n\t<meta property=\"og:image:type\" content=\"image\/jpeg\" \/>\n<meta name=\"author\" content=\"SOR MARTA\" \/>\n<meta name=\"twitter:card\" content=\"summary_large_image\" \/>\n<meta name=\"twitter:label1\" content=\"\u00c9crit par\" \/>\n\t<meta name=\"twitter:data1\" content=\"SOR MARTA\" \/>\n\t<meta name=\"twitter:label2\" content=\"Dur\u00e9e de lecture estim\u00e9e\" \/>\n\t<meta name=\"twitter:data2\" content=\"6 minutes\" \/>\n<script type=\"application\/ld+json\" class=\"yoast-schema-graph\">{\"@context\":\"https:\\\/\\\/schema.org\",\"@graph\":[{\"@type\":\"Article\",\"@id\":\"https:\\\/\\\/filles-de-la-charite.org\\\/fr\\\/un-nuevo-tiempo-de-gracia-nace-la-provincia-luisa-de-marillac-brasil\\\/#article\",\"isPartOf\":{\"@id\":\"https:\\\/\\\/filles-de-la-charite.org\\\/fr\\\/un-nuevo-tiempo-de-gracia-nace-la-provincia-luisa-de-marillac-brasil\\\/\"},\"author\":{\"name\":\"SOR MARTA\",\"@id\":\"https:\\\/\\\/filles-de-la-charite.org\\\/fr\\\/#\\\/schema\\\/person\\\/0c922b6ca71280639858d297b3a7209f\"},\"headline\":\"Un nouveau temps de gr\u00e2ce : naissance de la Province Louise de Marillac \u2013 Br\u00e9sil\",\"datePublished\":\"2025-11-13T16:38:23+00:00\",\"mainEntityOfPage\":{\"@id\":\"https:\\\/\\\/filles-de-la-charite.org\\\/fr\\\/un-nuevo-tiempo-de-gracia-nace-la-provincia-luisa-de-marillac-brasil\\\/\"},\"wordCount\":1173,\"publisher\":{\"@id\":\"https:\\\/\\\/filles-de-la-charite.org\\\/fr\\\/#organization\"},\"image\":{\"@id\":\"https:\\\/\\\/filles-de-la-charite.org\\\/fr\\\/un-nuevo-tiempo-de-gracia-nace-la-provincia-luisa-de-marillac-brasil\\\/#primaryimage\"},\"thumbnailUrl\":\"https:\\\/\\\/filles-de-la-charite.org\\\/wp-content\\\/uploads\\\/2025\\\/11\\\/IMG_7275-scaled.jpg\",\"articleSection\":[\"Br\u00e9sil\"],\"inLanguage\":\"fr-FR\"},{\"@type\":\"WebPage\",\"@id\":\"https:\\\/\\\/filles-de-la-charite.org\\\/fr\\\/un-nuevo-tiempo-de-gracia-nace-la-provincia-luisa-de-marillac-brasil\\\/\",\"url\":\"https:\\\/\\\/filles-de-la-charite.org\\\/fr\\\/un-nuevo-tiempo-de-gracia-nace-la-provincia-luisa-de-marillac-brasil\\\/\",\"name\":\"Un nouveau temps de gr\u00e2ce : naissance de la Province Louise de Marillac \u2013 Br\u00e9sil - Filles de la Charit\u00e9\",\"isPartOf\":{\"@id\":\"https:\\\/\\\/filles-de-la-charite.org\\\/fr\\\/#website\"},\"primaryImageOfPage\":{\"@id\":\"https:\\\/\\\/filles-de-la-charite.org\\\/fr\\\/un-nuevo-tiempo-de-gracia-nace-la-provincia-luisa-de-marillac-brasil\\\/#primaryimage\"},\"image\":{\"@id\":\"https:\\\/\\\/filles-de-la-charite.org\\\/fr\\\/un-nuevo-tiempo-de-gracia-nace-la-provincia-luisa-de-marillac-brasil\\\/#primaryimage\"},\"thumbnailUrl\":\"https:\\\/\\\/filles-de-la-charite.org\\\/wp-content\\\/uploads\\\/2025\\\/11\\\/IMG_7275-scaled.jpg\",\"datePublished\":\"2025-11-13T16:38:23+00:00\",\"breadcrumb\":{\"@id\":\"https:\\\/\\\/filles-de-la-charite.org\\\/fr\\\/un-nuevo-tiempo-de-gracia-nace-la-provincia-luisa-de-marillac-brasil\\\/#breadcrumb\"},\"inLanguage\":\"fr-FR\",\"potentialAction\":[{\"@type\":\"ReadAction\",\"target\":[\"https:\\\/\\\/filles-de-la-charite.org\\\/fr\\\/un-nuevo-tiempo-de-gracia-nace-la-provincia-luisa-de-marillac-brasil\\\/\"]}]},{\"@type\":\"ImageObject\",\"inLanguage\":\"fr-FR\",\"@id\":\"https:\\\/\\\/filles-de-la-charite.org\\\/fr\\\/un-nuevo-tiempo-de-gracia-nace-la-provincia-luisa-de-marillac-brasil\\\/#primaryimage\",\"url\":\"https:\\\/\\\/filles-de-la-charite.org\\\/wp-content\\\/uploads\\\/2025\\\/11\\\/IMG_7275-scaled.jpg\",\"contentUrl\":\"https:\\\/\\\/filles-de-la-charite.org\\\/wp-content\\\/uploads\\\/2025\\\/11\\\/IMG_7275-scaled.jpg\",\"width\":2560,\"height\":1707},{\"@type\":\"BreadcrumbList\",\"@id\":\"https:\\\/\\\/filles-de-la-charite.org\\\/fr\\\/un-nuevo-tiempo-de-gracia-nace-la-provincia-luisa-de-marillac-brasil\\\/#breadcrumb\",\"itemListElement\":[{\"@type\":\"ListItem\",\"position\":1,\"name\":\"Br\u00e9sil\",\"item\":\"https:\\\/\\\/filles-de-la-charite.org\\\/fr\\\/category\\\/bresil\\\/\"},{\"@type\":\"ListItem\",\"position\":2,\"name\":\"Un nouveau temps de gr\u00e2ce : naissance de la Province Louise de Marillac \u2013 Br\u00e9sil\"}]},{\"@type\":\"WebSite\",\"@id\":\"https:\\\/\\\/filles-de-la-charite.org\\\/fr\\\/#website\",\"url\":\"https:\\\/\\\/filles-de-la-charite.org\\\/fr\\\/\",\"name\":\"Hijas de la Caridad\",\"description\":\"L\u2019amour de J\u00e9sus nous presse \u00e0 prendre soin des personnes les plus d\u00e9munies\",\"publisher\":{\"@id\":\"https:\\\/\\\/filles-de-la-charite.org\\\/fr\\\/#organization\"},\"potentialAction\":[{\"@type\":\"SearchAction\",\"target\":{\"@type\":\"EntryPoint\",\"urlTemplate\":\"https:\\\/\\\/filles-de-la-charite.org\\\/fr\\\/?s={search_term_string}\"},\"query-input\":{\"@type\":\"PropertyValueSpecification\",\"valueRequired\":true,\"valueName\":\"search_term_string\"}}],\"inLanguage\":\"fr-FR\"},{\"@type\":\"Organization\",\"@id\":\"https:\\\/\\\/filles-de-la-charite.org\\\/fr\\\/#organization\",\"name\":\"Hijas de la Caridad\",\"url\":\"https:\\\/\\\/filles-de-la-charite.org\\\/fr\\\/\",\"logo\":{\"@type\":\"ImageObject\",\"inLanguage\":\"fr-FR\",\"@id\":\"https:\\\/\\\/filles-de-la-charite.org\\\/fr\\\/#\\\/schema\\\/logo\\\/image\\\/\",\"url\":\"https:\\\/\\\/filles-de-la-charite.org\\\/wp-content\\\/uploads\\\/2023\\\/03\\\/isotipo-Hijas-de-la-Caridad.png\",\"contentUrl\":\"https:\\\/\\\/filles-de-la-charite.org\\\/wp-content\\\/uploads\\\/2023\\\/03\\\/isotipo-Hijas-de-la-Caridad.png\",\"width\":1417,\"height\":1417,\"caption\":\"Hijas de la Caridad\"},\"image\":{\"@id\":\"https:\\\/\\\/filles-de-la-charite.org\\\/fr\\\/#\\\/schema\\\/logo\\\/image\\\/\"}},{\"@type\":\"Person\",\"@id\":\"https:\\\/\\\/filles-de-la-charite.org\\\/fr\\\/#\\\/schema\\\/person\\\/0c922b6ca71280639858d297b3a7209f\",\"name\":\"SOR MARTA\",\"image\":{\"@type\":\"ImageObject\",\"inLanguage\":\"fr-FR\",\"@id\":\"https:\\\/\\\/secure.gravatar.com\\\/avatar\\\/d2c45b0fd6bf2d3e2670ab3d112257c24ac80fa960360bba1bdc0676485d1d09?s=96&d=mm&r=g\",\"url\":\"https:\\\/\\\/secure.gravatar.com\\\/avatar\\\/d2c45b0fd6bf2d3e2670ab3d112257c24ac80fa960360bba1bdc0676485d1d09?s=96&d=mm&r=g\",\"contentUrl\":\"https:\\\/\\\/secure.gravatar.com\\\/avatar\\\/d2c45b0fd6bf2d3e2670ab3d112257c24ac80fa960360bba1bdc0676485d1d09?s=96&d=mm&r=g\",\"caption\":\"SOR MARTA\"},\"url\":\"https:\\\/\\\/filles-de-la-charite.org\\\/fr\\\/author\\\/martaemn\\\/\"}]}<\/script>\n<!-- \/ Yoast SEO plugin. -->","yoast_head_json":{"title":"Un nouveau temps de gr\u00e2ce : naissance de la Province Louise de Marillac \u2013 Br\u00e9sil - Filles de la Charit\u00e9","robots":{"index":"index","follow":"follow","max-snippet":"max-snippet:-1","max-image-preview":"max-image-preview:large","max-video-preview":"max-video-preview:-1"},"canonical":"https:\/\/filles-de-la-charite.org\/fr\/un-nuevo-tiempo-de-gracia-nace-la-provincia-luisa-de-marillac-brasil\/","og_locale":"fr_FR","og_type":"article","og_title":"Un nouveau temps de gr\u00e2ce : naissance de la Province Louise de Marillac \u2013 Br\u00e9sil - Filles de la Charit\u00e9","og_description":"C\u00e9l\u00e9bration historique au Sanctuaire de la M\u00e9daille Miraculeuse Le 19 octobre 2025, le Sanctuaire de Notre-Dame des Gr\u00e2ces de la M\u00e9daille Miraculeuse, \u00e0 Rio de Janeiro, a accueilli avec joie, \u00e9motion et profonde gratitude la c\u00e9l\u00e9bration eucharistique qui a officialis\u00e9 la reconfiguration des Provinces de Rio de Janeiro et de Belo Horizonte. Ce moment historique [&hellip;]","og_url":"https:\/\/filles-de-la-charite.org\/fr\/un-nuevo-tiempo-de-gracia-nace-la-provincia-luisa-de-marillac-brasil\/","og_site_name":"Filles de la Charit\u00e9","article_published_time":"2025-11-13T16:38:23+00:00","og_image":[{"width":2560,"height":1707,"url":"https:\/\/filles-de-la-charite.org\/wp-content\/uploads\/2025\/11\/IMG_7275-scaled.jpg","type":"image\/jpeg"}],"author":"SOR MARTA","twitter_card":"summary_large_image","twitter_misc":{"\u00c9crit par":"SOR MARTA","Dur\u00e9e de lecture estim\u00e9e":"6 minutes"},"schema":{"@context":"https:\/\/schema.org","@graph":[{"@type":"Article","@id":"https:\/\/filles-de-la-charite.org\/fr\/un-nuevo-tiempo-de-gracia-nace-la-provincia-luisa-de-marillac-brasil\/#article","isPartOf":{"@id":"https:\/\/filles-de-la-charite.org\/fr\/un-nuevo-tiempo-de-gracia-nace-la-provincia-luisa-de-marillac-brasil\/"},"author":{"name":"SOR MARTA","@id":"https:\/\/filles-de-la-charite.org\/fr\/#\/schema\/person\/0c922b6ca71280639858d297b3a7209f"},"headline":"Un nouveau temps de gr\u00e2ce : naissance de la Province Louise de Marillac \u2013 Br\u00e9sil","datePublished":"2025-11-13T16:38:23+00:00","mainEntityOfPage":{"@id":"https:\/\/filles-de-la-charite.org\/fr\/un-nuevo-tiempo-de-gracia-nace-la-provincia-luisa-de-marillac-brasil\/"},"wordCount":1173,"publisher":{"@id":"https:\/\/filles-de-la-charite.org\/fr\/#organization"},"image":{"@id":"https:\/\/filles-de-la-charite.org\/fr\/un-nuevo-tiempo-de-gracia-nace-la-provincia-luisa-de-marillac-brasil\/#primaryimage"},"thumbnailUrl":"https:\/\/filles-de-la-charite.org\/wp-content\/uploads\/2025\/11\/IMG_7275-scaled.jpg","articleSection":["Br\u00e9sil"],"inLanguage":"fr-FR"},{"@type":"WebPage","@id":"https:\/\/filles-de-la-charite.org\/fr\/un-nuevo-tiempo-de-gracia-nace-la-provincia-luisa-de-marillac-brasil\/","url":"https:\/\/filles-de-la-charite.org\/fr\/un-nuevo-tiempo-de-gracia-nace-la-provincia-luisa-de-marillac-brasil\/","name":"Un nouveau temps de gr\u00e2ce : naissance de la Province Louise de Marillac \u2013 Br\u00e9sil - Filles de la Charit\u00e9","isPartOf":{"@id":"https:\/\/filles-de-la-charite.org\/fr\/#website"},"primaryImageOfPage":{"@id":"https:\/\/filles-de-la-charite.org\/fr\/un-nuevo-tiempo-de-gracia-nace-la-provincia-luisa-de-marillac-brasil\/#primaryimage"},"image":{"@id":"https:\/\/filles-de-la-charite.org\/fr\/un-nuevo-tiempo-de-gracia-nace-la-provincia-luisa-de-marillac-brasil\/#primaryimage"},"thumbnailUrl":"https:\/\/filles-de-la-charite.org\/wp-content\/uploads\/2025\/11\/IMG_7275-scaled.jpg","datePublished":"2025-11-13T16:38:23+00:00","breadcrumb":{"@id":"https:\/\/filles-de-la-charite.org\/fr\/un-nuevo-tiempo-de-gracia-nace-la-provincia-luisa-de-marillac-brasil\/#breadcrumb"},"inLanguage":"fr-FR","potentialAction":[{"@type":"ReadAction","target":["https:\/\/filles-de-la-charite.org\/fr\/un-nuevo-tiempo-de-gracia-nace-la-provincia-luisa-de-marillac-brasil\/"]}]},{"@type":"ImageObject","inLanguage":"fr-FR","@id":"https:\/\/filles-de-la-charite.org\/fr\/un-nuevo-tiempo-de-gracia-nace-la-provincia-luisa-de-marillac-brasil\/#primaryimage","url":"https:\/\/filles-de-la-charite.org\/wp-content\/uploads\/2025\/11\/IMG_7275-scaled.jpg","contentUrl":"https:\/\/filles-de-la-charite.org\/wp-content\/uploads\/2025\/11\/IMG_7275-scaled.jpg","width":2560,"height":1707},{"@type":"BreadcrumbList","@id":"https:\/\/filles-de-la-charite.org\/fr\/un-nuevo-tiempo-de-gracia-nace-la-provincia-luisa-de-marillac-brasil\/#breadcrumb","itemListElement":[{"@type":"ListItem","position":1,"name":"Br\u00e9sil","item":"https:\/\/filles-de-la-charite.org\/fr\/category\/bresil\/"},{"@type":"ListItem","position":2,"name":"Un nouveau temps de gr\u00e2ce : naissance de la Province Louise de Marillac \u2013 Br\u00e9sil"}]},{"@type":"WebSite","@id":"https:\/\/filles-de-la-charite.org\/fr\/#website","url":"https:\/\/filles-de-la-charite.org\/fr\/","name":"Hijas de la Caridad","description":"L\u2019amour de J\u00e9sus nous presse \u00e0 prendre soin des personnes les plus d\u00e9munies","publisher":{"@id":"https:\/\/filles-de-la-charite.org\/fr\/#organization"},"potentialAction":[{"@type":"SearchAction","target":{"@type":"EntryPoint","urlTemplate":"https:\/\/filles-de-la-charite.org\/fr\/?s={search_term_string}"},"query-input":{"@type":"PropertyValueSpecification","valueRequired":true,"valueName":"search_term_string"}}],"inLanguage":"fr-FR"},{"@type":"Organization","@id":"https:\/\/filles-de-la-charite.org\/fr\/#organization","name":"Hijas de la Caridad","url":"https:\/\/filles-de-la-charite.org\/fr\/","logo":{"@type":"ImageObject","inLanguage":"fr-FR","@id":"https:\/\/filles-de-la-charite.org\/fr\/#\/schema\/logo\/image\/","url":"https:\/\/filles-de-la-charite.org\/wp-content\/uploads\/2023\/03\/isotipo-Hijas-de-la-Caridad.png","contentUrl":"https:\/\/filles-de-la-charite.org\/wp-content\/uploads\/2023\/03\/isotipo-Hijas-de-la-Caridad.png","width":1417,"height":1417,"caption":"Hijas de la Caridad"},"image":{"@id":"https:\/\/filles-de-la-charite.org\/fr\/#\/schema\/logo\/image\/"}},{"@type":"Person","@id":"https:\/\/filles-de-la-charite.org\/fr\/#\/schema\/person\/0c922b6ca71280639858d297b3a7209f","name":"SOR MARTA","image":{"@type":"ImageObject","inLanguage":"fr-FR","@id":"https:\/\/secure.gravatar.com\/avatar\/d2c45b0fd6bf2d3e2670ab3d112257c24ac80fa960360bba1bdc0676485d1d09?s=96&d=mm&r=g","url":"https:\/\/secure.gravatar.com\/avatar\/d2c45b0fd6bf2d3e2670ab3d112257c24ac80fa960360bba1bdc0676485d1d09?s=96&d=mm&r=g","contentUrl":"https:\/\/secure.gravatar.com\/avatar\/d2c45b0fd6bf2d3e2670ab3d112257c24ac80fa960360bba1bdc0676485d1d09?s=96&d=mm&r=g","caption":"SOR MARTA"},"url":"https:\/\/filles-de-la-charite.org\/fr\/author\/martaemn\/"}]}},"_links":{"self":[{"href":"https:\/\/filles-de-la-charite.org\/fr\/wp-json\/wp\/v2\/posts\/47873","targetHints":{"allow":["GET"]}}],"collection":[{"href":"https:\/\/filles-de-la-charite.org\/fr\/wp-json\/wp\/v2\/posts"}],"about":[{"href":"https:\/\/filles-de-la-charite.org\/fr\/wp-json\/wp\/v2\/types\/post"}],"author":[{"embeddable":true,"href":"https:\/\/filles-de-la-charite.org\/fr\/wp-json\/wp\/v2\/users\/5"}],"replies":[{"embeddable":true,"href":"https:\/\/filles-de-la-charite.org\/fr\/wp-json\/wp\/v2\/comments?post=47873"}],"version-history":[{"count":1,"href":"https:\/\/filles-de-la-charite.org\/fr\/wp-json\/wp\/v2\/posts\/47873\/revisions"}],"predecessor-version":[{"id":47886,"href":"https:\/\/filles-de-la-charite.org\/fr\/wp-json\/wp\/v2\/posts\/47873\/revisions\/47886"}],"wp:featuredmedia":[{"embeddable":true,"href":"https:\/\/filles-de-la-charite.org\/fr\/wp-json\/wp\/v2\/media\/47874"}],"wp:attachment":[{"href":"https:\/\/filles-de-la-charite.org\/fr\/wp-json\/wp\/v2\/media?parent=47873"}],"wp:term":[{"taxonomy":"category","embeddable":true,"href":"https:\/\/filles-de-la-charite.org\/fr\/wp-json\/wp\/v2\/categories?post=47873"},{"taxonomy":"post_tag","embeddable":true,"href":"https:\/\/filles-de-la-charite.org\/fr\/wp-json\/wp\/v2\/tags?post=47873"}],"curies":[{"name":"wp","href":"https:\/\/api.w.org\/{rel}","templated":true}]}}