{"id":48192,"date":"2025-12-18T20:08:21","date_gmt":"2025-12-18T19:08:21","guid":{"rendered":"https:\/\/filles-de-la-charite.org\/?p=48192"},"modified":"2025-12-24T10:37:24","modified_gmt":"2025-12-24T09:37:24","slug":"encuentro-de-la-comision-internacional-de-finanzas","status":"publish","type":"post","link":"https:\/\/filles-de-la-charite.org\/fr\/encuentro-de-la-comision-internacional-de-finanzas\/","title":{"rendered":"Rencontre de la Commission Internationale des Finances"},"content":{"rendered":"\n<p>Du 3 au 6 d\u00e9cembre, la Commission Internationale des Finances s\u2019est r\u00e9unie \u00e0 la Maison M\u00e8re pour la deuxi\u00e8me rencontre de l\u2019ann\u00e9e.<\/p>\n\n\n\n<p>Dans un esprit de service et de communion, les nouveaux membres, r\u00e9cemment nomm\u00e9s par le Conseil g\u00e9n\u00e9ral, ont \u00e9t\u00e9 accueillis et int\u00e9gr\u00e9s dans la mission confi\u00e9e \u00e0 la Commission.<\/p>\n\n\n\n<figure class=\"wp-block-image size-large\"><img loading=\"lazy\" decoding=\"async\" width=\"1024\" height=\"709\" src=\"https:\/\/filles-de-la-charite.org\/wp-content\/uploads\/2025\/12\/CIF-1-1024x709.jpg\" alt=\"\" class=\"wp-image-48190\" srcset=\"https:\/\/filles-de-la-charite.org\/wp-content\/uploads\/2025\/12\/CIF-1-980x679.jpg 980w, https:\/\/filles-de-la-charite.org\/wp-content\/uploads\/2025\/12\/CIF-1-480x332.jpg 480w\" sizes=\"(min-width: 0px) and (max-width: 480px) 480px, (min-width: 481px) and (max-width: 980px) 980px, (min-width: 981px) 1024px, 100vw\" \/><\/figure>\n\n\n\n<p><br>La rencontre s\u2019est conclue le dimanche 7 d\u00e9cembre par un p\u00e8lerinage \u00e0 la Cath\u00e9drale Notre-Dame de Paris, temps de pri\u00e8re et d\u2019action de gr\u00e2ce pour confier \u00e0 Dieu les fruits de ces journ\u00e9es de travail et les projets \u00e0 venir.<\/p>\n\n\n\n<figure class=\"wp-block-image size-large\"><img loading=\"lazy\" decoding=\"async\" width=\"1024\" height=\"681\" src=\"https:\/\/filles-de-la-charite.org\/wp-content\/uploads\/2025\/12\/DSC_0064-1024x681.jpg\" alt=\"\" class=\"wp-image-48188\" srcset=\"https:\/\/filles-de-la-charite.org\/wp-content\/uploads\/2025\/12\/DSC_0064-980x652.jpg 980w, https:\/\/filles-de-la-charite.org\/wp-content\/uploads\/2025\/12\/DSC_0064-480x319.jpg 480w\" sizes=\"(min-width: 0px) and (max-width: 480px) 480px, (min-width: 481px) and (max-width: 980px) 980px, (min-width: 981px) 1024px, 100vw\" \/><\/figure>\n\n\n\n<p>La Commission Internationale des Finances&nbsp;(CIF)<\/p>\n\n\n\n<p>Elle est compos\u00e9e de cinq membres y compris l\u2019Econome g\u00e9n\u00e9rale. Les S\u0153urs assistent ponctuellement mais r\u00e9guli\u00e8rement l\u2019Econome g\u00e9n\u00e9rale, en particulier, pour l\u2019analyse des comptes des Provinces.<\/p>\n\n\n\n<p>Voici la nouvelle composition de la Commission :<\/p>\n\n\n\n<ul class=\"wp-block-list\">\n<li>S\u0153ur Stella MAMEH (Quasi-Province, originaire de la Province du Nigeria)<\/li>\n\n\n\n<li>Soeur Th\u00e9odosie NYIRAHAGENIMANA (Province d\u2019Afrique Centrale)<\/li>\n\n\n\n<li>S\u0153ur Katarzyna POSPIESZYNSKA (Quasi-Province, originaire de la Province de Chelmno-Poznan)<\/li>\n\n\n\n<li>S\u0153ur Alicia Yanina VIDAL QUIJANO (Quasi-Province, originaire de la Province du P\u00e9rou).<\/li>\n<\/ul>\n\n\n\n<p>Merci \u00e0 S\u0153ur Purita ESPALDON (Province St. Louise de Marillac-Asia), S\u0153ur Inmaculada LADRERO (Province Espana-Este) et S\u0153ur Sonia SANTOS (Province de Recife) qui ont servi pendant de nombreuses ann\u00e9es dans cette Commission.<\/p>\n\n\n\n<figure class=\"wp-block-image size-large\"><img loading=\"lazy\" decoding=\"async\" width=\"1024\" height=\"720\" src=\"https:\/\/filles-de-la-charite.org\/wp-content\/uploads\/2025\/12\/CIF-4-1024x720.jpg\" alt=\"\" class=\"wp-image-48185\" srcset=\"https:\/\/filles-de-la-charite.org\/wp-content\/uploads\/2025\/12\/CIF-4-980x689.jpg 980w, https:\/\/filles-de-la-charite.org\/wp-content\/uploads\/2025\/12\/CIF-4-480x338.jpg 480w\" sizes=\"(min-width: 0px) and (max-width: 480px) 480px, (min-width: 481px) and (max-width: 980px) 980px, (min-width: 981px) 1024px, 100vw\" \/><\/figure>\n","protected":false},"excerpt":{"rendered":"<p>Du 3 au 6 d\u00e9cembre, la Commission Internationale des Finances s\u2019est r\u00e9unie \u00e0 la Maison M\u00e8re pour la deuxi\u00e8me rencontre de l\u2019ann\u00e9e. Dans un esprit de service et de communion, les nouveaux membres, r\u00e9cemment nomm\u00e9s par le Conseil g\u00e9n\u00e9ral, ont \u00e9t\u00e9 accueillis et int\u00e9gr\u00e9s dans la mission confi\u00e9e \u00e0 la Commission. La rencontre s\u2019est conclue [&hellip;]<\/p>\n","protected":false},"author":5,"featured_media":48193,"comment_status":"closed","ping_status":"closed","sticky":false,"template":"","format":"standard","meta":{"_acf_changed":false,"footnotes":"","_links_to":"","_links_to_target":""},"categories":[843],"tags":[],"class_list":["post-48192","post","type-post","status-publish","format-standard","has-post-thumbnail","hentry","category-international-fr"],"acf":[],"yoast_head":"<!-- This site is optimized with the Yoast SEO plugin v27.5 - https:\/\/yoast.com\/product\/yoast-seo-wordpress\/ -->\n<title>Rencontre de la Commission Internationale des Finances - Filles de la Charit\u00e9<\/title>\n<meta name=\"robots\" content=\"index, follow, max-snippet:-1, max-image-preview:large, max-video-preview:-1\" \/>\n<link rel=\"canonical\" href=\"https:\/\/filles-de-la-charite.org\/fr\/encuentro-de-la-comision-internacional-de-finanzas\/\" \/>\n<meta property=\"og:locale\" content=\"fr_FR\" \/>\n<meta property=\"og:type\" content=\"article\" \/>\n<meta property=\"og:title\" content=\"Rencontre de la Commission Internationale des Finances - Filles de la Charit\u00e9\" \/>\n<meta property=\"og:description\" content=\"Du 3 au 6 d\u00e9cembre, la Commission Internationale des Finances s\u2019est r\u00e9unie \u00e0 la Maison M\u00e8re pour la deuxi\u00e8me rencontre de l\u2019ann\u00e9e. Dans un esprit de service et de communion, les nouveaux membres, r\u00e9cemment nomm\u00e9s par le Conseil g\u00e9n\u00e9ral, ont \u00e9t\u00e9 accueillis et int\u00e9gr\u00e9s dans la mission confi\u00e9e \u00e0 la Commission. La rencontre s\u2019est conclue [&hellip;]\" \/>\n<meta property=\"og:url\" content=\"https:\/\/filles-de-la-charite.org\/fr\/encuentro-de-la-comision-internacional-de-finanzas\/\" \/>\n<meta property=\"og:site_name\" content=\"Filles de la Charit\u00e9\" \/>\n<meta property=\"article:published_time\" content=\"2025-12-18T19:08:21+00:00\" \/>\n<meta property=\"article:modified_time\" content=\"2025-12-24T09:37:24+00:00\" \/>\n<meta property=\"og:image\" content=\"https:\/\/filles-de-la-charite.org\/wp-content\/uploads\/2025\/12\/DSC_0076-scaled.jpg\" \/>\n\t<meta property=\"og:image:width\" content=\"2560\" \/>\n\t<meta property=\"og:image:height\" content=\"1702\" \/>\n\t<meta property=\"og:image:type\" content=\"image\/jpeg\" \/>\n<meta name=\"author\" content=\"SOR MARTA\" \/>\n<meta name=\"twitter:card\" content=\"summary_large_image\" \/>\n<meta name=\"twitter:label1\" content=\"\u00c9crit par\" \/>\n\t<meta name=\"twitter:data1\" content=\"SOR MARTA\" \/>\n\t<meta name=\"twitter:label2\" content=\"Dur\u00e9e de lecture estim\u00e9e\" \/>\n\t<meta name=\"twitter:data2\" content=\"2 minutes\" \/>\n<script type=\"application\/ld+json\" class=\"yoast-schema-graph\">{\"@context\":\"https:\\\/\\\/schema.org\",\"@graph\":[{\"@type\":\"Article\",\"@id\":\"https:\\\/\\\/filles-de-la-charite.org\\\/fr\\\/encuentro-de-la-comision-internacional-de-finanzas\\\/#article\",\"isPartOf\":{\"@id\":\"https:\\\/\\\/filles-de-la-charite.org\\\/fr\\\/encuentro-de-la-comision-internacional-de-finanzas\\\/\"},\"author\":{\"name\":\"SOR MARTA\",\"@id\":\"https:\\\/\\\/filles-de-la-charite.org\\\/fr\\\/#\\\/schema\\\/person\\\/0c922b6ca71280639858d297b3a7209f\"},\"headline\":\"Rencontre de la Commission Internationale des Finances\",\"datePublished\":\"2025-12-18T19:08:21+00:00\",\"dateModified\":\"2025-12-24T09:37:24+00:00\",\"mainEntityOfPage\":{\"@id\":\"https:\\\/\\\/filles-de-la-charite.org\\\/fr\\\/encuentro-de-la-comision-internacional-de-finanzas\\\/\"},\"wordCount\":242,\"publisher\":{\"@id\":\"https:\\\/\\\/filles-de-la-charite.org\\\/fr\\\/#organization\"},\"image\":{\"@id\":\"https:\\\/\\\/filles-de-la-charite.org\\\/fr\\\/encuentro-de-la-comision-internacional-de-finanzas\\\/#primaryimage\"},\"thumbnailUrl\":\"https:\\\/\\\/filles-de-la-charite.org\\\/wp-content\\\/uploads\\\/2025\\\/12\\\/DSC_0076-scaled.jpg\",\"articleSection\":[\"International\"],\"inLanguage\":\"fr-FR\"},{\"@type\":\"WebPage\",\"@id\":\"https:\\\/\\\/filles-de-la-charite.org\\\/fr\\\/encuentro-de-la-comision-internacional-de-finanzas\\\/\",\"url\":\"https:\\\/\\\/filles-de-la-charite.org\\\/fr\\\/encuentro-de-la-comision-internacional-de-finanzas\\\/\",\"name\":\"Rencontre de la Commission Internationale des Finances - Filles de la Charit\u00e9\",\"isPartOf\":{\"@id\":\"https:\\\/\\\/filles-de-la-charite.org\\\/fr\\\/#website\"},\"primaryImageOfPage\":{\"@id\":\"https:\\\/\\\/filles-de-la-charite.org\\\/fr\\\/encuentro-de-la-comision-internacional-de-finanzas\\\/#primaryimage\"},\"image\":{\"@id\":\"https:\\\/\\\/filles-de-la-charite.org\\\/fr\\\/encuentro-de-la-comision-internacional-de-finanzas\\\/#primaryimage\"},\"thumbnailUrl\":\"https:\\\/\\\/filles-de-la-charite.org\\\/wp-content\\\/uploads\\\/2025\\\/12\\\/DSC_0076-scaled.jpg\",\"datePublished\":\"2025-12-18T19:08:21+00:00\",\"dateModified\":\"2025-12-24T09:37:24+00:00\",\"breadcrumb\":{\"@id\":\"https:\\\/\\\/filles-de-la-charite.org\\\/fr\\\/encuentro-de-la-comision-internacional-de-finanzas\\\/#breadcrumb\"},\"inLanguage\":\"fr-FR\",\"potentialAction\":[{\"@type\":\"ReadAction\",\"target\":[\"https:\\\/\\\/filles-de-la-charite.org\\\/fr\\\/encuentro-de-la-comision-internacional-de-finanzas\\\/\"]}]},{\"@type\":\"ImageObject\",\"inLanguage\":\"fr-FR\",\"@id\":\"https:\\\/\\\/filles-de-la-charite.org\\\/fr\\\/encuentro-de-la-comision-internacional-de-finanzas\\\/#primaryimage\",\"url\":\"https:\\\/\\\/filles-de-la-charite.org\\\/wp-content\\\/uploads\\\/2025\\\/12\\\/DSC_0076-scaled.jpg\",\"contentUrl\":\"https:\\\/\\\/filles-de-la-charite.org\\\/wp-content\\\/uploads\\\/2025\\\/12\\\/DSC_0076-scaled.jpg\",\"width\":2560,\"height\":1702},{\"@type\":\"BreadcrumbList\",\"@id\":\"https:\\\/\\\/filles-de-la-charite.org\\\/fr\\\/encuentro-de-la-comision-internacional-de-finanzas\\\/#breadcrumb\",\"itemListElement\":[{\"@type\":\"ListItem\",\"position\":1,\"name\":\"International\",\"item\":\"https:\\\/\\\/filles-de-la-charite.org\\\/fr\\\/category\\\/international-fr\\\/\"},{\"@type\":\"ListItem\",\"position\":2,\"name\":\"Rencontre de la Commission Internationale des Finances\"}]},{\"@type\":\"WebSite\",\"@id\":\"https:\\\/\\\/filles-de-la-charite.org\\\/fr\\\/#website\",\"url\":\"https:\\\/\\\/filles-de-la-charite.org\\\/fr\\\/\",\"name\":\"Hijas de la Caridad\",\"description\":\"L\u2019amour de J\u00e9sus nous presse \u00e0 prendre soin des personnes les plus d\u00e9munies\",\"publisher\":{\"@id\":\"https:\\\/\\\/filles-de-la-charite.org\\\/fr\\\/#organization\"},\"potentialAction\":[{\"@type\":\"SearchAction\",\"target\":{\"@type\":\"EntryPoint\",\"urlTemplate\":\"https:\\\/\\\/filles-de-la-charite.org\\\/fr\\\/?s={search_term_string}\"},\"query-input\":{\"@type\":\"PropertyValueSpecification\",\"valueRequired\":true,\"valueName\":\"search_term_string\"}}],\"inLanguage\":\"fr-FR\"},{\"@type\":\"Organization\",\"@id\":\"https:\\\/\\\/filles-de-la-charite.org\\\/fr\\\/#organization\",\"name\":\"Hijas de la Caridad\",\"url\":\"https:\\\/\\\/filles-de-la-charite.org\\\/fr\\\/\",\"logo\":{\"@type\":\"ImageObject\",\"inLanguage\":\"fr-FR\",\"@id\":\"https:\\\/\\\/filles-de-la-charite.org\\\/fr\\\/#\\\/schema\\\/logo\\\/image\\\/\",\"url\":\"https:\\\/\\\/filles-de-la-charite.org\\\/wp-content\\\/uploads\\\/2023\\\/03\\\/isotipo-Hijas-de-la-Caridad.png\",\"contentUrl\":\"https:\\\/\\\/filles-de-la-charite.org\\\/wp-content\\\/uploads\\\/2023\\\/03\\\/isotipo-Hijas-de-la-Caridad.png\",\"width\":1417,\"height\":1417,\"caption\":\"Hijas de la Caridad\"},\"image\":{\"@id\":\"https:\\\/\\\/filles-de-la-charite.org\\\/fr\\\/#\\\/schema\\\/logo\\\/image\\\/\"}},{\"@type\":\"Person\",\"@id\":\"https:\\\/\\\/filles-de-la-charite.org\\\/fr\\\/#\\\/schema\\\/person\\\/0c922b6ca71280639858d297b3a7209f\",\"name\":\"SOR MARTA\",\"image\":{\"@type\":\"ImageObject\",\"inLanguage\":\"fr-FR\",\"@id\":\"https:\\\/\\\/secure.gravatar.com\\\/avatar\\\/d2c45b0fd6bf2d3e2670ab3d112257c24ac80fa960360bba1bdc0676485d1d09?s=96&d=mm&r=g\",\"url\":\"https:\\\/\\\/secure.gravatar.com\\\/avatar\\\/d2c45b0fd6bf2d3e2670ab3d112257c24ac80fa960360bba1bdc0676485d1d09?s=96&d=mm&r=g\",\"contentUrl\":\"https:\\\/\\\/secure.gravatar.com\\\/avatar\\\/d2c45b0fd6bf2d3e2670ab3d112257c24ac80fa960360bba1bdc0676485d1d09?s=96&d=mm&r=g\",\"caption\":\"SOR MARTA\"},\"url\":\"https:\\\/\\\/filles-de-la-charite.org\\\/fr\\\/author\\\/martaemn\\\/\"}]}<\/script>\n<!-- \/ Yoast SEO plugin. -->","yoast_head_json":{"title":"Rencontre de la Commission Internationale des Finances - Filles de la Charit\u00e9","robots":{"index":"index","follow":"follow","max-snippet":"max-snippet:-1","max-image-preview":"max-image-preview:large","max-video-preview":"max-video-preview:-1"},"canonical":"https:\/\/filles-de-la-charite.org\/fr\/encuentro-de-la-comision-internacional-de-finanzas\/","og_locale":"fr_FR","og_type":"article","og_title":"Rencontre de la Commission Internationale des Finances - Filles de la Charit\u00e9","og_description":"Du 3 au 6 d\u00e9cembre, la Commission Internationale des Finances s\u2019est r\u00e9unie \u00e0 la Maison M\u00e8re pour la deuxi\u00e8me rencontre de l\u2019ann\u00e9e. Dans un esprit de service et de communion, les nouveaux membres, r\u00e9cemment nomm\u00e9s par le Conseil g\u00e9n\u00e9ral, ont \u00e9t\u00e9 accueillis et int\u00e9gr\u00e9s dans la mission confi\u00e9e \u00e0 la Commission. La rencontre s\u2019est conclue [&hellip;]","og_url":"https:\/\/filles-de-la-charite.org\/fr\/encuentro-de-la-comision-internacional-de-finanzas\/","og_site_name":"Filles de la Charit\u00e9","article_published_time":"2025-12-18T19:08:21+00:00","article_modified_time":"2025-12-24T09:37:24+00:00","og_image":[{"width":2560,"height":1702,"url":"https:\/\/filles-de-la-charite.org\/wp-content\/uploads\/2025\/12\/DSC_0076-scaled.jpg","type":"image\/jpeg"}],"author":"SOR MARTA","twitter_card":"summary_large_image","twitter_misc":{"\u00c9crit par":"SOR MARTA","Dur\u00e9e de lecture estim\u00e9e":"2 minutes"},"schema":{"@context":"https:\/\/schema.org","@graph":[{"@type":"Article","@id":"https:\/\/filles-de-la-charite.org\/fr\/encuentro-de-la-comision-internacional-de-finanzas\/#article","isPartOf":{"@id":"https:\/\/filles-de-la-charite.org\/fr\/encuentro-de-la-comision-internacional-de-finanzas\/"},"author":{"name":"SOR MARTA","@id":"https:\/\/filles-de-la-charite.org\/fr\/#\/schema\/person\/0c922b6ca71280639858d297b3a7209f"},"headline":"Rencontre de la Commission Internationale des Finances","datePublished":"2025-12-18T19:08:21+00:00","dateModified":"2025-12-24T09:37:24+00:00","mainEntityOfPage":{"@id":"https:\/\/filles-de-la-charite.org\/fr\/encuentro-de-la-comision-internacional-de-finanzas\/"},"wordCount":242,"publisher":{"@id":"https:\/\/filles-de-la-charite.org\/fr\/#organization"},"image":{"@id":"https:\/\/filles-de-la-charite.org\/fr\/encuentro-de-la-comision-internacional-de-finanzas\/#primaryimage"},"thumbnailUrl":"https:\/\/filles-de-la-charite.org\/wp-content\/uploads\/2025\/12\/DSC_0076-scaled.jpg","articleSection":["International"],"inLanguage":"fr-FR"},{"@type":"WebPage","@id":"https:\/\/filles-de-la-charite.org\/fr\/encuentro-de-la-comision-internacional-de-finanzas\/","url":"https:\/\/filles-de-la-charite.org\/fr\/encuentro-de-la-comision-internacional-de-finanzas\/","name":"Rencontre de la Commission Internationale des Finances - Filles de la Charit\u00e9","isPartOf":{"@id":"https:\/\/filles-de-la-charite.org\/fr\/#website"},"primaryImageOfPage":{"@id":"https:\/\/filles-de-la-charite.org\/fr\/encuentro-de-la-comision-internacional-de-finanzas\/#primaryimage"},"image":{"@id":"https:\/\/filles-de-la-charite.org\/fr\/encuentro-de-la-comision-internacional-de-finanzas\/#primaryimage"},"thumbnailUrl":"https:\/\/filles-de-la-charite.org\/wp-content\/uploads\/2025\/12\/DSC_0076-scaled.jpg","datePublished":"2025-12-18T19:08:21+00:00","dateModified":"2025-12-24T09:37:24+00:00","breadcrumb":{"@id":"https:\/\/filles-de-la-charite.org\/fr\/encuentro-de-la-comision-internacional-de-finanzas\/#breadcrumb"},"inLanguage":"fr-FR","potentialAction":[{"@type":"ReadAction","target":["https:\/\/filles-de-la-charite.org\/fr\/encuentro-de-la-comision-internacional-de-finanzas\/"]}]},{"@type":"ImageObject","inLanguage":"fr-FR","@id":"https:\/\/filles-de-la-charite.org\/fr\/encuentro-de-la-comision-internacional-de-finanzas\/#primaryimage","url":"https:\/\/filles-de-la-charite.org\/wp-content\/uploads\/2025\/12\/DSC_0076-scaled.jpg","contentUrl":"https:\/\/filles-de-la-charite.org\/wp-content\/uploads\/2025\/12\/DSC_0076-scaled.jpg","width":2560,"height":1702},{"@type":"BreadcrumbList","@id":"https:\/\/filles-de-la-charite.org\/fr\/encuentro-de-la-comision-internacional-de-finanzas\/#breadcrumb","itemListElement":[{"@type":"ListItem","position":1,"name":"International","item":"https:\/\/filles-de-la-charite.org\/fr\/category\/international-fr\/"},{"@type":"ListItem","position":2,"name":"Rencontre de la Commission Internationale des Finances"}]},{"@type":"WebSite","@id":"https:\/\/filles-de-la-charite.org\/fr\/#website","url":"https:\/\/filles-de-la-charite.org\/fr\/","name":"Hijas de la Caridad","description":"L\u2019amour de J\u00e9sus nous presse \u00e0 prendre soin des personnes les plus d\u00e9munies","publisher":{"@id":"https:\/\/filles-de-la-charite.org\/fr\/#organization"},"potentialAction":[{"@type":"SearchAction","target":{"@type":"EntryPoint","urlTemplate":"https:\/\/filles-de-la-charite.org\/fr\/?s={search_term_string}"},"query-input":{"@type":"PropertyValueSpecification","valueRequired":true,"valueName":"search_term_string"}}],"inLanguage":"fr-FR"},{"@type":"Organization","@id":"https:\/\/filles-de-la-charite.org\/fr\/#organization","name":"Hijas de la Caridad","url":"https:\/\/filles-de-la-charite.org\/fr\/","logo":{"@type":"ImageObject","inLanguage":"fr-FR","@id":"https:\/\/filles-de-la-charite.org\/fr\/#\/schema\/logo\/image\/","url":"https:\/\/filles-de-la-charite.org\/wp-content\/uploads\/2023\/03\/isotipo-Hijas-de-la-Caridad.png","contentUrl":"https:\/\/filles-de-la-charite.org\/wp-content\/uploads\/2023\/03\/isotipo-Hijas-de-la-Caridad.png","width":1417,"height":1417,"caption":"Hijas de la Caridad"},"image":{"@id":"https:\/\/filles-de-la-charite.org\/fr\/#\/schema\/logo\/image\/"}},{"@type":"Person","@id":"https:\/\/filles-de-la-charite.org\/fr\/#\/schema\/person\/0c922b6ca71280639858d297b3a7209f","name":"SOR MARTA","image":{"@type":"ImageObject","inLanguage":"fr-FR","@id":"https:\/\/secure.gravatar.com\/avatar\/d2c45b0fd6bf2d3e2670ab3d112257c24ac80fa960360bba1bdc0676485d1d09?s=96&d=mm&r=g","url":"https:\/\/secure.gravatar.com\/avatar\/d2c45b0fd6bf2d3e2670ab3d112257c24ac80fa960360bba1bdc0676485d1d09?s=96&d=mm&r=g","contentUrl":"https:\/\/secure.gravatar.com\/avatar\/d2c45b0fd6bf2d3e2670ab3d112257c24ac80fa960360bba1bdc0676485d1d09?s=96&d=mm&r=g","caption":"SOR MARTA"},"url":"https:\/\/filles-de-la-charite.org\/fr\/author\/martaemn\/"}]}},"_links":{"self":[{"href":"https:\/\/filles-de-la-charite.org\/fr\/wp-json\/wp\/v2\/posts\/48192","targetHints":{"allow":["GET"]}}],"collection":[{"href":"https:\/\/filles-de-la-charite.org\/fr\/wp-json\/wp\/v2\/posts"}],"about":[{"href":"https:\/\/filles-de-la-charite.org\/fr\/wp-json\/wp\/v2\/types\/post"}],"author":[{"embeddable":true,"href":"https:\/\/filles-de-la-charite.org\/fr\/wp-json\/wp\/v2\/users\/5"}],"replies":[{"embeddable":true,"href":"https:\/\/filles-de-la-charite.org\/fr\/wp-json\/wp\/v2\/comments?post=48192"}],"version-history":[{"count":3,"href":"https:\/\/filles-de-la-charite.org\/fr\/wp-json\/wp\/v2\/posts\/48192\/revisions"}],"predecessor-version":[{"id":48232,"href":"https:\/\/filles-de-la-charite.org\/fr\/wp-json\/wp\/v2\/posts\/48192\/revisions\/48232"}],"wp:featuredmedia":[{"embeddable":true,"href":"https:\/\/filles-de-la-charite.org\/fr\/wp-json\/wp\/v2\/media\/48193"}],"wp:attachment":[{"href":"https:\/\/filles-de-la-charite.org\/fr\/wp-json\/wp\/v2\/media?parent=48192"}],"wp:term":[{"taxonomy":"category","embeddable":true,"href":"https:\/\/filles-de-la-charite.org\/fr\/wp-json\/wp\/v2\/categories?post=48192"},{"taxonomy":"post_tag","embeddable":true,"href":"https:\/\/filles-de-la-charite.org\/fr\/wp-json\/wp\/v2\/tags?post=48192"}],"curies":[{"name":"wp","href":"https:\/\/api.w.org\/{rel}","templated":true}]}}