{"id":48547,"date":"2026-01-31T22:10:00","date_gmt":"2026-01-31T21:10:00","guid":{"rendered":"https:\/\/filles-de-la-charite.org\/una-comunidad-interprovincial-en-camino-en-las-fronteras-de-la-vida\/"},"modified":"2026-02-05T09:33:49","modified_gmt":"2026-02-05T08:33:49","slug":"una-comunidad-interprovincial-en-camino-en-las-fronteras-de-la-vida","status":"publish","type":"post","link":"https:\/\/filles-de-la-charite.org\/fr\/una-comunidad-interprovincial-en-camino-en-las-fronteras-de-la-vida\/","title":{"rendered":"Une communaut\u00e9 interprovinciale en chemin, aux fronti\u00e8res de la vie"},"content":{"rendered":"\n<p>Nous sommes n\u00e9es d\u2019un appel qui a r\u00e9sonn\u00e9 avec force apr\u00e8s une Assembl\u00e9e g\u00e9n\u00e9rale, dans les Provinces d\u2019Espagne. Il nous a conduites \u00e0 aller plus loin, vers d\u2019autres fronti\u00e8res humaines et g\u00e9ographiques, l\u00e0 o\u00f9 la dignit\u00e9 des personnes est la plus menac\u00e9e. De cette \u00e9coute s\u2019est progressivement dessin\u00e9e une mani\u00e8re concr\u00e8te de vivre : une communaut\u00e9 interprovinciale, devenue ensuite mission itin\u00e9rante, avec le d\u00e9sir de rester attentives au passage de l\u2019Esprit et \u00e0 la r\u00e9alit\u00e9 qui nous interpellait l\u00e0 o\u00f9 se trouvaient les pauvres.<\/p>\n\n\n\n<figure class=\"wp-block-image size-full\"><img loading=\"lazy\" decoding=\"async\" width=\"808\" height=\"354\" src=\"https:\/\/filles-de-la-charite.org\/wp-content\/uploads\/2026\/02\/WhatsApp-Image-2026-02-01-at-00.59.20.jpeg\" alt=\"\" class=\"wp-image-48542\" srcset=\"https:\/\/filles-de-la-charite.org\/wp-content\/uploads\/2026\/02\/WhatsApp-Image-2026-02-01-at-00.59.20.jpeg 808w, https:\/\/filles-de-la-charite.org\/wp-content\/uploads\/2026\/02\/WhatsApp-Image-2026-02-01-at-00.59.20-480x210.jpeg 480w\" sizes=\"(min-width: 0px) and (max-width: 480px) 480px, (min-width: 481px) 808px, 100vw\" \/><\/figure>\n\n\n\n<p>La premi\u00e8re \u00e9tape de ce chemin a commenc\u00e9 \u00e0 Melilla, terre de fronti\u00e8re marqu\u00e9e par la migration, le transit et l\u2019attente. L\u00e0, nous avons appris \u00e0 accompagner dans la proximit\u00e9, en partageant la vie avec des personnes migrantes\u2014en particulier des jeunes\u2014et en r\u00e9pondant \u00e0 leurs besoins les plus essentiels, dans un contexte complexe, changeant et profond\u00e9ment humain. L\u2019arriv\u00e9e de S\u0153ur Lupita du Mexique, dans le cadre de l\u2019ann\u00e9e jubilaire de la Lumi\u00e8re (l&rsquo;exp\u00e9rience de deux ans de service dans une autre Province), a \u00e9galement \u00e9t\u00e9 un cadeau pour la communaut\u00e9, enrichissant la vie fraternelle et la mission tout au long du chemin par sa pr\u00e9sence, son regard et sa disponibilit\u00e9.<\/p>\n\n\n\n<figure class=\"wp-block-image size-large\"><img loading=\"lazy\" decoding=\"async\" width=\"1024\" height=\"768\" src=\"https:\/\/filles-de-la-charite.org\/wp-content\/uploads\/2026\/02\/WhatsApp-Image-2026-02-01-at-00.10.12-1024x768.jpeg\" alt=\"\" class=\"wp-image-48543\" srcset=\"https:\/\/filles-de-la-charite.org\/wp-content\/uploads\/2026\/02\/WhatsApp-Image-2026-02-01-at-00.10.12-980x735.jpeg 980w, https:\/\/filles-de-la-charite.org\/wp-content\/uploads\/2026\/02\/WhatsApp-Image-2026-02-01-at-00.10.12-480x360.jpeg 480w\" sizes=\"(min-width: 0px) and (max-width: 480px) 480px, (min-width: 481px) and (max-width: 980px) 980px, (min-width: 981px) 1024px, 100vw\" \/><\/figure>\n\n\n\n<p>Avec le temps, l\u2019am\u00e9lioration des conditions d\u2019accueil \u00e0 Melilla et l\u2019\u00e9volution des routes migratoires nous ont fait d\u00e9couvrir un nouvel appel qui demandait une r\u00e9ponse urgente : les familles de la montagne touch\u00e9es par le s\u00e9isme de Marrakech en 2023. La Communaut\u00e9 s\u2019y est d\u00e9plac\u00e9e et, pendant deux ans, en collaboration avec Caritas Marrakech, nous avons particip\u00e9 \u00e0 des projets de reconstruction, de promotion et de d\u00e9veloppement dans les villages de l\u2019Atlas marocain. Nous y attendaient \u00e9galement, dans la paroisse avec les P\u00e8res franciscains, des jeunes migrants subsahariens de plus en plus nombreux. Nous avons \u00e9largi la mission en leur offrant accueil, soin et accompagnement, en \u00e9coutant des r\u00e9cits entrem\u00eal\u00e9s de souffrance et d\u2019esp\u00e9rance.<\/p>\n\n\n\n<figure class=\"wp-block-image size-large\"><img loading=\"lazy\" decoding=\"async\" width=\"768\" height=\"1024\" src=\"https:\/\/filles-de-la-charite.org\/wp-content\/uploads\/2026\/02\/WhatsApp-Image-2026-01-31-at-23.35.47-768x1024.jpeg\" alt=\"\" class=\"wp-image-48538\"\/><\/figure>\n\n\n\n<p>Alors que le projet li\u00e9 au s\u00e9isme arrivait \u00e0 son terme et que l\u2019action aupr\u00e8s des migrants \u00e9tait poursuivie par une \u00e9quipe de b\u00e9n\u00e9voles, nous nous sommes de nouveau interrog\u00e9es sur l\u2019appel qui avait autrefois r\u00e9sonn\u00e9 avec force ; nous avons r\u00e9\u00e9cout\u00e9 la question fondamentale : o\u00f9, aujourd\u2019hui, la fronti\u00e8re r\u00e9clame-t-elle notre pr\u00e9sence ? Nous avons v\u00e9cu un discernement partag\u00e9 avec les Visitatrices et la Conseill\u00e8re g\u00e9n\u00e9rale. Dans ce processus, l\u2019augmentation significative des arriv\u00e9es d\u2019embarcations aux \u00eeles Bal\u00e9ares et la p\u00e9nurie de ressources d\u2019accueil ont ouvert un nouvel horizon. Le 29 septembre, les Visitatrices nous ont communiqu\u00e9 l\u2019envoi de la communaut\u00e9 \u00e0 Majorque.<\/p>\n\n\n\n<figure class=\"wp-block-image size-full\"><img loading=\"lazy\" decoding=\"async\" width=\"1024\" height=\"576\" src=\"https:\/\/filles-de-la-charite.org\/wp-content\/uploads\/2026\/02\/WhatsApp-Image-2026-01-31-at-23.56.50.jpeg\" alt=\"\" class=\"wp-image-48539\" srcset=\"https:\/\/filles-de-la-charite.org\/wp-content\/uploads\/2026\/02\/WhatsApp-Image-2026-01-31-at-23.56.50.jpeg 1024w, https:\/\/filles-de-la-charite.org\/wp-content\/uploads\/2026\/02\/WhatsApp-Image-2026-01-31-at-23.56.50-980x551.jpeg 980w, https:\/\/filles-de-la-charite.org\/wp-content\/uploads\/2026\/02\/WhatsApp-Image-2026-01-31-at-23.56.50-480x270.jpeg 480w\" sizes=\"(min-width: 0px) and (max-width: 480px) 480px, (min-width: 481px) and (max-width: 980px) 980px, (min-width: 981px) 1024px, 100vw\" \/><\/figure>\n\n\n\n<p>Aujourd\u2019hui, notre mission se concr\u00e9tise dans le travail direct avec les personnes migrantes en situation de fronti\u00e8re, en collaboration particuli\u00e8re avec la Croix-Rouge, ce qui nous permet d\u2019\u00eatre en premi\u00e8re ligne dans l\u2019accueil des embarcations et de nous int\u00e9grer aux services de Caritas. \u00c0 chaque arriv\u00e9e, nous cherchons \u00e0 offrir plus qu\u2019une r\u00e9ponse mat\u00e9rielle : humaniser chaque geste, dignifier chaque rencontre, offrir une proximit\u00e9 r\u00e9elle et soutenir l\u2019esp\u00e9rance dans la fragilit\u00e9.<\/p>\n\n\n\n<figure class=\"wp-block-image size-large\"><img decoding=\"async\" src=\"https:\/\/filles-de-la-charite.org\/wp-content\/uploads\/2026\/02\/Diseno-sin-titulo-5-1024x511.png\" alt=\"\"\/><\/figure>\n\n\n\n<p>Ce parcours\u2014Melilla, Marrakech, Majorque\u2014n\u2019est pas une succession de destinations, mais un unique chemin tiss\u00e9 de fid\u00e9lit\u00e9 \u00e0 la vocation re\u00e7ue de Dieu, dans l\u2019aujourd\u2019hui des pauvres : sortir\u2026 aller vers\u2026 rencontrer ceux qui demandent \u00e0 \u00eatre accueillis et reconnus dans leur dignit\u00e9, et \u00ab puissent sentir que les paroles de J\u00e9sus sont pour eux : \u201cJe t\u2019ai aim\u00e9\u201d \u00bb (Ap 3,9 ; Dilexi Te, n. 121).<\/p>\n\n\n\n<figure class=\"wp-block-image aligncenter size-full\"><img decoding=\"async\" src=\"https:\/\/filles-de-la-charite.org\/wp-content\/uploads\/2026\/02\/IMG-20260201-WA0024.jpg\" alt=\"\" class=\"wp-image-48605\"\/><\/figure>\n","protected":false},"excerpt":{"rendered":"<p>Nous sommes n\u00e9es d\u2019un appel qui a r\u00e9sonn\u00e9 avec force apr\u00e8s une Assembl\u00e9e g\u00e9n\u00e9rale, dans les Provinces d\u2019Espagne. Il nous a conduites \u00e0 aller plus loin, vers d\u2019autres fronti\u00e8res humaines et g\u00e9ographiques, l\u00e0 o\u00f9 la dignit\u00e9 des personnes est la plus menac\u00e9e. De cette \u00e9coute s\u2019est progressivement dessin\u00e9e une mani\u00e8re concr\u00e8te de vivre : une [&hellip;]<\/p>\n","protected":false},"author":5,"featured_media":48548,"comment_status":"closed","ping_status":"closed","sticky":false,"template":"","format":"standard","meta":{"_acf_changed":false,"_et_pb_use_builder":"","_et_pb_old_content":"","_et_gb_content_width":"","footnotes":"","_links_to":"","_links_to_target":""},"categories":[765,831],"tags":[],"class_list":["post-48547","post","type-post","status-publish","format-standard","has-post-thumbnail","hentry","category-espana-fr","category-mexique"],"acf":[],"yoast_head":"<!-- This site is optimized with the Yoast SEO plugin v27.5 - https:\/\/yoast.com\/product\/yoast-seo-wordpress\/ -->\n<title>Une communaut\u00e9 interprovinciale en chemin, aux fronti\u00e8res de la vie - Filles de la Charit\u00e9<\/title>\n<meta name=\"robots\" content=\"index, follow, max-snippet:-1, max-image-preview:large, max-video-preview:-1\" \/>\n<link rel=\"canonical\" href=\"https:\/\/filles-de-la-charite.org\/fr\/una-comunidad-interprovincial-en-camino-en-las-fronteras-de-la-vida\/\" \/>\n<meta property=\"og:locale\" content=\"fr_FR\" \/>\n<meta property=\"og:type\" content=\"article\" \/>\n<meta property=\"og:title\" content=\"Une communaut\u00e9 interprovinciale en chemin, aux fronti\u00e8res de la vie - Filles de la Charit\u00e9\" \/>\n<meta property=\"og:description\" content=\"Nous sommes n\u00e9es d\u2019un appel qui a r\u00e9sonn\u00e9 avec force apr\u00e8s une Assembl\u00e9e g\u00e9n\u00e9rale, dans les Provinces d\u2019Espagne. Il nous a conduites \u00e0 aller plus loin, vers d\u2019autres fronti\u00e8res humaines et g\u00e9ographiques, l\u00e0 o\u00f9 la dignit\u00e9 des personnes est la plus menac\u00e9e. De cette \u00e9coute s\u2019est progressivement dessin\u00e9e une mani\u00e8re concr\u00e8te de vivre : une [&hellip;]\" \/>\n<meta property=\"og:url\" content=\"https:\/\/filles-de-la-charite.org\/fr\/una-comunidad-interprovincial-en-camino-en-las-fronteras-de-la-vida\/\" \/>\n<meta property=\"og:site_name\" content=\"Filles de la Charit\u00e9\" \/>\n<meta property=\"article:published_time\" content=\"2026-01-31T21:10:00+00:00\" \/>\n<meta property=\"article:modified_time\" content=\"2026-02-05T08:33:49+00:00\" \/>\n<meta property=\"og:image\" content=\"https:\/\/filles-de-la-charite.org\/wp-content\/uploads\/2026\/02\/mision-interprovincial-thumbnail-scaled.jpg\" \/>\n\t<meta property=\"og:image:width\" content=\"2560\" \/>\n\t<meta property=\"og:image:height\" content=\"1440\" \/>\n\t<meta property=\"og:image:type\" content=\"image\/jpeg\" \/>\n<meta name=\"author\" content=\"SOR MARTA\" \/>\n<meta name=\"twitter:card\" content=\"summary_large_image\" \/>\n<meta name=\"twitter:label1\" content=\"\u00c9crit par\" \/>\n\t<meta name=\"twitter:data1\" content=\"SOR MARTA\" \/>\n\t<meta name=\"twitter:label2\" content=\"Dur\u00e9e de lecture estim\u00e9e\" \/>\n\t<meta name=\"twitter:data2\" content=\"4 minutes\" \/>\n<script type=\"application\/ld+json\" class=\"yoast-schema-graph\">{\"@context\":\"https:\\\/\\\/schema.org\",\"@graph\":[{\"@type\":\"Article\",\"@id\":\"https:\\\/\\\/filles-de-la-charite.org\\\/fr\\\/una-comunidad-interprovincial-en-camino-en-las-fronteras-de-la-vida\\\/#article\",\"isPartOf\":{\"@id\":\"https:\\\/\\\/filles-de-la-charite.org\\\/fr\\\/una-comunidad-interprovincial-en-camino-en-las-fronteras-de-la-vida\\\/\"},\"author\":{\"name\":\"SOR MARTA\",\"@id\":\"https:\\\/\\\/filles-de-la-charite.org\\\/fr\\\/#\\\/schema\\\/person\\\/0c922b6ca71280639858d297b3a7209f\"},\"headline\":\"Une communaut\u00e9 interprovinciale en chemin, aux fronti\u00e8res de la vie\",\"datePublished\":\"2026-01-31T21:10:00+00:00\",\"dateModified\":\"2026-02-05T08:33:49+00:00\",\"mainEntityOfPage\":{\"@id\":\"https:\\\/\\\/filles-de-la-charite.org\\\/fr\\\/una-comunidad-interprovincial-en-camino-en-las-fronteras-de-la-vida\\\/\"},\"wordCount\":635,\"publisher\":{\"@id\":\"https:\\\/\\\/filles-de-la-charite.org\\\/fr\\\/#organization\"},\"image\":{\"@id\":\"https:\\\/\\\/filles-de-la-charite.org\\\/fr\\\/una-comunidad-interprovincial-en-camino-en-las-fronteras-de-la-vida\\\/#primaryimage\"},\"thumbnailUrl\":\"https:\\\/\\\/filles-de-la-charite.org\\\/wp-content\\\/uploads\\\/2026\\\/02\\\/mision-interprovincial-thumbnail-scaled.jpg\",\"articleSection\":[\"Espagne\",\"Mexique\"],\"inLanguage\":\"fr-FR\"},{\"@type\":\"WebPage\",\"@id\":\"https:\\\/\\\/filles-de-la-charite.org\\\/fr\\\/una-comunidad-interprovincial-en-camino-en-las-fronteras-de-la-vida\\\/\",\"url\":\"https:\\\/\\\/filles-de-la-charite.org\\\/fr\\\/una-comunidad-interprovincial-en-camino-en-las-fronteras-de-la-vida\\\/\",\"name\":\"Une communaut\u00e9 interprovinciale en chemin, aux fronti\u00e8res de la vie - Filles de la Charit\u00e9\",\"isPartOf\":{\"@id\":\"https:\\\/\\\/filles-de-la-charite.org\\\/fr\\\/#website\"},\"primaryImageOfPage\":{\"@id\":\"https:\\\/\\\/filles-de-la-charite.org\\\/fr\\\/una-comunidad-interprovincial-en-camino-en-las-fronteras-de-la-vida\\\/#primaryimage\"},\"image\":{\"@id\":\"https:\\\/\\\/filles-de-la-charite.org\\\/fr\\\/una-comunidad-interprovincial-en-camino-en-las-fronteras-de-la-vida\\\/#primaryimage\"},\"thumbnailUrl\":\"https:\\\/\\\/filles-de-la-charite.org\\\/wp-content\\\/uploads\\\/2026\\\/02\\\/mision-interprovincial-thumbnail-scaled.jpg\",\"datePublished\":\"2026-01-31T21:10:00+00:00\",\"dateModified\":\"2026-02-05T08:33:49+00:00\",\"breadcrumb\":{\"@id\":\"https:\\\/\\\/filles-de-la-charite.org\\\/fr\\\/una-comunidad-interprovincial-en-camino-en-las-fronteras-de-la-vida\\\/#breadcrumb\"},\"inLanguage\":\"fr-FR\",\"potentialAction\":[{\"@type\":\"ReadAction\",\"target\":[\"https:\\\/\\\/filles-de-la-charite.org\\\/fr\\\/una-comunidad-interprovincial-en-camino-en-las-fronteras-de-la-vida\\\/\"]}]},{\"@type\":\"ImageObject\",\"inLanguage\":\"fr-FR\",\"@id\":\"https:\\\/\\\/filles-de-la-charite.org\\\/fr\\\/una-comunidad-interprovincial-en-camino-en-las-fronteras-de-la-vida\\\/#primaryimage\",\"url\":\"https:\\\/\\\/filles-de-la-charite.org\\\/wp-content\\\/uploads\\\/2026\\\/02\\\/mision-interprovincial-thumbnail-scaled.jpg\",\"contentUrl\":\"https:\\\/\\\/filles-de-la-charite.org\\\/wp-content\\\/uploads\\\/2026\\\/02\\\/mision-interprovincial-thumbnail-scaled.jpg\",\"width\":2560,\"height\":1440},{\"@type\":\"BreadcrumbList\",\"@id\":\"https:\\\/\\\/filles-de-la-charite.org\\\/fr\\\/una-comunidad-interprovincial-en-camino-en-las-fronteras-de-la-vida\\\/#breadcrumb\",\"itemListElement\":[{\"@type\":\"ListItem\",\"position\":1,\"name\":\"Espagne\",\"item\":\"https:\\\/\\\/filles-de-la-charite.org\\\/fr\\\/category\\\/espana-fr\\\/\"},{\"@type\":\"ListItem\",\"position\":2,\"name\":\"Une communaut\u00e9 interprovinciale en chemin, aux fronti\u00e8res de la vie\"}]},{\"@type\":\"WebSite\",\"@id\":\"https:\\\/\\\/filles-de-la-charite.org\\\/fr\\\/#website\",\"url\":\"https:\\\/\\\/filles-de-la-charite.org\\\/fr\\\/\",\"name\":\"Hijas de la Caridad\",\"description\":\"L\u2019amour de J\u00e9sus nous presse \u00e0 prendre soin des personnes les plus d\u00e9munies\",\"publisher\":{\"@id\":\"https:\\\/\\\/filles-de-la-charite.org\\\/fr\\\/#organization\"},\"potentialAction\":[{\"@type\":\"SearchAction\",\"target\":{\"@type\":\"EntryPoint\",\"urlTemplate\":\"https:\\\/\\\/filles-de-la-charite.org\\\/fr\\\/?s={search_term_string}\"},\"query-input\":{\"@type\":\"PropertyValueSpecification\",\"valueRequired\":true,\"valueName\":\"search_term_string\"}}],\"inLanguage\":\"fr-FR\"},{\"@type\":\"Organization\",\"@id\":\"https:\\\/\\\/filles-de-la-charite.org\\\/fr\\\/#organization\",\"name\":\"Hijas de la Caridad\",\"url\":\"https:\\\/\\\/filles-de-la-charite.org\\\/fr\\\/\",\"logo\":{\"@type\":\"ImageObject\",\"inLanguage\":\"fr-FR\",\"@id\":\"https:\\\/\\\/filles-de-la-charite.org\\\/fr\\\/#\\\/schema\\\/logo\\\/image\\\/\",\"url\":\"https:\\\/\\\/filles-de-la-charite.org\\\/wp-content\\\/uploads\\\/2023\\\/03\\\/isotipo-Hijas-de-la-Caridad.png\",\"contentUrl\":\"https:\\\/\\\/filles-de-la-charite.org\\\/wp-content\\\/uploads\\\/2023\\\/03\\\/isotipo-Hijas-de-la-Caridad.png\",\"width\":1417,\"height\":1417,\"caption\":\"Hijas de la Caridad\"},\"image\":{\"@id\":\"https:\\\/\\\/filles-de-la-charite.org\\\/fr\\\/#\\\/schema\\\/logo\\\/image\\\/\"}},{\"@type\":\"Person\",\"@id\":\"https:\\\/\\\/filles-de-la-charite.org\\\/fr\\\/#\\\/schema\\\/person\\\/0c922b6ca71280639858d297b3a7209f\",\"name\":\"SOR MARTA\",\"image\":{\"@type\":\"ImageObject\",\"inLanguage\":\"fr-FR\",\"@id\":\"https:\\\/\\\/secure.gravatar.com\\\/avatar\\\/d2c45b0fd6bf2d3e2670ab3d112257c24ac80fa960360bba1bdc0676485d1d09?s=96&d=mm&r=g\",\"url\":\"https:\\\/\\\/secure.gravatar.com\\\/avatar\\\/d2c45b0fd6bf2d3e2670ab3d112257c24ac80fa960360bba1bdc0676485d1d09?s=96&d=mm&r=g\",\"contentUrl\":\"https:\\\/\\\/secure.gravatar.com\\\/avatar\\\/d2c45b0fd6bf2d3e2670ab3d112257c24ac80fa960360bba1bdc0676485d1d09?s=96&d=mm&r=g\",\"caption\":\"SOR MARTA\"},\"url\":\"https:\\\/\\\/filles-de-la-charite.org\\\/fr\\\/author\\\/martaemn\\\/\"}]}<\/script>\n<!-- \/ Yoast SEO plugin. -->","yoast_head_json":{"title":"Une communaut\u00e9 interprovinciale en chemin, aux fronti\u00e8res de la vie - Filles de la Charit\u00e9","robots":{"index":"index","follow":"follow","max-snippet":"max-snippet:-1","max-image-preview":"max-image-preview:large","max-video-preview":"max-video-preview:-1"},"canonical":"https:\/\/filles-de-la-charite.org\/fr\/una-comunidad-interprovincial-en-camino-en-las-fronteras-de-la-vida\/","og_locale":"fr_FR","og_type":"article","og_title":"Une communaut\u00e9 interprovinciale en chemin, aux fronti\u00e8res de la vie - Filles de la Charit\u00e9","og_description":"Nous sommes n\u00e9es d\u2019un appel qui a r\u00e9sonn\u00e9 avec force apr\u00e8s une Assembl\u00e9e g\u00e9n\u00e9rale, dans les Provinces d\u2019Espagne. Il nous a conduites \u00e0 aller plus loin, vers d\u2019autres fronti\u00e8res humaines et g\u00e9ographiques, l\u00e0 o\u00f9 la dignit\u00e9 des personnes est la plus menac\u00e9e. De cette \u00e9coute s\u2019est progressivement dessin\u00e9e une mani\u00e8re concr\u00e8te de vivre : une [&hellip;]","og_url":"https:\/\/filles-de-la-charite.org\/fr\/una-comunidad-interprovincial-en-camino-en-las-fronteras-de-la-vida\/","og_site_name":"Filles de la Charit\u00e9","article_published_time":"2026-01-31T21:10:00+00:00","article_modified_time":"2026-02-05T08:33:49+00:00","og_image":[{"width":2560,"height":1440,"url":"https:\/\/filles-de-la-charite.org\/wp-content\/uploads\/2026\/02\/mision-interprovincial-thumbnail-scaled.jpg","type":"image\/jpeg"}],"author":"SOR MARTA","twitter_card":"summary_large_image","twitter_misc":{"\u00c9crit par":"SOR MARTA","Dur\u00e9e de lecture estim\u00e9e":"4 minutes"},"schema":{"@context":"https:\/\/schema.org","@graph":[{"@type":"Article","@id":"https:\/\/filles-de-la-charite.org\/fr\/una-comunidad-interprovincial-en-camino-en-las-fronteras-de-la-vida\/#article","isPartOf":{"@id":"https:\/\/filles-de-la-charite.org\/fr\/una-comunidad-interprovincial-en-camino-en-las-fronteras-de-la-vida\/"},"author":{"name":"SOR MARTA","@id":"https:\/\/filles-de-la-charite.org\/fr\/#\/schema\/person\/0c922b6ca71280639858d297b3a7209f"},"headline":"Une communaut\u00e9 interprovinciale en chemin, aux fronti\u00e8res de la vie","datePublished":"2026-01-31T21:10:00+00:00","dateModified":"2026-02-05T08:33:49+00:00","mainEntityOfPage":{"@id":"https:\/\/filles-de-la-charite.org\/fr\/una-comunidad-interprovincial-en-camino-en-las-fronteras-de-la-vida\/"},"wordCount":635,"publisher":{"@id":"https:\/\/filles-de-la-charite.org\/fr\/#organization"},"image":{"@id":"https:\/\/filles-de-la-charite.org\/fr\/una-comunidad-interprovincial-en-camino-en-las-fronteras-de-la-vida\/#primaryimage"},"thumbnailUrl":"https:\/\/filles-de-la-charite.org\/wp-content\/uploads\/2026\/02\/mision-interprovincial-thumbnail-scaled.jpg","articleSection":["Espagne","Mexique"],"inLanguage":"fr-FR"},{"@type":"WebPage","@id":"https:\/\/filles-de-la-charite.org\/fr\/una-comunidad-interprovincial-en-camino-en-las-fronteras-de-la-vida\/","url":"https:\/\/filles-de-la-charite.org\/fr\/una-comunidad-interprovincial-en-camino-en-las-fronteras-de-la-vida\/","name":"Une communaut\u00e9 interprovinciale en chemin, aux fronti\u00e8res de la vie - Filles de la Charit\u00e9","isPartOf":{"@id":"https:\/\/filles-de-la-charite.org\/fr\/#website"},"primaryImageOfPage":{"@id":"https:\/\/filles-de-la-charite.org\/fr\/una-comunidad-interprovincial-en-camino-en-las-fronteras-de-la-vida\/#primaryimage"},"image":{"@id":"https:\/\/filles-de-la-charite.org\/fr\/una-comunidad-interprovincial-en-camino-en-las-fronteras-de-la-vida\/#primaryimage"},"thumbnailUrl":"https:\/\/filles-de-la-charite.org\/wp-content\/uploads\/2026\/02\/mision-interprovincial-thumbnail-scaled.jpg","datePublished":"2026-01-31T21:10:00+00:00","dateModified":"2026-02-05T08:33:49+00:00","breadcrumb":{"@id":"https:\/\/filles-de-la-charite.org\/fr\/una-comunidad-interprovincial-en-camino-en-las-fronteras-de-la-vida\/#breadcrumb"},"inLanguage":"fr-FR","potentialAction":[{"@type":"ReadAction","target":["https:\/\/filles-de-la-charite.org\/fr\/una-comunidad-interprovincial-en-camino-en-las-fronteras-de-la-vida\/"]}]},{"@type":"ImageObject","inLanguage":"fr-FR","@id":"https:\/\/filles-de-la-charite.org\/fr\/una-comunidad-interprovincial-en-camino-en-las-fronteras-de-la-vida\/#primaryimage","url":"https:\/\/filles-de-la-charite.org\/wp-content\/uploads\/2026\/02\/mision-interprovincial-thumbnail-scaled.jpg","contentUrl":"https:\/\/filles-de-la-charite.org\/wp-content\/uploads\/2026\/02\/mision-interprovincial-thumbnail-scaled.jpg","width":2560,"height":1440},{"@type":"BreadcrumbList","@id":"https:\/\/filles-de-la-charite.org\/fr\/una-comunidad-interprovincial-en-camino-en-las-fronteras-de-la-vida\/#breadcrumb","itemListElement":[{"@type":"ListItem","position":1,"name":"Espagne","item":"https:\/\/filles-de-la-charite.org\/fr\/category\/espana-fr\/"},{"@type":"ListItem","position":2,"name":"Une communaut\u00e9 interprovinciale en chemin, aux fronti\u00e8res de la vie"}]},{"@type":"WebSite","@id":"https:\/\/filles-de-la-charite.org\/fr\/#website","url":"https:\/\/filles-de-la-charite.org\/fr\/","name":"Hijas de la Caridad","description":"L\u2019amour de J\u00e9sus nous presse \u00e0 prendre soin des personnes les plus d\u00e9munies","publisher":{"@id":"https:\/\/filles-de-la-charite.org\/fr\/#organization"},"potentialAction":[{"@type":"SearchAction","target":{"@type":"EntryPoint","urlTemplate":"https:\/\/filles-de-la-charite.org\/fr\/?s={search_term_string}"},"query-input":{"@type":"PropertyValueSpecification","valueRequired":true,"valueName":"search_term_string"}}],"inLanguage":"fr-FR"},{"@type":"Organization","@id":"https:\/\/filles-de-la-charite.org\/fr\/#organization","name":"Hijas de la Caridad","url":"https:\/\/filles-de-la-charite.org\/fr\/","logo":{"@type":"ImageObject","inLanguage":"fr-FR","@id":"https:\/\/filles-de-la-charite.org\/fr\/#\/schema\/logo\/image\/","url":"https:\/\/filles-de-la-charite.org\/wp-content\/uploads\/2023\/03\/isotipo-Hijas-de-la-Caridad.png","contentUrl":"https:\/\/filles-de-la-charite.org\/wp-content\/uploads\/2023\/03\/isotipo-Hijas-de-la-Caridad.png","width":1417,"height":1417,"caption":"Hijas de la Caridad"},"image":{"@id":"https:\/\/filles-de-la-charite.org\/fr\/#\/schema\/logo\/image\/"}},{"@type":"Person","@id":"https:\/\/filles-de-la-charite.org\/fr\/#\/schema\/person\/0c922b6ca71280639858d297b3a7209f","name":"SOR MARTA","image":{"@type":"ImageObject","inLanguage":"fr-FR","@id":"https:\/\/secure.gravatar.com\/avatar\/d2c45b0fd6bf2d3e2670ab3d112257c24ac80fa960360bba1bdc0676485d1d09?s=96&d=mm&r=g","url":"https:\/\/secure.gravatar.com\/avatar\/d2c45b0fd6bf2d3e2670ab3d112257c24ac80fa960360bba1bdc0676485d1d09?s=96&d=mm&r=g","contentUrl":"https:\/\/secure.gravatar.com\/avatar\/d2c45b0fd6bf2d3e2670ab3d112257c24ac80fa960360bba1bdc0676485d1d09?s=96&d=mm&r=g","caption":"SOR MARTA"},"url":"https:\/\/filles-de-la-charite.org\/fr\/author\/martaemn\/"}]}},"_links":{"self":[{"href":"https:\/\/filles-de-la-charite.org\/fr\/wp-json\/wp\/v2\/posts\/48547","targetHints":{"allow":["GET"]}}],"collection":[{"href":"https:\/\/filles-de-la-charite.org\/fr\/wp-json\/wp\/v2\/posts"}],"about":[{"href":"https:\/\/filles-de-la-charite.org\/fr\/wp-json\/wp\/v2\/types\/post"}],"author":[{"embeddable":true,"href":"https:\/\/filles-de-la-charite.org\/fr\/wp-json\/wp\/v2\/users\/5"}],"replies":[{"embeddable":true,"href":"https:\/\/filles-de-la-charite.org\/fr\/wp-json\/wp\/v2\/comments?post=48547"}],"version-history":[{"count":4,"href":"https:\/\/filles-de-la-charite.org\/fr\/wp-json\/wp\/v2\/posts\/48547\/revisions"}],"predecessor-version":[{"id":48695,"href":"https:\/\/filles-de-la-charite.org\/fr\/wp-json\/wp\/v2\/posts\/48547\/revisions\/48695"}],"wp:featuredmedia":[{"embeddable":true,"href":"https:\/\/filles-de-la-charite.org\/fr\/wp-json\/wp\/v2\/media\/48548"}],"wp:attachment":[{"href":"https:\/\/filles-de-la-charite.org\/fr\/wp-json\/wp\/v2\/media?parent=48547"}],"wp:term":[{"taxonomy":"category","embeddable":true,"href":"https:\/\/filles-de-la-charite.org\/fr\/wp-json\/wp\/v2\/categories?post=48547"},{"taxonomy":"post_tag","embeddable":true,"href":"https:\/\/filles-de-la-charite.org\/fr\/wp-json\/wp\/v2\/tags?post=48547"}],"curies":[{"name":"wp","href":"https:\/\/api.w.org\/{rel}","templated":true}]}}