{"id":48821,"date":"2026-02-10T21:00:00","date_gmt":"2026-02-10T20:00:00","guid":{"rendered":"https:\/\/filles-de-la-charite.org\/?p=48821"},"modified":"2026-02-10T13:52:13","modified_gmt":"2026-02-10T12:52:13","slug":"una-mano-mas-es-una-victima-menos","status":"publish","type":"post","link":"https:\/\/filles-de-la-charite.org\/fr\/una-mano-mas-es-una-victima-menos\/","title":{"rendered":"Une main de plus, c\u2019est une victime de moins"},"content":{"rendered":"\n<p>L<strong>\u2019engagement des Filles de la Charit\u00e9 contre la traite en Colombie<\/strong><\/p>\n\n\n\n<p>Dans les \u00e9coles, les quartiers et les communaut\u00e9s \u00e9ducatives, les Filles de la Charit\u00e9 de Saint Vincent de Paul en Colombie continuent de tisser un r\u00e9seau de protection et de pr\u00e9vention face \u00e0 la traite des personnes. \u00c0 travers le <em>R\u00e9seau D\u00e9fenseurs de la Vie<\/em>, une initiative n\u00e9e en 2009, les Filles de la Charit\u00e9, les enseignants et les acteurs sociaux unissent leurs efforts pour prot\u00e9ger en particulier les enfants et les adolescents, les plus expos\u00e9s aux nouvelles formes de recrutement et d\u2019exploitation. Ce travail, r\u00e9cemment mis en lumi\u00e8re par <em>Vatican News<\/em>, repose sur une conviction claire : chaque geste de pr\u00e9vention est une chance de sauver une vie.<\/p>\n\n\n\n<figure class=\"wp-block-image size-large\"><img loading=\"lazy\" decoding=\"async\" width=\"1024\" height=\"576\" src=\"https:\/\/filles-de-la-charite.org\/wp-content\/uploads\/2026\/02\/WhatsApp-Image-2026-02-03-at-17.09.53-1024x576.jpeg\" alt=\"\" class=\"wp-image-48813\" srcset=\"https:\/\/filles-de-la-charite.org\/wp-content\/uploads\/2026\/02\/WhatsApp-Image-2026-02-03-at-17.09.53-1024x576.jpeg 1024w, https:\/\/filles-de-la-charite.org\/wp-content\/uploads\/2026\/02\/WhatsApp-Image-2026-02-03-at-17.09.53-980x551.jpeg 980w, https:\/\/filles-de-la-charite.org\/wp-content\/uploads\/2026\/02\/WhatsApp-Image-2026-02-03-at-17.09.53-480x270.jpeg 480w\" sizes=\"(min-width: 0px) and (max-width: 480px) 480px, (min-width: 481px) and (max-width: 980px) 980px, (min-width: 981px) 1024px, 100vw\" \/><\/figure>\n\n\n\n<p>Le R\u00e9seau d\u00e9veloppe des programmes de formation adapt\u00e9s aux diff\u00e9rents \u00e2ges et contextes, en associant p\u00e9dagogie, accompagnement et travail communautaire. Des propositions comme <em>Un voyage en faveur de la vie<\/em> ou <em>Les aventures d\u2019un navigateur<\/em> aident les plus jeunes \u00e0 identifier les situations \u00e0 risque, \u00e0 renforcer leur estime de soi et \u00e0 construire un projet de vie porteur de sens, tandis que les dipl\u00f4mes destin\u00e9s aux enseignants et les ateliers pour les familles renforcent les capacit\u00e9s de d\u00e9tection pr\u00e9coce et de r\u00e9ponse face aux situations de violence. Ainsi, la pr\u00e9vention devient une exp\u00e9rience partag\u00e9e de responsabilit\u00e9 et de soin.<\/p>\n\n\n\n<figure class=\"wp-block-image size-large\"><img loading=\"lazy\" decoding=\"async\" width=\"1024\" height=\"576\" src=\"https:\/\/filles-de-la-charite.org\/wp-content\/uploads\/2026\/02\/WhatsApp-Image-2026-02-03-at-17.11.52-1-1024x576.jpeg\" alt=\"\" class=\"wp-image-48816\" srcset=\"https:\/\/filles-de-la-charite.org\/wp-content\/uploads\/2026\/02\/WhatsApp-Image-2026-02-03-at-17.11.52-1-980x551.jpeg 980w, https:\/\/filles-de-la-charite.org\/wp-content\/uploads\/2026\/02\/WhatsApp-Image-2026-02-03-at-17.11.52-1-480x270.jpeg 480w\" sizes=\"(min-width: 0px) and (max-width: 480px) 480px, (min-width: 481px) and (max-width: 980px) 980px, (min-width: 981px) 1024px, 100vw\" \/><\/figure>\n\n\n\n<p>Inspir\u00e9es par le charisme vincentien et leur option pour les plus vuln\u00e9rables, les Filles de la Charit\u00e9 vivent cette mission comme une pr\u00e9sence constante l\u00e0 o\u00f9 la dignit\u00e9 humaine est menac\u00e9e. Le <em>R\u00e9seau D\u00e9fenseurs de la Vie<\/em> ne se contente pas de former et de sensibiliser : il cr\u00e9e des liens et une conscience collective, rappelant que la lutte contre la traite exige des mains unies, des regards attentifs et des communaut\u00e9s engag\u00e9es. Car, comme le rappelle le R\u00e9seau, <strong>une main de plus peut signifier une victime de moins<\/strong>.<\/p>\n\n\n\n<p><\/p>\n\n\n\n<p>Si vous souhaitez en savoir plus ou rejoindre le projet <strong>D\u00e9fenseurs de vies<\/strong>, contactez-nous :<br><strong>Courriel :<\/strong><a> defensoresdevidas@gmail.com<\/a><br><strong>WhatsApp :<\/strong> +57 310 613 5155<br><strong>R\u00e9seaux sociaux :<\/strong> Defensores de Vidas<br><strong>Site web :<\/strong><a href=\"http:\/\/www.tratadepersonas.org\"> www.tratadepersonas.org<\/a><\/p>\n","protected":false},"excerpt":{"rendered":"<p>L\u2019engagement des Filles de la Charit\u00e9 contre la traite en Colombie Dans les \u00e9coles, les quartiers et les communaut\u00e9s \u00e9ducatives, les Filles de la Charit\u00e9 de Saint Vincent de Paul en Colombie continuent de tisser un r\u00e9seau de protection et de pr\u00e9vention face \u00e0 la traite des personnes. \u00c0 travers le R\u00e9seau D\u00e9fenseurs de la [&hellip;]<\/p>\n","protected":false},"author":5,"featured_media":48822,"comment_status":"closed","ping_status":"closed","sticky":false,"template":"","format":"standard","meta":{"_acf_changed":false,"_et_pb_use_builder":"","_et_pb_old_content":"","_et_gb_content_width":"","footnotes":"","_links_to":"","_links_to_target":""},"categories":[921],"tags":[],"class_list":["post-48821","post","type-post","status-publish","format-standard","has-post-thumbnail","hentry","category-colombie"],"acf":[],"yoast_head":"<!-- This site is optimized with the Yoast SEO plugin v27.5 - https:\/\/yoast.com\/product\/yoast-seo-wordpress\/ -->\n<title>Une main de plus, c\u2019est une victime de moins - Filles de la Charit\u00e9<\/title>\n<meta name=\"robots\" content=\"index, follow, max-snippet:-1, max-image-preview:large, max-video-preview:-1\" \/>\n<link rel=\"canonical\" href=\"https:\/\/filles-de-la-charite.org\/fr\/una-mano-mas-es-una-victima-menos\/\" \/>\n<meta property=\"og:locale\" content=\"fr_FR\" \/>\n<meta property=\"og:type\" content=\"article\" \/>\n<meta property=\"og:title\" content=\"Une main de plus, c\u2019est une victime de moins - Filles de la Charit\u00e9\" \/>\n<meta property=\"og:description\" content=\"L\u2019engagement des Filles de la Charit\u00e9 contre la traite en Colombie Dans les \u00e9coles, les quartiers et les communaut\u00e9s \u00e9ducatives, les Filles de la Charit\u00e9 de Saint Vincent de Paul en Colombie continuent de tisser un r\u00e9seau de protection et de pr\u00e9vention face \u00e0 la traite des personnes. \u00c0 travers le R\u00e9seau D\u00e9fenseurs de la [&hellip;]\" \/>\n<meta property=\"og:url\" content=\"https:\/\/filles-de-la-charite.org\/fr\/una-mano-mas-es-una-victima-menos\/\" \/>\n<meta property=\"og:site_name\" content=\"Filles de la Charit\u00e9\" \/>\n<meta property=\"article:published_time\" content=\"2026-02-10T20:00:00+00:00\" \/>\n<meta property=\"og:image\" content=\"https:\/\/filles-de-la-charite.org\/wp-content\/uploads\/2026\/02\/WhatsApp-Image-2026-02-03-at-16.18.24.jpeg\" \/>\n\t<meta property=\"og:image:width\" content=\"1600\" \/>\n\t<meta property=\"og:image:height\" content=\"1066\" \/>\n\t<meta property=\"og:image:type\" content=\"image\/jpeg\" \/>\n<meta name=\"author\" content=\"SOR MARTA\" \/>\n<meta name=\"twitter:card\" content=\"summary_large_image\" \/>\n<meta name=\"twitter:label1\" content=\"\u00c9crit par\" \/>\n\t<meta name=\"twitter:data1\" content=\"SOR MARTA\" \/>\n\t<meta name=\"twitter:label2\" content=\"Dur\u00e9e de lecture estim\u00e9e\" \/>\n\t<meta name=\"twitter:data2\" content=\"3 minutes\" \/>\n<script type=\"application\/ld+json\" class=\"yoast-schema-graph\">{\"@context\":\"https:\\\/\\\/schema.org\",\"@graph\":[{\"@type\":\"Article\",\"@id\":\"https:\\\/\\\/filles-de-la-charite.org\\\/fr\\\/una-mano-mas-es-una-victima-menos\\\/#article\",\"isPartOf\":{\"@id\":\"https:\\\/\\\/filles-de-la-charite.org\\\/fr\\\/una-mano-mas-es-una-victima-menos\\\/\"},\"author\":{\"name\":\"SOR MARTA\",\"@id\":\"https:\\\/\\\/filles-de-la-charite.org\\\/fr\\\/#\\\/schema\\\/person\\\/0c922b6ca71280639858d297b3a7209f\"},\"headline\":\"Une main de plus, c\u2019est une victime de moins\",\"datePublished\":\"2026-02-10T20:00:00+00:00\",\"mainEntityOfPage\":{\"@id\":\"https:\\\/\\\/filles-de-la-charite.org\\\/fr\\\/una-mano-mas-es-una-victima-menos\\\/\"},\"wordCount\":379,\"publisher\":{\"@id\":\"https:\\\/\\\/filles-de-la-charite.org\\\/fr\\\/#organization\"},\"image\":{\"@id\":\"https:\\\/\\\/filles-de-la-charite.org\\\/fr\\\/una-mano-mas-es-una-victima-menos\\\/#primaryimage\"},\"thumbnailUrl\":\"https:\\\/\\\/filles-de-la-charite.org\\\/wp-content\\\/uploads\\\/2026\\\/02\\\/WhatsApp-Image-2026-02-03-at-16.18.24.jpeg\",\"articleSection\":[\"Colombie\"],\"inLanguage\":\"fr-FR\"},{\"@type\":\"WebPage\",\"@id\":\"https:\\\/\\\/filles-de-la-charite.org\\\/fr\\\/una-mano-mas-es-una-victima-menos\\\/\",\"url\":\"https:\\\/\\\/filles-de-la-charite.org\\\/fr\\\/una-mano-mas-es-una-victima-menos\\\/\",\"name\":\"Une main de plus, c\u2019est une victime de moins - Filles de la Charit\u00e9\",\"isPartOf\":{\"@id\":\"https:\\\/\\\/filles-de-la-charite.org\\\/fr\\\/#website\"},\"primaryImageOfPage\":{\"@id\":\"https:\\\/\\\/filles-de-la-charite.org\\\/fr\\\/una-mano-mas-es-una-victima-menos\\\/#primaryimage\"},\"image\":{\"@id\":\"https:\\\/\\\/filles-de-la-charite.org\\\/fr\\\/una-mano-mas-es-una-victima-menos\\\/#primaryimage\"},\"thumbnailUrl\":\"https:\\\/\\\/filles-de-la-charite.org\\\/wp-content\\\/uploads\\\/2026\\\/02\\\/WhatsApp-Image-2026-02-03-at-16.18.24.jpeg\",\"datePublished\":\"2026-02-10T20:00:00+00:00\",\"breadcrumb\":{\"@id\":\"https:\\\/\\\/filles-de-la-charite.org\\\/fr\\\/una-mano-mas-es-una-victima-menos\\\/#breadcrumb\"},\"inLanguage\":\"fr-FR\",\"potentialAction\":[{\"@type\":\"ReadAction\",\"target\":[\"https:\\\/\\\/filles-de-la-charite.org\\\/fr\\\/una-mano-mas-es-una-victima-menos\\\/\"]}]},{\"@type\":\"ImageObject\",\"inLanguage\":\"fr-FR\",\"@id\":\"https:\\\/\\\/filles-de-la-charite.org\\\/fr\\\/una-mano-mas-es-una-victima-menos\\\/#primaryimage\",\"url\":\"https:\\\/\\\/filles-de-la-charite.org\\\/wp-content\\\/uploads\\\/2026\\\/02\\\/WhatsApp-Image-2026-02-03-at-16.18.24.jpeg\",\"contentUrl\":\"https:\\\/\\\/filles-de-la-charite.org\\\/wp-content\\\/uploads\\\/2026\\\/02\\\/WhatsApp-Image-2026-02-03-at-16.18.24.jpeg\",\"width\":1600,\"height\":1066},{\"@type\":\"BreadcrumbList\",\"@id\":\"https:\\\/\\\/filles-de-la-charite.org\\\/fr\\\/una-mano-mas-es-una-victima-menos\\\/#breadcrumb\",\"itemListElement\":[{\"@type\":\"ListItem\",\"position\":1,\"name\":\"Colombie\",\"item\":\"https:\\\/\\\/filles-de-la-charite.org\\\/fr\\\/category\\\/colombie\\\/\"},{\"@type\":\"ListItem\",\"position\":2,\"name\":\"Une main de plus, c\u2019est une victime de moins\"}]},{\"@type\":\"WebSite\",\"@id\":\"https:\\\/\\\/filles-de-la-charite.org\\\/fr\\\/#website\",\"url\":\"https:\\\/\\\/filles-de-la-charite.org\\\/fr\\\/\",\"name\":\"Hijas de la Caridad\",\"description\":\"L\u2019amour de J\u00e9sus nous presse \u00e0 prendre soin des personnes les plus d\u00e9munies\",\"publisher\":{\"@id\":\"https:\\\/\\\/filles-de-la-charite.org\\\/fr\\\/#organization\"},\"potentialAction\":[{\"@type\":\"SearchAction\",\"target\":{\"@type\":\"EntryPoint\",\"urlTemplate\":\"https:\\\/\\\/filles-de-la-charite.org\\\/fr\\\/?s={search_term_string}\"},\"query-input\":{\"@type\":\"PropertyValueSpecification\",\"valueRequired\":true,\"valueName\":\"search_term_string\"}}],\"inLanguage\":\"fr-FR\"},{\"@type\":\"Organization\",\"@id\":\"https:\\\/\\\/filles-de-la-charite.org\\\/fr\\\/#organization\",\"name\":\"Hijas de la Caridad\",\"url\":\"https:\\\/\\\/filles-de-la-charite.org\\\/fr\\\/\",\"logo\":{\"@type\":\"ImageObject\",\"inLanguage\":\"fr-FR\",\"@id\":\"https:\\\/\\\/filles-de-la-charite.org\\\/fr\\\/#\\\/schema\\\/logo\\\/image\\\/\",\"url\":\"https:\\\/\\\/filles-de-la-charite.org\\\/wp-content\\\/uploads\\\/2023\\\/03\\\/isotipo-Hijas-de-la-Caridad.png\",\"contentUrl\":\"https:\\\/\\\/filles-de-la-charite.org\\\/wp-content\\\/uploads\\\/2023\\\/03\\\/isotipo-Hijas-de-la-Caridad.png\",\"width\":1417,\"height\":1417,\"caption\":\"Hijas de la Caridad\"},\"image\":{\"@id\":\"https:\\\/\\\/filles-de-la-charite.org\\\/fr\\\/#\\\/schema\\\/logo\\\/image\\\/\"}},{\"@type\":\"Person\",\"@id\":\"https:\\\/\\\/filles-de-la-charite.org\\\/fr\\\/#\\\/schema\\\/person\\\/0c922b6ca71280639858d297b3a7209f\",\"name\":\"SOR MARTA\",\"image\":{\"@type\":\"ImageObject\",\"inLanguage\":\"fr-FR\",\"@id\":\"https:\\\/\\\/secure.gravatar.com\\\/avatar\\\/d2c45b0fd6bf2d3e2670ab3d112257c24ac80fa960360bba1bdc0676485d1d09?s=96&d=mm&r=g\",\"url\":\"https:\\\/\\\/secure.gravatar.com\\\/avatar\\\/d2c45b0fd6bf2d3e2670ab3d112257c24ac80fa960360bba1bdc0676485d1d09?s=96&d=mm&r=g\",\"contentUrl\":\"https:\\\/\\\/secure.gravatar.com\\\/avatar\\\/d2c45b0fd6bf2d3e2670ab3d112257c24ac80fa960360bba1bdc0676485d1d09?s=96&d=mm&r=g\",\"caption\":\"SOR MARTA\"},\"url\":\"https:\\\/\\\/filles-de-la-charite.org\\\/fr\\\/author\\\/martaemn\\\/\"}]}<\/script>\n<!-- \/ Yoast SEO plugin. -->","yoast_head_json":{"title":"Une main de plus, c\u2019est une victime de moins - Filles de la Charit\u00e9","robots":{"index":"index","follow":"follow","max-snippet":"max-snippet:-1","max-image-preview":"max-image-preview:large","max-video-preview":"max-video-preview:-1"},"canonical":"https:\/\/filles-de-la-charite.org\/fr\/una-mano-mas-es-una-victima-menos\/","og_locale":"fr_FR","og_type":"article","og_title":"Une main de plus, c\u2019est une victime de moins - Filles de la Charit\u00e9","og_description":"L\u2019engagement des Filles de la Charit\u00e9 contre la traite en Colombie Dans les \u00e9coles, les quartiers et les communaut\u00e9s \u00e9ducatives, les Filles de la Charit\u00e9 de Saint Vincent de Paul en Colombie continuent de tisser un r\u00e9seau de protection et de pr\u00e9vention face \u00e0 la traite des personnes. \u00c0 travers le R\u00e9seau D\u00e9fenseurs de la [&hellip;]","og_url":"https:\/\/filles-de-la-charite.org\/fr\/una-mano-mas-es-una-victima-menos\/","og_site_name":"Filles de la Charit\u00e9","article_published_time":"2026-02-10T20:00:00+00:00","og_image":[{"width":1600,"height":1066,"url":"https:\/\/filles-de-la-charite.org\/wp-content\/uploads\/2026\/02\/WhatsApp-Image-2026-02-03-at-16.18.24.jpeg","type":"image\/jpeg"}],"author":"SOR MARTA","twitter_card":"summary_large_image","twitter_misc":{"\u00c9crit par":"SOR MARTA","Dur\u00e9e de lecture estim\u00e9e":"3 minutes"},"schema":{"@context":"https:\/\/schema.org","@graph":[{"@type":"Article","@id":"https:\/\/filles-de-la-charite.org\/fr\/una-mano-mas-es-una-victima-menos\/#article","isPartOf":{"@id":"https:\/\/filles-de-la-charite.org\/fr\/una-mano-mas-es-una-victima-menos\/"},"author":{"name":"SOR MARTA","@id":"https:\/\/filles-de-la-charite.org\/fr\/#\/schema\/person\/0c922b6ca71280639858d297b3a7209f"},"headline":"Une main de plus, c\u2019est une victime de moins","datePublished":"2026-02-10T20:00:00+00:00","mainEntityOfPage":{"@id":"https:\/\/filles-de-la-charite.org\/fr\/una-mano-mas-es-una-victima-menos\/"},"wordCount":379,"publisher":{"@id":"https:\/\/filles-de-la-charite.org\/fr\/#organization"},"image":{"@id":"https:\/\/filles-de-la-charite.org\/fr\/una-mano-mas-es-una-victima-menos\/#primaryimage"},"thumbnailUrl":"https:\/\/filles-de-la-charite.org\/wp-content\/uploads\/2026\/02\/WhatsApp-Image-2026-02-03-at-16.18.24.jpeg","articleSection":["Colombie"],"inLanguage":"fr-FR"},{"@type":"WebPage","@id":"https:\/\/filles-de-la-charite.org\/fr\/una-mano-mas-es-una-victima-menos\/","url":"https:\/\/filles-de-la-charite.org\/fr\/una-mano-mas-es-una-victima-menos\/","name":"Une main de plus, c\u2019est une victime de moins - Filles de la Charit\u00e9","isPartOf":{"@id":"https:\/\/filles-de-la-charite.org\/fr\/#website"},"primaryImageOfPage":{"@id":"https:\/\/filles-de-la-charite.org\/fr\/una-mano-mas-es-una-victima-menos\/#primaryimage"},"image":{"@id":"https:\/\/filles-de-la-charite.org\/fr\/una-mano-mas-es-una-victima-menos\/#primaryimage"},"thumbnailUrl":"https:\/\/filles-de-la-charite.org\/wp-content\/uploads\/2026\/02\/WhatsApp-Image-2026-02-03-at-16.18.24.jpeg","datePublished":"2026-02-10T20:00:00+00:00","breadcrumb":{"@id":"https:\/\/filles-de-la-charite.org\/fr\/una-mano-mas-es-una-victima-menos\/#breadcrumb"},"inLanguage":"fr-FR","potentialAction":[{"@type":"ReadAction","target":["https:\/\/filles-de-la-charite.org\/fr\/una-mano-mas-es-una-victima-menos\/"]}]},{"@type":"ImageObject","inLanguage":"fr-FR","@id":"https:\/\/filles-de-la-charite.org\/fr\/una-mano-mas-es-una-victima-menos\/#primaryimage","url":"https:\/\/filles-de-la-charite.org\/wp-content\/uploads\/2026\/02\/WhatsApp-Image-2026-02-03-at-16.18.24.jpeg","contentUrl":"https:\/\/filles-de-la-charite.org\/wp-content\/uploads\/2026\/02\/WhatsApp-Image-2026-02-03-at-16.18.24.jpeg","width":1600,"height":1066},{"@type":"BreadcrumbList","@id":"https:\/\/filles-de-la-charite.org\/fr\/una-mano-mas-es-una-victima-menos\/#breadcrumb","itemListElement":[{"@type":"ListItem","position":1,"name":"Colombie","item":"https:\/\/filles-de-la-charite.org\/fr\/category\/colombie\/"},{"@type":"ListItem","position":2,"name":"Une main de plus, c\u2019est une victime de moins"}]},{"@type":"WebSite","@id":"https:\/\/filles-de-la-charite.org\/fr\/#website","url":"https:\/\/filles-de-la-charite.org\/fr\/","name":"Hijas de la Caridad","description":"L\u2019amour de J\u00e9sus nous presse \u00e0 prendre soin des personnes les plus d\u00e9munies","publisher":{"@id":"https:\/\/filles-de-la-charite.org\/fr\/#organization"},"potentialAction":[{"@type":"SearchAction","target":{"@type":"EntryPoint","urlTemplate":"https:\/\/filles-de-la-charite.org\/fr\/?s={search_term_string}"},"query-input":{"@type":"PropertyValueSpecification","valueRequired":true,"valueName":"search_term_string"}}],"inLanguage":"fr-FR"},{"@type":"Organization","@id":"https:\/\/filles-de-la-charite.org\/fr\/#organization","name":"Hijas de la Caridad","url":"https:\/\/filles-de-la-charite.org\/fr\/","logo":{"@type":"ImageObject","inLanguage":"fr-FR","@id":"https:\/\/filles-de-la-charite.org\/fr\/#\/schema\/logo\/image\/","url":"https:\/\/filles-de-la-charite.org\/wp-content\/uploads\/2023\/03\/isotipo-Hijas-de-la-Caridad.png","contentUrl":"https:\/\/filles-de-la-charite.org\/wp-content\/uploads\/2023\/03\/isotipo-Hijas-de-la-Caridad.png","width":1417,"height":1417,"caption":"Hijas de la Caridad"},"image":{"@id":"https:\/\/filles-de-la-charite.org\/fr\/#\/schema\/logo\/image\/"}},{"@type":"Person","@id":"https:\/\/filles-de-la-charite.org\/fr\/#\/schema\/person\/0c922b6ca71280639858d297b3a7209f","name":"SOR MARTA","image":{"@type":"ImageObject","inLanguage":"fr-FR","@id":"https:\/\/secure.gravatar.com\/avatar\/d2c45b0fd6bf2d3e2670ab3d112257c24ac80fa960360bba1bdc0676485d1d09?s=96&d=mm&r=g","url":"https:\/\/secure.gravatar.com\/avatar\/d2c45b0fd6bf2d3e2670ab3d112257c24ac80fa960360bba1bdc0676485d1d09?s=96&d=mm&r=g","contentUrl":"https:\/\/secure.gravatar.com\/avatar\/d2c45b0fd6bf2d3e2670ab3d112257c24ac80fa960360bba1bdc0676485d1d09?s=96&d=mm&r=g","caption":"SOR MARTA"},"url":"https:\/\/filles-de-la-charite.org\/fr\/author\/martaemn\/"}]}},"_links":{"self":[{"href":"https:\/\/filles-de-la-charite.org\/fr\/wp-json\/wp\/v2\/posts\/48821","targetHints":{"allow":["GET"]}}],"collection":[{"href":"https:\/\/filles-de-la-charite.org\/fr\/wp-json\/wp\/v2\/posts"}],"about":[{"href":"https:\/\/filles-de-la-charite.org\/fr\/wp-json\/wp\/v2\/types\/post"}],"author":[{"embeddable":true,"href":"https:\/\/filles-de-la-charite.org\/fr\/wp-json\/wp\/v2\/users\/5"}],"replies":[{"embeddable":true,"href":"https:\/\/filles-de-la-charite.org\/fr\/wp-json\/wp\/v2\/comments?post=48821"}],"version-history":[{"count":2,"href":"https:\/\/filles-de-la-charite.org\/fr\/wp-json\/wp\/v2\/posts\/48821\/revisions"}],"predecessor-version":[{"id":48855,"href":"https:\/\/filles-de-la-charite.org\/fr\/wp-json\/wp\/v2\/posts\/48821\/revisions\/48855"}],"wp:featuredmedia":[{"embeddable":true,"href":"https:\/\/filles-de-la-charite.org\/fr\/wp-json\/wp\/v2\/media\/48822"}],"wp:attachment":[{"href":"https:\/\/filles-de-la-charite.org\/fr\/wp-json\/wp\/v2\/media?parent=48821"}],"wp:term":[{"taxonomy":"category","embeddable":true,"href":"https:\/\/filles-de-la-charite.org\/fr\/wp-json\/wp\/v2\/categories?post=48821"},{"taxonomy":"post_tag","embeddable":true,"href":"https:\/\/filles-de-la-charite.org\/fr\/wp-json\/wp\/v2\/tags?post=48821"}],"curies":[{"name":"wp","href":"https:\/\/api.w.org\/{rel}","templated":true}]}}